{"id":69067,"date":"2018-11-14T19:48:28","date_gmt":"2018-11-14T22:48:28","guid":{"rendered":"http:\/\/www.padreydecano.com\/cms\/?p=69067"},"modified":"2018-11-20T18:17:04","modified_gmt":"2018-11-20T21:17:04","slug":"los-que-vienen-y-los-que-se-van","status":"publish","type":"post","link":"https:\/\/www.padreydecano.com\/cms\/noticias\/los-que-vienen-y-los-que-se-van\/","title":{"rendered":"Los que vienen y los que se van"},"content":{"rendered":"<p><a href=\"https:\/\/www.padreydecano.com\/cms\/wp-content\/uploads\/2018\/11\/quintana-albarracin-cachila-viatri.jpg\" rel=\"shadowbox[sbpost-69067];player=img;\"><img loading=\"lazy\" decoding=\"async\" class=\"aligncenter wp-image-69069 size-full\" src=\"https:\/\/www.padreydecano.com\/cms\/wp-content\/uploads\/2018\/11\/quintana-albarracin-cachila-viatri.jpg\" alt=\"\" width=\"1280\" height=\"720\" srcset=\"https:\/\/www.padreydecano.com\/cms\/wp-content\/uploads\/2018\/11\/quintana-albarracin-cachila-viatri.jpg 1280w, https:\/\/www.padreydecano.com\/cms\/wp-content\/uploads\/2018\/11\/quintana-albarracin-cachila-viatri-600x338.jpg 600w, https:\/\/www.padreydecano.com\/cms\/wp-content\/uploads\/2018\/11\/quintana-albarracin-cachila-viatri-768x432.jpg 768w, https:\/\/www.padreydecano.com\/cms\/wp-content\/uploads\/2018\/11\/quintana-albarracin-cachila-viatri-1024x576.jpg 1024w\" sizes=\"(max-width: 1280px) 100vw, 1280px\" \/><\/a><\/p>\n<p style=\"text-align: justify;\"><strong>Pe\u00f1arol sigue festejando el Campeonato Uruguayo n\u00famero 52, los futbolistas y el cuerpo t\u00e9cnico retornaron a los trabajos en el Complejo Washington Cataldi para luego disfrutar del tradicional asado post consagraci\u00f3n. La pr\u00f3xima semana se reunir\u00e1 la Gerencia deportiva, el Director de gesti\u00f3n y la Comisi\u00f3n de f\u00fatbol para comenzar a delinear el pr\u00f3ximo a\u00f1o.<\/strong><\/p>\n<p style=\"text-align: justify;\">Los contratos que finalizan en Pe\u00f1arol son los de Fabi\u00e1n Estoyanoff, Marcel Novick, Rodrigo Rojo, Agust\u00edn Canobbio, Maximiliano Rodr\u00edguez, Lucas Viatri, Carlos Matheu, Carlos Rodr\u00edguez y Rodrigo Pi\u00f1eiro. Todos los casos ser\u00e1n analizados, incluso Gonzalo Freitas podr\u00eda salir a pr\u00e9stamo. <strong>Matheu no continuar\u00e1<\/strong> en el club y <strong>son prioritarias las renovaciones de Estoyanoff, Viatri y Carlos Rodr\u00edguez,<\/strong> pero a\u00fan no hay nada decidido.<\/p>\n<p style=\"text-align: justify;\"><strong>Ram\u00f3n Arias<\/strong> tiene posibilidades de volver al Decano del F\u00fatbol Uruguayo, pero antes debe rescindir su vinculo en medio oriente. Tambi\u00e9n hay que revisar cu\u00e1nto se le puede abonar al jugador en caso de que retornase al club. Adem\u00e1s existe una extensa lista de jugadores a pr\u00e9stamo que pueden ser refuerzos para el Pe\u00f1arol 2019, no todos ser\u00e1n tenidos en cuenta (algunos vuelven en enero y otros en julio).<\/p>\n<p style=\"text-align: justify;\">Yeferson Quintana (zaguero), Gast\u00f3n Rodr\u00edguez (delantero), Agust\u00edn D\u00e1vila (delantero), Federico Ant\u00fanez (zaguero), Nicol\u00e1s Albarrac\u00edn (volante ofensivo), Gast\u00f3n Vitancurt (volante ofensivo), Luis Iv\u00e1n Cart\u00e9s (arquero), Mauro Brasil (zaguero), \u00c1ngel Rodr\u00edguez (volante central), Hern\u00e1n Petryk (lateral derecho), Miguel Merentiel (volante ofensivo), Juan Mart\u00edn Boselli (delantero) y Fabricio Buschiazzo (zaguero) son jugadores aurinegros.<\/p>\n<p style=\"text-align: justify;\">A su vez Math\u00edas Corujo para el mes de enero tendr\u00e1 muy avanzada su recuperaci\u00f3n y realizar\u00e1 la pretemporada con el plantel, conform\u00e1ndose en una nueva alta para el 2019.<\/p>\n<p style=\"text-align: justify;\">En la reuni\u00f3n de la Comisi\u00f3n de f\u00fatbol (Sergio Perrone, Carlos Scherschener, Mart\u00edn Fleitas, Nicol\u00e1s Ghizzo, Julio Herrera y Julio Liguori) con Carlos S\u00e1nchez (Gerente deportivo) y Jos\u00e9 Brancato (Director de gesti\u00f3n), comenzar\u00e1 a delinearse qu\u00e9 contratos se renovar\u00e1n, qu\u00e9 jugadores volver\u00e1n a la instituci\u00f3n y por supuesto las incorporaciones.<\/p>\n<div class=\"user-wrapper\"><a class=\"userlink\" href=\"https:\/\/twitter.com\/wilsonmendez86\" target=\"_blank\"><figure><img decoding=\"async\" src=\"http:\/\/www.padreydecano.com\/cms\/wp-users-files\/postfirmas\/wilsonmendez86.jpg\" \/><\/figure><p class=\"user\"><strong>Wilson M&eacute;ndez<\/strong><br \/>@wilsonmendez86<\/p><\/a><\/div>\n","protected":false},"excerpt":{"rendered":"<p>Pe\u00f1arol sigue festejando el Campeonato Uruguayo n\u00famero 52, los futbolistas y el cuerpo t\u00e9cnico retornaron a los trabajos en el Complejo Washington Cataldi para luego disfrutar del tradicional asado post consagraci\u00f3n. La pr\u00f3xima semana se reunir\u00e1 la Gerencia deportiva, el Director de gesti\u00f3n y la Comisi\u00f3n de f\u00fatbol para comenzar a delinear el pr\u00f3ximo a\u00f1o. [&hellip;]<\/p>\n","protected":false},"author":5,"featured_media":69069,"comment_status":"open","ping_status":"closed","sticky":false,"template":"","format":"standard","meta":{"footnotes":""},"categories":[1],"tags":[],"yoast_head":"<!-- This site is optimized with the Yoast SEO plugin v23.2 - https:\/\/yoast.com\/wordpress\/plugins\/seo\/ -->\n<title>Los que vienen y los que se van - Padre y Decano - El Sitio del Pueblo<\/title>\n<meta name=\"robots\" content=\"index, follow, max-snippet:-1, max-image-preview:large, max-video-preview:-1\" \/>\n<link rel=\"canonical\" href=\"https:\/\/www.padreydecano.com\/cms\/noticias\/los-que-vienen-y-los-que-se-van\/\" \/>\n<meta property=\"og:locale\" content=\"es_ES\" \/>\n<meta property=\"og:type\" content=\"article\" \/>\n<meta property=\"og:title\" content=\"Los que vienen y los que se van - Padre y Decano - El Sitio del Pueblo\" \/>\n<meta property=\"og:description\" content=\"Pe\u00f1arol sigue festejando el Campeonato Uruguayo n\u00famero 52, los futbolistas y el cuerpo t\u00e9cnico retornaron a los trabajos en el Complejo Washington Cataldi para luego disfrutar del tradicional asado post consagraci\u00f3n. La pr\u00f3xima semana se reunir\u00e1 la Gerencia deportiva, el Director de gesti\u00f3n y la Comisi\u00f3n de f\u00fatbol para comenzar a delinear el pr\u00f3ximo a\u00f1o. [&hellip;]\" \/>\n<meta property=\"og:url\" content=\"https:\/\/www.padreydecano.com\/cms\/noticias\/los-que-vienen-y-los-que-se-van\/\" \/>\n<meta property=\"og:site_name\" content=\"Padre y Decano - El Sitio del Pueblo\" \/>\n<meta property=\"article:published_time\" content=\"2018-11-14T22:48:28+00:00\" \/>\n<meta property=\"article:modified_time\" content=\"2018-11-20T21:17:04+00:00\" \/>\n<meta property=\"og:image\" content=\"https:\/\/www.padreydecano.com\/cms\/wp-content\/uploads\/2018\/11\/quintana-albarracin-cachila-viatri.jpg\" \/>\n\t<meta property=\"og:image:width\" content=\"1280\" \/>\n\t<meta property=\"og:image:height\" content=\"720\" \/>\n\t<meta property=\"og:image:type\" content=\"image\/jpeg\" \/>\n<meta name=\"author\" content=\"Emirona07\" \/>\n<meta name=\"twitter:card\" content=\"summary_large_image\" \/>\n<meta name=\"twitter:label1\" content=\"Escrito por\" \/>\n\t<meta name=\"twitter:data1\" content=\"Emirona07\" \/>\n\t<meta name=\"twitter:label2\" content=\"Tiempo de lectura\" \/>\n\t<meta name=\"twitter:data2\" content=\"2 minutos\" \/>\n<script type=\"application\/ld+json\" class=\"yoast-schema-graph\">{\"@context\":\"https:\/\/schema.org\",\"@graph\":[{\"@type\":\"Article\",\"@id\":\"https:\/\/www.padreydecano.com\/cms\/noticias\/los-que-vienen-y-los-que-se-van\/#article\",\"isPartOf\":{\"@id\":\"https:\/\/www.padreydecano.com\/cms\/noticias\/los-que-vienen-y-los-que-se-van\/\"},\"author\":{\"name\":\"Emirona07\",\"@id\":\"https:\/\/www.padreydecano.com\/cms\/#\/schema\/person\/51e0214db654d9624824b37c2838bb65\"},\"headline\":\"Los que vienen y los que se van\",\"datePublished\":\"2018-11-14T22:48:28+00:00\",\"dateModified\":\"2018-11-20T21:17:04+00:00\",\"mainEntityOfPage\":{\"@id\":\"https:\/\/www.padreydecano.com\/cms\/noticias\/los-que-vienen-y-los-que-se-van\/\"},\"wordCount\":378,\"commentCount\":143,\"publisher\":{\"@id\":\"https:\/\/www.padreydecano.com\/cms\/#organization\"},\"image\":{\"@id\":\"https:\/\/www.padreydecano.com\/cms\/noticias\/los-que-vienen-y-los-que-se-van\/#primaryimage\"},\"thumbnailUrl\":\"https:\/\/www.padreydecano.com\/cms\/wp-content\/uploads\/2018\/11\/quintana-albarracin-cachila-viatri.jpg\",\"articleSection\":[\"Noticias\"],\"inLanguage\":\"es\",\"potentialAction\":[{\"@type\":\"CommentAction\",\"name\":\"Comment\",\"target\":[\"https:\/\/www.padreydecano.com\/cms\/noticias\/los-que-vienen-y-los-que-se-van\/#respond\"]}]},{\"@type\":\"WebPage\",\"@id\":\"https:\/\/www.padreydecano.com\/cms\/noticias\/los-que-vienen-y-los-que-se-van\/\",\"url\":\"https:\/\/www.padreydecano.com\/cms\/noticias\/los-que-vienen-y-los-que-se-van\/\",\"name\":\"Los que vienen y los que se van - Padre y Decano - El Sitio del Pueblo\",\"isPartOf\":{\"@id\":\"https:\/\/www.padreydecano.com\/cms\/#website\"},\"primaryImageOfPage\":{\"@id\":\"https:\/\/www.padreydecano.com\/cms\/noticias\/los-que-vienen-y-los-que-se-van\/#primaryimage\"},\"image\":{\"@id\":\"https:\/\/www.padreydecano.com\/cms\/noticias\/los-que-vienen-y-los-que-se-van\/#primaryimage\"},\"thumbnailUrl\":\"https:\/\/www.padreydecano.com\/cms\/wp-content\/uploads\/2018\/11\/quintana-albarracin-cachila-viatri.jpg\",\"datePublished\":\"2018-11-14T22:48:28+00:00\",\"dateModified\":\"2018-11-20T21:17:04+00:00\",\"breadcrumb\":{\"@id\":\"https:\/\/www.padreydecano.com\/cms\/noticias\/los-que-vienen-y-los-que-se-van\/#breadcrumb\"},\"inLanguage\":\"es\",\"potentialAction\":[{\"@type\":\"ReadAction\",\"target\":[\"https:\/\/www.padreydecano.com\/cms\/noticias\/los-que-vienen-y-los-que-se-van\/\"]}]},{\"@type\":\"ImageObject\",\"inLanguage\":\"es\",\"@id\":\"https:\/\/www.padreydecano.com\/cms\/noticias\/los-que-vienen-y-los-que-se-van\/#primaryimage\",\"url\":\"https:\/\/www.padreydecano.com\/cms\/wp-content\/uploads\/2018\/11\/quintana-albarracin-cachila-viatri.jpg\",\"contentUrl\":\"https:\/\/www.padreydecano.com\/cms\/wp-content\/uploads\/2018\/11\/quintana-albarracin-cachila-viatri.jpg\",\"width\":1280,\"height\":720},{\"@type\":\"BreadcrumbList\",\"@id\":\"https:\/\/www.padreydecano.com\/cms\/noticias\/los-que-vienen-y-los-que-se-van\/#breadcrumb\",\"itemListElement\":[{\"@type\":\"ListItem\",\"position\":1,\"name\":\"Portada\",\"item\":\"https:\/\/www.padreydecano.com\/cms\/\"},{\"@type\":\"ListItem\",\"position\":2,\"name\":\"Los que vienen y los que se van\"}]},{\"@type\":\"WebSite\",\"@id\":\"https:\/\/www.padreydecano.com\/cms\/#website\",\"url\":\"https:\/\/www.padreydecano.com\/cms\/\",\"name\":\"Padre y Decano - El Sitio del Pueblo\",\"description\":\"Club Atl\u00e9tico Pe\u00f1arol\",\"publisher\":{\"@id\":\"https:\/\/www.padreydecano.com\/cms\/#organization\"},\"potentialAction\":[{\"@type\":\"SearchAction\",\"target\":{\"@type\":\"EntryPoint\",\"urlTemplate\":\"https:\/\/www.padreydecano.com\/cms\/?s={search_term_string}\"},\"query-input\":\"required name=search_term_string\"}],\"inLanguage\":\"es\"},{\"@type\":\"Organization\",\"@id\":\"https:\/\/www.padreydecano.com\/cms\/#organization\",\"name\":\"Padre y Decano\",\"url\":\"https:\/\/www.padreydecano.com\/cms\/\",\"logo\":{\"@type\":\"ImageObject\",\"inLanguage\":\"es\",\"@id\":\"https:\/\/www.padreydecano.com\/cms\/#\/schema\/logo\/image\/\",\"url\":\"https:\/\/www.padreydecano.com\/cms\/wp-content\/uploads\/2022\/01\/avatar-square.png\",\"contentUrl\":\"https:\/\/www.padreydecano.com\/cms\/wp-content\/uploads\/2022\/01\/avatar-square.png\",\"width\":1500,\"height\":1500,\"caption\":\"Padre y Decano\"},\"image\":{\"@id\":\"https:\/\/www.padreydecano.com\/cms\/#\/schema\/logo\/image\/\"}},{\"@type\":\"Person\",\"@id\":\"https:\/\/www.padreydecano.com\/cms\/#\/schema\/person\/51e0214db654d9624824b37c2838bb65\",\"name\":\"Emirona07\",\"image\":{\"@type\":\"ImageObject\",\"inLanguage\":\"es\",\"@id\":\"https:\/\/www.padreydecano.com\/cms\/#\/schema\/person\/image\/\",\"url\":\"https:\/\/secure.gravatar.com\/avatar\/93c9118dbd5373a8a065bb5cdddde6bf?s=96&d=https%3A%2F%2Fpadreydecano.com%2Fcms%2Fwp-content%2Fthemes%2Fpyd-theme%2Fimg%2Fdefault-avatar.png&r=g\",\"contentUrl\":\"https:\/\/secure.gravatar.com\/avatar\/93c9118dbd5373a8a065bb5cdddde6bf?s=96&d=https%3A%2F%2Fpadreydecano.com%2Fcms%2Fwp-content%2Fthemes%2Fpyd-theme%2Fimg%2Fdefault-avatar.png&r=g\",\"caption\":\"Emirona07\"}}]}<\/script>\n<!-- \/ Yoast SEO plugin. -->","yoast_head_json":{"title":"Los que vienen y los que se van - Padre y Decano - El Sitio del Pueblo","robots":{"index":"index","follow":"follow","max-snippet":"max-snippet:-1","max-image-preview":"max-image-preview:large","max-video-preview":"max-video-preview:-1"},"canonical":"https:\/\/www.padreydecano.com\/cms\/noticias\/los-que-vienen-y-los-que-se-van\/","og_locale":"es_ES","og_type":"article","og_title":"Los que vienen y los que se van - Padre y Decano - El Sitio del Pueblo","og_description":"Pe\u00f1arol sigue festejando el Campeonato Uruguayo n\u00famero 52, los futbolistas y el cuerpo t\u00e9cnico retornaron a los trabajos en el Complejo Washington Cataldi para luego disfrutar del tradicional asado post consagraci\u00f3n. La pr\u00f3xima semana se reunir\u00e1 la Gerencia deportiva, el Director de gesti\u00f3n y la Comisi\u00f3n de f\u00fatbol para comenzar a delinear el pr\u00f3ximo a\u00f1o. [&hellip;]","og_url":"https:\/\/www.padreydecano.com\/cms\/noticias\/los-que-vienen-y-los-que-se-van\/","og_site_name":"Padre y Decano - El Sitio del Pueblo","article_published_time":"2018-11-14T22:48:28+00:00","article_modified_time":"2018-11-20T21:17:04+00:00","og_image":[{"width":1280,"height":720,"url":"https:\/\/www.padreydecano.com\/cms\/wp-content\/uploads\/2018\/11\/quintana-albarracin-cachila-viatri.jpg","type":"image\/jpeg"}],"author":"Emirona07","twitter_card":"summary_large_image","twitter_misc":{"Escrito por":"Emirona07","Tiempo de lectura":"2 minutos"},"schema":{"@context":"https:\/\/schema.org","@graph":[{"@type":"Article","@id":"https:\/\/www.padreydecano.com\/cms\/noticias\/los-que-vienen-y-los-que-se-van\/#article","isPartOf":{"@id":"https:\/\/www.padreydecano.com\/cms\/noticias\/los-que-vienen-y-los-que-se-van\/"},"author":{"name":"Emirona07","@id":"https:\/\/www.padreydecano.com\/cms\/#\/schema\/person\/51e0214db654d9624824b37c2838bb65"},"headline":"Los que vienen y los que se van","datePublished":"2018-11-14T22:48:28+00:00","dateModified":"2018-11-20T21:17:04+00:00","mainEntityOfPage":{"@id":"https:\/\/www.padreydecano.com\/cms\/noticias\/los-que-vienen-y-los-que-se-van\/"},"wordCount":378,"commentCount":143,"publisher":{"@id":"https:\/\/www.padreydecano.com\/cms\/#organization"},"image":{"@id":"https:\/\/www.padreydecano.com\/cms\/noticias\/los-que-vienen-y-los-que-se-van\/#primaryimage"},"thumbnailUrl":"https:\/\/www.padreydecano.com\/cms\/wp-content\/uploads\/2018\/11\/quintana-albarracin-cachila-viatri.jpg","articleSection":["Noticias"],"inLanguage":"es","potentialAction":[{"@type":"CommentAction","name":"Comment","target":["https:\/\/www.padreydecano.com\/cms\/noticias\/los-que-vienen-y-los-que-se-van\/#respond"]}]},{"@type":"WebPage","@id":"https:\/\/www.padreydecano.com\/cms\/noticias\/los-que-vienen-y-los-que-se-van\/","url":"https:\/\/www.padreydecano.com\/cms\/noticias\/los-que-vienen-y-los-que-se-van\/","name":"Los que vienen y los que se van - Padre y Decano - El Sitio del Pueblo","isPartOf":{"@id":"https:\/\/www.padreydecano.com\/cms\/#website"},"primaryImageOfPage":{"@id":"https:\/\/www.padreydecano.com\/cms\/noticias\/los-que-vienen-y-los-que-se-van\/#primaryimage"},"image":{"@id":"https:\/\/www.padreydecano.com\/cms\/noticias\/los-que-vienen-y-los-que-se-van\/#primaryimage"},"thumbnailUrl":"https:\/\/www.padreydecano.com\/cms\/wp-content\/uploads\/2018\/11\/quintana-albarracin-cachila-viatri.jpg","datePublished":"2018-11-14T22:48:28+00:00","dateModified":"2018-11-20T21:17:04+00:00","breadcrumb":{"@id":"https:\/\/www.padreydecano.com\/cms\/noticias\/los-que-vienen-y-los-que-se-van\/#breadcrumb"},"inLanguage":"es","potentialAction":[{"@type":"ReadAction","target":["https:\/\/www.padreydecano.com\/cms\/noticias\/los-que-vienen-y-los-que-se-van\/"]}]},{"@type":"ImageObject","inLanguage":"es","@id":"https:\/\/www.padreydecano.com\/cms\/noticias\/los-que-vienen-y-los-que-se-van\/#primaryimage","url":"https:\/\/www.padreydecano.com\/cms\/wp-content\/uploads\/2018\/11\/quintana-albarracin-cachila-viatri.jpg","contentUrl":"https:\/\/www.padreydecano.com\/cms\/wp-content\/uploads\/2018\/11\/quintana-albarracin-cachila-viatri.jpg","width":1280,"height":720},{"@type":"BreadcrumbList","@id":"https:\/\/www.padreydecano.com\/cms\/noticias\/los-que-vienen-y-los-que-se-van\/#breadcrumb","itemListElement":[{"@type":"ListItem","position":1,"name":"Portada","item":"https:\/\/www.padreydecano.com\/cms\/"},{"@type":"ListItem","position":2,"name":"Los que vienen y los que se van"}]},{"@type":"WebSite","@id":"https:\/\/www.padreydecano.com\/cms\/#website","url":"https:\/\/www.padreydecano.com\/cms\/","name":"Padre y Decano - El Sitio del Pueblo","description":"Club Atl\u00e9tico Pe\u00f1arol","publisher":{"@id":"https:\/\/www.padreydecano.com\/cms\/#organization"},"potentialAction":[{"@type":"SearchAction","target":{"@type":"EntryPoint","urlTemplate":"https:\/\/www.padreydecano.com\/cms\/?s={search_term_string}"},"query-input":"required name=search_term_string"}],"inLanguage":"es"},{"@type":"Organization","@id":"https:\/\/www.padreydecano.com\/cms\/#organization","name":"Padre y Decano","url":"https:\/\/www.padreydecano.com\/cms\/","logo":{"@type":"ImageObject","inLanguage":"es","@id":"https:\/\/www.padreydecano.com\/cms\/#\/schema\/logo\/image\/","url":"https:\/\/www.padreydecano.com\/cms\/wp-content\/uploads\/2022\/01\/avatar-square.png","contentUrl":"https:\/\/www.padreydecano.com\/cms\/wp-content\/uploads\/2022\/01\/avatar-square.png","width":1500,"height":1500,"caption":"Padre y Decano"},"image":{"@id":"https:\/\/www.padreydecano.com\/cms\/#\/schema\/logo\/image\/"}},{"@type":"Person","@id":"https:\/\/www.padreydecano.com\/cms\/#\/schema\/person\/51e0214db654d9624824b37c2838bb65","name":"Emirona07","image":{"@type":"ImageObject","inLanguage":"es","@id":"https:\/\/www.padreydecano.com\/cms\/#\/schema\/person\/image\/","url":"https:\/\/secure.gravatar.com\/avatar\/93c9118dbd5373a8a065bb5cdddde6bf?s=96&d=https%3A%2F%2Fpadreydecano.com%2Fcms%2Fwp-content%2Fthemes%2Fpyd-theme%2Fimg%2Fdefault-avatar.png&r=g","contentUrl":"https:\/\/secure.gravatar.com\/avatar\/93c9118dbd5373a8a065bb5cdddde6bf?s=96&d=https%3A%2F%2Fpadreydecano.com%2Fcms%2Fwp-content%2Fthemes%2Fpyd-theme%2Fimg%2Fdefault-avatar.png&r=g","caption":"Emirona07"}}]}},"_links":{"self":[{"href":"https:\/\/www.padreydecano.com\/cms\/wp-json\/wp\/v2\/posts\/69067"}],"collection":[{"href":"https:\/\/www.padreydecano.com\/cms\/wp-json\/wp\/v2\/posts"}],"about":[{"href":"https:\/\/www.padreydecano.com\/cms\/wp-json\/wp\/v2\/types\/post"}],"author":[{"embeddable":true,"href":"https:\/\/www.padreydecano.com\/cms\/wp-json\/wp\/v2\/users\/5"}],"replies":[{"embeddable":true,"href":"https:\/\/www.padreydecano.com\/cms\/wp-json\/wp\/v2\/comments?post=69067"}],"version-history":[{"count":0,"href":"https:\/\/www.padreydecano.com\/cms\/wp-json\/wp\/v2\/posts\/69067\/revisions"}],"wp:featuredmedia":[{"embeddable":true,"href":"https:\/\/www.padreydecano.com\/cms\/wp-json\/wp\/v2\/media\/69069"}],"wp:attachment":[{"href":"https:\/\/www.padreydecano.com\/cms\/wp-json\/wp\/v2\/media?parent=69067"}],"wp:term":[{"taxonomy":"category","embeddable":true,"href":"https:\/\/www.padreydecano.com\/cms\/wp-json\/wp\/v2\/categories?post=69067"},{"taxonomy":"post_tag","embeddable":true,"href":"https:\/\/www.padreydecano.com\/cms\/wp-json\/wp\/v2\/tags?post=69067"}],"curies":[{"name":"wp","href":"https:\/\/api.w.org\/{rel}","templated":true}]}}