{"id":68682,"date":"2018-10-23T10:00:44","date_gmt":"2018-10-23T13:00:44","guid":{"rendered":"http:\/\/www.padreydecano.com\/cms\/?p=68682"},"modified":"2018-10-24T17:25:38","modified_gmt":"2018-10-24T20:25:38","slug":"cordon-festejo-sus-5-anos","status":"publish","type":"post","link":"https:\/\/www.padreydecano.com\/cms\/penas\/cordon-festejo-sus-5-anos\/","title":{"rendered":"La pe\u00f1a del barrio Cord\u00f3n festej\u00f3 su quinto aniversario"},"content":{"rendered":"<p><a href=\"https:\/\/www.padreydecano.com\/cms\/wp-content\/uploads\/2018\/10\/image-2018-10-23.jpg\" rel=\"shadowbox[sbpost-68682];player=img;\"><img loading=\"lazy\" decoding=\"async\" class=\"aligncenter size-full wp-image-68683\" src=\"https:\/\/www.padreydecano.com\/cms\/wp-content\/uploads\/2018\/10\/image-2018-10-23.jpg\" alt=\"\" width=\"640\" height=\"480\" srcset=\"https:\/\/www.padreydecano.com\/cms\/wp-content\/uploads\/2018\/10\/image-2018-10-23.jpg 640w, https:\/\/www.padreydecano.com\/cms\/wp-content\/uploads\/2018\/10\/image-2018-10-23-600x450.jpg 600w\" sizes=\"(max-width: 640px) 100vw, 640px\" \/><\/a><\/p>\n<p style=\"text-align: justify;\"><strong>El d\u00eda s\u00e1bado luego del <a href=\"https:\/\/www.padreydecano.com\/cms\/noticias\/empate-que-encamina-el-clausura\/\">empate cl\u00e1sico<\/a>, la Pe\u00f1a Gast\u00f3n Guelfi del barrio Cord\u00f3n festej\u00f3 sus primeros 5 a\u00f1os de vida.<\/strong><\/p>\n<p style=\"text-align: justify;\">El pasado s\u00e1bado en los alrededores del barrio que representan, la agrupaci\u00f3n celebr\u00f3 su quinto aniversario de servicio a la instituci\u00f3n decana, donde incluso llegaron a ganar el ranking de Pe\u00f1as en 2016, y llegando a estar arriba en varias oportunidades.<\/p>\n<p style=\"text-align: justify;\">A las 22 horas comenz\u00f3 el evento el cual ten\u00eda libre acceso a varias bebidas alcoh\u00f3licas, refrescos y comida. Poco tiempo despu\u00e9s que se abrieran las puertas, el presidente Joaqu\u00edn Gra\u00f1a dedic\u00f3 una palabras junto con Nicol\u00e1s G\u00f3mez (ex presidente), seguidos del campe\u00f3n del quinquenio Robert &#8216;Bola&#8217; Lima, el historiador Jos\u00e9 Carlos Dom\u00ednguez y Fernando Guelfi, integrante de la Pe\u00f1a que adem\u00e1s es nieto del presidente m\u00e1s laureado del Campe\u00f3n del Siglo, el cual la agrupaci\u00f3n de Cord\u00f3n homenajea con su nombre.\u00a0La noche cont\u00f3 con la presencia de Ignacio Ruglio. Jorge Barrera y Marcelo Areco fueron invitados pero por diferentes circunstancias no pudieron asistir. Luego el evento sigui\u00f3 con baile de la mano de Mariano Berm\u00fadez.<\/p>\n<p style=\"text-align: justify;\">Tras el festejo, la Pe\u00f1a retir\u00f3 la alcanc\u00eda de la Telet\u00f3n para sumarse como todos los a\u00f1os a esta causa.<\/p>\n<p style=\"text-align: justify;\">\u00a1Felicitaciones por estos cinco a\u00f1os de trabajo desinteresado e ininterrumpido!<\/p>\n<p style=\"text-align: right;\"><div class=\"user-wrapper\"><a class=\"userlink\"href=\"https:\/\/twitter.com\/ftrucce18\" target=\"_blank\"><figure><img decoding=\"async\" src=\"http:\/\/www.padreydecano.com\/cms\/wp-users-files\/postfirmas\/ftrucce.jpg\" \/><\/figure><p class=\"user\"><strong>Franco Trucce<\/strong><br \/>@FTrucce18<\/p><\/a><\/div><\/p>\n","protected":false},"excerpt":{"rendered":"<p>El d\u00eda s\u00e1bado luego del empate cl\u00e1sico, la Pe\u00f1a Gast\u00f3n Guelfi del barrio Cord\u00f3n festej\u00f3 sus primeros 5 a\u00f1os de vida. El pasado s\u00e1bado en los alrededores del barrio que representan, la agrupaci\u00f3n celebr\u00f3 su quinto aniversario de servicio a la instituci\u00f3n decana, donde incluso llegaron a ganar el ranking de Pe\u00f1as en 2016, y [&hellip;]<\/p>\n","protected":false},"author":27,"featured_media":68690,"comment_status":"open","ping_status":"closed","sticky":false,"template":"","format":"standard","meta":{"footnotes":""},"categories":[42],"tags":[199],"yoast_head":"<!-- This site is optimized with the Yoast SEO plugin v23.2 - https:\/\/yoast.com\/wordpress\/plugins\/seo\/ -->\n<title>La pe\u00f1a del barrio Cord\u00f3n festej\u00f3 su quinto aniversario - Padre y Decano - El Sitio del Pueblo<\/title>\n<meta name=\"robots\" content=\"index, follow, max-snippet:-1, max-image-preview:large, max-video-preview:-1\" \/>\n<link rel=\"canonical\" href=\"https:\/\/www.padreydecano.com\/cms\/penas\/cordon-festejo-sus-5-anos\/\" \/>\n<meta property=\"og:locale\" content=\"es_ES\" \/>\n<meta property=\"og:type\" content=\"article\" \/>\n<meta property=\"og:title\" content=\"La pe\u00f1a del barrio Cord\u00f3n festej\u00f3 su quinto aniversario - Padre y Decano - El Sitio del Pueblo\" \/>\n<meta property=\"og:description\" content=\"El d\u00eda s\u00e1bado luego del empate cl\u00e1sico, la Pe\u00f1a Gast\u00f3n Guelfi del barrio Cord\u00f3n festej\u00f3 sus primeros 5 a\u00f1os de vida. El pasado s\u00e1bado en los alrededores del barrio que representan, la agrupaci\u00f3n celebr\u00f3 su quinto aniversario de servicio a la instituci\u00f3n decana, donde incluso llegaron a ganar el ranking de Pe\u00f1as en 2016, y [&hellip;]\" \/>\n<meta property=\"og:url\" content=\"https:\/\/www.padreydecano.com\/cms\/penas\/cordon-festejo-sus-5-anos\/\" \/>\n<meta property=\"og:site_name\" content=\"Padre y Decano - El Sitio del Pueblo\" \/>\n<meta property=\"article:published_time\" content=\"2018-10-23T13:00:44+00:00\" \/>\n<meta property=\"article:modified_time\" content=\"2018-10-24T20:25:38+00:00\" \/>\n<meta property=\"og:image\" content=\"https:\/\/www.padreydecano.com\/cms\/wp-content\/uploads\/2018\/10\/image-2018-10-23-1.jpg\" \/>\n\t<meta property=\"og:image:width\" content=\"640\" \/>\n\t<meta property=\"og:image:height\" content=\"480\" \/>\n\t<meta property=\"og:image:type\" content=\"image\/jpeg\" \/>\n<meta name=\"author\" content=\"Redactores Padre y Decano\" \/>\n<meta name=\"twitter:card\" content=\"summary_large_image\" \/>\n<meta name=\"twitter:label1\" content=\"Escrito por\" \/>\n\t<meta name=\"twitter:data1\" content=\"Redactores Padre y Decano\" \/>\n\t<meta name=\"twitter:label2\" content=\"Tiempo de lectura\" \/>\n\t<meta name=\"twitter:data2\" content=\"1 minuto\" \/>\n<script type=\"application\/ld+json\" class=\"yoast-schema-graph\">{\"@context\":\"https:\/\/schema.org\",\"@graph\":[{\"@type\":\"Article\",\"@id\":\"https:\/\/www.padreydecano.com\/cms\/penas\/cordon-festejo-sus-5-anos\/#article\",\"isPartOf\":{\"@id\":\"https:\/\/www.padreydecano.com\/cms\/penas\/cordon-festejo-sus-5-anos\/\"},\"author\":{\"name\":\"Redactores Padre y Decano\",\"@id\":\"https:\/\/www.padreydecano.com\/cms\/#\/schema\/person\/37aae8f93aa78e4c5385497f056e3246\"},\"headline\":\"La pe\u00f1a del barrio Cord\u00f3n festej\u00f3 su quinto aniversario\",\"datePublished\":\"2018-10-23T13:00:44+00:00\",\"dateModified\":\"2018-10-24T20:25:38+00:00\",\"mainEntityOfPage\":{\"@id\":\"https:\/\/www.padreydecano.com\/cms\/penas\/cordon-festejo-sus-5-anos\/\"},\"wordCount\":250,\"commentCount\":2,\"publisher\":{\"@id\":\"https:\/\/www.padreydecano.com\/cms\/#organization\"},\"image\":{\"@id\":\"https:\/\/www.padreydecano.com\/cms\/penas\/cordon-festejo-sus-5-anos\/#primaryimage\"},\"thumbnailUrl\":\"https:\/\/www.padreydecano.com\/cms\/wp-content\/uploads\/2018\/10\/image-2018-10-23-1.jpg\",\"keywords\":[\"Pe\u00f1as Barriales\"],\"articleSection\":[\"Pe\u00f1as\"],\"inLanguage\":\"es\",\"potentialAction\":[{\"@type\":\"CommentAction\",\"name\":\"Comment\",\"target\":[\"https:\/\/www.padreydecano.com\/cms\/penas\/cordon-festejo-sus-5-anos\/#respond\"]}]},{\"@type\":\"WebPage\",\"@id\":\"https:\/\/www.padreydecano.com\/cms\/penas\/cordon-festejo-sus-5-anos\/\",\"url\":\"https:\/\/www.padreydecano.com\/cms\/penas\/cordon-festejo-sus-5-anos\/\",\"name\":\"La pe\u00f1a del barrio Cord\u00f3n festej\u00f3 su quinto aniversario - Padre y Decano - El Sitio del Pueblo\",\"isPartOf\":{\"@id\":\"https:\/\/www.padreydecano.com\/cms\/#website\"},\"primaryImageOfPage\":{\"@id\":\"https:\/\/www.padreydecano.com\/cms\/penas\/cordon-festejo-sus-5-anos\/#primaryimage\"},\"image\":{\"@id\":\"https:\/\/www.padreydecano.com\/cms\/penas\/cordon-festejo-sus-5-anos\/#primaryimage\"},\"thumbnailUrl\":\"https:\/\/www.padreydecano.com\/cms\/wp-content\/uploads\/2018\/10\/image-2018-10-23-1.jpg\",\"datePublished\":\"2018-10-23T13:00:44+00:00\",\"dateModified\":\"2018-10-24T20:25:38+00:00\",\"breadcrumb\":{\"@id\":\"https:\/\/www.padreydecano.com\/cms\/penas\/cordon-festejo-sus-5-anos\/#breadcrumb\"},\"inLanguage\":\"es\",\"potentialAction\":[{\"@type\":\"ReadAction\",\"target\":[\"https:\/\/www.padreydecano.com\/cms\/penas\/cordon-festejo-sus-5-anos\/\"]}]},{\"@type\":\"ImageObject\",\"inLanguage\":\"es\",\"@id\":\"https:\/\/www.padreydecano.com\/cms\/penas\/cordon-festejo-sus-5-anos\/#primaryimage\",\"url\":\"https:\/\/www.padreydecano.com\/cms\/wp-content\/uploads\/2018\/10\/image-2018-10-23-1.jpg\",\"contentUrl\":\"https:\/\/www.padreydecano.com\/cms\/wp-content\/uploads\/2018\/10\/image-2018-10-23-1.jpg\",\"width\":640,\"height\":480},{\"@type\":\"BreadcrumbList\",\"@id\":\"https:\/\/www.padreydecano.com\/cms\/penas\/cordon-festejo-sus-5-anos\/#breadcrumb\",\"itemListElement\":[{\"@type\":\"ListItem\",\"position\":1,\"name\":\"Portada\",\"item\":\"https:\/\/www.padreydecano.com\/cms\/\"},{\"@type\":\"ListItem\",\"position\":2,\"name\":\"La pe\u00f1a del barrio Cord\u00f3n festej\u00f3 su quinto aniversario\"}]},{\"@type\":\"WebSite\",\"@id\":\"https:\/\/www.padreydecano.com\/cms\/#website\",\"url\":\"https:\/\/www.padreydecano.com\/cms\/\",\"name\":\"Padre y Decano - El Sitio del Pueblo\",\"description\":\"Club Atl\u00e9tico Pe\u00f1arol\",\"publisher\":{\"@id\":\"https:\/\/www.padreydecano.com\/cms\/#organization\"},\"potentialAction\":[{\"@type\":\"SearchAction\",\"target\":{\"@type\":\"EntryPoint\",\"urlTemplate\":\"https:\/\/www.padreydecano.com\/cms\/?s={search_term_string}\"},\"query-input\":\"required name=search_term_string\"}],\"inLanguage\":\"es\"},{\"@type\":\"Organization\",\"@id\":\"https:\/\/www.padreydecano.com\/cms\/#organization\",\"name\":\"Padre y Decano\",\"url\":\"https:\/\/www.padreydecano.com\/cms\/\",\"logo\":{\"@type\":\"ImageObject\",\"inLanguage\":\"es\",\"@id\":\"https:\/\/www.padreydecano.com\/cms\/#\/schema\/logo\/image\/\",\"url\":\"https:\/\/www.padreydecano.com\/cms\/wp-content\/uploads\/2022\/01\/avatar-square.png\",\"contentUrl\":\"https:\/\/www.padreydecano.com\/cms\/wp-content\/uploads\/2022\/01\/avatar-square.png\",\"width\":1500,\"height\":1500,\"caption\":\"Padre y Decano\"},\"image\":{\"@id\":\"https:\/\/www.padreydecano.com\/cms\/#\/schema\/logo\/image\/\"}},{\"@type\":\"Person\",\"@id\":\"https:\/\/www.padreydecano.com\/cms\/#\/schema\/person\/37aae8f93aa78e4c5385497f056e3246\",\"name\":\"Redactores Padre y Decano\",\"image\":{\"@type\":\"ImageObject\",\"inLanguage\":\"es\",\"@id\":\"https:\/\/www.padreydecano.com\/cms\/#\/schema\/person\/image\/\",\"url\":\"https:\/\/secure.gravatar.com\/avatar\/8810c4b9081192b118b104af54549af8?s=96&d=https%3A%2F%2Fpadreydecano.com%2Fcms%2Fwp-content%2Fthemes%2Fpyd-theme%2Fimg%2Fdefault-avatar.png&r=g\",\"contentUrl\":\"https:\/\/secure.gravatar.com\/avatar\/8810c4b9081192b118b104af54549af8?s=96&d=https%3A%2F%2Fpadreydecano.com%2Fcms%2Fwp-content%2Fthemes%2Fpyd-theme%2Fimg%2Fdefault-avatar.png&r=g\",\"caption\":\"Redactores Padre y Decano\"},\"sameAs\":[\"http:\/\/www.padreydecano.com\"]}]}<\/script>\n<!-- \/ Yoast SEO plugin. -->","yoast_head_json":{"title":"La pe\u00f1a del barrio Cord\u00f3n festej\u00f3 su quinto aniversario - Padre y Decano - El Sitio del Pueblo","robots":{"index":"index","follow":"follow","max-snippet":"max-snippet:-1","max-image-preview":"max-image-preview:large","max-video-preview":"max-video-preview:-1"},"canonical":"https:\/\/www.padreydecano.com\/cms\/penas\/cordon-festejo-sus-5-anos\/","og_locale":"es_ES","og_type":"article","og_title":"La pe\u00f1a del barrio Cord\u00f3n festej\u00f3 su quinto aniversario - Padre y Decano - El Sitio del Pueblo","og_description":"El d\u00eda s\u00e1bado luego del empate cl\u00e1sico, la Pe\u00f1a Gast\u00f3n Guelfi del barrio Cord\u00f3n festej\u00f3 sus primeros 5 a\u00f1os de vida. El pasado s\u00e1bado en los alrededores del barrio que representan, la agrupaci\u00f3n celebr\u00f3 su quinto aniversario de servicio a la instituci\u00f3n decana, donde incluso llegaron a ganar el ranking de Pe\u00f1as en 2016, y [&hellip;]","og_url":"https:\/\/www.padreydecano.com\/cms\/penas\/cordon-festejo-sus-5-anos\/","og_site_name":"Padre y Decano - El Sitio del Pueblo","article_published_time":"2018-10-23T13:00:44+00:00","article_modified_time":"2018-10-24T20:25:38+00:00","og_image":[{"width":640,"height":480,"url":"https:\/\/www.padreydecano.com\/cms\/wp-content\/uploads\/2018\/10\/image-2018-10-23-1.jpg","type":"image\/jpeg"}],"author":"Redactores Padre y Decano","twitter_card":"summary_large_image","twitter_misc":{"Escrito por":"Redactores Padre y Decano","Tiempo de lectura":"1 minuto"},"schema":{"@context":"https:\/\/schema.org","@graph":[{"@type":"Article","@id":"https:\/\/www.padreydecano.com\/cms\/penas\/cordon-festejo-sus-5-anos\/#article","isPartOf":{"@id":"https:\/\/www.padreydecano.com\/cms\/penas\/cordon-festejo-sus-5-anos\/"},"author":{"name":"Redactores Padre y Decano","@id":"https:\/\/www.padreydecano.com\/cms\/#\/schema\/person\/37aae8f93aa78e4c5385497f056e3246"},"headline":"La pe\u00f1a del barrio Cord\u00f3n festej\u00f3 su quinto aniversario","datePublished":"2018-10-23T13:00:44+00:00","dateModified":"2018-10-24T20:25:38+00:00","mainEntityOfPage":{"@id":"https:\/\/www.padreydecano.com\/cms\/penas\/cordon-festejo-sus-5-anos\/"},"wordCount":250,"commentCount":2,"publisher":{"@id":"https:\/\/www.padreydecano.com\/cms\/#organization"},"image":{"@id":"https:\/\/www.padreydecano.com\/cms\/penas\/cordon-festejo-sus-5-anos\/#primaryimage"},"thumbnailUrl":"https:\/\/www.padreydecano.com\/cms\/wp-content\/uploads\/2018\/10\/image-2018-10-23-1.jpg","keywords":["Pe\u00f1as Barriales"],"articleSection":["Pe\u00f1as"],"inLanguage":"es","potentialAction":[{"@type":"CommentAction","name":"Comment","target":["https:\/\/www.padreydecano.com\/cms\/penas\/cordon-festejo-sus-5-anos\/#respond"]}]},{"@type":"WebPage","@id":"https:\/\/www.padreydecano.com\/cms\/penas\/cordon-festejo-sus-5-anos\/","url":"https:\/\/www.padreydecano.com\/cms\/penas\/cordon-festejo-sus-5-anos\/","name":"La pe\u00f1a del barrio Cord\u00f3n festej\u00f3 su quinto aniversario - Padre y Decano - El Sitio del Pueblo","isPartOf":{"@id":"https:\/\/www.padreydecano.com\/cms\/#website"},"primaryImageOfPage":{"@id":"https:\/\/www.padreydecano.com\/cms\/penas\/cordon-festejo-sus-5-anos\/#primaryimage"},"image":{"@id":"https:\/\/www.padreydecano.com\/cms\/penas\/cordon-festejo-sus-5-anos\/#primaryimage"},"thumbnailUrl":"https:\/\/www.padreydecano.com\/cms\/wp-content\/uploads\/2018\/10\/image-2018-10-23-1.jpg","datePublished":"2018-10-23T13:00:44+00:00","dateModified":"2018-10-24T20:25:38+00:00","breadcrumb":{"@id":"https:\/\/www.padreydecano.com\/cms\/penas\/cordon-festejo-sus-5-anos\/#breadcrumb"},"inLanguage":"es","potentialAction":[{"@type":"ReadAction","target":["https:\/\/www.padreydecano.com\/cms\/penas\/cordon-festejo-sus-5-anos\/"]}]},{"@type":"ImageObject","inLanguage":"es","@id":"https:\/\/www.padreydecano.com\/cms\/penas\/cordon-festejo-sus-5-anos\/#primaryimage","url":"https:\/\/www.padreydecano.com\/cms\/wp-content\/uploads\/2018\/10\/image-2018-10-23-1.jpg","contentUrl":"https:\/\/www.padreydecano.com\/cms\/wp-content\/uploads\/2018\/10\/image-2018-10-23-1.jpg","width":640,"height":480},{"@type":"BreadcrumbList","@id":"https:\/\/www.padreydecano.com\/cms\/penas\/cordon-festejo-sus-5-anos\/#breadcrumb","itemListElement":[{"@type":"ListItem","position":1,"name":"Portada","item":"https:\/\/www.padreydecano.com\/cms\/"},{"@type":"ListItem","position":2,"name":"La pe\u00f1a del barrio Cord\u00f3n festej\u00f3 su quinto aniversario"}]},{"@type":"WebSite","@id":"https:\/\/www.padreydecano.com\/cms\/#website","url":"https:\/\/www.padreydecano.com\/cms\/","name":"Padre y Decano - El Sitio del Pueblo","description":"Club Atl\u00e9tico Pe\u00f1arol","publisher":{"@id":"https:\/\/www.padreydecano.com\/cms\/#organization"},"potentialAction":[{"@type":"SearchAction","target":{"@type":"EntryPoint","urlTemplate":"https:\/\/www.padreydecano.com\/cms\/?s={search_term_string}"},"query-input":"required name=search_term_string"}],"inLanguage":"es"},{"@type":"Organization","@id":"https:\/\/www.padreydecano.com\/cms\/#organization","name":"Padre y Decano","url":"https:\/\/www.padreydecano.com\/cms\/","logo":{"@type":"ImageObject","inLanguage":"es","@id":"https:\/\/www.padreydecano.com\/cms\/#\/schema\/logo\/image\/","url":"https:\/\/www.padreydecano.com\/cms\/wp-content\/uploads\/2022\/01\/avatar-square.png","contentUrl":"https:\/\/www.padreydecano.com\/cms\/wp-content\/uploads\/2022\/01\/avatar-square.png","width":1500,"height":1500,"caption":"Padre y Decano"},"image":{"@id":"https:\/\/www.padreydecano.com\/cms\/#\/schema\/logo\/image\/"}},{"@type":"Person","@id":"https:\/\/www.padreydecano.com\/cms\/#\/schema\/person\/37aae8f93aa78e4c5385497f056e3246","name":"Redactores Padre y Decano","image":{"@type":"ImageObject","inLanguage":"es","@id":"https:\/\/www.padreydecano.com\/cms\/#\/schema\/person\/image\/","url":"https:\/\/secure.gravatar.com\/avatar\/8810c4b9081192b118b104af54549af8?s=96&d=https%3A%2F%2Fpadreydecano.com%2Fcms%2Fwp-content%2Fthemes%2Fpyd-theme%2Fimg%2Fdefault-avatar.png&r=g","contentUrl":"https:\/\/secure.gravatar.com\/avatar\/8810c4b9081192b118b104af54549af8?s=96&d=https%3A%2F%2Fpadreydecano.com%2Fcms%2Fwp-content%2Fthemes%2Fpyd-theme%2Fimg%2Fdefault-avatar.png&r=g","caption":"Redactores Padre y Decano"},"sameAs":["http:\/\/www.padreydecano.com"]}]}},"_links":{"self":[{"href":"https:\/\/www.padreydecano.com\/cms\/wp-json\/wp\/v2\/posts\/68682"}],"collection":[{"href":"https:\/\/www.padreydecano.com\/cms\/wp-json\/wp\/v2\/posts"}],"about":[{"href":"https:\/\/www.padreydecano.com\/cms\/wp-json\/wp\/v2\/types\/post"}],"author":[{"embeddable":true,"href":"https:\/\/www.padreydecano.com\/cms\/wp-json\/wp\/v2\/users\/27"}],"replies":[{"embeddable":true,"href":"https:\/\/www.padreydecano.com\/cms\/wp-json\/wp\/v2\/comments?post=68682"}],"version-history":[{"count":0,"href":"https:\/\/www.padreydecano.com\/cms\/wp-json\/wp\/v2\/posts\/68682\/revisions"}],"wp:featuredmedia":[{"embeddable":true,"href":"https:\/\/www.padreydecano.com\/cms\/wp-json\/wp\/v2\/media\/68690"}],"wp:attachment":[{"href":"https:\/\/www.padreydecano.com\/cms\/wp-json\/wp\/v2\/media?parent=68682"}],"wp:term":[{"taxonomy":"category","embeddable":true,"href":"https:\/\/www.padreydecano.com\/cms\/wp-json\/wp\/v2\/categories?post=68682"},{"taxonomy":"post_tag","embeddable":true,"href":"https:\/\/www.padreydecano.com\/cms\/wp-json\/wp\/v2\/tags?post=68682"}],"curies":[{"name":"wp","href":"https:\/\/api.w.org\/{rel}","templated":true}]}}