{"id":68656,"date":"2018-10-20T21:50:28","date_gmt":"2018-10-21T00:50:28","guid":{"rendered":"http:\/\/www.padreydecano.com\/cms\/?p=68656"},"modified":"2018-10-25T15:57:03","modified_gmt":"2018-10-25T18:57:03","slug":"empate-que-encamina-el-clausura","status":"publish","type":"post","link":"https:\/\/www.padreydecano.com\/cms\/noticias\/empate-que-encamina-el-clausura\/","title":{"rendered":"Empate que encamina el Clausura"},"content":{"rendered":"<p><a href=\"https:\/\/www.padreydecano.com\/cms\/wp-content\/uploads\/2018\/10\/WhatsApp-Image-2018-10-20-at-17.13.41.jpeg\" rel=\"shadowbox[sbpost-68656];player=img;\"><img loading=\"lazy\" decoding=\"async\" class=\"aligncenter size-medium wp-image-68657\" src=\"https:\/\/www.padreydecano.com\/cms\/wp-content\/uploads\/2018\/10\/WhatsApp-Image-2018-10-20-at-17.13.41-600x397.jpeg\" alt=\"\" width=\"600\" height=\"397\" srcset=\"https:\/\/www.padreydecano.com\/cms\/wp-content\/uploads\/2018\/10\/WhatsApp-Image-2018-10-20-at-17.13.41-600x397.jpeg 600w, https:\/\/www.padreydecano.com\/cms\/wp-content\/uploads\/2018\/10\/WhatsApp-Image-2018-10-20-at-17.13.41-768x509.jpeg 768w, https:\/\/www.padreydecano.com\/cms\/wp-content\/uploads\/2018\/10\/WhatsApp-Image-2018-10-20-at-17.13.41.jpeg 1024w\" sizes=\"(max-width: 600px) 100vw, 600px\" \/><\/a><\/p>\n<p style=\"text-align: justify;\"><strong>Pe\u00f1arol empat\u00f3 1-1 frente a Nacional el cl\u00e1sico del f\u00fatbol uruguayo<\/strong>, por la decimotercera fecha del Torneo Clausura y mantiene los 4 puntos de ventaja a falta de 6 en dicho torneo. Con respecto a la Tabla anual, todo parece indicar que se definir\u00e1 en la \u00faltima jornada, y con este empate, el Decano extiende su racha sin derrotas cl\u00e1sicas a tres a\u00f1os, tres meses y seis d\u00edas de manera oficial y en cancha.<\/p>\n<p style=\"text-align: justify;\">El partido tuvo todo lo que tienen los cl\u00e1sicos: roces, imprecisiones, nervios y emociones. Pe\u00f1arol jug\u00f3 mejor la primera mitad, sin brillar, pero tuvo las chances m\u00e1s claras para abrir el tanteador. Primero Darwin N\u00fa\u00f1ez (que arranc\u00f3 como titular, finalmente) y luego Agust\u00edn Canobbio se perdieron de manera incre\u00edble la apertura.<\/p>\n<p style=\"text-align: justify;\">Para el complemento se esperaba, o al menos los hinchas mirasoles, que se mejorara en la definici\u00f3n ya que las chances se creaban pero apenas iniciado el mismo (2\u2019), recibimos un gol de Sebasti\u00e1n Fern\u00e1ndez que sacudi\u00f3 al equipo y lo puso muy nervioso por momentos.<\/p>\n<p style=\"text-align: justify;\">El \u201cMemo\u201d ensay\u00f3 variantes para tirar el equipo m\u00e1s arriba y as\u00ed fue con los ingresos de Estoyanoff y Viatri. El empate parec\u00eda que no llegaba y era momento de la vuelta de Walter Gargano que recibi\u00f3 una gran ovaci\u00f3n del pueblo Carbonero y con pocos minutos en cancha intent\u00f3 hacer jugar a sus compa\u00f1eros. A falta de 8 minutos para los 90, Gabriel Fern\u00e1ndez que no hab\u00eda podido culminar bien sus buenas jugadas, <strong>asisti\u00f3 al argentino que empat\u00f3 el cl\u00e1sico y con los pocos minutos que estuvo en campo le alcanz\u00f3 para ser la figura m\u00e1s influyente del equipo.<\/strong><\/p>\n<p style=\"text-align: justify;\">Un empate que deja abierta la definici\u00f3n en la Tabla Anual y casi sentenciado el Clausura. De ganarle a Progreso, levantaremos la primera copa en nuestra casa, y afrontaremos la \u00faltima fecha ante Defensor con un lugar en la definici\u00f3n del Campeonato Uruguayo.<\/p>\n<p><span style=\"color: #ffcc02;\"><strong>Ficha del partido<\/strong><\/span><\/p>\n<p><strong>Cancha:<\/strong>\u00a0Estadio Centenario.\u00a0<strong>Juez:<\/strong>\u00a0Leodan Gonz\u00e1lez.\u00a0<strong>L\u00edneas:<\/strong>\u00a0Mauricio Espinosa y Mart\u00edn Soppi.<\/p>\n<p><strong>NACIONAL:<\/strong>\u00a0Esteban Conde, Jorge Fucile, Rafael Garc\u00eda, Rodrigo Erramuspe, Alfonso Espino; Christian Oliva, Santiago Romero, Brian Ocampo (58\u2032 Mat\u00edas Zunino), Gonzalo Castro, Sebasti\u00e1n Fern\u00e1ndez (77\u2032 Leandro Barcia) y Gonzalo Bergessio.\u00a0<strong>Director T\u00e9cnico:<\/strong>\u00a0Alexander Medina.\u00a0<strong>Suplentes:<\/strong>\u00a0Luis Mej\u00eda, Marcos Angeleri, Luis Aguiar, Tabar\u00e9 Viudez y Pierre Web\u00f3.<\/p>\n<p><strong>PE\u00d1AROL:<\/strong>\u00a0Kevin Dawson; Ezequiel Busquets, Fabricio Formiliano, Carlos Rodr\u00edguez, Lucas Hern\u00e1ndez; Giovanni Gonz\u00e1lez (69\u2032 Lucas Viatri), Guzm\u00e1n Pereira, Cristian Rodr\u00edguez, Agust\u00edn Canobbio (59\u2032 Fabi\u00e1n Estoyanoff); Gabriel Fern\u00e1ndez y Darwin N\u00fa\u00f1ez (79\u2032 Walter Gargano).\u00a0<strong>Director T\u00e9cnico:<\/strong>\u00a0Diego L\u00f3pez.\u00a0<strong>Suplentes:<\/strong>\u00a0Thiago Cardozo, Carlos Matheu, Gonzalo Freitas, Maxi Rodr\u00edguez.<\/p>\n<p><strong>Goles:<\/strong>\u00a046\u2032 Sebasti\u00e1n Fern\u00e1ndez (N), 81\u2032 Lucas Viatri (P).<\/p>\n<p><strong>Tarjetas amarillas:<\/strong>\u00a09\u2032 Jorge Fucile (N), 35\u2032 Fabricio Formiliano (P), 36\u2032 Brian Ocampo (N), 48\u2032 Gonzalo Castro (N), Rodrigo Erramuspe (N), 60\u2032 Gabriel Fern\u00e1ndez (P).<\/p>\n\n\t\t<style type=\"text\/css\">\n\t\t\t#gallery-1 {\n\t\t\t\tmargin: auto;\n\t\t\t}\n\t\t\t#gallery-1 .gallery-item {\n\t\t\t\tfloat: left;\n\t\t\t\tmargin-top: 10px;\n\t\t\t\ttext-align: center;\n\t\t\t\twidth: 33%;\n\t\t\t}\n\t\t\t#gallery-1 img {\n\t\t\t\tborder: 2px solid #cfcfcf;\n\t\t\t}\n\t\t\t#gallery-1 .gallery-caption {\n\t\t\t\tmargin-left: 0;\n\t\t\t}\n\t\t\t\/* see gallery_shortcode() in wp-includes\/media.php *\/\n\t\t<\/style>\n\t\t<div id='gallery-1' class='gallery galleryid-68656 gallery-columns-3 gallery-size-thumbnail'><dl class='gallery-item'>\n\t\t\t<dt class='gallery-icon landscape'>\n\t\t\t\t<a href='https:\/\/www.padreydecano.com\/cms\/wp-content\/uploads\/2018\/10\/WhatsApp-Image-2018-10-20-at-17.13.44.jpeg' rel='shadowbox[sbalbum-68656];player=img;'><img loading=\"lazy\" decoding=\"async\" width=\"150\" height=\"150\" src=\"https:\/\/www.padreydecano.com\/cms\/wp-content\/uploads\/2018\/10\/WhatsApp-Image-2018-10-20-at-17.13.44-150x150.jpeg\" class=\"attachment-thumbnail size-thumbnail\" alt=\"\" srcset=\"https:\/\/www.padreydecano.com\/cms\/wp-content\/uploads\/2018\/10\/WhatsApp-Image-2018-10-20-at-17.13.44-150x150.jpeg 150w, https:\/\/www.padreydecano.com\/cms\/wp-content\/uploads\/2018\/10\/WhatsApp-Image-2018-10-20-at-17.13.44-36x36.jpeg 36w\" sizes=\"(max-width: 150px) 100vw, 150px\" \/><\/a>\n\t\t\t<\/dt><\/dl><dl class='gallery-item'>\n\t\t\t<dt class='gallery-icon landscape'>\n\t\t\t\t<a href='https:\/\/www.padreydecano.com\/cms\/wp-content\/uploads\/2018\/10\/WhatsApp-Image-2018-10-20-at-17.13.45.jpeg' rel='shadowbox[sbalbum-68656];player=img;'><img loading=\"lazy\" decoding=\"async\" width=\"150\" height=\"150\" src=\"https:\/\/www.padreydecano.com\/cms\/wp-content\/uploads\/2018\/10\/WhatsApp-Image-2018-10-20-at-17.13.45-150x150.jpeg\" class=\"attachment-thumbnail size-thumbnail\" alt=\"\" srcset=\"https:\/\/www.padreydecano.com\/cms\/wp-content\/uploads\/2018\/10\/WhatsApp-Image-2018-10-20-at-17.13.45-150x150.jpeg 150w, https:\/\/www.padreydecano.com\/cms\/wp-content\/uploads\/2018\/10\/WhatsApp-Image-2018-10-20-at-17.13.45-36x36.jpeg 36w\" sizes=\"(max-width: 150px) 100vw, 150px\" \/><\/a>\n\t\t\t<\/dt><\/dl><dl class='gallery-item'>\n\t\t\t<dt class='gallery-icon landscape'>\n\t\t\t\t<a href='https:\/\/www.padreydecano.com\/cms\/wp-content\/uploads\/2018\/10\/WhatsApp-Image-2018-10-20-at-17.44.03.jpeg' rel='shadowbox[sbalbum-68656];player=img;'><img loading=\"lazy\" decoding=\"async\" width=\"150\" height=\"150\" src=\"https:\/\/www.padreydecano.com\/cms\/wp-content\/uploads\/2018\/10\/WhatsApp-Image-2018-10-20-at-17.44.03-150x150.jpeg\" class=\"attachment-thumbnail size-thumbnail\" alt=\"\" srcset=\"https:\/\/www.padreydecano.com\/cms\/wp-content\/uploads\/2018\/10\/WhatsApp-Image-2018-10-20-at-17.44.03-150x150.jpeg 150w, https:\/\/www.padreydecano.com\/cms\/wp-content\/uploads\/2018\/10\/WhatsApp-Image-2018-10-20-at-17.44.03-36x36.jpeg 36w\" sizes=\"(max-width: 150px) 100vw, 150px\" \/><\/a>\n\t\t\t<\/dt><\/dl><br style=\"clear: both\" \/>\n\t\t<\/div>\n\n","protected":false},"excerpt":{"rendered":"<p>Pe\u00f1arol empat\u00f3 1-1 frente a Nacional el cl\u00e1sico del f\u00fatbol uruguayo, por la decimotercera fecha del Torneo Clausura y mantiene los 4 puntos de ventaja a falta de 6 en dicho torneo. Con respecto a la Tabla anual, todo parece indicar que se definir\u00e1 en la \u00faltima jornada, y con este empate, el Decano extiende [&hellip;]<\/p>\n","protected":false},"author":5,"featured_media":68657,"comment_status":"open","ping_status":"closed","sticky":false,"template":"","format":"standard","meta":{"footnotes":""},"categories":[1,21],"tags":[352],"yoast_head":"<!-- This site is optimized with the Yoast SEO plugin v23.2 - https:\/\/yoast.com\/wordpress\/plugins\/seo\/ -->\n<title>Empate que encamina el Clausura - Padre y Decano - El Sitio del Pueblo<\/title>\n<meta name=\"robots\" content=\"index, follow, max-snippet:-1, max-image-preview:large, max-video-preview:-1\" \/>\n<link rel=\"canonical\" href=\"https:\/\/www.padreydecano.com\/cms\/noticias\/empate-que-encamina-el-clausura\/\" \/>\n<meta property=\"og:locale\" content=\"es_ES\" \/>\n<meta property=\"og:type\" content=\"article\" \/>\n<meta property=\"og:title\" content=\"Empate que encamina el Clausura - Padre y Decano - El Sitio del Pueblo\" \/>\n<meta property=\"og:description\" content=\"Pe\u00f1arol empat\u00f3 1-1 frente a Nacional el cl\u00e1sico del f\u00fatbol uruguayo, por la decimotercera fecha del Torneo Clausura y mantiene los 4 puntos de ventaja a falta de 6 en dicho torneo. Con respecto a la Tabla anual, todo parece indicar que se definir\u00e1 en la \u00faltima jornada, y con este empate, el Decano extiende [&hellip;]\" \/>\n<meta property=\"og:url\" content=\"https:\/\/www.padreydecano.com\/cms\/noticias\/empate-que-encamina-el-clausura\/\" \/>\n<meta property=\"og:site_name\" content=\"Padre y Decano - El Sitio del Pueblo\" \/>\n<meta property=\"article:published_time\" content=\"2018-10-21T00:50:28+00:00\" \/>\n<meta property=\"article:modified_time\" content=\"2018-10-25T18:57:03+00:00\" \/>\n<meta property=\"og:image\" content=\"https:\/\/www.padreydecano.com\/cms\/wp-content\/uploads\/2018\/10\/WhatsApp-Image-2018-10-20-at-17.13.41.jpeg\" \/>\n\t<meta property=\"og:image:width\" content=\"1024\" \/>\n\t<meta property=\"og:image:height\" content=\"678\" \/>\n\t<meta property=\"og:image:type\" content=\"image\/jpeg\" \/>\n<meta name=\"author\" content=\"Emirona07\" \/>\n<meta name=\"twitter:card\" content=\"summary_large_image\" \/>\n<meta name=\"twitter:label1\" content=\"Escrito por\" \/>\n\t<meta name=\"twitter:data1\" content=\"Emirona07\" \/>\n\t<meta name=\"twitter:label2\" content=\"Tiempo de lectura\" \/>\n\t<meta name=\"twitter:data2\" content=\"2 minutos\" \/>\n<script type=\"application\/ld+json\" class=\"yoast-schema-graph\">{\"@context\":\"https:\/\/schema.org\",\"@graph\":[{\"@type\":\"Article\",\"@id\":\"https:\/\/www.padreydecano.com\/cms\/noticias\/empate-que-encamina-el-clausura\/#article\",\"isPartOf\":{\"@id\":\"https:\/\/www.padreydecano.com\/cms\/noticias\/empate-que-encamina-el-clausura\/\"},\"author\":{\"name\":\"Emirona07\",\"@id\":\"https:\/\/www.padreydecano.com\/cms\/#\/schema\/person\/51e0214db654d9624824b37c2838bb65\"},\"headline\":\"Empate que encamina el Clausura\",\"datePublished\":\"2018-10-21T00:50:28+00:00\",\"dateModified\":\"2018-10-25T18:57:03+00:00\",\"mainEntityOfPage\":{\"@id\":\"https:\/\/www.padreydecano.com\/cms\/noticias\/empate-que-encamina-el-clausura\/\"},\"wordCount\":495,\"commentCount\":153,\"publisher\":{\"@id\":\"https:\/\/www.padreydecano.com\/cms\/#organization\"},\"image\":{\"@id\":\"https:\/\/www.padreydecano.com\/cms\/noticias\/empate-que-encamina-el-clausura\/#primaryimage\"},\"thumbnailUrl\":\"https:\/\/www.padreydecano.com\/cms\/wp-content\/uploads\/2018\/10\/WhatsApp-Image-2018-10-20-at-17.13.41.jpeg\",\"keywords\":[\"Torneo Clausura 2018\"],\"articleSection\":[\"Noticias\",\"Partido a Partido\"],\"inLanguage\":\"es\",\"potentialAction\":[{\"@type\":\"CommentAction\",\"name\":\"Comment\",\"target\":[\"https:\/\/www.padreydecano.com\/cms\/noticias\/empate-que-encamina-el-clausura\/#respond\"]}]},{\"@type\":\"WebPage\",\"@id\":\"https:\/\/www.padreydecano.com\/cms\/noticias\/empate-que-encamina-el-clausura\/\",\"url\":\"https:\/\/www.padreydecano.com\/cms\/noticias\/empate-que-encamina-el-clausura\/\",\"name\":\"Empate que encamina el Clausura - Padre y Decano - El Sitio del Pueblo\",\"isPartOf\":{\"@id\":\"https:\/\/www.padreydecano.com\/cms\/#website\"},\"primaryImageOfPage\":{\"@id\":\"https:\/\/www.padreydecano.com\/cms\/noticias\/empate-que-encamina-el-clausura\/#primaryimage\"},\"image\":{\"@id\":\"https:\/\/www.padreydecano.com\/cms\/noticias\/empate-que-encamina-el-clausura\/#primaryimage\"},\"thumbnailUrl\":\"https:\/\/www.padreydecano.com\/cms\/wp-content\/uploads\/2018\/10\/WhatsApp-Image-2018-10-20-at-17.13.41.jpeg\",\"datePublished\":\"2018-10-21T00:50:28+00:00\",\"dateModified\":\"2018-10-25T18:57:03+00:00\",\"breadcrumb\":{\"@id\":\"https:\/\/www.padreydecano.com\/cms\/noticias\/empate-que-encamina-el-clausura\/#breadcrumb\"},\"inLanguage\":\"es\",\"potentialAction\":[{\"@type\":\"ReadAction\",\"target\":[\"https:\/\/www.padreydecano.com\/cms\/noticias\/empate-que-encamina-el-clausura\/\"]}]},{\"@type\":\"ImageObject\",\"inLanguage\":\"es\",\"@id\":\"https:\/\/www.padreydecano.com\/cms\/noticias\/empate-que-encamina-el-clausura\/#primaryimage\",\"url\":\"https:\/\/www.padreydecano.com\/cms\/wp-content\/uploads\/2018\/10\/WhatsApp-Image-2018-10-20-at-17.13.41.jpeg\",\"contentUrl\":\"https:\/\/www.padreydecano.com\/cms\/wp-content\/uploads\/2018\/10\/WhatsApp-Image-2018-10-20-at-17.13.41.jpeg\",\"width\":1024,\"height\":678},{\"@type\":\"BreadcrumbList\",\"@id\":\"https:\/\/www.padreydecano.com\/cms\/noticias\/empate-que-encamina-el-clausura\/#breadcrumb\",\"itemListElement\":[{\"@type\":\"ListItem\",\"position\":1,\"name\":\"Portada\",\"item\":\"https:\/\/www.padreydecano.com\/cms\/\"},{\"@type\":\"ListItem\",\"position\":2,\"name\":\"Empate que encamina el Clausura\"}]},{\"@type\":\"WebSite\",\"@id\":\"https:\/\/www.padreydecano.com\/cms\/#website\",\"url\":\"https:\/\/www.padreydecano.com\/cms\/\",\"name\":\"Padre y Decano - El Sitio del Pueblo\",\"description\":\"Club Atl\u00e9tico Pe\u00f1arol\",\"publisher\":{\"@id\":\"https:\/\/www.padreydecano.com\/cms\/#organization\"},\"potentialAction\":[{\"@type\":\"SearchAction\",\"target\":{\"@type\":\"EntryPoint\",\"urlTemplate\":\"https:\/\/www.padreydecano.com\/cms\/?s={search_term_string}\"},\"query-input\":\"required name=search_term_string\"}],\"inLanguage\":\"es\"},{\"@type\":\"Organization\",\"@id\":\"https:\/\/www.padreydecano.com\/cms\/#organization\",\"name\":\"Padre y Decano\",\"url\":\"https:\/\/www.padreydecano.com\/cms\/\",\"logo\":{\"@type\":\"ImageObject\",\"inLanguage\":\"es\",\"@id\":\"https:\/\/www.padreydecano.com\/cms\/#\/schema\/logo\/image\/\",\"url\":\"https:\/\/www.padreydecano.com\/cms\/wp-content\/uploads\/2022\/01\/avatar-square.png\",\"contentUrl\":\"https:\/\/www.padreydecano.com\/cms\/wp-content\/uploads\/2022\/01\/avatar-square.png\",\"width\":1500,\"height\":1500,\"caption\":\"Padre y Decano\"},\"image\":{\"@id\":\"https:\/\/www.padreydecano.com\/cms\/#\/schema\/logo\/image\/\"}},{\"@type\":\"Person\",\"@id\":\"https:\/\/www.padreydecano.com\/cms\/#\/schema\/person\/51e0214db654d9624824b37c2838bb65\",\"name\":\"Emirona07\",\"image\":{\"@type\":\"ImageObject\",\"inLanguage\":\"es\",\"@id\":\"https:\/\/www.padreydecano.com\/cms\/#\/schema\/person\/image\/\",\"url\":\"https:\/\/secure.gravatar.com\/avatar\/93c9118dbd5373a8a065bb5cdddde6bf?s=96&d=https%3A%2F%2Fpadreydecano.com%2Fcms%2Fwp-content%2Fthemes%2Fpyd-theme%2Fimg%2Fdefault-avatar.png&r=g\",\"contentUrl\":\"https:\/\/secure.gravatar.com\/avatar\/93c9118dbd5373a8a065bb5cdddde6bf?s=96&d=https%3A%2F%2Fpadreydecano.com%2Fcms%2Fwp-content%2Fthemes%2Fpyd-theme%2Fimg%2Fdefault-avatar.png&r=g\",\"caption\":\"Emirona07\"}}]}<\/script>\n<!-- \/ Yoast SEO plugin. -->","yoast_head_json":{"title":"Empate que encamina el Clausura - Padre y Decano - El Sitio del Pueblo","robots":{"index":"index","follow":"follow","max-snippet":"max-snippet:-1","max-image-preview":"max-image-preview:large","max-video-preview":"max-video-preview:-1"},"canonical":"https:\/\/www.padreydecano.com\/cms\/noticias\/empate-que-encamina-el-clausura\/","og_locale":"es_ES","og_type":"article","og_title":"Empate que encamina el Clausura - Padre y Decano - El Sitio del Pueblo","og_description":"Pe\u00f1arol empat\u00f3 1-1 frente a Nacional el cl\u00e1sico del f\u00fatbol uruguayo, por la decimotercera fecha del Torneo Clausura y mantiene los 4 puntos de ventaja a falta de 6 en dicho torneo. Con respecto a la Tabla anual, todo parece indicar que se definir\u00e1 en la \u00faltima jornada, y con este empate, el Decano extiende [&hellip;]","og_url":"https:\/\/www.padreydecano.com\/cms\/noticias\/empate-que-encamina-el-clausura\/","og_site_name":"Padre y Decano - El Sitio del Pueblo","article_published_time":"2018-10-21T00:50:28+00:00","article_modified_time":"2018-10-25T18:57:03+00:00","og_image":[{"width":1024,"height":678,"url":"https:\/\/www.padreydecano.com\/cms\/wp-content\/uploads\/2018\/10\/WhatsApp-Image-2018-10-20-at-17.13.41.jpeg","type":"image\/jpeg"}],"author":"Emirona07","twitter_card":"summary_large_image","twitter_misc":{"Escrito por":"Emirona07","Tiempo de lectura":"2 minutos"},"schema":{"@context":"https:\/\/schema.org","@graph":[{"@type":"Article","@id":"https:\/\/www.padreydecano.com\/cms\/noticias\/empate-que-encamina-el-clausura\/#article","isPartOf":{"@id":"https:\/\/www.padreydecano.com\/cms\/noticias\/empate-que-encamina-el-clausura\/"},"author":{"name":"Emirona07","@id":"https:\/\/www.padreydecano.com\/cms\/#\/schema\/person\/51e0214db654d9624824b37c2838bb65"},"headline":"Empate que encamina el Clausura","datePublished":"2018-10-21T00:50:28+00:00","dateModified":"2018-10-25T18:57:03+00:00","mainEntityOfPage":{"@id":"https:\/\/www.padreydecano.com\/cms\/noticias\/empate-que-encamina-el-clausura\/"},"wordCount":495,"commentCount":153,"publisher":{"@id":"https:\/\/www.padreydecano.com\/cms\/#organization"},"image":{"@id":"https:\/\/www.padreydecano.com\/cms\/noticias\/empate-que-encamina-el-clausura\/#primaryimage"},"thumbnailUrl":"https:\/\/www.padreydecano.com\/cms\/wp-content\/uploads\/2018\/10\/WhatsApp-Image-2018-10-20-at-17.13.41.jpeg","keywords":["Torneo Clausura 2018"],"articleSection":["Noticias","Partido a Partido"],"inLanguage":"es","potentialAction":[{"@type":"CommentAction","name":"Comment","target":["https:\/\/www.padreydecano.com\/cms\/noticias\/empate-que-encamina-el-clausura\/#respond"]}]},{"@type":"WebPage","@id":"https:\/\/www.padreydecano.com\/cms\/noticias\/empate-que-encamina-el-clausura\/","url":"https:\/\/www.padreydecano.com\/cms\/noticias\/empate-que-encamina-el-clausura\/","name":"Empate que encamina el Clausura - Padre y Decano - El Sitio del Pueblo","isPartOf":{"@id":"https:\/\/www.padreydecano.com\/cms\/#website"},"primaryImageOfPage":{"@id":"https:\/\/www.padreydecano.com\/cms\/noticias\/empate-que-encamina-el-clausura\/#primaryimage"},"image":{"@id":"https:\/\/www.padreydecano.com\/cms\/noticias\/empate-que-encamina-el-clausura\/#primaryimage"},"thumbnailUrl":"https:\/\/www.padreydecano.com\/cms\/wp-content\/uploads\/2018\/10\/WhatsApp-Image-2018-10-20-at-17.13.41.jpeg","datePublished":"2018-10-21T00:50:28+00:00","dateModified":"2018-10-25T18:57:03+00:00","breadcrumb":{"@id":"https:\/\/www.padreydecano.com\/cms\/noticias\/empate-que-encamina-el-clausura\/#breadcrumb"},"inLanguage":"es","potentialAction":[{"@type":"ReadAction","target":["https:\/\/www.padreydecano.com\/cms\/noticias\/empate-que-encamina-el-clausura\/"]}]},{"@type":"ImageObject","inLanguage":"es","@id":"https:\/\/www.padreydecano.com\/cms\/noticias\/empate-que-encamina-el-clausura\/#primaryimage","url":"https:\/\/www.padreydecano.com\/cms\/wp-content\/uploads\/2018\/10\/WhatsApp-Image-2018-10-20-at-17.13.41.jpeg","contentUrl":"https:\/\/www.padreydecano.com\/cms\/wp-content\/uploads\/2018\/10\/WhatsApp-Image-2018-10-20-at-17.13.41.jpeg","width":1024,"height":678},{"@type":"BreadcrumbList","@id":"https:\/\/www.padreydecano.com\/cms\/noticias\/empate-que-encamina-el-clausura\/#breadcrumb","itemListElement":[{"@type":"ListItem","position":1,"name":"Portada","item":"https:\/\/www.padreydecano.com\/cms\/"},{"@type":"ListItem","position":2,"name":"Empate que encamina el Clausura"}]},{"@type":"WebSite","@id":"https:\/\/www.padreydecano.com\/cms\/#website","url":"https:\/\/www.padreydecano.com\/cms\/","name":"Padre y Decano - El Sitio del Pueblo","description":"Club Atl\u00e9tico Pe\u00f1arol","publisher":{"@id":"https:\/\/www.padreydecano.com\/cms\/#organization"},"potentialAction":[{"@type":"SearchAction","target":{"@type":"EntryPoint","urlTemplate":"https:\/\/www.padreydecano.com\/cms\/?s={search_term_string}"},"query-input":"required name=search_term_string"}],"inLanguage":"es"},{"@type":"Organization","@id":"https:\/\/www.padreydecano.com\/cms\/#organization","name":"Padre y Decano","url":"https:\/\/www.padreydecano.com\/cms\/","logo":{"@type":"ImageObject","inLanguage":"es","@id":"https:\/\/www.padreydecano.com\/cms\/#\/schema\/logo\/image\/","url":"https:\/\/www.padreydecano.com\/cms\/wp-content\/uploads\/2022\/01\/avatar-square.png","contentUrl":"https:\/\/www.padreydecano.com\/cms\/wp-content\/uploads\/2022\/01\/avatar-square.png","width":1500,"height":1500,"caption":"Padre y Decano"},"image":{"@id":"https:\/\/www.padreydecano.com\/cms\/#\/schema\/logo\/image\/"}},{"@type":"Person","@id":"https:\/\/www.padreydecano.com\/cms\/#\/schema\/person\/51e0214db654d9624824b37c2838bb65","name":"Emirona07","image":{"@type":"ImageObject","inLanguage":"es","@id":"https:\/\/www.padreydecano.com\/cms\/#\/schema\/person\/image\/","url":"https:\/\/secure.gravatar.com\/avatar\/93c9118dbd5373a8a065bb5cdddde6bf?s=96&d=https%3A%2F%2Fpadreydecano.com%2Fcms%2Fwp-content%2Fthemes%2Fpyd-theme%2Fimg%2Fdefault-avatar.png&r=g","contentUrl":"https:\/\/secure.gravatar.com\/avatar\/93c9118dbd5373a8a065bb5cdddde6bf?s=96&d=https%3A%2F%2Fpadreydecano.com%2Fcms%2Fwp-content%2Fthemes%2Fpyd-theme%2Fimg%2Fdefault-avatar.png&r=g","caption":"Emirona07"}}]}},"_links":{"self":[{"href":"https:\/\/www.padreydecano.com\/cms\/wp-json\/wp\/v2\/posts\/68656"}],"collection":[{"href":"https:\/\/www.padreydecano.com\/cms\/wp-json\/wp\/v2\/posts"}],"about":[{"href":"https:\/\/www.padreydecano.com\/cms\/wp-json\/wp\/v2\/types\/post"}],"author":[{"embeddable":true,"href":"https:\/\/www.padreydecano.com\/cms\/wp-json\/wp\/v2\/users\/5"}],"replies":[{"embeddable":true,"href":"https:\/\/www.padreydecano.com\/cms\/wp-json\/wp\/v2\/comments?post=68656"}],"version-history":[{"count":0,"href":"https:\/\/www.padreydecano.com\/cms\/wp-json\/wp\/v2\/posts\/68656\/revisions"}],"wp:featuredmedia":[{"embeddable":true,"href":"https:\/\/www.padreydecano.com\/cms\/wp-json\/wp\/v2\/media\/68657"}],"wp:attachment":[{"href":"https:\/\/www.padreydecano.com\/cms\/wp-json\/wp\/v2\/media?parent=68656"}],"wp:term":[{"taxonomy":"category","embeddable":true,"href":"https:\/\/www.padreydecano.com\/cms\/wp-json\/wp\/v2\/categories?post=68656"},{"taxonomy":"post_tag","embeddable":true,"href":"https:\/\/www.padreydecano.com\/cms\/wp-json\/wp\/v2\/tags?post=68656"}],"curies":[{"name":"wp","href":"https:\/\/api.w.org\/{rel}","templated":true}]}}