{"id":68594,"date":"2018-10-14T22:04:40","date_gmt":"2018-10-15T01:04:40","guid":{"rendered":"http:\/\/www.padreydecano.com\/cms\/?p=68594"},"modified":"2018-10-14T22:04:40","modified_gmt":"2018-10-15T01:04:40","slug":"femenino-goleada-antes-del-clasico","status":"publish","type":"post","link":"https:\/\/www.padreydecano.com\/cms\/noticias\/femenino-goleada-antes-del-clasico\/","title":{"rendered":"Femenino: Goleada antes del Cl\u00e1sico"},"content":{"rendered":"<p><a href=\"https:\/\/www.padreydecano.com\/cms\/wp-content\/uploads\/2018\/10\/FEME.jpg\" rel=\"shadowbox[sbpost-68594];player=img;\"><img loading=\"lazy\" decoding=\"async\" class=\"aligncenter size-full wp-image-68595\" src=\"https:\/\/www.padreydecano.com\/cms\/wp-content\/uploads\/2018\/10\/FEME.jpg\" alt=\"\" width=\"1920\" height=\"1080\" srcset=\"https:\/\/www.padreydecano.com\/cms\/wp-content\/uploads\/2018\/10\/FEME.jpg 1920w, https:\/\/www.padreydecano.com\/cms\/wp-content\/uploads\/2018\/10\/FEME-600x338.jpg 600w, https:\/\/www.padreydecano.com\/cms\/wp-content\/uploads\/2018\/10\/FEME-768x432.jpg 768w, https:\/\/www.padreydecano.com\/cms\/wp-content\/uploads\/2018\/10\/FEME-1024x576.jpg 1024w\" sizes=\"(max-width: 1920px) 100vw, 1920px\" \/><\/a><\/p>\n<p style=\"text-align: justify;\"><strong>Pe\u00f1arol gole\u00f3 por 4-0 a San Jacinto Rentistas, este domingo en el Estadio Mario Vecino, por la 6ta fecha del Torneo Clausura.<\/strong><\/p>\n<p style=\"text-align: justify;\">Las aurinegras llegaban a esta jornada con 4 triunfos y 1 empate. Las jugadoras viajaron hasta San Jacinto con un \u00fanico resultado en mente: ganar. El antecedente entre ambos equipos fue victoria aurinegra por 3-1.<\/p>\n<p style=\"text-align: justify;\">El carbonero comenz\u00f3 el encuentro cambiando de t\u00e1ctica, el DT Daniel P\u00e9rez volvi\u00f3 a usar el 4-4-2 la cual fue fundamental para lograr el Uruguayo el a\u00f1o pasado. El entrenador ven\u00eda utilizando un 3-5-2. El partido arranc\u00f3 con Pe\u00f1arol dominando el partido, muy firme en la l\u00ednea final pero poco preciso a la hora de llegar con claridad al \u00e1rea para abrir el marcador.<\/p>\n<p style=\"text-align: justify;\">Luego de tanto insistir a los 32&#8242; del primer tiempo lleg\u00f3 el primer gol, tras un centro (y gracias a una mala salida de la arquera rival) que lleg\u00f3 a conectar Lorena Gra\u00f1a. A partir de ah\u00ed las aurinegras comenzaron a tener m\u00e1s confianza y mejor trato del bal\u00f3n cerca del \u00e1rea de San Jacinto. Unos minutos m\u00e1s partde (a los 36&#8242;) tras un gran cabezazo de la n\u00famero &#8217;10&#8217;, Lourdes Viana lleg\u00f3 el segundo tanto.<\/p>\n<p style=\"text-align: justify;\">El segundo tiempo comenz\u00f3 ya con el carbonero decidido a aumentar la ventaja en el marcador. Pe\u00f1arol segu\u00eda llegando al arco rival y a los 9&#8242; del complemento lleg\u00f3 la tercera anotaci\u00f3n por parte de Stefany Su\u00e1rez. A partir de ah\u00ed el entrenador realiz\u00f3 2 variantes, d\u00e1ndole minutos a 2 jugadores de la Sub 19 bicampeonas, las cuales le aportaron velocidad y din\u00e1mica a la ofensiva.<\/p>\n<p style=\"text-align: justify;\">A 6&#8242; del final lleg\u00f3 el \u00faltimo gol del partido en los pies de la Capitana, Florencia Vicente. Pe\u00f1arol prepar\u00f3 el Cl\u00e1sico de la mejor manera, con una goleada contundente por 4-0.<\/p>\n","protected":false},"excerpt":{"rendered":"<p>Pe\u00f1arol gole\u00f3 por 4-0 a San Jacinto Rentistas, este domingo en el Estadio Mario Vecino, por la 6ta fecha del Torneo Clausura. Las aurinegras llegaban a esta jornada con 4 triunfos y 1 empate. Las jugadoras viajaron hasta San Jacinto con un \u00fanico resultado en mente: ganar. El antecedente entre ambos equipos fue victoria aurinegra [&hellip;]<\/p>\n","protected":false},"author":28,"featured_media":68595,"comment_status":"open","ping_status":"closed","sticky":false,"template":"","format":"standard","meta":{"footnotes":""},"categories":[1],"tags":[97],"yoast_head":"<!-- This site is optimized with the Yoast SEO plugin v23.2 - https:\/\/yoast.com\/wordpress\/plugins\/seo\/ -->\n<title>Femenino: Goleada antes del Cl\u00e1sico - Padre y Decano - El Sitio del Pueblo<\/title>\n<meta name=\"robots\" content=\"index, follow, max-snippet:-1, max-image-preview:large, max-video-preview:-1\" \/>\n<link rel=\"canonical\" href=\"https:\/\/www.padreydecano.com\/cms\/noticias\/femenino-goleada-antes-del-clasico\/\" \/>\n<meta property=\"og:locale\" content=\"es_ES\" \/>\n<meta property=\"og:type\" content=\"article\" \/>\n<meta property=\"og:title\" content=\"Femenino: Goleada antes del Cl\u00e1sico - Padre y Decano - El Sitio del Pueblo\" \/>\n<meta property=\"og:description\" content=\"Pe\u00f1arol gole\u00f3 por 4-0 a San Jacinto Rentistas, este domingo en el Estadio Mario Vecino, por la 6ta fecha del Torneo Clausura. Las aurinegras llegaban a esta jornada con 4 triunfos y 1 empate. Las jugadoras viajaron hasta San Jacinto con un \u00fanico resultado en mente: ganar. El antecedente entre ambos equipos fue victoria aurinegra [&hellip;]\" \/>\n<meta property=\"og:url\" content=\"https:\/\/www.padreydecano.com\/cms\/noticias\/femenino-goleada-antes-del-clasico\/\" \/>\n<meta property=\"og:site_name\" content=\"Padre y Decano - El Sitio del Pueblo\" \/>\n<meta property=\"article:published_time\" content=\"2018-10-15T01:04:40+00:00\" \/>\n<meta property=\"og:image\" content=\"https:\/\/www.padreydecano.com\/cms\/wp-content\/uploads\/2018\/10\/FEME.jpg\" \/>\n\t<meta property=\"og:image:width\" content=\"1920\" \/>\n\t<meta property=\"og:image:height\" content=\"1080\" \/>\n\t<meta property=\"og:image:type\" content=\"image\/jpeg\" \/>\n<meta name=\"author\" content=\"Gonzalo\" \/>\n<meta name=\"twitter:card\" content=\"summary_large_image\" \/>\n<meta name=\"twitter:label1\" content=\"Escrito por\" \/>\n\t<meta name=\"twitter:data1\" content=\"Gonzalo\" \/>\n\t<meta name=\"twitter:label2\" content=\"Tiempo de lectura\" \/>\n\t<meta name=\"twitter:data2\" content=\"2 minutos\" \/>\n<script type=\"application\/ld+json\" class=\"yoast-schema-graph\">{\"@context\":\"https:\/\/schema.org\",\"@graph\":[{\"@type\":\"Article\",\"@id\":\"https:\/\/www.padreydecano.com\/cms\/noticias\/femenino-goleada-antes-del-clasico\/#article\",\"isPartOf\":{\"@id\":\"https:\/\/www.padreydecano.com\/cms\/noticias\/femenino-goleada-antes-del-clasico\/\"},\"author\":{\"name\":\"Gonzalo\",\"@id\":\"https:\/\/www.padreydecano.com\/cms\/#\/schema\/person\/3e2a4cfe3d316ff79509ec21362b322b\"},\"headline\":\"Femenino: Goleada antes del Cl\u00e1sico\",\"datePublished\":\"2018-10-15T01:04:40+00:00\",\"dateModified\":\"2018-10-15T01:04:40+00:00\",\"mainEntityOfPage\":{\"@id\":\"https:\/\/www.padreydecano.com\/cms\/noticias\/femenino-goleada-antes-del-clasico\/\"},\"wordCount\":313,\"commentCount\":3,\"publisher\":{\"@id\":\"https:\/\/www.padreydecano.com\/cms\/#organization\"},\"image\":{\"@id\":\"https:\/\/www.padreydecano.com\/cms\/noticias\/femenino-goleada-antes-del-clasico\/#primaryimage\"},\"thumbnailUrl\":\"https:\/\/www.padreydecano.com\/cms\/wp-content\/uploads\/2018\/10\/FEME.jpg\",\"keywords\":[\"F\u00fatbol Femenino\"],\"articleSection\":[\"Noticias\"],\"inLanguage\":\"es\",\"potentialAction\":[{\"@type\":\"CommentAction\",\"name\":\"Comment\",\"target\":[\"https:\/\/www.padreydecano.com\/cms\/noticias\/femenino-goleada-antes-del-clasico\/#respond\"]}]},{\"@type\":\"WebPage\",\"@id\":\"https:\/\/www.padreydecano.com\/cms\/noticias\/femenino-goleada-antes-del-clasico\/\",\"url\":\"https:\/\/www.padreydecano.com\/cms\/noticias\/femenino-goleada-antes-del-clasico\/\",\"name\":\"Femenino: Goleada antes del Cl\u00e1sico - Padre y Decano - El Sitio del Pueblo\",\"isPartOf\":{\"@id\":\"https:\/\/www.padreydecano.com\/cms\/#website\"},\"primaryImageOfPage\":{\"@id\":\"https:\/\/www.padreydecano.com\/cms\/noticias\/femenino-goleada-antes-del-clasico\/#primaryimage\"},\"image\":{\"@id\":\"https:\/\/www.padreydecano.com\/cms\/noticias\/femenino-goleada-antes-del-clasico\/#primaryimage\"},\"thumbnailUrl\":\"https:\/\/www.padreydecano.com\/cms\/wp-content\/uploads\/2018\/10\/FEME.jpg\",\"datePublished\":\"2018-10-15T01:04:40+00:00\",\"dateModified\":\"2018-10-15T01:04:40+00:00\",\"breadcrumb\":{\"@id\":\"https:\/\/www.padreydecano.com\/cms\/noticias\/femenino-goleada-antes-del-clasico\/#breadcrumb\"},\"inLanguage\":\"es\",\"potentialAction\":[{\"@type\":\"ReadAction\",\"target\":[\"https:\/\/www.padreydecano.com\/cms\/noticias\/femenino-goleada-antes-del-clasico\/\"]}]},{\"@type\":\"ImageObject\",\"inLanguage\":\"es\",\"@id\":\"https:\/\/www.padreydecano.com\/cms\/noticias\/femenino-goleada-antes-del-clasico\/#primaryimage\",\"url\":\"https:\/\/www.padreydecano.com\/cms\/wp-content\/uploads\/2018\/10\/FEME.jpg\",\"contentUrl\":\"https:\/\/www.padreydecano.com\/cms\/wp-content\/uploads\/2018\/10\/FEME.jpg\",\"width\":1920,\"height\":1080},{\"@type\":\"BreadcrumbList\",\"@id\":\"https:\/\/www.padreydecano.com\/cms\/noticias\/femenino-goleada-antes-del-clasico\/#breadcrumb\",\"itemListElement\":[{\"@type\":\"ListItem\",\"position\":1,\"name\":\"Portada\",\"item\":\"https:\/\/www.padreydecano.com\/cms\/\"},{\"@type\":\"ListItem\",\"position\":2,\"name\":\"Femenino: Goleada antes del Cl\u00e1sico\"}]},{\"@type\":\"WebSite\",\"@id\":\"https:\/\/www.padreydecano.com\/cms\/#website\",\"url\":\"https:\/\/www.padreydecano.com\/cms\/\",\"name\":\"Padre y Decano - El Sitio del Pueblo\",\"description\":\"Club Atl\u00e9tico Pe\u00f1arol\",\"publisher\":{\"@id\":\"https:\/\/www.padreydecano.com\/cms\/#organization\"},\"potentialAction\":[{\"@type\":\"SearchAction\",\"target\":{\"@type\":\"EntryPoint\",\"urlTemplate\":\"https:\/\/www.padreydecano.com\/cms\/?s={search_term_string}\"},\"query-input\":\"required name=search_term_string\"}],\"inLanguage\":\"es\"},{\"@type\":\"Organization\",\"@id\":\"https:\/\/www.padreydecano.com\/cms\/#organization\",\"name\":\"Padre y Decano\",\"url\":\"https:\/\/www.padreydecano.com\/cms\/\",\"logo\":{\"@type\":\"ImageObject\",\"inLanguage\":\"es\",\"@id\":\"https:\/\/www.padreydecano.com\/cms\/#\/schema\/logo\/image\/\",\"url\":\"https:\/\/www.padreydecano.com\/cms\/wp-content\/uploads\/2022\/01\/avatar-square.png\",\"contentUrl\":\"https:\/\/www.padreydecano.com\/cms\/wp-content\/uploads\/2022\/01\/avatar-square.png\",\"width\":1500,\"height\":1500,\"caption\":\"Padre y Decano\"},\"image\":{\"@id\":\"https:\/\/www.padreydecano.com\/cms\/#\/schema\/logo\/image\/\"}},{\"@type\":\"Person\",\"@id\":\"https:\/\/www.padreydecano.com\/cms\/#\/schema\/person\/3e2a4cfe3d316ff79509ec21362b322b\",\"name\":\"Gonzalo\",\"image\":{\"@type\":\"ImageObject\",\"inLanguage\":\"es\",\"@id\":\"https:\/\/www.padreydecano.com\/cms\/#\/schema\/person\/image\/\",\"url\":\"https:\/\/www.padreydecano.com\/cms\/wp-content\/uploads\/2022\/12\/escudo1997.jpg\",\"contentUrl\":\"https:\/\/www.padreydecano.com\/cms\/wp-content\/uploads\/2022\/12\/escudo1997.jpg\",\"caption\":\"Gonzalo\"}}]}<\/script>\n<!-- \/ Yoast SEO plugin. -->","yoast_head_json":{"title":"Femenino: Goleada antes del Cl\u00e1sico - Padre y Decano - El Sitio del Pueblo","robots":{"index":"index","follow":"follow","max-snippet":"max-snippet:-1","max-image-preview":"max-image-preview:large","max-video-preview":"max-video-preview:-1"},"canonical":"https:\/\/www.padreydecano.com\/cms\/noticias\/femenino-goleada-antes-del-clasico\/","og_locale":"es_ES","og_type":"article","og_title":"Femenino: Goleada antes del Cl\u00e1sico - Padre y Decano - El Sitio del Pueblo","og_description":"Pe\u00f1arol gole\u00f3 por 4-0 a San Jacinto Rentistas, este domingo en el Estadio Mario Vecino, por la 6ta fecha del Torneo Clausura. Las aurinegras llegaban a esta jornada con 4 triunfos y 1 empate. Las jugadoras viajaron hasta San Jacinto con un \u00fanico resultado en mente: ganar. El antecedente entre ambos equipos fue victoria aurinegra [&hellip;]","og_url":"https:\/\/www.padreydecano.com\/cms\/noticias\/femenino-goleada-antes-del-clasico\/","og_site_name":"Padre y Decano - El Sitio del Pueblo","article_published_time":"2018-10-15T01:04:40+00:00","og_image":[{"width":1920,"height":1080,"url":"https:\/\/www.padreydecano.com\/cms\/wp-content\/uploads\/2018\/10\/FEME.jpg","type":"image\/jpeg"}],"author":"Gonzalo","twitter_card":"summary_large_image","twitter_misc":{"Escrito por":"Gonzalo","Tiempo de lectura":"2 minutos"},"schema":{"@context":"https:\/\/schema.org","@graph":[{"@type":"Article","@id":"https:\/\/www.padreydecano.com\/cms\/noticias\/femenino-goleada-antes-del-clasico\/#article","isPartOf":{"@id":"https:\/\/www.padreydecano.com\/cms\/noticias\/femenino-goleada-antes-del-clasico\/"},"author":{"name":"Gonzalo","@id":"https:\/\/www.padreydecano.com\/cms\/#\/schema\/person\/3e2a4cfe3d316ff79509ec21362b322b"},"headline":"Femenino: Goleada antes del Cl\u00e1sico","datePublished":"2018-10-15T01:04:40+00:00","dateModified":"2018-10-15T01:04:40+00:00","mainEntityOfPage":{"@id":"https:\/\/www.padreydecano.com\/cms\/noticias\/femenino-goleada-antes-del-clasico\/"},"wordCount":313,"commentCount":3,"publisher":{"@id":"https:\/\/www.padreydecano.com\/cms\/#organization"},"image":{"@id":"https:\/\/www.padreydecano.com\/cms\/noticias\/femenino-goleada-antes-del-clasico\/#primaryimage"},"thumbnailUrl":"https:\/\/www.padreydecano.com\/cms\/wp-content\/uploads\/2018\/10\/FEME.jpg","keywords":["F\u00fatbol Femenino"],"articleSection":["Noticias"],"inLanguage":"es","potentialAction":[{"@type":"CommentAction","name":"Comment","target":["https:\/\/www.padreydecano.com\/cms\/noticias\/femenino-goleada-antes-del-clasico\/#respond"]}]},{"@type":"WebPage","@id":"https:\/\/www.padreydecano.com\/cms\/noticias\/femenino-goleada-antes-del-clasico\/","url":"https:\/\/www.padreydecano.com\/cms\/noticias\/femenino-goleada-antes-del-clasico\/","name":"Femenino: Goleada antes del Cl\u00e1sico - Padre y Decano - El Sitio del Pueblo","isPartOf":{"@id":"https:\/\/www.padreydecano.com\/cms\/#website"},"primaryImageOfPage":{"@id":"https:\/\/www.padreydecano.com\/cms\/noticias\/femenino-goleada-antes-del-clasico\/#primaryimage"},"image":{"@id":"https:\/\/www.padreydecano.com\/cms\/noticias\/femenino-goleada-antes-del-clasico\/#primaryimage"},"thumbnailUrl":"https:\/\/www.padreydecano.com\/cms\/wp-content\/uploads\/2018\/10\/FEME.jpg","datePublished":"2018-10-15T01:04:40+00:00","dateModified":"2018-10-15T01:04:40+00:00","breadcrumb":{"@id":"https:\/\/www.padreydecano.com\/cms\/noticias\/femenino-goleada-antes-del-clasico\/#breadcrumb"},"inLanguage":"es","potentialAction":[{"@type":"ReadAction","target":["https:\/\/www.padreydecano.com\/cms\/noticias\/femenino-goleada-antes-del-clasico\/"]}]},{"@type":"ImageObject","inLanguage":"es","@id":"https:\/\/www.padreydecano.com\/cms\/noticias\/femenino-goleada-antes-del-clasico\/#primaryimage","url":"https:\/\/www.padreydecano.com\/cms\/wp-content\/uploads\/2018\/10\/FEME.jpg","contentUrl":"https:\/\/www.padreydecano.com\/cms\/wp-content\/uploads\/2018\/10\/FEME.jpg","width":1920,"height":1080},{"@type":"BreadcrumbList","@id":"https:\/\/www.padreydecano.com\/cms\/noticias\/femenino-goleada-antes-del-clasico\/#breadcrumb","itemListElement":[{"@type":"ListItem","position":1,"name":"Portada","item":"https:\/\/www.padreydecano.com\/cms\/"},{"@type":"ListItem","position":2,"name":"Femenino: Goleada antes del Cl\u00e1sico"}]},{"@type":"WebSite","@id":"https:\/\/www.padreydecano.com\/cms\/#website","url":"https:\/\/www.padreydecano.com\/cms\/","name":"Padre y Decano - El Sitio del Pueblo","description":"Club Atl\u00e9tico Pe\u00f1arol","publisher":{"@id":"https:\/\/www.padreydecano.com\/cms\/#organization"},"potentialAction":[{"@type":"SearchAction","target":{"@type":"EntryPoint","urlTemplate":"https:\/\/www.padreydecano.com\/cms\/?s={search_term_string}"},"query-input":"required name=search_term_string"}],"inLanguage":"es"},{"@type":"Organization","@id":"https:\/\/www.padreydecano.com\/cms\/#organization","name":"Padre y Decano","url":"https:\/\/www.padreydecano.com\/cms\/","logo":{"@type":"ImageObject","inLanguage":"es","@id":"https:\/\/www.padreydecano.com\/cms\/#\/schema\/logo\/image\/","url":"https:\/\/www.padreydecano.com\/cms\/wp-content\/uploads\/2022\/01\/avatar-square.png","contentUrl":"https:\/\/www.padreydecano.com\/cms\/wp-content\/uploads\/2022\/01\/avatar-square.png","width":1500,"height":1500,"caption":"Padre y Decano"},"image":{"@id":"https:\/\/www.padreydecano.com\/cms\/#\/schema\/logo\/image\/"}},{"@type":"Person","@id":"https:\/\/www.padreydecano.com\/cms\/#\/schema\/person\/3e2a4cfe3d316ff79509ec21362b322b","name":"Gonzalo","image":{"@type":"ImageObject","inLanguage":"es","@id":"https:\/\/www.padreydecano.com\/cms\/#\/schema\/person\/image\/","url":"https:\/\/www.padreydecano.com\/cms\/wp-content\/uploads\/2022\/12\/escudo1997.jpg","contentUrl":"https:\/\/www.padreydecano.com\/cms\/wp-content\/uploads\/2022\/12\/escudo1997.jpg","caption":"Gonzalo"}}]}},"_links":{"self":[{"href":"https:\/\/www.padreydecano.com\/cms\/wp-json\/wp\/v2\/posts\/68594"}],"collection":[{"href":"https:\/\/www.padreydecano.com\/cms\/wp-json\/wp\/v2\/posts"}],"about":[{"href":"https:\/\/www.padreydecano.com\/cms\/wp-json\/wp\/v2\/types\/post"}],"author":[{"embeddable":true,"href":"https:\/\/www.padreydecano.com\/cms\/wp-json\/wp\/v2\/users\/28"}],"replies":[{"embeddable":true,"href":"https:\/\/www.padreydecano.com\/cms\/wp-json\/wp\/v2\/comments?post=68594"}],"version-history":[{"count":0,"href":"https:\/\/www.padreydecano.com\/cms\/wp-json\/wp\/v2\/posts\/68594\/revisions"}],"wp:featuredmedia":[{"embeddable":true,"href":"https:\/\/www.padreydecano.com\/cms\/wp-json\/wp\/v2\/media\/68595"}],"wp:attachment":[{"href":"https:\/\/www.padreydecano.com\/cms\/wp-json\/wp\/v2\/media?parent=68594"}],"wp:term":[{"taxonomy":"category","embeddable":true,"href":"https:\/\/www.padreydecano.com\/cms\/wp-json\/wp\/v2\/categories?post=68594"},{"taxonomy":"post_tag","embeddable":true,"href":"https:\/\/www.padreydecano.com\/cms\/wp-json\/wp\/v2\/tags?post=68594"}],"curies":[{"name":"wp","href":"https:\/\/api.w.org\/{rel}","templated":true}]}}