{"id":68516,"date":"2018-10-06T16:04:29","date_gmt":"2018-10-06T19:04:29","guid":{"rendered":"http:\/\/www.padreydecano.com\/cms\/?p=68516"},"modified":"2018-10-08T11:00:40","modified_gmt":"2018-10-08T14:00:40","slug":"para-volver-a-sumar-de-a-3","status":"publish","type":"post","link":"https:\/\/www.padreydecano.com\/cms\/noticias\/para-volver-a-sumar-de-a-3\/","title":{"rendered":"Para volver a sumar de a 3"},"content":{"rendered":"<p><a href=\"https:\/\/www.padreydecano.com\/cms\/wp-content\/uploads\/2018\/09\/final3.jpg\" rel=\"shadowbox[sbpost-68516];player=img;\"><img loading=\"lazy\" decoding=\"async\" class=\"aligncenter size-full wp-image-68353\" src=\"https:\/\/www.padreydecano.com\/cms\/wp-content\/uploads\/2018\/09\/final3.jpg\" alt=\"\" width=\"1139\" height=\"760\" srcset=\"https:\/\/www.padreydecano.com\/cms\/wp-content\/uploads\/2018\/09\/final3.jpg 1139w, https:\/\/www.padreydecano.com\/cms\/wp-content\/uploads\/2018\/09\/final3-600x400.jpg 600w, https:\/\/www.padreydecano.com\/cms\/wp-content\/uploads\/2018\/09\/final3-768x512.jpg 768w, https:\/\/www.padreydecano.com\/cms\/wp-content\/uploads\/2018\/09\/final3-1024x683.jpg 1024w\" sizes=\"(max-width: 1139px) 100vw, 1139px\" \/><\/a><\/p>\n<p style=\"text-align: justify;\">Pe\u00f1arol visitar\u00e1 a Rampla Juniors en el Estadio Centenario, el domingo a las 18.00 horas por la 11\u00b0 fecha del Torneo Clausura 2018. El carbonero tiene que volver a la senda de los 3 puntos para continuar siendo l\u00edder del Torneo Clausura.<\/p>\n<p style=\"text-align: justify;\">Diego L\u00f3pez no podr\u00e1 contar con el capit\u00e1n aurinegro Cristian Rodr\u00edguez ni con su compa\u00f1ero de marca Guzm\u00e1n Pereira, ya que el &#8216;Cebolla&#8217; recibi\u00f3 injustamente doble amarilla y por ende roja en el empate ante Torque, mientras que Guzm\u00e1n recibi\u00f3 la quinta amrilla en el torneo. El que s\u00ed vuelve a estar a la orden es Kevin Dawson; hab\u00eda sido expulsado ante Danubio y cumpli\u00f3 su sanci\u00f3n ante Torque. Tambi\u00e9n vuelve Lucas Hern\u00e1ndez tras superar un estado gripal.<\/p>\n<p style=\"text-align: justify;\"><strong><span style=\"color: #ffcc00;\">El equipo<\/span><\/strong><\/p>\n<p style=\"text-align: justify;\">Con estas bajas y la vuelta de Dawson, el equipo de Diego L\u00f3pez probablemente sea con: <strong>Kevin Dawson<\/strong> en el arco; <strong>Ezequiel Busquets<\/strong>, <strong>Fabricio Formiliano<\/strong>, <strong>Carlos Rodr\u00edguez<\/strong> y <strong>Lucas Hern\u00e1ndez<\/strong> en la defensa; <strong>Fabi\u00e1n Estoyanoff<\/strong>, <strong>Gonzalo Freitas<\/strong>, <strong>Ignacio Lores<\/strong> y <strong>Agust\u00edn Canobbio<\/strong> en la mitad de cancha; y arriba <strong>Lucas Viatri<\/strong> acompa\u00f1ado del mejor jugador del mes de agosto y septiembre, <strong>Gabriel Fern\u00e1ndez.<\/strong><\/p>\n<p style=\"text-align: justify;\"><strong><span style=\"color: #ffcc00;\">Convocados<\/span><\/strong><\/p>\n<p style=\"text-align: justify;\">El resto de los convocados son: <strong>Thiago Cardozo<\/strong>, <strong>Carlos Matheu<\/strong>, <strong>Rodrigo Rojo<\/strong>, <strong>Marcel Novick<\/strong>, <strong>Giovanni Gonz\u00e1lez<\/strong>, <strong>Maximiliano Rodr\u00edguez<\/strong>, <strong>Rodrigo Pi\u00f1eiro<\/strong> y <strong>Darwin N\u00fa\u00f1ez.<\/strong> Uno de estos quedar\u00e1 fuera del banco de suplentes.<\/p>\n<p style=\"text-align: justify;\"><strong><span style=\"color: #ffcc00;\">El rival<\/span><\/strong><\/p>\n<p style=\"text-align: justify;\">Rampla se encuentra s\u00e9ptimo en el Torneo Clausura con 14 puntos, producto de 4 victorias, 2 empates y 4 derrotas.<\/p>\n<p style=\"text-align: justify;\">En su \u00faltimo partido el &#8216;picapiedra&#8217; igual\u00f3 sin goles ante Boston River, el equipo de Julio Ant\u00fanez form\u00f3 con: Federico Silveira; Alejandro Furia (ex Pe\u00f1arol), Mat\u00edas Soto, Gonzalo Rizzo y Camilo C\u00e1ndido; Nicol\u00e1s Rocha, Gast\u00f3n D\u00edaz y Hugo Dorrego; Cristian Olivera; Diego Marti\u00f1ones y Mat\u00edas Rigoleto.<\/p>\n<p style=\"text-align: justify;\"><strong><span style=\"color: #ffcc00;\">Camiseta aniversario<\/span><\/strong><\/p>\n<p><a href=\"https:\/\/www.padreydecano.com\/cms\/wp-content\/uploads\/2018\/09\/camiseta-campeon-del-siglo.jpg\" rel=\"shadowbox[sbpost-68516];player=img;\"><img loading=\"lazy\" decoding=\"async\" class=\"aligncenter size-full wp-image-68287\" src=\"https:\/\/www.padreydecano.com\/cms\/wp-content\/uploads\/2018\/09\/camiseta-campeon-del-siglo.jpg\" alt=\"\" width=\"1000\" height=\"563\" srcset=\"https:\/\/www.padreydecano.com\/cms\/wp-content\/uploads\/2018\/09\/camiseta-campeon-del-siglo.jpg 1000w, https:\/\/www.padreydecano.com\/cms\/wp-content\/uploads\/2018\/09\/camiseta-campeon-del-siglo-600x338.jpg 600w, https:\/\/www.padreydecano.com\/cms\/wp-content\/uploads\/2018\/09\/camiseta-campeon-del-siglo-768x432.jpg 768w\" sizes=\"(max-width: 1000px) 100vw, 1000px\" \/><\/a><\/p>\n<p style=\"text-align: justify;\">En el choque ante el &#8216;picapiedra&#8217; los futbolistas aurinegros lucir\u00e1n la flamante camiseta &#8216;Campe\u00f3n del Siglo&#8217;, en honor al aniversario 127 del Club celebrado el pasado 28 de Septiembre. Cada hincha aurinegro con su entrada del partido ante Rampla participar\u00e1 de un sorteo por la camiseta de alg\u00fan jugador titular.<\/p>\n<p style=\"text-align: justify;\"><strong><span style=\"color: #ffcc00;\">\u00c1rbitros<\/span><\/strong><\/p>\n<p style=\"text-align: justify;\">El \u00e1rbitro principal ser\u00e1 <strong>Daniel Fedorczuk<\/strong>, lo asistir\u00e1n Miguel Nievas y Eduardo Aguirre. Antonio Garc\u00eda ser\u00e1 el cuarto \u00e1rbitro.<\/p>\n<p style=\"text-align: justify;\"><strong><span style=\"color: #ffcc00;\">Entradas<\/span><\/strong><\/p>\n<p style=\"text-align: justify;\">Hay alrededor de 7.000 entradas vendidas hasta el momento, las entradas se pueden adquirir hasta el d\u00eda s\u00e1bado inclusive en los locales de RedPagos o a trav\u00e9s de redtickes.uy.com hasta la hora del partido.<\/p>\n<p style=\"text-align: justify;\"><strong><span style=\"color: #808080;\">Socios<\/span>:<\/strong><br \/>\n\u00c1msterdam $200<br \/>\nOl\u00edmpica $300<br \/>\nAm\u00e9rica $500<\/p>\n<p style=\"text-align: justify;\"><strong><span style=\"color: #808080;\">Generales<\/span>:<\/strong><br \/>\n\u00c1msterdam $300<br \/>\nOl\u00edmpica $400<br \/>\nAm\u00e9rica $600<\/p>\n","protected":false},"excerpt":{"rendered":"<p>Pe\u00f1arol visitar\u00e1 a Rampla Juniors en el Estadio Centenario, el domingo a las 18.00 horas por la 11\u00b0 fecha del Torneo Clausura 2018. El carbonero tiene que volver a la senda de los 3 puntos para continuar siendo l\u00edder del Torneo Clausura. Diego L\u00f3pez no podr\u00e1 contar con el capit\u00e1n aurinegro Cristian Rodr\u00edguez ni con [&hellip;]<\/p>\n","protected":false},"author":27,"featured_media":68353,"comment_status":"open","ping_status":"closed","sticky":false,"template":"","format":"standard","meta":{"footnotes":""},"categories":[7,1],"tags":[],"yoast_head":"<!-- This site is optimized with the Yoast SEO plugin v23.2 - https:\/\/yoast.com\/wordpress\/plugins\/seo\/ -->\n<title>Para volver a sumar de a 3 - Padre y Decano - El Sitio del Pueblo<\/title>\n<meta name=\"robots\" content=\"index, follow, max-snippet:-1, max-image-preview:large, max-video-preview:-1\" \/>\n<link rel=\"canonical\" href=\"https:\/\/www.padreydecano.com\/cms\/noticias\/para-volver-a-sumar-de-a-3\/\" \/>\n<meta property=\"og:locale\" content=\"es_ES\" \/>\n<meta property=\"og:type\" content=\"article\" \/>\n<meta property=\"og:title\" content=\"Para volver a sumar de a 3 - Padre y Decano - El Sitio del Pueblo\" \/>\n<meta property=\"og:description\" content=\"Pe\u00f1arol visitar\u00e1 a Rampla Juniors en el Estadio Centenario, el domingo a las 18.00 horas por la 11\u00b0 fecha del Torneo Clausura 2018. El carbonero tiene que volver a la senda de los 3 puntos para continuar siendo l\u00edder del Torneo Clausura. Diego L\u00f3pez no podr\u00e1 contar con el capit\u00e1n aurinegro Cristian Rodr\u00edguez ni con [&hellip;]\" \/>\n<meta property=\"og:url\" content=\"https:\/\/www.padreydecano.com\/cms\/noticias\/para-volver-a-sumar-de-a-3\/\" \/>\n<meta property=\"og:site_name\" content=\"Padre y Decano - El Sitio del Pueblo\" \/>\n<meta property=\"article:published_time\" content=\"2018-10-06T19:04:29+00:00\" \/>\n<meta property=\"article:modified_time\" content=\"2018-10-08T14:00:40+00:00\" \/>\n<meta property=\"og:image\" content=\"https:\/\/www.padreydecano.com\/cms\/wp-content\/uploads\/2018\/09\/final3.jpg\" \/>\n\t<meta property=\"og:image:width\" content=\"1139\" \/>\n\t<meta property=\"og:image:height\" content=\"760\" \/>\n\t<meta property=\"og:image:type\" content=\"image\/jpeg\" \/>\n<meta name=\"author\" content=\"Redactores Padre y Decano\" \/>\n<meta name=\"twitter:card\" content=\"summary_large_image\" \/>\n<meta name=\"twitter:label1\" content=\"Escrito por\" \/>\n\t<meta name=\"twitter:data1\" content=\"Redactores Padre y Decano\" \/>\n\t<meta name=\"twitter:label2\" content=\"Tiempo de lectura\" \/>\n\t<meta name=\"twitter:data2\" content=\"2 minutos\" \/>\n<script type=\"application\/ld+json\" class=\"yoast-schema-graph\">{\"@context\":\"https:\/\/schema.org\",\"@graph\":[{\"@type\":\"Article\",\"@id\":\"https:\/\/www.padreydecano.com\/cms\/noticias\/para-volver-a-sumar-de-a-3\/#article\",\"isPartOf\":{\"@id\":\"https:\/\/www.padreydecano.com\/cms\/noticias\/para-volver-a-sumar-de-a-3\/\"},\"author\":{\"name\":\"Redactores Padre y Decano\",\"@id\":\"https:\/\/www.padreydecano.com\/cms\/#\/schema\/person\/37aae8f93aa78e4c5385497f056e3246\"},\"headline\":\"Para volver a sumar de a 3\",\"datePublished\":\"2018-10-06T19:04:29+00:00\",\"dateModified\":\"2018-10-08T14:00:40+00:00\",\"mainEntityOfPage\":{\"@id\":\"https:\/\/www.padreydecano.com\/cms\/noticias\/para-volver-a-sumar-de-a-3\/\"},\"wordCount\":443,\"commentCount\":16,\"publisher\":{\"@id\":\"https:\/\/www.padreydecano.com\/cms\/#organization\"},\"image\":{\"@id\":\"https:\/\/www.padreydecano.com\/cms\/noticias\/para-volver-a-sumar-de-a-3\/#primaryimage\"},\"thumbnailUrl\":\"https:\/\/www.padreydecano.com\/cms\/wp-content\/uploads\/2018\/09\/final3.jpg\",\"articleSection\":[\"Los Aromos\",\"Noticias\"],\"inLanguage\":\"es\",\"potentialAction\":[{\"@type\":\"CommentAction\",\"name\":\"Comment\",\"target\":[\"https:\/\/www.padreydecano.com\/cms\/noticias\/para-volver-a-sumar-de-a-3\/#respond\"]}]},{\"@type\":\"WebPage\",\"@id\":\"https:\/\/www.padreydecano.com\/cms\/noticias\/para-volver-a-sumar-de-a-3\/\",\"url\":\"https:\/\/www.padreydecano.com\/cms\/noticias\/para-volver-a-sumar-de-a-3\/\",\"name\":\"Para volver a sumar de a 3 - Padre y Decano - El Sitio del Pueblo\",\"isPartOf\":{\"@id\":\"https:\/\/www.padreydecano.com\/cms\/#website\"},\"primaryImageOfPage\":{\"@id\":\"https:\/\/www.padreydecano.com\/cms\/noticias\/para-volver-a-sumar-de-a-3\/#primaryimage\"},\"image\":{\"@id\":\"https:\/\/www.padreydecano.com\/cms\/noticias\/para-volver-a-sumar-de-a-3\/#primaryimage\"},\"thumbnailUrl\":\"https:\/\/www.padreydecano.com\/cms\/wp-content\/uploads\/2018\/09\/final3.jpg\",\"datePublished\":\"2018-10-06T19:04:29+00:00\",\"dateModified\":\"2018-10-08T14:00:40+00:00\",\"breadcrumb\":{\"@id\":\"https:\/\/www.padreydecano.com\/cms\/noticias\/para-volver-a-sumar-de-a-3\/#breadcrumb\"},\"inLanguage\":\"es\",\"potentialAction\":[{\"@type\":\"ReadAction\",\"target\":[\"https:\/\/www.padreydecano.com\/cms\/noticias\/para-volver-a-sumar-de-a-3\/\"]}]},{\"@type\":\"ImageObject\",\"inLanguage\":\"es\",\"@id\":\"https:\/\/www.padreydecano.com\/cms\/noticias\/para-volver-a-sumar-de-a-3\/#primaryimage\",\"url\":\"https:\/\/www.padreydecano.com\/cms\/wp-content\/uploads\/2018\/09\/final3.jpg\",\"contentUrl\":\"https:\/\/www.padreydecano.com\/cms\/wp-content\/uploads\/2018\/09\/final3.jpg\",\"width\":1139,\"height\":760},{\"@type\":\"BreadcrumbList\",\"@id\":\"https:\/\/www.padreydecano.com\/cms\/noticias\/para-volver-a-sumar-de-a-3\/#breadcrumb\",\"itemListElement\":[{\"@type\":\"ListItem\",\"position\":1,\"name\":\"Portada\",\"item\":\"https:\/\/www.padreydecano.com\/cms\/\"},{\"@type\":\"ListItem\",\"position\":2,\"name\":\"Para volver a sumar de a 3\"}]},{\"@type\":\"WebSite\",\"@id\":\"https:\/\/www.padreydecano.com\/cms\/#website\",\"url\":\"https:\/\/www.padreydecano.com\/cms\/\",\"name\":\"Padre y Decano - El Sitio del Pueblo\",\"description\":\"Club Atl\u00e9tico Pe\u00f1arol\",\"publisher\":{\"@id\":\"https:\/\/www.padreydecano.com\/cms\/#organization\"},\"potentialAction\":[{\"@type\":\"SearchAction\",\"target\":{\"@type\":\"EntryPoint\",\"urlTemplate\":\"https:\/\/www.padreydecano.com\/cms\/?s={search_term_string}\"},\"query-input\":\"required name=search_term_string\"}],\"inLanguage\":\"es\"},{\"@type\":\"Organization\",\"@id\":\"https:\/\/www.padreydecano.com\/cms\/#organization\",\"name\":\"Padre y Decano\",\"url\":\"https:\/\/www.padreydecano.com\/cms\/\",\"logo\":{\"@type\":\"ImageObject\",\"inLanguage\":\"es\",\"@id\":\"https:\/\/www.padreydecano.com\/cms\/#\/schema\/logo\/image\/\",\"url\":\"https:\/\/www.padreydecano.com\/cms\/wp-content\/uploads\/2022\/01\/avatar-square.png\",\"contentUrl\":\"https:\/\/www.padreydecano.com\/cms\/wp-content\/uploads\/2022\/01\/avatar-square.png\",\"width\":1500,\"height\":1500,\"caption\":\"Padre y Decano\"},\"image\":{\"@id\":\"https:\/\/www.padreydecano.com\/cms\/#\/schema\/logo\/image\/\"}},{\"@type\":\"Person\",\"@id\":\"https:\/\/www.padreydecano.com\/cms\/#\/schema\/person\/37aae8f93aa78e4c5385497f056e3246\",\"name\":\"Redactores Padre y Decano\",\"image\":{\"@type\":\"ImageObject\",\"inLanguage\":\"es\",\"@id\":\"https:\/\/www.padreydecano.com\/cms\/#\/schema\/person\/image\/\",\"url\":\"https:\/\/secure.gravatar.com\/avatar\/8810c4b9081192b118b104af54549af8?s=96&d=https%3A%2F%2Fpadreydecano.com%2Fcms%2Fwp-content%2Fthemes%2Fpyd-theme%2Fimg%2Fdefault-avatar.png&r=g\",\"contentUrl\":\"https:\/\/secure.gravatar.com\/avatar\/8810c4b9081192b118b104af54549af8?s=96&d=https%3A%2F%2Fpadreydecano.com%2Fcms%2Fwp-content%2Fthemes%2Fpyd-theme%2Fimg%2Fdefault-avatar.png&r=g\",\"caption\":\"Redactores Padre y Decano\"},\"sameAs\":[\"http:\/\/www.padreydecano.com\"]}]}<\/script>\n<!-- \/ Yoast SEO plugin. -->","yoast_head_json":{"title":"Para volver a sumar de a 3 - Padre y Decano - El Sitio del Pueblo","robots":{"index":"index","follow":"follow","max-snippet":"max-snippet:-1","max-image-preview":"max-image-preview:large","max-video-preview":"max-video-preview:-1"},"canonical":"https:\/\/www.padreydecano.com\/cms\/noticias\/para-volver-a-sumar-de-a-3\/","og_locale":"es_ES","og_type":"article","og_title":"Para volver a sumar de a 3 - Padre y Decano - El Sitio del Pueblo","og_description":"Pe\u00f1arol visitar\u00e1 a Rampla Juniors en el Estadio Centenario, el domingo a las 18.00 horas por la 11\u00b0 fecha del Torneo Clausura 2018. El carbonero tiene que volver a la senda de los 3 puntos para continuar siendo l\u00edder del Torneo Clausura. Diego L\u00f3pez no podr\u00e1 contar con el capit\u00e1n aurinegro Cristian Rodr\u00edguez ni con [&hellip;]","og_url":"https:\/\/www.padreydecano.com\/cms\/noticias\/para-volver-a-sumar-de-a-3\/","og_site_name":"Padre y Decano - El Sitio del Pueblo","article_published_time":"2018-10-06T19:04:29+00:00","article_modified_time":"2018-10-08T14:00:40+00:00","og_image":[{"width":1139,"height":760,"url":"https:\/\/www.padreydecano.com\/cms\/wp-content\/uploads\/2018\/09\/final3.jpg","type":"image\/jpeg"}],"author":"Redactores Padre y Decano","twitter_card":"summary_large_image","twitter_misc":{"Escrito por":"Redactores Padre y Decano","Tiempo de lectura":"2 minutos"},"schema":{"@context":"https:\/\/schema.org","@graph":[{"@type":"Article","@id":"https:\/\/www.padreydecano.com\/cms\/noticias\/para-volver-a-sumar-de-a-3\/#article","isPartOf":{"@id":"https:\/\/www.padreydecano.com\/cms\/noticias\/para-volver-a-sumar-de-a-3\/"},"author":{"name":"Redactores Padre y Decano","@id":"https:\/\/www.padreydecano.com\/cms\/#\/schema\/person\/37aae8f93aa78e4c5385497f056e3246"},"headline":"Para volver a sumar de a 3","datePublished":"2018-10-06T19:04:29+00:00","dateModified":"2018-10-08T14:00:40+00:00","mainEntityOfPage":{"@id":"https:\/\/www.padreydecano.com\/cms\/noticias\/para-volver-a-sumar-de-a-3\/"},"wordCount":443,"commentCount":16,"publisher":{"@id":"https:\/\/www.padreydecano.com\/cms\/#organization"},"image":{"@id":"https:\/\/www.padreydecano.com\/cms\/noticias\/para-volver-a-sumar-de-a-3\/#primaryimage"},"thumbnailUrl":"https:\/\/www.padreydecano.com\/cms\/wp-content\/uploads\/2018\/09\/final3.jpg","articleSection":["Los Aromos","Noticias"],"inLanguage":"es","potentialAction":[{"@type":"CommentAction","name":"Comment","target":["https:\/\/www.padreydecano.com\/cms\/noticias\/para-volver-a-sumar-de-a-3\/#respond"]}]},{"@type":"WebPage","@id":"https:\/\/www.padreydecano.com\/cms\/noticias\/para-volver-a-sumar-de-a-3\/","url":"https:\/\/www.padreydecano.com\/cms\/noticias\/para-volver-a-sumar-de-a-3\/","name":"Para volver a sumar de a 3 - Padre y Decano - El Sitio del Pueblo","isPartOf":{"@id":"https:\/\/www.padreydecano.com\/cms\/#website"},"primaryImageOfPage":{"@id":"https:\/\/www.padreydecano.com\/cms\/noticias\/para-volver-a-sumar-de-a-3\/#primaryimage"},"image":{"@id":"https:\/\/www.padreydecano.com\/cms\/noticias\/para-volver-a-sumar-de-a-3\/#primaryimage"},"thumbnailUrl":"https:\/\/www.padreydecano.com\/cms\/wp-content\/uploads\/2018\/09\/final3.jpg","datePublished":"2018-10-06T19:04:29+00:00","dateModified":"2018-10-08T14:00:40+00:00","breadcrumb":{"@id":"https:\/\/www.padreydecano.com\/cms\/noticias\/para-volver-a-sumar-de-a-3\/#breadcrumb"},"inLanguage":"es","potentialAction":[{"@type":"ReadAction","target":["https:\/\/www.padreydecano.com\/cms\/noticias\/para-volver-a-sumar-de-a-3\/"]}]},{"@type":"ImageObject","inLanguage":"es","@id":"https:\/\/www.padreydecano.com\/cms\/noticias\/para-volver-a-sumar-de-a-3\/#primaryimage","url":"https:\/\/www.padreydecano.com\/cms\/wp-content\/uploads\/2018\/09\/final3.jpg","contentUrl":"https:\/\/www.padreydecano.com\/cms\/wp-content\/uploads\/2018\/09\/final3.jpg","width":1139,"height":760},{"@type":"BreadcrumbList","@id":"https:\/\/www.padreydecano.com\/cms\/noticias\/para-volver-a-sumar-de-a-3\/#breadcrumb","itemListElement":[{"@type":"ListItem","position":1,"name":"Portada","item":"https:\/\/www.padreydecano.com\/cms\/"},{"@type":"ListItem","position":2,"name":"Para volver a sumar de a 3"}]},{"@type":"WebSite","@id":"https:\/\/www.padreydecano.com\/cms\/#website","url":"https:\/\/www.padreydecano.com\/cms\/","name":"Padre y Decano - El Sitio del Pueblo","description":"Club Atl\u00e9tico Pe\u00f1arol","publisher":{"@id":"https:\/\/www.padreydecano.com\/cms\/#organization"},"potentialAction":[{"@type":"SearchAction","target":{"@type":"EntryPoint","urlTemplate":"https:\/\/www.padreydecano.com\/cms\/?s={search_term_string}"},"query-input":"required name=search_term_string"}],"inLanguage":"es"},{"@type":"Organization","@id":"https:\/\/www.padreydecano.com\/cms\/#organization","name":"Padre y Decano","url":"https:\/\/www.padreydecano.com\/cms\/","logo":{"@type":"ImageObject","inLanguage":"es","@id":"https:\/\/www.padreydecano.com\/cms\/#\/schema\/logo\/image\/","url":"https:\/\/www.padreydecano.com\/cms\/wp-content\/uploads\/2022\/01\/avatar-square.png","contentUrl":"https:\/\/www.padreydecano.com\/cms\/wp-content\/uploads\/2022\/01\/avatar-square.png","width":1500,"height":1500,"caption":"Padre y Decano"},"image":{"@id":"https:\/\/www.padreydecano.com\/cms\/#\/schema\/logo\/image\/"}},{"@type":"Person","@id":"https:\/\/www.padreydecano.com\/cms\/#\/schema\/person\/37aae8f93aa78e4c5385497f056e3246","name":"Redactores Padre y Decano","image":{"@type":"ImageObject","inLanguage":"es","@id":"https:\/\/www.padreydecano.com\/cms\/#\/schema\/person\/image\/","url":"https:\/\/secure.gravatar.com\/avatar\/8810c4b9081192b118b104af54549af8?s=96&d=https%3A%2F%2Fpadreydecano.com%2Fcms%2Fwp-content%2Fthemes%2Fpyd-theme%2Fimg%2Fdefault-avatar.png&r=g","contentUrl":"https:\/\/secure.gravatar.com\/avatar\/8810c4b9081192b118b104af54549af8?s=96&d=https%3A%2F%2Fpadreydecano.com%2Fcms%2Fwp-content%2Fthemes%2Fpyd-theme%2Fimg%2Fdefault-avatar.png&r=g","caption":"Redactores Padre y Decano"},"sameAs":["http:\/\/www.padreydecano.com"]}]}},"_links":{"self":[{"href":"https:\/\/www.padreydecano.com\/cms\/wp-json\/wp\/v2\/posts\/68516"}],"collection":[{"href":"https:\/\/www.padreydecano.com\/cms\/wp-json\/wp\/v2\/posts"}],"about":[{"href":"https:\/\/www.padreydecano.com\/cms\/wp-json\/wp\/v2\/types\/post"}],"author":[{"embeddable":true,"href":"https:\/\/www.padreydecano.com\/cms\/wp-json\/wp\/v2\/users\/27"}],"replies":[{"embeddable":true,"href":"https:\/\/www.padreydecano.com\/cms\/wp-json\/wp\/v2\/comments?post=68516"}],"version-history":[{"count":0,"href":"https:\/\/www.padreydecano.com\/cms\/wp-json\/wp\/v2\/posts\/68516\/revisions"}],"wp:featuredmedia":[{"embeddable":true,"href":"https:\/\/www.padreydecano.com\/cms\/wp-json\/wp\/v2\/media\/68353"}],"wp:attachment":[{"href":"https:\/\/www.padreydecano.com\/cms\/wp-json\/wp\/v2\/media?parent=68516"}],"wp:term":[{"taxonomy":"category","embeddable":true,"href":"https:\/\/www.padreydecano.com\/cms\/wp-json\/wp\/v2\/categories?post=68516"},{"taxonomy":"post_tag","embeddable":true,"href":"https:\/\/www.padreydecano.com\/cms\/wp-json\/wp\/v2\/tags?post=68516"}],"curies":[{"name":"wp","href":"https:\/\/api.w.org\/{rel}","templated":true}]}}