{"id":67549,"date":"2018-07-06T15:02:21","date_gmt":"2018-07-06T18:02:21","guid":{"rendered":"http:\/\/www.padreydecano.com\/cms\/?p=67549"},"modified":"2018-07-06T15:02:21","modified_gmt":"2018-07-06T18:02:21","slug":"arriba-muchachos","status":"publish","type":"post","link":"https:\/\/www.padreydecano.com\/cms\/noticias\/arriba-muchachos\/","title":{"rendered":"\u00a1Arriba muchachos!"},"content":{"rendered":"<div id=\"attachment_67550\" style=\"width: 810px\" class=\"wp-caption aligncenter\"><a href=\"https:\/\/www.padreydecano.com\/cms\/wp-content\/uploads\/2018\/07\/Dhb0tANWAAAIsP2.jpg\" rel=\"shadowbox[sbpost-67549];player=img;\"><img loading=\"lazy\" decoding=\"async\" aria-describedby=\"caption-attachment-67550\" class=\"wp-image-67550\" src=\"https:\/\/www.padreydecano.com\/cms\/wp-content\/uploads\/2018\/07\/Dhb0tANWAAAIsP2.jpg\" alt=\"\" width=\"800\" height=\"523\" srcset=\"https:\/\/www.padreydecano.com\/cms\/wp-content\/uploads\/2018\/07\/Dhb0tANWAAAIsP2.jpg 1050w, https:\/\/www.padreydecano.com\/cms\/wp-content\/uploads\/2018\/07\/Dhb0tANWAAAIsP2-600x392.jpg 600w, https:\/\/www.padreydecano.com\/cms\/wp-content\/uploads\/2018\/07\/Dhb0tANWAAAIsP2-768x502.jpg 768w, https:\/\/www.padreydecano.com\/cms\/wp-content\/uploads\/2018\/07\/Dhb0tANWAAAIsP2-1024x669.jpg 1024w\" sizes=\"(max-width: 800px) 100vw, 800px\" \/><\/a><p id=\"caption-attachment-67550\" class=\"wp-caption-text\">Foto: AUF Oficial<\/p><\/div>\n<p style=\"text-align: justify;\"><strong>Uruguay cay\u00f3 2-0 ante Francia, esta jornada en el Estadio de Nizhni N\u00f3vgorod, por los Cuartos de Final de la Copa del Mundo. A pesar de que el sue\u00f1o mundialista termin\u00f3, los celestes mostraron un gran nivel en los distintos encuentros que disputaron y nos hicieron ver que est\u00e1n a la altura de la competici\u00f3n m\u00e1s importante de todas.<\/strong><\/p>\n<p style=\"text-align: justify;\">El equipo del &#8216;Maestro&#8217; Oscar Washington Tab\u00e1rez, se plant\u00f3 bien ante un rival que es candidato desde el comienzo del certamen. Fiel a su estilo, le complic\u00f3 el panorama a los franceses que solo pudieron convertir mediante un cabezazo de Rapha\u00ebl Varane, tras un error en las marcas.<\/p>\n<p style=\"text-align: justify;\">Por momentos Uruguay arrincon\u00f3 a los galos en su \u00e1rea y estuvo cerca de convertir en varias oportunidades. El &#8216;Pelado&#8217; Mart\u00edn C\u00e1ceres cabece\u00f3 un gran centro de Lucas Torreira, pero Hugo Lloris vol\u00f3 de manera espectacular para evitar un gol cantado.<\/p>\n<div id=\"attachment_67552\" style=\"width: 810px\" class=\"wp-caption aligncenter\"><a href=\"https:\/\/www.padreydecano.com\/cms\/wp-content\/uploads\/2018\/07\/Dhbu4wEXUAE29qH.jpg\" rel=\"shadowbox[sbpost-67549];player=img;\"><img loading=\"lazy\" decoding=\"async\" aria-describedby=\"caption-attachment-67552\" class=\"wp-image-67552\" src=\"https:\/\/www.padreydecano.com\/cms\/wp-content\/uploads\/2018\/07\/Dhbu4wEXUAE29qH.jpg\" alt=\"\" width=\"800\" height=\"487\" srcset=\"https:\/\/www.padreydecano.com\/cms\/wp-content\/uploads\/2018\/07\/Dhbu4wEXUAE29qH.jpg 1200w, https:\/\/www.padreydecano.com\/cms\/wp-content\/uploads\/2018\/07\/Dhbu4wEXUAE29qH-600x366.jpg 600w, https:\/\/www.padreydecano.com\/cms\/wp-content\/uploads\/2018\/07\/Dhbu4wEXUAE29qH-768x468.jpg 768w, https:\/\/www.padreydecano.com\/cms\/wp-content\/uploads\/2018\/07\/Dhbu4wEXUAE29qH-1024x624.jpg 1024w, https:\/\/www.padreydecano.com\/cms\/wp-content\/uploads\/2018\/07\/Dhbu4wEXUAE29qH-860x523.jpg 860w\" sizes=\"(max-width: 800px) 100vw, 800px\" \/><\/a><p id=\"caption-attachment-67552\" class=\"wp-caption-text\">Foto: AUF Oficial<\/p><\/div>\n<p style=\"text-align: justify;\">En el minuto 59&#8242; nuestro Capit\u00e1n, Cristian Rodr\u00edguez, ingres\u00f3 al terreno de juego en sustituci\u00f3n de Rodrigo Bentancur (amonestado). Inmediatamente llega un desgraciado error de Fernando Muslera, sobre un tiro de Antoine Griezmann que le cost\u00f3 el segundo gol y en una justa mundialista es pr\u00e1cticamente el partido.<\/p>\n<p>El &#8216;Cebolla&#8217;, junto a todo el equipo intentaron acortar la distancia en el marcador y el lacazino casi lo consigue, con un remate en la medialuna que pas\u00f3 a cent\u00edmetros del vertical izquierdo del arquero.<\/p>\n<div id=\"attachment_67551\" style=\"width: 810px\" class=\"wp-caption aligncenter\"><a href=\"https:\/\/www.padreydecano.com\/cms\/wp-content\/uploads\/2018\/07\/nahitan-rusia.jpg\" rel=\"shadowbox[sbpost-67549];player=img;\"><img loading=\"lazy\" decoding=\"async\" aria-describedby=\"caption-attachment-67551\" class=\"wp-image-67551\" src=\"https:\/\/www.padreydecano.com\/cms\/wp-content\/uploads\/2018\/07\/nahitan-rusia.jpg\" alt=\"\" width=\"800\" height=\"581\" srcset=\"https:\/\/www.padreydecano.com\/cms\/wp-content\/uploads\/2018\/07\/nahitan-rusia.jpg 1200w, https:\/\/www.padreydecano.com\/cms\/wp-content\/uploads\/2018\/07\/nahitan-rusia-600x436.jpg 600w, https:\/\/www.padreydecano.com\/cms\/wp-content\/uploads\/2018\/07\/nahitan-rusia-768x558.jpg 768w, https:\/\/www.padreydecano.com\/cms\/wp-content\/uploads\/2018\/07\/nahitan-rusia-1024x744.jpg 1024w\" sizes=\"(max-width: 800px) 100vw, 800px\" \/><\/a><p id=\"caption-attachment-67551\" class=\"wp-caption-text\">Foto: AUF Oficial<\/p><\/div>\n<p style=\"text-align: justify;\">P\u00e1rrafo aparte para N\u00e1hitan N\u00e1ndez. El ex Pe\u00f1arol fue de los puntos m\u00e1s altos de la &#8216;Celeste&#8217; en el partido. La entrega nunca falta, es su principal caracter\u00edstica y ante un mediocampo consagrado en Europa como lo es el franc\u00e9s, no se achic\u00f3 y le pele\u00f3 de igual a igual al que tuvo en frente.<\/p>\n<p style=\"text-align: justify;\">Tab\u00e1rez en busca de mayor agresividad en ataque prob\u00f3 con sustituir al actual Boca Juniors y en su lugar hacer debutar a Jonathan Urretaviscaya.<\/p>\n<p style=\"text-align: justify;\">Los charr\u00faas no consiguieron ni siquiera poner en peligro a Lloris en los \u00faltimos minutos, y en las l\u00e1grimas de Jose Mar\u00eda Gim\u00e9nez, nos vimos reflejados todos, porque sent\u00edamos que esta Selecci\u00f3n pod\u00eda dar m\u00e1s, pero tambi\u00e9n nos queda la tranquilidad de que los jugadores dejaron todo en el campo de juego por mantener esa ilusi\u00f3n viva.<\/p>\n<p style=\"text-align: justify;\">Tambi\u00e9n nos va a quedar la espina de saber que habr\u00eda pasado si Edinson Cavani hubiese estado en condiciones de jugar, o la incertidumbre de saber si este fue el \u00faltimo Mundial de \u00e9l, junto con el otro goleador, Luis Su\u00e1rez.<\/p>\n<div id=\"attachment_67553\" style=\"width: 810px\" class=\"wp-caption aligncenter\"><a href=\"https:\/\/www.padreydecano.com\/cms\/wp-content\/uploads\/2018\/07\/DhbWkqXXkAAniAN.jpg\" rel=\"shadowbox[sbpost-67549];player=img;\"><img loading=\"lazy\" decoding=\"async\" aria-describedby=\"caption-attachment-67553\" class=\"wp-image-67553\" src=\"https:\/\/www.padreydecano.com\/cms\/wp-content\/uploads\/2018\/07\/DhbWkqXXkAAniAN.jpg\" alt=\"\" width=\"800\" height=\"523\" srcset=\"https:\/\/www.padreydecano.com\/cms\/wp-content\/uploads\/2018\/07\/DhbWkqXXkAAniAN.jpg 1024w, https:\/\/www.padreydecano.com\/cms\/wp-content\/uploads\/2018\/07\/DhbWkqXXkAAniAN-600x393.jpg 600w, https:\/\/www.padreydecano.com\/cms\/wp-content\/uploads\/2018\/07\/DhbWkqXXkAAniAN-768x503.jpg 768w\" sizes=\"(max-width: 800px) 100vw, 800px\" \/><\/a><p id=\"caption-attachment-67553\" class=\"wp-caption-text\">Foto: AUF Oficial<\/p><\/div>\n<p style=\"text-align: justify;\">Uruguay se despidi\u00f3 de Rusia 2018 con la frente en alto, mostrando un gran nivel de competitividad en la m\u00e1xima competici\u00f3n y con la tranquilidad de que dentro de la cancha no se guardaron nada. El f\u00fatbol siempre da revancha, <strong>\u00a1ARRIBA MUCHACHOS!<\/strong><\/p>\n","protected":false},"excerpt":{"rendered":"<p>Uruguay cay\u00f3 2-0 ante Francia, esta jornada en el Estadio de Nizhni N\u00f3vgorod, por los Cuartos de Final de la Copa del Mundo. A pesar de que el sue\u00f1o mundialista termin\u00f3, los celestes mostraron un gran nivel en los distintos encuentros que disputaron y nos hicieron ver que est\u00e1n a la altura de la competici\u00f3n [&hellip;]<\/p>\n","protected":false},"author":28,"featured_media":67550,"comment_status":"open","ping_status":"closed","sticky":false,"template":"","format":"standard","meta":{"footnotes":""},"categories":[1],"tags":[105],"yoast_head":"<!-- This site is optimized with the Yoast SEO plugin v23.2 - https:\/\/yoast.com\/wordpress\/plugins\/seo\/ -->\n<title>\u00a1Arriba muchachos! - Padre y Decano - El Sitio del Pueblo<\/title>\n<meta name=\"robots\" content=\"index, follow, max-snippet:-1, max-image-preview:large, max-video-preview:-1\" \/>\n<link rel=\"canonical\" href=\"https:\/\/www.padreydecano.com\/cms\/noticias\/arriba-muchachos\/\" \/>\n<meta property=\"og:locale\" content=\"es_ES\" \/>\n<meta property=\"og:type\" content=\"article\" \/>\n<meta property=\"og:title\" content=\"\u00a1Arriba muchachos! - Padre y Decano - El Sitio del Pueblo\" \/>\n<meta property=\"og:description\" content=\"Uruguay cay\u00f3 2-0 ante Francia, esta jornada en el Estadio de Nizhni N\u00f3vgorod, por los Cuartos de Final de la Copa del Mundo. A pesar de que el sue\u00f1o mundialista termin\u00f3, los celestes mostraron un gran nivel en los distintos encuentros que disputaron y nos hicieron ver que est\u00e1n a la altura de la competici\u00f3n [&hellip;]\" \/>\n<meta property=\"og:url\" content=\"https:\/\/www.padreydecano.com\/cms\/noticias\/arriba-muchachos\/\" \/>\n<meta property=\"og:site_name\" content=\"Padre y Decano - El Sitio del Pueblo\" \/>\n<meta property=\"article:published_time\" content=\"2018-07-06T18:02:21+00:00\" \/>\n<meta property=\"og:image\" content=\"https:\/\/www.padreydecano.com\/cms\/wp-content\/uploads\/2018\/07\/Dhb0tANWAAAIsP2.jpg\" \/>\n\t<meta property=\"og:image:width\" content=\"1050\" \/>\n\t<meta property=\"og:image:height\" content=\"686\" \/>\n\t<meta property=\"og:image:type\" content=\"image\/jpeg\" \/>\n<meta name=\"author\" content=\"Gonzalo\" \/>\n<meta name=\"twitter:card\" content=\"summary_large_image\" \/>\n<meta name=\"twitter:label1\" content=\"Escrito por\" \/>\n\t<meta name=\"twitter:data1\" content=\"Gonzalo\" \/>\n\t<meta name=\"twitter:label2\" content=\"Tiempo de lectura\" \/>\n\t<meta name=\"twitter:data2\" content=\"3 minutos\" \/>\n<script type=\"application\/ld+json\" class=\"yoast-schema-graph\">{\"@context\":\"https:\/\/schema.org\",\"@graph\":[{\"@type\":\"Article\",\"@id\":\"https:\/\/www.padreydecano.com\/cms\/noticias\/arriba-muchachos\/#article\",\"isPartOf\":{\"@id\":\"https:\/\/www.padreydecano.com\/cms\/noticias\/arriba-muchachos\/\"},\"author\":{\"name\":\"Gonzalo\",\"@id\":\"https:\/\/www.padreydecano.com\/cms\/#\/schema\/person\/3e2a4cfe3d316ff79509ec21362b322b\"},\"headline\":\"\u00a1Arriba muchachos!\",\"datePublished\":\"2018-07-06T18:02:21+00:00\",\"dateModified\":\"2018-07-06T18:02:21+00:00\",\"mainEntityOfPage\":{\"@id\":\"https:\/\/www.padreydecano.com\/cms\/noticias\/arriba-muchachos\/\"},\"wordCount\":528,\"commentCount\":35,\"publisher\":{\"@id\":\"https:\/\/www.padreydecano.com\/cms\/#organization\"},\"image\":{\"@id\":\"https:\/\/www.padreydecano.com\/cms\/noticias\/arriba-muchachos\/#primaryimage\"},\"thumbnailUrl\":\"https:\/\/www.padreydecano.com\/cms\/wp-content\/uploads\/2018\/07\/Dhb0tANWAAAIsP2.jpg\",\"keywords\":[\"Selecci\u00f3n Uruguaya\"],\"articleSection\":[\"Noticias\"],\"inLanguage\":\"es\",\"potentialAction\":[{\"@type\":\"CommentAction\",\"name\":\"Comment\",\"target\":[\"https:\/\/www.padreydecano.com\/cms\/noticias\/arriba-muchachos\/#respond\"]}]},{\"@type\":\"WebPage\",\"@id\":\"https:\/\/www.padreydecano.com\/cms\/noticias\/arriba-muchachos\/\",\"url\":\"https:\/\/www.padreydecano.com\/cms\/noticias\/arriba-muchachos\/\",\"name\":\"\u00a1Arriba muchachos! - Padre y Decano - El Sitio del Pueblo\",\"isPartOf\":{\"@id\":\"https:\/\/www.padreydecano.com\/cms\/#website\"},\"primaryImageOfPage\":{\"@id\":\"https:\/\/www.padreydecano.com\/cms\/noticias\/arriba-muchachos\/#primaryimage\"},\"image\":{\"@id\":\"https:\/\/www.padreydecano.com\/cms\/noticias\/arriba-muchachos\/#primaryimage\"},\"thumbnailUrl\":\"https:\/\/www.padreydecano.com\/cms\/wp-content\/uploads\/2018\/07\/Dhb0tANWAAAIsP2.jpg\",\"datePublished\":\"2018-07-06T18:02:21+00:00\",\"dateModified\":\"2018-07-06T18:02:21+00:00\",\"breadcrumb\":{\"@id\":\"https:\/\/www.padreydecano.com\/cms\/noticias\/arriba-muchachos\/#breadcrumb\"},\"inLanguage\":\"es\",\"potentialAction\":[{\"@type\":\"ReadAction\",\"target\":[\"https:\/\/www.padreydecano.com\/cms\/noticias\/arriba-muchachos\/\"]}]},{\"@type\":\"ImageObject\",\"inLanguage\":\"es\",\"@id\":\"https:\/\/www.padreydecano.com\/cms\/noticias\/arriba-muchachos\/#primaryimage\",\"url\":\"https:\/\/www.padreydecano.com\/cms\/wp-content\/uploads\/2018\/07\/Dhb0tANWAAAIsP2.jpg\",\"contentUrl\":\"https:\/\/www.padreydecano.com\/cms\/wp-content\/uploads\/2018\/07\/Dhb0tANWAAAIsP2.jpg\",\"width\":1050,\"height\":686},{\"@type\":\"BreadcrumbList\",\"@id\":\"https:\/\/www.padreydecano.com\/cms\/noticias\/arriba-muchachos\/#breadcrumb\",\"itemListElement\":[{\"@type\":\"ListItem\",\"position\":1,\"name\":\"Portada\",\"item\":\"https:\/\/www.padreydecano.com\/cms\/\"},{\"@type\":\"ListItem\",\"position\":2,\"name\":\"\u00a1Arriba muchachos!\"}]},{\"@type\":\"WebSite\",\"@id\":\"https:\/\/www.padreydecano.com\/cms\/#website\",\"url\":\"https:\/\/www.padreydecano.com\/cms\/\",\"name\":\"Padre y Decano - El Sitio del Pueblo\",\"description\":\"Club Atl\u00e9tico Pe\u00f1arol\",\"publisher\":{\"@id\":\"https:\/\/www.padreydecano.com\/cms\/#organization\"},\"potentialAction\":[{\"@type\":\"SearchAction\",\"target\":{\"@type\":\"EntryPoint\",\"urlTemplate\":\"https:\/\/www.padreydecano.com\/cms\/?s={search_term_string}\"},\"query-input\":\"required name=search_term_string\"}],\"inLanguage\":\"es\"},{\"@type\":\"Organization\",\"@id\":\"https:\/\/www.padreydecano.com\/cms\/#organization\",\"name\":\"Padre y Decano\",\"url\":\"https:\/\/www.padreydecano.com\/cms\/\",\"logo\":{\"@type\":\"ImageObject\",\"inLanguage\":\"es\",\"@id\":\"https:\/\/www.padreydecano.com\/cms\/#\/schema\/logo\/image\/\",\"url\":\"https:\/\/www.padreydecano.com\/cms\/wp-content\/uploads\/2022\/01\/avatar-square.png\",\"contentUrl\":\"https:\/\/www.padreydecano.com\/cms\/wp-content\/uploads\/2022\/01\/avatar-square.png\",\"width\":1500,\"height\":1500,\"caption\":\"Padre y Decano\"},\"image\":{\"@id\":\"https:\/\/www.padreydecano.com\/cms\/#\/schema\/logo\/image\/\"}},{\"@type\":\"Person\",\"@id\":\"https:\/\/www.padreydecano.com\/cms\/#\/schema\/person\/3e2a4cfe3d316ff79509ec21362b322b\",\"name\":\"Gonzalo\",\"image\":{\"@type\":\"ImageObject\",\"inLanguage\":\"es\",\"@id\":\"https:\/\/www.padreydecano.com\/cms\/#\/schema\/person\/image\/\",\"url\":\"https:\/\/www.padreydecano.com\/cms\/wp-content\/uploads\/2022\/12\/escudo1997.jpg\",\"contentUrl\":\"https:\/\/www.padreydecano.com\/cms\/wp-content\/uploads\/2022\/12\/escudo1997.jpg\",\"caption\":\"Gonzalo\"}}]}<\/script>\n<!-- \/ Yoast SEO plugin. -->","yoast_head_json":{"title":"\u00a1Arriba muchachos! - Padre y Decano - El Sitio del Pueblo","robots":{"index":"index","follow":"follow","max-snippet":"max-snippet:-1","max-image-preview":"max-image-preview:large","max-video-preview":"max-video-preview:-1"},"canonical":"https:\/\/www.padreydecano.com\/cms\/noticias\/arriba-muchachos\/","og_locale":"es_ES","og_type":"article","og_title":"\u00a1Arriba muchachos! - Padre y Decano - El Sitio del Pueblo","og_description":"Uruguay cay\u00f3 2-0 ante Francia, esta jornada en el Estadio de Nizhni N\u00f3vgorod, por los Cuartos de Final de la Copa del Mundo. A pesar de que el sue\u00f1o mundialista termin\u00f3, los celestes mostraron un gran nivel en los distintos encuentros que disputaron y nos hicieron ver que est\u00e1n a la altura de la competici\u00f3n [&hellip;]","og_url":"https:\/\/www.padreydecano.com\/cms\/noticias\/arriba-muchachos\/","og_site_name":"Padre y Decano - El Sitio del Pueblo","article_published_time":"2018-07-06T18:02:21+00:00","og_image":[{"width":1050,"height":686,"url":"https:\/\/www.padreydecano.com\/cms\/wp-content\/uploads\/2018\/07\/Dhb0tANWAAAIsP2.jpg","type":"image\/jpeg"}],"author":"Gonzalo","twitter_card":"summary_large_image","twitter_misc":{"Escrito por":"Gonzalo","Tiempo de lectura":"3 minutos"},"schema":{"@context":"https:\/\/schema.org","@graph":[{"@type":"Article","@id":"https:\/\/www.padreydecano.com\/cms\/noticias\/arriba-muchachos\/#article","isPartOf":{"@id":"https:\/\/www.padreydecano.com\/cms\/noticias\/arriba-muchachos\/"},"author":{"name":"Gonzalo","@id":"https:\/\/www.padreydecano.com\/cms\/#\/schema\/person\/3e2a4cfe3d316ff79509ec21362b322b"},"headline":"\u00a1Arriba muchachos!","datePublished":"2018-07-06T18:02:21+00:00","dateModified":"2018-07-06T18:02:21+00:00","mainEntityOfPage":{"@id":"https:\/\/www.padreydecano.com\/cms\/noticias\/arriba-muchachos\/"},"wordCount":528,"commentCount":35,"publisher":{"@id":"https:\/\/www.padreydecano.com\/cms\/#organization"},"image":{"@id":"https:\/\/www.padreydecano.com\/cms\/noticias\/arriba-muchachos\/#primaryimage"},"thumbnailUrl":"https:\/\/www.padreydecano.com\/cms\/wp-content\/uploads\/2018\/07\/Dhb0tANWAAAIsP2.jpg","keywords":["Selecci\u00f3n Uruguaya"],"articleSection":["Noticias"],"inLanguage":"es","potentialAction":[{"@type":"CommentAction","name":"Comment","target":["https:\/\/www.padreydecano.com\/cms\/noticias\/arriba-muchachos\/#respond"]}]},{"@type":"WebPage","@id":"https:\/\/www.padreydecano.com\/cms\/noticias\/arriba-muchachos\/","url":"https:\/\/www.padreydecano.com\/cms\/noticias\/arriba-muchachos\/","name":"\u00a1Arriba muchachos! - Padre y Decano - El Sitio del Pueblo","isPartOf":{"@id":"https:\/\/www.padreydecano.com\/cms\/#website"},"primaryImageOfPage":{"@id":"https:\/\/www.padreydecano.com\/cms\/noticias\/arriba-muchachos\/#primaryimage"},"image":{"@id":"https:\/\/www.padreydecano.com\/cms\/noticias\/arriba-muchachos\/#primaryimage"},"thumbnailUrl":"https:\/\/www.padreydecano.com\/cms\/wp-content\/uploads\/2018\/07\/Dhb0tANWAAAIsP2.jpg","datePublished":"2018-07-06T18:02:21+00:00","dateModified":"2018-07-06T18:02:21+00:00","breadcrumb":{"@id":"https:\/\/www.padreydecano.com\/cms\/noticias\/arriba-muchachos\/#breadcrumb"},"inLanguage":"es","potentialAction":[{"@type":"ReadAction","target":["https:\/\/www.padreydecano.com\/cms\/noticias\/arriba-muchachos\/"]}]},{"@type":"ImageObject","inLanguage":"es","@id":"https:\/\/www.padreydecano.com\/cms\/noticias\/arriba-muchachos\/#primaryimage","url":"https:\/\/www.padreydecano.com\/cms\/wp-content\/uploads\/2018\/07\/Dhb0tANWAAAIsP2.jpg","contentUrl":"https:\/\/www.padreydecano.com\/cms\/wp-content\/uploads\/2018\/07\/Dhb0tANWAAAIsP2.jpg","width":1050,"height":686},{"@type":"BreadcrumbList","@id":"https:\/\/www.padreydecano.com\/cms\/noticias\/arriba-muchachos\/#breadcrumb","itemListElement":[{"@type":"ListItem","position":1,"name":"Portada","item":"https:\/\/www.padreydecano.com\/cms\/"},{"@type":"ListItem","position":2,"name":"\u00a1Arriba muchachos!"}]},{"@type":"WebSite","@id":"https:\/\/www.padreydecano.com\/cms\/#website","url":"https:\/\/www.padreydecano.com\/cms\/","name":"Padre y Decano - El Sitio del Pueblo","description":"Club Atl\u00e9tico Pe\u00f1arol","publisher":{"@id":"https:\/\/www.padreydecano.com\/cms\/#organization"},"potentialAction":[{"@type":"SearchAction","target":{"@type":"EntryPoint","urlTemplate":"https:\/\/www.padreydecano.com\/cms\/?s={search_term_string}"},"query-input":"required name=search_term_string"}],"inLanguage":"es"},{"@type":"Organization","@id":"https:\/\/www.padreydecano.com\/cms\/#organization","name":"Padre y Decano","url":"https:\/\/www.padreydecano.com\/cms\/","logo":{"@type":"ImageObject","inLanguage":"es","@id":"https:\/\/www.padreydecano.com\/cms\/#\/schema\/logo\/image\/","url":"https:\/\/www.padreydecano.com\/cms\/wp-content\/uploads\/2022\/01\/avatar-square.png","contentUrl":"https:\/\/www.padreydecano.com\/cms\/wp-content\/uploads\/2022\/01\/avatar-square.png","width":1500,"height":1500,"caption":"Padre y Decano"},"image":{"@id":"https:\/\/www.padreydecano.com\/cms\/#\/schema\/logo\/image\/"}},{"@type":"Person","@id":"https:\/\/www.padreydecano.com\/cms\/#\/schema\/person\/3e2a4cfe3d316ff79509ec21362b322b","name":"Gonzalo","image":{"@type":"ImageObject","inLanguage":"es","@id":"https:\/\/www.padreydecano.com\/cms\/#\/schema\/person\/image\/","url":"https:\/\/www.padreydecano.com\/cms\/wp-content\/uploads\/2022\/12\/escudo1997.jpg","contentUrl":"https:\/\/www.padreydecano.com\/cms\/wp-content\/uploads\/2022\/12\/escudo1997.jpg","caption":"Gonzalo"}}]}},"_links":{"self":[{"href":"https:\/\/www.padreydecano.com\/cms\/wp-json\/wp\/v2\/posts\/67549"}],"collection":[{"href":"https:\/\/www.padreydecano.com\/cms\/wp-json\/wp\/v2\/posts"}],"about":[{"href":"https:\/\/www.padreydecano.com\/cms\/wp-json\/wp\/v2\/types\/post"}],"author":[{"embeddable":true,"href":"https:\/\/www.padreydecano.com\/cms\/wp-json\/wp\/v2\/users\/28"}],"replies":[{"embeddable":true,"href":"https:\/\/www.padreydecano.com\/cms\/wp-json\/wp\/v2\/comments?post=67549"}],"version-history":[{"count":0,"href":"https:\/\/www.padreydecano.com\/cms\/wp-json\/wp\/v2\/posts\/67549\/revisions"}],"wp:featuredmedia":[{"embeddable":true,"href":"https:\/\/www.padreydecano.com\/cms\/wp-json\/wp\/v2\/media\/67550"}],"wp:attachment":[{"href":"https:\/\/www.padreydecano.com\/cms\/wp-json\/wp\/v2\/media?parent=67549"}],"wp:term":[{"taxonomy":"category","embeddable":true,"href":"https:\/\/www.padreydecano.com\/cms\/wp-json\/wp\/v2\/categories?post=67549"},{"taxonomy":"post_tag","embeddable":true,"href":"https:\/\/www.padreydecano.com\/cms\/wp-json\/wp\/v2\/tags?post=67549"}],"curies":[{"name":"wp","href":"https:\/\/api.w.org\/{rel}","templated":true}]}}