{"id":67431,"date":"2018-06-15T14:06:02","date_gmt":"2018-06-15T17:06:02","guid":{"rendered":"http:\/\/www.padreydecano.com\/cms\/?p=67431"},"modified":"2018-06-15T14:06:02","modified_gmt":"2018-06-15T17:06:02","slug":"el-debut-de-los-aurinegros-en-rusia","status":"publish","type":"post","link":"https:\/\/www.padreydecano.com\/cms\/noticias\/el-debut-de-los-aurinegros-en-rusia\/","title":{"rendered":"El debut de los aurinegros en Rusia"},"content":{"rendered":"<div id=\"attachment_67432\" style=\"width: 810px\" class=\"wp-caption aligncenter\"><a href=\"https:\/\/www.padreydecano.com\/cms\/wp-content\/uploads\/2018\/06\/varela-debut.jpg\" rel=\"shadowbox[sbpost-67431];player=img;\"><img loading=\"lazy\" decoding=\"async\" aria-describedby=\"caption-attachment-67432\" class=\"wp-image-67432\" src=\"https:\/\/www.padreydecano.com\/cms\/wp-content\/uploads\/2018\/06\/varela-debut.jpg\" alt=\"\" width=\"800\" height=\"420\" srcset=\"https:\/\/www.padreydecano.com\/cms\/wp-content\/uploads\/2018\/06\/varela-debut.jpg 1200w, https:\/\/www.padreydecano.com\/cms\/wp-content\/uploads\/2018\/06\/varela-debut-600x315.jpg 600w, https:\/\/www.padreydecano.com\/cms\/wp-content\/uploads\/2018\/06\/varela-debut-768x403.jpg 768w, https:\/\/www.padreydecano.com\/cms\/wp-content\/uploads\/2018\/06\/varela-debut-1024x538.jpg 1024w\" sizes=\"(max-width: 800px) 100vw, 800px\" \/><\/a><p id=\"caption-attachment-67432\" class=\"wp-caption-text\">Foto: ecos.la<\/p><\/div>\n<p style=\"text-align: justify;\"><strong>Uruguay venci\u00f3 1-0 a Egipto, esta ma\u00f1ana en el Ekaterimburg Arena, por la primera fecha de la Fase de Grupos de la Copa del Mundo, con gol de Jos\u00e9 Mar\u00eda Gim\u00e9nez. Los carboneros Guillermo Varela, Cristian Rodr\u00edguez y el ex Pe\u00f1arol, Nahitan N\u00e1ndez, hicieron su debut en el certamen.<\/strong><\/p>\n<p style=\"text-align: justify;\">Como anunciamos ayer, tanto Varela como N\u00e1ndez comenzaron de titular, ambos por la banda derecha. El resultado fue un fiel reflejo de lo sucedido en el terreno de juego. Si bien &#8216;La Celeste&#8217; tuvo varias ocasiones en los pies de Luis Su\u00e1rez y Edinson Cavani, no mostr\u00f3 en su juego una superioridad sobre el equipo africano que sin su jugador estrella, Mohamed Salah, se dedic\u00f3 a esperar e intentar llevarse al menos un punto de este partido.<\/p>\n<div id=\"attachment_67433\" style=\"width: 810px\" class=\"wp-caption aligncenter\"><a href=\"https:\/\/www.padreydecano.com\/cms\/wp-content\/uploads\/2018\/06\/varela-debut-1.jpg\" rel=\"shadowbox[sbpost-67431];player=img;\"><img loading=\"lazy\" decoding=\"async\" aria-describedby=\"caption-attachment-67433\" class=\"wp-image-67433\" src=\"https:\/\/www.padreydecano.com\/cms\/wp-content\/uploads\/2018\/06\/varela-debut-1.jpg\" alt=\"\" width=\"800\" height=\"420\" srcset=\"https:\/\/www.padreydecano.com\/cms\/wp-content\/uploads\/2018\/06\/varela-debut-1.jpg 1200w, https:\/\/www.padreydecano.com\/cms\/wp-content\/uploads\/2018\/06\/varela-debut-1-600x315.jpg 600w, https:\/\/www.padreydecano.com\/cms\/wp-content\/uploads\/2018\/06\/varela-debut-1-768x403.jpg 768w, https:\/\/www.padreydecano.com\/cms\/wp-content\/uploads\/2018\/06\/varela-debut-1-1024x538.jpg 1024w\" sizes=\"(max-width: 800px) 100vw, 800px\" \/><\/a><p id=\"caption-attachment-67433\" class=\"wp-caption-text\">Foto: ecos.la<\/p><\/div>\n<p style=\"text-align: justify;\">Guillermo tuvo una actuaci\u00f3n aceptable. En defensa lo hizo bien, gan\u00f3 algunos mano a mano, estuvo bien posicionado, pero al equipo de \u00d3scar Washington Tab\u00e1rez pr\u00e1cticamente no le llegaron con demasiado peligro, por la actitud defensiva del rival. En ataque siempre subi\u00f3 y se mostr\u00f3 como una opci\u00f3n para sus compa\u00f1eros, pero tanto \u00e9l como el resto del equipo no encontraban el &#8216;hueco&#8217; en la muralla egipcia.<\/p>\n<p style=\"text-align: justify;\">Fue el jugador con el mayor precisi\u00f3n en los pases de Uruguay (96,4%). Desde 1966 es qui\u00e9n tiene mayor efectividad realizando al menos 30 toques.<\/p>\n<p><strong>Nota: Datos obtenidos de la cuenta de Twitter @OptaJavier, especializada en estad\u00edsticas.<\/strong><\/p>\n<p style=\"text-align: justify;\">A N\u00e1ndez le pas\u00f3 lo mismo, no tuvo mucha claridad en ataque. No fue un buen partido del mediocampo, salvo Rodrigo Bentancur que en varias ocasiones intent\u00f3 salir jugando desde abajo. Acert\u00f3 el &#8216;Maestro&#8217; en sustituir al ex Capit\u00e1n aurinegro.<\/p>\n<div id=\"attachment_67434\" style=\"width: 810px\" class=\"wp-caption aligncenter\"><a href=\"https:\/\/www.padreydecano.com\/cms\/wp-content\/uploads\/2018\/06\/varela-debut-2.jpg\" rel=\"shadowbox[sbpost-67431];player=img;\"><img loading=\"lazy\" decoding=\"async\" aria-describedby=\"caption-attachment-67434\" class=\"wp-image-67434\" src=\"https:\/\/www.padreydecano.com\/cms\/wp-content\/uploads\/2018\/06\/varela-debut-2.jpg\" alt=\"\" width=\"800\" height=\"420\" srcset=\"https:\/\/www.padreydecano.com\/cms\/wp-content\/uploads\/2018\/06\/varela-debut-2.jpg 1200w, https:\/\/www.padreydecano.com\/cms\/wp-content\/uploads\/2018\/06\/varela-debut-2-600x315.jpg 600w, https:\/\/www.padreydecano.com\/cms\/wp-content\/uploads\/2018\/06\/varela-debut-2-768x403.jpg 768w, https:\/\/www.padreydecano.com\/cms\/wp-content\/uploads\/2018\/06\/varela-debut-2-1024x538.jpg 1024w\" sizes=\"(max-width: 800px) 100vw, 800px\" \/><\/a><p id=\"caption-attachment-67434\" class=\"wp-caption-text\">Foto: ecos.la<\/p><\/div>\n<p style=\"text-align: justify;\">El &#8216;Cebolla&#8217; entr\u00f3 como todos imagin\u00e1bamos. Con la personalidad que lo caracteriza al jugador que super\u00f3 los 100 partidos con la Selecci\u00f3n, intent\u00f3 ir al frente, romper la defensa de Egipto y su insistencia le dio frutos. Uruguay lleg\u00f3 m\u00e1s que en la primera mitad y se not\u00f3 con las jugadas m\u00e1s claras del partido: el mano a mano que Su\u00e1rez no se anim\u00f3 a definir, la volea y el tiro libre de Cavani son los ejemplos m\u00e1s notorios.<\/p>\n<p style=\"text-align: justify;\">Pero el gol lleg\u00f3 con la impronta uruguaya, a pesar de haber avisado mediante disparos peligrosos, la apertura del marcador lleg\u00f3 de cabeza gracias a un zaguero: Jos\u00e9 Mar\u00eda Gim\u00e9nez. El &#8216;2&#8217; gener\u00f3 la falta a la altura del c\u00f3rner derecho y sobre la hora defini\u00f3 con un cabezazo formidable al primer palo, dejando sin nada que hacer al arquero (la figura egipcia), Ahmed El Shenawy.<\/p>\n<div id=\"attachment_67435\" style=\"width: 810px\" class=\"wp-caption alignnone\"><a href=\"https:\/\/www.padreydecano.com\/cms\/wp-content\/uploads\/2018\/06\/varela-debut-3.jpg\" rel=\"shadowbox[sbpost-67431];player=img;\"><img loading=\"lazy\" decoding=\"async\" aria-describedby=\"caption-attachment-67435\" class=\"wp-image-67435\" src=\"https:\/\/www.padreydecano.com\/cms\/wp-content\/uploads\/2018\/06\/varela-debut-3.jpg\" alt=\"\" width=\"800\" height=\"477\" srcset=\"https:\/\/www.padreydecano.com\/cms\/wp-content\/uploads\/2018\/06\/varela-debut-3.jpg 1200w, https:\/\/www.padreydecano.com\/cms\/wp-content\/uploads\/2018\/06\/varela-debut-3-600x358.jpg 600w, https:\/\/www.padreydecano.com\/cms\/wp-content\/uploads\/2018\/06\/varela-debut-3-768x458.jpg 768w, https:\/\/www.padreydecano.com\/cms\/wp-content\/uploads\/2018\/06\/varela-debut-3-1024x610.jpg 1024w\" sizes=\"(max-width: 800px) 100vw, 800px\" \/><\/a><p id=\"caption-attachment-67435\" class=\"wp-caption-text\">Foto: AUF<\/p><\/div>\n<p style=\"text-align: justify;\">Uruguay gan\u00f3 a pesar de no haber jugado un gran partido. Egipto se repleg\u00f3 bastante e intent\u00f3 llevarse algo de Ekaterimburgo sin su figura, Salah, pero no le alcanz\u00f3. Varela estuvo a la altura del encuentro en su debut. El &#8216;Cebolla&#8217; entr\u00f3 como nos tiene acostumbrados, cuando las cosas no salen, va al frente. Nahitan fue regular, aunque dej\u00f3 la sensaci\u00f3n de que pudo dar un poco m\u00e1s, al igual que todo el mediocampo a excepci\u00f3n de Bentancur.<\/p>\n","protected":false},"excerpt":{"rendered":"<p>Uruguay venci\u00f3 1-0 a Egipto, esta ma\u00f1ana en el Ekaterimburg Arena, por la primera fecha de la Fase de Grupos de la Copa del Mundo, con gol de Jos\u00e9 Mar\u00eda Gim\u00e9nez. Los carboneros Guillermo Varela, Cristian Rodr\u00edguez y el ex Pe\u00f1arol, Nahitan N\u00e1ndez, hicieron su debut en el certamen. Como anunciamos ayer, tanto Varela como [&hellip;]<\/p>\n","protected":false},"author":27,"featured_media":67432,"comment_status":"open","ping_status":"closed","sticky":false,"template":"","format":"standard","meta":{"footnotes":""},"categories":[1],"tags":[105],"yoast_head":"<!-- This site is optimized with the Yoast SEO plugin v23.2 - https:\/\/yoast.com\/wordpress\/plugins\/seo\/ -->\n<title>El debut de los aurinegros en Rusia - Padre y Decano - El Sitio del Pueblo<\/title>\n<meta name=\"robots\" content=\"index, follow, max-snippet:-1, max-image-preview:large, max-video-preview:-1\" \/>\n<link rel=\"canonical\" href=\"https:\/\/www.padreydecano.com\/cms\/noticias\/el-debut-de-los-aurinegros-en-rusia\/\" \/>\n<meta property=\"og:locale\" content=\"es_ES\" \/>\n<meta property=\"og:type\" content=\"article\" \/>\n<meta property=\"og:title\" content=\"El debut de los aurinegros en Rusia - Padre y Decano - El Sitio del Pueblo\" \/>\n<meta property=\"og:description\" content=\"Uruguay venci\u00f3 1-0 a Egipto, esta ma\u00f1ana en el Ekaterimburg Arena, por la primera fecha de la Fase de Grupos de la Copa del Mundo, con gol de Jos\u00e9 Mar\u00eda Gim\u00e9nez. Los carboneros Guillermo Varela, Cristian Rodr\u00edguez y el ex Pe\u00f1arol, Nahitan N\u00e1ndez, hicieron su debut en el certamen. Como anunciamos ayer, tanto Varela como [&hellip;]\" \/>\n<meta property=\"og:url\" content=\"https:\/\/www.padreydecano.com\/cms\/noticias\/el-debut-de-los-aurinegros-en-rusia\/\" \/>\n<meta property=\"og:site_name\" content=\"Padre y Decano - El Sitio del Pueblo\" \/>\n<meta property=\"article:published_time\" content=\"2018-06-15T17:06:02+00:00\" \/>\n<meta property=\"og:image\" content=\"https:\/\/www.padreydecano.com\/cms\/wp-content\/uploads\/2018\/06\/varela-debut.jpg\" \/>\n\t<meta property=\"og:image:width\" content=\"1200\" \/>\n\t<meta property=\"og:image:height\" content=\"630\" \/>\n\t<meta property=\"og:image:type\" content=\"image\/jpeg\" \/>\n<meta name=\"author\" content=\"Redactores Padre y Decano\" \/>\n<meta name=\"twitter:card\" content=\"summary_large_image\" \/>\n<meta name=\"twitter:label1\" content=\"Escrito por\" \/>\n\t<meta name=\"twitter:data1\" content=\"Redactores Padre y Decano\" \/>\n\t<meta name=\"twitter:label2\" content=\"Tiempo de lectura\" \/>\n\t<meta name=\"twitter:data2\" content=\"3 minutos\" \/>\n<script type=\"application\/ld+json\" class=\"yoast-schema-graph\">{\"@context\":\"https:\/\/schema.org\",\"@graph\":[{\"@type\":\"Article\",\"@id\":\"https:\/\/www.padreydecano.com\/cms\/noticias\/el-debut-de-los-aurinegros-en-rusia\/#article\",\"isPartOf\":{\"@id\":\"https:\/\/www.padreydecano.com\/cms\/noticias\/el-debut-de-los-aurinegros-en-rusia\/\"},\"author\":{\"name\":\"Redactores Padre y Decano\",\"@id\":\"https:\/\/www.padreydecano.com\/cms\/#\/schema\/person\/37aae8f93aa78e4c5385497f056e3246\"},\"headline\":\"El debut de los aurinegros en Rusia\",\"datePublished\":\"2018-06-15T17:06:02+00:00\",\"dateModified\":\"2018-06-15T17:06:02+00:00\",\"mainEntityOfPage\":{\"@id\":\"https:\/\/www.padreydecano.com\/cms\/noticias\/el-debut-de-los-aurinegros-en-rusia\/\"},\"wordCount\":564,\"commentCount\":16,\"publisher\":{\"@id\":\"https:\/\/www.padreydecano.com\/cms\/#organization\"},\"image\":{\"@id\":\"https:\/\/www.padreydecano.com\/cms\/noticias\/el-debut-de-los-aurinegros-en-rusia\/#primaryimage\"},\"thumbnailUrl\":\"https:\/\/www.padreydecano.com\/cms\/wp-content\/uploads\/2018\/06\/varela-debut.jpg\",\"keywords\":[\"Selecci\u00f3n Uruguaya\"],\"articleSection\":[\"Noticias\"],\"inLanguage\":\"es\",\"potentialAction\":[{\"@type\":\"CommentAction\",\"name\":\"Comment\",\"target\":[\"https:\/\/www.padreydecano.com\/cms\/noticias\/el-debut-de-los-aurinegros-en-rusia\/#respond\"]}]},{\"@type\":\"WebPage\",\"@id\":\"https:\/\/www.padreydecano.com\/cms\/noticias\/el-debut-de-los-aurinegros-en-rusia\/\",\"url\":\"https:\/\/www.padreydecano.com\/cms\/noticias\/el-debut-de-los-aurinegros-en-rusia\/\",\"name\":\"El debut de los aurinegros en Rusia - Padre y Decano - El Sitio del Pueblo\",\"isPartOf\":{\"@id\":\"https:\/\/www.padreydecano.com\/cms\/#website\"},\"primaryImageOfPage\":{\"@id\":\"https:\/\/www.padreydecano.com\/cms\/noticias\/el-debut-de-los-aurinegros-en-rusia\/#primaryimage\"},\"image\":{\"@id\":\"https:\/\/www.padreydecano.com\/cms\/noticias\/el-debut-de-los-aurinegros-en-rusia\/#primaryimage\"},\"thumbnailUrl\":\"https:\/\/www.padreydecano.com\/cms\/wp-content\/uploads\/2018\/06\/varela-debut.jpg\",\"datePublished\":\"2018-06-15T17:06:02+00:00\",\"dateModified\":\"2018-06-15T17:06:02+00:00\",\"breadcrumb\":{\"@id\":\"https:\/\/www.padreydecano.com\/cms\/noticias\/el-debut-de-los-aurinegros-en-rusia\/#breadcrumb\"},\"inLanguage\":\"es\",\"potentialAction\":[{\"@type\":\"ReadAction\",\"target\":[\"https:\/\/www.padreydecano.com\/cms\/noticias\/el-debut-de-los-aurinegros-en-rusia\/\"]}]},{\"@type\":\"ImageObject\",\"inLanguage\":\"es\",\"@id\":\"https:\/\/www.padreydecano.com\/cms\/noticias\/el-debut-de-los-aurinegros-en-rusia\/#primaryimage\",\"url\":\"https:\/\/www.padreydecano.com\/cms\/wp-content\/uploads\/2018\/06\/varela-debut.jpg\",\"contentUrl\":\"https:\/\/www.padreydecano.com\/cms\/wp-content\/uploads\/2018\/06\/varela-debut.jpg\",\"width\":1200,\"height\":630,\"caption\":\"Foto: ecos.la\"},{\"@type\":\"BreadcrumbList\",\"@id\":\"https:\/\/www.padreydecano.com\/cms\/noticias\/el-debut-de-los-aurinegros-en-rusia\/#breadcrumb\",\"itemListElement\":[{\"@type\":\"ListItem\",\"position\":1,\"name\":\"Portada\",\"item\":\"https:\/\/www.padreydecano.com\/cms\/\"},{\"@type\":\"ListItem\",\"position\":2,\"name\":\"El debut de los aurinegros en Rusia\"}]},{\"@type\":\"WebSite\",\"@id\":\"https:\/\/www.padreydecano.com\/cms\/#website\",\"url\":\"https:\/\/www.padreydecano.com\/cms\/\",\"name\":\"Padre y Decano - El Sitio del Pueblo\",\"description\":\"Club Atl\u00e9tico Pe\u00f1arol\",\"publisher\":{\"@id\":\"https:\/\/www.padreydecano.com\/cms\/#organization\"},\"potentialAction\":[{\"@type\":\"SearchAction\",\"target\":{\"@type\":\"EntryPoint\",\"urlTemplate\":\"https:\/\/www.padreydecano.com\/cms\/?s={search_term_string}\"},\"query-input\":\"required name=search_term_string\"}],\"inLanguage\":\"es\"},{\"@type\":\"Organization\",\"@id\":\"https:\/\/www.padreydecano.com\/cms\/#organization\",\"name\":\"Padre y Decano\",\"url\":\"https:\/\/www.padreydecano.com\/cms\/\",\"logo\":{\"@type\":\"ImageObject\",\"inLanguage\":\"es\",\"@id\":\"https:\/\/www.padreydecano.com\/cms\/#\/schema\/logo\/image\/\",\"url\":\"https:\/\/www.padreydecano.com\/cms\/wp-content\/uploads\/2022\/01\/avatar-square.png\",\"contentUrl\":\"https:\/\/www.padreydecano.com\/cms\/wp-content\/uploads\/2022\/01\/avatar-square.png\",\"width\":1500,\"height\":1500,\"caption\":\"Padre y Decano\"},\"image\":{\"@id\":\"https:\/\/www.padreydecano.com\/cms\/#\/schema\/logo\/image\/\"}},{\"@type\":\"Person\",\"@id\":\"https:\/\/www.padreydecano.com\/cms\/#\/schema\/person\/37aae8f93aa78e4c5385497f056e3246\",\"name\":\"Redactores Padre y Decano\",\"image\":{\"@type\":\"ImageObject\",\"inLanguage\":\"es\",\"@id\":\"https:\/\/www.padreydecano.com\/cms\/#\/schema\/person\/image\/\",\"url\":\"https:\/\/secure.gravatar.com\/avatar\/8810c4b9081192b118b104af54549af8?s=96&d=https%3A%2F%2Fpadreydecano.com%2Fcms%2Fwp-content%2Fthemes%2Fpyd-theme%2Fimg%2Fdefault-avatar.png&r=g\",\"contentUrl\":\"https:\/\/secure.gravatar.com\/avatar\/8810c4b9081192b118b104af54549af8?s=96&d=https%3A%2F%2Fpadreydecano.com%2Fcms%2Fwp-content%2Fthemes%2Fpyd-theme%2Fimg%2Fdefault-avatar.png&r=g\",\"caption\":\"Redactores Padre y Decano\"},\"sameAs\":[\"http:\/\/www.padreydecano.com\"]}]}<\/script>\n<!-- \/ Yoast SEO plugin. -->","yoast_head_json":{"title":"El debut de los aurinegros en Rusia - Padre y Decano - El Sitio del Pueblo","robots":{"index":"index","follow":"follow","max-snippet":"max-snippet:-1","max-image-preview":"max-image-preview:large","max-video-preview":"max-video-preview:-1"},"canonical":"https:\/\/www.padreydecano.com\/cms\/noticias\/el-debut-de-los-aurinegros-en-rusia\/","og_locale":"es_ES","og_type":"article","og_title":"El debut de los aurinegros en Rusia - Padre y Decano - El Sitio del Pueblo","og_description":"Uruguay venci\u00f3 1-0 a Egipto, esta ma\u00f1ana en el Ekaterimburg Arena, por la primera fecha de la Fase de Grupos de la Copa del Mundo, con gol de Jos\u00e9 Mar\u00eda Gim\u00e9nez. Los carboneros Guillermo Varela, Cristian Rodr\u00edguez y el ex Pe\u00f1arol, Nahitan N\u00e1ndez, hicieron su debut en el certamen. Como anunciamos ayer, tanto Varela como [&hellip;]","og_url":"https:\/\/www.padreydecano.com\/cms\/noticias\/el-debut-de-los-aurinegros-en-rusia\/","og_site_name":"Padre y Decano - El Sitio del Pueblo","article_published_time":"2018-06-15T17:06:02+00:00","og_image":[{"width":1200,"height":630,"url":"https:\/\/www.padreydecano.com\/cms\/wp-content\/uploads\/2018\/06\/varela-debut.jpg","type":"image\/jpeg"}],"author":"Redactores Padre y Decano","twitter_card":"summary_large_image","twitter_misc":{"Escrito por":"Redactores Padre y Decano","Tiempo de lectura":"3 minutos"},"schema":{"@context":"https:\/\/schema.org","@graph":[{"@type":"Article","@id":"https:\/\/www.padreydecano.com\/cms\/noticias\/el-debut-de-los-aurinegros-en-rusia\/#article","isPartOf":{"@id":"https:\/\/www.padreydecano.com\/cms\/noticias\/el-debut-de-los-aurinegros-en-rusia\/"},"author":{"name":"Redactores Padre y Decano","@id":"https:\/\/www.padreydecano.com\/cms\/#\/schema\/person\/37aae8f93aa78e4c5385497f056e3246"},"headline":"El debut de los aurinegros en Rusia","datePublished":"2018-06-15T17:06:02+00:00","dateModified":"2018-06-15T17:06:02+00:00","mainEntityOfPage":{"@id":"https:\/\/www.padreydecano.com\/cms\/noticias\/el-debut-de-los-aurinegros-en-rusia\/"},"wordCount":564,"commentCount":16,"publisher":{"@id":"https:\/\/www.padreydecano.com\/cms\/#organization"},"image":{"@id":"https:\/\/www.padreydecano.com\/cms\/noticias\/el-debut-de-los-aurinegros-en-rusia\/#primaryimage"},"thumbnailUrl":"https:\/\/www.padreydecano.com\/cms\/wp-content\/uploads\/2018\/06\/varela-debut.jpg","keywords":["Selecci\u00f3n Uruguaya"],"articleSection":["Noticias"],"inLanguage":"es","potentialAction":[{"@type":"CommentAction","name":"Comment","target":["https:\/\/www.padreydecano.com\/cms\/noticias\/el-debut-de-los-aurinegros-en-rusia\/#respond"]}]},{"@type":"WebPage","@id":"https:\/\/www.padreydecano.com\/cms\/noticias\/el-debut-de-los-aurinegros-en-rusia\/","url":"https:\/\/www.padreydecano.com\/cms\/noticias\/el-debut-de-los-aurinegros-en-rusia\/","name":"El debut de los aurinegros en Rusia - Padre y Decano - El Sitio del Pueblo","isPartOf":{"@id":"https:\/\/www.padreydecano.com\/cms\/#website"},"primaryImageOfPage":{"@id":"https:\/\/www.padreydecano.com\/cms\/noticias\/el-debut-de-los-aurinegros-en-rusia\/#primaryimage"},"image":{"@id":"https:\/\/www.padreydecano.com\/cms\/noticias\/el-debut-de-los-aurinegros-en-rusia\/#primaryimage"},"thumbnailUrl":"https:\/\/www.padreydecano.com\/cms\/wp-content\/uploads\/2018\/06\/varela-debut.jpg","datePublished":"2018-06-15T17:06:02+00:00","dateModified":"2018-06-15T17:06:02+00:00","breadcrumb":{"@id":"https:\/\/www.padreydecano.com\/cms\/noticias\/el-debut-de-los-aurinegros-en-rusia\/#breadcrumb"},"inLanguage":"es","potentialAction":[{"@type":"ReadAction","target":["https:\/\/www.padreydecano.com\/cms\/noticias\/el-debut-de-los-aurinegros-en-rusia\/"]}]},{"@type":"ImageObject","inLanguage":"es","@id":"https:\/\/www.padreydecano.com\/cms\/noticias\/el-debut-de-los-aurinegros-en-rusia\/#primaryimage","url":"https:\/\/www.padreydecano.com\/cms\/wp-content\/uploads\/2018\/06\/varela-debut.jpg","contentUrl":"https:\/\/www.padreydecano.com\/cms\/wp-content\/uploads\/2018\/06\/varela-debut.jpg","width":1200,"height":630,"caption":"Foto: ecos.la"},{"@type":"BreadcrumbList","@id":"https:\/\/www.padreydecano.com\/cms\/noticias\/el-debut-de-los-aurinegros-en-rusia\/#breadcrumb","itemListElement":[{"@type":"ListItem","position":1,"name":"Portada","item":"https:\/\/www.padreydecano.com\/cms\/"},{"@type":"ListItem","position":2,"name":"El debut de los aurinegros en Rusia"}]},{"@type":"WebSite","@id":"https:\/\/www.padreydecano.com\/cms\/#website","url":"https:\/\/www.padreydecano.com\/cms\/","name":"Padre y Decano - El Sitio del Pueblo","description":"Club Atl\u00e9tico Pe\u00f1arol","publisher":{"@id":"https:\/\/www.padreydecano.com\/cms\/#organization"},"potentialAction":[{"@type":"SearchAction","target":{"@type":"EntryPoint","urlTemplate":"https:\/\/www.padreydecano.com\/cms\/?s={search_term_string}"},"query-input":"required name=search_term_string"}],"inLanguage":"es"},{"@type":"Organization","@id":"https:\/\/www.padreydecano.com\/cms\/#organization","name":"Padre y Decano","url":"https:\/\/www.padreydecano.com\/cms\/","logo":{"@type":"ImageObject","inLanguage":"es","@id":"https:\/\/www.padreydecano.com\/cms\/#\/schema\/logo\/image\/","url":"https:\/\/www.padreydecano.com\/cms\/wp-content\/uploads\/2022\/01\/avatar-square.png","contentUrl":"https:\/\/www.padreydecano.com\/cms\/wp-content\/uploads\/2022\/01\/avatar-square.png","width":1500,"height":1500,"caption":"Padre y Decano"},"image":{"@id":"https:\/\/www.padreydecano.com\/cms\/#\/schema\/logo\/image\/"}},{"@type":"Person","@id":"https:\/\/www.padreydecano.com\/cms\/#\/schema\/person\/37aae8f93aa78e4c5385497f056e3246","name":"Redactores Padre y Decano","image":{"@type":"ImageObject","inLanguage":"es","@id":"https:\/\/www.padreydecano.com\/cms\/#\/schema\/person\/image\/","url":"https:\/\/secure.gravatar.com\/avatar\/8810c4b9081192b118b104af54549af8?s=96&d=https%3A%2F%2Fpadreydecano.com%2Fcms%2Fwp-content%2Fthemes%2Fpyd-theme%2Fimg%2Fdefault-avatar.png&r=g","contentUrl":"https:\/\/secure.gravatar.com\/avatar\/8810c4b9081192b118b104af54549af8?s=96&d=https%3A%2F%2Fpadreydecano.com%2Fcms%2Fwp-content%2Fthemes%2Fpyd-theme%2Fimg%2Fdefault-avatar.png&r=g","caption":"Redactores Padre y Decano"},"sameAs":["http:\/\/www.padreydecano.com"]}]}},"_links":{"self":[{"href":"https:\/\/www.padreydecano.com\/cms\/wp-json\/wp\/v2\/posts\/67431"}],"collection":[{"href":"https:\/\/www.padreydecano.com\/cms\/wp-json\/wp\/v2\/posts"}],"about":[{"href":"https:\/\/www.padreydecano.com\/cms\/wp-json\/wp\/v2\/types\/post"}],"author":[{"embeddable":true,"href":"https:\/\/www.padreydecano.com\/cms\/wp-json\/wp\/v2\/users\/27"}],"replies":[{"embeddable":true,"href":"https:\/\/www.padreydecano.com\/cms\/wp-json\/wp\/v2\/comments?post=67431"}],"version-history":[{"count":0,"href":"https:\/\/www.padreydecano.com\/cms\/wp-json\/wp\/v2\/posts\/67431\/revisions"}],"wp:featuredmedia":[{"embeddable":true,"href":"https:\/\/www.padreydecano.com\/cms\/wp-json\/wp\/v2\/media\/67432"}],"wp:attachment":[{"href":"https:\/\/www.padreydecano.com\/cms\/wp-json\/wp\/v2\/media?parent=67431"}],"wp:term":[{"taxonomy":"category","embeddable":true,"href":"https:\/\/www.padreydecano.com\/cms\/wp-json\/wp\/v2\/categories?post=67431"},{"taxonomy":"post_tag","embeddable":true,"href":"https:\/\/www.padreydecano.com\/cms\/wp-json\/wp\/v2\/tags?post=67431"}],"curies":[{"name":"wp","href":"https:\/\/api.w.org\/{rel}","templated":true}]}}