{"id":66428,"date":"2018-03-21T11:18:32","date_gmt":"2018-03-21T14:18:32","guid":{"rendered":"http:\/\/www.padreydecano.com\/cms\/?p=66428"},"modified":"2018-03-21T11:18:52","modified_gmt":"2018-03-21T14:18:52","slug":"vuelve-la-bandera-gigante","status":"publish","type":"post","link":"https:\/\/www.padreydecano.com\/cms\/tribuna\/vuelve-la-bandera-gigante\/","title":{"rendered":"\u00a1Vuelve la Bandera Gigante!"},"content":{"rendered":"<p><a href=\"https:\/\/www.padreydecano.com\/cms\/wp-content\/uploads\/2011\/10\/bandera172.jpg\" rel=\"shadowbox[sbpost-66428];player=img;\"><img loading=\"lazy\" decoding=\"async\" class=\"aligncenter wp-image-7059 size-full\" src=\"https:\/\/www.padreydecano.com\/cms\/wp-content\/uploads\/2011\/10\/bandera172-e1521636387413.jpg\" alt=\"\" width=\"605\" height=\"324\" \/><\/a><\/p>\n<p style=\"text-align: justify;\">La hinchada de Pe\u00f1arol viene organizando el regreso de lo que fue en su momento <a href=\"https:\/\/www.padreydecano.com\/cms\/la-bandera-mas-grande-del-mundo\/\">La Bandera M\u00e1s Grande del Mundo<\/a>. En esta ocasi\u00f3n, se desplegar\u00e1 en el Estadio Campe\u00f3n del Siglo el pr\u00f3ximo 4 de abril en el encuentro ante Atl\u00e9tico Tucum\u00e1n por la Copa Libertadores.<\/p>\n<p style=\"text-align: justify;\">Para la movida se cuenta con el apoyo del presidente Jorge Barrera y de todo el Consejo Directivo, haciendo que la iniciativa del posible regreso tome m\u00e1s fuerza.<\/p>\n<p style=\"text-align: justify;\">A trav\u00e9s de las redes sociales,\u00a0<a href=\"https:\/\/twitter.com\/lpibesdpalacio\">Los Pibes del Palacio<\/a>\u00a0publicaron lo siguiente:<\/p>\n<p style=\"text-align: justify;\"><em>Hoy se hizo p\u00fablica una movida que venimos trabajando en conjunto con toda la hinchada y con la aprobaci\u00f3n de la CD.\u00a0Se quiere volver a abrir la BANDERA, esta vez en nuestro Estadio vs. Tucum\u00e1n.<\/em><\/p>\n<p style=\"text-align: justify;\"><em>El tema viene bien encaminado, todav\u00eda faltan detalles. Contamos con el apoyo de todos los dirigentes y del Presidente del Club. La ilusi\u00f3n y las ganas de volver a verla bajar son demasiadas y eso hace mucha fuerza!<\/em><\/p>\n<p style=\"text-align: justify;\"><em>Esperamos que se confirme y de ser as\u00ed la colaboraci\u00f3n de todos los hinchas!<\/em><\/p>\n<p style=\"text-align: justify;\"><em>Ser\u00e1 otro d\u00eda hist\u00f3rico para nuestra hinchada!<\/em><\/p>\n","protected":false},"excerpt":{"rendered":"<p>La hinchada de Pe\u00f1arol viene organizando el regreso de lo que fue en su momento La Bandera M\u00e1s Grande del Mundo. En esta ocasi\u00f3n, se desplegar\u00e1 en el Estadio Campe\u00f3n del Siglo el pr\u00f3ximo 4 de abril en el encuentro ante Atl\u00e9tico Tucum\u00e1n por la Copa Libertadores. Para la movida se cuenta con el apoyo [&hellip;]<\/p>\n","protected":false},"author":2,"featured_media":7070,"comment_status":"open","ping_status":"closed","sticky":false,"template":"","format":"standard","meta":{"footnotes":""},"categories":[31],"tags":[],"yoast_head":"<!-- This site is optimized with the Yoast SEO plugin v23.2 - https:\/\/yoast.com\/wordpress\/plugins\/seo\/ -->\n<title>\u00a1Vuelve la Bandera Gigante! - Padre y Decano - El Sitio del Pueblo<\/title>\n<meta name=\"robots\" content=\"index, follow, max-snippet:-1, max-image-preview:large, max-video-preview:-1\" \/>\n<link rel=\"canonical\" href=\"https:\/\/www.padreydecano.com\/cms\/tribuna\/vuelve-la-bandera-gigante\/\" \/>\n<meta property=\"og:locale\" content=\"es_ES\" \/>\n<meta property=\"og:type\" content=\"article\" \/>\n<meta property=\"og:title\" content=\"\u00a1Vuelve la Bandera Gigante! - Padre y Decano - El Sitio del Pueblo\" \/>\n<meta property=\"og:description\" content=\"La hinchada de Pe\u00f1arol viene organizando el regreso de lo que fue en su momento La Bandera M\u00e1s Grande del Mundo. En esta ocasi\u00f3n, se desplegar\u00e1 en el Estadio Campe\u00f3n del Siglo el pr\u00f3ximo 4 de abril en el encuentro ante Atl\u00e9tico Tucum\u00e1n por la Copa Libertadores. Para la movida se cuenta con el apoyo [&hellip;]\" \/>\n<meta property=\"og:url\" content=\"https:\/\/www.padreydecano.com\/cms\/tribuna\/vuelve-la-bandera-gigante\/\" \/>\n<meta property=\"og:site_name\" content=\"Padre y Decano - El Sitio del Pueblo\" \/>\n<meta property=\"article:published_time\" content=\"2018-03-21T14:18:32+00:00\" \/>\n<meta property=\"article:modified_time\" content=\"2018-03-21T14:18:52+00:00\" \/>\n<meta property=\"og:image\" content=\"https:\/\/www.padreydecano.com\/cms\/wp-content\/uploads\/2011\/10\/bandera183.jpg\" \/>\n\t<meta property=\"og:image:width\" content=\"800\" \/>\n\t<meta property=\"og:image:height\" content=\"533\" \/>\n\t<meta property=\"og:image:type\" content=\"image\/jpeg\" \/>\n<meta name=\"author\" content=\"Gonzalo16\" \/>\n<meta name=\"twitter:card\" content=\"summary_large_image\" \/>\n<meta name=\"twitter:label1\" content=\"Escrito por\" \/>\n\t<meta name=\"twitter:data1\" content=\"Gonzalo16\" \/>\n\t<meta name=\"twitter:label2\" content=\"Tiempo de lectura\" \/>\n\t<meta name=\"twitter:data2\" content=\"1 minuto\" \/>\n<script type=\"application\/ld+json\" class=\"yoast-schema-graph\">{\"@context\":\"https:\/\/schema.org\",\"@graph\":[{\"@type\":\"Article\",\"@id\":\"https:\/\/www.padreydecano.com\/cms\/tribuna\/vuelve-la-bandera-gigante\/#article\",\"isPartOf\":{\"@id\":\"https:\/\/www.padreydecano.com\/cms\/tribuna\/vuelve-la-bandera-gigante\/\"},\"author\":{\"name\":\"Gonzalo16\",\"@id\":\"https:\/\/www.padreydecano.com\/cms\/#\/schema\/person\/7fe41e3e335700ebd387196df2f9a8d4\"},\"headline\":\"\u00a1Vuelve la Bandera Gigante!\",\"datePublished\":\"2018-03-21T14:18:32+00:00\",\"dateModified\":\"2018-03-21T14:18:52+00:00\",\"mainEntityOfPage\":{\"@id\":\"https:\/\/www.padreydecano.com\/cms\/tribuna\/vuelve-la-bandera-gigante\/\"},\"wordCount\":203,\"commentCount\":25,\"publisher\":{\"@id\":\"https:\/\/www.padreydecano.com\/cms\/#organization\"},\"image\":{\"@id\":\"https:\/\/www.padreydecano.com\/cms\/tribuna\/vuelve-la-bandera-gigante\/#primaryimage\"},\"thumbnailUrl\":\"https:\/\/www.padreydecano.com\/cms\/wp-content\/uploads\/2011\/10\/bandera183.jpg\",\"articleSection\":[\"Tribuna\"],\"inLanguage\":\"es\",\"potentialAction\":[{\"@type\":\"CommentAction\",\"name\":\"Comment\",\"target\":[\"https:\/\/www.padreydecano.com\/cms\/tribuna\/vuelve-la-bandera-gigante\/#respond\"]}]},{\"@type\":\"WebPage\",\"@id\":\"https:\/\/www.padreydecano.com\/cms\/tribuna\/vuelve-la-bandera-gigante\/\",\"url\":\"https:\/\/www.padreydecano.com\/cms\/tribuna\/vuelve-la-bandera-gigante\/\",\"name\":\"\u00a1Vuelve la Bandera Gigante! - Padre y Decano - El Sitio del Pueblo\",\"isPartOf\":{\"@id\":\"https:\/\/www.padreydecano.com\/cms\/#website\"},\"primaryImageOfPage\":{\"@id\":\"https:\/\/www.padreydecano.com\/cms\/tribuna\/vuelve-la-bandera-gigante\/#primaryimage\"},\"image\":{\"@id\":\"https:\/\/www.padreydecano.com\/cms\/tribuna\/vuelve-la-bandera-gigante\/#primaryimage\"},\"thumbnailUrl\":\"https:\/\/www.padreydecano.com\/cms\/wp-content\/uploads\/2011\/10\/bandera183.jpg\",\"datePublished\":\"2018-03-21T14:18:32+00:00\",\"dateModified\":\"2018-03-21T14:18:52+00:00\",\"breadcrumb\":{\"@id\":\"https:\/\/www.padreydecano.com\/cms\/tribuna\/vuelve-la-bandera-gigante\/#breadcrumb\"},\"inLanguage\":\"es\",\"potentialAction\":[{\"@type\":\"ReadAction\",\"target\":[\"https:\/\/www.padreydecano.com\/cms\/tribuna\/vuelve-la-bandera-gigante\/\"]}]},{\"@type\":\"ImageObject\",\"inLanguage\":\"es\",\"@id\":\"https:\/\/www.padreydecano.com\/cms\/tribuna\/vuelve-la-bandera-gigante\/#primaryimage\",\"url\":\"https:\/\/www.padreydecano.com\/cms\/wp-content\/uploads\/2011\/10\/bandera183.jpg\",\"contentUrl\":\"https:\/\/www.padreydecano.com\/cms\/wp-content\/uploads\/2011\/10\/bandera183.jpg\",\"width\":\"800\",\"height\":\"533\"},{\"@type\":\"BreadcrumbList\",\"@id\":\"https:\/\/www.padreydecano.com\/cms\/tribuna\/vuelve-la-bandera-gigante\/#breadcrumb\",\"itemListElement\":[{\"@type\":\"ListItem\",\"position\":1,\"name\":\"Portada\",\"item\":\"https:\/\/www.padreydecano.com\/cms\/\"},{\"@type\":\"ListItem\",\"position\":2,\"name\":\"\u00a1Vuelve la Bandera Gigante!\"}]},{\"@type\":\"WebSite\",\"@id\":\"https:\/\/www.padreydecano.com\/cms\/#website\",\"url\":\"https:\/\/www.padreydecano.com\/cms\/\",\"name\":\"Padre y Decano - El Sitio del Pueblo\",\"description\":\"Club Atl\u00e9tico Pe\u00f1arol\",\"publisher\":{\"@id\":\"https:\/\/www.padreydecano.com\/cms\/#organization\"},\"potentialAction\":[{\"@type\":\"SearchAction\",\"target\":{\"@type\":\"EntryPoint\",\"urlTemplate\":\"https:\/\/www.padreydecano.com\/cms\/?s={search_term_string}\"},\"query-input\":\"required name=search_term_string\"}],\"inLanguage\":\"es\"},{\"@type\":\"Organization\",\"@id\":\"https:\/\/www.padreydecano.com\/cms\/#organization\",\"name\":\"Padre y Decano\",\"url\":\"https:\/\/www.padreydecano.com\/cms\/\",\"logo\":{\"@type\":\"ImageObject\",\"inLanguage\":\"es\",\"@id\":\"https:\/\/www.padreydecano.com\/cms\/#\/schema\/logo\/image\/\",\"url\":\"https:\/\/www.padreydecano.com\/cms\/wp-content\/uploads\/2022\/01\/avatar-square.png\",\"contentUrl\":\"https:\/\/www.padreydecano.com\/cms\/wp-content\/uploads\/2022\/01\/avatar-square.png\",\"width\":1500,\"height\":1500,\"caption\":\"Padre y Decano\"},\"image\":{\"@id\":\"https:\/\/www.padreydecano.com\/cms\/#\/schema\/logo\/image\/\"}},{\"@type\":\"Person\",\"@id\":\"https:\/\/www.padreydecano.com\/cms\/#\/schema\/person\/7fe41e3e335700ebd387196df2f9a8d4\",\"name\":\"Gonzalo16\",\"image\":{\"@type\":\"ImageObject\",\"inLanguage\":\"es\",\"@id\":\"https:\/\/www.padreydecano.com\/cms\/#\/schema\/person\/image\/\",\"url\":\"https:\/\/secure.gravatar.com\/avatar\/4d5cdd49803a2313c01f77e3dfc05d81?s=96&d=https%3A%2F%2Fpadreydecano.com%2Fcms%2Fwp-content%2Fthemes%2Fpyd-theme%2Fimg%2Fdefault-avatar.png&r=g\",\"contentUrl\":\"https:\/\/secure.gravatar.com\/avatar\/4d5cdd49803a2313c01f77e3dfc05d81?s=96&d=https%3A%2F%2Fpadreydecano.com%2Fcms%2Fwp-content%2Fthemes%2Fpyd-theme%2Fimg%2Fdefault-avatar.png&r=g\",\"caption\":\"Gonzalo16\"}}]}<\/script>\n<!-- \/ Yoast SEO plugin. -->","yoast_head_json":{"title":"\u00a1Vuelve la Bandera Gigante! - Padre y Decano - El Sitio del Pueblo","robots":{"index":"index","follow":"follow","max-snippet":"max-snippet:-1","max-image-preview":"max-image-preview:large","max-video-preview":"max-video-preview:-1"},"canonical":"https:\/\/www.padreydecano.com\/cms\/tribuna\/vuelve-la-bandera-gigante\/","og_locale":"es_ES","og_type":"article","og_title":"\u00a1Vuelve la Bandera Gigante! - Padre y Decano - El Sitio del Pueblo","og_description":"La hinchada de Pe\u00f1arol viene organizando el regreso de lo que fue en su momento La Bandera M\u00e1s Grande del Mundo. En esta ocasi\u00f3n, se desplegar\u00e1 en el Estadio Campe\u00f3n del Siglo el pr\u00f3ximo 4 de abril en el encuentro ante Atl\u00e9tico Tucum\u00e1n por la Copa Libertadores. Para la movida se cuenta con el apoyo [&hellip;]","og_url":"https:\/\/www.padreydecano.com\/cms\/tribuna\/vuelve-la-bandera-gigante\/","og_site_name":"Padre y Decano - El Sitio del Pueblo","article_published_time":"2018-03-21T14:18:32+00:00","article_modified_time":"2018-03-21T14:18:52+00:00","og_image":[{"width":800,"height":533,"url":"https:\/\/www.padreydecano.com\/cms\/wp-content\/uploads\/2011\/10\/bandera183.jpg","type":"image\/jpeg"}],"author":"Gonzalo16","twitter_card":"summary_large_image","twitter_misc":{"Escrito por":"Gonzalo16","Tiempo de lectura":"1 minuto"},"schema":{"@context":"https:\/\/schema.org","@graph":[{"@type":"Article","@id":"https:\/\/www.padreydecano.com\/cms\/tribuna\/vuelve-la-bandera-gigante\/#article","isPartOf":{"@id":"https:\/\/www.padreydecano.com\/cms\/tribuna\/vuelve-la-bandera-gigante\/"},"author":{"name":"Gonzalo16","@id":"https:\/\/www.padreydecano.com\/cms\/#\/schema\/person\/7fe41e3e335700ebd387196df2f9a8d4"},"headline":"\u00a1Vuelve la Bandera Gigante!","datePublished":"2018-03-21T14:18:32+00:00","dateModified":"2018-03-21T14:18:52+00:00","mainEntityOfPage":{"@id":"https:\/\/www.padreydecano.com\/cms\/tribuna\/vuelve-la-bandera-gigante\/"},"wordCount":203,"commentCount":25,"publisher":{"@id":"https:\/\/www.padreydecano.com\/cms\/#organization"},"image":{"@id":"https:\/\/www.padreydecano.com\/cms\/tribuna\/vuelve-la-bandera-gigante\/#primaryimage"},"thumbnailUrl":"https:\/\/www.padreydecano.com\/cms\/wp-content\/uploads\/2011\/10\/bandera183.jpg","articleSection":["Tribuna"],"inLanguage":"es","potentialAction":[{"@type":"CommentAction","name":"Comment","target":["https:\/\/www.padreydecano.com\/cms\/tribuna\/vuelve-la-bandera-gigante\/#respond"]}]},{"@type":"WebPage","@id":"https:\/\/www.padreydecano.com\/cms\/tribuna\/vuelve-la-bandera-gigante\/","url":"https:\/\/www.padreydecano.com\/cms\/tribuna\/vuelve-la-bandera-gigante\/","name":"\u00a1Vuelve la Bandera Gigante! - Padre y Decano - El Sitio del Pueblo","isPartOf":{"@id":"https:\/\/www.padreydecano.com\/cms\/#website"},"primaryImageOfPage":{"@id":"https:\/\/www.padreydecano.com\/cms\/tribuna\/vuelve-la-bandera-gigante\/#primaryimage"},"image":{"@id":"https:\/\/www.padreydecano.com\/cms\/tribuna\/vuelve-la-bandera-gigante\/#primaryimage"},"thumbnailUrl":"https:\/\/www.padreydecano.com\/cms\/wp-content\/uploads\/2011\/10\/bandera183.jpg","datePublished":"2018-03-21T14:18:32+00:00","dateModified":"2018-03-21T14:18:52+00:00","breadcrumb":{"@id":"https:\/\/www.padreydecano.com\/cms\/tribuna\/vuelve-la-bandera-gigante\/#breadcrumb"},"inLanguage":"es","potentialAction":[{"@type":"ReadAction","target":["https:\/\/www.padreydecano.com\/cms\/tribuna\/vuelve-la-bandera-gigante\/"]}]},{"@type":"ImageObject","inLanguage":"es","@id":"https:\/\/www.padreydecano.com\/cms\/tribuna\/vuelve-la-bandera-gigante\/#primaryimage","url":"https:\/\/www.padreydecano.com\/cms\/wp-content\/uploads\/2011\/10\/bandera183.jpg","contentUrl":"https:\/\/www.padreydecano.com\/cms\/wp-content\/uploads\/2011\/10\/bandera183.jpg","width":"800","height":"533"},{"@type":"BreadcrumbList","@id":"https:\/\/www.padreydecano.com\/cms\/tribuna\/vuelve-la-bandera-gigante\/#breadcrumb","itemListElement":[{"@type":"ListItem","position":1,"name":"Portada","item":"https:\/\/www.padreydecano.com\/cms\/"},{"@type":"ListItem","position":2,"name":"\u00a1Vuelve la Bandera Gigante!"}]},{"@type":"WebSite","@id":"https:\/\/www.padreydecano.com\/cms\/#website","url":"https:\/\/www.padreydecano.com\/cms\/","name":"Padre y Decano - El Sitio del Pueblo","description":"Club Atl\u00e9tico Pe\u00f1arol","publisher":{"@id":"https:\/\/www.padreydecano.com\/cms\/#organization"},"potentialAction":[{"@type":"SearchAction","target":{"@type":"EntryPoint","urlTemplate":"https:\/\/www.padreydecano.com\/cms\/?s={search_term_string}"},"query-input":"required name=search_term_string"}],"inLanguage":"es"},{"@type":"Organization","@id":"https:\/\/www.padreydecano.com\/cms\/#organization","name":"Padre y Decano","url":"https:\/\/www.padreydecano.com\/cms\/","logo":{"@type":"ImageObject","inLanguage":"es","@id":"https:\/\/www.padreydecano.com\/cms\/#\/schema\/logo\/image\/","url":"https:\/\/www.padreydecano.com\/cms\/wp-content\/uploads\/2022\/01\/avatar-square.png","contentUrl":"https:\/\/www.padreydecano.com\/cms\/wp-content\/uploads\/2022\/01\/avatar-square.png","width":1500,"height":1500,"caption":"Padre y Decano"},"image":{"@id":"https:\/\/www.padreydecano.com\/cms\/#\/schema\/logo\/image\/"}},{"@type":"Person","@id":"https:\/\/www.padreydecano.com\/cms\/#\/schema\/person\/7fe41e3e335700ebd387196df2f9a8d4","name":"Gonzalo16","image":{"@type":"ImageObject","inLanguage":"es","@id":"https:\/\/www.padreydecano.com\/cms\/#\/schema\/person\/image\/","url":"https:\/\/secure.gravatar.com\/avatar\/4d5cdd49803a2313c01f77e3dfc05d81?s=96&d=https%3A%2F%2Fpadreydecano.com%2Fcms%2Fwp-content%2Fthemes%2Fpyd-theme%2Fimg%2Fdefault-avatar.png&r=g","contentUrl":"https:\/\/secure.gravatar.com\/avatar\/4d5cdd49803a2313c01f77e3dfc05d81?s=96&d=https%3A%2F%2Fpadreydecano.com%2Fcms%2Fwp-content%2Fthemes%2Fpyd-theme%2Fimg%2Fdefault-avatar.png&r=g","caption":"Gonzalo16"}}]}},"_links":{"self":[{"href":"https:\/\/www.padreydecano.com\/cms\/wp-json\/wp\/v2\/posts\/66428"}],"collection":[{"href":"https:\/\/www.padreydecano.com\/cms\/wp-json\/wp\/v2\/posts"}],"about":[{"href":"https:\/\/www.padreydecano.com\/cms\/wp-json\/wp\/v2\/types\/post"}],"author":[{"embeddable":true,"href":"https:\/\/www.padreydecano.com\/cms\/wp-json\/wp\/v2\/users\/2"}],"replies":[{"embeddable":true,"href":"https:\/\/www.padreydecano.com\/cms\/wp-json\/wp\/v2\/comments?post=66428"}],"version-history":[{"count":0,"href":"https:\/\/www.padreydecano.com\/cms\/wp-json\/wp\/v2\/posts\/66428\/revisions"}],"wp:featuredmedia":[{"embeddable":true,"href":"https:\/\/www.padreydecano.com\/cms\/wp-json\/wp\/v2\/media\/7070"}],"wp:attachment":[{"href":"https:\/\/www.padreydecano.com\/cms\/wp-json\/wp\/v2\/media?parent=66428"}],"wp:term":[{"taxonomy":"category","embeddable":true,"href":"https:\/\/www.padreydecano.com\/cms\/wp-json\/wp\/v2\/categories?post=66428"},{"taxonomy":"post_tag","embeddable":true,"href":"https:\/\/www.padreydecano.com\/cms\/wp-json\/wp\/v2\/tags?post=66428"}],"curies":[{"name":"wp","href":"https:\/\/api.w.org\/{rel}","templated":true}]}}