{"id":66410,"date":"2018-03-19T21:49:42","date_gmt":"2018-03-20T00:49:42","guid":{"rendered":"http:\/\/www.padreydecano.com\/cms\/?p=66410"},"modified":"2018-03-20T10:43:38","modified_gmt":"2018-03-20T13:43:38","slug":"venta-de-abonos-para-la-copa-libertadores-2018","status":"publish","type":"post","link":"https:\/\/www.padreydecano.com\/cms\/tribuna\/venta-de-abonos-para-la-copa-libertadores-2018\/","title":{"rendered":"Venta de Abonos para la Copa Libertadores 2018"},"content":{"rendered":"<p><a href=\"https:\/\/www.padreydecano.com\/cms\/wp-content\/uploads\/2017\/04\/pe\u00f1arol-palmeiras-copa-libertadores-2017-foto-mariano-alvez-01.jpg\" rel=\"shadowbox[sbpost-66410];player=img;\"><img loading=\"lazy\" decoding=\"async\" class=\"aligncenter wp-image-62935\" src=\"https:\/\/www.padreydecano.com\/cms\/wp-content\/uploads\/2017\/04\/pe\u00f1arol-palmeiras-copa-libertadores-2017-foto-mariano-alvez-01.jpg\" alt=\"\" width=\"620\" height=\"414\" srcset=\"https:\/\/www.padreydecano.com\/cms\/wp-content\/uploads\/2017\/04\/pe\u00f1arol-palmeiras-copa-libertadores-2017-foto-mariano-alvez-01.jpg 900w, https:\/\/www.padreydecano.com\/cms\/wp-content\/uploads\/2017\/04\/pe\u00f1arol-palmeiras-copa-libertadores-2017-foto-mariano-alvez-01-600x401.jpg 600w, https:\/\/www.padreydecano.com\/cms\/wp-content\/uploads\/2017\/04\/pe\u00f1arol-palmeiras-copa-libertadores-2017-foto-mariano-alvez-01-768x513.jpg 768w\" sizes=\"(max-width: 620px) 100vw, 620px\" \/><\/a><\/p>\n<p style=\"text-align: justify;\">En un gran acierto dirigencial, volvieron los abonos para la fase de grupos de la Copa Libertadores de Am\u00e9rica. Con esta compra, pod\u00e9s asegurar tu lugar en el Campe\u00f3n del Siglo para los tres partidos y adem\u00e1s obtener importantes descuentos. Es importante destacar que la cantidad de abonos que se pondr\u00e1n a la venta son limitados.<\/p>\n<p style=\"text-align: justify;\"><span style=\"color: #ffcc02;\"><strong>Importante:<\/strong><\/span> La reserva del abono se realizar\u00e1 exclusivamente en la web de <a href=\"http:\/\/www.tickantel.com.uy\">Tickantel<\/a>.<\/p>\n<p style=\"text-align: justify;\"><strong>Paso 1<\/strong>&#8211; En Tickantel, quienes adquieran su abono podr\u00e1n elegir pagar online (BROU, BBVA, HERITAGE, SANTANDER, OCA, MASTER) o pagar en REDPAGOS (Efectivo, OCA, VISA, MASTER).<\/p>\n<p style=\"text-align: justify;\"><strong>Paso 2<\/strong>&#8211; En todos los casos (pago v\u00eda web o a trav\u00e9s de Redpagos) se deber\u00e1 finalizar la compra en un local de Redpagos para la impresi\u00f3n y entrega de las entradas f\u00edsicas para los tres partidos.<\/p>\n<p style=\"text-align: justify;\"><span style=\"color: #ffcc02;\"><strong>Precios<\/strong><\/span><\/p>\n<p style=\"text-align: justify;\"><strong>Tribuna Guelfi &#8211; Port\u00f3n B &#8211;<\/strong><\/p>\n<ul style=\"text-align: justify;\">\n<li>Socios cuota plena*: $450<\/li>\n<li>Socios cuota bonificada**: $1035<\/li>\n<li>Generales y Socios adherentes: $1560<\/li>\n<li>Socios Cadetes: $315<\/li>\n<\/ul>\n<p style=\"text-align: justify;\"><strong>Tribuna Damiani &#8211; (Primera partida de abonos agotada)<\/strong><\/p>\n<ul style=\"text-align: justify;\">\n<li>Socios cuota plena*: $900<\/li>\n<li>Socios cuota bonificada**: $2025<\/li>\n<li>Generales y Socios adherentes: $3120<\/li>\n<li>Socios Cadetes: $630<\/li>\n<\/ul>\n<p style=\"text-align: justify;\"><strong>Tribuna Cataldi<\/strong><\/p>\n<ul style=\"text-align: justify;\">\n<li>Socios cuota plena*: $675<\/li>\n<li>Socios cuota bonificada**: $1575<\/li>\n<li>Generales y Socios adherentes: $2400<\/li>\n<li>Socios Cadetes: $495<\/li>\n<\/ul>\n<p style=\"text-align: justify;\"><strong>Tribuna Henderson<\/strong><\/p>\n<ul style=\"text-align: justify;\">\n<li>Socios cuota plena*: $1800<\/li>\n<li>Socios cuota bonificada**: $4050<\/li>\n<li>Generales y Socios adherentes: $6240<\/li>\n<li>Socios Cadetes: $1260<\/li>\n<\/ul>\n<p><span style=\"color: #ffcc02;\"><strong>Aclaraci\u00f3n:<\/strong> <strong>el precio que figura es por los 3 partidos<\/strong><\/span><\/p>\n<p style=\"text-align: justify;\"><span style=\"color: #ffcc02;\"><strong>Detalles<\/strong><\/span><\/p>\n<p style=\"text-align: justify;\">* SOCIO CUOTA PLENA: Suscriptor, Activo, Vitalicio, Exterior<br \/>\n** SOCIO CUOTA BONIFICADA: Cooperador del Interior, Inscripta<br \/>\n&#8211; Los menores de 5 a\u00f1os inclusive ingresan gratis a todas las localidades.<\/p>\n<p style=\"text-align: justify;\"><span style=\"color: #ffcc02;\"><strong>Operativa<\/strong><\/span><\/p>\n<ul>\n<li style=\"text-align: justify;\">Lunes 19 de marzo, venta a Socios en los locales de Redpagos y web de tickantel<\/li>\n<li style=\"text-align: justify;\">Martes 20 de marzo, se extiende la venta a Socios Adherentes (a precio de generales)<\/li>\n<li style=\"text-align: justify;\">Mi\u00e9rcoles 21 de marzo, se habilita la venta de entradas generales<\/li>\n<\/ul>\n","protected":false},"excerpt":{"rendered":"<p>En un gran acierto dirigencial, volvieron los abonos para la fase de grupos de la Copa Libertadores de Am\u00e9rica. Con esta compra, pod\u00e9s asegurar tu lugar en el Campe\u00f3n del Siglo para los tres partidos y adem\u00e1s obtener importantes descuentos. Es importante destacar que la cantidad de abonos que se pondr\u00e1n a la venta son [&hellip;]<\/p>\n","protected":false},"author":13,"featured_media":62952,"comment_status":"open","ping_status":"closed","sticky":false,"template":"","format":"standard","meta":{"footnotes":""},"categories":[31],"tags":[32],"yoast_head":"<!-- This site is optimized with the Yoast SEO plugin v23.2 - https:\/\/yoast.com\/wordpress\/plugins\/seo\/ -->\n<title>Venta de Abonos para la Copa Libertadores 2018 - Padre y Decano - El Sitio del Pueblo<\/title>\n<meta name=\"robots\" content=\"index, follow, max-snippet:-1, max-image-preview:large, max-video-preview:-1\" \/>\n<link rel=\"canonical\" href=\"https:\/\/www.padreydecano.com\/cms\/tribuna\/venta-de-abonos-para-la-copa-libertadores-2018\/\" \/>\n<meta property=\"og:locale\" content=\"es_ES\" \/>\n<meta property=\"og:type\" content=\"article\" \/>\n<meta property=\"og:title\" content=\"Venta de Abonos para la Copa Libertadores 2018 - Padre y Decano - El Sitio del Pueblo\" \/>\n<meta property=\"og:description\" content=\"En un gran acierto dirigencial, volvieron los abonos para la fase de grupos de la Copa Libertadores de Am\u00e9rica. Con esta compra, pod\u00e9s asegurar tu lugar en el Campe\u00f3n del Siglo para los tres partidos y adem\u00e1s obtener importantes descuentos. Es importante destacar que la cantidad de abonos que se pondr\u00e1n a la venta son [&hellip;]\" \/>\n<meta property=\"og:url\" content=\"https:\/\/www.padreydecano.com\/cms\/tribuna\/venta-de-abonos-para-la-copa-libertadores-2018\/\" \/>\n<meta property=\"og:site_name\" content=\"Padre y Decano - El Sitio del Pueblo\" \/>\n<meta property=\"article:published_time\" content=\"2018-03-20T00:49:42+00:00\" \/>\n<meta property=\"article:modified_time\" content=\"2018-03-20T13:43:38+00:00\" \/>\n<meta property=\"og:image\" content=\"https:\/\/www.padreydecano.com\/cms\/wp-content\/uploads\/2017\/04\/Hinchada-Pe\u00f1arol-Palmeiras.jpg\" \/>\n\t<meta property=\"og:image:width\" content=\"690\" \/>\n\t<meta property=\"og:image:height\" content=\"420\" \/>\n\t<meta property=\"og:image:type\" content=\"image\/jpeg\" \/>\n<meta name=\"author\" content=\"Moderador\" \/>\n<meta name=\"twitter:card\" content=\"summary_large_image\" \/>\n<meta name=\"twitter:label1\" content=\"Escrito por\" \/>\n\t<meta name=\"twitter:data1\" content=\"Moderador\" \/>\n\t<meta name=\"twitter:label2\" content=\"Tiempo de lectura\" \/>\n\t<meta name=\"twitter:data2\" content=\"1 minuto\" \/>\n<script type=\"application\/ld+json\" class=\"yoast-schema-graph\">{\"@context\":\"https:\/\/schema.org\",\"@graph\":[{\"@type\":\"Article\",\"@id\":\"https:\/\/www.padreydecano.com\/cms\/tribuna\/venta-de-abonos-para-la-copa-libertadores-2018\/#article\",\"isPartOf\":{\"@id\":\"https:\/\/www.padreydecano.com\/cms\/tribuna\/venta-de-abonos-para-la-copa-libertadores-2018\/\"},\"author\":{\"name\":\"Moderador\",\"@id\":\"https:\/\/www.padreydecano.com\/cms\/#\/schema\/person\/d93e9e537230ae052c194251d9a1def2\"},\"headline\":\"Venta de Abonos para la Copa Libertadores 2018\",\"datePublished\":\"2018-03-20T00:49:42+00:00\",\"dateModified\":\"2018-03-20T13:43:38+00:00\",\"mainEntityOfPage\":{\"@id\":\"https:\/\/www.padreydecano.com\/cms\/tribuna\/venta-de-abonos-para-la-copa-libertadores-2018\/\"},\"wordCount\":296,\"commentCount\":81,\"publisher\":{\"@id\":\"https:\/\/www.padreydecano.com\/cms\/#organization\"},\"image\":{\"@id\":\"https:\/\/www.padreydecano.com\/cms\/tribuna\/venta-de-abonos-para-la-copa-libertadores-2018\/#primaryimage\"},\"thumbnailUrl\":\"https:\/\/www.padreydecano.com\/cms\/wp-content\/uploads\/2017\/04\/Hinchada-Pe\u00f1arol-Palmeiras.jpg\",\"keywords\":[\"Venta de entradas\"],\"articleSection\":[\"Tribuna\"],\"inLanguage\":\"es\",\"potentialAction\":[{\"@type\":\"CommentAction\",\"name\":\"Comment\",\"target\":[\"https:\/\/www.padreydecano.com\/cms\/tribuna\/venta-de-abonos-para-la-copa-libertadores-2018\/#respond\"]}]},{\"@type\":\"WebPage\",\"@id\":\"https:\/\/www.padreydecano.com\/cms\/tribuna\/venta-de-abonos-para-la-copa-libertadores-2018\/\",\"url\":\"https:\/\/www.padreydecano.com\/cms\/tribuna\/venta-de-abonos-para-la-copa-libertadores-2018\/\",\"name\":\"Venta de Abonos para la Copa Libertadores 2018 - Padre y Decano - El Sitio del Pueblo\",\"isPartOf\":{\"@id\":\"https:\/\/www.padreydecano.com\/cms\/#website\"},\"primaryImageOfPage\":{\"@id\":\"https:\/\/www.padreydecano.com\/cms\/tribuna\/venta-de-abonos-para-la-copa-libertadores-2018\/#primaryimage\"},\"image\":{\"@id\":\"https:\/\/www.padreydecano.com\/cms\/tribuna\/venta-de-abonos-para-la-copa-libertadores-2018\/#primaryimage\"},\"thumbnailUrl\":\"https:\/\/www.padreydecano.com\/cms\/wp-content\/uploads\/2017\/04\/Hinchada-Pe\u00f1arol-Palmeiras.jpg\",\"datePublished\":\"2018-03-20T00:49:42+00:00\",\"dateModified\":\"2018-03-20T13:43:38+00:00\",\"breadcrumb\":{\"@id\":\"https:\/\/www.padreydecano.com\/cms\/tribuna\/venta-de-abonos-para-la-copa-libertadores-2018\/#breadcrumb\"},\"inLanguage\":\"es\",\"potentialAction\":[{\"@type\":\"ReadAction\",\"target\":[\"https:\/\/www.padreydecano.com\/cms\/tribuna\/venta-de-abonos-para-la-copa-libertadores-2018\/\"]}]},{\"@type\":\"ImageObject\",\"inLanguage\":\"es\",\"@id\":\"https:\/\/www.padreydecano.com\/cms\/tribuna\/venta-de-abonos-para-la-copa-libertadores-2018\/#primaryimage\",\"url\":\"https:\/\/www.padreydecano.com\/cms\/wp-content\/uploads\/2017\/04\/Hinchada-Pe\u00f1arol-Palmeiras.jpg\",\"contentUrl\":\"https:\/\/www.padreydecano.com\/cms\/wp-content\/uploads\/2017\/04\/Hinchada-Pe\u00f1arol-Palmeiras.jpg\",\"width\":690,\"height\":420},{\"@type\":\"BreadcrumbList\",\"@id\":\"https:\/\/www.padreydecano.com\/cms\/tribuna\/venta-de-abonos-para-la-copa-libertadores-2018\/#breadcrumb\",\"itemListElement\":[{\"@type\":\"ListItem\",\"position\":1,\"name\":\"Portada\",\"item\":\"https:\/\/www.padreydecano.com\/cms\/\"},{\"@type\":\"ListItem\",\"position\":2,\"name\":\"Venta de Abonos para la Copa Libertadores 2018\"}]},{\"@type\":\"WebSite\",\"@id\":\"https:\/\/www.padreydecano.com\/cms\/#website\",\"url\":\"https:\/\/www.padreydecano.com\/cms\/\",\"name\":\"Padre y Decano - El Sitio del Pueblo\",\"description\":\"Club Atl\u00e9tico Pe\u00f1arol\",\"publisher\":{\"@id\":\"https:\/\/www.padreydecano.com\/cms\/#organization\"},\"potentialAction\":[{\"@type\":\"SearchAction\",\"target\":{\"@type\":\"EntryPoint\",\"urlTemplate\":\"https:\/\/www.padreydecano.com\/cms\/?s={search_term_string}\"},\"query-input\":\"required name=search_term_string\"}],\"inLanguage\":\"es\"},{\"@type\":\"Organization\",\"@id\":\"https:\/\/www.padreydecano.com\/cms\/#organization\",\"name\":\"Padre y Decano\",\"url\":\"https:\/\/www.padreydecano.com\/cms\/\",\"logo\":{\"@type\":\"ImageObject\",\"inLanguage\":\"es\",\"@id\":\"https:\/\/www.padreydecano.com\/cms\/#\/schema\/logo\/image\/\",\"url\":\"https:\/\/www.padreydecano.com\/cms\/wp-content\/uploads\/2022\/01\/avatar-square.png\",\"contentUrl\":\"https:\/\/www.padreydecano.com\/cms\/wp-content\/uploads\/2022\/01\/avatar-square.png\",\"width\":1500,\"height\":1500,\"caption\":\"Padre y Decano\"},\"image\":{\"@id\":\"https:\/\/www.padreydecano.com\/cms\/#\/schema\/logo\/image\/\"}},{\"@type\":\"Person\",\"@id\":\"https:\/\/www.padreydecano.com\/cms\/#\/schema\/person\/d93e9e537230ae052c194251d9a1def2\",\"name\":\"Moderador\",\"image\":{\"@type\":\"ImageObject\",\"inLanguage\":\"es\",\"@id\":\"https:\/\/www.padreydecano.com\/cms\/#\/schema\/person\/image\/\",\"url\":\"https:\/\/secure.gravatar.com\/avatar\/2587727bf8a53bd3da4ec49f01bea66e?s=96&d=https%3A%2F%2Fpadreydecano.com%2Fcms%2Fwp-content%2Fthemes%2Fpyd-theme%2Fimg%2Fdefault-avatar.png&r=g\",\"contentUrl\":\"https:\/\/secure.gravatar.com\/avatar\/2587727bf8a53bd3da4ec49f01bea66e?s=96&d=https%3A%2F%2Fpadreydecano.com%2Fcms%2Fwp-content%2Fthemes%2Fpyd-theme%2Fimg%2Fdefault-avatar.png&r=g\",\"caption\":\"Moderador\"}}]}<\/script>\n<!-- \/ Yoast SEO plugin. -->","yoast_head_json":{"title":"Venta de Abonos para la Copa Libertadores 2018 - Padre y Decano - El Sitio del Pueblo","robots":{"index":"index","follow":"follow","max-snippet":"max-snippet:-1","max-image-preview":"max-image-preview:large","max-video-preview":"max-video-preview:-1"},"canonical":"https:\/\/www.padreydecano.com\/cms\/tribuna\/venta-de-abonos-para-la-copa-libertadores-2018\/","og_locale":"es_ES","og_type":"article","og_title":"Venta de Abonos para la Copa Libertadores 2018 - Padre y Decano - El Sitio del Pueblo","og_description":"En un gran acierto dirigencial, volvieron los abonos para la fase de grupos de la Copa Libertadores de Am\u00e9rica. Con esta compra, pod\u00e9s asegurar tu lugar en el Campe\u00f3n del Siglo para los tres partidos y adem\u00e1s obtener importantes descuentos. Es importante destacar que la cantidad de abonos que se pondr\u00e1n a la venta son [&hellip;]","og_url":"https:\/\/www.padreydecano.com\/cms\/tribuna\/venta-de-abonos-para-la-copa-libertadores-2018\/","og_site_name":"Padre y Decano - El Sitio del Pueblo","article_published_time":"2018-03-20T00:49:42+00:00","article_modified_time":"2018-03-20T13:43:38+00:00","og_image":[{"width":690,"height":420,"url":"https:\/\/www.padreydecano.com\/cms\/wp-content\/uploads\/2017\/04\/Hinchada-Pe\u00f1arol-Palmeiras.jpg","type":"image\/jpeg"}],"author":"Moderador","twitter_card":"summary_large_image","twitter_misc":{"Escrito por":"Moderador","Tiempo de lectura":"1 minuto"},"schema":{"@context":"https:\/\/schema.org","@graph":[{"@type":"Article","@id":"https:\/\/www.padreydecano.com\/cms\/tribuna\/venta-de-abonos-para-la-copa-libertadores-2018\/#article","isPartOf":{"@id":"https:\/\/www.padreydecano.com\/cms\/tribuna\/venta-de-abonos-para-la-copa-libertadores-2018\/"},"author":{"name":"Moderador","@id":"https:\/\/www.padreydecano.com\/cms\/#\/schema\/person\/d93e9e537230ae052c194251d9a1def2"},"headline":"Venta de Abonos para la Copa Libertadores 2018","datePublished":"2018-03-20T00:49:42+00:00","dateModified":"2018-03-20T13:43:38+00:00","mainEntityOfPage":{"@id":"https:\/\/www.padreydecano.com\/cms\/tribuna\/venta-de-abonos-para-la-copa-libertadores-2018\/"},"wordCount":296,"commentCount":81,"publisher":{"@id":"https:\/\/www.padreydecano.com\/cms\/#organization"},"image":{"@id":"https:\/\/www.padreydecano.com\/cms\/tribuna\/venta-de-abonos-para-la-copa-libertadores-2018\/#primaryimage"},"thumbnailUrl":"https:\/\/www.padreydecano.com\/cms\/wp-content\/uploads\/2017\/04\/Hinchada-Pe\u00f1arol-Palmeiras.jpg","keywords":["Venta de entradas"],"articleSection":["Tribuna"],"inLanguage":"es","potentialAction":[{"@type":"CommentAction","name":"Comment","target":["https:\/\/www.padreydecano.com\/cms\/tribuna\/venta-de-abonos-para-la-copa-libertadores-2018\/#respond"]}]},{"@type":"WebPage","@id":"https:\/\/www.padreydecano.com\/cms\/tribuna\/venta-de-abonos-para-la-copa-libertadores-2018\/","url":"https:\/\/www.padreydecano.com\/cms\/tribuna\/venta-de-abonos-para-la-copa-libertadores-2018\/","name":"Venta de Abonos para la Copa Libertadores 2018 - Padre y Decano - El Sitio del Pueblo","isPartOf":{"@id":"https:\/\/www.padreydecano.com\/cms\/#website"},"primaryImageOfPage":{"@id":"https:\/\/www.padreydecano.com\/cms\/tribuna\/venta-de-abonos-para-la-copa-libertadores-2018\/#primaryimage"},"image":{"@id":"https:\/\/www.padreydecano.com\/cms\/tribuna\/venta-de-abonos-para-la-copa-libertadores-2018\/#primaryimage"},"thumbnailUrl":"https:\/\/www.padreydecano.com\/cms\/wp-content\/uploads\/2017\/04\/Hinchada-Pe\u00f1arol-Palmeiras.jpg","datePublished":"2018-03-20T00:49:42+00:00","dateModified":"2018-03-20T13:43:38+00:00","breadcrumb":{"@id":"https:\/\/www.padreydecano.com\/cms\/tribuna\/venta-de-abonos-para-la-copa-libertadores-2018\/#breadcrumb"},"inLanguage":"es","potentialAction":[{"@type":"ReadAction","target":["https:\/\/www.padreydecano.com\/cms\/tribuna\/venta-de-abonos-para-la-copa-libertadores-2018\/"]}]},{"@type":"ImageObject","inLanguage":"es","@id":"https:\/\/www.padreydecano.com\/cms\/tribuna\/venta-de-abonos-para-la-copa-libertadores-2018\/#primaryimage","url":"https:\/\/www.padreydecano.com\/cms\/wp-content\/uploads\/2017\/04\/Hinchada-Pe\u00f1arol-Palmeiras.jpg","contentUrl":"https:\/\/www.padreydecano.com\/cms\/wp-content\/uploads\/2017\/04\/Hinchada-Pe\u00f1arol-Palmeiras.jpg","width":690,"height":420},{"@type":"BreadcrumbList","@id":"https:\/\/www.padreydecano.com\/cms\/tribuna\/venta-de-abonos-para-la-copa-libertadores-2018\/#breadcrumb","itemListElement":[{"@type":"ListItem","position":1,"name":"Portada","item":"https:\/\/www.padreydecano.com\/cms\/"},{"@type":"ListItem","position":2,"name":"Venta de Abonos para la Copa Libertadores 2018"}]},{"@type":"WebSite","@id":"https:\/\/www.padreydecano.com\/cms\/#website","url":"https:\/\/www.padreydecano.com\/cms\/","name":"Padre y Decano - El Sitio del Pueblo","description":"Club Atl\u00e9tico Pe\u00f1arol","publisher":{"@id":"https:\/\/www.padreydecano.com\/cms\/#organization"},"potentialAction":[{"@type":"SearchAction","target":{"@type":"EntryPoint","urlTemplate":"https:\/\/www.padreydecano.com\/cms\/?s={search_term_string}"},"query-input":"required name=search_term_string"}],"inLanguage":"es"},{"@type":"Organization","@id":"https:\/\/www.padreydecano.com\/cms\/#organization","name":"Padre y Decano","url":"https:\/\/www.padreydecano.com\/cms\/","logo":{"@type":"ImageObject","inLanguage":"es","@id":"https:\/\/www.padreydecano.com\/cms\/#\/schema\/logo\/image\/","url":"https:\/\/www.padreydecano.com\/cms\/wp-content\/uploads\/2022\/01\/avatar-square.png","contentUrl":"https:\/\/www.padreydecano.com\/cms\/wp-content\/uploads\/2022\/01\/avatar-square.png","width":1500,"height":1500,"caption":"Padre y Decano"},"image":{"@id":"https:\/\/www.padreydecano.com\/cms\/#\/schema\/logo\/image\/"}},{"@type":"Person","@id":"https:\/\/www.padreydecano.com\/cms\/#\/schema\/person\/d93e9e537230ae052c194251d9a1def2","name":"Moderador","image":{"@type":"ImageObject","inLanguage":"es","@id":"https:\/\/www.padreydecano.com\/cms\/#\/schema\/person\/image\/","url":"https:\/\/secure.gravatar.com\/avatar\/2587727bf8a53bd3da4ec49f01bea66e?s=96&d=https%3A%2F%2Fpadreydecano.com%2Fcms%2Fwp-content%2Fthemes%2Fpyd-theme%2Fimg%2Fdefault-avatar.png&r=g","contentUrl":"https:\/\/secure.gravatar.com\/avatar\/2587727bf8a53bd3da4ec49f01bea66e?s=96&d=https%3A%2F%2Fpadreydecano.com%2Fcms%2Fwp-content%2Fthemes%2Fpyd-theme%2Fimg%2Fdefault-avatar.png&r=g","caption":"Moderador"}}]}},"_links":{"self":[{"href":"https:\/\/www.padreydecano.com\/cms\/wp-json\/wp\/v2\/posts\/66410"}],"collection":[{"href":"https:\/\/www.padreydecano.com\/cms\/wp-json\/wp\/v2\/posts"}],"about":[{"href":"https:\/\/www.padreydecano.com\/cms\/wp-json\/wp\/v2\/types\/post"}],"author":[{"embeddable":true,"href":"https:\/\/www.padreydecano.com\/cms\/wp-json\/wp\/v2\/users\/13"}],"replies":[{"embeddable":true,"href":"https:\/\/www.padreydecano.com\/cms\/wp-json\/wp\/v2\/comments?post=66410"}],"version-history":[{"count":0,"href":"https:\/\/www.padreydecano.com\/cms\/wp-json\/wp\/v2\/posts\/66410\/revisions"}],"wp:featuredmedia":[{"embeddable":true,"href":"https:\/\/www.padreydecano.com\/cms\/wp-json\/wp\/v2\/media\/62952"}],"wp:attachment":[{"href":"https:\/\/www.padreydecano.com\/cms\/wp-json\/wp\/v2\/media?parent=66410"}],"wp:term":[{"taxonomy":"category","embeddable":true,"href":"https:\/\/www.padreydecano.com\/cms\/wp-json\/wp\/v2\/categories?post=66410"},{"taxonomy":"post_tag","embeddable":true,"href":"https:\/\/www.padreydecano.com\/cms\/wp-json\/wp\/v2\/tags?post=66410"}],"curies":[{"name":"wp","href":"https:\/\/api.w.org\/{rel}","templated":true}]}}