{"id":66329,"date":"2018-03-12T11:01:14","date_gmt":"2018-03-12T14:01:14","guid":{"rendered":"http:\/\/www.padreydecano.com\/cms\/?p=66329"},"modified":"2018-03-13T18:43:52","modified_gmt":"2018-03-13T21:43:52","slug":"ramos-cambia-de-sistema-y-equipo-para-jugarle-a-the-strongest-y-a-la-altura","status":"publish","type":"post","link":"https:\/\/www.padreydecano.com\/cms\/los-aromos\/ramos-cambia-de-sistema-y-equipo-para-jugarle-a-the-strongest-y-a-la-altura\/","title":{"rendered":"Ramos cambia de sistema para jugarle a The Strongest y a la altura"},"content":{"rendered":"<div id=\"attachment_66330\" style=\"width: 610px\" class=\"wp-caption aligncenter\"><a href=\"https:\/\/www.padreydecano.com\/cms\/wp-content\/uploads\/2018\/03\/Luis-Maldonado-Christian_Adinolfi_Pe\u00f1arol_entrenamiento_29.jpg\" rel=\"shadowbox[sbpost-66329];player=img;\"><img loading=\"lazy\" decoding=\"async\" aria-describedby=\"caption-attachment-66330\" class=\"wp-image-66330 size-medium\" src=\"https:\/\/www.padreydecano.com\/cms\/wp-content\/uploads\/2018\/03\/Luis-Maldonado-Christian_Adinolfi_Pe\u00f1arol_entrenamiento_29-600x397.jpg\" alt=\"\" width=\"600\" height=\"397\" srcset=\"https:\/\/www.padreydecano.com\/cms\/wp-content\/uploads\/2018\/03\/Luis-Maldonado-Christian_Adinolfi_Pe\u00f1arol_entrenamiento_29-600x397.jpg 600w, https:\/\/www.padreydecano.com\/cms\/wp-content\/uploads\/2018\/03\/Luis-Maldonado-Christian_Adinolfi_Pe\u00f1arol_entrenamiento_29-768x509.jpg 768w, https:\/\/www.padreydecano.com\/cms\/wp-content\/uploads\/2018\/03\/Luis-Maldonado-Christian_Adinolfi_Pe\u00f1arol_entrenamiento_29.jpg 900w\" sizes=\"(max-width: 600px) 100vw, 600px\" \/><\/a><p id=\"caption-attachment-66330\" class=\"wp-caption-text\">Luis Maldonado ser\u00e1 titular<\/p><\/div>\n<p style=\"text-align: justify;\">Pe\u00f1arol entren\u00f3 en Los Aromos preparando el debut del jueves por Copa Libertadores ante The Strongest (19:15 hs de Uruguay). Tal como se esperaba, el entrenador Leonardo Ramos armar\u00e1 un sistema y equipo especial para enfrentar a los dos rivales: los bolivianos y la altura.<\/p>\n<p style=\"text-align: justify;\">La oncena que par\u00f3 en Los Aromos estuvo conformada por: <strong>Kevin Dawson; Guillermo Varela, Fabricio Formiliano, Luis Maldonado (l\u00edbero), Ram\u00f3n Arias, Rodrigo Rojo; Giovanni Gonz\u00e1lez, Walter Gargano, Cristian Rodr\u00edguez, Agust\u00edn Cannobio; Cristian Palacios.<\/strong><\/p>\n<p><a href=\"https:\/\/www.padreydecano.com\/cms\/wp-content\/uploads\/2018\/03\/Convocados-Pe\u00f1arol-The-Strongest.jpg\" rel=\"shadowbox[sbpost-66329];player=img;\"><img loading=\"lazy\" decoding=\"async\" class=\"aligncenter size-medium wp-image-66334\" src=\"https:\/\/www.padreydecano.com\/cms\/wp-content\/uploads\/2018\/03\/Convocados-Pe\u00f1arol-The-Strongest-600x338.jpg\" alt=\"\" width=\"600\" height=\"338\" srcset=\"https:\/\/www.padreydecano.com\/cms\/wp-content\/uploads\/2018\/03\/Convocados-Pe\u00f1arol-The-Strongest-600x338.jpg 600w, https:\/\/www.padreydecano.com\/cms\/wp-content\/uploads\/2018\/03\/Convocados-Pe\u00f1arol-The-Strongest-768x432.jpg 768w, https:\/\/www.padreydecano.com\/cms\/wp-content\/uploads\/2018\/03\/Convocados-Pe\u00f1arol-The-Strongest.jpg 1024w\" sizes=\"(max-width: 600px) 100vw, 600px\" \/><\/a><\/p>\n<p style=\"text-align: justify;\">Entre las novedades de los viajeros se encuentra la <strong>inclusi\u00f3n de Rodrigo Pi\u00f1eiro<\/strong>, futbolista juvenil que mostr\u00f3 muy buenos destellos de talento en los partidos de verano pero que no ha tenido minutos oficiales en el Campeonato Uruguayo. Adem\u00e1s, <strong>Maximiliano Rodr\u00edguez no ir\u00e1 a La Paz.<\/strong><\/p>\n<p style=\"text-align: justify;\">Por su parte,\u00a0<strong>Fidel Mart\u00ednez <a href=\"https:\/\/www.padreydecano.com\/cms\/noticias\/fidel-martinez-salio-sentido\/\" target=\"_blank\" rel=\"noopener\">sufri\u00f3 una contractura<\/a> en el posterior el fin de semana pero trabaja con normalidad en Los Aromos. <\/strong>Si su recuperaci\u00f3n es muy buena, tiene chance de meterse en el equipo. Ma\u00f1ana martes\u00a0se va a trabajar probando a Marcel Novick y a Franco Mart\u00ednez pero no van a jugar.<\/p>\n<p style=\"text-align: justify;\">Cabe recordar que <strong>Guzm\u00e1n Pereira fue expulsado ante Jorge Wilstermann<\/strong> en la \u00faltima fecha de la fase de grupos de la Libertadores 2017, por lo que est\u00e1 suspendido y no viaja a La Paz. A esto hay que sumarle la\u00a0<strong>ausencia de Lucas Hern\u00e1ndez,<\/strong> quien est\u00e1 sancionado por los incidentes del partido ante Palmeiras.<\/p>\n<p><a href=\"https:\/\/www.padreydecano.com\/cms\/wp-content\/uploads\/2018\/03\/Guzman-Pereira-roja-Wilstermann-Libertadores-2017.jpg\" rel=\"shadowbox[sbpost-66329];player=img;\"><img loading=\"lazy\" decoding=\"async\" class=\"aligncenter size-medium wp-image-66333\" src=\"https:\/\/www.padreydecano.com\/cms\/wp-content\/uploads\/2018\/03\/Guzman-Pereira-roja-Wilstermann-Libertadores-2017-600x405.jpg\" alt=\"\" width=\"600\" height=\"405\" srcset=\"https:\/\/www.padreydecano.com\/cms\/wp-content\/uploads\/2018\/03\/Guzman-Pereira-roja-Wilstermann-Libertadores-2017-600x405.jpg 600w, https:\/\/www.padreydecano.com\/cms\/wp-content\/uploads\/2018\/03\/Guzman-Pereira-roja-Wilstermann-Libertadores-2017-768x518.jpg 768w, https:\/\/www.padreydecano.com\/cms\/wp-content\/uploads\/2018\/03\/Guzman-Pereira-roja-Wilstermann-Libertadores-2017.jpg 919w\" sizes=\"(max-width: 600px) 100vw, 600px\" \/><\/a><\/p>\n<p><span style=\"color: #ffcc02;\"><strong>Itinerario<\/strong><\/span><\/p>\n<p style=\"text-align: justify;\">La delegaci\u00f3n partir\u00e1 desde el aeropuerto de Carrasco este martes a las 18:30 hs. Tras escala en Santiago, aterrizar\u00e1 por la madrugada en Santa Cruz de la Sierra. El mi\u00e9rcoles se llevar\u00e1 a cabo un entrenamiento en horario vespertino en el complejo deportivo de Blooming de Santa Cruz. El jueves, la delegaci\u00f3n partir\u00e1 08:10 (hora local) con destino a La Paz. Luego del partido se vuelve inmediatamente, con escalas en Santa Cruz y Santiago, llegando a Montevideo el viernes a las 11:30 hs.<\/p>\n","protected":false},"excerpt":{"rendered":"<p>Rodrigo Pi\u00f1eiro se mete en la lista de convocados y Maximiliano Rodr\u00edguez no viajar\u00e1 a La Paz. <\/p>\n","protected":false},"author":13,"featured_media":0,"comment_status":"open","ping_status":"closed","sticky":false,"template":"","format":"standard","meta":{"footnotes":""},"categories":[7],"tags":[],"yoast_head":"<!-- This site is optimized with the Yoast SEO plugin v23.2 - https:\/\/yoast.com\/wordpress\/plugins\/seo\/ -->\n<title>Ramos cambia de sistema para jugarle a The Strongest y a la altura - Padre y Decano - El Sitio del Pueblo<\/title>\n<meta name=\"robots\" content=\"index, follow, max-snippet:-1, max-image-preview:large, max-video-preview:-1\" \/>\n<link rel=\"canonical\" href=\"https:\/\/www.padreydecano.com\/cms\/los-aromos\/ramos-cambia-de-sistema-y-equipo-para-jugarle-a-the-strongest-y-a-la-altura\/\" \/>\n<meta property=\"og:locale\" content=\"es_ES\" \/>\n<meta property=\"og:type\" content=\"article\" \/>\n<meta property=\"og:title\" content=\"Ramos cambia de sistema para jugarle a The Strongest y a la altura - Padre y Decano - El Sitio del Pueblo\" \/>\n<meta property=\"og:description\" content=\"Rodrigo Pi\u00f1eiro se mete en la lista de convocados y Maximiliano Rodr\u00edguez no viajar\u00e1 a La Paz.\" \/>\n<meta property=\"og:url\" content=\"https:\/\/www.padreydecano.com\/cms\/los-aromos\/ramos-cambia-de-sistema-y-equipo-para-jugarle-a-the-strongest-y-a-la-altura\/\" \/>\n<meta property=\"og:site_name\" content=\"Padre y Decano - El Sitio del Pueblo\" \/>\n<meta property=\"article:published_time\" content=\"2018-03-12T14:01:14+00:00\" \/>\n<meta property=\"article:modified_time\" content=\"2018-03-13T21:43:52+00:00\" \/>\n<meta property=\"og:image\" content=\"http:\/\/www.padreydecano.com\/cms\/wp-content\/uploads\/2018\/03\/Luis-Maldonado-Christian_Adinolfi_Pe\u00f1arol_entrenamiento_29-600x397.jpg\" \/>\n<meta name=\"author\" content=\"Moderador\" \/>\n<meta name=\"twitter:card\" content=\"summary_large_image\" \/>\n<meta name=\"twitter:label1\" content=\"Escrito por\" \/>\n\t<meta name=\"twitter:data1\" content=\"Moderador\" \/>\n\t<meta name=\"twitter:label2\" content=\"Tiempo de lectura\" \/>\n\t<meta name=\"twitter:data2\" content=\"2 minutos\" \/>\n<script type=\"application\/ld+json\" class=\"yoast-schema-graph\">{\"@context\":\"https:\/\/schema.org\",\"@graph\":[{\"@type\":\"Article\",\"@id\":\"https:\/\/www.padreydecano.com\/cms\/los-aromos\/ramos-cambia-de-sistema-y-equipo-para-jugarle-a-the-strongest-y-a-la-altura\/#article\",\"isPartOf\":{\"@id\":\"https:\/\/www.padreydecano.com\/cms\/los-aromos\/ramos-cambia-de-sistema-y-equipo-para-jugarle-a-the-strongest-y-a-la-altura\/\"},\"author\":{\"name\":\"Moderador\",\"@id\":\"https:\/\/www.padreydecano.com\/cms\/#\/schema\/person\/d93e9e537230ae052c194251d9a1def2\"},\"headline\":\"Ramos cambia de sistema para jugarle a The Strongest y a la altura\",\"datePublished\":\"2018-03-12T14:01:14+00:00\",\"dateModified\":\"2018-03-13T21:43:52+00:00\",\"mainEntityOfPage\":{\"@id\":\"https:\/\/www.padreydecano.com\/cms\/los-aromos\/ramos-cambia-de-sistema-y-equipo-para-jugarle-a-the-strongest-y-a-la-altura\/\"},\"wordCount\":354,\"commentCount\":68,\"publisher\":{\"@id\":\"https:\/\/www.padreydecano.com\/cms\/#organization\"},\"image\":{\"@id\":\"https:\/\/www.padreydecano.com\/cms\/los-aromos\/ramos-cambia-de-sistema-y-equipo-para-jugarle-a-the-strongest-y-a-la-altura\/#primaryimage\"},\"thumbnailUrl\":\"http:\/\/www.padreydecano.com\/cms\/wp-content\/uploads\/2018\/03\/Guzman-Pereira-roja-Wilstermann-Libertadores-2017-600x405.jpg\",\"articleSection\":[\"Los Aromos\"],\"inLanguage\":\"es\",\"potentialAction\":[{\"@type\":\"CommentAction\",\"name\":\"Comment\",\"target\":[\"https:\/\/www.padreydecano.com\/cms\/los-aromos\/ramos-cambia-de-sistema-y-equipo-para-jugarle-a-the-strongest-y-a-la-altura\/#respond\"]}]},{\"@type\":\"WebPage\",\"@id\":\"https:\/\/www.padreydecano.com\/cms\/los-aromos\/ramos-cambia-de-sistema-y-equipo-para-jugarle-a-the-strongest-y-a-la-altura\/\",\"url\":\"https:\/\/www.padreydecano.com\/cms\/los-aromos\/ramos-cambia-de-sistema-y-equipo-para-jugarle-a-the-strongest-y-a-la-altura\/\",\"name\":\"Ramos cambia de sistema para jugarle a The Strongest y a la altura - Padre y Decano - El Sitio del Pueblo\",\"isPartOf\":{\"@id\":\"https:\/\/www.padreydecano.com\/cms\/#website\"},\"primaryImageOfPage\":{\"@id\":\"https:\/\/www.padreydecano.com\/cms\/los-aromos\/ramos-cambia-de-sistema-y-equipo-para-jugarle-a-the-strongest-y-a-la-altura\/#primaryimage\"},\"image\":{\"@id\":\"https:\/\/www.padreydecano.com\/cms\/los-aromos\/ramos-cambia-de-sistema-y-equipo-para-jugarle-a-the-strongest-y-a-la-altura\/#primaryimage\"},\"thumbnailUrl\":\"http:\/\/www.padreydecano.com\/cms\/wp-content\/uploads\/2018\/03\/Guzman-Pereira-roja-Wilstermann-Libertadores-2017-600x405.jpg\",\"datePublished\":\"2018-03-12T14:01:14+00:00\",\"dateModified\":\"2018-03-13T21:43:52+00:00\",\"breadcrumb\":{\"@id\":\"https:\/\/www.padreydecano.com\/cms\/los-aromos\/ramos-cambia-de-sistema-y-equipo-para-jugarle-a-the-strongest-y-a-la-altura\/#breadcrumb\"},\"inLanguage\":\"es\",\"potentialAction\":[{\"@type\":\"ReadAction\",\"target\":[\"https:\/\/www.padreydecano.com\/cms\/los-aromos\/ramos-cambia-de-sistema-y-equipo-para-jugarle-a-the-strongest-y-a-la-altura\/\"]}]},{\"@type\":\"ImageObject\",\"inLanguage\":\"es\",\"@id\":\"https:\/\/www.padreydecano.com\/cms\/los-aromos\/ramos-cambia-de-sistema-y-equipo-para-jugarle-a-the-strongest-y-a-la-altura\/#primaryimage\",\"url\":\"http:\/\/www.padreydecano.com\/cms\/wp-content\/uploads\/2018\/03\/Guzman-Pereira-roja-Wilstermann-Libertadores-2017-600x405.jpg\",\"contentUrl\":\"http:\/\/www.padreydecano.com\/cms\/wp-content\/uploads\/2018\/03\/Guzman-Pereira-roja-Wilstermann-Libertadores-2017-600x405.jpg\"},{\"@type\":\"BreadcrumbList\",\"@id\":\"https:\/\/www.padreydecano.com\/cms\/los-aromos\/ramos-cambia-de-sistema-y-equipo-para-jugarle-a-the-strongest-y-a-la-altura\/#breadcrumb\",\"itemListElement\":[{\"@type\":\"ListItem\",\"position\":1,\"name\":\"Portada\",\"item\":\"https:\/\/www.padreydecano.com\/cms\/\"},{\"@type\":\"ListItem\",\"position\":2,\"name\":\"Ramos cambia de sistema para jugarle a The Strongest y a la altura\"}]},{\"@type\":\"WebSite\",\"@id\":\"https:\/\/www.padreydecano.com\/cms\/#website\",\"url\":\"https:\/\/www.padreydecano.com\/cms\/\",\"name\":\"Padre y Decano - El Sitio del Pueblo\",\"description\":\"Club Atl\u00e9tico Pe\u00f1arol\",\"publisher\":{\"@id\":\"https:\/\/www.padreydecano.com\/cms\/#organization\"},\"potentialAction\":[{\"@type\":\"SearchAction\",\"target\":{\"@type\":\"EntryPoint\",\"urlTemplate\":\"https:\/\/www.padreydecano.com\/cms\/?s={search_term_string}\"},\"query-input\":\"required name=search_term_string\"}],\"inLanguage\":\"es\"},{\"@type\":\"Organization\",\"@id\":\"https:\/\/www.padreydecano.com\/cms\/#organization\",\"name\":\"Padre y Decano\",\"url\":\"https:\/\/www.padreydecano.com\/cms\/\",\"logo\":{\"@type\":\"ImageObject\",\"inLanguage\":\"es\",\"@id\":\"https:\/\/www.padreydecano.com\/cms\/#\/schema\/logo\/image\/\",\"url\":\"https:\/\/www.padreydecano.com\/cms\/wp-content\/uploads\/2022\/01\/avatar-square.png\",\"contentUrl\":\"https:\/\/www.padreydecano.com\/cms\/wp-content\/uploads\/2022\/01\/avatar-square.png\",\"width\":1500,\"height\":1500,\"caption\":\"Padre y Decano\"},\"image\":{\"@id\":\"https:\/\/www.padreydecano.com\/cms\/#\/schema\/logo\/image\/\"}},{\"@type\":\"Person\",\"@id\":\"https:\/\/www.padreydecano.com\/cms\/#\/schema\/person\/d93e9e537230ae052c194251d9a1def2\",\"name\":\"Moderador\",\"image\":{\"@type\":\"ImageObject\",\"inLanguage\":\"es\",\"@id\":\"https:\/\/www.padreydecano.com\/cms\/#\/schema\/person\/image\/\",\"url\":\"https:\/\/secure.gravatar.com\/avatar\/2587727bf8a53bd3da4ec49f01bea66e?s=96&d=https%3A%2F%2Fpadreydecano.com%2Fcms%2Fwp-content%2Fthemes%2Fpyd-theme%2Fimg%2Fdefault-avatar.png&r=g\",\"contentUrl\":\"https:\/\/secure.gravatar.com\/avatar\/2587727bf8a53bd3da4ec49f01bea66e?s=96&d=https%3A%2F%2Fpadreydecano.com%2Fcms%2Fwp-content%2Fthemes%2Fpyd-theme%2Fimg%2Fdefault-avatar.png&r=g\",\"caption\":\"Moderador\"}}]}<\/script>\n<!-- \/ Yoast SEO plugin. -->","yoast_head_json":{"title":"Ramos cambia de sistema para jugarle a The Strongest y a la altura - Padre y Decano - El Sitio del Pueblo","robots":{"index":"index","follow":"follow","max-snippet":"max-snippet:-1","max-image-preview":"max-image-preview:large","max-video-preview":"max-video-preview:-1"},"canonical":"https:\/\/www.padreydecano.com\/cms\/los-aromos\/ramos-cambia-de-sistema-y-equipo-para-jugarle-a-the-strongest-y-a-la-altura\/","og_locale":"es_ES","og_type":"article","og_title":"Ramos cambia de sistema para jugarle a The Strongest y a la altura - Padre y Decano - El Sitio del Pueblo","og_description":"Rodrigo Pi\u00f1eiro se mete en la lista de convocados y Maximiliano Rodr\u00edguez no viajar\u00e1 a La Paz.","og_url":"https:\/\/www.padreydecano.com\/cms\/los-aromos\/ramos-cambia-de-sistema-y-equipo-para-jugarle-a-the-strongest-y-a-la-altura\/","og_site_name":"Padre y Decano - El Sitio del Pueblo","article_published_time":"2018-03-12T14:01:14+00:00","article_modified_time":"2018-03-13T21:43:52+00:00","og_image":[{"url":"http:\/\/www.padreydecano.com\/cms\/wp-content\/uploads\/2018\/03\/Luis-Maldonado-Christian_Adinolfi_Pe\u00f1arol_entrenamiento_29-600x397.jpg"}],"author":"Moderador","twitter_card":"summary_large_image","twitter_misc":{"Escrito por":"Moderador","Tiempo de lectura":"2 minutos"},"schema":{"@context":"https:\/\/schema.org","@graph":[{"@type":"Article","@id":"https:\/\/www.padreydecano.com\/cms\/los-aromos\/ramos-cambia-de-sistema-y-equipo-para-jugarle-a-the-strongest-y-a-la-altura\/#article","isPartOf":{"@id":"https:\/\/www.padreydecano.com\/cms\/los-aromos\/ramos-cambia-de-sistema-y-equipo-para-jugarle-a-the-strongest-y-a-la-altura\/"},"author":{"name":"Moderador","@id":"https:\/\/www.padreydecano.com\/cms\/#\/schema\/person\/d93e9e537230ae052c194251d9a1def2"},"headline":"Ramos cambia de sistema para jugarle a The Strongest y a la altura","datePublished":"2018-03-12T14:01:14+00:00","dateModified":"2018-03-13T21:43:52+00:00","mainEntityOfPage":{"@id":"https:\/\/www.padreydecano.com\/cms\/los-aromos\/ramos-cambia-de-sistema-y-equipo-para-jugarle-a-the-strongest-y-a-la-altura\/"},"wordCount":354,"commentCount":68,"publisher":{"@id":"https:\/\/www.padreydecano.com\/cms\/#organization"},"image":{"@id":"https:\/\/www.padreydecano.com\/cms\/los-aromos\/ramos-cambia-de-sistema-y-equipo-para-jugarle-a-the-strongest-y-a-la-altura\/#primaryimage"},"thumbnailUrl":"http:\/\/www.padreydecano.com\/cms\/wp-content\/uploads\/2018\/03\/Guzman-Pereira-roja-Wilstermann-Libertadores-2017-600x405.jpg","articleSection":["Los Aromos"],"inLanguage":"es","potentialAction":[{"@type":"CommentAction","name":"Comment","target":["https:\/\/www.padreydecano.com\/cms\/los-aromos\/ramos-cambia-de-sistema-y-equipo-para-jugarle-a-the-strongest-y-a-la-altura\/#respond"]}]},{"@type":"WebPage","@id":"https:\/\/www.padreydecano.com\/cms\/los-aromos\/ramos-cambia-de-sistema-y-equipo-para-jugarle-a-the-strongest-y-a-la-altura\/","url":"https:\/\/www.padreydecano.com\/cms\/los-aromos\/ramos-cambia-de-sistema-y-equipo-para-jugarle-a-the-strongest-y-a-la-altura\/","name":"Ramos cambia de sistema para jugarle a The Strongest y a la altura - Padre y Decano - El Sitio del Pueblo","isPartOf":{"@id":"https:\/\/www.padreydecano.com\/cms\/#website"},"primaryImageOfPage":{"@id":"https:\/\/www.padreydecano.com\/cms\/los-aromos\/ramos-cambia-de-sistema-y-equipo-para-jugarle-a-the-strongest-y-a-la-altura\/#primaryimage"},"image":{"@id":"https:\/\/www.padreydecano.com\/cms\/los-aromos\/ramos-cambia-de-sistema-y-equipo-para-jugarle-a-the-strongest-y-a-la-altura\/#primaryimage"},"thumbnailUrl":"http:\/\/www.padreydecano.com\/cms\/wp-content\/uploads\/2018\/03\/Guzman-Pereira-roja-Wilstermann-Libertadores-2017-600x405.jpg","datePublished":"2018-03-12T14:01:14+00:00","dateModified":"2018-03-13T21:43:52+00:00","breadcrumb":{"@id":"https:\/\/www.padreydecano.com\/cms\/los-aromos\/ramos-cambia-de-sistema-y-equipo-para-jugarle-a-the-strongest-y-a-la-altura\/#breadcrumb"},"inLanguage":"es","potentialAction":[{"@type":"ReadAction","target":["https:\/\/www.padreydecano.com\/cms\/los-aromos\/ramos-cambia-de-sistema-y-equipo-para-jugarle-a-the-strongest-y-a-la-altura\/"]}]},{"@type":"ImageObject","inLanguage":"es","@id":"https:\/\/www.padreydecano.com\/cms\/los-aromos\/ramos-cambia-de-sistema-y-equipo-para-jugarle-a-the-strongest-y-a-la-altura\/#primaryimage","url":"http:\/\/www.padreydecano.com\/cms\/wp-content\/uploads\/2018\/03\/Guzman-Pereira-roja-Wilstermann-Libertadores-2017-600x405.jpg","contentUrl":"http:\/\/www.padreydecano.com\/cms\/wp-content\/uploads\/2018\/03\/Guzman-Pereira-roja-Wilstermann-Libertadores-2017-600x405.jpg"},{"@type":"BreadcrumbList","@id":"https:\/\/www.padreydecano.com\/cms\/los-aromos\/ramos-cambia-de-sistema-y-equipo-para-jugarle-a-the-strongest-y-a-la-altura\/#breadcrumb","itemListElement":[{"@type":"ListItem","position":1,"name":"Portada","item":"https:\/\/www.padreydecano.com\/cms\/"},{"@type":"ListItem","position":2,"name":"Ramos cambia de sistema para jugarle a The Strongest y a la altura"}]},{"@type":"WebSite","@id":"https:\/\/www.padreydecano.com\/cms\/#website","url":"https:\/\/www.padreydecano.com\/cms\/","name":"Padre y Decano - El Sitio del Pueblo","description":"Club Atl\u00e9tico Pe\u00f1arol","publisher":{"@id":"https:\/\/www.padreydecano.com\/cms\/#organization"},"potentialAction":[{"@type":"SearchAction","target":{"@type":"EntryPoint","urlTemplate":"https:\/\/www.padreydecano.com\/cms\/?s={search_term_string}"},"query-input":"required name=search_term_string"}],"inLanguage":"es"},{"@type":"Organization","@id":"https:\/\/www.padreydecano.com\/cms\/#organization","name":"Padre y Decano","url":"https:\/\/www.padreydecano.com\/cms\/","logo":{"@type":"ImageObject","inLanguage":"es","@id":"https:\/\/www.padreydecano.com\/cms\/#\/schema\/logo\/image\/","url":"https:\/\/www.padreydecano.com\/cms\/wp-content\/uploads\/2022\/01\/avatar-square.png","contentUrl":"https:\/\/www.padreydecano.com\/cms\/wp-content\/uploads\/2022\/01\/avatar-square.png","width":1500,"height":1500,"caption":"Padre y Decano"},"image":{"@id":"https:\/\/www.padreydecano.com\/cms\/#\/schema\/logo\/image\/"}},{"@type":"Person","@id":"https:\/\/www.padreydecano.com\/cms\/#\/schema\/person\/d93e9e537230ae052c194251d9a1def2","name":"Moderador","image":{"@type":"ImageObject","inLanguage":"es","@id":"https:\/\/www.padreydecano.com\/cms\/#\/schema\/person\/image\/","url":"https:\/\/secure.gravatar.com\/avatar\/2587727bf8a53bd3da4ec49f01bea66e?s=96&d=https%3A%2F%2Fpadreydecano.com%2Fcms%2Fwp-content%2Fthemes%2Fpyd-theme%2Fimg%2Fdefault-avatar.png&r=g","contentUrl":"https:\/\/secure.gravatar.com\/avatar\/2587727bf8a53bd3da4ec49f01bea66e?s=96&d=https%3A%2F%2Fpadreydecano.com%2Fcms%2Fwp-content%2Fthemes%2Fpyd-theme%2Fimg%2Fdefault-avatar.png&r=g","caption":"Moderador"}}]}},"_links":{"self":[{"href":"https:\/\/www.padreydecano.com\/cms\/wp-json\/wp\/v2\/posts\/66329"}],"collection":[{"href":"https:\/\/www.padreydecano.com\/cms\/wp-json\/wp\/v2\/posts"}],"about":[{"href":"https:\/\/www.padreydecano.com\/cms\/wp-json\/wp\/v2\/types\/post"}],"author":[{"embeddable":true,"href":"https:\/\/www.padreydecano.com\/cms\/wp-json\/wp\/v2\/users\/13"}],"replies":[{"embeddable":true,"href":"https:\/\/www.padreydecano.com\/cms\/wp-json\/wp\/v2\/comments?post=66329"}],"version-history":[{"count":0,"href":"https:\/\/www.padreydecano.com\/cms\/wp-json\/wp\/v2\/posts\/66329\/revisions"}],"wp:attachment":[{"href":"https:\/\/www.padreydecano.com\/cms\/wp-json\/wp\/v2\/media?parent=66329"}],"wp:term":[{"taxonomy":"category","embeddable":true,"href":"https:\/\/www.padreydecano.com\/cms\/wp-json\/wp\/v2\/categories?post=66329"},{"taxonomy":"post_tag","embeddable":true,"href":"https:\/\/www.padreydecano.com\/cms\/wp-json\/wp\/v2\/tags?post=66329"}],"curies":[{"name":"wp","href":"https:\/\/api.w.org\/{rel}","templated":true}]}}