{"id":65987,"date":"2018-02-06T13:28:08","date_gmt":"2018-02-06T16:28:08","guid":{"rendered":"http:\/\/www.padreydecano.com\/cms\/?p=65987"},"modified":"2018-02-11T21:05:37","modified_gmt":"2018-02-12T00:05:37","slug":"venta-de-entradas-vs-river-plate-apertura-2018","status":"publish","type":"post","link":"https:\/\/www.padreydecano.com\/cms\/tribuna\/venta-de-entradas-vs-river-plate-apertura-2018\/","title":{"rendered":"Venta de entradas vs River Plate (Apertura 2018)"},"content":{"rendered":"<p><a href=\"https:\/\/www.padreydecano.com\/cms\/wp-content\/uploads\/2016\/05\/VentaDeEntradas2.jpg\" rel=\"shadowbox[sbpost-65987];player=img;\"><img loading=\"lazy\" decoding=\"async\" class=\"aligncenter size-full wp-image-58989\" src=\"https:\/\/www.padreydecano.com\/cms\/wp-content\/uploads\/2016\/05\/VentaDeEntradas2.jpg\" alt=\"\" width=\"900\" height=\"548\" srcset=\"https:\/\/www.padreydecano.com\/cms\/wp-content\/uploads\/2016\/05\/VentaDeEntradas2.jpg 900w, https:\/\/www.padreydecano.com\/cms\/wp-content\/uploads\/2016\/05\/VentaDeEntradas2-300x183.jpg 300w, https:\/\/www.padreydecano.com\/cms\/wp-content\/uploads\/2016\/05\/VentaDeEntradas2-768x468.jpg 768w, https:\/\/www.padreydecano.com\/cms\/wp-content\/uploads\/2016\/05\/VentaDeEntradas2-690x420.jpg 690w\" sizes=\"(max-width: 900px) 100vw, 900px\" \/><\/a><\/p>\n<p style=\"text-align: justify;\">Comenz\u00f3 el canje de entradas y venta (socios adherentes) para el partido del domingo a las 19.30 hs ante River Plate en el Estadio Campe\u00f3n del Siglo. La venta general comienza el mi\u00e9rcoles 7.<\/p>\n<p style=\"text-align: justify;\"><span style=\"color: #ffcc02;\"><strong>Precios<\/strong><\/span><\/p>\n<ul style=\"text-align: justify;\">\n<li><strong>Tribuna Damiani<\/strong>\n<ul>\n<li>Socios y palquistas: Gratis<\/li>\n<li>Generales: $650<\/li>\n<\/ul>\n<\/li>\n<li><strong>Tribuna Cataldi<\/strong>\n<ul>\n<li>Socios: Gratis<\/li>\n<li>Generales: $375<\/li>\n<\/ul>\n<\/li>\n<li><strong>Tribuna Guelfi<\/strong>\n<ul>\n<li>Socios: Gratis<\/li>\n<li>Socios Adherentes: $125<\/li>\n<li>Generales: $175<\/li>\n<\/ul>\n<\/li>\n<li><strong>Tribuna Henderson<\/strong>\n<ul>\n<li>Socios: $750<\/li>\n<li>Palquistas y butaquistas: Gratis<\/li>\n<li>Generales: $2400<\/li>\n<\/ul>\n<\/li>\n<\/ul>\n<p style=\"text-align: justify;\"><span style=\"color: #ffcc02;\"><strong>Operativa de venta<\/strong><\/span><\/p>\n<ul style=\"text-align: justify;\">\n<li>Martes 6 de Febrero, canje y venta exclusiva para socios y socios adherentes<\/li>\n<li>A partir del mi\u00e9rcoles 7 se suman las entradas generales<\/li>\n<\/ul>\n<p style=\"text-align: justify;\"><span style=\"color: #ffcc02;\"><strong>Detalles<\/strong><\/span><\/p>\n<ul style=\"text-align: justify;\">\n<li>Socios del Club Atl\u00e9tico Pe\u00f1arol: Canje gratuito para tribunas Cataldi, Guelfi y Damiani. Con costo en tribuna Henderson<\/li>\n<li>Los menores de 5 a\u00f1os inclusive ingresan gratis a las tribunas Guelfi, Cataldi y Damiani. En la tribuna Henderson ingresar\u00e1n gratis hasta 11 a\u00f1os inclusive.<\/li>\n<\/ul>\n<p style=\"text-align: justify;\"><span style=\"color: #ffcc02;\"><strong>Palquistas y Butaquistas:<\/strong> <\/span>Aquellos Palquistas y Butaquistas que tienen su asiento de palco o butaca cargada en su TCAP personal ingresan directo al Campe\u00f3n del Siglo. Aquellos Palquistas y Butaquistas que tienen tarjeta gen\u00e9rica canjean su entrada por medio de la aplicaci\u00f3n para smartphones \u00abTCAP\u00bb.<\/p>\n<p style=\"text-align: justify;\"><span style=\"color: #ffcc02;\"><strong>Socios con TCAP:<\/strong><\/span> Los socios que tienen tarjeta TCAP deber\u00e1n canjear su entrada por medio de la aplicaci\u00f3n para smartphones \u00abTCAP\u00bb.<\/p>\n<p style=\"text-align: justify;\"><span style=\"color: #ffcc02;\"><strong>Socios Adherentes:<\/strong> <\/span>Esta categor\u00eda de socios podr\u00e1 canjear una entrada al a\u00f1o para el Campeonato Uruguayo para la Tribuna Guelfi y comprar entradas con un 30% de descuento para la misma tribuna (canje y compra no son simult\u00e1neos, es decir, el Socio Adherente podr\u00e1 canjear o comprar una sola entrada por partido). En caso de compra la tarifa es $125<\/p>\n<p style=\"text-align: justify;\"><span style=\"color: #ffcc02;\"><strong>Visita:<\/strong> <\/span>La parcialidad de River Plate se ubicar\u00e1 en la Tribuna Guelfi, ingresando por el Port\u00f3n A. El valor de la entrada es $375.<\/p>\n","protected":false},"excerpt":{"rendered":"<p>Comenz\u00f3 el canje de entradas y venta (socios adherentes) para el partido del domingo a las 19.30 hs ante River Plate en el Estadio Campe\u00f3n del Siglo. La venta general comienza el mi\u00e9rcoles 7. Precios Tribuna Damiani Socios y palquistas: Gratis Generales: $650 Tribuna Cataldi Socios: Gratis Generales: $375 Tribuna Guelfi Socios: Gratis Socios Adherentes: [&hellip;]<\/p>\n","protected":false},"author":13,"featured_media":58989,"comment_status":"open","ping_status":"closed","sticky":false,"template":"","format":"standard","meta":{"footnotes":""},"categories":[31],"tags":[32],"yoast_head":"<!-- This site is optimized with the Yoast SEO plugin v23.2 - https:\/\/yoast.com\/wordpress\/plugins\/seo\/ -->\n<title>Venta de entradas vs River Plate (Apertura 2018) - Padre y Decano - El Sitio del Pueblo<\/title>\n<meta name=\"robots\" content=\"index, follow, max-snippet:-1, max-image-preview:large, max-video-preview:-1\" \/>\n<link rel=\"canonical\" href=\"https:\/\/www.padreydecano.com\/cms\/tribuna\/venta-de-entradas-vs-river-plate-apertura-2018\/\" \/>\n<meta property=\"og:locale\" content=\"es_ES\" \/>\n<meta property=\"og:type\" content=\"article\" \/>\n<meta property=\"og:title\" content=\"Venta de entradas vs River Plate (Apertura 2018) - Padre y Decano - El Sitio del Pueblo\" \/>\n<meta property=\"og:description\" content=\"Comenz\u00f3 el canje de entradas y venta (socios adherentes) para el partido del domingo a las 19.30 hs ante River Plate en el Estadio Campe\u00f3n del Siglo. La venta general comienza el mi\u00e9rcoles 7. Precios Tribuna Damiani Socios y palquistas: Gratis Generales: $650 Tribuna Cataldi Socios: Gratis Generales: $375 Tribuna Guelfi Socios: Gratis Socios Adherentes: [&hellip;]\" \/>\n<meta property=\"og:url\" content=\"https:\/\/www.padreydecano.com\/cms\/tribuna\/venta-de-entradas-vs-river-plate-apertura-2018\/\" \/>\n<meta property=\"og:site_name\" content=\"Padre y Decano - El Sitio del Pueblo\" \/>\n<meta property=\"article:published_time\" content=\"2018-02-06T16:28:08+00:00\" \/>\n<meta property=\"article:modified_time\" content=\"2018-02-12T00:05:37+00:00\" \/>\n<meta property=\"og:image\" content=\"https:\/\/www.padreydecano.com\/cms\/wp-content\/uploads\/2016\/05\/VentaDeEntradas2.jpg\" \/>\n\t<meta property=\"og:image:width\" content=\"900\" \/>\n\t<meta property=\"og:image:height\" content=\"548\" \/>\n\t<meta property=\"og:image:type\" content=\"image\/jpeg\" \/>\n<meta name=\"author\" content=\"Moderador\" \/>\n<meta name=\"twitter:card\" content=\"summary_large_image\" \/>\n<meta name=\"twitter:label1\" content=\"Escrito por\" \/>\n\t<meta name=\"twitter:data1\" content=\"Moderador\" \/>\n\t<meta name=\"twitter:label2\" content=\"Tiempo de lectura\" \/>\n\t<meta name=\"twitter:data2\" content=\"1 minuto\" \/>\n<script type=\"application\/ld+json\" class=\"yoast-schema-graph\">{\"@context\":\"https:\/\/schema.org\",\"@graph\":[{\"@type\":\"Article\",\"@id\":\"https:\/\/www.padreydecano.com\/cms\/tribuna\/venta-de-entradas-vs-river-plate-apertura-2018\/#article\",\"isPartOf\":{\"@id\":\"https:\/\/www.padreydecano.com\/cms\/tribuna\/venta-de-entradas-vs-river-plate-apertura-2018\/\"},\"author\":{\"name\":\"Moderador\",\"@id\":\"https:\/\/www.padreydecano.com\/cms\/#\/schema\/person\/d93e9e537230ae052c194251d9a1def2\"},\"headline\":\"Venta de entradas vs River Plate (Apertura 2018)\",\"datePublished\":\"2018-02-06T16:28:08+00:00\",\"dateModified\":\"2018-02-12T00:05:37+00:00\",\"mainEntityOfPage\":{\"@id\":\"https:\/\/www.padreydecano.com\/cms\/tribuna\/venta-de-entradas-vs-river-plate-apertura-2018\/\"},\"wordCount\":297,\"commentCount\":96,\"publisher\":{\"@id\":\"https:\/\/www.padreydecano.com\/cms\/#organization\"},\"image\":{\"@id\":\"https:\/\/www.padreydecano.com\/cms\/tribuna\/venta-de-entradas-vs-river-plate-apertura-2018\/#primaryimage\"},\"thumbnailUrl\":\"https:\/\/www.padreydecano.com\/cms\/wp-content\/uploads\/2016\/05\/VentaDeEntradas2.jpg\",\"keywords\":[\"Venta de entradas\"],\"articleSection\":[\"Tribuna\"],\"inLanguage\":\"es\",\"potentialAction\":[{\"@type\":\"CommentAction\",\"name\":\"Comment\",\"target\":[\"https:\/\/www.padreydecano.com\/cms\/tribuna\/venta-de-entradas-vs-river-plate-apertura-2018\/#respond\"]}]},{\"@type\":\"WebPage\",\"@id\":\"https:\/\/www.padreydecano.com\/cms\/tribuna\/venta-de-entradas-vs-river-plate-apertura-2018\/\",\"url\":\"https:\/\/www.padreydecano.com\/cms\/tribuna\/venta-de-entradas-vs-river-plate-apertura-2018\/\",\"name\":\"Venta de entradas vs River Plate (Apertura 2018) - Padre y Decano - El Sitio del Pueblo\",\"isPartOf\":{\"@id\":\"https:\/\/www.padreydecano.com\/cms\/#website\"},\"primaryImageOfPage\":{\"@id\":\"https:\/\/www.padreydecano.com\/cms\/tribuna\/venta-de-entradas-vs-river-plate-apertura-2018\/#primaryimage\"},\"image\":{\"@id\":\"https:\/\/www.padreydecano.com\/cms\/tribuna\/venta-de-entradas-vs-river-plate-apertura-2018\/#primaryimage\"},\"thumbnailUrl\":\"https:\/\/www.padreydecano.com\/cms\/wp-content\/uploads\/2016\/05\/VentaDeEntradas2.jpg\",\"datePublished\":\"2018-02-06T16:28:08+00:00\",\"dateModified\":\"2018-02-12T00:05:37+00:00\",\"breadcrumb\":{\"@id\":\"https:\/\/www.padreydecano.com\/cms\/tribuna\/venta-de-entradas-vs-river-plate-apertura-2018\/#breadcrumb\"},\"inLanguage\":\"es\",\"potentialAction\":[{\"@type\":\"ReadAction\",\"target\":[\"https:\/\/www.padreydecano.com\/cms\/tribuna\/venta-de-entradas-vs-river-plate-apertura-2018\/\"]}]},{\"@type\":\"ImageObject\",\"inLanguage\":\"es\",\"@id\":\"https:\/\/www.padreydecano.com\/cms\/tribuna\/venta-de-entradas-vs-river-plate-apertura-2018\/#primaryimage\",\"url\":\"https:\/\/www.padreydecano.com\/cms\/wp-content\/uploads\/2016\/05\/VentaDeEntradas2.jpg\",\"contentUrl\":\"https:\/\/www.padreydecano.com\/cms\/wp-content\/uploads\/2016\/05\/VentaDeEntradas2.jpg\",\"width\":900,\"height\":548},{\"@type\":\"BreadcrumbList\",\"@id\":\"https:\/\/www.padreydecano.com\/cms\/tribuna\/venta-de-entradas-vs-river-plate-apertura-2018\/#breadcrumb\",\"itemListElement\":[{\"@type\":\"ListItem\",\"position\":1,\"name\":\"Portada\",\"item\":\"https:\/\/www.padreydecano.com\/cms\/\"},{\"@type\":\"ListItem\",\"position\":2,\"name\":\"Venta de entradas vs River Plate (Apertura 2018)\"}]},{\"@type\":\"WebSite\",\"@id\":\"https:\/\/www.padreydecano.com\/cms\/#website\",\"url\":\"https:\/\/www.padreydecano.com\/cms\/\",\"name\":\"Padre y Decano - El Sitio del Pueblo\",\"description\":\"Club Atl\u00e9tico Pe\u00f1arol\",\"publisher\":{\"@id\":\"https:\/\/www.padreydecano.com\/cms\/#organization\"},\"potentialAction\":[{\"@type\":\"SearchAction\",\"target\":{\"@type\":\"EntryPoint\",\"urlTemplate\":\"https:\/\/www.padreydecano.com\/cms\/?s={search_term_string}\"},\"query-input\":\"required name=search_term_string\"}],\"inLanguage\":\"es\"},{\"@type\":\"Organization\",\"@id\":\"https:\/\/www.padreydecano.com\/cms\/#organization\",\"name\":\"Padre y Decano\",\"url\":\"https:\/\/www.padreydecano.com\/cms\/\",\"logo\":{\"@type\":\"ImageObject\",\"inLanguage\":\"es\",\"@id\":\"https:\/\/www.padreydecano.com\/cms\/#\/schema\/logo\/image\/\",\"url\":\"https:\/\/www.padreydecano.com\/cms\/wp-content\/uploads\/2022\/01\/avatar-square.png\",\"contentUrl\":\"https:\/\/www.padreydecano.com\/cms\/wp-content\/uploads\/2022\/01\/avatar-square.png\",\"width\":1500,\"height\":1500,\"caption\":\"Padre y Decano\"},\"image\":{\"@id\":\"https:\/\/www.padreydecano.com\/cms\/#\/schema\/logo\/image\/\"}},{\"@type\":\"Person\",\"@id\":\"https:\/\/www.padreydecano.com\/cms\/#\/schema\/person\/d93e9e537230ae052c194251d9a1def2\",\"name\":\"Moderador\",\"image\":{\"@type\":\"ImageObject\",\"inLanguage\":\"es\",\"@id\":\"https:\/\/www.padreydecano.com\/cms\/#\/schema\/person\/image\/\",\"url\":\"https:\/\/secure.gravatar.com\/avatar\/2587727bf8a53bd3da4ec49f01bea66e?s=96&d=https%3A%2F%2Fpadreydecano.com%2Fcms%2Fwp-content%2Fthemes%2Fpyd-theme%2Fimg%2Fdefault-avatar.png&r=g\",\"contentUrl\":\"https:\/\/secure.gravatar.com\/avatar\/2587727bf8a53bd3da4ec49f01bea66e?s=96&d=https%3A%2F%2Fpadreydecano.com%2Fcms%2Fwp-content%2Fthemes%2Fpyd-theme%2Fimg%2Fdefault-avatar.png&r=g\",\"caption\":\"Moderador\"}}]}<\/script>\n<!-- \/ Yoast SEO plugin. -->","yoast_head_json":{"title":"Venta de entradas vs River Plate (Apertura 2018) - Padre y Decano - El Sitio del Pueblo","robots":{"index":"index","follow":"follow","max-snippet":"max-snippet:-1","max-image-preview":"max-image-preview:large","max-video-preview":"max-video-preview:-1"},"canonical":"https:\/\/www.padreydecano.com\/cms\/tribuna\/venta-de-entradas-vs-river-plate-apertura-2018\/","og_locale":"es_ES","og_type":"article","og_title":"Venta de entradas vs River Plate (Apertura 2018) - Padre y Decano - El Sitio del Pueblo","og_description":"Comenz\u00f3 el canje de entradas y venta (socios adherentes) para el partido del domingo a las 19.30 hs ante River Plate en el Estadio Campe\u00f3n del Siglo. La venta general comienza el mi\u00e9rcoles 7. Precios Tribuna Damiani Socios y palquistas: Gratis Generales: $650 Tribuna Cataldi Socios: Gratis Generales: $375 Tribuna Guelfi Socios: Gratis Socios Adherentes: [&hellip;]","og_url":"https:\/\/www.padreydecano.com\/cms\/tribuna\/venta-de-entradas-vs-river-plate-apertura-2018\/","og_site_name":"Padre y Decano - El Sitio del Pueblo","article_published_time":"2018-02-06T16:28:08+00:00","article_modified_time":"2018-02-12T00:05:37+00:00","og_image":[{"width":900,"height":548,"url":"https:\/\/www.padreydecano.com\/cms\/wp-content\/uploads\/2016\/05\/VentaDeEntradas2.jpg","type":"image\/jpeg"}],"author":"Moderador","twitter_card":"summary_large_image","twitter_misc":{"Escrito por":"Moderador","Tiempo de lectura":"1 minuto"},"schema":{"@context":"https:\/\/schema.org","@graph":[{"@type":"Article","@id":"https:\/\/www.padreydecano.com\/cms\/tribuna\/venta-de-entradas-vs-river-plate-apertura-2018\/#article","isPartOf":{"@id":"https:\/\/www.padreydecano.com\/cms\/tribuna\/venta-de-entradas-vs-river-plate-apertura-2018\/"},"author":{"name":"Moderador","@id":"https:\/\/www.padreydecano.com\/cms\/#\/schema\/person\/d93e9e537230ae052c194251d9a1def2"},"headline":"Venta de entradas vs River Plate (Apertura 2018)","datePublished":"2018-02-06T16:28:08+00:00","dateModified":"2018-02-12T00:05:37+00:00","mainEntityOfPage":{"@id":"https:\/\/www.padreydecano.com\/cms\/tribuna\/venta-de-entradas-vs-river-plate-apertura-2018\/"},"wordCount":297,"commentCount":96,"publisher":{"@id":"https:\/\/www.padreydecano.com\/cms\/#organization"},"image":{"@id":"https:\/\/www.padreydecano.com\/cms\/tribuna\/venta-de-entradas-vs-river-plate-apertura-2018\/#primaryimage"},"thumbnailUrl":"https:\/\/www.padreydecano.com\/cms\/wp-content\/uploads\/2016\/05\/VentaDeEntradas2.jpg","keywords":["Venta de entradas"],"articleSection":["Tribuna"],"inLanguage":"es","potentialAction":[{"@type":"CommentAction","name":"Comment","target":["https:\/\/www.padreydecano.com\/cms\/tribuna\/venta-de-entradas-vs-river-plate-apertura-2018\/#respond"]}]},{"@type":"WebPage","@id":"https:\/\/www.padreydecano.com\/cms\/tribuna\/venta-de-entradas-vs-river-plate-apertura-2018\/","url":"https:\/\/www.padreydecano.com\/cms\/tribuna\/venta-de-entradas-vs-river-plate-apertura-2018\/","name":"Venta de entradas vs River Plate (Apertura 2018) - Padre y Decano - El Sitio del Pueblo","isPartOf":{"@id":"https:\/\/www.padreydecano.com\/cms\/#website"},"primaryImageOfPage":{"@id":"https:\/\/www.padreydecano.com\/cms\/tribuna\/venta-de-entradas-vs-river-plate-apertura-2018\/#primaryimage"},"image":{"@id":"https:\/\/www.padreydecano.com\/cms\/tribuna\/venta-de-entradas-vs-river-plate-apertura-2018\/#primaryimage"},"thumbnailUrl":"https:\/\/www.padreydecano.com\/cms\/wp-content\/uploads\/2016\/05\/VentaDeEntradas2.jpg","datePublished":"2018-02-06T16:28:08+00:00","dateModified":"2018-02-12T00:05:37+00:00","breadcrumb":{"@id":"https:\/\/www.padreydecano.com\/cms\/tribuna\/venta-de-entradas-vs-river-plate-apertura-2018\/#breadcrumb"},"inLanguage":"es","potentialAction":[{"@type":"ReadAction","target":["https:\/\/www.padreydecano.com\/cms\/tribuna\/venta-de-entradas-vs-river-plate-apertura-2018\/"]}]},{"@type":"ImageObject","inLanguage":"es","@id":"https:\/\/www.padreydecano.com\/cms\/tribuna\/venta-de-entradas-vs-river-plate-apertura-2018\/#primaryimage","url":"https:\/\/www.padreydecano.com\/cms\/wp-content\/uploads\/2016\/05\/VentaDeEntradas2.jpg","contentUrl":"https:\/\/www.padreydecano.com\/cms\/wp-content\/uploads\/2016\/05\/VentaDeEntradas2.jpg","width":900,"height":548},{"@type":"BreadcrumbList","@id":"https:\/\/www.padreydecano.com\/cms\/tribuna\/venta-de-entradas-vs-river-plate-apertura-2018\/#breadcrumb","itemListElement":[{"@type":"ListItem","position":1,"name":"Portada","item":"https:\/\/www.padreydecano.com\/cms\/"},{"@type":"ListItem","position":2,"name":"Venta de entradas vs River Plate (Apertura 2018)"}]},{"@type":"WebSite","@id":"https:\/\/www.padreydecano.com\/cms\/#website","url":"https:\/\/www.padreydecano.com\/cms\/","name":"Padre y Decano - El Sitio del Pueblo","description":"Club Atl\u00e9tico Pe\u00f1arol","publisher":{"@id":"https:\/\/www.padreydecano.com\/cms\/#organization"},"potentialAction":[{"@type":"SearchAction","target":{"@type":"EntryPoint","urlTemplate":"https:\/\/www.padreydecano.com\/cms\/?s={search_term_string}"},"query-input":"required name=search_term_string"}],"inLanguage":"es"},{"@type":"Organization","@id":"https:\/\/www.padreydecano.com\/cms\/#organization","name":"Padre y Decano","url":"https:\/\/www.padreydecano.com\/cms\/","logo":{"@type":"ImageObject","inLanguage":"es","@id":"https:\/\/www.padreydecano.com\/cms\/#\/schema\/logo\/image\/","url":"https:\/\/www.padreydecano.com\/cms\/wp-content\/uploads\/2022\/01\/avatar-square.png","contentUrl":"https:\/\/www.padreydecano.com\/cms\/wp-content\/uploads\/2022\/01\/avatar-square.png","width":1500,"height":1500,"caption":"Padre y Decano"},"image":{"@id":"https:\/\/www.padreydecano.com\/cms\/#\/schema\/logo\/image\/"}},{"@type":"Person","@id":"https:\/\/www.padreydecano.com\/cms\/#\/schema\/person\/d93e9e537230ae052c194251d9a1def2","name":"Moderador","image":{"@type":"ImageObject","inLanguage":"es","@id":"https:\/\/www.padreydecano.com\/cms\/#\/schema\/person\/image\/","url":"https:\/\/secure.gravatar.com\/avatar\/2587727bf8a53bd3da4ec49f01bea66e?s=96&d=https%3A%2F%2Fpadreydecano.com%2Fcms%2Fwp-content%2Fthemes%2Fpyd-theme%2Fimg%2Fdefault-avatar.png&r=g","contentUrl":"https:\/\/secure.gravatar.com\/avatar\/2587727bf8a53bd3da4ec49f01bea66e?s=96&d=https%3A%2F%2Fpadreydecano.com%2Fcms%2Fwp-content%2Fthemes%2Fpyd-theme%2Fimg%2Fdefault-avatar.png&r=g","caption":"Moderador"}}]}},"_links":{"self":[{"href":"https:\/\/www.padreydecano.com\/cms\/wp-json\/wp\/v2\/posts\/65987"}],"collection":[{"href":"https:\/\/www.padreydecano.com\/cms\/wp-json\/wp\/v2\/posts"}],"about":[{"href":"https:\/\/www.padreydecano.com\/cms\/wp-json\/wp\/v2\/types\/post"}],"author":[{"embeddable":true,"href":"https:\/\/www.padreydecano.com\/cms\/wp-json\/wp\/v2\/users\/13"}],"replies":[{"embeddable":true,"href":"https:\/\/www.padreydecano.com\/cms\/wp-json\/wp\/v2\/comments?post=65987"}],"version-history":[{"count":0,"href":"https:\/\/www.padreydecano.com\/cms\/wp-json\/wp\/v2\/posts\/65987\/revisions"}],"wp:featuredmedia":[{"embeddable":true,"href":"https:\/\/www.padreydecano.com\/cms\/wp-json\/wp\/v2\/media\/58989"}],"wp:attachment":[{"href":"https:\/\/www.padreydecano.com\/cms\/wp-json\/wp\/v2\/media?parent=65987"}],"wp:term":[{"taxonomy":"category","embeddable":true,"href":"https:\/\/www.padreydecano.com\/cms\/wp-json\/wp\/v2\/categories?post=65987"},{"taxonomy":"post_tag","embeddable":true,"href":"https:\/\/www.padreydecano.com\/cms\/wp-json\/wp\/v2\/tags?post=65987"}],"curies":[{"name":"wp","href":"https:\/\/api.w.org\/{rel}","templated":true}]}}