{"id":65700,"date":"2017-12-29T12:09:38","date_gmt":"2017-12-29T15:09:38","guid":{"rendered":"http:\/\/www.padreydecano.com\/cms\/?p=65700"},"modified":"2017-12-29T13:18:21","modified_gmt":"2017-12-29T16:18:21","slug":"forlan-hoy-soy-el-villano-y-el-malo-de-la-pelicula","status":"publish","type":"post","link":"https:\/\/www.padreydecano.com\/cms\/noticias\/forlan-hoy-soy-el-villano-y-el-malo-de-la-pelicula\/","title":{"rendered":"Forl\u00e1n: \u00abHoy soy el villano y el malo de la pel\u00edcula\u00bb"},"content":{"rendered":"<p><a href=\"https:\/\/www.padreydecano.com\/cms\/wp-content\/uploads\/2017\/12\/forlan-Pe\u00f1arolVsVillaTeresa-33-Copiar.jpg\" rel=\"shadowbox[sbpost-65700];player=img;\"><img loading=\"lazy\" decoding=\"async\" class=\"aligncenter size-full wp-image-65701\" src=\"https:\/\/www.padreydecano.com\/cms\/wp-content\/uploads\/2017\/12\/forlan-Pe\u00f1arolVsVillaTeresa-33-Copiar.jpg\" alt=\"\" width=\"900\" height=\"600\" srcset=\"https:\/\/www.padreydecano.com\/cms\/wp-content\/uploads\/2017\/12\/forlan-Pe\u00f1arolVsVillaTeresa-33-Copiar.jpg 900w, https:\/\/www.padreydecano.com\/cms\/wp-content\/uploads\/2017\/12\/forlan-Pe\u00f1arolVsVillaTeresa-33-Copiar-600x400.jpg 600w, https:\/\/www.padreydecano.com\/cms\/wp-content\/uploads\/2017\/12\/forlan-Pe\u00f1arolVsVillaTeresa-33-Copiar-768x512.jpg 768w\" sizes=\"(max-width: 900px) 100vw, 900px\" \/><\/a><\/p>\n<p style=\"text-align: justify;\"><strong>Diego Forl\u00e1n habl\u00f3 esta ma\u00f1ana en A Fondo (1010 AM) donde cont\u00f3 \u201csu verdad\u201d de por qu\u00e9 no lleg\u00f3 a Pe\u00f1arol. El jugador se mostr\u00f3 muy molesto con la situaci\u00f3n. A continuaci\u00f3n resumimos las partes m\u00e1s importantes:<\/strong><\/p>\n<p style=\"text-align: justify;\">\u201cHoy soy el villano, el malo de la pel\u00edcula, en una situaci\u00f3n que en ning\u00fan momento provoqu\u00e9. Como jugador de f\u00fatbol que soy, estuve trabajando previo a la situaci\u00f3n de Pe\u00f1arol ofertas que ten\u00eda y las desestimamos por Pe\u00f1arol. Era algo que para nosotros en su momento estaba cerrado pero me empezaron a llamar, el caso de Leo, de compa\u00f1eros y Jorge, con la ilusi\u00f3n de volver y ponerme la camiseta de Pe\u00f1arol. Era algo que quer\u00eda hacer, tom\u00e9 la decisi\u00f3n de querer hacerlo. Pero despu\u00e9s de la nada se termin\u00f3 originando una situaci\u00f3n inentendible. Uno no la provoc\u00f3. Lamentablemente cuando todo comienza, mi hermano me dice que tiene miedo de que sea un manejo pol\u00edtico. Yo dije que no cre\u00eda eso, que las elecciones ya hab\u00edan pasado y que el presidente estaba electo. Si hubiera sido antes, capaz que le daba la raz\u00f3n. \u00c9l me dijo que era su teor\u00eda y que lo iba a ir viendo a medida que se fueran dando las reuniones. Cuando se pacta la reuni\u00f3n es para m\u00ed donde Jorge comete el error. Por querer hacer una pol\u00edtica inclusiva, diferente a la de Juan Pedro, incluyendo a las dem\u00e1s agrupaciones, a formar parte del manejo del contrato. Previo a todo eso nos reunimos con mi hermano para manejar una estrategia de marketing donde el club no ten\u00eda que poner nada. Nosotros entend\u00edamos lo que est\u00e1 pasando y lo que vivieron los jugadores este a\u00f1o, con las deudas. Entend\u00eda la situaci\u00f3n del club. Lo que menos quer\u00eda era crear un problema m\u00e1s del que hab\u00eda\u201d.<\/p>\n<p><a href=\"https:\/\/www.padreydecano.com\/cms\/wp-content\/uploads\/2016\/02\/forlan-pe\u00f1arol-defensor-clausura-2016-mariano-alvez-01-2.jpg\" rel=\"shadowbox[sbpost-65700];player=img;\"><img loading=\"lazy\" decoding=\"async\" class=\"aligncenter size-full wp-image-57108\" src=\"https:\/\/www.padreydecano.com\/cms\/wp-content\/uploads\/2016\/02\/forlan-pe\u00f1arol-defensor-clausura-2016-mariano-alvez-01-2.jpg\" alt=\"\" width=\"900\" height=\"596\" srcset=\"https:\/\/www.padreydecano.com\/cms\/wp-content\/uploads\/2016\/02\/forlan-pe\u00f1arol-defensor-clausura-2016-mariano-alvez-01-2.jpg 900w, https:\/\/www.padreydecano.com\/cms\/wp-content\/uploads\/2016\/02\/forlan-pe\u00f1arol-defensor-clausura-2016-mariano-alvez-01-2-300x199.jpg 300w, https:\/\/www.padreydecano.com\/cms\/wp-content\/uploads\/2016\/02\/forlan-pe\u00f1arol-defensor-clausura-2016-mariano-alvez-01-2-768x509.jpg 768w\" sizes=\"(max-width: 900px) 100vw, 900px\" \/><\/a><\/p>\n<p style=\"text-align: justify;\">\u201cLe \u00edbamos a proponer al club una estrategia de marketing donde trabaj\u00e1ramos los dos a la par pero el club no tuviera que sacar dinero para tener que pagar el contrato. Esa era nuestra idea al principio. Mi hermano se sienta con los dirigentes. Le hacen una oferta. No estamos hablando del dinero, sino de las formas. Se sienta a escuchar y ve que su teor\u00eda ten\u00eda la raz\u00f3n. Se da cuenta que no me quer\u00edan a m\u00ed. Era un problema pol\u00edtico. Despu\u00e9s yo me vengo a enterar que hab\u00eda varios personajes de esa reuni\u00f3n que dijeron que a Forl\u00e1n no lo quer\u00edan en Pe\u00f1arol. De ah\u00ed viene lo de las formas. Esa situaci\u00f3n lleva a mi hermano a decir que entend\u00eda la situaci\u00f3n del club y dijo que \u2018Diego no va a ser el jugador que iba a marcar un par\u00e1metro ni tabular los contratos de los jugadores referentes en el futbol uruguayo\u2019\u201d.<\/p>\n<p style=\"text-align: justify;\">\u201cHoy paso a ser el villano de la pel\u00edcula porque capaz que la gente piensa que yo vengo a cobrar mucha plata. Est\u00e1 mal, no es as\u00ed. Pero si uno quisiera cobrar, es el derecho de cada trabajador. Todo el mundo trabaja y cobra. No tendr\u00eda que ser mal visto\u201d.<\/p>\n<p style=\"text-align: justify;\">\u201cEsto fue un tema pol\u00edtico, que no me quer\u00edan a m\u00ed. Un manejo para ensuciar la imagen del presidente que est\u00e1 entrando en ejercicio. Me utilizaron a m\u00ed, yo no la vi venir lamentablemente. Quede expuesto. Como todo jugador queremos jugar y cobrar\u201d.<\/p>\n<p style=\"text-align: justify;\">\u201cEs complicado que la gente entienda. Hoy tengo espalda, no por el nombre que tengo, sino por la persona que soy, porque trato de caminar por la vida con la verdad. Estoy tranquilo conmigo mismo. Errores tenemos todos. Mi error es haberme puesto a disposici\u00f3n de ellos. Ac\u00e1 cambiaron los lugares, pero las caras, los personajes, son los mismos que se criticaban hace un mes atr\u00e1s. Sino que se pongan en una lista \u00fanica y sean todos por Pe\u00f1arol. El tiempo pone las cosas en su lugar\u201d.<\/p>\n<p><a href=\"https:\/\/www.padreydecano.com\/cms\/wp-content\/uploads\/2016\/06\/Forlan-Conferencia.jpg\" rel=\"shadowbox[sbpost-65700];player=img;\"><img loading=\"lazy\" decoding=\"async\" class=\"aligncenter size-large wp-image-59281\" src=\"https:\/\/www.padreydecano.com\/cms\/wp-content\/uploads\/2016\/06\/Forlan-Conferencia-1024x682.jpg\" alt=\"\" width=\"620\" height=\"413\" srcset=\"https:\/\/www.padreydecano.com\/cms\/wp-content\/uploads\/2016\/06\/Forlan-Conferencia-1024x682.jpg 1024w, https:\/\/www.padreydecano.com\/cms\/wp-content\/uploads\/2016\/06\/Forlan-Conferencia-300x200.jpg 300w, https:\/\/www.padreydecano.com\/cms\/wp-content\/uploads\/2016\/06\/Forlan-Conferencia-768x511.jpg 768w, https:\/\/www.padreydecano.com\/cms\/wp-content\/uploads\/2016\/06\/Forlan-Conferencia.jpg 1280w\" sizes=\"(max-width: 620px) 100vw, 620px\" \/><\/a><\/p>\n<p style=\"text-align: justify;\">\u201cPe\u00f1arol no iba a poner un peso m\u00e1s. Lo que no quer\u00edamos crear es este conflicto que se est\u00e1 creando. Nosotros no nos dimos cuenta de la mala intenci\u00f3n que tiene la gente. Me utilizaron a m\u00ed, como conejillo de indias, porque tienen un problema con el presidente electo. Ah\u00ed es donde Jorge para m\u00ed le erra y queriendo darle participaci\u00f3n a todos, que Juan Pedro no lo hab\u00eda hecho, quedamos expuestos todos. En ning\u00fan momento fuimos a hablar de plata\u201d.<\/p>\n<p style=\"text-align: justify;\">\u201cTambi\u00e9n quiero aclarar que las cifras que se hablaron de mi otro pasaje es todo mentira, cuando vine, resign\u00e9 y ten\u00eda ofertas de Jap\u00f3n e India. Yo quer\u00eda venir a Pe\u00f1arol y vine. No me arrepiento\u201d.<\/p>\n<p style=\"text-align: justify;\">\u201cLeo me llam\u00f3 para volver. Se port\u00f3 b\u00e1rbaro. Me llam\u00f3 en los momentos justos. La \u00faltima vez empec\u00e9 a analizarlo y qu\u00e9 m\u00e1s lindo de poder retirarme en este equipo, ac\u00e1 con mi familia. Me ilusion\u00f3 y me dieron ganas. Mi hermano me dijo que quer\u00eda ver las caras de cada uno cuando le hablaran. Por eso no es plata, son formas. Cuando dijeron el monto, \u00e9l se dio cuenta autom\u00e1ticamente que no me quer\u00edan\u201d.<\/p>\n<p><a href=\"https:\/\/www.padreydecano.com\/cms\/wp-content\/uploads\/2017\/12\/forlan-pe\u00f1arol-plaza-colonia-apertura-2015-mariano-alvez-121.jpg\" rel=\"shadowbox[sbpost-65700];player=img;\"><img loading=\"lazy\" decoding=\"async\" class=\"aligncenter size-full wp-image-65704\" src=\"https:\/\/www.padreydecano.com\/cms\/wp-content\/uploads\/2017\/12\/forlan-pe\u00f1arol-plaza-colonia-apertura-2015-mariano-alvez-121.jpg\" alt=\"\" width=\"900\" height=\"596\" srcset=\"https:\/\/www.padreydecano.com\/cms\/wp-content\/uploads\/2017\/12\/forlan-pe\u00f1arol-plaza-colonia-apertura-2015-mariano-alvez-121.jpg 900w, https:\/\/www.padreydecano.com\/cms\/wp-content\/uploads\/2017\/12\/forlan-pe\u00f1arol-plaza-colonia-apertura-2015-mariano-alvez-121-600x397.jpg 600w, https:\/\/www.padreydecano.com\/cms\/wp-content\/uploads\/2017\/12\/forlan-pe\u00f1arol-plaza-colonia-apertura-2015-mariano-alvez-121-768x509.jpg 768w\" sizes=\"(max-width: 900px) 100vw, 900px\" \/><\/a><\/p>\n<p style=\"text-align: justify;\">\u201cYo quer\u00eda llegar a Pe\u00f1arol para aportar. No me interesaba si era titular, si iba a jugar. Quer\u00eda estar ah\u00ed, quer\u00eda ayudar. El equipo viene de hacer un gran a\u00f1o, la gente est\u00e1 contenta y hay un presidente nuevo. Obviamente que como profesional y competitivo, yo iba a pelear para ser titular. Pero iba de otra manera, con los jugadores de calidad que hay, ayudar m\u00e1s. Ten\u00eda la ilusi\u00f3n. El entrenador fue criticado todo el a\u00f1o y yo me acuerdo cuando dijo que esto a fin de a\u00f1o iba a ser diferente, en un partido del Intermedio, que lo quer\u00edan echar. Fue un entrenador que me pidi\u00f3 luego de un a\u00f1o sin estar jugando. Obvio que quer\u00eda estar. Y m\u00e1s con la camiseta que yo m\u00e1s quiero. \u00bfQu\u00e9 m\u00e1s lindo? Si los jugadores que est\u00e1n hoy ganan 10 o 15 veces m\u00e1s que yo, los aplaudo y me parece b\u00e1rbaro. Yo quer\u00eda arreglar mi situaci\u00f3n, e implicaba no tocar las arcas del Club Atl\u00e9tico Pe\u00f1arol. Con marketing, se hac\u00eda. Sino preg\u00fantenle a los grandes clubes del mundo o alg\u00fan especialista, c\u00f3mo le pagan a los jugadores. No le pagan con la plata de los socios. Que no se confunda la gente, no sean inocentes, no sean ingenuos. Es el marketing el que paga. \u00a0Pe\u00f1arol no me iba a dar la paga. \u00cdbamos a trabajar conjuntamente, los dos nos \u00edbamos a beneficiar, y yo no iba a perjudicar al club. Yo sab\u00eda perfectamente que lo que no pod\u00edamos hacer en este momento de crisis del club, que no le \u00edbamos a crear un problema. Quer\u00eda ser una soluci\u00f3n m\u00e1s de las que ya hay en el plantel\u201d.<\/p>\n<p style=\"text-align: justify;\">\u201cLamentablemente lastimaron. Lo \u00fanico que tengo para pedir es perd\u00f3n de la situaci\u00f3n que se cre\u00f3. No puedo pedir perd\u00f3n por algo que yo no cree. Capaz que fui ingenuo y me puse a merced de una situaci\u00f3n que fue m\u00e1s pol\u00edtica que otra cosa. Hoy queda Forl\u00e1n expuesto y Barrera expuesto, porque como presidente, la primera pulseada que tiene, no la termina ganando. Fue un manejo pol\u00edtico. Uno lo siente por todo lo que se cre\u00f3 y lo que se manej\u00f3 en la opini\u00f3n p\u00fablica. Lo que uno menos quer\u00eda era provocar y crear un problema\u201d.<\/p>\n<p><a href=\"https:\/\/www.padreydecano.com\/cms\/wp-content\/uploads\/2017\/12\/Forlan-Christian_Adinolfi_Pe\u00f1arol_Clasico_4.jpg\" rel=\"shadowbox[sbpost-65700];player=img;\"><img loading=\"lazy\" decoding=\"async\" class=\"aligncenter size-full wp-image-65702\" src=\"https:\/\/www.padreydecano.com\/cms\/wp-content\/uploads\/2017\/12\/Forlan-Christian_Adinolfi_Pe\u00f1arol_Clasico_4.jpg\" alt=\"\" width=\"900\" height=\"596\" srcset=\"https:\/\/www.padreydecano.com\/cms\/wp-content\/uploads\/2017\/12\/Forlan-Christian_Adinolfi_Pe\u00f1arol_Clasico_4.jpg 900w, https:\/\/www.padreydecano.com\/cms\/wp-content\/uploads\/2017\/12\/Forlan-Christian_Adinolfi_Pe\u00f1arol_Clasico_4-600x397.jpg 600w, https:\/\/www.padreydecano.com\/cms\/wp-content\/uploads\/2017\/12\/Forlan-Christian_Adinolfi_Pe\u00f1arol_Clasico_4-768x509.jpg 768w\" sizes=\"(max-width: 900px) 100vw, 900px\" \/><\/a><\/p>\n","protected":false},"excerpt":{"rendered":"<p>Diego Forl\u00e1n habl\u00f3 esta ma\u00f1ana en A Fondo (1010 AM) donde cont\u00f3 \u201csu verdad\u201d de por qu\u00e9 no lleg\u00f3 a Pe\u00f1arol. El jugador se mostr\u00f3 muy molesto con la situaci\u00f3n. A continuaci\u00f3n resumimos las partes m\u00e1s importantes: \u201cHoy soy el villano, el malo de la pel\u00edcula, en una situaci\u00f3n que en ning\u00fan momento provoqu\u00e9. Como [&hellip;]<\/p>\n","protected":false},"author":13,"featured_media":0,"comment_status":"open","ping_status":"closed","sticky":false,"template":"","format":"standard","meta":{"footnotes":""},"categories":[1],"tags":[],"yoast_head":"<!-- This site is optimized with the Yoast SEO plugin v23.2 - https:\/\/yoast.com\/wordpress\/plugins\/seo\/ -->\n<title>Forl\u00e1n: &quot;Hoy soy el villano y el malo de la pel\u00edcula&quot; - Padre y Decano - El Sitio del Pueblo<\/title>\n<meta name=\"robots\" content=\"index, follow, max-snippet:-1, max-image-preview:large, max-video-preview:-1\" \/>\n<link rel=\"canonical\" href=\"https:\/\/www.padreydecano.com\/cms\/noticias\/forlan-hoy-soy-el-villano-y-el-malo-de-la-pelicula\/\" \/>\n<meta property=\"og:locale\" content=\"es_ES\" \/>\n<meta property=\"og:type\" content=\"article\" \/>\n<meta property=\"og:title\" content=\"Forl\u00e1n: &quot;Hoy soy el villano y el malo de la pel\u00edcula&quot; - Padre y Decano - El Sitio del Pueblo\" \/>\n<meta property=\"og:description\" content=\"Diego Forl\u00e1n habl\u00f3 esta ma\u00f1ana en A Fondo (1010 AM) donde cont\u00f3 \u201csu verdad\u201d de por qu\u00e9 no lleg\u00f3 a Pe\u00f1arol. El jugador se mostr\u00f3 muy molesto con la situaci\u00f3n. A continuaci\u00f3n resumimos las partes m\u00e1s importantes: \u201cHoy soy el villano, el malo de la pel\u00edcula, en una situaci\u00f3n que en ning\u00fan momento provoqu\u00e9. Como [&hellip;]\" \/>\n<meta property=\"og:url\" content=\"https:\/\/www.padreydecano.com\/cms\/noticias\/forlan-hoy-soy-el-villano-y-el-malo-de-la-pelicula\/\" \/>\n<meta property=\"og:site_name\" content=\"Padre y Decano - El Sitio del Pueblo\" \/>\n<meta property=\"article:published_time\" content=\"2017-12-29T15:09:38+00:00\" \/>\n<meta property=\"article:modified_time\" content=\"2017-12-29T16:18:21+00:00\" \/>\n<meta property=\"og:image\" content=\"http:\/\/www.padreydecano.com\/cms\/wp-content\/uploads\/2017\/12\/forlan-Pe\u00f1arolVsVillaTeresa-33-Copiar.jpg\" \/>\n<meta name=\"author\" content=\"Moderador\" \/>\n<meta name=\"twitter:card\" content=\"summary_large_image\" \/>\n<meta name=\"twitter:label1\" content=\"Escrito por\" \/>\n\t<meta name=\"twitter:data1\" content=\"Moderador\" \/>\n\t<meta name=\"twitter:label2\" content=\"Tiempo de lectura\" \/>\n\t<meta name=\"twitter:data2\" content=\"7 minutos\" \/>\n<script type=\"application\/ld+json\" class=\"yoast-schema-graph\">{\"@context\":\"https:\/\/schema.org\",\"@graph\":[{\"@type\":\"Article\",\"@id\":\"https:\/\/www.padreydecano.com\/cms\/noticias\/forlan-hoy-soy-el-villano-y-el-malo-de-la-pelicula\/#article\",\"isPartOf\":{\"@id\":\"https:\/\/www.padreydecano.com\/cms\/noticias\/forlan-hoy-soy-el-villano-y-el-malo-de-la-pelicula\/\"},\"author\":{\"name\":\"Moderador\",\"@id\":\"https:\/\/www.padreydecano.com\/cms\/#\/schema\/person\/d93e9e537230ae052c194251d9a1def2\"},\"headline\":\"Forl\u00e1n: \u00abHoy soy el villano y el malo de la pel\u00edcula\u00bb\",\"datePublished\":\"2017-12-29T15:09:38+00:00\",\"dateModified\":\"2017-12-29T16:18:21+00:00\",\"mainEntityOfPage\":{\"@id\":\"https:\/\/www.padreydecano.com\/cms\/noticias\/forlan-hoy-soy-el-villano-y-el-malo-de-la-pelicula\/\"},\"wordCount\":1327,\"commentCount\":156,\"publisher\":{\"@id\":\"https:\/\/www.padreydecano.com\/cms\/#organization\"},\"image\":{\"@id\":\"https:\/\/www.padreydecano.com\/cms\/noticias\/forlan-hoy-soy-el-villano-y-el-malo-de-la-pelicula\/#primaryimage\"},\"thumbnailUrl\":\"http:\/\/www.padreydecano.com\/cms\/wp-content\/uploads\/2016\/06\/Forlan-Conferencia-1024x682.jpg\",\"articleSection\":[\"Noticias\"],\"inLanguage\":\"es\",\"potentialAction\":[{\"@type\":\"CommentAction\",\"name\":\"Comment\",\"target\":[\"https:\/\/www.padreydecano.com\/cms\/noticias\/forlan-hoy-soy-el-villano-y-el-malo-de-la-pelicula\/#respond\"]}]},{\"@type\":\"WebPage\",\"@id\":\"https:\/\/www.padreydecano.com\/cms\/noticias\/forlan-hoy-soy-el-villano-y-el-malo-de-la-pelicula\/\",\"url\":\"https:\/\/www.padreydecano.com\/cms\/noticias\/forlan-hoy-soy-el-villano-y-el-malo-de-la-pelicula\/\",\"name\":\"Forl\u00e1n: \\\"Hoy soy el villano y el malo de la pel\u00edcula\\\" - Padre y Decano - El Sitio del Pueblo\",\"isPartOf\":{\"@id\":\"https:\/\/www.padreydecano.com\/cms\/#website\"},\"primaryImageOfPage\":{\"@id\":\"https:\/\/www.padreydecano.com\/cms\/noticias\/forlan-hoy-soy-el-villano-y-el-malo-de-la-pelicula\/#primaryimage\"},\"image\":{\"@id\":\"https:\/\/www.padreydecano.com\/cms\/noticias\/forlan-hoy-soy-el-villano-y-el-malo-de-la-pelicula\/#primaryimage\"},\"thumbnailUrl\":\"http:\/\/www.padreydecano.com\/cms\/wp-content\/uploads\/2016\/06\/Forlan-Conferencia-1024x682.jpg\",\"datePublished\":\"2017-12-29T15:09:38+00:00\",\"dateModified\":\"2017-12-29T16:18:21+00:00\",\"breadcrumb\":{\"@id\":\"https:\/\/www.padreydecano.com\/cms\/noticias\/forlan-hoy-soy-el-villano-y-el-malo-de-la-pelicula\/#breadcrumb\"},\"inLanguage\":\"es\",\"potentialAction\":[{\"@type\":\"ReadAction\",\"target\":[\"https:\/\/www.padreydecano.com\/cms\/noticias\/forlan-hoy-soy-el-villano-y-el-malo-de-la-pelicula\/\"]}]},{\"@type\":\"ImageObject\",\"inLanguage\":\"es\",\"@id\":\"https:\/\/www.padreydecano.com\/cms\/noticias\/forlan-hoy-soy-el-villano-y-el-malo-de-la-pelicula\/#primaryimage\",\"url\":\"http:\/\/www.padreydecano.com\/cms\/wp-content\/uploads\/2016\/06\/Forlan-Conferencia-1024x682.jpg\",\"contentUrl\":\"http:\/\/www.padreydecano.com\/cms\/wp-content\/uploads\/2016\/06\/Forlan-Conferencia-1024x682.jpg\"},{\"@type\":\"BreadcrumbList\",\"@id\":\"https:\/\/www.padreydecano.com\/cms\/noticias\/forlan-hoy-soy-el-villano-y-el-malo-de-la-pelicula\/#breadcrumb\",\"itemListElement\":[{\"@type\":\"ListItem\",\"position\":1,\"name\":\"Portada\",\"item\":\"https:\/\/www.padreydecano.com\/cms\/\"},{\"@type\":\"ListItem\",\"position\":2,\"name\":\"Forl\u00e1n: \u00abHoy soy el villano y el malo de la pel\u00edcula\u00bb\"}]},{\"@type\":\"WebSite\",\"@id\":\"https:\/\/www.padreydecano.com\/cms\/#website\",\"url\":\"https:\/\/www.padreydecano.com\/cms\/\",\"name\":\"Padre y Decano - El Sitio del Pueblo\",\"description\":\"Club Atl\u00e9tico Pe\u00f1arol\",\"publisher\":{\"@id\":\"https:\/\/www.padreydecano.com\/cms\/#organization\"},\"potentialAction\":[{\"@type\":\"SearchAction\",\"target\":{\"@type\":\"EntryPoint\",\"urlTemplate\":\"https:\/\/www.padreydecano.com\/cms\/?s={search_term_string}\"},\"query-input\":\"required name=search_term_string\"}],\"inLanguage\":\"es\"},{\"@type\":\"Organization\",\"@id\":\"https:\/\/www.padreydecano.com\/cms\/#organization\",\"name\":\"Padre y Decano\",\"url\":\"https:\/\/www.padreydecano.com\/cms\/\",\"logo\":{\"@type\":\"ImageObject\",\"inLanguage\":\"es\",\"@id\":\"https:\/\/www.padreydecano.com\/cms\/#\/schema\/logo\/image\/\",\"url\":\"https:\/\/www.padreydecano.com\/cms\/wp-content\/uploads\/2022\/01\/avatar-square.png\",\"contentUrl\":\"https:\/\/www.padreydecano.com\/cms\/wp-content\/uploads\/2022\/01\/avatar-square.png\",\"width\":1500,\"height\":1500,\"caption\":\"Padre y Decano\"},\"image\":{\"@id\":\"https:\/\/www.padreydecano.com\/cms\/#\/schema\/logo\/image\/\"}},{\"@type\":\"Person\",\"@id\":\"https:\/\/www.padreydecano.com\/cms\/#\/schema\/person\/d93e9e537230ae052c194251d9a1def2\",\"name\":\"Moderador\",\"image\":{\"@type\":\"ImageObject\",\"inLanguage\":\"es\",\"@id\":\"https:\/\/www.padreydecano.com\/cms\/#\/schema\/person\/image\/\",\"url\":\"https:\/\/secure.gravatar.com\/avatar\/2587727bf8a53bd3da4ec49f01bea66e?s=96&d=https%3A%2F%2Fpadreydecano.com%2Fcms%2Fwp-content%2Fthemes%2Fpyd-theme%2Fimg%2Fdefault-avatar.png&r=g\",\"contentUrl\":\"https:\/\/secure.gravatar.com\/avatar\/2587727bf8a53bd3da4ec49f01bea66e?s=96&d=https%3A%2F%2Fpadreydecano.com%2Fcms%2Fwp-content%2Fthemes%2Fpyd-theme%2Fimg%2Fdefault-avatar.png&r=g\",\"caption\":\"Moderador\"}}]}<\/script>\n<!-- \/ Yoast SEO plugin. -->","yoast_head_json":{"title":"Forl\u00e1n: \"Hoy soy el villano y el malo de la pel\u00edcula\" - Padre y Decano - El Sitio del Pueblo","robots":{"index":"index","follow":"follow","max-snippet":"max-snippet:-1","max-image-preview":"max-image-preview:large","max-video-preview":"max-video-preview:-1"},"canonical":"https:\/\/www.padreydecano.com\/cms\/noticias\/forlan-hoy-soy-el-villano-y-el-malo-de-la-pelicula\/","og_locale":"es_ES","og_type":"article","og_title":"Forl\u00e1n: \"Hoy soy el villano y el malo de la pel\u00edcula\" - Padre y Decano - El Sitio del Pueblo","og_description":"Diego Forl\u00e1n habl\u00f3 esta ma\u00f1ana en A Fondo (1010 AM) donde cont\u00f3 \u201csu verdad\u201d de por qu\u00e9 no lleg\u00f3 a Pe\u00f1arol. El jugador se mostr\u00f3 muy molesto con la situaci\u00f3n. A continuaci\u00f3n resumimos las partes m\u00e1s importantes: \u201cHoy soy el villano, el malo de la pel\u00edcula, en una situaci\u00f3n que en ning\u00fan momento provoqu\u00e9. Como [&hellip;]","og_url":"https:\/\/www.padreydecano.com\/cms\/noticias\/forlan-hoy-soy-el-villano-y-el-malo-de-la-pelicula\/","og_site_name":"Padre y Decano - El Sitio del Pueblo","article_published_time":"2017-12-29T15:09:38+00:00","article_modified_time":"2017-12-29T16:18:21+00:00","og_image":[{"url":"http:\/\/www.padreydecano.com\/cms\/wp-content\/uploads\/2017\/12\/forlan-Pe\u00f1arolVsVillaTeresa-33-Copiar.jpg"}],"author":"Moderador","twitter_card":"summary_large_image","twitter_misc":{"Escrito por":"Moderador","Tiempo de lectura":"7 minutos"},"schema":{"@context":"https:\/\/schema.org","@graph":[{"@type":"Article","@id":"https:\/\/www.padreydecano.com\/cms\/noticias\/forlan-hoy-soy-el-villano-y-el-malo-de-la-pelicula\/#article","isPartOf":{"@id":"https:\/\/www.padreydecano.com\/cms\/noticias\/forlan-hoy-soy-el-villano-y-el-malo-de-la-pelicula\/"},"author":{"name":"Moderador","@id":"https:\/\/www.padreydecano.com\/cms\/#\/schema\/person\/d93e9e537230ae052c194251d9a1def2"},"headline":"Forl\u00e1n: \u00abHoy soy el villano y el malo de la pel\u00edcula\u00bb","datePublished":"2017-12-29T15:09:38+00:00","dateModified":"2017-12-29T16:18:21+00:00","mainEntityOfPage":{"@id":"https:\/\/www.padreydecano.com\/cms\/noticias\/forlan-hoy-soy-el-villano-y-el-malo-de-la-pelicula\/"},"wordCount":1327,"commentCount":156,"publisher":{"@id":"https:\/\/www.padreydecano.com\/cms\/#organization"},"image":{"@id":"https:\/\/www.padreydecano.com\/cms\/noticias\/forlan-hoy-soy-el-villano-y-el-malo-de-la-pelicula\/#primaryimage"},"thumbnailUrl":"http:\/\/www.padreydecano.com\/cms\/wp-content\/uploads\/2016\/06\/Forlan-Conferencia-1024x682.jpg","articleSection":["Noticias"],"inLanguage":"es","potentialAction":[{"@type":"CommentAction","name":"Comment","target":["https:\/\/www.padreydecano.com\/cms\/noticias\/forlan-hoy-soy-el-villano-y-el-malo-de-la-pelicula\/#respond"]}]},{"@type":"WebPage","@id":"https:\/\/www.padreydecano.com\/cms\/noticias\/forlan-hoy-soy-el-villano-y-el-malo-de-la-pelicula\/","url":"https:\/\/www.padreydecano.com\/cms\/noticias\/forlan-hoy-soy-el-villano-y-el-malo-de-la-pelicula\/","name":"Forl\u00e1n: \"Hoy soy el villano y el malo de la pel\u00edcula\" - Padre y Decano - El Sitio del Pueblo","isPartOf":{"@id":"https:\/\/www.padreydecano.com\/cms\/#website"},"primaryImageOfPage":{"@id":"https:\/\/www.padreydecano.com\/cms\/noticias\/forlan-hoy-soy-el-villano-y-el-malo-de-la-pelicula\/#primaryimage"},"image":{"@id":"https:\/\/www.padreydecano.com\/cms\/noticias\/forlan-hoy-soy-el-villano-y-el-malo-de-la-pelicula\/#primaryimage"},"thumbnailUrl":"http:\/\/www.padreydecano.com\/cms\/wp-content\/uploads\/2016\/06\/Forlan-Conferencia-1024x682.jpg","datePublished":"2017-12-29T15:09:38+00:00","dateModified":"2017-12-29T16:18:21+00:00","breadcrumb":{"@id":"https:\/\/www.padreydecano.com\/cms\/noticias\/forlan-hoy-soy-el-villano-y-el-malo-de-la-pelicula\/#breadcrumb"},"inLanguage":"es","potentialAction":[{"@type":"ReadAction","target":["https:\/\/www.padreydecano.com\/cms\/noticias\/forlan-hoy-soy-el-villano-y-el-malo-de-la-pelicula\/"]}]},{"@type":"ImageObject","inLanguage":"es","@id":"https:\/\/www.padreydecano.com\/cms\/noticias\/forlan-hoy-soy-el-villano-y-el-malo-de-la-pelicula\/#primaryimage","url":"http:\/\/www.padreydecano.com\/cms\/wp-content\/uploads\/2016\/06\/Forlan-Conferencia-1024x682.jpg","contentUrl":"http:\/\/www.padreydecano.com\/cms\/wp-content\/uploads\/2016\/06\/Forlan-Conferencia-1024x682.jpg"},{"@type":"BreadcrumbList","@id":"https:\/\/www.padreydecano.com\/cms\/noticias\/forlan-hoy-soy-el-villano-y-el-malo-de-la-pelicula\/#breadcrumb","itemListElement":[{"@type":"ListItem","position":1,"name":"Portada","item":"https:\/\/www.padreydecano.com\/cms\/"},{"@type":"ListItem","position":2,"name":"Forl\u00e1n: \u00abHoy soy el villano y el malo de la pel\u00edcula\u00bb"}]},{"@type":"WebSite","@id":"https:\/\/www.padreydecano.com\/cms\/#website","url":"https:\/\/www.padreydecano.com\/cms\/","name":"Padre y Decano - El Sitio del Pueblo","description":"Club Atl\u00e9tico Pe\u00f1arol","publisher":{"@id":"https:\/\/www.padreydecano.com\/cms\/#organization"},"potentialAction":[{"@type":"SearchAction","target":{"@type":"EntryPoint","urlTemplate":"https:\/\/www.padreydecano.com\/cms\/?s={search_term_string}"},"query-input":"required name=search_term_string"}],"inLanguage":"es"},{"@type":"Organization","@id":"https:\/\/www.padreydecano.com\/cms\/#organization","name":"Padre y Decano","url":"https:\/\/www.padreydecano.com\/cms\/","logo":{"@type":"ImageObject","inLanguage":"es","@id":"https:\/\/www.padreydecano.com\/cms\/#\/schema\/logo\/image\/","url":"https:\/\/www.padreydecano.com\/cms\/wp-content\/uploads\/2022\/01\/avatar-square.png","contentUrl":"https:\/\/www.padreydecano.com\/cms\/wp-content\/uploads\/2022\/01\/avatar-square.png","width":1500,"height":1500,"caption":"Padre y Decano"},"image":{"@id":"https:\/\/www.padreydecano.com\/cms\/#\/schema\/logo\/image\/"}},{"@type":"Person","@id":"https:\/\/www.padreydecano.com\/cms\/#\/schema\/person\/d93e9e537230ae052c194251d9a1def2","name":"Moderador","image":{"@type":"ImageObject","inLanguage":"es","@id":"https:\/\/www.padreydecano.com\/cms\/#\/schema\/person\/image\/","url":"https:\/\/secure.gravatar.com\/avatar\/2587727bf8a53bd3da4ec49f01bea66e?s=96&d=https%3A%2F%2Fpadreydecano.com%2Fcms%2Fwp-content%2Fthemes%2Fpyd-theme%2Fimg%2Fdefault-avatar.png&r=g","contentUrl":"https:\/\/secure.gravatar.com\/avatar\/2587727bf8a53bd3da4ec49f01bea66e?s=96&d=https%3A%2F%2Fpadreydecano.com%2Fcms%2Fwp-content%2Fthemes%2Fpyd-theme%2Fimg%2Fdefault-avatar.png&r=g","caption":"Moderador"}}]}},"_links":{"self":[{"href":"https:\/\/www.padreydecano.com\/cms\/wp-json\/wp\/v2\/posts\/65700"}],"collection":[{"href":"https:\/\/www.padreydecano.com\/cms\/wp-json\/wp\/v2\/posts"}],"about":[{"href":"https:\/\/www.padreydecano.com\/cms\/wp-json\/wp\/v2\/types\/post"}],"author":[{"embeddable":true,"href":"https:\/\/www.padreydecano.com\/cms\/wp-json\/wp\/v2\/users\/13"}],"replies":[{"embeddable":true,"href":"https:\/\/www.padreydecano.com\/cms\/wp-json\/wp\/v2\/comments?post=65700"}],"version-history":[{"count":0,"href":"https:\/\/www.padreydecano.com\/cms\/wp-json\/wp\/v2\/posts\/65700\/revisions"}],"wp:attachment":[{"href":"https:\/\/www.padreydecano.com\/cms\/wp-json\/wp\/v2\/media?parent=65700"}],"wp:term":[{"taxonomy":"category","embeddable":true,"href":"https:\/\/www.padreydecano.com\/cms\/wp-json\/wp\/v2\/categories?post=65700"},{"taxonomy":"post_tag","embeddable":true,"href":"https:\/\/www.padreydecano.com\/cms\/wp-json\/wp\/v2\/tags?post=65700"}],"curies":[{"name":"wp","href":"https:\/\/api.w.org\/{rel}","templated":true}]}}