{"id":65566,"date":"2017-12-10T22:48:13","date_gmt":"2017-12-11T01:48:13","guid":{"rendered":"http:\/\/www.padreydecano.com\/cms\/?p=65566"},"modified":"2017-12-13T09:14:02","modified_gmt":"2017-12-13T12:14:02","slug":"penarol-51-veces-campeon-uruguayo","status":"publish","type":"post","link":"https:\/\/www.padreydecano.com\/cms\/partidos\/penarol-51-veces-campeon-uruguayo\/","title":{"rendered":"\u00a1Pe\u00f1arol 51 veces Campe\u00f3n Uruguayo!"},"content":{"rendered":"<p style=\"text-align: justify;\"><a href=\"https:\/\/www.padreydecano.com\/cms\/wp-content\/uploads\/2017\/12\/IMG-20171210-WA0085.jpg\" rel=\"shadowbox[sbpost-65566];player=img;\"><img loading=\"lazy\" decoding=\"async\" class=\"aligncenter size-large wp-image-65571\" src=\"https:\/\/www.padreydecano.com\/cms\/wp-content\/uploads\/2017\/12\/IMG-20171210-WA0085-1024x683.jpg\" alt=\"\" width=\"620\" height=\"414\" srcset=\"https:\/\/www.padreydecano.com\/cms\/wp-content\/uploads\/2017\/12\/IMG-20171210-WA0085-1024x683.jpg 1024w, https:\/\/www.padreydecano.com\/cms\/wp-content\/uploads\/2017\/12\/IMG-20171210-WA0085-600x400.jpg 600w, https:\/\/www.padreydecano.com\/cms\/wp-content\/uploads\/2017\/12\/IMG-20171210-WA0085-768x512.jpg 768w, https:\/\/www.padreydecano.com\/cms\/wp-content\/uploads\/2017\/12\/IMG-20171210-WA0085.jpg 1600w\" sizes=\"(max-width: 620px) 100vw, 620px\" \/><\/a><\/p>\n<p style=\"text-align: justify;\">Luego de empatar 0 a 0 en el partido y en el alargue, Pe\u00f1arol venci\u00f3 a Defensor por penales y se consagr\u00f3 campe\u00f3n uruguayo. El Decano la rem\u00f3 de atr\u00e1s y se qued\u00f3 con el Clausura, la Anual y las finales.<\/p>\n<p><a href=\"https:\/\/www.padreydecano.com\/cms\/wp-content\/uploads\/2017\/12\/IMG-20171210-WA0103.jpg\" rel=\"shadowbox[sbpost-65566];player=img;\"><img loading=\"lazy\" decoding=\"async\" class=\"aligncenter size-large wp-image-65576\" src=\"https:\/\/www.padreydecano.com\/cms\/wp-content\/uploads\/2017\/12\/IMG-20171210-WA0103-1024x683.jpg\" alt=\"\" width=\"620\" height=\"414\" srcset=\"https:\/\/www.padreydecano.com\/cms\/wp-content\/uploads\/2017\/12\/IMG-20171210-WA0103-1024x683.jpg 1024w, https:\/\/www.padreydecano.com\/cms\/wp-content\/uploads\/2017\/12\/IMG-20171210-WA0103-600x400.jpg 600w, https:\/\/www.padreydecano.com\/cms\/wp-content\/uploads\/2017\/12\/IMG-20171210-WA0103-768x512.jpg 768w, https:\/\/www.padreydecano.com\/cms\/wp-content\/uploads\/2017\/12\/IMG-20171210-WA0103.jpg 1599w\" sizes=\"(max-width: 620px) 100vw, 620px\" \/><\/a><\/p>\n<p style=\"text-align: justify;\">No fueron los partidos que esper\u00e1bamos, y el rendimiento en estos dos enfrentamientos ante Defensor dist\u00f3 mucho de lo que hab\u00eda sido el resto del semestre, pero como marca el dicho, las finales hay que ganarlas como sea y se cumpli\u00f3.<\/p>\n<p style=\"text-align: justify;\">Pe\u00f1arol es el justo campe\u00f3n, por la espectacular remontada que tuvo en el segundo semestre.<\/p>\n\n\t\t<style type=\"text\/css\">\n\t\t\t#gallery-1 {\n\t\t\t\tmargin: auto;\n\t\t\t}\n\t\t\t#gallery-1 .gallery-item {\n\t\t\t\tfloat: left;\n\t\t\t\tmargin-top: 10px;\n\t\t\t\ttext-align: center;\n\t\t\t\twidth: 33%;\n\t\t\t}\n\t\t\t#gallery-1 img {\n\t\t\t\tborder: 2px solid #cfcfcf;\n\t\t\t}\n\t\t\t#gallery-1 .gallery-caption {\n\t\t\t\tmargin-left: 0;\n\t\t\t}\n\t\t\t\/* see gallery_shortcode() in wp-includes\/media.php *\/\n\t\t<\/style>\n\t\t<div id='gallery-1' class='gallery galleryid-65566 gallery-columns-3 gallery-size-thumbnail'><dl class='gallery-item'>\n\t\t\t<dt class='gallery-icon landscape'>\n\t\t\t\t<a href='https:\/\/www.padreydecano.com\/cms\/wp-content\/uploads\/2017\/12\/IMG-20171210-WA0104.jpg' rel='shadowbox[sbalbum-65566];player=img;'><img loading=\"lazy\" decoding=\"async\" width=\"150\" height=\"150\" src=\"https:\/\/www.padreydecano.com\/cms\/wp-content\/uploads\/2017\/12\/IMG-20171210-WA0104-150x150.jpg\" class=\"attachment-thumbnail size-thumbnail\" alt=\"\" srcset=\"https:\/\/www.padreydecano.com\/cms\/wp-content\/uploads\/2017\/12\/IMG-20171210-WA0104-150x150.jpg 150w, https:\/\/www.padreydecano.com\/cms\/wp-content\/uploads\/2017\/12\/IMG-20171210-WA0104-36x36.jpg 36w\" sizes=\"(max-width: 150px) 100vw, 150px\" \/><\/a>\n\t\t\t<\/dt><\/dl><dl class='gallery-item'>\n\t\t\t<dt class='gallery-icon landscape'>\n\t\t\t\t<a href='https:\/\/www.padreydecano.com\/cms\/wp-content\/uploads\/2017\/12\/IMG-20171210-WA0102.jpg' rel='shadowbox[sbalbum-65566];player=img;'><img loading=\"lazy\" decoding=\"async\" width=\"150\" height=\"150\" src=\"https:\/\/www.padreydecano.com\/cms\/wp-content\/uploads\/2017\/12\/IMG-20171210-WA0102-150x150.jpg\" class=\"attachment-thumbnail size-thumbnail\" alt=\"\" srcset=\"https:\/\/www.padreydecano.com\/cms\/wp-content\/uploads\/2017\/12\/IMG-20171210-WA0102-150x150.jpg 150w, https:\/\/www.padreydecano.com\/cms\/wp-content\/uploads\/2017\/12\/IMG-20171210-WA0102-36x36.jpg 36w\" sizes=\"(max-width: 150px) 100vw, 150px\" \/><\/a>\n\t\t\t<\/dt><\/dl><dl class='gallery-item'>\n\t\t\t<dt class='gallery-icon landscape'>\n\t\t\t\t<a href='https:\/\/www.padreydecano.com\/cms\/wp-content\/uploads\/2017\/12\/IMG-20171210-WA0097.jpg' rel='shadowbox[sbalbum-65566];player=img;'><img loading=\"lazy\" decoding=\"async\" width=\"150\" height=\"150\" src=\"https:\/\/www.padreydecano.com\/cms\/wp-content\/uploads\/2017\/12\/IMG-20171210-WA0097-150x150.jpg\" class=\"attachment-thumbnail size-thumbnail\" alt=\"\" srcset=\"https:\/\/www.padreydecano.com\/cms\/wp-content\/uploads\/2017\/12\/IMG-20171210-WA0097-150x150.jpg 150w, https:\/\/www.padreydecano.com\/cms\/wp-content\/uploads\/2017\/12\/IMG-20171210-WA0097-36x36.jpg 36w\" sizes=\"(max-width: 150px) 100vw, 150px\" \/><\/a>\n\t\t\t<\/dt><\/dl><br style=\"clear: both\" \/>\n\t\t<\/div>\n\n<p style=\"text-align: justify;\">Hubo tiempos turbulentos, como una sucesi\u00f3n de puntos perdidos en el Apertura o el cachetazo de Defensor en el Intermedio. Cuando la mayor\u00eda de la directiva quer\u00eda cesar a Ramos, unos pocos lo aguantaron y con la llegada de jugadorazos, el equipo dio vuelta la imagen y arras\u00f3 con el t\u00edtulo.<\/p>\n<p style=\"text-align: justify;\">Hoy ser\u00e1 tiempo de festejos y celebraci\u00f3n, pero pr\u00f3ximamente ya habr\u00e1 que pensar en lo que viene. Ojal\u00e1 que esta directiva entrante pueda retener a este plantel. \u00a1Vamos por el 52 y por la Copa!<\/p>\n\n\t\t<style type=\"text\/css\">\n\t\t\t#gallery-2 {\n\t\t\t\tmargin: auto;\n\t\t\t}\n\t\t\t#gallery-2 .gallery-item {\n\t\t\t\tfloat: left;\n\t\t\t\tmargin-top: 10px;\n\t\t\t\ttext-align: center;\n\t\t\t\twidth: 33%;\n\t\t\t}\n\t\t\t#gallery-2 img {\n\t\t\t\tborder: 2px solid #cfcfcf;\n\t\t\t}\n\t\t\t#gallery-2 .gallery-caption {\n\t\t\t\tmargin-left: 0;\n\t\t\t}\n\t\t\t\/* see gallery_shortcode() in wp-includes\/media.php *\/\n\t\t<\/style>\n\t\t<div id='gallery-2' class='gallery galleryid-65566 gallery-columns-3 gallery-size-thumbnail'><dl class='gallery-item'>\n\t\t\t<dt class='gallery-icon landscape'>\n\t\t\t\t<a href='https:\/\/www.padreydecano.com\/cms\/wp-content\/uploads\/2017\/12\/IMG-20171210-WA0089.jpg' rel='shadowbox[sbalbum-65566];player=img;'><img loading=\"lazy\" decoding=\"async\" width=\"150\" height=\"150\" src=\"https:\/\/www.padreydecano.com\/cms\/wp-content\/uploads\/2017\/12\/IMG-20171210-WA0089-150x150.jpg\" class=\"attachment-thumbnail size-thumbnail\" alt=\"\" srcset=\"https:\/\/www.padreydecano.com\/cms\/wp-content\/uploads\/2017\/12\/IMG-20171210-WA0089-150x150.jpg 150w, https:\/\/www.padreydecano.com\/cms\/wp-content\/uploads\/2017\/12\/IMG-20171210-WA0089-36x36.jpg 36w\" sizes=\"(max-width: 150px) 100vw, 150px\" \/><\/a>\n\t\t\t<\/dt><\/dl><dl class='gallery-item'>\n\t\t\t<dt class='gallery-icon landscape'>\n\t\t\t\t<a href='https:\/\/www.padreydecano.com\/cms\/wp-content\/uploads\/2017\/12\/IMG-20171210-WA0088.jpg' rel='shadowbox[sbalbum-65566];player=img;'><img loading=\"lazy\" decoding=\"async\" width=\"150\" height=\"150\" src=\"https:\/\/www.padreydecano.com\/cms\/wp-content\/uploads\/2017\/12\/IMG-20171210-WA0088-150x150.jpg\" class=\"attachment-thumbnail size-thumbnail\" alt=\"\" srcset=\"https:\/\/www.padreydecano.com\/cms\/wp-content\/uploads\/2017\/12\/IMG-20171210-WA0088-150x150.jpg 150w, https:\/\/www.padreydecano.com\/cms\/wp-content\/uploads\/2017\/12\/IMG-20171210-WA0088-36x36.jpg 36w\" sizes=\"(max-width: 150px) 100vw, 150px\" \/><\/a>\n\t\t\t<\/dt><\/dl><dl class='gallery-item'>\n\t\t\t<dt class='gallery-icon landscape'>\n\t\t\t\t<a href='https:\/\/www.padreydecano.com\/cms\/wp-content\/uploads\/2017\/12\/IMG-20171210-WA0087.jpg' rel='shadowbox[sbalbum-65566];player=img;'><img loading=\"lazy\" decoding=\"async\" width=\"150\" height=\"150\" src=\"https:\/\/www.padreydecano.com\/cms\/wp-content\/uploads\/2017\/12\/IMG-20171210-WA0087-150x150.jpg\" class=\"attachment-thumbnail size-thumbnail\" alt=\"\" srcset=\"https:\/\/www.padreydecano.com\/cms\/wp-content\/uploads\/2017\/12\/IMG-20171210-WA0087-150x150.jpg 150w, https:\/\/www.padreydecano.com\/cms\/wp-content\/uploads\/2017\/12\/IMG-20171210-WA0087-36x36.jpg 36w\" sizes=\"(max-width: 150px) 100vw, 150px\" \/><\/a>\n\t\t\t<\/dt><\/dl><br style=\"clear: both\" \/>\n\t\t<\/div>\n\n","protected":false},"excerpt":{"rendered":"<p>Luego de empatar 0 a 0 en el partido y en el alargue, Pe\u00f1arol venci\u00f3 a Defensor por penales y se consagr\u00f3 campe\u00f3n uruguayo. El Decano la rem\u00f3 de atr\u00e1s y se qued\u00f3 con el Clausura, la Anual y las finales. No fueron los partidos que esper\u00e1bamos, y el rendimiento en estos dos enfrentamientos ante [&hellip;]<\/p>\n","protected":false},"author":13,"featured_media":65574,"comment_status":"open","ping_status":"closed","sticky":false,"template":"","format":"standard","meta":{"footnotes":""},"categories":[13],"tags":[329],"yoast_head":"<!-- This site is optimized with the Yoast SEO plugin v23.2 - https:\/\/yoast.com\/wordpress\/plugins\/seo\/ -->\n<title>\u00a1Pe\u00f1arol 51 veces Campe\u00f3n Uruguayo! - Padre y Decano - El Sitio del Pueblo<\/title>\n<meta name=\"robots\" content=\"index, follow, max-snippet:-1, max-image-preview:large, max-video-preview:-1\" \/>\n<link rel=\"canonical\" href=\"https:\/\/www.padreydecano.com\/cms\/partidos\/penarol-51-veces-campeon-uruguayo\/\" \/>\n<meta property=\"og:locale\" content=\"es_ES\" \/>\n<meta property=\"og:type\" content=\"article\" \/>\n<meta property=\"og:title\" content=\"\u00a1Pe\u00f1arol 51 veces Campe\u00f3n Uruguayo! - Padre y Decano - El Sitio del Pueblo\" \/>\n<meta property=\"og:description\" content=\"Luego de empatar 0 a 0 en el partido y en el alargue, Pe\u00f1arol venci\u00f3 a Defensor por penales y se consagr\u00f3 campe\u00f3n uruguayo. El Decano la rem\u00f3 de atr\u00e1s y se qued\u00f3 con el Clausura, la Anual y las finales. No fueron los partidos que esper\u00e1bamos, y el rendimiento en estos dos enfrentamientos ante [&hellip;]\" \/>\n<meta property=\"og:url\" content=\"https:\/\/www.padreydecano.com\/cms\/partidos\/penarol-51-veces-campeon-uruguayo\/\" \/>\n<meta property=\"og:site_name\" content=\"Padre y Decano - El Sitio del Pueblo\" \/>\n<meta property=\"article:published_time\" content=\"2017-12-11T01:48:13+00:00\" \/>\n<meta property=\"article:modified_time\" content=\"2017-12-13T12:14:02+00:00\" \/>\n<meta property=\"og:image\" content=\"https:\/\/www.padreydecano.com\/cms\/wp-content\/uploads\/2017\/12\/IMG-20171210-WA0102.jpg\" \/>\n\t<meta property=\"og:image:width\" content=\"1599\" \/>\n\t<meta property=\"og:image:height\" content=\"1066\" \/>\n\t<meta property=\"og:image:type\" content=\"image\/jpeg\" \/>\n<meta name=\"author\" content=\"Moderador\" \/>\n<meta name=\"twitter:card\" content=\"summary_large_image\" \/>\n<meta name=\"twitter:label1\" content=\"Escrito por\" \/>\n\t<meta name=\"twitter:data1\" content=\"Moderador\" \/>\n\t<meta name=\"twitter:label2\" content=\"Tiempo de lectura\" \/>\n\t<meta name=\"twitter:data2\" content=\"1 minuto\" \/>\n<script type=\"application\/ld+json\" class=\"yoast-schema-graph\">{\"@context\":\"https:\/\/schema.org\",\"@graph\":[{\"@type\":\"Article\",\"@id\":\"https:\/\/www.padreydecano.com\/cms\/partidos\/penarol-51-veces-campeon-uruguayo\/#article\",\"isPartOf\":{\"@id\":\"https:\/\/www.padreydecano.com\/cms\/partidos\/penarol-51-veces-campeon-uruguayo\/\"},\"author\":{\"name\":\"Moderador\",\"@id\":\"https:\/\/www.padreydecano.com\/cms\/#\/schema\/person\/d93e9e537230ae052c194251d9a1def2\"},\"headline\":\"\u00a1Pe\u00f1arol 51 veces Campe\u00f3n Uruguayo!\",\"datePublished\":\"2017-12-11T01:48:13+00:00\",\"dateModified\":\"2017-12-13T12:14:02+00:00\",\"mainEntityOfPage\":{\"@id\":\"https:\/\/www.padreydecano.com\/cms\/partidos\/penarol-51-veces-campeon-uruguayo\/\"},\"wordCount\":203,\"commentCount\":94,\"publisher\":{\"@id\":\"https:\/\/www.padreydecano.com\/cms\/#organization\"},\"image\":{\"@id\":\"https:\/\/www.padreydecano.com\/cms\/partidos\/penarol-51-veces-campeon-uruguayo\/#primaryimage\"},\"thumbnailUrl\":\"https:\/\/www.padreydecano.com\/cms\/wp-content\/uploads\/2017\/12\/IMG-20171210-WA0102.jpg\",\"keywords\":[\"Finales 2017\"],\"articleSection\":[\"Partidos\"],\"inLanguage\":\"es\",\"potentialAction\":[{\"@type\":\"CommentAction\",\"name\":\"Comment\",\"target\":[\"https:\/\/www.padreydecano.com\/cms\/partidos\/penarol-51-veces-campeon-uruguayo\/#respond\"]}]},{\"@type\":\"WebPage\",\"@id\":\"https:\/\/www.padreydecano.com\/cms\/partidos\/penarol-51-veces-campeon-uruguayo\/\",\"url\":\"https:\/\/www.padreydecano.com\/cms\/partidos\/penarol-51-veces-campeon-uruguayo\/\",\"name\":\"\u00a1Pe\u00f1arol 51 veces Campe\u00f3n Uruguayo! - Padre y Decano - El Sitio del Pueblo\",\"isPartOf\":{\"@id\":\"https:\/\/www.padreydecano.com\/cms\/#website\"},\"primaryImageOfPage\":{\"@id\":\"https:\/\/www.padreydecano.com\/cms\/partidos\/penarol-51-veces-campeon-uruguayo\/#primaryimage\"},\"image\":{\"@id\":\"https:\/\/www.padreydecano.com\/cms\/partidos\/penarol-51-veces-campeon-uruguayo\/#primaryimage\"},\"thumbnailUrl\":\"https:\/\/www.padreydecano.com\/cms\/wp-content\/uploads\/2017\/12\/IMG-20171210-WA0102.jpg\",\"datePublished\":\"2017-12-11T01:48:13+00:00\",\"dateModified\":\"2017-12-13T12:14:02+00:00\",\"breadcrumb\":{\"@id\":\"https:\/\/www.padreydecano.com\/cms\/partidos\/penarol-51-veces-campeon-uruguayo\/#breadcrumb\"},\"inLanguage\":\"es\",\"potentialAction\":[{\"@type\":\"ReadAction\",\"target\":[\"https:\/\/www.padreydecano.com\/cms\/partidos\/penarol-51-veces-campeon-uruguayo\/\"]}]},{\"@type\":\"ImageObject\",\"inLanguage\":\"es\",\"@id\":\"https:\/\/www.padreydecano.com\/cms\/partidos\/penarol-51-veces-campeon-uruguayo\/#primaryimage\",\"url\":\"https:\/\/www.padreydecano.com\/cms\/wp-content\/uploads\/2017\/12\/IMG-20171210-WA0102.jpg\",\"contentUrl\":\"https:\/\/www.padreydecano.com\/cms\/wp-content\/uploads\/2017\/12\/IMG-20171210-WA0102.jpg\",\"width\":1599,\"height\":1066},{\"@type\":\"BreadcrumbList\",\"@id\":\"https:\/\/www.padreydecano.com\/cms\/partidos\/penarol-51-veces-campeon-uruguayo\/#breadcrumb\",\"itemListElement\":[{\"@type\":\"ListItem\",\"position\":1,\"name\":\"Portada\",\"item\":\"https:\/\/www.padreydecano.com\/cms\/\"},{\"@type\":\"ListItem\",\"position\":2,\"name\":\"\u00a1Pe\u00f1arol 51 veces Campe\u00f3n Uruguayo!\"}]},{\"@type\":\"WebSite\",\"@id\":\"https:\/\/www.padreydecano.com\/cms\/#website\",\"url\":\"https:\/\/www.padreydecano.com\/cms\/\",\"name\":\"Padre y Decano - El Sitio del Pueblo\",\"description\":\"Club Atl\u00e9tico Pe\u00f1arol\",\"publisher\":{\"@id\":\"https:\/\/www.padreydecano.com\/cms\/#organization\"},\"potentialAction\":[{\"@type\":\"SearchAction\",\"target\":{\"@type\":\"EntryPoint\",\"urlTemplate\":\"https:\/\/www.padreydecano.com\/cms\/?s={search_term_string}\"},\"query-input\":\"required name=search_term_string\"}],\"inLanguage\":\"es\"},{\"@type\":\"Organization\",\"@id\":\"https:\/\/www.padreydecano.com\/cms\/#organization\",\"name\":\"Padre y Decano\",\"url\":\"https:\/\/www.padreydecano.com\/cms\/\",\"logo\":{\"@type\":\"ImageObject\",\"inLanguage\":\"es\",\"@id\":\"https:\/\/www.padreydecano.com\/cms\/#\/schema\/logo\/image\/\",\"url\":\"https:\/\/www.padreydecano.com\/cms\/wp-content\/uploads\/2022\/01\/avatar-square.png\",\"contentUrl\":\"https:\/\/www.padreydecano.com\/cms\/wp-content\/uploads\/2022\/01\/avatar-square.png\",\"width\":1500,\"height\":1500,\"caption\":\"Padre y Decano\"},\"image\":{\"@id\":\"https:\/\/www.padreydecano.com\/cms\/#\/schema\/logo\/image\/\"}},{\"@type\":\"Person\",\"@id\":\"https:\/\/www.padreydecano.com\/cms\/#\/schema\/person\/d93e9e537230ae052c194251d9a1def2\",\"name\":\"Moderador\",\"image\":{\"@type\":\"ImageObject\",\"inLanguage\":\"es\",\"@id\":\"https:\/\/www.padreydecano.com\/cms\/#\/schema\/person\/image\/\",\"url\":\"https:\/\/secure.gravatar.com\/avatar\/2587727bf8a53bd3da4ec49f01bea66e?s=96&d=https%3A%2F%2Fpadreydecano.com%2Fcms%2Fwp-content%2Fthemes%2Fpyd-theme%2Fimg%2Fdefault-avatar.png&r=g\",\"contentUrl\":\"https:\/\/secure.gravatar.com\/avatar\/2587727bf8a53bd3da4ec49f01bea66e?s=96&d=https%3A%2F%2Fpadreydecano.com%2Fcms%2Fwp-content%2Fthemes%2Fpyd-theme%2Fimg%2Fdefault-avatar.png&r=g\",\"caption\":\"Moderador\"}}]}<\/script>\n<!-- \/ Yoast SEO plugin. -->","yoast_head_json":{"title":"\u00a1Pe\u00f1arol 51 veces Campe\u00f3n Uruguayo! - Padre y Decano - El Sitio del Pueblo","robots":{"index":"index","follow":"follow","max-snippet":"max-snippet:-1","max-image-preview":"max-image-preview:large","max-video-preview":"max-video-preview:-1"},"canonical":"https:\/\/www.padreydecano.com\/cms\/partidos\/penarol-51-veces-campeon-uruguayo\/","og_locale":"es_ES","og_type":"article","og_title":"\u00a1Pe\u00f1arol 51 veces Campe\u00f3n Uruguayo! - Padre y Decano - El Sitio del Pueblo","og_description":"Luego de empatar 0 a 0 en el partido y en el alargue, Pe\u00f1arol venci\u00f3 a Defensor por penales y se consagr\u00f3 campe\u00f3n uruguayo. El Decano la rem\u00f3 de atr\u00e1s y se qued\u00f3 con el Clausura, la Anual y las finales. No fueron los partidos que esper\u00e1bamos, y el rendimiento en estos dos enfrentamientos ante [&hellip;]","og_url":"https:\/\/www.padreydecano.com\/cms\/partidos\/penarol-51-veces-campeon-uruguayo\/","og_site_name":"Padre y Decano - El Sitio del Pueblo","article_published_time":"2017-12-11T01:48:13+00:00","article_modified_time":"2017-12-13T12:14:02+00:00","og_image":[{"width":1599,"height":1066,"url":"https:\/\/www.padreydecano.com\/cms\/wp-content\/uploads\/2017\/12\/IMG-20171210-WA0102.jpg","type":"image\/jpeg"}],"author":"Moderador","twitter_card":"summary_large_image","twitter_misc":{"Escrito por":"Moderador","Tiempo de lectura":"1 minuto"},"schema":{"@context":"https:\/\/schema.org","@graph":[{"@type":"Article","@id":"https:\/\/www.padreydecano.com\/cms\/partidos\/penarol-51-veces-campeon-uruguayo\/#article","isPartOf":{"@id":"https:\/\/www.padreydecano.com\/cms\/partidos\/penarol-51-veces-campeon-uruguayo\/"},"author":{"name":"Moderador","@id":"https:\/\/www.padreydecano.com\/cms\/#\/schema\/person\/d93e9e537230ae052c194251d9a1def2"},"headline":"\u00a1Pe\u00f1arol 51 veces Campe\u00f3n Uruguayo!","datePublished":"2017-12-11T01:48:13+00:00","dateModified":"2017-12-13T12:14:02+00:00","mainEntityOfPage":{"@id":"https:\/\/www.padreydecano.com\/cms\/partidos\/penarol-51-veces-campeon-uruguayo\/"},"wordCount":203,"commentCount":94,"publisher":{"@id":"https:\/\/www.padreydecano.com\/cms\/#organization"},"image":{"@id":"https:\/\/www.padreydecano.com\/cms\/partidos\/penarol-51-veces-campeon-uruguayo\/#primaryimage"},"thumbnailUrl":"https:\/\/www.padreydecano.com\/cms\/wp-content\/uploads\/2017\/12\/IMG-20171210-WA0102.jpg","keywords":["Finales 2017"],"articleSection":["Partidos"],"inLanguage":"es","potentialAction":[{"@type":"CommentAction","name":"Comment","target":["https:\/\/www.padreydecano.com\/cms\/partidos\/penarol-51-veces-campeon-uruguayo\/#respond"]}]},{"@type":"WebPage","@id":"https:\/\/www.padreydecano.com\/cms\/partidos\/penarol-51-veces-campeon-uruguayo\/","url":"https:\/\/www.padreydecano.com\/cms\/partidos\/penarol-51-veces-campeon-uruguayo\/","name":"\u00a1Pe\u00f1arol 51 veces Campe\u00f3n Uruguayo! - Padre y Decano - El Sitio del Pueblo","isPartOf":{"@id":"https:\/\/www.padreydecano.com\/cms\/#website"},"primaryImageOfPage":{"@id":"https:\/\/www.padreydecano.com\/cms\/partidos\/penarol-51-veces-campeon-uruguayo\/#primaryimage"},"image":{"@id":"https:\/\/www.padreydecano.com\/cms\/partidos\/penarol-51-veces-campeon-uruguayo\/#primaryimage"},"thumbnailUrl":"https:\/\/www.padreydecano.com\/cms\/wp-content\/uploads\/2017\/12\/IMG-20171210-WA0102.jpg","datePublished":"2017-12-11T01:48:13+00:00","dateModified":"2017-12-13T12:14:02+00:00","breadcrumb":{"@id":"https:\/\/www.padreydecano.com\/cms\/partidos\/penarol-51-veces-campeon-uruguayo\/#breadcrumb"},"inLanguage":"es","potentialAction":[{"@type":"ReadAction","target":["https:\/\/www.padreydecano.com\/cms\/partidos\/penarol-51-veces-campeon-uruguayo\/"]}]},{"@type":"ImageObject","inLanguage":"es","@id":"https:\/\/www.padreydecano.com\/cms\/partidos\/penarol-51-veces-campeon-uruguayo\/#primaryimage","url":"https:\/\/www.padreydecano.com\/cms\/wp-content\/uploads\/2017\/12\/IMG-20171210-WA0102.jpg","contentUrl":"https:\/\/www.padreydecano.com\/cms\/wp-content\/uploads\/2017\/12\/IMG-20171210-WA0102.jpg","width":1599,"height":1066},{"@type":"BreadcrumbList","@id":"https:\/\/www.padreydecano.com\/cms\/partidos\/penarol-51-veces-campeon-uruguayo\/#breadcrumb","itemListElement":[{"@type":"ListItem","position":1,"name":"Portada","item":"https:\/\/www.padreydecano.com\/cms\/"},{"@type":"ListItem","position":2,"name":"\u00a1Pe\u00f1arol 51 veces Campe\u00f3n Uruguayo!"}]},{"@type":"WebSite","@id":"https:\/\/www.padreydecano.com\/cms\/#website","url":"https:\/\/www.padreydecano.com\/cms\/","name":"Padre y Decano - El Sitio del Pueblo","description":"Club Atl\u00e9tico Pe\u00f1arol","publisher":{"@id":"https:\/\/www.padreydecano.com\/cms\/#organization"},"potentialAction":[{"@type":"SearchAction","target":{"@type":"EntryPoint","urlTemplate":"https:\/\/www.padreydecano.com\/cms\/?s={search_term_string}"},"query-input":"required name=search_term_string"}],"inLanguage":"es"},{"@type":"Organization","@id":"https:\/\/www.padreydecano.com\/cms\/#organization","name":"Padre y Decano","url":"https:\/\/www.padreydecano.com\/cms\/","logo":{"@type":"ImageObject","inLanguage":"es","@id":"https:\/\/www.padreydecano.com\/cms\/#\/schema\/logo\/image\/","url":"https:\/\/www.padreydecano.com\/cms\/wp-content\/uploads\/2022\/01\/avatar-square.png","contentUrl":"https:\/\/www.padreydecano.com\/cms\/wp-content\/uploads\/2022\/01\/avatar-square.png","width":1500,"height":1500,"caption":"Padre y Decano"},"image":{"@id":"https:\/\/www.padreydecano.com\/cms\/#\/schema\/logo\/image\/"}},{"@type":"Person","@id":"https:\/\/www.padreydecano.com\/cms\/#\/schema\/person\/d93e9e537230ae052c194251d9a1def2","name":"Moderador","image":{"@type":"ImageObject","inLanguage":"es","@id":"https:\/\/www.padreydecano.com\/cms\/#\/schema\/person\/image\/","url":"https:\/\/secure.gravatar.com\/avatar\/2587727bf8a53bd3da4ec49f01bea66e?s=96&d=https%3A%2F%2Fpadreydecano.com%2Fcms%2Fwp-content%2Fthemes%2Fpyd-theme%2Fimg%2Fdefault-avatar.png&r=g","contentUrl":"https:\/\/secure.gravatar.com\/avatar\/2587727bf8a53bd3da4ec49f01bea66e?s=96&d=https%3A%2F%2Fpadreydecano.com%2Fcms%2Fwp-content%2Fthemes%2Fpyd-theme%2Fimg%2Fdefault-avatar.png&r=g","caption":"Moderador"}}]}},"_links":{"self":[{"href":"https:\/\/www.padreydecano.com\/cms\/wp-json\/wp\/v2\/posts\/65566"}],"collection":[{"href":"https:\/\/www.padreydecano.com\/cms\/wp-json\/wp\/v2\/posts"}],"about":[{"href":"https:\/\/www.padreydecano.com\/cms\/wp-json\/wp\/v2\/types\/post"}],"author":[{"embeddable":true,"href":"https:\/\/www.padreydecano.com\/cms\/wp-json\/wp\/v2\/users\/13"}],"replies":[{"embeddable":true,"href":"https:\/\/www.padreydecano.com\/cms\/wp-json\/wp\/v2\/comments?post=65566"}],"version-history":[{"count":0,"href":"https:\/\/www.padreydecano.com\/cms\/wp-json\/wp\/v2\/posts\/65566\/revisions"}],"wp:featuredmedia":[{"embeddable":true,"href":"https:\/\/www.padreydecano.com\/cms\/wp-json\/wp\/v2\/media\/65574"}],"wp:attachment":[{"href":"https:\/\/www.padreydecano.com\/cms\/wp-json\/wp\/v2\/media?parent=65566"}],"wp:term":[{"taxonomy":"category","embeddable":true,"href":"https:\/\/www.padreydecano.com\/cms\/wp-json\/wp\/v2\/categories?post=65566"},{"taxonomy":"post_tag","embeddable":true,"href":"https:\/\/www.padreydecano.com\/cms\/wp-json\/wp\/v2\/tags?post=65566"}],"curies":[{"name":"wp","href":"https:\/\/api.w.org\/{rel}","templated":true}]}}