{"id":65546,"date":"2017-12-09T15:10:32","date_gmt":"2017-12-09T18:10:32","guid":{"rendered":"http:\/\/www.padreydecano.com\/cms\/?p=65546"},"modified":"2017-12-09T22:03:47","modified_gmt":"2017-12-10T01:03:47","slug":"elecciones-2017-buen-ritmo-de-votantes-en-el-palacio-penarol","status":"publish","type":"post","link":"https:\/\/www.padreydecano.com\/cms\/noticias\/elecciones-2017-buen-ritmo-de-votantes-en-el-palacio-penarol\/","title":{"rendered":"Elecciones 2017: Buen ritmo de votantes en el Palacio Pe\u00f1arol"},"content":{"rendered":"<p><a href=\"https:\/\/www.padreydecano.com\/cms\/wp-content\/uploads\/2017\/12\/IMG-20171209-WA0040.jpg\" rel=\"shadowbox[sbpost-65546];player=img;\"><img loading=\"lazy\" decoding=\"async\" class=\"aligncenter size-large wp-image-65547\" src=\"https:\/\/www.padreydecano.com\/cms\/wp-content\/uploads\/2017\/12\/IMG-20171209-WA0040-1024x683.jpg\" alt=\"\" width=\"620\" height=\"414\" srcset=\"https:\/\/www.padreydecano.com\/cms\/wp-content\/uploads\/2017\/12\/IMG-20171209-WA0040-1024x683.jpg 1024w, https:\/\/www.padreydecano.com\/cms\/wp-content\/uploads\/2017\/12\/IMG-20171209-WA0040-600x400.jpg 600w, https:\/\/www.padreydecano.com\/cms\/wp-content\/uploads\/2017\/12\/IMG-20171209-WA0040-768x512.jpg 768w, https:\/\/www.padreydecano.com\/cms\/wp-content\/uploads\/2017\/12\/IMG-20171209-WA0040.jpg 1599w\" sizes=\"(max-width: 620px) 100vw, 620px\" \/><\/a><\/p>\n<p style=\"text-align: justify;\"><strong>Clima agradable en la jornada electoral de Pe\u00f1arol. El calor del sol abraza a los socios que vienen al Palacio Cr. Gast\u00f3n Guelfi a elegir al sucesor de Juan Pedro Damiani luego de 3 ciclos consecutivos de mandato.\u00a0<\/strong><\/p>\n<p style=\"text-align: justify;\">Los candidatos pasean por las inmediaciones de la sede, conversan con los votantes y se toman fotos con ellos. Afuera hay una multitud de gente, varios puestos relacionados a las diferentes listas, hinchas repartiendo volantes,\u00a0 etc. Clima festivo y todo con total normalidad.<\/p>\n<p style=\"text-align: justify;\">Pasadas las 15:30 hs, ya votaron en el Palacio Pe\u00f1arol todos los candidatos a la presidencia del club:\u00a0<strong>Julio Trostchansky, Juan Ignacio Ruglio, Marcelo Areco y Jos\u00e9 Carlos Dom\u00ednguez y\u00a0Jorge Barrera (en ese orden)<\/strong>. Tambi\u00e9n vot\u00f3 el presidente saliente, <strong>Juan Pedro Damiani<\/strong> y ex jugadores como <strong>Fernando \u00c1lvez, Obdulio Trasante, Mario Saralegui y Jorge Gon\u00e7\u00e1lves (entre otros).<\/strong><\/p>\n<p style=\"text-align: justify;\">El \u00faltimo n\u00famero informado por la corte electoral (18:00 hs) es que <strong>votaron 8.359 socios<\/strong>\u00a0en las 28 mesas dispuestas, mientras que en las elecciones pasadas votaron en total\u00a0<strong>7.853 socios<\/strong>. Ya es la que registr\u00f3 m\u00e1s votos en la historia.<\/p>\n\n\t\t<style type=\"text\/css\">\n\t\t\t#gallery-1 {\n\t\t\t\tmargin: auto;\n\t\t\t}\n\t\t\t#gallery-1 .gallery-item {\n\t\t\t\tfloat: left;\n\t\t\t\tmargin-top: 10px;\n\t\t\t\ttext-align: center;\n\t\t\t\twidth: 33%;\n\t\t\t}\n\t\t\t#gallery-1 img {\n\t\t\t\tborder: 2px solid #cfcfcf;\n\t\t\t}\n\t\t\t#gallery-1 .gallery-caption {\n\t\t\t\tmargin-left: 0;\n\t\t\t}\n\t\t\t\/* see gallery_shortcode() in wp-includes\/media.php *\/\n\t\t<\/style>\n\t\t<div id='gallery-1' class='gallery galleryid-65546 gallery-columns-3 gallery-size-thumbnail'><dl class='gallery-item'>\n\t\t\t<dt class='gallery-icon landscape'>\n\t\t\t\t<a href='https:\/\/www.padreydecano.com\/cms\/wp-content\/uploads\/2017\/12\/IMG-20171209-WA0037.jpg' rel='shadowbox[sbalbum-65546];player=img;'><img loading=\"lazy\" decoding=\"async\" width=\"150\" height=\"150\" src=\"https:\/\/www.padreydecano.com\/cms\/wp-content\/uploads\/2017\/12\/IMG-20171209-WA0037-150x150.jpg\" class=\"attachment-thumbnail size-thumbnail\" alt=\"\" srcset=\"https:\/\/www.padreydecano.com\/cms\/wp-content\/uploads\/2017\/12\/IMG-20171209-WA0037-150x150.jpg 150w, https:\/\/www.padreydecano.com\/cms\/wp-content\/uploads\/2017\/12\/IMG-20171209-WA0037-36x36.jpg 36w\" sizes=\"(max-width: 150px) 100vw, 150px\" \/><\/a>\n\t\t\t<\/dt><\/dl><dl class='gallery-item'>\n\t\t\t<dt class='gallery-icon landscape'>\n\t\t\t\t<a href='https:\/\/www.padreydecano.com\/cms\/wp-content\/uploads\/2017\/12\/Christian_Adinolfi_Elecciones_Pe\u00f1arol_4.jpg' rel='shadowbox[sbalbum-65546];player=img;'><img loading=\"lazy\" decoding=\"async\" width=\"150\" height=\"150\" src=\"https:\/\/www.padreydecano.com\/cms\/wp-content\/uploads\/2017\/12\/Christian_Adinolfi_Elecciones_Pe\u00f1arol_4-150x150.jpg\" class=\"attachment-thumbnail size-thumbnail\" alt=\"\" srcset=\"https:\/\/www.padreydecano.com\/cms\/wp-content\/uploads\/2017\/12\/Christian_Adinolfi_Elecciones_Pe\u00f1arol_4-150x150.jpg 150w, https:\/\/www.padreydecano.com\/cms\/wp-content\/uploads\/2017\/12\/Christian_Adinolfi_Elecciones_Pe\u00f1arol_4-36x36.jpg 36w\" sizes=\"(max-width: 150px) 100vw, 150px\" \/><\/a>\n\t\t\t<\/dt><\/dl><dl class='gallery-item'>\n\t\t\t<dt class='gallery-icon landscape'>\n\t\t\t\t<a href='https:\/\/www.padreydecano.com\/cms\/wp-content\/uploads\/2017\/12\/Christian_Adinolfi_Elecciones_Pe\u00f1arol_3.jpg' rel='shadowbox[sbalbum-65546];player=img;'><img loading=\"lazy\" decoding=\"async\" width=\"150\" height=\"150\" src=\"https:\/\/www.padreydecano.com\/cms\/wp-content\/uploads\/2017\/12\/Christian_Adinolfi_Elecciones_Pe\u00f1arol_3-150x150.jpg\" class=\"attachment-thumbnail size-thumbnail\" alt=\"\" srcset=\"https:\/\/www.padreydecano.com\/cms\/wp-content\/uploads\/2017\/12\/Christian_Adinolfi_Elecciones_Pe\u00f1arol_3-150x150.jpg 150w, https:\/\/www.padreydecano.com\/cms\/wp-content\/uploads\/2017\/12\/Christian_Adinolfi_Elecciones_Pe\u00f1arol_3-36x36.jpg 36w\" sizes=\"(max-width: 150px) 100vw, 150px\" \/><\/a>\n\t\t\t<\/dt><\/dl><br style=\"clear: both\" \/><dl class='gallery-item'>\n\t\t\t<dt class='gallery-icon landscape'>\n\t\t\t\t<a href='https:\/\/www.padreydecano.com\/cms\/wp-content\/uploads\/2017\/12\/Christian_Adinolfi_Elecciones_Pe\u00f1arol_9.jpg' rel='shadowbox[sbalbum-65546];player=img;'><img loading=\"lazy\" decoding=\"async\" width=\"150\" height=\"150\" src=\"https:\/\/www.padreydecano.com\/cms\/wp-content\/uploads\/2017\/12\/Christian_Adinolfi_Elecciones_Pe\u00f1arol_9-150x150.jpg\" class=\"attachment-thumbnail size-thumbnail\" alt=\"\" srcset=\"https:\/\/www.padreydecano.com\/cms\/wp-content\/uploads\/2017\/12\/Christian_Adinolfi_Elecciones_Pe\u00f1arol_9-150x150.jpg 150w, https:\/\/www.padreydecano.com\/cms\/wp-content\/uploads\/2017\/12\/Christian_Adinolfi_Elecciones_Pe\u00f1arol_9-36x36.jpg 36w\" sizes=\"(max-width: 150px) 100vw, 150px\" \/><\/a>\n\t\t\t<\/dt><\/dl><dl class='gallery-item'>\n\t\t\t<dt class='gallery-icon landscape'>\n\t\t\t\t<a href='https:\/\/www.padreydecano.com\/cms\/wp-content\/uploads\/2017\/12\/Christian_Adinolfi_Elecciones_Pe\u00f1arol_13.jpg' rel='shadowbox[sbalbum-65546];player=img;'><img loading=\"lazy\" decoding=\"async\" width=\"150\" height=\"150\" src=\"https:\/\/www.padreydecano.com\/cms\/wp-content\/uploads\/2017\/12\/Christian_Adinolfi_Elecciones_Pe\u00f1arol_13-150x150.jpg\" class=\"attachment-thumbnail size-thumbnail\" alt=\"\" srcset=\"https:\/\/www.padreydecano.com\/cms\/wp-content\/uploads\/2017\/12\/Christian_Adinolfi_Elecciones_Pe\u00f1arol_13-150x150.jpg 150w, https:\/\/www.padreydecano.com\/cms\/wp-content\/uploads\/2017\/12\/Christian_Adinolfi_Elecciones_Pe\u00f1arol_13-36x36.jpg 36w\" sizes=\"(max-width: 150px) 100vw, 150px\" \/><\/a>\n\t\t\t<\/dt><\/dl><dl class='gallery-item'>\n\t\t\t<dt class='gallery-icon landscape'>\n\t\t\t\t<a href='https:\/\/www.padreydecano.com\/cms\/wp-content\/uploads\/2017\/12\/IMG-20171209-WA0070.jpg' rel='shadowbox[sbalbum-65546];player=img;'><img loading=\"lazy\" decoding=\"async\" width=\"150\" height=\"150\" src=\"https:\/\/www.padreydecano.com\/cms\/wp-content\/uploads\/2017\/12\/IMG-20171209-WA0070-150x150.jpg\" class=\"attachment-thumbnail size-thumbnail\" alt=\"\" srcset=\"https:\/\/www.padreydecano.com\/cms\/wp-content\/uploads\/2017\/12\/IMG-20171209-WA0070-150x150.jpg 150w, https:\/\/www.padreydecano.com\/cms\/wp-content\/uploads\/2017\/12\/IMG-20171209-WA0070-36x36.jpg 36w\" sizes=\"(max-width: 150px) 100vw, 150px\" \/><\/a>\n\t\t\t<\/dt><\/dl><br style=\"clear: both\" \/>\n\t\t<\/div>\n\n","protected":false},"excerpt":{"rendered":"<p>Clima agradable en la jornada electoral de Pe\u00f1arol. El calor del sol abraza a los socios que vienen al Palacio Cr. Gast\u00f3n Guelfi a elegir al sucesor de Juan Pedro Damiani luego de 3 ciclos consecutivos de mandato.\u00a0 Los candidatos pasean por las inmediaciones de la sede, conversan con los votantes y se toman fotos [&hellip;]<\/p>\n","protected":false},"author":13,"featured_media":65547,"comment_status":"open","ping_status":"closed","sticky":false,"template":"","format":"standard","meta":{"footnotes":""},"categories":[1],"tags":[325],"yoast_head":"<!-- This site is optimized with the Yoast SEO plugin v23.2 - https:\/\/yoast.com\/wordpress\/plugins\/seo\/ -->\n<title>Elecciones 2017: Buen ritmo de votantes en el Palacio Pe\u00f1arol - Padre y Decano - El Sitio del Pueblo<\/title>\n<meta name=\"robots\" content=\"index, follow, max-snippet:-1, max-image-preview:large, max-video-preview:-1\" \/>\n<link rel=\"canonical\" href=\"https:\/\/www.padreydecano.com\/cms\/noticias\/elecciones-2017-buen-ritmo-de-votantes-en-el-palacio-penarol\/\" \/>\n<meta property=\"og:locale\" content=\"es_ES\" \/>\n<meta property=\"og:type\" content=\"article\" \/>\n<meta property=\"og:title\" content=\"Elecciones 2017: Buen ritmo de votantes en el Palacio Pe\u00f1arol - Padre y Decano - El Sitio del Pueblo\" \/>\n<meta property=\"og:description\" content=\"Clima agradable en la jornada electoral de Pe\u00f1arol. El calor del sol abraza a los socios que vienen al Palacio Cr. Gast\u00f3n Guelfi a elegir al sucesor de Juan Pedro Damiani luego de 3 ciclos consecutivos de mandato.\u00a0 Los candidatos pasean por las inmediaciones de la sede, conversan con los votantes y se toman fotos [&hellip;]\" \/>\n<meta property=\"og:url\" content=\"https:\/\/www.padreydecano.com\/cms\/noticias\/elecciones-2017-buen-ritmo-de-votantes-en-el-palacio-penarol\/\" \/>\n<meta property=\"og:site_name\" content=\"Padre y Decano - El Sitio del Pueblo\" \/>\n<meta property=\"article:published_time\" content=\"2017-12-09T18:10:32+00:00\" \/>\n<meta property=\"article:modified_time\" content=\"2017-12-10T01:03:47+00:00\" \/>\n<meta property=\"og:image\" content=\"https:\/\/www.padreydecano.com\/cms\/wp-content\/uploads\/2017\/12\/IMG-20171209-WA0040.jpg\" \/>\n\t<meta property=\"og:image:width\" content=\"1599\" \/>\n\t<meta property=\"og:image:height\" content=\"1066\" \/>\n\t<meta property=\"og:image:type\" content=\"image\/jpeg\" \/>\n<meta name=\"author\" content=\"Moderador\" \/>\n<meta name=\"twitter:card\" content=\"summary_large_image\" \/>\n<meta name=\"twitter:label1\" content=\"Escrito por\" \/>\n\t<meta name=\"twitter:data1\" content=\"Moderador\" \/>\n\t<meta name=\"twitter:label2\" content=\"Tiempo de lectura\" \/>\n\t<meta name=\"twitter:data2\" content=\"1 minuto\" \/>\n<script type=\"application\/ld+json\" class=\"yoast-schema-graph\">{\"@context\":\"https:\/\/schema.org\",\"@graph\":[{\"@type\":\"Article\",\"@id\":\"https:\/\/www.padreydecano.com\/cms\/noticias\/elecciones-2017-buen-ritmo-de-votantes-en-el-palacio-penarol\/#article\",\"isPartOf\":{\"@id\":\"https:\/\/www.padreydecano.com\/cms\/noticias\/elecciones-2017-buen-ritmo-de-votantes-en-el-palacio-penarol\/\"},\"author\":{\"name\":\"Moderador\",\"@id\":\"https:\/\/www.padreydecano.com\/cms\/#\/schema\/person\/d93e9e537230ae052c194251d9a1def2\"},\"headline\":\"Elecciones 2017: Buen ritmo de votantes en el Palacio Pe\u00f1arol\",\"datePublished\":\"2017-12-09T18:10:32+00:00\",\"dateModified\":\"2017-12-10T01:03:47+00:00\",\"mainEntityOfPage\":{\"@id\":\"https:\/\/www.padreydecano.com\/cms\/noticias\/elecciones-2017-buen-ritmo-de-votantes-en-el-palacio-penarol\/\"},\"wordCount\":194,\"commentCount\":22,\"publisher\":{\"@id\":\"https:\/\/www.padreydecano.com\/cms\/#organization\"},\"image\":{\"@id\":\"https:\/\/www.padreydecano.com\/cms\/noticias\/elecciones-2017-buen-ritmo-de-votantes-en-el-palacio-penarol\/#primaryimage\"},\"thumbnailUrl\":\"https:\/\/www.padreydecano.com\/cms\/wp-content\/uploads\/2017\/12\/IMG-20171209-WA0040.jpg\",\"keywords\":[\"Elecciones 2017\"],\"articleSection\":[\"Noticias\"],\"inLanguage\":\"es\",\"potentialAction\":[{\"@type\":\"CommentAction\",\"name\":\"Comment\",\"target\":[\"https:\/\/www.padreydecano.com\/cms\/noticias\/elecciones-2017-buen-ritmo-de-votantes-en-el-palacio-penarol\/#respond\"]}]},{\"@type\":\"WebPage\",\"@id\":\"https:\/\/www.padreydecano.com\/cms\/noticias\/elecciones-2017-buen-ritmo-de-votantes-en-el-palacio-penarol\/\",\"url\":\"https:\/\/www.padreydecano.com\/cms\/noticias\/elecciones-2017-buen-ritmo-de-votantes-en-el-palacio-penarol\/\",\"name\":\"Elecciones 2017: Buen ritmo de votantes en el Palacio Pe\u00f1arol - Padre y Decano - El Sitio del Pueblo\",\"isPartOf\":{\"@id\":\"https:\/\/www.padreydecano.com\/cms\/#website\"},\"primaryImageOfPage\":{\"@id\":\"https:\/\/www.padreydecano.com\/cms\/noticias\/elecciones-2017-buen-ritmo-de-votantes-en-el-palacio-penarol\/#primaryimage\"},\"image\":{\"@id\":\"https:\/\/www.padreydecano.com\/cms\/noticias\/elecciones-2017-buen-ritmo-de-votantes-en-el-palacio-penarol\/#primaryimage\"},\"thumbnailUrl\":\"https:\/\/www.padreydecano.com\/cms\/wp-content\/uploads\/2017\/12\/IMG-20171209-WA0040.jpg\",\"datePublished\":\"2017-12-09T18:10:32+00:00\",\"dateModified\":\"2017-12-10T01:03:47+00:00\",\"breadcrumb\":{\"@id\":\"https:\/\/www.padreydecano.com\/cms\/noticias\/elecciones-2017-buen-ritmo-de-votantes-en-el-palacio-penarol\/#breadcrumb\"},\"inLanguage\":\"es\",\"potentialAction\":[{\"@type\":\"ReadAction\",\"target\":[\"https:\/\/www.padreydecano.com\/cms\/noticias\/elecciones-2017-buen-ritmo-de-votantes-en-el-palacio-penarol\/\"]}]},{\"@type\":\"ImageObject\",\"inLanguage\":\"es\",\"@id\":\"https:\/\/www.padreydecano.com\/cms\/noticias\/elecciones-2017-buen-ritmo-de-votantes-en-el-palacio-penarol\/#primaryimage\",\"url\":\"https:\/\/www.padreydecano.com\/cms\/wp-content\/uploads\/2017\/12\/IMG-20171209-WA0040.jpg\",\"contentUrl\":\"https:\/\/www.padreydecano.com\/cms\/wp-content\/uploads\/2017\/12\/IMG-20171209-WA0040.jpg\",\"width\":1599,\"height\":1066},{\"@type\":\"BreadcrumbList\",\"@id\":\"https:\/\/www.padreydecano.com\/cms\/noticias\/elecciones-2017-buen-ritmo-de-votantes-en-el-palacio-penarol\/#breadcrumb\",\"itemListElement\":[{\"@type\":\"ListItem\",\"position\":1,\"name\":\"Portada\",\"item\":\"https:\/\/www.padreydecano.com\/cms\/\"},{\"@type\":\"ListItem\",\"position\":2,\"name\":\"Elecciones 2017: Buen ritmo de votantes en el Palacio Pe\u00f1arol\"}]},{\"@type\":\"WebSite\",\"@id\":\"https:\/\/www.padreydecano.com\/cms\/#website\",\"url\":\"https:\/\/www.padreydecano.com\/cms\/\",\"name\":\"Padre y Decano - El Sitio del Pueblo\",\"description\":\"Club Atl\u00e9tico Pe\u00f1arol\",\"publisher\":{\"@id\":\"https:\/\/www.padreydecano.com\/cms\/#organization\"},\"potentialAction\":[{\"@type\":\"SearchAction\",\"target\":{\"@type\":\"EntryPoint\",\"urlTemplate\":\"https:\/\/www.padreydecano.com\/cms\/?s={search_term_string}\"},\"query-input\":\"required name=search_term_string\"}],\"inLanguage\":\"es\"},{\"@type\":\"Organization\",\"@id\":\"https:\/\/www.padreydecano.com\/cms\/#organization\",\"name\":\"Padre y Decano\",\"url\":\"https:\/\/www.padreydecano.com\/cms\/\",\"logo\":{\"@type\":\"ImageObject\",\"inLanguage\":\"es\",\"@id\":\"https:\/\/www.padreydecano.com\/cms\/#\/schema\/logo\/image\/\",\"url\":\"https:\/\/www.padreydecano.com\/cms\/wp-content\/uploads\/2022\/01\/avatar-square.png\",\"contentUrl\":\"https:\/\/www.padreydecano.com\/cms\/wp-content\/uploads\/2022\/01\/avatar-square.png\",\"width\":1500,\"height\":1500,\"caption\":\"Padre y Decano\"},\"image\":{\"@id\":\"https:\/\/www.padreydecano.com\/cms\/#\/schema\/logo\/image\/\"}},{\"@type\":\"Person\",\"@id\":\"https:\/\/www.padreydecano.com\/cms\/#\/schema\/person\/d93e9e537230ae052c194251d9a1def2\",\"name\":\"Moderador\",\"image\":{\"@type\":\"ImageObject\",\"inLanguage\":\"es\",\"@id\":\"https:\/\/www.padreydecano.com\/cms\/#\/schema\/person\/image\/\",\"url\":\"https:\/\/secure.gravatar.com\/avatar\/2587727bf8a53bd3da4ec49f01bea66e?s=96&d=https%3A%2F%2Fpadreydecano.com%2Fcms%2Fwp-content%2Fthemes%2Fpyd-theme%2Fimg%2Fdefault-avatar.png&r=g\",\"contentUrl\":\"https:\/\/secure.gravatar.com\/avatar\/2587727bf8a53bd3da4ec49f01bea66e?s=96&d=https%3A%2F%2Fpadreydecano.com%2Fcms%2Fwp-content%2Fthemes%2Fpyd-theme%2Fimg%2Fdefault-avatar.png&r=g\",\"caption\":\"Moderador\"}}]}<\/script>\n<!-- \/ Yoast SEO plugin. -->","yoast_head_json":{"title":"Elecciones 2017: Buen ritmo de votantes en el Palacio Pe\u00f1arol - Padre y Decano - El Sitio del Pueblo","robots":{"index":"index","follow":"follow","max-snippet":"max-snippet:-1","max-image-preview":"max-image-preview:large","max-video-preview":"max-video-preview:-1"},"canonical":"https:\/\/www.padreydecano.com\/cms\/noticias\/elecciones-2017-buen-ritmo-de-votantes-en-el-palacio-penarol\/","og_locale":"es_ES","og_type":"article","og_title":"Elecciones 2017: Buen ritmo de votantes en el Palacio Pe\u00f1arol - Padre y Decano - El Sitio del Pueblo","og_description":"Clima agradable en la jornada electoral de Pe\u00f1arol. El calor del sol abraza a los socios que vienen al Palacio Cr. Gast\u00f3n Guelfi a elegir al sucesor de Juan Pedro Damiani luego de 3 ciclos consecutivos de mandato.\u00a0 Los candidatos pasean por las inmediaciones de la sede, conversan con los votantes y se toman fotos [&hellip;]","og_url":"https:\/\/www.padreydecano.com\/cms\/noticias\/elecciones-2017-buen-ritmo-de-votantes-en-el-palacio-penarol\/","og_site_name":"Padre y Decano - El Sitio del Pueblo","article_published_time":"2017-12-09T18:10:32+00:00","article_modified_time":"2017-12-10T01:03:47+00:00","og_image":[{"width":1599,"height":1066,"url":"https:\/\/www.padreydecano.com\/cms\/wp-content\/uploads\/2017\/12\/IMG-20171209-WA0040.jpg","type":"image\/jpeg"}],"author":"Moderador","twitter_card":"summary_large_image","twitter_misc":{"Escrito por":"Moderador","Tiempo de lectura":"1 minuto"},"schema":{"@context":"https:\/\/schema.org","@graph":[{"@type":"Article","@id":"https:\/\/www.padreydecano.com\/cms\/noticias\/elecciones-2017-buen-ritmo-de-votantes-en-el-palacio-penarol\/#article","isPartOf":{"@id":"https:\/\/www.padreydecano.com\/cms\/noticias\/elecciones-2017-buen-ritmo-de-votantes-en-el-palacio-penarol\/"},"author":{"name":"Moderador","@id":"https:\/\/www.padreydecano.com\/cms\/#\/schema\/person\/d93e9e537230ae052c194251d9a1def2"},"headline":"Elecciones 2017: Buen ritmo de votantes en el Palacio Pe\u00f1arol","datePublished":"2017-12-09T18:10:32+00:00","dateModified":"2017-12-10T01:03:47+00:00","mainEntityOfPage":{"@id":"https:\/\/www.padreydecano.com\/cms\/noticias\/elecciones-2017-buen-ritmo-de-votantes-en-el-palacio-penarol\/"},"wordCount":194,"commentCount":22,"publisher":{"@id":"https:\/\/www.padreydecano.com\/cms\/#organization"},"image":{"@id":"https:\/\/www.padreydecano.com\/cms\/noticias\/elecciones-2017-buen-ritmo-de-votantes-en-el-palacio-penarol\/#primaryimage"},"thumbnailUrl":"https:\/\/www.padreydecano.com\/cms\/wp-content\/uploads\/2017\/12\/IMG-20171209-WA0040.jpg","keywords":["Elecciones 2017"],"articleSection":["Noticias"],"inLanguage":"es","potentialAction":[{"@type":"CommentAction","name":"Comment","target":["https:\/\/www.padreydecano.com\/cms\/noticias\/elecciones-2017-buen-ritmo-de-votantes-en-el-palacio-penarol\/#respond"]}]},{"@type":"WebPage","@id":"https:\/\/www.padreydecano.com\/cms\/noticias\/elecciones-2017-buen-ritmo-de-votantes-en-el-palacio-penarol\/","url":"https:\/\/www.padreydecano.com\/cms\/noticias\/elecciones-2017-buen-ritmo-de-votantes-en-el-palacio-penarol\/","name":"Elecciones 2017: Buen ritmo de votantes en el Palacio Pe\u00f1arol - Padre y Decano - El Sitio del Pueblo","isPartOf":{"@id":"https:\/\/www.padreydecano.com\/cms\/#website"},"primaryImageOfPage":{"@id":"https:\/\/www.padreydecano.com\/cms\/noticias\/elecciones-2017-buen-ritmo-de-votantes-en-el-palacio-penarol\/#primaryimage"},"image":{"@id":"https:\/\/www.padreydecano.com\/cms\/noticias\/elecciones-2017-buen-ritmo-de-votantes-en-el-palacio-penarol\/#primaryimage"},"thumbnailUrl":"https:\/\/www.padreydecano.com\/cms\/wp-content\/uploads\/2017\/12\/IMG-20171209-WA0040.jpg","datePublished":"2017-12-09T18:10:32+00:00","dateModified":"2017-12-10T01:03:47+00:00","breadcrumb":{"@id":"https:\/\/www.padreydecano.com\/cms\/noticias\/elecciones-2017-buen-ritmo-de-votantes-en-el-palacio-penarol\/#breadcrumb"},"inLanguage":"es","potentialAction":[{"@type":"ReadAction","target":["https:\/\/www.padreydecano.com\/cms\/noticias\/elecciones-2017-buen-ritmo-de-votantes-en-el-palacio-penarol\/"]}]},{"@type":"ImageObject","inLanguage":"es","@id":"https:\/\/www.padreydecano.com\/cms\/noticias\/elecciones-2017-buen-ritmo-de-votantes-en-el-palacio-penarol\/#primaryimage","url":"https:\/\/www.padreydecano.com\/cms\/wp-content\/uploads\/2017\/12\/IMG-20171209-WA0040.jpg","contentUrl":"https:\/\/www.padreydecano.com\/cms\/wp-content\/uploads\/2017\/12\/IMG-20171209-WA0040.jpg","width":1599,"height":1066},{"@type":"BreadcrumbList","@id":"https:\/\/www.padreydecano.com\/cms\/noticias\/elecciones-2017-buen-ritmo-de-votantes-en-el-palacio-penarol\/#breadcrumb","itemListElement":[{"@type":"ListItem","position":1,"name":"Portada","item":"https:\/\/www.padreydecano.com\/cms\/"},{"@type":"ListItem","position":2,"name":"Elecciones 2017: Buen ritmo de votantes en el Palacio Pe\u00f1arol"}]},{"@type":"WebSite","@id":"https:\/\/www.padreydecano.com\/cms\/#website","url":"https:\/\/www.padreydecano.com\/cms\/","name":"Padre y Decano - El Sitio del Pueblo","description":"Club Atl\u00e9tico Pe\u00f1arol","publisher":{"@id":"https:\/\/www.padreydecano.com\/cms\/#organization"},"potentialAction":[{"@type":"SearchAction","target":{"@type":"EntryPoint","urlTemplate":"https:\/\/www.padreydecano.com\/cms\/?s={search_term_string}"},"query-input":"required name=search_term_string"}],"inLanguage":"es"},{"@type":"Organization","@id":"https:\/\/www.padreydecano.com\/cms\/#organization","name":"Padre y Decano","url":"https:\/\/www.padreydecano.com\/cms\/","logo":{"@type":"ImageObject","inLanguage":"es","@id":"https:\/\/www.padreydecano.com\/cms\/#\/schema\/logo\/image\/","url":"https:\/\/www.padreydecano.com\/cms\/wp-content\/uploads\/2022\/01\/avatar-square.png","contentUrl":"https:\/\/www.padreydecano.com\/cms\/wp-content\/uploads\/2022\/01\/avatar-square.png","width":1500,"height":1500,"caption":"Padre y Decano"},"image":{"@id":"https:\/\/www.padreydecano.com\/cms\/#\/schema\/logo\/image\/"}},{"@type":"Person","@id":"https:\/\/www.padreydecano.com\/cms\/#\/schema\/person\/d93e9e537230ae052c194251d9a1def2","name":"Moderador","image":{"@type":"ImageObject","inLanguage":"es","@id":"https:\/\/www.padreydecano.com\/cms\/#\/schema\/person\/image\/","url":"https:\/\/secure.gravatar.com\/avatar\/2587727bf8a53bd3da4ec49f01bea66e?s=96&d=https%3A%2F%2Fpadreydecano.com%2Fcms%2Fwp-content%2Fthemes%2Fpyd-theme%2Fimg%2Fdefault-avatar.png&r=g","contentUrl":"https:\/\/secure.gravatar.com\/avatar\/2587727bf8a53bd3da4ec49f01bea66e?s=96&d=https%3A%2F%2Fpadreydecano.com%2Fcms%2Fwp-content%2Fthemes%2Fpyd-theme%2Fimg%2Fdefault-avatar.png&r=g","caption":"Moderador"}}]}},"_links":{"self":[{"href":"https:\/\/www.padreydecano.com\/cms\/wp-json\/wp\/v2\/posts\/65546"}],"collection":[{"href":"https:\/\/www.padreydecano.com\/cms\/wp-json\/wp\/v2\/posts"}],"about":[{"href":"https:\/\/www.padreydecano.com\/cms\/wp-json\/wp\/v2\/types\/post"}],"author":[{"embeddable":true,"href":"https:\/\/www.padreydecano.com\/cms\/wp-json\/wp\/v2\/users\/13"}],"replies":[{"embeddable":true,"href":"https:\/\/www.padreydecano.com\/cms\/wp-json\/wp\/v2\/comments?post=65546"}],"version-history":[{"count":0,"href":"https:\/\/www.padreydecano.com\/cms\/wp-json\/wp\/v2\/posts\/65546\/revisions"}],"wp:featuredmedia":[{"embeddable":true,"href":"https:\/\/www.padreydecano.com\/cms\/wp-json\/wp\/v2\/media\/65547"}],"wp:attachment":[{"href":"https:\/\/www.padreydecano.com\/cms\/wp-json\/wp\/v2\/media?parent=65546"}],"wp:term":[{"taxonomy":"category","embeddable":true,"href":"https:\/\/www.padreydecano.com\/cms\/wp-json\/wp\/v2\/categories?post=65546"},{"taxonomy":"post_tag","embeddable":true,"href":"https:\/\/www.padreydecano.com\/cms\/wp-json\/wp\/v2\/tags?post=65546"}],"curies":[{"name":"wp","href":"https:\/\/api.w.org\/{rel}","templated":true}]}}