{"id":65395,"date":"2017-11-27T13:40:00","date_gmt":"2017-11-27T16:40:00","guid":{"rendered":"http:\/\/www.padreydecano.com\/cms\/?p=65395"},"modified":"2017-11-27T13:46:14","modified_gmt":"2017-11-27T16:46:14","slug":"femenino-penarol-campeon-en-sub-19-y-tabla-anual-en-mayores","status":"publish","type":"post","link":"https:\/\/www.padreydecano.com\/cms\/otras-disciplinas\/femenino-penarol-campeon-en-sub-19-y-tabla-anual-en-mayores\/","title":{"rendered":"Femenino: Pe\u00f1arol campe\u00f3n en Sub 19 y Tabla Anual en mayores"},"content":{"rendered":"<p style=\"text-align: justify;\">El f\u00fatbol femenino de Pe\u00f1arol sigue dando alegr\u00edas y d\u00eda a d\u00eda crece m\u00e1s en nuestra instituci\u00f3n. Por un lado, <strong>la Sub 19 empat\u00f3 1 a 1 con Liverpool y se consagr\u00f3 campe\u00f3n de la Copa de Oro, <\/strong>mientras que en mayores <strong>ganamos el cl\u00e1sico 1 a 0 y nos quedamos con la Tabla Anual.<\/strong><\/p>\n<p style=\"text-align: justify;\">El domingo por la ma\u00f1ana en el Estadio Abraham Paladino (cancha de Progreso), las chicas de Pe\u00f1arol derrotaron a Nacional con un golazo de afuera del \u00e1rea de Carolina Rodr\u00edguez al minuto 32&#8242; del primer tiempo y obtuvieron la Tabla Anual<\/p>\n<p style=\"text-align: justify;\">El Carbonero form\u00f3 con Sof\u00eda Olivera en el arco; Stefany Su\u00e1rez, Florencia Vicente, Fatima\u00a0 Rivero, Ver\u00f3nica Legelen en la defensa; Carolina Rodr\u00edguez, Micaella Fitipaldi, Jemida Rolfo, Bel\u00e9n Yuvet en el mediocampo; y adelante las mellizas Lourdes y Enfrith Viana.<\/p>\n<p><a href=\"https:\/\/www.padreydecano.com\/cms\/wp-content\/uploads\/2017\/11\/futbol-femenino-tabla-anual-2017.jpg\" rel=\"shadowbox[sbpost-65395];player=img;\"><img loading=\"lazy\" decoding=\"async\" class=\"aligncenter size-large wp-image-65396\" src=\"https:\/\/www.padreydecano.com\/cms\/wp-content\/uploads\/2017\/11\/futbol-femenino-tabla-anual-2017-1024x768.jpg\" alt=\"\" width=\"620\" height=\"465\" srcset=\"https:\/\/www.padreydecano.com\/cms\/wp-content\/uploads\/2017\/11\/futbol-femenino-tabla-anual-2017-1024x768.jpg 1024w, https:\/\/www.padreydecano.com\/cms\/wp-content\/uploads\/2017\/11\/futbol-femenino-tabla-anual-2017-600x450.jpg 600w, https:\/\/www.padreydecano.com\/cms\/wp-content\/uploads\/2017\/11\/futbol-femenino-tabla-anual-2017-768x576.jpg 768w, https:\/\/www.padreydecano.com\/cms\/wp-content\/uploads\/2017\/11\/futbol-femenino-tabla-anual-2017.jpg 1600w\" sizes=\"(max-width: 620px) 100vw, 620px\" \/><\/a><\/p>\n<p style=\"text-align: justify;\">En el minuto 81&#8242; Daniel Mart\u00ednez produjo el \u00fanico cambio de Pe\u00f1arol en el partido: Lourdes Viana por Denisse Dufau.<\/p>\n<p style=\"text-align: justify;\">El cl\u00e1sico fue el primer partido del cuadrangular final entre Pe\u00f1arol, Nacional, River y Col\u00f3n en el Clausura. Si Pe\u00f1arol lo conquista, ser\u00e1 el campe\u00f3n uruguayo. Si otro equipo lo obtiene, habr\u00e1 definici\u00f3n ante Pe\u00f1arol, donde el carbonero corre con ventaja por haber obtenido el Apertura y Tabla Anual.<\/p>\n<p style=\"text-align: justify;\">Las Pe\u00f1as de Centro (Obdulio Varela) y Sayago (Alberto Spencer) se hicieron presentes en el Paladino para alentar a las &#8216;Leonas&#8217; junto a varios aurinegros.<\/p>\n<p style=\"text-align: justify;\">Desde Padre y Decano felicitamos a plantel, cuerpo t\u00e9cnico, dirigentes y colaboradores por el enorme trabajo que hacen d\u00eda a d\u00eda para que el F\u00fatbol Femenino de Pe\u00f1arol siga creciendo a pasos agigantados y representen al club en gran nivel.<\/p>\n<div align=\"center\">\n<blockquote class=\"twitter-tweet\" data-lang=\"es\">\n<p dir=\"ltr\" lang=\"es\"><a href=\"https:\/\/twitter.com\/hashtag\/Sub19?src=hash&amp;ref_src=twsrc%5Etfw\">#Sub19<\/a> <a href=\"https:\/\/twitter.com\/hashtag\/CopadeOro?src=hash&amp;ref_src=twsrc%5Etfw\">#CopadeOro<\/a> \u27a1\ufe0f Final final final Campeonas con Pe\u00f1arol!!!! , <a href=\"https:\/\/twitter.com\/OficialCAP?ref_src=twsrc%5Etfw\">@OficialCAP<\/a> 1, Liverpool 1 <a href=\"https:\/\/t.co\/abMzHeonY4\">pic.twitter.com\/abMzHeonY4<\/a><\/p>\n<p>\u2014 CAP Femenino (@FemeninoCAP) <a href=\"https:\/\/twitter.com\/FemeninoCAP\/status\/934533943545745414?ref_src=twsrc%5Etfw\">25 de noviembre de 2017<\/a><\/p><\/blockquote>\n<p><script async src=\"https:\/\/platform.twitter.com\/widgets.js\" charset=\"utf-8\"><\/script><\/p>\n<blockquote class=\"twitter-tweet\" data-lang=\"es\">\n<p dir=\"ltr\" lang=\"es\">Vinimos a salir campeonas y as\u00ed se nos dio, le tapamos la boca a much\u00edsimas personas y la felicidad que tengo es impresionante <a href=\"https:\/\/t.co\/nJlmeJz2KI\">pic.twitter.com\/nJlmeJz2KI<\/a><\/p>\n<p>\u2014 \u0455\u03b1\u0455\u043da #8 (@sashuu08) <a href=\"https:\/\/twitter.com\/sashuu08\/status\/934544042649677826?ref_src=twsrc%5Etfw\">25 de noviembre de 2017<\/a><\/p><\/blockquote>\n<p><script async src=\"https:\/\/platform.twitter.com\/widgets.js\" charset=\"utf-8\"><\/script><\/p>\n<blockquote class=\"twitter-tweet\" data-lang=\"es\">\n<p dir=\"ltr\" lang=\"es\">Si esto no es lo mejor vengo otro d\u00eda \ud83d\ude0d\ud83d\ude0d\ud83d\ude0d\ud83d\udda4\ud83d\udc9b\ud83d\udda4\ud83d\udc9bDALE CAMPE\u00d3N \ud83d\udc9b\ud83d\udda4\ud83c\udfc6\ud83c\udfc6\ud83c\udfc6 <a href=\"https:\/\/t.co\/d4gGNnjf4B\">pic.twitter.com\/d4gGNnjf4B<\/a><\/p>\n<p>\u2014 Saiaa #22 (@PacificoSaia) <a href=\"https:\/\/twitter.com\/PacificoSaia\/status\/934560748214411264?ref_src=twsrc%5Etfw\">25 de noviembre de 2017<\/a><\/p><\/blockquote>\n<p><script async src=\"https:\/\/platform.twitter.com\/widgets.js\" charset=\"utf-8\"><\/script><\/p>\n<blockquote class=\"twitter-tweet\" data-lang=\"es\">\n<p dir=\"ltr\" lang=\"es\">Un cl\u00e1sico m\u00e1s en casa! La tabla anual tambi\u00e9n en casa! Vamos banda! Con m\u00e1s ganas que nuncaaa\ud83d\udda4\ud83d\udc9b\ud83d\udcaa\ud83c\udffc<\/p>\n<p>\u2014 Jeemi Rolfo #14 (@JemiiRolfo) <a href=\"https:\/\/twitter.com\/JemiiRolfo\/status\/934810819468152832?ref_src=twsrc%5Etfw\">26 de noviembre de 2017<\/a><\/p><\/blockquote>\n<p><script async src=\"https:\/\/platform.twitter.com\/widgets.js\" charset=\"utf-8\"><\/script><\/p>\n<blockquote class=\"twitter-tweet\" data-lang=\"es\">\n<p dir=\"ltr\" lang=\"es\">Fin de semana completitooo \ud83d\ude4c\ud83d\ude4c campeonas en sub19 y campeonas de la tabla anual \ud83d\ude4c<a href=\"https:\/\/twitter.com\/hashtag\/Pe%C3%B1arolPe%C3%B1arol?src=hash&amp;ref_src=twsrc%5Etfw\">#Pe\u00f1arolPe\u00f1arol<\/a> \ud83d\udc9b\u2665<a href=\"https:\/\/twitter.com\/hashtag\/GraciasPibas?src=hash&amp;ref_src=twsrc%5Etfw\">#GraciasPibas<\/a><\/p>\n<p>\u2014 Daiana Farias (@daianafarias1) <a href=\"https:\/\/twitter.com\/daianafarias1\/status\/934812820734140416?ref_src=twsrc%5Etfw\">26 de noviembre de 2017<\/a><\/p><\/blockquote>\n<p><script async src=\"https:\/\/platform.twitter.com\/widgets.js\" charset=\"utf-8\"><\/script><\/p>\n<blockquote class=\"twitter-tweet\" data-lang=\"es\">\n<p dir=\"ltr\" lang=\"es\">Ayer campeona la sub19 femenina de la Copa de Oro y campe\u00f3n del clausura la primera del masculino. Hoy cl\u00e1sico en dos colores y con anual incluida, TREMENDO finde carbonero!!! \ud83d\udc9b\ud83d\udda4\ud83d\udc9b\ud83d\udda4<\/p>\n<p>\u2014 oveja\u26bd\ud83e\udd18\ud83c\udffd (@ovejalvp6) <a href=\"https:\/\/twitter.com\/ovejalvp6\/status\/934816373322207232?ref_src=twsrc%5Etfw\">26 de noviembre de 2017<\/a><\/p><\/blockquote>\n<p><script async src=\"https:\/\/platform.twitter.com\/widgets.js\" charset=\"utf-8\"><\/script><\/p>\n<\/div>\n","protected":false},"excerpt":{"rendered":"<p>El f\u00fatbol femenino de Pe\u00f1arol sigue dando alegr\u00edas y d\u00eda a d\u00eda crece m\u00e1s en nuestra instituci\u00f3n. Por un lado, la Sub 19 empat\u00f3 1 a 1 con Liverpool y se consagr\u00f3 campe\u00f3n de la Copa de Oro, mientras que en mayores ganamos el cl\u00e1sico 1 a 0 y nos quedamos con la Tabla Anual. [&hellip;]<\/p>\n","protected":false},"author":13,"featured_media":65402,"comment_status":"open","ping_status":"closed","sticky":false,"template":"","format":"standard","meta":{"footnotes":""},"categories":[27],"tags":[97],"yoast_head":"<!-- This site is optimized with the Yoast SEO plugin v23.2 - https:\/\/yoast.com\/wordpress\/plugins\/seo\/ -->\n<title>Femenino: Pe\u00f1arol campe\u00f3n en Sub 19 y Tabla Anual en mayores - Padre y Decano - El Sitio del Pueblo<\/title>\n<meta name=\"robots\" content=\"index, follow, max-snippet:-1, max-image-preview:large, max-video-preview:-1\" \/>\n<link rel=\"canonical\" href=\"https:\/\/www.padreydecano.com\/cms\/otras-disciplinas\/femenino-penarol-campeon-en-sub-19-y-tabla-anual-en-mayores\/\" \/>\n<meta property=\"og:locale\" content=\"es_ES\" \/>\n<meta property=\"og:type\" content=\"article\" \/>\n<meta property=\"og:title\" content=\"Femenino: Pe\u00f1arol campe\u00f3n en Sub 19 y Tabla Anual en mayores - Padre y Decano - El Sitio del Pueblo\" \/>\n<meta property=\"og:description\" content=\"El f\u00fatbol femenino de Pe\u00f1arol sigue dando alegr\u00edas y d\u00eda a d\u00eda crece m\u00e1s en nuestra instituci\u00f3n. Por un lado, la Sub 19 empat\u00f3 1 a 1 con Liverpool y se consagr\u00f3 campe\u00f3n de la Copa de Oro, mientras que en mayores ganamos el cl\u00e1sico 1 a 0 y nos quedamos con la Tabla Anual. [&hellip;]\" \/>\n<meta property=\"og:url\" content=\"https:\/\/www.padreydecano.com\/cms\/otras-disciplinas\/femenino-penarol-campeon-en-sub-19-y-tabla-anual-en-mayores\/\" \/>\n<meta property=\"og:site_name\" content=\"Padre y Decano - El Sitio del Pueblo\" \/>\n<meta property=\"article:published_time\" content=\"2017-11-27T16:40:00+00:00\" \/>\n<meta property=\"article:modified_time\" content=\"2017-11-27T16:46:14+00:00\" \/>\n<meta property=\"og:image\" content=\"https:\/\/www.padreydecano.com\/cms\/wp-content\/uploads\/2017\/11\/femenino-campeon-anual-2017.jpg\" \/>\n\t<meta property=\"og:image:width\" content=\"654\" \/>\n\t<meta property=\"og:image:height\" content=\"462\" \/>\n\t<meta property=\"og:image:type\" content=\"image\/jpeg\" \/>\n<meta name=\"author\" content=\"Moderador\" \/>\n<meta name=\"twitter:card\" content=\"summary_large_image\" \/>\n<meta name=\"twitter:label1\" content=\"Escrito por\" \/>\n\t<meta name=\"twitter:data1\" content=\"Moderador\" \/>\n\t<meta name=\"twitter:label2\" content=\"Tiempo de lectura\" \/>\n\t<meta name=\"twitter:data2\" content=\"2 minutos\" \/>\n<script type=\"application\/ld+json\" class=\"yoast-schema-graph\">{\"@context\":\"https:\/\/schema.org\",\"@graph\":[{\"@type\":\"Article\",\"@id\":\"https:\/\/www.padreydecano.com\/cms\/otras-disciplinas\/femenino-penarol-campeon-en-sub-19-y-tabla-anual-en-mayores\/#article\",\"isPartOf\":{\"@id\":\"https:\/\/www.padreydecano.com\/cms\/otras-disciplinas\/femenino-penarol-campeon-en-sub-19-y-tabla-anual-en-mayores\/\"},\"author\":{\"name\":\"Moderador\",\"@id\":\"https:\/\/www.padreydecano.com\/cms\/#\/schema\/person\/d93e9e537230ae052c194251d9a1def2\"},\"headline\":\"Femenino: Pe\u00f1arol campe\u00f3n en Sub 19 y Tabla Anual en mayores\",\"datePublished\":\"2017-11-27T16:40:00+00:00\",\"dateModified\":\"2017-11-27T16:46:14+00:00\",\"mainEntityOfPage\":{\"@id\":\"https:\/\/www.padreydecano.com\/cms\/otras-disciplinas\/femenino-penarol-campeon-en-sub-19-y-tabla-anual-en-mayores\/\"},\"wordCount\":502,\"commentCount\":6,\"publisher\":{\"@id\":\"https:\/\/www.padreydecano.com\/cms\/#organization\"},\"image\":{\"@id\":\"https:\/\/www.padreydecano.com\/cms\/otras-disciplinas\/femenino-penarol-campeon-en-sub-19-y-tabla-anual-en-mayores\/#primaryimage\"},\"thumbnailUrl\":\"https:\/\/www.padreydecano.com\/cms\/wp-content\/uploads\/2017\/11\/femenino-campeon-anual-2017.jpg\",\"keywords\":[\"F\u00fatbol Femenino\"],\"articleSection\":[\"Otras disciplinas\"],\"inLanguage\":\"es\",\"potentialAction\":[{\"@type\":\"CommentAction\",\"name\":\"Comment\",\"target\":[\"https:\/\/www.padreydecano.com\/cms\/otras-disciplinas\/femenino-penarol-campeon-en-sub-19-y-tabla-anual-en-mayores\/#respond\"]}]},{\"@type\":\"WebPage\",\"@id\":\"https:\/\/www.padreydecano.com\/cms\/otras-disciplinas\/femenino-penarol-campeon-en-sub-19-y-tabla-anual-en-mayores\/\",\"url\":\"https:\/\/www.padreydecano.com\/cms\/otras-disciplinas\/femenino-penarol-campeon-en-sub-19-y-tabla-anual-en-mayores\/\",\"name\":\"Femenino: Pe\u00f1arol campe\u00f3n en Sub 19 y Tabla Anual en mayores - Padre y Decano - El Sitio del Pueblo\",\"isPartOf\":{\"@id\":\"https:\/\/www.padreydecano.com\/cms\/#website\"},\"primaryImageOfPage\":{\"@id\":\"https:\/\/www.padreydecano.com\/cms\/otras-disciplinas\/femenino-penarol-campeon-en-sub-19-y-tabla-anual-en-mayores\/#primaryimage\"},\"image\":{\"@id\":\"https:\/\/www.padreydecano.com\/cms\/otras-disciplinas\/femenino-penarol-campeon-en-sub-19-y-tabla-anual-en-mayores\/#primaryimage\"},\"thumbnailUrl\":\"https:\/\/www.padreydecano.com\/cms\/wp-content\/uploads\/2017\/11\/femenino-campeon-anual-2017.jpg\",\"datePublished\":\"2017-11-27T16:40:00+00:00\",\"dateModified\":\"2017-11-27T16:46:14+00:00\",\"breadcrumb\":{\"@id\":\"https:\/\/www.padreydecano.com\/cms\/otras-disciplinas\/femenino-penarol-campeon-en-sub-19-y-tabla-anual-en-mayores\/#breadcrumb\"},\"inLanguage\":\"es\",\"potentialAction\":[{\"@type\":\"ReadAction\",\"target\":[\"https:\/\/www.padreydecano.com\/cms\/otras-disciplinas\/femenino-penarol-campeon-en-sub-19-y-tabla-anual-en-mayores\/\"]}]},{\"@type\":\"ImageObject\",\"inLanguage\":\"es\",\"@id\":\"https:\/\/www.padreydecano.com\/cms\/otras-disciplinas\/femenino-penarol-campeon-en-sub-19-y-tabla-anual-en-mayores\/#primaryimage\",\"url\":\"https:\/\/www.padreydecano.com\/cms\/wp-content\/uploads\/2017\/11\/femenino-campeon-anual-2017.jpg\",\"contentUrl\":\"https:\/\/www.padreydecano.com\/cms\/wp-content\/uploads\/2017\/11\/femenino-campeon-anual-2017.jpg\",\"width\":654,\"height\":462},{\"@type\":\"BreadcrumbList\",\"@id\":\"https:\/\/www.padreydecano.com\/cms\/otras-disciplinas\/femenino-penarol-campeon-en-sub-19-y-tabla-anual-en-mayores\/#breadcrumb\",\"itemListElement\":[{\"@type\":\"ListItem\",\"position\":1,\"name\":\"Portada\",\"item\":\"https:\/\/www.padreydecano.com\/cms\/\"},{\"@type\":\"ListItem\",\"position\":2,\"name\":\"Femenino: Pe\u00f1arol campe\u00f3n en Sub 19 y Tabla Anual en mayores\"}]},{\"@type\":\"WebSite\",\"@id\":\"https:\/\/www.padreydecano.com\/cms\/#website\",\"url\":\"https:\/\/www.padreydecano.com\/cms\/\",\"name\":\"Padre y Decano - El Sitio del Pueblo\",\"description\":\"Club Atl\u00e9tico Pe\u00f1arol\",\"publisher\":{\"@id\":\"https:\/\/www.padreydecano.com\/cms\/#organization\"},\"potentialAction\":[{\"@type\":\"SearchAction\",\"target\":{\"@type\":\"EntryPoint\",\"urlTemplate\":\"https:\/\/www.padreydecano.com\/cms\/?s={search_term_string}\"},\"query-input\":\"required name=search_term_string\"}],\"inLanguage\":\"es\"},{\"@type\":\"Organization\",\"@id\":\"https:\/\/www.padreydecano.com\/cms\/#organization\",\"name\":\"Padre y Decano\",\"url\":\"https:\/\/www.padreydecano.com\/cms\/\",\"logo\":{\"@type\":\"ImageObject\",\"inLanguage\":\"es\",\"@id\":\"https:\/\/www.padreydecano.com\/cms\/#\/schema\/logo\/image\/\",\"url\":\"https:\/\/www.padreydecano.com\/cms\/wp-content\/uploads\/2022\/01\/avatar-square.png\",\"contentUrl\":\"https:\/\/www.padreydecano.com\/cms\/wp-content\/uploads\/2022\/01\/avatar-square.png\",\"width\":1500,\"height\":1500,\"caption\":\"Padre y Decano\"},\"image\":{\"@id\":\"https:\/\/www.padreydecano.com\/cms\/#\/schema\/logo\/image\/\"}},{\"@type\":\"Person\",\"@id\":\"https:\/\/www.padreydecano.com\/cms\/#\/schema\/person\/d93e9e537230ae052c194251d9a1def2\",\"name\":\"Moderador\",\"image\":{\"@type\":\"ImageObject\",\"inLanguage\":\"es\",\"@id\":\"https:\/\/www.padreydecano.com\/cms\/#\/schema\/person\/image\/\",\"url\":\"https:\/\/secure.gravatar.com\/avatar\/2587727bf8a53bd3da4ec49f01bea66e?s=96&d=https%3A%2F%2Fpadreydecano.com%2Fcms%2Fwp-content%2Fthemes%2Fpyd-theme%2Fimg%2Fdefault-avatar.png&r=g\",\"contentUrl\":\"https:\/\/secure.gravatar.com\/avatar\/2587727bf8a53bd3da4ec49f01bea66e?s=96&d=https%3A%2F%2Fpadreydecano.com%2Fcms%2Fwp-content%2Fthemes%2Fpyd-theme%2Fimg%2Fdefault-avatar.png&r=g\",\"caption\":\"Moderador\"}}]}<\/script>\n<!-- \/ Yoast SEO plugin. -->","yoast_head_json":{"title":"Femenino: Pe\u00f1arol campe\u00f3n en Sub 19 y Tabla Anual en mayores - Padre y Decano - El Sitio del Pueblo","robots":{"index":"index","follow":"follow","max-snippet":"max-snippet:-1","max-image-preview":"max-image-preview:large","max-video-preview":"max-video-preview:-1"},"canonical":"https:\/\/www.padreydecano.com\/cms\/otras-disciplinas\/femenino-penarol-campeon-en-sub-19-y-tabla-anual-en-mayores\/","og_locale":"es_ES","og_type":"article","og_title":"Femenino: Pe\u00f1arol campe\u00f3n en Sub 19 y Tabla Anual en mayores - Padre y Decano - El Sitio del Pueblo","og_description":"El f\u00fatbol femenino de Pe\u00f1arol sigue dando alegr\u00edas y d\u00eda a d\u00eda crece m\u00e1s en nuestra instituci\u00f3n. Por un lado, la Sub 19 empat\u00f3 1 a 1 con Liverpool y se consagr\u00f3 campe\u00f3n de la Copa de Oro, mientras que en mayores ganamos el cl\u00e1sico 1 a 0 y nos quedamos con la Tabla Anual. [&hellip;]","og_url":"https:\/\/www.padreydecano.com\/cms\/otras-disciplinas\/femenino-penarol-campeon-en-sub-19-y-tabla-anual-en-mayores\/","og_site_name":"Padre y Decano - El Sitio del Pueblo","article_published_time":"2017-11-27T16:40:00+00:00","article_modified_time":"2017-11-27T16:46:14+00:00","og_image":[{"width":654,"height":462,"url":"https:\/\/www.padreydecano.com\/cms\/wp-content\/uploads\/2017\/11\/femenino-campeon-anual-2017.jpg","type":"image\/jpeg"}],"author":"Moderador","twitter_card":"summary_large_image","twitter_misc":{"Escrito por":"Moderador","Tiempo de lectura":"2 minutos"},"schema":{"@context":"https:\/\/schema.org","@graph":[{"@type":"Article","@id":"https:\/\/www.padreydecano.com\/cms\/otras-disciplinas\/femenino-penarol-campeon-en-sub-19-y-tabla-anual-en-mayores\/#article","isPartOf":{"@id":"https:\/\/www.padreydecano.com\/cms\/otras-disciplinas\/femenino-penarol-campeon-en-sub-19-y-tabla-anual-en-mayores\/"},"author":{"name":"Moderador","@id":"https:\/\/www.padreydecano.com\/cms\/#\/schema\/person\/d93e9e537230ae052c194251d9a1def2"},"headline":"Femenino: Pe\u00f1arol campe\u00f3n en Sub 19 y Tabla Anual en mayores","datePublished":"2017-11-27T16:40:00+00:00","dateModified":"2017-11-27T16:46:14+00:00","mainEntityOfPage":{"@id":"https:\/\/www.padreydecano.com\/cms\/otras-disciplinas\/femenino-penarol-campeon-en-sub-19-y-tabla-anual-en-mayores\/"},"wordCount":502,"commentCount":6,"publisher":{"@id":"https:\/\/www.padreydecano.com\/cms\/#organization"},"image":{"@id":"https:\/\/www.padreydecano.com\/cms\/otras-disciplinas\/femenino-penarol-campeon-en-sub-19-y-tabla-anual-en-mayores\/#primaryimage"},"thumbnailUrl":"https:\/\/www.padreydecano.com\/cms\/wp-content\/uploads\/2017\/11\/femenino-campeon-anual-2017.jpg","keywords":["F\u00fatbol Femenino"],"articleSection":["Otras disciplinas"],"inLanguage":"es","potentialAction":[{"@type":"CommentAction","name":"Comment","target":["https:\/\/www.padreydecano.com\/cms\/otras-disciplinas\/femenino-penarol-campeon-en-sub-19-y-tabla-anual-en-mayores\/#respond"]}]},{"@type":"WebPage","@id":"https:\/\/www.padreydecano.com\/cms\/otras-disciplinas\/femenino-penarol-campeon-en-sub-19-y-tabla-anual-en-mayores\/","url":"https:\/\/www.padreydecano.com\/cms\/otras-disciplinas\/femenino-penarol-campeon-en-sub-19-y-tabla-anual-en-mayores\/","name":"Femenino: Pe\u00f1arol campe\u00f3n en Sub 19 y Tabla Anual en mayores - Padre y Decano - El Sitio del Pueblo","isPartOf":{"@id":"https:\/\/www.padreydecano.com\/cms\/#website"},"primaryImageOfPage":{"@id":"https:\/\/www.padreydecano.com\/cms\/otras-disciplinas\/femenino-penarol-campeon-en-sub-19-y-tabla-anual-en-mayores\/#primaryimage"},"image":{"@id":"https:\/\/www.padreydecano.com\/cms\/otras-disciplinas\/femenino-penarol-campeon-en-sub-19-y-tabla-anual-en-mayores\/#primaryimage"},"thumbnailUrl":"https:\/\/www.padreydecano.com\/cms\/wp-content\/uploads\/2017\/11\/femenino-campeon-anual-2017.jpg","datePublished":"2017-11-27T16:40:00+00:00","dateModified":"2017-11-27T16:46:14+00:00","breadcrumb":{"@id":"https:\/\/www.padreydecano.com\/cms\/otras-disciplinas\/femenino-penarol-campeon-en-sub-19-y-tabla-anual-en-mayores\/#breadcrumb"},"inLanguage":"es","potentialAction":[{"@type":"ReadAction","target":["https:\/\/www.padreydecano.com\/cms\/otras-disciplinas\/femenino-penarol-campeon-en-sub-19-y-tabla-anual-en-mayores\/"]}]},{"@type":"ImageObject","inLanguage":"es","@id":"https:\/\/www.padreydecano.com\/cms\/otras-disciplinas\/femenino-penarol-campeon-en-sub-19-y-tabla-anual-en-mayores\/#primaryimage","url":"https:\/\/www.padreydecano.com\/cms\/wp-content\/uploads\/2017\/11\/femenino-campeon-anual-2017.jpg","contentUrl":"https:\/\/www.padreydecano.com\/cms\/wp-content\/uploads\/2017\/11\/femenino-campeon-anual-2017.jpg","width":654,"height":462},{"@type":"BreadcrumbList","@id":"https:\/\/www.padreydecano.com\/cms\/otras-disciplinas\/femenino-penarol-campeon-en-sub-19-y-tabla-anual-en-mayores\/#breadcrumb","itemListElement":[{"@type":"ListItem","position":1,"name":"Portada","item":"https:\/\/www.padreydecano.com\/cms\/"},{"@type":"ListItem","position":2,"name":"Femenino: Pe\u00f1arol campe\u00f3n en Sub 19 y Tabla Anual en mayores"}]},{"@type":"WebSite","@id":"https:\/\/www.padreydecano.com\/cms\/#website","url":"https:\/\/www.padreydecano.com\/cms\/","name":"Padre y Decano - El Sitio del Pueblo","description":"Club Atl\u00e9tico Pe\u00f1arol","publisher":{"@id":"https:\/\/www.padreydecano.com\/cms\/#organization"},"potentialAction":[{"@type":"SearchAction","target":{"@type":"EntryPoint","urlTemplate":"https:\/\/www.padreydecano.com\/cms\/?s={search_term_string}"},"query-input":"required name=search_term_string"}],"inLanguage":"es"},{"@type":"Organization","@id":"https:\/\/www.padreydecano.com\/cms\/#organization","name":"Padre y Decano","url":"https:\/\/www.padreydecano.com\/cms\/","logo":{"@type":"ImageObject","inLanguage":"es","@id":"https:\/\/www.padreydecano.com\/cms\/#\/schema\/logo\/image\/","url":"https:\/\/www.padreydecano.com\/cms\/wp-content\/uploads\/2022\/01\/avatar-square.png","contentUrl":"https:\/\/www.padreydecano.com\/cms\/wp-content\/uploads\/2022\/01\/avatar-square.png","width":1500,"height":1500,"caption":"Padre y Decano"},"image":{"@id":"https:\/\/www.padreydecano.com\/cms\/#\/schema\/logo\/image\/"}},{"@type":"Person","@id":"https:\/\/www.padreydecano.com\/cms\/#\/schema\/person\/d93e9e537230ae052c194251d9a1def2","name":"Moderador","image":{"@type":"ImageObject","inLanguage":"es","@id":"https:\/\/www.padreydecano.com\/cms\/#\/schema\/person\/image\/","url":"https:\/\/secure.gravatar.com\/avatar\/2587727bf8a53bd3da4ec49f01bea66e?s=96&d=https%3A%2F%2Fpadreydecano.com%2Fcms%2Fwp-content%2Fthemes%2Fpyd-theme%2Fimg%2Fdefault-avatar.png&r=g","contentUrl":"https:\/\/secure.gravatar.com\/avatar\/2587727bf8a53bd3da4ec49f01bea66e?s=96&d=https%3A%2F%2Fpadreydecano.com%2Fcms%2Fwp-content%2Fthemes%2Fpyd-theme%2Fimg%2Fdefault-avatar.png&r=g","caption":"Moderador"}}]}},"_links":{"self":[{"href":"https:\/\/www.padreydecano.com\/cms\/wp-json\/wp\/v2\/posts\/65395"}],"collection":[{"href":"https:\/\/www.padreydecano.com\/cms\/wp-json\/wp\/v2\/posts"}],"about":[{"href":"https:\/\/www.padreydecano.com\/cms\/wp-json\/wp\/v2\/types\/post"}],"author":[{"embeddable":true,"href":"https:\/\/www.padreydecano.com\/cms\/wp-json\/wp\/v2\/users\/13"}],"replies":[{"embeddable":true,"href":"https:\/\/www.padreydecano.com\/cms\/wp-json\/wp\/v2\/comments?post=65395"}],"version-history":[{"count":0,"href":"https:\/\/www.padreydecano.com\/cms\/wp-json\/wp\/v2\/posts\/65395\/revisions"}],"wp:featuredmedia":[{"embeddable":true,"href":"https:\/\/www.padreydecano.com\/cms\/wp-json\/wp\/v2\/media\/65402"}],"wp:attachment":[{"href":"https:\/\/www.padreydecano.com\/cms\/wp-json\/wp\/v2\/media?parent=65395"}],"wp:term":[{"taxonomy":"category","embeddable":true,"href":"https:\/\/www.padreydecano.com\/cms\/wp-json\/wp\/v2\/categories?post=65395"},{"taxonomy":"post_tag","embeddable":true,"href":"https:\/\/www.padreydecano.com\/cms\/wp-json\/wp\/v2\/tags?post=65395"}],"curies":[{"name":"wp","href":"https:\/\/api.w.org\/{rel}","templated":true}]}}