{"id":65345,"date":"2017-11-25T18:55:36","date_gmt":"2017-11-25T21:55:36","guid":{"rendered":"http:\/\/www.padreydecano.com\/cms\/?p=65345"},"modified":"2017-11-28T11:21:15","modified_gmt":"2017-11-28T14:21:15","slug":"penarol-campeon-del-torneo-clausura-2017","status":"publish","type":"post","link":"https:\/\/www.padreydecano.com\/cms\/partidos\/penarol-campeon-del-torneo-clausura-2017\/","title":{"rendered":"\u00a1Pe\u00f1arol campe\u00f3n del Torneo Clausura 2017!"},"content":{"rendered":"<p><a href=\"https:\/\/www.padreydecano.com\/cms\/wp-content\/uploads\/2017\/11\/IMG-20171125-WA0056.jpg\" rel=\"shadowbox[sbpost-65345];player=img;\"><img loading=\"lazy\" decoding=\"async\" class=\"aligncenter size-large wp-image-65351\" src=\"https:\/\/www.padreydecano.com\/cms\/wp-content\/uploads\/2017\/11\/IMG-20171125-WA0056-1024x683.jpg\" alt=\"\" width=\"620\" height=\"414\" srcset=\"https:\/\/www.padreydecano.com\/cms\/wp-content\/uploads\/2017\/11\/IMG-20171125-WA0056-1024x683.jpg 1024w, https:\/\/www.padreydecano.com\/cms\/wp-content\/uploads\/2017\/11\/IMG-20171125-WA0056-600x400.jpg 600w, https:\/\/www.padreydecano.com\/cms\/wp-content\/uploads\/2017\/11\/IMG-20171125-WA0056-768x512.jpg 768w, https:\/\/www.padreydecano.com\/cms\/wp-content\/uploads\/2017\/11\/IMG-20171125-WA0056.jpg 1599w\" sizes=\"(max-width: 620px) 100vw, 620px\" \/><\/a><\/p>\n<p style=\"text-align: justify;\">Pe\u00f1arol derrot\u00f3 4-0 a Cerro y obtuvo el Torneo Clausura 2017. El Decano se qued\u00f3 con el objetivo trazado en el semestre y asegur\u00f3 la semifinal ante Defensor, campe\u00f3n del Apertura.<\/p>\n<p style=\"text-align: justify;\">Tras un comienzo muy desordenado y preocupante, Pe\u00f1arol de a poquito se fue metiendo en partido. Cerr\u00f3 sali\u00f3 con toda en busca del gol hasta que el Decano comenz\u00f3 a equilibrar las acciones.<\/p>\n<p style=\"text-align: justify;\">La expulsi\u00f3n de Klein (bien decretada) termin\u00f3 de colaborar para que Pe\u00f1arol se adue\u00f1e del juego y un golazo de Lucas Viatri abri\u00f3 el marcador. M\u00e9rito tambi\u00e9n para Kevin Dawson, que fue a buscar una pelota con los pies y que desemboc\u00f3 en el tanto.<\/p>\n\n\t\t<style type=\"text\/css\">\n\t\t\t#gallery-1 {\n\t\t\t\tmargin: auto;\n\t\t\t}\n\t\t\t#gallery-1 .gallery-item {\n\t\t\t\tfloat: left;\n\t\t\t\tmargin-top: 10px;\n\t\t\t\ttext-align: center;\n\t\t\t\twidth: 33%;\n\t\t\t}\n\t\t\t#gallery-1 img {\n\t\t\t\tborder: 2px solid #cfcfcf;\n\t\t\t}\n\t\t\t#gallery-1 .gallery-caption {\n\t\t\t\tmargin-left: 0;\n\t\t\t}\n\t\t\t\/* see gallery_shortcode() in wp-includes\/media.php *\/\n\t\t<\/style>\n\t\t<div id='gallery-1' class='gallery galleryid-65345 gallery-columns-3 gallery-size-thumbnail'><dl class='gallery-item'>\n\t\t\t<dt class='gallery-icon landscape'>\n\t\t\t\t<a href='https:\/\/www.padreydecano.com\/cms\/wp-content\/uploads\/2017\/11\/IMG-20171125-WA0052.jpg' rel='shadowbox[sbalbum-65345];player=img;'><img loading=\"lazy\" decoding=\"async\" width=\"150\" height=\"150\" src=\"https:\/\/www.padreydecano.com\/cms\/wp-content\/uploads\/2017\/11\/IMG-20171125-WA0052-150x150.jpg\" class=\"attachment-thumbnail size-thumbnail\" alt=\"\" srcset=\"https:\/\/www.padreydecano.com\/cms\/wp-content\/uploads\/2017\/11\/IMG-20171125-WA0052-150x150.jpg 150w, https:\/\/www.padreydecano.com\/cms\/wp-content\/uploads\/2017\/11\/IMG-20171125-WA0052-36x36.jpg 36w\" sizes=\"(max-width: 150px) 100vw, 150px\" \/><\/a>\n\t\t\t<\/dt><\/dl><dl class='gallery-item'>\n\t\t\t<dt class='gallery-icon landscape'>\n\t\t\t\t<a href='https:\/\/www.padreydecano.com\/cms\/wp-content\/uploads\/2017\/11\/IMG-20171125-WA0051.jpg' rel='shadowbox[sbalbum-65345];player=img;'><img loading=\"lazy\" decoding=\"async\" width=\"150\" height=\"150\" src=\"https:\/\/www.padreydecano.com\/cms\/wp-content\/uploads\/2017\/11\/IMG-20171125-WA0051-150x150.jpg\" class=\"attachment-thumbnail size-thumbnail\" alt=\"\" srcset=\"https:\/\/www.padreydecano.com\/cms\/wp-content\/uploads\/2017\/11\/IMG-20171125-WA0051-150x150.jpg 150w, https:\/\/www.padreydecano.com\/cms\/wp-content\/uploads\/2017\/11\/IMG-20171125-WA0051-36x36.jpg 36w\" sizes=\"(max-width: 150px) 100vw, 150px\" \/><\/a>\n\t\t\t<\/dt><\/dl><dl class='gallery-item'>\n\t\t\t<dt class='gallery-icon landscape'>\n\t\t\t\t<a href='https:\/\/www.padreydecano.com\/cms\/wp-content\/uploads\/2017\/11\/IMG-20171125-WA0050.jpg' rel='shadowbox[sbalbum-65345];player=img;'><img loading=\"lazy\" decoding=\"async\" width=\"150\" height=\"150\" src=\"https:\/\/www.padreydecano.com\/cms\/wp-content\/uploads\/2017\/11\/IMG-20171125-WA0050-150x150.jpg\" class=\"attachment-thumbnail size-thumbnail\" alt=\"\" srcset=\"https:\/\/www.padreydecano.com\/cms\/wp-content\/uploads\/2017\/11\/IMG-20171125-WA0050-150x150.jpg 150w, https:\/\/www.padreydecano.com\/cms\/wp-content\/uploads\/2017\/11\/IMG-20171125-WA0050-36x36.jpg 36w\" sizes=\"(max-width: 150px) 100vw, 150px\" \/><\/a>\n\t\t\t<\/dt><\/dl><br style=\"clear: both\" \/>\n\t\t<\/div>\n\n<p style=\"text-align: justify;\">El aurinegro sigui\u00f3 intentando y pudo anotar alguno m\u00e1s. Atr\u00e1s, la presencia de Maureen Franco siempre complica pero la zaga finalmente se acomod\u00f3.<\/p>\n<p style=\"text-align: justify;\">El complemento fue todo de Pe\u00f1arol: el Cebolla anot\u00f3 el segundo de penal, y el cuarto, y el tercero fue de Maxi Rodr\u00edguez.<\/p>\n\n\t\t<style type=\"text\/css\">\n\t\t\t#gallery-2 {\n\t\t\t\tmargin: auto;\n\t\t\t}\n\t\t\t#gallery-2 .gallery-item {\n\t\t\t\tfloat: left;\n\t\t\t\tmargin-top: 10px;\n\t\t\t\ttext-align: center;\n\t\t\t\twidth: 33%;\n\t\t\t}\n\t\t\t#gallery-2 img {\n\t\t\t\tborder: 2px solid #cfcfcf;\n\t\t\t}\n\t\t\t#gallery-2 .gallery-caption {\n\t\t\t\tmargin-left: 0;\n\t\t\t}\n\t\t\t\/* see gallery_shortcode() in wp-includes\/media.php *\/\n\t\t<\/style>\n\t\t<div id='gallery-2' class='gallery galleryid-65345 gallery-columns-3 gallery-size-thumbnail'><dl class='gallery-item'>\n\t\t\t<dt class='gallery-icon landscape'>\n\t\t\t\t<a href='https:\/\/www.padreydecano.com\/cms\/wp-content\/uploads\/2017\/11\/IMG-20171125-WA0058.jpg' rel='shadowbox[sbalbum-65345];player=img;'><img loading=\"lazy\" decoding=\"async\" width=\"150\" height=\"150\" src=\"https:\/\/www.padreydecano.com\/cms\/wp-content\/uploads\/2017\/11\/IMG-20171125-WA0058-150x150.jpg\" class=\"attachment-thumbnail size-thumbnail\" alt=\"\" srcset=\"https:\/\/www.padreydecano.com\/cms\/wp-content\/uploads\/2017\/11\/IMG-20171125-WA0058-150x150.jpg 150w, https:\/\/www.padreydecano.com\/cms\/wp-content\/uploads\/2017\/11\/IMG-20171125-WA0058-36x36.jpg 36w\" sizes=\"(max-width: 150px) 100vw, 150px\" \/><\/a>\n\t\t\t<\/dt><\/dl><dl class='gallery-item'>\n\t\t\t<dt class='gallery-icon landscape'>\n\t\t\t\t<a href='https:\/\/www.padreydecano.com\/cms\/wp-content\/uploads\/2017\/11\/IMG-20171125-WA0057.jpg' rel='shadowbox[sbalbum-65345];player=img;'><img loading=\"lazy\" decoding=\"async\" width=\"150\" height=\"150\" src=\"https:\/\/www.padreydecano.com\/cms\/wp-content\/uploads\/2017\/11\/IMG-20171125-WA0057-150x150.jpg\" class=\"attachment-thumbnail size-thumbnail\" alt=\"\" srcset=\"https:\/\/www.padreydecano.com\/cms\/wp-content\/uploads\/2017\/11\/IMG-20171125-WA0057-150x150.jpg 150w, https:\/\/www.padreydecano.com\/cms\/wp-content\/uploads\/2017\/11\/IMG-20171125-WA0057-36x36.jpg 36w\" sizes=\"(max-width: 150px) 100vw, 150px\" \/><\/a>\n\t\t\t<\/dt><\/dl><dl class='gallery-item'>\n\t\t\t<dt class='gallery-icon landscape'>\n\t\t\t\t<a href='https:\/\/www.padreydecano.com\/cms\/wp-content\/uploads\/2017\/11\/IMG-20171125-WA0055.jpg' rel='shadowbox[sbalbum-65345];player=img;'><img loading=\"lazy\" decoding=\"async\" width=\"150\" height=\"150\" src=\"https:\/\/www.padreydecano.com\/cms\/wp-content\/uploads\/2017\/11\/IMG-20171125-WA0055-150x150.jpg\" class=\"attachment-thumbnail size-thumbnail\" alt=\"\" srcset=\"https:\/\/www.padreydecano.com\/cms\/wp-content\/uploads\/2017\/11\/IMG-20171125-WA0055-150x150.jpg 150w, https:\/\/www.padreydecano.com\/cms\/wp-content\/uploads\/2017\/11\/IMG-20171125-WA0055-36x36.jpg 36w\" sizes=\"(max-width: 150px) 100vw, 150px\" \/><\/a>\n\t\t\t<\/dt><\/dl><br style=\"clear: both\" \/>\n\t\t<\/div>\n\n<p><span style=\"color: #ffcc02;\"><strong>Ficha del partido<\/strong><\/span><\/p>\n<p style=\"text-align: justify;\"><strong>CERRO 0:4 PE\u00d1AROL<\/strong><\/p>\n<p style=\"text-align: justify;\"><strong>Cancha:<\/strong>\u00a0Estadio Tr\u00f3ccoli<strong>. Jueces:<\/strong>\u00a0Esteban Ostojich, Carlos Barreiro y Mart\u00edn Soppi.<\/p>\n<p style=\"text-align: justify;\"><strong>CERRO:\u00a0<\/strong>Yonatan Irraz\u00e1bal, Felipe Klein, Dar\u00edo Flores (46\u2032 Ignacio Ithurralde), Darwin Torres, Brahian Pinheiro,\u00a0Brian Lugo (32\u2032 Pablo Pintos), Jonathan Barboza, Fernando Arismendi, Jorge Rodr\u00edguez, Franco L\u00f3pez (52\u2032 Agust\u00edn Guti\u00e9rrez) y Maureen Franco.\u00a0<strong>Director t\u00e9cnico:<\/strong>\u00a0Jos\u00e9 Basualdo.\u00a0<strong>Suplentes:\u00a0<\/strong>Sebasti\u00e1n Medina, Franco Queiroz, Richard Pellejero y Derlis Vargas.<\/p>\n<p style=\"text-align: justify;\"><strong>PE\u00d1AROL:<\/strong>\u00a0Kevin Dawson, Math\u00edas Corujo, Fabricio Formiliano, Ram\u00f3n Arias, Lucas Hern\u00e1ndez (77\u2032 Hern\u00e1n Petryk), Fabi\u00e1n Estoyanoff (76\u2032 Franco Mart\u00ednez), Walter Gargano, Cristian Rodr\u00edguez, Diego Rossi (58\u2032 Cristian Palacios), Lucas Viatri y \u00a0Maximiliano Rodr\u00edguez.\u00a0<strong>Director t\u00e9cnico:<\/strong>\u00a0Leonardo Ramos.\u00a0<strong>Suplentes:\u00a0<\/strong>Thiago Cardozo, Yeferson Quintana, Guzm\u00e1n Pereira y Marcel Novick.<\/p>\n<p style=\"text-align: justify;\"><strong>GOLES:<\/strong>\u00a039\u2032 Lucas Viatri\u00a0 (P), 62\u2032 Cristian Rodr\u00edguez (P) de penal, 71\u2032 Maximiliano Rodr\u00edguez (P), 81\u2032 Cristian Rodr\u00edguez (P).<\/p>\n<p style=\"text-align: justify;\"><strong>Expulsado:<\/strong>\u00a027\u2032 Felipe Klein (C).<\/p>\n<p style=\"text-align: justify;\"><strong>Tarjetas amarillas:<\/strong>\u00a06\u2032 Lucas Viatri (P), 20\u2032\u00a0Felipe Klein (C), 42\u2032 Cristian Rodr\u00edguez (P) y Marcel Novick (P), 46\u2032 Ignacio Ithurralde (C), 59\u2032 Ram\u00f3n Arias (P), 74\u2032 Lucas Hern\u00e1ndez (P), 82\u2032 Cristian Palacios (P).<\/p>\n","protected":false},"excerpt":{"rendered":"<p>Pe\u00f1arol derrot\u00f3 4-0 a Cerro y obtuvo el Torneo Clausura 2017. El Decano se qued\u00f3 con el objetivo trazado en el semestre y asegur\u00f3 la semifinal ante Defensor, campe\u00f3n del Apertura. Tras un comienzo muy desordenado y preocupante, Pe\u00f1arol de a poquito se fue metiendo en partido. Cerr\u00f3 sali\u00f3 con toda en busca del gol [&hellip;]<\/p>\n","protected":false},"author":13,"featured_media":65354,"comment_status":"open","ping_status":"closed","sticky":false,"template":"","format":"standard","meta":{"footnotes":""},"categories":[13],"tags":[318],"yoast_head":"<!-- This site is optimized with the Yoast SEO plugin v23.2 - https:\/\/yoast.com\/wordpress\/plugins\/seo\/ -->\n<title>\u00a1Pe\u00f1arol campe\u00f3n del Torneo Clausura 2017! - Padre y Decano - El Sitio del Pueblo<\/title>\n<meta name=\"robots\" content=\"index, follow, max-snippet:-1, max-image-preview:large, max-video-preview:-1\" \/>\n<link rel=\"canonical\" href=\"https:\/\/www.padreydecano.com\/cms\/partidos\/penarol-campeon-del-torneo-clausura-2017\/\" \/>\n<meta property=\"og:locale\" content=\"es_ES\" \/>\n<meta property=\"og:type\" content=\"article\" \/>\n<meta property=\"og:title\" content=\"\u00a1Pe\u00f1arol campe\u00f3n del Torneo Clausura 2017! - Padre y Decano - El Sitio del Pueblo\" \/>\n<meta property=\"og:description\" content=\"Pe\u00f1arol derrot\u00f3 4-0 a Cerro y obtuvo el Torneo Clausura 2017. El Decano se qued\u00f3 con el objetivo trazado en el semestre y asegur\u00f3 la semifinal ante Defensor, campe\u00f3n del Apertura. Tras un comienzo muy desordenado y preocupante, Pe\u00f1arol de a poquito se fue metiendo en partido. Cerr\u00f3 sali\u00f3 con toda en busca del gol [&hellip;]\" \/>\n<meta property=\"og:url\" content=\"https:\/\/www.padreydecano.com\/cms\/partidos\/penarol-campeon-del-torneo-clausura-2017\/\" \/>\n<meta property=\"og:site_name\" content=\"Padre y Decano - El Sitio del Pueblo\" \/>\n<meta property=\"article:published_time\" content=\"2017-11-25T21:55:36+00:00\" \/>\n<meta property=\"article:modified_time\" content=\"2017-11-28T14:21:15+00:00\" \/>\n<meta property=\"og:image\" content=\"https:\/\/www.padreydecano.com\/cms\/wp-content\/uploads\/2017\/11\/IMG-20171125-WA0057.jpg\" \/>\n\t<meta property=\"og:image:width\" content=\"1599\" \/>\n\t<meta property=\"og:image:height\" content=\"1066\" \/>\n\t<meta property=\"og:image:type\" content=\"image\/jpeg\" \/>\n<meta name=\"author\" content=\"Moderador\" \/>\n<meta name=\"twitter:card\" content=\"summary_large_image\" \/>\n<meta name=\"twitter:label1\" content=\"Escrito por\" \/>\n\t<meta name=\"twitter:data1\" content=\"Moderador\" \/>\n\t<meta name=\"twitter:label2\" content=\"Tiempo de lectura\" \/>\n\t<meta name=\"twitter:data2\" content=\"2 minutos\" \/>\n<script type=\"application\/ld+json\" class=\"yoast-schema-graph\">{\"@context\":\"https:\/\/schema.org\",\"@graph\":[{\"@type\":\"Article\",\"@id\":\"https:\/\/www.padreydecano.com\/cms\/partidos\/penarol-campeon-del-torneo-clausura-2017\/#article\",\"isPartOf\":{\"@id\":\"https:\/\/www.padreydecano.com\/cms\/partidos\/penarol-campeon-del-torneo-clausura-2017\/\"},\"author\":{\"name\":\"Moderador\",\"@id\":\"https:\/\/www.padreydecano.com\/cms\/#\/schema\/person\/d93e9e537230ae052c194251d9a1def2\"},\"headline\":\"\u00a1Pe\u00f1arol campe\u00f3n del Torneo Clausura 2017!\",\"datePublished\":\"2017-11-25T21:55:36+00:00\",\"dateModified\":\"2017-11-28T14:21:15+00:00\",\"mainEntityOfPage\":{\"@id\":\"https:\/\/www.padreydecano.com\/cms\/partidos\/penarol-campeon-del-torneo-clausura-2017\/\"},\"wordCount\":355,\"commentCount\":83,\"publisher\":{\"@id\":\"https:\/\/www.padreydecano.com\/cms\/#organization\"},\"image\":{\"@id\":\"https:\/\/www.padreydecano.com\/cms\/partidos\/penarol-campeon-del-torneo-clausura-2017\/#primaryimage\"},\"thumbnailUrl\":\"https:\/\/www.padreydecano.com\/cms\/wp-content\/uploads\/2017\/11\/IMG-20171125-WA0057.jpg\",\"keywords\":[\"Torneo Clausura 2017\"],\"articleSection\":[\"Partidos\"],\"inLanguage\":\"es\",\"potentialAction\":[{\"@type\":\"CommentAction\",\"name\":\"Comment\",\"target\":[\"https:\/\/www.padreydecano.com\/cms\/partidos\/penarol-campeon-del-torneo-clausura-2017\/#respond\"]}]},{\"@type\":\"WebPage\",\"@id\":\"https:\/\/www.padreydecano.com\/cms\/partidos\/penarol-campeon-del-torneo-clausura-2017\/\",\"url\":\"https:\/\/www.padreydecano.com\/cms\/partidos\/penarol-campeon-del-torneo-clausura-2017\/\",\"name\":\"\u00a1Pe\u00f1arol campe\u00f3n del Torneo Clausura 2017! - Padre y Decano - El Sitio del Pueblo\",\"isPartOf\":{\"@id\":\"https:\/\/www.padreydecano.com\/cms\/#website\"},\"primaryImageOfPage\":{\"@id\":\"https:\/\/www.padreydecano.com\/cms\/partidos\/penarol-campeon-del-torneo-clausura-2017\/#primaryimage\"},\"image\":{\"@id\":\"https:\/\/www.padreydecano.com\/cms\/partidos\/penarol-campeon-del-torneo-clausura-2017\/#primaryimage\"},\"thumbnailUrl\":\"https:\/\/www.padreydecano.com\/cms\/wp-content\/uploads\/2017\/11\/IMG-20171125-WA0057.jpg\",\"datePublished\":\"2017-11-25T21:55:36+00:00\",\"dateModified\":\"2017-11-28T14:21:15+00:00\",\"breadcrumb\":{\"@id\":\"https:\/\/www.padreydecano.com\/cms\/partidos\/penarol-campeon-del-torneo-clausura-2017\/#breadcrumb\"},\"inLanguage\":\"es\",\"potentialAction\":[{\"@type\":\"ReadAction\",\"target\":[\"https:\/\/www.padreydecano.com\/cms\/partidos\/penarol-campeon-del-torneo-clausura-2017\/\"]}]},{\"@type\":\"ImageObject\",\"inLanguage\":\"es\",\"@id\":\"https:\/\/www.padreydecano.com\/cms\/partidos\/penarol-campeon-del-torneo-clausura-2017\/#primaryimage\",\"url\":\"https:\/\/www.padreydecano.com\/cms\/wp-content\/uploads\/2017\/11\/IMG-20171125-WA0057.jpg\",\"contentUrl\":\"https:\/\/www.padreydecano.com\/cms\/wp-content\/uploads\/2017\/11\/IMG-20171125-WA0057.jpg\",\"width\":1599,\"height\":1066},{\"@type\":\"BreadcrumbList\",\"@id\":\"https:\/\/www.padreydecano.com\/cms\/partidos\/penarol-campeon-del-torneo-clausura-2017\/#breadcrumb\",\"itemListElement\":[{\"@type\":\"ListItem\",\"position\":1,\"name\":\"Portada\",\"item\":\"https:\/\/www.padreydecano.com\/cms\/\"},{\"@type\":\"ListItem\",\"position\":2,\"name\":\"\u00a1Pe\u00f1arol campe\u00f3n del Torneo Clausura 2017!\"}]},{\"@type\":\"WebSite\",\"@id\":\"https:\/\/www.padreydecano.com\/cms\/#website\",\"url\":\"https:\/\/www.padreydecano.com\/cms\/\",\"name\":\"Padre y Decano - El Sitio del Pueblo\",\"description\":\"Club Atl\u00e9tico Pe\u00f1arol\",\"publisher\":{\"@id\":\"https:\/\/www.padreydecano.com\/cms\/#organization\"},\"potentialAction\":[{\"@type\":\"SearchAction\",\"target\":{\"@type\":\"EntryPoint\",\"urlTemplate\":\"https:\/\/www.padreydecano.com\/cms\/?s={search_term_string}\"},\"query-input\":\"required name=search_term_string\"}],\"inLanguage\":\"es\"},{\"@type\":\"Organization\",\"@id\":\"https:\/\/www.padreydecano.com\/cms\/#organization\",\"name\":\"Padre y Decano\",\"url\":\"https:\/\/www.padreydecano.com\/cms\/\",\"logo\":{\"@type\":\"ImageObject\",\"inLanguage\":\"es\",\"@id\":\"https:\/\/www.padreydecano.com\/cms\/#\/schema\/logo\/image\/\",\"url\":\"https:\/\/www.padreydecano.com\/cms\/wp-content\/uploads\/2022\/01\/avatar-square.png\",\"contentUrl\":\"https:\/\/www.padreydecano.com\/cms\/wp-content\/uploads\/2022\/01\/avatar-square.png\",\"width\":1500,\"height\":1500,\"caption\":\"Padre y Decano\"},\"image\":{\"@id\":\"https:\/\/www.padreydecano.com\/cms\/#\/schema\/logo\/image\/\"}},{\"@type\":\"Person\",\"@id\":\"https:\/\/www.padreydecano.com\/cms\/#\/schema\/person\/d93e9e537230ae052c194251d9a1def2\",\"name\":\"Moderador\",\"image\":{\"@type\":\"ImageObject\",\"inLanguage\":\"es\",\"@id\":\"https:\/\/www.padreydecano.com\/cms\/#\/schema\/person\/image\/\",\"url\":\"https:\/\/secure.gravatar.com\/avatar\/2587727bf8a53bd3da4ec49f01bea66e?s=96&d=https%3A%2F%2Fpadreydecano.com%2Fcms%2Fwp-content%2Fthemes%2Fpyd-theme%2Fimg%2Fdefault-avatar.png&r=g\",\"contentUrl\":\"https:\/\/secure.gravatar.com\/avatar\/2587727bf8a53bd3da4ec49f01bea66e?s=96&d=https%3A%2F%2Fpadreydecano.com%2Fcms%2Fwp-content%2Fthemes%2Fpyd-theme%2Fimg%2Fdefault-avatar.png&r=g\",\"caption\":\"Moderador\"}}]}<\/script>\n<!-- \/ Yoast SEO plugin. -->","yoast_head_json":{"title":"\u00a1Pe\u00f1arol campe\u00f3n del Torneo Clausura 2017! - Padre y Decano - El Sitio del Pueblo","robots":{"index":"index","follow":"follow","max-snippet":"max-snippet:-1","max-image-preview":"max-image-preview:large","max-video-preview":"max-video-preview:-1"},"canonical":"https:\/\/www.padreydecano.com\/cms\/partidos\/penarol-campeon-del-torneo-clausura-2017\/","og_locale":"es_ES","og_type":"article","og_title":"\u00a1Pe\u00f1arol campe\u00f3n del Torneo Clausura 2017! - Padre y Decano - El Sitio del Pueblo","og_description":"Pe\u00f1arol derrot\u00f3 4-0 a Cerro y obtuvo el Torneo Clausura 2017. El Decano se qued\u00f3 con el objetivo trazado en el semestre y asegur\u00f3 la semifinal ante Defensor, campe\u00f3n del Apertura. Tras un comienzo muy desordenado y preocupante, Pe\u00f1arol de a poquito se fue metiendo en partido. Cerr\u00f3 sali\u00f3 con toda en busca del gol [&hellip;]","og_url":"https:\/\/www.padreydecano.com\/cms\/partidos\/penarol-campeon-del-torneo-clausura-2017\/","og_site_name":"Padre y Decano - El Sitio del Pueblo","article_published_time":"2017-11-25T21:55:36+00:00","article_modified_time":"2017-11-28T14:21:15+00:00","og_image":[{"width":1599,"height":1066,"url":"https:\/\/www.padreydecano.com\/cms\/wp-content\/uploads\/2017\/11\/IMG-20171125-WA0057.jpg","type":"image\/jpeg"}],"author":"Moderador","twitter_card":"summary_large_image","twitter_misc":{"Escrito por":"Moderador","Tiempo de lectura":"2 minutos"},"schema":{"@context":"https:\/\/schema.org","@graph":[{"@type":"Article","@id":"https:\/\/www.padreydecano.com\/cms\/partidos\/penarol-campeon-del-torneo-clausura-2017\/#article","isPartOf":{"@id":"https:\/\/www.padreydecano.com\/cms\/partidos\/penarol-campeon-del-torneo-clausura-2017\/"},"author":{"name":"Moderador","@id":"https:\/\/www.padreydecano.com\/cms\/#\/schema\/person\/d93e9e537230ae052c194251d9a1def2"},"headline":"\u00a1Pe\u00f1arol campe\u00f3n del Torneo Clausura 2017!","datePublished":"2017-11-25T21:55:36+00:00","dateModified":"2017-11-28T14:21:15+00:00","mainEntityOfPage":{"@id":"https:\/\/www.padreydecano.com\/cms\/partidos\/penarol-campeon-del-torneo-clausura-2017\/"},"wordCount":355,"commentCount":83,"publisher":{"@id":"https:\/\/www.padreydecano.com\/cms\/#organization"},"image":{"@id":"https:\/\/www.padreydecano.com\/cms\/partidos\/penarol-campeon-del-torneo-clausura-2017\/#primaryimage"},"thumbnailUrl":"https:\/\/www.padreydecano.com\/cms\/wp-content\/uploads\/2017\/11\/IMG-20171125-WA0057.jpg","keywords":["Torneo Clausura 2017"],"articleSection":["Partidos"],"inLanguage":"es","potentialAction":[{"@type":"CommentAction","name":"Comment","target":["https:\/\/www.padreydecano.com\/cms\/partidos\/penarol-campeon-del-torneo-clausura-2017\/#respond"]}]},{"@type":"WebPage","@id":"https:\/\/www.padreydecano.com\/cms\/partidos\/penarol-campeon-del-torneo-clausura-2017\/","url":"https:\/\/www.padreydecano.com\/cms\/partidos\/penarol-campeon-del-torneo-clausura-2017\/","name":"\u00a1Pe\u00f1arol campe\u00f3n del Torneo Clausura 2017! - Padre y Decano - El Sitio del Pueblo","isPartOf":{"@id":"https:\/\/www.padreydecano.com\/cms\/#website"},"primaryImageOfPage":{"@id":"https:\/\/www.padreydecano.com\/cms\/partidos\/penarol-campeon-del-torneo-clausura-2017\/#primaryimage"},"image":{"@id":"https:\/\/www.padreydecano.com\/cms\/partidos\/penarol-campeon-del-torneo-clausura-2017\/#primaryimage"},"thumbnailUrl":"https:\/\/www.padreydecano.com\/cms\/wp-content\/uploads\/2017\/11\/IMG-20171125-WA0057.jpg","datePublished":"2017-11-25T21:55:36+00:00","dateModified":"2017-11-28T14:21:15+00:00","breadcrumb":{"@id":"https:\/\/www.padreydecano.com\/cms\/partidos\/penarol-campeon-del-torneo-clausura-2017\/#breadcrumb"},"inLanguage":"es","potentialAction":[{"@type":"ReadAction","target":["https:\/\/www.padreydecano.com\/cms\/partidos\/penarol-campeon-del-torneo-clausura-2017\/"]}]},{"@type":"ImageObject","inLanguage":"es","@id":"https:\/\/www.padreydecano.com\/cms\/partidos\/penarol-campeon-del-torneo-clausura-2017\/#primaryimage","url":"https:\/\/www.padreydecano.com\/cms\/wp-content\/uploads\/2017\/11\/IMG-20171125-WA0057.jpg","contentUrl":"https:\/\/www.padreydecano.com\/cms\/wp-content\/uploads\/2017\/11\/IMG-20171125-WA0057.jpg","width":1599,"height":1066},{"@type":"BreadcrumbList","@id":"https:\/\/www.padreydecano.com\/cms\/partidos\/penarol-campeon-del-torneo-clausura-2017\/#breadcrumb","itemListElement":[{"@type":"ListItem","position":1,"name":"Portada","item":"https:\/\/www.padreydecano.com\/cms\/"},{"@type":"ListItem","position":2,"name":"\u00a1Pe\u00f1arol campe\u00f3n del Torneo Clausura 2017!"}]},{"@type":"WebSite","@id":"https:\/\/www.padreydecano.com\/cms\/#website","url":"https:\/\/www.padreydecano.com\/cms\/","name":"Padre y Decano - El Sitio del Pueblo","description":"Club Atl\u00e9tico Pe\u00f1arol","publisher":{"@id":"https:\/\/www.padreydecano.com\/cms\/#organization"},"potentialAction":[{"@type":"SearchAction","target":{"@type":"EntryPoint","urlTemplate":"https:\/\/www.padreydecano.com\/cms\/?s={search_term_string}"},"query-input":"required name=search_term_string"}],"inLanguage":"es"},{"@type":"Organization","@id":"https:\/\/www.padreydecano.com\/cms\/#organization","name":"Padre y Decano","url":"https:\/\/www.padreydecano.com\/cms\/","logo":{"@type":"ImageObject","inLanguage":"es","@id":"https:\/\/www.padreydecano.com\/cms\/#\/schema\/logo\/image\/","url":"https:\/\/www.padreydecano.com\/cms\/wp-content\/uploads\/2022\/01\/avatar-square.png","contentUrl":"https:\/\/www.padreydecano.com\/cms\/wp-content\/uploads\/2022\/01\/avatar-square.png","width":1500,"height":1500,"caption":"Padre y Decano"},"image":{"@id":"https:\/\/www.padreydecano.com\/cms\/#\/schema\/logo\/image\/"}},{"@type":"Person","@id":"https:\/\/www.padreydecano.com\/cms\/#\/schema\/person\/d93e9e537230ae052c194251d9a1def2","name":"Moderador","image":{"@type":"ImageObject","inLanguage":"es","@id":"https:\/\/www.padreydecano.com\/cms\/#\/schema\/person\/image\/","url":"https:\/\/secure.gravatar.com\/avatar\/2587727bf8a53bd3da4ec49f01bea66e?s=96&d=https%3A%2F%2Fpadreydecano.com%2Fcms%2Fwp-content%2Fthemes%2Fpyd-theme%2Fimg%2Fdefault-avatar.png&r=g","contentUrl":"https:\/\/secure.gravatar.com\/avatar\/2587727bf8a53bd3da4ec49f01bea66e?s=96&d=https%3A%2F%2Fpadreydecano.com%2Fcms%2Fwp-content%2Fthemes%2Fpyd-theme%2Fimg%2Fdefault-avatar.png&r=g","caption":"Moderador"}}]}},"_links":{"self":[{"href":"https:\/\/www.padreydecano.com\/cms\/wp-json\/wp\/v2\/posts\/65345"}],"collection":[{"href":"https:\/\/www.padreydecano.com\/cms\/wp-json\/wp\/v2\/posts"}],"about":[{"href":"https:\/\/www.padreydecano.com\/cms\/wp-json\/wp\/v2\/types\/post"}],"author":[{"embeddable":true,"href":"https:\/\/www.padreydecano.com\/cms\/wp-json\/wp\/v2\/users\/13"}],"replies":[{"embeddable":true,"href":"https:\/\/www.padreydecano.com\/cms\/wp-json\/wp\/v2\/comments?post=65345"}],"version-history":[{"count":0,"href":"https:\/\/www.padreydecano.com\/cms\/wp-json\/wp\/v2\/posts\/65345\/revisions"}],"wp:featuredmedia":[{"embeddable":true,"href":"https:\/\/www.padreydecano.com\/cms\/wp-json\/wp\/v2\/media\/65354"}],"wp:attachment":[{"href":"https:\/\/www.padreydecano.com\/cms\/wp-json\/wp\/v2\/media?parent=65345"}],"wp:term":[{"taxonomy":"category","embeddable":true,"href":"https:\/\/www.padreydecano.com\/cms\/wp-json\/wp\/v2\/categories?post=65345"},{"taxonomy":"post_tag","embeddable":true,"href":"https:\/\/www.padreydecano.com\/cms\/wp-json\/wp\/v2\/tags?post=65345"}],"curies":[{"name":"wp","href":"https:\/\/api.w.org\/{rel}","templated":true}]}}