{"id":65287,"date":"2017-11-20T13:23:56","date_gmt":"2017-11-20T16:23:56","guid":{"rendered":"http:\/\/www.padreydecano.com\/cms\/?p=65287"},"modified":"2017-11-20T13:23:56","modified_gmt":"2017-11-20T16:23:56","slug":"viatri-en-gran-nivel-su-partido-ante-plaza","status":"publish","type":"post","link":"https:\/\/www.padreydecano.com\/cms\/noticias\/viatri-en-gran-nivel-su-partido-ante-plaza\/","title":{"rendered":"Viatri en gran nivel: su partido ante Plaza"},"content":{"rendered":"<p>&nbsp;<\/p>\n<p><a href=\"https:\/\/www.padreydecano.com\/cms\/wp-content\/uploads\/2017\/11\/IMG-20171119-WA0042.jpg\" rel=\"shadowbox[sbpost-65287];player=img;\"><img loading=\"lazy\" decoding=\"async\" class=\"aligncenter size-large wp-image-65282\" src=\"https:\/\/www.padreydecano.com\/cms\/wp-content\/uploads\/2017\/11\/IMG-20171119-WA0042-1024x681.jpg\" alt=\"\" width=\"620\" height=\"412\" srcset=\"https:\/\/www.padreydecano.com\/cms\/wp-content\/uploads\/2017\/11\/IMG-20171119-WA0042-1024x681.jpg 1024w, https:\/\/www.padreydecano.com\/cms\/wp-content\/uploads\/2017\/11\/IMG-20171119-WA0042-600x399.jpg 600w, https:\/\/www.padreydecano.com\/cms\/wp-content\/uploads\/2017\/11\/IMG-20171119-WA0042-768x511.jpg 768w, https:\/\/www.padreydecano.com\/cms\/wp-content\/uploads\/2017\/11\/IMG-20171119-WA0042.jpg 1600w\" sizes=\"(max-width: 620px) 100vw, 620px\" \/><\/a><\/p>\n<p style=\"text-align: justify;\"><strong>La baj\u00f3, la domin\u00f3, la aguant\u00f3, la pein\u00f3 y hasta resolvi\u00f3 muy bien en jugadas en las que no hab\u00edan muchas opciones. Hablar de esto sobre Lucas Viatri es describir lo de siempre, lo de todos sus partidos y a todo esto se le suma un gol.<\/strong><\/p>\n<p style=\"text-align: justify;\">Pe\u00f1arol gan\u00f3 y ya no es noticia. El carbonero da <a href=\"https:\/\/www.padreydecano.com\/cms\/partidos\/un-paso-mas-hacia-el-clausura\/\">un paso m\u00e1s hacia el Clausura<\/a>\u00a0en un partido que fue distinto en ambas mitades. La primera parte fue entreverada, a pesar de que se generaron varias ocasiones de gol tanto para el aurinegro (en la mayor\u00eda de ellas estuvo presente el &#8217;28&#8217;) como para Plaza Colonia, mientras que en la segunda el local sali\u00f3 a liquidar la historia e hizo notar su superioridad ante los patablancas.<\/p>\n<p style=\"text-align: justify;\"><span style=\"color: #ffcc00;\"><strong>El partido de Viatri<\/strong><\/span><\/p>\n<p style=\"text-align: justify;\"><strong>Primer tiempo<\/strong>:<\/p>\n<p style=\"text-align: justify;\">A los 12&#8242; Lucas Hern\u00e1ndez le da un pase sobre el lado izquierdo de la mitad de la cancha. Con 3 jugadores marcando y tapando una posible pared, el delantero opt\u00f3 por utilizar el cuerpo y deshacerse del marcador de punta por la l\u00ednea lateral, para luego devolverle una pelota limpia al &#8217;27&#8217; aurinegro. La jugada termin\u00f3 con un remate de Fabi\u00e1n Estoyanoff por encima del travesa\u00f1o.<\/p>\n<p style=\"text-align: justify;\">13 minutos m\u00e1s tarde Cristian Rodr\u00edguez le pasa el bal\u00f3n, el atacante controla de espalda al arco y con un defensor encima abre el bal\u00f3n para Diego Rossi quien era el \u00fanico que se encontraba desmarcado. El ataque finaliz\u00f3 con un remate del &#8216;Lolo&#8217; muy cerca del angulo.<\/p>\n<p style=\"text-align: justify;\">A los 29&#8242; llega el primer remate de Viatri. Tras un toque de Rossi, el argentino acomod\u00f3 el esf\u00e9rico y dispar\u00f3 ante la marca de Baltazar Silva. La pelota termin\u00f3 rebotando en este \u00faltimo.<\/p>\n<p style=\"text-align: justify;\">37 minutos transcurr\u00edan de partido, cuando llega un tiro libre desde el costado de la Tribuna Damiani ejecutado por Hern\u00e1ndez, que Lucas llega a peinar en el \u00e1rea chica env\u00edando el bal\u00f3n sobre el horizontal.<\/p>\n<p style=\"text-align: justify;\">Tras recibir un cabezazo de Guillermo Varela, el delantero controla en 3 cuartos de cancha y abre para el &#8216;Cebolla&#8217; sobre la derecha. R\u00e1pidamente Viatri corre hacia el \u00e1rea para recibir un centro del Capit\u00e1n aurinegro, que logra peinar para Cristian Palacios quien define desv\u00edado por encima del arco de la G\u00fcelfi. Al final result\u00f3 invalidado porque el &#8216;Chorri&#8217; se encontraba en fuera de juego.<\/p>\n<p style=\"text-align: justify;\">En la \u00faltima jugada de la primera mitad, Lucas roba el bal\u00f3n en la mitad del terreno de juego e inmediatamente juega con el &#8216;Cebolla&#8217;, quien manda el bal\u00f3n para el lado izquierdo del \u00e1rea rival (precisamente a Diego Rossi). La jugada termin\u00f3 con la \u00fanica pelota que tuvo direcci\u00f3n al arco por parte del Lacazino.<\/p>\n<p><a href=\"https:\/\/www.padreydecano.com\/cms\/wp-content\/uploads\/2017\/11\/Christian_Adinolfi_Pe\u00f1arol_PlazaColonia_11.jpg\" rel=\"shadowbox[sbpost-65287];player=img;\"><img loading=\"lazy\" decoding=\"async\" class=\"aligncenter size-large wp-image-65290\" src=\"https:\/\/www.padreydecano.com\/cms\/wp-content\/uploads\/2017\/11\/Christian_Adinolfi_Pe\u00f1arol_PlazaColonia_11-1024x679.jpg\" alt=\"\" width=\"620\" height=\"411\" srcset=\"https:\/\/www.padreydecano.com\/cms\/wp-content\/uploads\/2017\/11\/Christian_Adinolfi_Pe\u00f1arol_PlazaColonia_11-1024x679.jpg 1024w, https:\/\/www.padreydecano.com\/cms\/wp-content\/uploads\/2017\/11\/Christian_Adinolfi_Pe\u00f1arol_PlazaColonia_11-600x398.jpg 600w, https:\/\/www.padreydecano.com\/cms\/wp-content\/uploads\/2017\/11\/Christian_Adinolfi_Pe\u00f1arol_PlazaColonia_11-768x509.jpg 768w, https:\/\/www.padreydecano.com\/cms\/wp-content\/uploads\/2017\/11\/Christian_Adinolfi_Pe\u00f1arol_PlazaColonia_11.jpg 1100w\" sizes=\"(max-width: 620px) 100vw, 620px\" \/><\/a><\/p>\n<p style=\"text-align: justify;\"><strong>Segundo tiempo<\/strong>:<\/p>\n<p style=\"text-align: justify;\">3 minutos llevaba el complemento y el argentino lejos del \u00e1rea mete un pase entre dos defensores para Rossi que lo deja de cara al \u00e1rea. El jugador formado en el club remat\u00f3 y tras un rebote la mand\u00f3 al fondo de las redes, abriendo el marcador del partido.<\/p>\n<p style=\"text-align: justify;\"><strong>A los 58 minutos lleg\u00f3 su gol<\/strong>. Luego de una interesante jugada entre Rossi y Varela, el &#8216;9&#8217; manda un centro al punto penal donde el argentino esperaba, para conectar un cabezazo llovido que se col\u00f3 en el segundo palo del arquero. Viatri pon\u00eda el 2-0 parcial.<\/p>\n<p style=\"text-align: justify;\">El tercer gol del encuentro lleg\u00f3 a los 62&#8242; del partido. Tras una gran serie de toque de los dirigidos por Leo Ramos (en la que Lucas participa enviando la pelota hacia la banda con direcci\u00f3n a Estoyanoff), el &#8216;Cebolla&#8217; recibe un pase del &#8216;Lolo&#8217; y dentro del \u00e1rea elude a un defensor y remata bajo superando al golero del equipo coloniense. Fue el 3-0 con el que el carbonero cerraba el partido.<\/p>\n<p style=\"text-align: justify;\">Su \u00faltima jugada lleg\u00f3 a los 20&#8242;, cuando recibe un bal\u00f3n en la mitad de la cancha e inmediatamente la cruza para Rossi quien mediante una pared entreverada con Palacios, intenta &#8216;picar&#8217; el esf\u00e9rico ante el arquero, pero desafortunadamente sali\u00f3 muy cerca del horizontal.<\/p>\n<p style=\"text-align: justify;\">A los 65&#8242; y ovacionado por todo el Campe\u00f3n del Siglo, Viatri deja su lugar para ser sustituido por Gast\u00f3n Rodr\u00edguez.<\/p>\n<p style=\"text-align: justify;\"><span style=\"color: #ffcc00;\"><strong>Los n\u00fameros de Viatri frente a Plaza Colonia<\/strong><\/span><\/p>\n<p style=\"text-align: justify;\">El delantero particip\u00f3 (directa o indirectamente) en 9 de los 21 tiros que el aurinegro tuvo en el partido. Aport\u00f3 un pase de gol para el tanto de Diego Rossi, convirti\u00f3 el segundo (su tercera anotaci\u00f3n con la amarilla y negra) y estuvo presente en la jugada del tercer gol.<\/p>\n<p><img loading=\"lazy\" decoding=\"async\" class=\"aligncenter wp-image-65164\" src=\"https:\/\/www.padreydecano.com\/cms\/wp-content\/uploads\/2017\/11\/DSC_0754.jpg\" alt=\"\" width=\"697\" height=\"465\" srcset=\"https:\/\/www.padreydecano.com\/cms\/wp-content\/uploads\/2017\/11\/DSC_0754.jpg 1619w, https:\/\/www.padreydecano.com\/cms\/wp-content\/uploads\/2017\/11\/DSC_0754-600x400.jpg 600w, https:\/\/www.padreydecano.com\/cms\/wp-content\/uploads\/2017\/11\/DSC_0754-768x512.jpg 768w, https:\/\/www.padreydecano.com\/cms\/wp-content\/uploads\/2017\/11\/DSC_0754-1024x683.jpg 1024w\" sizes=\"(max-width: 697px) 100vw, 697px\" \/><\/p>\n","protected":false},"excerpt":{"rendered":"<p>&nbsp; La baj\u00f3, la domin\u00f3, la aguant\u00f3, la pein\u00f3 y hasta resolvi\u00f3 muy bien en jugadas en las que no hab\u00edan muchas opciones. Hablar de esto sobre Lucas Viatri es describir lo de siempre, lo de todos sus partidos y a todo esto se le suma un gol. Pe\u00f1arol gan\u00f3 y ya no es noticia. [&hellip;]<\/p>\n","protected":false},"author":27,"featured_media":65282,"comment_status":"open","ping_status":"closed","sticky":false,"template":"","format":"standard","meta":{"footnotes":""},"categories":[1],"tags":[],"yoast_head":"<!-- This site is optimized with the Yoast SEO plugin v23.2 - https:\/\/yoast.com\/wordpress\/plugins\/seo\/ -->\n<title>Viatri en gran nivel: su partido ante Plaza - Padre y Decano - El Sitio del Pueblo<\/title>\n<meta name=\"robots\" content=\"index, follow, max-snippet:-1, max-image-preview:large, max-video-preview:-1\" \/>\n<link rel=\"canonical\" href=\"https:\/\/www.padreydecano.com\/cms\/noticias\/viatri-en-gran-nivel-su-partido-ante-plaza\/\" \/>\n<meta property=\"og:locale\" content=\"es_ES\" \/>\n<meta property=\"og:type\" content=\"article\" \/>\n<meta property=\"og:title\" content=\"Viatri en gran nivel: su partido ante Plaza - Padre y Decano - El Sitio del Pueblo\" \/>\n<meta property=\"og:description\" content=\"&nbsp; La baj\u00f3, la domin\u00f3, la aguant\u00f3, la pein\u00f3 y hasta resolvi\u00f3 muy bien en jugadas en las que no hab\u00edan muchas opciones. Hablar de esto sobre Lucas Viatri es describir lo de siempre, lo de todos sus partidos y a todo esto se le suma un gol. Pe\u00f1arol gan\u00f3 y ya no es noticia. [&hellip;]\" \/>\n<meta property=\"og:url\" content=\"https:\/\/www.padreydecano.com\/cms\/noticias\/viatri-en-gran-nivel-su-partido-ante-plaza\/\" \/>\n<meta property=\"og:site_name\" content=\"Padre y Decano - El Sitio del Pueblo\" \/>\n<meta property=\"article:published_time\" content=\"2017-11-20T16:23:56+00:00\" \/>\n<meta property=\"og:image\" content=\"https:\/\/www.padreydecano.com\/cms\/wp-content\/uploads\/2017\/11\/IMG-20171119-WA0042.jpg\" \/>\n\t<meta property=\"og:image:width\" content=\"1600\" \/>\n\t<meta property=\"og:image:height\" content=\"1064\" \/>\n\t<meta property=\"og:image:type\" content=\"image\/jpeg\" \/>\n<meta name=\"author\" content=\"Redactores Padre y Decano\" \/>\n<meta name=\"twitter:card\" content=\"summary_large_image\" \/>\n<meta name=\"twitter:label1\" content=\"Escrito por\" \/>\n\t<meta name=\"twitter:data1\" content=\"Redactores Padre y Decano\" \/>\n\t<meta name=\"twitter:label2\" content=\"Tiempo de lectura\" \/>\n\t<meta name=\"twitter:data2\" content=\"4 minutos\" \/>\n<script type=\"application\/ld+json\" class=\"yoast-schema-graph\">{\"@context\":\"https:\/\/schema.org\",\"@graph\":[{\"@type\":\"Article\",\"@id\":\"https:\/\/www.padreydecano.com\/cms\/noticias\/viatri-en-gran-nivel-su-partido-ante-plaza\/#article\",\"isPartOf\":{\"@id\":\"https:\/\/www.padreydecano.com\/cms\/noticias\/viatri-en-gran-nivel-su-partido-ante-plaza\/\"},\"author\":{\"name\":\"Redactores Padre y Decano\",\"@id\":\"https:\/\/www.padreydecano.com\/cms\/#\/schema\/person\/37aae8f93aa78e4c5385497f056e3246\"},\"headline\":\"Viatri en gran nivel: su partido ante Plaza\",\"datePublished\":\"2017-11-20T16:23:56+00:00\",\"dateModified\":\"2017-11-20T16:23:56+00:00\",\"mainEntityOfPage\":{\"@id\":\"https:\/\/www.padreydecano.com\/cms\/noticias\/viatri-en-gran-nivel-su-partido-ante-plaza\/\"},\"wordCount\":755,\"commentCount\":42,\"publisher\":{\"@id\":\"https:\/\/www.padreydecano.com\/cms\/#organization\"},\"image\":{\"@id\":\"https:\/\/www.padreydecano.com\/cms\/noticias\/viatri-en-gran-nivel-su-partido-ante-plaza\/#primaryimage\"},\"thumbnailUrl\":\"https:\/\/www.padreydecano.com\/cms\/wp-content\/uploads\/2017\/11\/IMG-20171119-WA0042.jpg\",\"articleSection\":[\"Noticias\"],\"inLanguage\":\"es\",\"potentialAction\":[{\"@type\":\"CommentAction\",\"name\":\"Comment\",\"target\":[\"https:\/\/www.padreydecano.com\/cms\/noticias\/viatri-en-gran-nivel-su-partido-ante-plaza\/#respond\"]}]},{\"@type\":\"WebPage\",\"@id\":\"https:\/\/www.padreydecano.com\/cms\/noticias\/viatri-en-gran-nivel-su-partido-ante-plaza\/\",\"url\":\"https:\/\/www.padreydecano.com\/cms\/noticias\/viatri-en-gran-nivel-su-partido-ante-plaza\/\",\"name\":\"Viatri en gran nivel: su partido ante Plaza - Padre y Decano - El Sitio del Pueblo\",\"isPartOf\":{\"@id\":\"https:\/\/www.padreydecano.com\/cms\/#website\"},\"primaryImageOfPage\":{\"@id\":\"https:\/\/www.padreydecano.com\/cms\/noticias\/viatri-en-gran-nivel-su-partido-ante-plaza\/#primaryimage\"},\"image\":{\"@id\":\"https:\/\/www.padreydecano.com\/cms\/noticias\/viatri-en-gran-nivel-su-partido-ante-plaza\/#primaryimage\"},\"thumbnailUrl\":\"https:\/\/www.padreydecano.com\/cms\/wp-content\/uploads\/2017\/11\/IMG-20171119-WA0042.jpg\",\"datePublished\":\"2017-11-20T16:23:56+00:00\",\"dateModified\":\"2017-11-20T16:23:56+00:00\",\"breadcrumb\":{\"@id\":\"https:\/\/www.padreydecano.com\/cms\/noticias\/viatri-en-gran-nivel-su-partido-ante-plaza\/#breadcrumb\"},\"inLanguage\":\"es\",\"potentialAction\":[{\"@type\":\"ReadAction\",\"target\":[\"https:\/\/www.padreydecano.com\/cms\/noticias\/viatri-en-gran-nivel-su-partido-ante-plaza\/\"]}]},{\"@type\":\"ImageObject\",\"inLanguage\":\"es\",\"@id\":\"https:\/\/www.padreydecano.com\/cms\/noticias\/viatri-en-gran-nivel-su-partido-ante-plaza\/#primaryimage\",\"url\":\"https:\/\/www.padreydecano.com\/cms\/wp-content\/uploads\/2017\/11\/IMG-20171119-WA0042.jpg\",\"contentUrl\":\"https:\/\/www.padreydecano.com\/cms\/wp-content\/uploads\/2017\/11\/IMG-20171119-WA0042.jpg\",\"width\":1600,\"height\":1064},{\"@type\":\"BreadcrumbList\",\"@id\":\"https:\/\/www.padreydecano.com\/cms\/noticias\/viatri-en-gran-nivel-su-partido-ante-plaza\/#breadcrumb\",\"itemListElement\":[{\"@type\":\"ListItem\",\"position\":1,\"name\":\"Portada\",\"item\":\"https:\/\/www.padreydecano.com\/cms\/\"},{\"@type\":\"ListItem\",\"position\":2,\"name\":\"Viatri en gran nivel: su partido ante Plaza\"}]},{\"@type\":\"WebSite\",\"@id\":\"https:\/\/www.padreydecano.com\/cms\/#website\",\"url\":\"https:\/\/www.padreydecano.com\/cms\/\",\"name\":\"Padre y Decano - El Sitio del Pueblo\",\"description\":\"Club Atl\u00e9tico Pe\u00f1arol\",\"publisher\":{\"@id\":\"https:\/\/www.padreydecano.com\/cms\/#organization\"},\"potentialAction\":[{\"@type\":\"SearchAction\",\"target\":{\"@type\":\"EntryPoint\",\"urlTemplate\":\"https:\/\/www.padreydecano.com\/cms\/?s={search_term_string}\"},\"query-input\":\"required name=search_term_string\"}],\"inLanguage\":\"es\"},{\"@type\":\"Organization\",\"@id\":\"https:\/\/www.padreydecano.com\/cms\/#organization\",\"name\":\"Padre y Decano\",\"url\":\"https:\/\/www.padreydecano.com\/cms\/\",\"logo\":{\"@type\":\"ImageObject\",\"inLanguage\":\"es\",\"@id\":\"https:\/\/www.padreydecano.com\/cms\/#\/schema\/logo\/image\/\",\"url\":\"https:\/\/www.padreydecano.com\/cms\/wp-content\/uploads\/2022\/01\/avatar-square.png\",\"contentUrl\":\"https:\/\/www.padreydecano.com\/cms\/wp-content\/uploads\/2022\/01\/avatar-square.png\",\"width\":1500,\"height\":1500,\"caption\":\"Padre y Decano\"},\"image\":{\"@id\":\"https:\/\/www.padreydecano.com\/cms\/#\/schema\/logo\/image\/\"}},{\"@type\":\"Person\",\"@id\":\"https:\/\/www.padreydecano.com\/cms\/#\/schema\/person\/37aae8f93aa78e4c5385497f056e3246\",\"name\":\"Redactores Padre y Decano\",\"image\":{\"@type\":\"ImageObject\",\"inLanguage\":\"es\",\"@id\":\"https:\/\/www.padreydecano.com\/cms\/#\/schema\/person\/image\/\",\"url\":\"https:\/\/secure.gravatar.com\/avatar\/8810c4b9081192b118b104af54549af8?s=96&d=https%3A%2F%2Fpadreydecano.com%2Fcms%2Fwp-content%2Fthemes%2Fpyd-theme%2Fimg%2Fdefault-avatar.png&r=g\",\"contentUrl\":\"https:\/\/secure.gravatar.com\/avatar\/8810c4b9081192b118b104af54549af8?s=96&d=https%3A%2F%2Fpadreydecano.com%2Fcms%2Fwp-content%2Fthemes%2Fpyd-theme%2Fimg%2Fdefault-avatar.png&r=g\",\"caption\":\"Redactores Padre y Decano\"},\"sameAs\":[\"http:\/\/www.padreydecano.com\"]}]}<\/script>\n<!-- \/ Yoast SEO plugin. -->","yoast_head_json":{"title":"Viatri en gran nivel: su partido ante Plaza - Padre y Decano - El Sitio del Pueblo","robots":{"index":"index","follow":"follow","max-snippet":"max-snippet:-1","max-image-preview":"max-image-preview:large","max-video-preview":"max-video-preview:-1"},"canonical":"https:\/\/www.padreydecano.com\/cms\/noticias\/viatri-en-gran-nivel-su-partido-ante-plaza\/","og_locale":"es_ES","og_type":"article","og_title":"Viatri en gran nivel: su partido ante Plaza - Padre y Decano - El Sitio del Pueblo","og_description":"&nbsp; La baj\u00f3, la domin\u00f3, la aguant\u00f3, la pein\u00f3 y hasta resolvi\u00f3 muy bien en jugadas en las que no hab\u00edan muchas opciones. Hablar de esto sobre Lucas Viatri es describir lo de siempre, lo de todos sus partidos y a todo esto se le suma un gol. Pe\u00f1arol gan\u00f3 y ya no es noticia. [&hellip;]","og_url":"https:\/\/www.padreydecano.com\/cms\/noticias\/viatri-en-gran-nivel-su-partido-ante-plaza\/","og_site_name":"Padre y Decano - El Sitio del Pueblo","article_published_time":"2017-11-20T16:23:56+00:00","og_image":[{"width":1600,"height":1064,"url":"https:\/\/www.padreydecano.com\/cms\/wp-content\/uploads\/2017\/11\/IMG-20171119-WA0042.jpg","type":"image\/jpeg"}],"author":"Redactores Padre y Decano","twitter_card":"summary_large_image","twitter_misc":{"Escrito por":"Redactores Padre y Decano","Tiempo de lectura":"4 minutos"},"schema":{"@context":"https:\/\/schema.org","@graph":[{"@type":"Article","@id":"https:\/\/www.padreydecano.com\/cms\/noticias\/viatri-en-gran-nivel-su-partido-ante-plaza\/#article","isPartOf":{"@id":"https:\/\/www.padreydecano.com\/cms\/noticias\/viatri-en-gran-nivel-su-partido-ante-plaza\/"},"author":{"name":"Redactores Padre y Decano","@id":"https:\/\/www.padreydecano.com\/cms\/#\/schema\/person\/37aae8f93aa78e4c5385497f056e3246"},"headline":"Viatri en gran nivel: su partido ante Plaza","datePublished":"2017-11-20T16:23:56+00:00","dateModified":"2017-11-20T16:23:56+00:00","mainEntityOfPage":{"@id":"https:\/\/www.padreydecano.com\/cms\/noticias\/viatri-en-gran-nivel-su-partido-ante-plaza\/"},"wordCount":755,"commentCount":42,"publisher":{"@id":"https:\/\/www.padreydecano.com\/cms\/#organization"},"image":{"@id":"https:\/\/www.padreydecano.com\/cms\/noticias\/viatri-en-gran-nivel-su-partido-ante-plaza\/#primaryimage"},"thumbnailUrl":"https:\/\/www.padreydecano.com\/cms\/wp-content\/uploads\/2017\/11\/IMG-20171119-WA0042.jpg","articleSection":["Noticias"],"inLanguage":"es","potentialAction":[{"@type":"CommentAction","name":"Comment","target":["https:\/\/www.padreydecano.com\/cms\/noticias\/viatri-en-gran-nivel-su-partido-ante-plaza\/#respond"]}]},{"@type":"WebPage","@id":"https:\/\/www.padreydecano.com\/cms\/noticias\/viatri-en-gran-nivel-su-partido-ante-plaza\/","url":"https:\/\/www.padreydecano.com\/cms\/noticias\/viatri-en-gran-nivel-su-partido-ante-plaza\/","name":"Viatri en gran nivel: su partido ante Plaza - Padre y Decano - El Sitio del Pueblo","isPartOf":{"@id":"https:\/\/www.padreydecano.com\/cms\/#website"},"primaryImageOfPage":{"@id":"https:\/\/www.padreydecano.com\/cms\/noticias\/viatri-en-gran-nivel-su-partido-ante-plaza\/#primaryimage"},"image":{"@id":"https:\/\/www.padreydecano.com\/cms\/noticias\/viatri-en-gran-nivel-su-partido-ante-plaza\/#primaryimage"},"thumbnailUrl":"https:\/\/www.padreydecano.com\/cms\/wp-content\/uploads\/2017\/11\/IMG-20171119-WA0042.jpg","datePublished":"2017-11-20T16:23:56+00:00","dateModified":"2017-11-20T16:23:56+00:00","breadcrumb":{"@id":"https:\/\/www.padreydecano.com\/cms\/noticias\/viatri-en-gran-nivel-su-partido-ante-plaza\/#breadcrumb"},"inLanguage":"es","potentialAction":[{"@type":"ReadAction","target":["https:\/\/www.padreydecano.com\/cms\/noticias\/viatri-en-gran-nivel-su-partido-ante-plaza\/"]}]},{"@type":"ImageObject","inLanguage":"es","@id":"https:\/\/www.padreydecano.com\/cms\/noticias\/viatri-en-gran-nivel-su-partido-ante-plaza\/#primaryimage","url":"https:\/\/www.padreydecano.com\/cms\/wp-content\/uploads\/2017\/11\/IMG-20171119-WA0042.jpg","contentUrl":"https:\/\/www.padreydecano.com\/cms\/wp-content\/uploads\/2017\/11\/IMG-20171119-WA0042.jpg","width":1600,"height":1064},{"@type":"BreadcrumbList","@id":"https:\/\/www.padreydecano.com\/cms\/noticias\/viatri-en-gran-nivel-su-partido-ante-plaza\/#breadcrumb","itemListElement":[{"@type":"ListItem","position":1,"name":"Portada","item":"https:\/\/www.padreydecano.com\/cms\/"},{"@type":"ListItem","position":2,"name":"Viatri en gran nivel: su partido ante Plaza"}]},{"@type":"WebSite","@id":"https:\/\/www.padreydecano.com\/cms\/#website","url":"https:\/\/www.padreydecano.com\/cms\/","name":"Padre y Decano - El Sitio del Pueblo","description":"Club Atl\u00e9tico Pe\u00f1arol","publisher":{"@id":"https:\/\/www.padreydecano.com\/cms\/#organization"},"potentialAction":[{"@type":"SearchAction","target":{"@type":"EntryPoint","urlTemplate":"https:\/\/www.padreydecano.com\/cms\/?s={search_term_string}"},"query-input":"required name=search_term_string"}],"inLanguage":"es"},{"@type":"Organization","@id":"https:\/\/www.padreydecano.com\/cms\/#organization","name":"Padre y Decano","url":"https:\/\/www.padreydecano.com\/cms\/","logo":{"@type":"ImageObject","inLanguage":"es","@id":"https:\/\/www.padreydecano.com\/cms\/#\/schema\/logo\/image\/","url":"https:\/\/www.padreydecano.com\/cms\/wp-content\/uploads\/2022\/01\/avatar-square.png","contentUrl":"https:\/\/www.padreydecano.com\/cms\/wp-content\/uploads\/2022\/01\/avatar-square.png","width":1500,"height":1500,"caption":"Padre y Decano"},"image":{"@id":"https:\/\/www.padreydecano.com\/cms\/#\/schema\/logo\/image\/"}},{"@type":"Person","@id":"https:\/\/www.padreydecano.com\/cms\/#\/schema\/person\/37aae8f93aa78e4c5385497f056e3246","name":"Redactores Padre y Decano","image":{"@type":"ImageObject","inLanguage":"es","@id":"https:\/\/www.padreydecano.com\/cms\/#\/schema\/person\/image\/","url":"https:\/\/secure.gravatar.com\/avatar\/8810c4b9081192b118b104af54549af8?s=96&d=https%3A%2F%2Fpadreydecano.com%2Fcms%2Fwp-content%2Fthemes%2Fpyd-theme%2Fimg%2Fdefault-avatar.png&r=g","contentUrl":"https:\/\/secure.gravatar.com\/avatar\/8810c4b9081192b118b104af54549af8?s=96&d=https%3A%2F%2Fpadreydecano.com%2Fcms%2Fwp-content%2Fthemes%2Fpyd-theme%2Fimg%2Fdefault-avatar.png&r=g","caption":"Redactores Padre y Decano"},"sameAs":["http:\/\/www.padreydecano.com"]}]}},"_links":{"self":[{"href":"https:\/\/www.padreydecano.com\/cms\/wp-json\/wp\/v2\/posts\/65287"}],"collection":[{"href":"https:\/\/www.padreydecano.com\/cms\/wp-json\/wp\/v2\/posts"}],"about":[{"href":"https:\/\/www.padreydecano.com\/cms\/wp-json\/wp\/v2\/types\/post"}],"author":[{"embeddable":true,"href":"https:\/\/www.padreydecano.com\/cms\/wp-json\/wp\/v2\/users\/27"}],"replies":[{"embeddable":true,"href":"https:\/\/www.padreydecano.com\/cms\/wp-json\/wp\/v2\/comments?post=65287"}],"version-history":[{"count":0,"href":"https:\/\/www.padreydecano.com\/cms\/wp-json\/wp\/v2\/posts\/65287\/revisions"}],"wp:featuredmedia":[{"embeddable":true,"href":"https:\/\/www.padreydecano.com\/cms\/wp-json\/wp\/v2\/media\/65282"}],"wp:attachment":[{"href":"https:\/\/www.padreydecano.com\/cms\/wp-json\/wp\/v2\/media?parent=65287"}],"wp:term":[{"taxonomy":"category","embeddable":true,"href":"https:\/\/www.padreydecano.com\/cms\/wp-json\/wp\/v2\/categories?post=65287"},{"taxonomy":"post_tag","embeddable":true,"href":"https:\/\/www.padreydecano.com\/cms\/wp-json\/wp\/v2\/tags?post=65287"}],"curies":[{"name":"wp","href":"https:\/\/api.w.org\/{rel}","templated":true}]}}