{"id":65188,"date":"2017-11-13T15:13:51","date_gmt":"2017-11-13T18:13:51","guid":{"rendered":"http:\/\/www.padreydecano.com\/cms\/?p=65188"},"modified":"2017-11-13T15:14:43","modified_gmt":"2017-11-13T18:14:43","slug":"saldo-positivo-en-las-ultimas-5-visitas-a-jardines-ante-danubio","status":"publish","type":"post","link":"https:\/\/www.padreydecano.com\/cms\/noticias\/saldo-positivo-en-las-ultimas-5-visitas-a-jardines-ante-danubio\/","title":{"rendered":"Saldo positivo en las \u00faltimas 5 visitas a Jardines ante Danubio"},"content":{"rendered":"<p><img loading=\"lazy\" decoding=\"async\" class=\"aligncenter size-full wp-image-60746\" src=\"https:\/\/www.padreydecano.com\/cms\/wp-content\/uploads\/2016\/10\/Christian_Adinolfi_Pe\u00f1arol_Danubio_3.jpg\" alt=\"\" width=\"900\" height=\"596\" srcset=\"https:\/\/www.padreydecano.com\/cms\/wp-content\/uploads\/2016\/10\/Christian_Adinolfi_Pe\u00f1arol_Danubio_3.jpg 900w, https:\/\/www.padreydecano.com\/cms\/wp-content\/uploads\/2016\/10\/Christian_Adinolfi_Pe\u00f1arol_Danubio_3-600x397.jpg 600w, https:\/\/www.padreydecano.com\/cms\/wp-content\/uploads\/2016\/10\/Christian_Adinolfi_Pe\u00f1arol_Danubio_3-768x509.jpg 768w\" sizes=\"(max-width: 900px) 100vw, 900px\" \/><\/p>\n<p style=\"text-align: justify;\">El pr\u00f3ximo jueves, 16 de noviembre a las 17 horas, Pe\u00f1arol enfrentar\u00e1 a Danubio en condici\u00f3n de visitante por la und\u00e9cima fecha del Torneo Clausura. Jardines del Hip\u00f3dromo se caracteriza por ser un terreno complicado, sin embargo, de las \u00faltimas cinco visitas ante Danubio el Decano ha logrado un saldo positivo con dos victorias, dos empates y una derrota. En <span style=\"color: #ffcc00;\"><strong>padreydecano.com<\/strong><\/span> repasamos cada uno de los enfrentamienos<\/p>\n<p style=\"text-align: justify;\"><span style=\"color: #ffcc00;\"><strong>Torneo Apertura &#8211; 30\/9\/12<\/strong><\/span><\/p>\n<p style=\"text-align: justify;\">El resultado fue empate a cero por la quinta fecha. Pe\u00f1arol se coron\u00f3 campe\u00f3n del certamen habiendo cosechado 36 puntos. Luego se quedar\u00eda con el Campeonato Uruguayo.<\/p>\n<p style=\"text-align: justify;\">El equipo aquella tarde aline\u00f3 a\u00a0<strong>Enrique Bologna<\/strong>; <strong>Alejandro Gonz\u00e1lez<\/strong>, <strong>Carlos Vald\u00e9z<\/strong>, <strong>Dar\u00edo Rodr\u00edguez<\/strong>, <strong>Nicol\u00e1s Raguso<\/strong>; <strong>Carlos Grossm\u00fcller<\/strong>, <strong>Sebasti\u00e1n Crist\u00f3foro<\/strong>, <strong>Marcel Novick<\/strong>, <strong>Fabi\u00e1n Estoyanoff<\/strong>; <strong>Marcelo Zalayeta<\/strong> y <strong>Juan Manuel Olivera<\/strong>.<\/p>\n<p style=\"text-align: justify;\">DT: <strong>Jorge &#8216;Polilla&#8217; Da Silva<\/strong>.<\/p>\n<p><img loading=\"lazy\" decoding=\"async\" class=\"aligncenter wp-image-30937 size-full\" src=\"https:\/\/www.padreydecano.com\/cms\/wp-content\/uploads\/2012\/09\/DSC_0267-Copiar.jpg\" alt=\"\" width=\"800\" height=\"530\" srcset=\"https:\/\/www.padreydecano.com\/cms\/wp-content\/uploads\/2012\/09\/DSC_0267-Copiar.jpg 800w, https:\/\/www.padreydecano.com\/cms\/wp-content\/uploads\/2012\/09\/DSC_0267-Copiar-300x198.jpg 300w\" sizes=\"(max-width: 800px) 100vw, 800px\" \/><\/p>\n<p style=\"text-align: justify;\"><span style=\"color: #ffcc00;\"><strong>Torneo Clausura &#8211; 1\/3\/14<\/strong><\/span><\/p>\n<p style=\"text-align: justify;\">Pe\u00f1arol se qued\u00f3 con los 3 puntos tras derrotar en la quinta fecha a Danubio por 2-0 con goles de Antonio Pacheco a los 45&#8242; de penal y Marcelo Zalayeta a los 68&#8242;. En aquella oportunidad el carbonero termin\u00f3 en la segunda ubicaci\u00f3n con 33 puntos, detr\u00e1s de Wanderers que consigui\u00f3 35 unidades.<\/p>\n<p style=\"text-align: justify;\">Los titulares: <strong>Juan Castillo<\/strong>; <strong>Gonzalo Viera<\/strong>, <strong>Joe Emerson Bizera<\/strong>, <strong>Carlos Vald\u00e9z<\/strong>; <strong>Baltasar Silva<\/strong>, <strong>Pablo Lima<\/strong>, <strong>Hern\u00e1n Novick<\/strong>, <strong>Paolo Hurtado<\/strong>, <strong>Jorge Rodr\u00edguez<\/strong>; <strong>Antonio Pacheco<\/strong> y <strong>Javier Toledo<\/strong>.<\/p>\n<p>DT: <strong>Jorge Fossati<\/strong>.<\/p>\n<p><img loading=\"lazy\" decoding=\"async\" class=\"aligncenter size-full wp-image-45132\" src=\"https:\/\/www.padreydecano.com\/cms\/wp-content\/uploads\/2014\/03\/penarol-danubio-clausura-2014-00150.jpg\" alt=\"\" width=\"800\" height=\"530\" srcset=\"https:\/\/www.padreydecano.com\/cms\/wp-content\/uploads\/2014\/03\/penarol-danubio-clausura-2014-00150.jpg 800w, https:\/\/www.padreydecano.com\/cms\/wp-content\/uploads\/2014\/03\/penarol-danubio-clausura-2014-00150-300x198.jpg 300w\" sizes=\"(max-width: 800px) 100vw, 800px\" \/><\/p>\n<p style=\"text-align: justify;\"><strong><span style=\"color: #ffcc00;\">Torneo Apertura &#8211; 4\/10\/2014<\/span><\/strong><\/p>\n<p>Por la octava fecha del torneo, Danubio y Pe\u00f1arol igualaron a 1. A los 2&#8242; del encuentro, abri\u00f3 el marcador el equipo franjeado con gol de Miguel De los Santos y a falta de 13&#8242; para el final, empat\u00f3 el marcador Jorge &#8216;Japo&#8217; Rodr\u00edguez. El aurinegro finaliz\u00f3 en la tercera ubicaci\u00f3n del Apertura.<\/p>\n<p>Los 11 iniciales: <strong>Pablo Migliore<\/strong>; <strong>Gonzalo Viera<\/strong>, <strong>Carlos Vald\u00e9z<\/strong>, <strong>Dar\u00edo Rodr\u00edguez<\/strong>; <strong>Andr\u00e9s Rodales<\/strong>, <strong>Sebasti\u00e1n P\u00edriz<\/strong>, <strong>Jorge Rodr\u00edguez<\/strong>, <strong>Diogo Silvestre<\/strong>; <strong>Antonio Pacheco<\/strong>, <strong>Marcelo Zalayeta<\/strong> y <strong>Jonathan Rodr\u00edguez<\/strong>.<\/p>\n<p>DT: <strong>Jorge Fossati<\/strong>.<\/p>\n<p><img loading=\"lazy\" decoding=\"async\" class=\"aligncenter size-full wp-image-49162\" src=\"https:\/\/www.padreydecano.com\/cms\/wp-content\/uploads\/2014\/10\/Pe\u00f1arol_Christian_Adinolfi_Apertura_Danubio_2.jpg\" alt=\"\" width=\"800\" height=\"530\" srcset=\"https:\/\/www.padreydecano.com\/cms\/wp-content\/uploads\/2014\/10\/Pe\u00f1arol_Christian_Adinolfi_Apertura_Danubio_2.jpg 800w, https:\/\/www.padreydecano.com\/cms\/wp-content\/uploads\/2014\/10\/Pe\u00f1arol_Christian_Adinolfi_Apertura_Danubio_2-300x198.jpg 300w\" sizes=\"(max-width: 800px) 100vw, 800px\" \/><\/p>\n<p><span style=\"color: #ffcc00;\"><strong>Torneo Apertura &#8211; 3\/10\/2015<\/strong><\/span><\/p>\n<p>Por la octava fecha del Apertura 2015, Pe\u00f1arol derrot\u00f3 1-0 a Danubio en Jardines con gol de Luis Aguiar a los 55&#8242; de partido. El carbonero gan\u00f3 ese torneo con 31 puntos.<\/p>\n<p>El equipo de aquella tarde: <strong>Gast\u00f3n Guruceaga<\/strong>; <strong>Mat\u00edas Aguirregaray<\/strong>, <strong>Carlos Vald\u00e9z<\/strong>, <strong>Emilio Mac Eachen<\/strong>, <strong>Diogo Silvestre<\/strong>; <strong>Nahitan N\u00e1ndez<\/strong>, <strong>Luis Aguiar<\/strong>, <strong>Sebasti\u00e1n P\u00edriz<\/strong>; <strong>Diego Forl\u00e1n<\/strong>, <strong>Diego Ifr\u00e1n<\/strong> y <strong>Marcelo Zalayeta<\/strong>.<\/p>\n<p>DT: <strong>Pablo Javier Bengoechea<\/strong>.<\/p>\n<p><img loading=\"lazy\" decoding=\"async\" class=\"aligncenter size-full wp-image-54990\" src=\"https:\/\/www.padreydecano.com\/cms\/wp-content\/uploads\/2015\/10\/Pe\u00f1arol_Christian_Adinolfi_Danubio_2.jpg\" alt=\"\" width=\"900\" height=\"596\" srcset=\"https:\/\/www.padreydecano.com\/cms\/wp-content\/uploads\/2015\/10\/Pe\u00f1arol_Christian_Adinolfi_Danubio_2.jpg 900w, https:\/\/www.padreydecano.com\/cms\/wp-content\/uploads\/2015\/10\/Pe\u00f1arol_Christian_Adinolfi_Danubio_2-300x199.jpg 300w\" sizes=\"(max-width: 900px) 100vw, 900px\" \/><\/p>\n<p><strong><span style=\"color: #ffcc00;\">Uruguayo Especial &#8211; 9\/10\/16<\/span><\/strong><\/p>\n<p>La \u00faltima visita a Jardines no tuvo final feliz. Por la s\u00e9ptima fecha del Uruguayo Especial, Danubio se llev\u00f3 la victoria por 3-2. Junior Arias abri\u00f3 el marcador a los 13&#8242;, empat\u00f3 Rocaniere a los 16&#8242; para los dirigidos, en ese entonces, por Leonardo Ramos. Un minuto m\u00e1s tarde Junior vuelve a poner a Pe\u00f1arol en ventaja pero a los 22&#8242; Jonathan Dos Santos iguala el marcador con el que se ir\u00edan al descanso.<\/p>\n<p>Cuando parec\u00eda que el encuentro iba a terminar empatado, Joaqu\u00edn Ardaiz a los 90&#8242; le dio la victoria al equipo de la Curva. El aurinegro tuvo una campa\u00f1a para el olvido: termin\u00f3 decimocuarto.<\/p>\n<p>Los titulares: <strong>Dami\u00e1n Frascarelli<\/strong>; <strong>Alex Silva<\/strong>, <strong>Carlos Vald\u00e9z<\/strong>, <strong>Matheus Bressan<\/strong>, <strong>Andr\u00e9s Rodales<\/strong>; <strong>Nahitan N\u00e1ndez<\/strong>, <strong>\u00c1ngel Rodr\u00edguez<\/strong>, <strong>Guzm\u00e1n Pereira<\/strong>, <strong>Nicol\u00e1s Albarrac\u00edn<\/strong>; <strong>Junior Arias<\/strong> y <strong>Miguel Murillo<\/strong>.<\/p>\n<p>DT: <strong>Jorge Da Silva<\/strong>.<\/p>\n<p><img loading=\"lazy\" decoding=\"async\" class=\"aligncenter size-full wp-image-60732\" src=\"https:\/\/www.padreydecano.com\/cms\/wp-content\/uploads\/2016\/10\/danubio-pe\u00f1arol-jardines-torneo-especial-2016-foto-mariano-alvez-10.jpg\" alt=\"\" width=\"900\" height=\"600\" srcset=\"https:\/\/www.padreydecano.com\/cms\/wp-content\/uploads\/2016\/10\/danubio-pe\u00f1arol-jardines-torneo-especial-2016-foto-mariano-alvez-10.jpg 900w, https:\/\/www.padreydecano.com\/cms\/wp-content\/uploads\/2016\/10\/danubio-pe\u00f1arol-jardines-torneo-especial-2016-foto-mariano-alvez-10-600x400.jpg 600w, https:\/\/www.padreydecano.com\/cms\/wp-content\/uploads\/2016\/10\/danubio-pe\u00f1arol-jardines-torneo-especial-2016-foto-mariano-alvez-10-768x512.jpg 768w\" sizes=\"(max-width: 900px) 100vw, 900px\" \/><\/p>\n","protected":false},"excerpt":{"rendered":"<p>El pr\u00f3ximo jueves, 16 de noviembre a las 17 horas, Pe\u00f1arol enfrentar\u00e1 a Danubio en condici\u00f3n de visitante por la und\u00e9cima fecha del Torneo Clausura. Jardines del Hip\u00f3dromo se caracteriza por ser un terreno complicado, sin embargo, de las \u00faltimas cinco visitas ante Danubio el Decano ha logrado un saldo positivo con dos victorias, dos [&hellip;]<\/p>\n","protected":false},"author":27,"featured_media":60746,"comment_status":"open","ping_status":"closed","sticky":false,"template":"","format":"standard","meta":{"footnotes":""},"categories":[1],"tags":[],"yoast_head":"<!-- This site is optimized with the Yoast SEO plugin v23.2 - https:\/\/yoast.com\/wordpress\/plugins\/seo\/ -->\n<title>Saldo positivo en las \u00faltimas 5 visitas a Jardines ante Danubio - Padre y Decano - El Sitio del Pueblo<\/title>\n<meta name=\"robots\" content=\"index, follow, max-snippet:-1, max-image-preview:large, max-video-preview:-1\" \/>\n<link rel=\"canonical\" href=\"https:\/\/www.padreydecano.com\/cms\/noticias\/saldo-positivo-en-las-ultimas-5-visitas-a-jardines-ante-danubio\/\" \/>\n<meta property=\"og:locale\" content=\"es_ES\" \/>\n<meta property=\"og:type\" content=\"article\" \/>\n<meta property=\"og:title\" content=\"Saldo positivo en las \u00faltimas 5 visitas a Jardines ante Danubio - Padre y Decano - El Sitio del Pueblo\" \/>\n<meta property=\"og:description\" content=\"El pr\u00f3ximo jueves, 16 de noviembre a las 17 horas, Pe\u00f1arol enfrentar\u00e1 a Danubio en condici\u00f3n de visitante por la und\u00e9cima fecha del Torneo Clausura. Jardines del Hip\u00f3dromo se caracteriza por ser un terreno complicado, sin embargo, de las \u00faltimas cinco visitas ante Danubio el Decano ha logrado un saldo positivo con dos victorias, dos [&hellip;]\" \/>\n<meta property=\"og:url\" content=\"https:\/\/www.padreydecano.com\/cms\/noticias\/saldo-positivo-en-las-ultimas-5-visitas-a-jardines-ante-danubio\/\" \/>\n<meta property=\"og:site_name\" content=\"Padre y Decano - El Sitio del Pueblo\" \/>\n<meta property=\"article:published_time\" content=\"2017-11-13T18:13:51+00:00\" \/>\n<meta property=\"article:modified_time\" content=\"2017-11-13T18:14:43+00:00\" \/>\n<meta property=\"og:image\" content=\"https:\/\/www.padreydecano.com\/cms\/wp-content\/uploads\/2016\/10\/Christian_Adinolfi_Pe\u00f1arol_Danubio_3.jpg\" \/>\n\t<meta property=\"og:image:width\" content=\"900\" \/>\n\t<meta property=\"og:image:height\" content=\"596\" \/>\n\t<meta property=\"og:image:type\" content=\"image\/jpeg\" \/>\n<meta name=\"author\" content=\"Redactores Padre y Decano\" \/>\n<meta name=\"twitter:card\" content=\"summary_large_image\" \/>\n<meta name=\"twitter:label1\" content=\"Escrito por\" \/>\n\t<meta name=\"twitter:data1\" content=\"Redactores Padre y Decano\" \/>\n\t<meta name=\"twitter:label2\" content=\"Tiempo de lectura\" \/>\n\t<meta name=\"twitter:data2\" content=\"3 minutos\" \/>\n<script type=\"application\/ld+json\" class=\"yoast-schema-graph\">{\"@context\":\"https:\/\/schema.org\",\"@graph\":[{\"@type\":\"Article\",\"@id\":\"https:\/\/www.padreydecano.com\/cms\/noticias\/saldo-positivo-en-las-ultimas-5-visitas-a-jardines-ante-danubio\/#article\",\"isPartOf\":{\"@id\":\"https:\/\/www.padreydecano.com\/cms\/noticias\/saldo-positivo-en-las-ultimas-5-visitas-a-jardines-ante-danubio\/\"},\"author\":{\"name\":\"Redactores Padre y Decano\",\"@id\":\"https:\/\/www.padreydecano.com\/cms\/#\/schema\/person\/37aae8f93aa78e4c5385497f056e3246\"},\"headline\":\"Saldo positivo en las \u00faltimas 5 visitas a Jardines ante Danubio\",\"datePublished\":\"2017-11-13T18:13:51+00:00\",\"dateModified\":\"2017-11-13T18:14:43+00:00\",\"mainEntityOfPage\":{\"@id\":\"https:\/\/www.padreydecano.com\/cms\/noticias\/saldo-positivo-en-las-ultimas-5-visitas-a-jardines-ante-danubio\/\"},\"wordCount\":559,\"commentCount\":5,\"publisher\":{\"@id\":\"https:\/\/www.padreydecano.com\/cms\/#organization\"},\"image\":{\"@id\":\"https:\/\/www.padreydecano.com\/cms\/noticias\/saldo-positivo-en-las-ultimas-5-visitas-a-jardines-ante-danubio\/#primaryimage\"},\"thumbnailUrl\":\"https:\/\/www.padreydecano.com\/cms\/wp-content\/uploads\/2016\/10\/Christian_Adinolfi_Pe\u00f1arol_Danubio_3.jpg\",\"articleSection\":[\"Noticias\"],\"inLanguage\":\"es\",\"potentialAction\":[{\"@type\":\"CommentAction\",\"name\":\"Comment\",\"target\":[\"https:\/\/www.padreydecano.com\/cms\/noticias\/saldo-positivo-en-las-ultimas-5-visitas-a-jardines-ante-danubio\/#respond\"]}]},{\"@type\":\"WebPage\",\"@id\":\"https:\/\/www.padreydecano.com\/cms\/noticias\/saldo-positivo-en-las-ultimas-5-visitas-a-jardines-ante-danubio\/\",\"url\":\"https:\/\/www.padreydecano.com\/cms\/noticias\/saldo-positivo-en-las-ultimas-5-visitas-a-jardines-ante-danubio\/\",\"name\":\"Saldo positivo en las \u00faltimas 5 visitas a Jardines ante Danubio - Padre y Decano - El Sitio del Pueblo\",\"isPartOf\":{\"@id\":\"https:\/\/www.padreydecano.com\/cms\/#website\"},\"primaryImageOfPage\":{\"@id\":\"https:\/\/www.padreydecano.com\/cms\/noticias\/saldo-positivo-en-las-ultimas-5-visitas-a-jardines-ante-danubio\/#primaryimage\"},\"image\":{\"@id\":\"https:\/\/www.padreydecano.com\/cms\/noticias\/saldo-positivo-en-las-ultimas-5-visitas-a-jardines-ante-danubio\/#primaryimage\"},\"thumbnailUrl\":\"https:\/\/www.padreydecano.com\/cms\/wp-content\/uploads\/2016\/10\/Christian_Adinolfi_Pe\u00f1arol_Danubio_3.jpg\",\"datePublished\":\"2017-11-13T18:13:51+00:00\",\"dateModified\":\"2017-11-13T18:14:43+00:00\",\"breadcrumb\":{\"@id\":\"https:\/\/www.padreydecano.com\/cms\/noticias\/saldo-positivo-en-las-ultimas-5-visitas-a-jardines-ante-danubio\/#breadcrumb\"},\"inLanguage\":\"es\",\"potentialAction\":[{\"@type\":\"ReadAction\",\"target\":[\"https:\/\/www.padreydecano.com\/cms\/noticias\/saldo-positivo-en-las-ultimas-5-visitas-a-jardines-ante-danubio\/\"]}]},{\"@type\":\"ImageObject\",\"inLanguage\":\"es\",\"@id\":\"https:\/\/www.padreydecano.com\/cms\/noticias\/saldo-positivo-en-las-ultimas-5-visitas-a-jardines-ante-danubio\/#primaryimage\",\"url\":\"https:\/\/www.padreydecano.com\/cms\/wp-content\/uploads\/2016\/10\/Christian_Adinolfi_Pe\u00f1arol_Danubio_3.jpg\",\"contentUrl\":\"https:\/\/www.padreydecano.com\/cms\/wp-content\/uploads\/2016\/10\/Christian_Adinolfi_Pe\u00f1arol_Danubio_3.jpg\",\"width\":900,\"height\":596},{\"@type\":\"BreadcrumbList\",\"@id\":\"https:\/\/www.padreydecano.com\/cms\/noticias\/saldo-positivo-en-las-ultimas-5-visitas-a-jardines-ante-danubio\/#breadcrumb\",\"itemListElement\":[{\"@type\":\"ListItem\",\"position\":1,\"name\":\"Portada\",\"item\":\"https:\/\/www.padreydecano.com\/cms\/\"},{\"@type\":\"ListItem\",\"position\":2,\"name\":\"Saldo positivo en las \u00faltimas 5 visitas a Jardines ante Danubio\"}]},{\"@type\":\"WebSite\",\"@id\":\"https:\/\/www.padreydecano.com\/cms\/#website\",\"url\":\"https:\/\/www.padreydecano.com\/cms\/\",\"name\":\"Padre y Decano - El Sitio del Pueblo\",\"description\":\"Club Atl\u00e9tico Pe\u00f1arol\",\"publisher\":{\"@id\":\"https:\/\/www.padreydecano.com\/cms\/#organization\"},\"potentialAction\":[{\"@type\":\"SearchAction\",\"target\":{\"@type\":\"EntryPoint\",\"urlTemplate\":\"https:\/\/www.padreydecano.com\/cms\/?s={search_term_string}\"},\"query-input\":\"required name=search_term_string\"}],\"inLanguage\":\"es\"},{\"@type\":\"Organization\",\"@id\":\"https:\/\/www.padreydecano.com\/cms\/#organization\",\"name\":\"Padre y Decano\",\"url\":\"https:\/\/www.padreydecano.com\/cms\/\",\"logo\":{\"@type\":\"ImageObject\",\"inLanguage\":\"es\",\"@id\":\"https:\/\/www.padreydecano.com\/cms\/#\/schema\/logo\/image\/\",\"url\":\"https:\/\/www.padreydecano.com\/cms\/wp-content\/uploads\/2022\/01\/avatar-square.png\",\"contentUrl\":\"https:\/\/www.padreydecano.com\/cms\/wp-content\/uploads\/2022\/01\/avatar-square.png\",\"width\":1500,\"height\":1500,\"caption\":\"Padre y Decano\"},\"image\":{\"@id\":\"https:\/\/www.padreydecano.com\/cms\/#\/schema\/logo\/image\/\"}},{\"@type\":\"Person\",\"@id\":\"https:\/\/www.padreydecano.com\/cms\/#\/schema\/person\/37aae8f93aa78e4c5385497f056e3246\",\"name\":\"Redactores Padre y Decano\",\"image\":{\"@type\":\"ImageObject\",\"inLanguage\":\"es\",\"@id\":\"https:\/\/www.padreydecano.com\/cms\/#\/schema\/person\/image\/\",\"url\":\"https:\/\/secure.gravatar.com\/avatar\/8810c4b9081192b118b104af54549af8?s=96&d=https%3A%2F%2Fpadreydecano.com%2Fcms%2Fwp-content%2Fthemes%2Fpyd-theme%2Fimg%2Fdefault-avatar.png&r=g\",\"contentUrl\":\"https:\/\/secure.gravatar.com\/avatar\/8810c4b9081192b118b104af54549af8?s=96&d=https%3A%2F%2Fpadreydecano.com%2Fcms%2Fwp-content%2Fthemes%2Fpyd-theme%2Fimg%2Fdefault-avatar.png&r=g\",\"caption\":\"Redactores Padre y Decano\"},\"sameAs\":[\"http:\/\/www.padreydecano.com\"]}]}<\/script>\n<!-- \/ Yoast SEO plugin. -->","yoast_head_json":{"title":"Saldo positivo en las \u00faltimas 5 visitas a Jardines ante Danubio - Padre y Decano - El Sitio del Pueblo","robots":{"index":"index","follow":"follow","max-snippet":"max-snippet:-1","max-image-preview":"max-image-preview:large","max-video-preview":"max-video-preview:-1"},"canonical":"https:\/\/www.padreydecano.com\/cms\/noticias\/saldo-positivo-en-las-ultimas-5-visitas-a-jardines-ante-danubio\/","og_locale":"es_ES","og_type":"article","og_title":"Saldo positivo en las \u00faltimas 5 visitas a Jardines ante Danubio - Padre y Decano - El Sitio del Pueblo","og_description":"El pr\u00f3ximo jueves, 16 de noviembre a las 17 horas, Pe\u00f1arol enfrentar\u00e1 a Danubio en condici\u00f3n de visitante por la und\u00e9cima fecha del Torneo Clausura. Jardines del Hip\u00f3dromo se caracteriza por ser un terreno complicado, sin embargo, de las \u00faltimas cinco visitas ante Danubio el Decano ha logrado un saldo positivo con dos victorias, dos [&hellip;]","og_url":"https:\/\/www.padreydecano.com\/cms\/noticias\/saldo-positivo-en-las-ultimas-5-visitas-a-jardines-ante-danubio\/","og_site_name":"Padre y Decano - El Sitio del Pueblo","article_published_time":"2017-11-13T18:13:51+00:00","article_modified_time":"2017-11-13T18:14:43+00:00","og_image":[{"width":900,"height":596,"url":"https:\/\/www.padreydecano.com\/cms\/wp-content\/uploads\/2016\/10\/Christian_Adinolfi_Pe\u00f1arol_Danubio_3.jpg","type":"image\/jpeg"}],"author":"Redactores Padre y Decano","twitter_card":"summary_large_image","twitter_misc":{"Escrito por":"Redactores Padre y Decano","Tiempo de lectura":"3 minutos"},"schema":{"@context":"https:\/\/schema.org","@graph":[{"@type":"Article","@id":"https:\/\/www.padreydecano.com\/cms\/noticias\/saldo-positivo-en-las-ultimas-5-visitas-a-jardines-ante-danubio\/#article","isPartOf":{"@id":"https:\/\/www.padreydecano.com\/cms\/noticias\/saldo-positivo-en-las-ultimas-5-visitas-a-jardines-ante-danubio\/"},"author":{"name":"Redactores Padre y Decano","@id":"https:\/\/www.padreydecano.com\/cms\/#\/schema\/person\/37aae8f93aa78e4c5385497f056e3246"},"headline":"Saldo positivo en las \u00faltimas 5 visitas a Jardines ante Danubio","datePublished":"2017-11-13T18:13:51+00:00","dateModified":"2017-11-13T18:14:43+00:00","mainEntityOfPage":{"@id":"https:\/\/www.padreydecano.com\/cms\/noticias\/saldo-positivo-en-las-ultimas-5-visitas-a-jardines-ante-danubio\/"},"wordCount":559,"commentCount":5,"publisher":{"@id":"https:\/\/www.padreydecano.com\/cms\/#organization"},"image":{"@id":"https:\/\/www.padreydecano.com\/cms\/noticias\/saldo-positivo-en-las-ultimas-5-visitas-a-jardines-ante-danubio\/#primaryimage"},"thumbnailUrl":"https:\/\/www.padreydecano.com\/cms\/wp-content\/uploads\/2016\/10\/Christian_Adinolfi_Pe\u00f1arol_Danubio_3.jpg","articleSection":["Noticias"],"inLanguage":"es","potentialAction":[{"@type":"CommentAction","name":"Comment","target":["https:\/\/www.padreydecano.com\/cms\/noticias\/saldo-positivo-en-las-ultimas-5-visitas-a-jardines-ante-danubio\/#respond"]}]},{"@type":"WebPage","@id":"https:\/\/www.padreydecano.com\/cms\/noticias\/saldo-positivo-en-las-ultimas-5-visitas-a-jardines-ante-danubio\/","url":"https:\/\/www.padreydecano.com\/cms\/noticias\/saldo-positivo-en-las-ultimas-5-visitas-a-jardines-ante-danubio\/","name":"Saldo positivo en las \u00faltimas 5 visitas a Jardines ante Danubio - Padre y Decano - El Sitio del Pueblo","isPartOf":{"@id":"https:\/\/www.padreydecano.com\/cms\/#website"},"primaryImageOfPage":{"@id":"https:\/\/www.padreydecano.com\/cms\/noticias\/saldo-positivo-en-las-ultimas-5-visitas-a-jardines-ante-danubio\/#primaryimage"},"image":{"@id":"https:\/\/www.padreydecano.com\/cms\/noticias\/saldo-positivo-en-las-ultimas-5-visitas-a-jardines-ante-danubio\/#primaryimage"},"thumbnailUrl":"https:\/\/www.padreydecano.com\/cms\/wp-content\/uploads\/2016\/10\/Christian_Adinolfi_Pe\u00f1arol_Danubio_3.jpg","datePublished":"2017-11-13T18:13:51+00:00","dateModified":"2017-11-13T18:14:43+00:00","breadcrumb":{"@id":"https:\/\/www.padreydecano.com\/cms\/noticias\/saldo-positivo-en-las-ultimas-5-visitas-a-jardines-ante-danubio\/#breadcrumb"},"inLanguage":"es","potentialAction":[{"@type":"ReadAction","target":["https:\/\/www.padreydecano.com\/cms\/noticias\/saldo-positivo-en-las-ultimas-5-visitas-a-jardines-ante-danubio\/"]}]},{"@type":"ImageObject","inLanguage":"es","@id":"https:\/\/www.padreydecano.com\/cms\/noticias\/saldo-positivo-en-las-ultimas-5-visitas-a-jardines-ante-danubio\/#primaryimage","url":"https:\/\/www.padreydecano.com\/cms\/wp-content\/uploads\/2016\/10\/Christian_Adinolfi_Pe\u00f1arol_Danubio_3.jpg","contentUrl":"https:\/\/www.padreydecano.com\/cms\/wp-content\/uploads\/2016\/10\/Christian_Adinolfi_Pe\u00f1arol_Danubio_3.jpg","width":900,"height":596},{"@type":"BreadcrumbList","@id":"https:\/\/www.padreydecano.com\/cms\/noticias\/saldo-positivo-en-las-ultimas-5-visitas-a-jardines-ante-danubio\/#breadcrumb","itemListElement":[{"@type":"ListItem","position":1,"name":"Portada","item":"https:\/\/www.padreydecano.com\/cms\/"},{"@type":"ListItem","position":2,"name":"Saldo positivo en las \u00faltimas 5 visitas a Jardines ante Danubio"}]},{"@type":"WebSite","@id":"https:\/\/www.padreydecano.com\/cms\/#website","url":"https:\/\/www.padreydecano.com\/cms\/","name":"Padre y Decano - El Sitio del Pueblo","description":"Club Atl\u00e9tico Pe\u00f1arol","publisher":{"@id":"https:\/\/www.padreydecano.com\/cms\/#organization"},"potentialAction":[{"@type":"SearchAction","target":{"@type":"EntryPoint","urlTemplate":"https:\/\/www.padreydecano.com\/cms\/?s={search_term_string}"},"query-input":"required name=search_term_string"}],"inLanguage":"es"},{"@type":"Organization","@id":"https:\/\/www.padreydecano.com\/cms\/#organization","name":"Padre y Decano","url":"https:\/\/www.padreydecano.com\/cms\/","logo":{"@type":"ImageObject","inLanguage":"es","@id":"https:\/\/www.padreydecano.com\/cms\/#\/schema\/logo\/image\/","url":"https:\/\/www.padreydecano.com\/cms\/wp-content\/uploads\/2022\/01\/avatar-square.png","contentUrl":"https:\/\/www.padreydecano.com\/cms\/wp-content\/uploads\/2022\/01\/avatar-square.png","width":1500,"height":1500,"caption":"Padre y Decano"},"image":{"@id":"https:\/\/www.padreydecano.com\/cms\/#\/schema\/logo\/image\/"}},{"@type":"Person","@id":"https:\/\/www.padreydecano.com\/cms\/#\/schema\/person\/37aae8f93aa78e4c5385497f056e3246","name":"Redactores Padre y Decano","image":{"@type":"ImageObject","inLanguage":"es","@id":"https:\/\/www.padreydecano.com\/cms\/#\/schema\/person\/image\/","url":"https:\/\/secure.gravatar.com\/avatar\/8810c4b9081192b118b104af54549af8?s=96&d=https%3A%2F%2Fpadreydecano.com%2Fcms%2Fwp-content%2Fthemes%2Fpyd-theme%2Fimg%2Fdefault-avatar.png&r=g","contentUrl":"https:\/\/secure.gravatar.com\/avatar\/8810c4b9081192b118b104af54549af8?s=96&d=https%3A%2F%2Fpadreydecano.com%2Fcms%2Fwp-content%2Fthemes%2Fpyd-theme%2Fimg%2Fdefault-avatar.png&r=g","caption":"Redactores Padre y Decano"},"sameAs":["http:\/\/www.padreydecano.com"]}]}},"_links":{"self":[{"href":"https:\/\/www.padreydecano.com\/cms\/wp-json\/wp\/v2\/posts\/65188"}],"collection":[{"href":"https:\/\/www.padreydecano.com\/cms\/wp-json\/wp\/v2\/posts"}],"about":[{"href":"https:\/\/www.padreydecano.com\/cms\/wp-json\/wp\/v2\/types\/post"}],"author":[{"embeddable":true,"href":"https:\/\/www.padreydecano.com\/cms\/wp-json\/wp\/v2\/users\/27"}],"replies":[{"embeddable":true,"href":"https:\/\/www.padreydecano.com\/cms\/wp-json\/wp\/v2\/comments?post=65188"}],"version-history":[{"count":0,"href":"https:\/\/www.padreydecano.com\/cms\/wp-json\/wp\/v2\/posts\/65188\/revisions"}],"wp:featuredmedia":[{"embeddable":true,"href":"https:\/\/www.padreydecano.com\/cms\/wp-json\/wp\/v2\/media\/60746"}],"wp:attachment":[{"href":"https:\/\/www.padreydecano.com\/cms\/wp-json\/wp\/v2\/media?parent=65188"}],"wp:term":[{"taxonomy":"category","embeddable":true,"href":"https:\/\/www.padreydecano.com\/cms\/wp-json\/wp\/v2\/categories?post=65188"},{"taxonomy":"post_tag","embeddable":true,"href":"https:\/\/www.padreydecano.com\/cms\/wp-json\/wp\/v2\/tags?post=65188"}],"curies":[{"name":"wp","href":"https:\/\/api.w.org\/{rel}","templated":true}]}}