{"id":64683,"date":"2017-10-07T20:26:04","date_gmt":"2017-10-07T23:26:04","guid":{"rendered":"http:\/\/www.padreydecano.com\/cms\/?p=64683"},"modified":"2017-10-10T08:13:58","modified_gmt":"2017-10-10T11:13:58","slug":"gano-gusto-y-goleo","status":"publish","type":"post","link":"https:\/\/www.padreydecano.com\/cms\/partidos\/gano-gusto-y-goleo\/","title":{"rendered":"Gan\u00f3, gust\u00f3 y gole\u00f3"},"content":{"rendered":"<p style=\"text-align: justify;\"><strong><a href=\"https:\/\/www.padreydecano.com\/cms\/wp-content\/uploads\/2017\/10\/3FE3F550-09CE-4F78-B4AF-C3125DA4525B.jpeg\" rel=\"shadowbox[sbpost-64683];player=img;\"><img loading=\"lazy\" decoding=\"async\" class=\"aligncenter wp-image-64684 size-large\" src=\"https:\/\/www.padreydecano.com\/cms\/wp-content\/uploads\/2017\/10\/3FE3F550-09CE-4F78-B4AF-C3125DA4525B-1024x683.jpeg\" alt=\"\" width=\"620\" height=\"414\" srcset=\"https:\/\/www.padreydecano.com\/cms\/wp-content\/uploads\/2017\/10\/3FE3F550-09CE-4F78-B4AF-C3125DA4525B-1024x683.jpeg 1024w, https:\/\/www.padreydecano.com\/cms\/wp-content\/uploads\/2017\/10\/3FE3F550-09CE-4F78-B4AF-C3125DA4525B-600x400.jpeg 600w, https:\/\/www.padreydecano.com\/cms\/wp-content\/uploads\/2017\/10\/3FE3F550-09CE-4F78-B4AF-C3125DA4525B-768x512.jpeg 768w, https:\/\/www.padreydecano.com\/cms\/wp-content\/uploads\/2017\/10\/3FE3F550-09CE-4F78-B4AF-C3125DA4525B.jpeg 1190w\" sizes=\"(max-width: 620px) 100vw, 620px\" \/><\/a><\/strong><\/p>\n<p style=\"text-align: justify;\"><strong>Pe\u00f1arol venci\u00f3 3 a 0 a F\u00e9nix con goles de Lucas Viatri, Fabricio Formiliano y Diego Rossi.<\/strong><\/p>\n<p style=\"text-align: justify;\">En un partido pr\u00e1cticamente perfecto le pasamos por arriba a F\u00e9nix los 90 minutos. Con mucho juego asociado, mucha intensidad y muchas llegadas de gol no tuvimos rival en cancha.<\/p>\n<p style=\"text-align: justify;\">A los 2 minutos de comenzado el partido tuvimos un penal a favor. Guillermo Varela tir\u00f3 un centro que par\u00f3 con la mano Ra\u00fal Ferro y el \u00e1rbitro a instancias del juez de l\u00ednea marc\u00f3 la pena m\u00e1xima.<\/p>\n<p style=\"text-align: justify;\">Lucas Viatri ejecut\u00f3 fuerte y al medio, pero el arquero Dar\u00edo Denis le contuvo el remate con los pies. El argentino segu\u00eda con el arco cerrado, hasta que un rato m\u00e1s tarde Lucas Hern\u00e1ndez coloc\u00f3 un muy buen centro de tiro libre y <strong>Viatri gan\u00f3 con claridad por arriba marcando el 1 a 0 de cabeza.<\/strong><\/p>\n<p style=\"text-align: justify;\">Pe\u00f1arol sigui\u00f3 insistiendo y marcando su superioridad con su rival. Tan solo 3 minutos despu\u00e9s del primer gol y tras otra jugada de bal\u00f3n parado <strong>Fabricio Formiliano marc\u00f3 el segundo y cerr\u00f3 el partido.<\/strong> F\u00e9nix nunca pudo frenar el buen juego carbonero.<\/p>\n<p style=\"text-align: justify;\">Maxi Rodr\u00edguez y Walter Gargano reventaron el vertical en diferentes ocasiones antes de finalizar el primer tiempo.<\/p>\n<p><a href=\"https:\/\/www.padreydecano.com\/cms\/wp-content\/uploads\/2017\/10\/final-3.jpg\" rel=\"shadowbox[sbpost-64683];player=img;\"><img loading=\"lazy\" decoding=\"async\" class=\"aligncenter size-medium wp-image-64687\" src=\"https:\/\/www.padreydecano.com\/cms\/wp-content\/uploads\/2017\/10\/final-3-600x400.jpg\" alt=\"\" width=\"600\" height=\"400\" srcset=\"https:\/\/www.padreydecano.com\/cms\/wp-content\/uploads\/2017\/10\/final-3-600x400.jpg 600w, https:\/\/www.padreydecano.com\/cms\/wp-content\/uploads\/2017\/10\/final-3-768x512.jpg 768w, https:\/\/www.padreydecano.com\/cms\/wp-content\/uploads\/2017\/10\/final-3-1024x683.jpg 1024w, https:\/\/www.padreydecano.com\/cms\/wp-content\/uploads\/2017\/10\/final-3.jpg 1341w\" sizes=\"(max-width: 600px) 100vw, 600px\" \/><\/a><\/p>\n<p style=\"text-align: justify;\">En el segundo tiempo y luego de haber tenido varias chances de gol, Lucas Hern\u00e1ndez en posici\u00f3n ofensiva tir\u00f3 otro centro que termin\u00f3 llegando a los pies de <strong>Diego Rossi, quien cruz\u00f3 la pelota y anot\u00f3 el 3 a 0.<\/strong><\/p>\n<p style=\"text-align: justify;\">Guillermo Varela, Lucas Hern\u00e1ndez, Walter Gargano, Gast\u00f3n Rodr\u00edguez y Diego Rossi tuvieron un gran rendimiento.<\/p>\n<p style=\"text-align: justify;\">La nota negativa fue que Ram\u00f3n \u00abCachila\u00bb Arias fue expulsado por doble amarilla. El hoy capit\u00e1n del equipo cruz\u00f3 toda la cancha para defender a Gast\u00f3n Rodr\u00edguez -innecesariamente- ante recriminaciones de algunos jugadores\u00a0 de F\u00e9nix.\u00a0 El zaguero se perder\u00e1 el pr\u00f3ximo partido ante Rampla Juniors.<\/p>\n<p style=\"text-align: justify;\">En el segundo tiempo ingres\u00f3 y as\u00ed hizo su debut oficial el juvenil Franco Mart\u00ednez. Tuvo muy correctos minutos.<\/p>\n<p style=\"text-align: justify;\">Pe\u00f1arol gan\u00f3 los 6 partidos que disput\u00f3, es el equipo m\u00e1s goleador del Clausura (14 goles) y el menos goleado (tiene tan solo 1 gol en contra).<\/p>\n\n\t\t<style type=\"text\/css\">\n\t\t\t#gallery-1 {\n\t\t\t\tmargin: auto;\n\t\t\t}\n\t\t\t#gallery-1 .gallery-item {\n\t\t\t\tfloat: left;\n\t\t\t\tmargin-top: 10px;\n\t\t\t\ttext-align: center;\n\t\t\t\twidth: 33%;\n\t\t\t}\n\t\t\t#gallery-1 img {\n\t\t\t\tborder: 2px solid #cfcfcf;\n\t\t\t}\n\t\t\t#gallery-1 .gallery-caption {\n\t\t\t\tmargin-left: 0;\n\t\t\t}\n\t\t\t\/* see gallery_shortcode() in wp-includes\/media.php *\/\n\t\t<\/style>\n\t\t<div id='gallery-1' class='gallery galleryid-64683 gallery-columns-3 gallery-size-thumbnail'><dl class='gallery-item'>\n\t\t\t<dt class='gallery-icon landscape'>\n\t\t\t\t<a href='https:\/\/www.padreydecano.com\/cms\/wp-content\/uploads\/2017\/10\/final-4.jpg' rel='shadowbox[sbalbum-64683];player=img;'><img loading=\"lazy\" decoding=\"async\" width=\"150\" height=\"150\" src=\"https:\/\/www.padreydecano.com\/cms\/wp-content\/uploads\/2017\/10\/final-4-150x150.jpg\" class=\"attachment-thumbnail size-thumbnail\" alt=\"\" srcset=\"https:\/\/www.padreydecano.com\/cms\/wp-content\/uploads\/2017\/10\/final-4-150x150.jpg 150w, https:\/\/www.padreydecano.com\/cms\/wp-content\/uploads\/2017\/10\/final-4-36x36.jpg 36w\" sizes=\"(max-width: 150px) 100vw, 150px\" \/><\/a>\n\t\t\t<\/dt><\/dl><dl class='gallery-item'>\n\t\t\t<dt class='gallery-icon landscape'>\n\t\t\t\t<a href='https:\/\/www.padreydecano.com\/cms\/wp-content\/uploads\/2017\/10\/final-5.jpg' rel='shadowbox[sbalbum-64683];player=img;'><img loading=\"lazy\" decoding=\"async\" width=\"150\" height=\"150\" src=\"https:\/\/www.padreydecano.com\/cms\/wp-content\/uploads\/2017\/10\/final-5-150x150.jpg\" class=\"attachment-thumbnail size-thumbnail\" alt=\"\" srcset=\"https:\/\/www.padreydecano.com\/cms\/wp-content\/uploads\/2017\/10\/final-5-150x150.jpg 150w, https:\/\/www.padreydecano.com\/cms\/wp-content\/uploads\/2017\/10\/final-5-36x36.jpg 36w\" sizes=\"(max-width: 150px) 100vw, 150px\" \/><\/a>\n\t\t\t<\/dt><\/dl><dl class='gallery-item'>\n\t\t\t<dt class='gallery-icon landscape'>\n\t\t\t\t<a href='https:\/\/www.padreydecano.com\/cms\/wp-content\/uploads\/2017\/10\/final-6.jpg' rel='shadowbox[sbalbum-64683];player=img;'><img loading=\"lazy\" decoding=\"async\" width=\"150\" height=\"150\" src=\"https:\/\/www.padreydecano.com\/cms\/wp-content\/uploads\/2017\/10\/final-6-150x150.jpg\" class=\"attachment-thumbnail size-thumbnail\" alt=\"\" srcset=\"https:\/\/www.padreydecano.com\/cms\/wp-content\/uploads\/2017\/10\/final-6-150x150.jpg 150w, https:\/\/www.padreydecano.com\/cms\/wp-content\/uploads\/2017\/10\/final-6-36x36.jpg 36w\" sizes=\"(max-width: 150px) 100vw, 150px\" \/><\/a>\n\t\t\t<\/dt><\/dl><br style=\"clear: both\" \/>\n\t\t<\/div>\n\n<p><span style=\"color: #ffcc02;\"><strong>Ficha del partido<\/strong><\/span><\/p>\n<p><strong>Pe\u00f1arol 3 &#8211; 0 F\u00e9nix<\/strong><\/p>\n<p><strong>Cancha:<\/strong>\u00a0Estadio Campe\u00f3n del Siglo.\u00a0<strong>Jueces:<\/strong>\u00a0Esteban Ostojich, Richard Trinidad y Sebasti\u00e1n Silvera.<\/p>\n<p style=\"text-align: justify;\"><strong>PE\u00d1AROL:<\/strong>\u00a0Kevin Dawson; Guillermo Varela, Fabricio Formiliano, Ram\u00f3n Arias, Lucas Hern\u00e1ndez; Diego Rossi, Walter Gargano (71\u2032 Franco Mart\u00ednez), Guzm\u00e1n Pereira, Gast\u00f3n Rodr\u00edguez (75\u2032 Yeferson Quintana); Maximiliano Rodr\u00edguez y Lucas Viatri (55\u2032 Cristian Palacios).\u00a0<strong>Director t\u00e9cnico:\u00a0<\/strong>Leonardo Ramos.<strong>\u00a0Suplentes:\u00a0<\/strong>Gast\u00f3n Guruceaga, Hern\u00e1n Petryk, Fabi\u00e1n P\u00edriz y \u00c1ngel Rodr\u00edguez.<\/p>\n<p style=\"text-align: justify;\"><strong>F\u00c9NIX:\u00a0<\/strong>Dar\u00edo Denis, Mart\u00edn Gonz\u00e1lez, Rodrigo Cabrera, Andr\u00e9s Barboza, Agust\u00edn Canobbio,\u00a0Maximiliano Cantera (73\u2032 Federico Laens), Ra\u00fal Ferro, Leandro Ezquerra (86\u2032 Mat\u00edas Acu\u00f1a), Roberto Fern\u00e1ndez, Breno De Souza y Maximiliano P\u00e9rez (46\u2032 Gonzalo Ramos).<strong>\u00a0Director t\u00e9cnico:\u00a0<\/strong>Gustavo Ferr\u00edn.<strong>\u00a0Suplentes:\u00a0<\/strong>Agust\u00edn Requena, Lucas L\u00f3pez, Fernando Sellanes y Juan Alvez.<\/p>\n<p style=\"text-align: justify;\"><strong>Goles:<\/strong>\u00a024\u2032 Lucas Viatri (P), 27\u2032 Fabricio Formiliano (P), 53\u2032 Diego Rossi (P).<\/p>\n<p><strong>Expulsados:<\/strong>\u00a072\u2032 Ram\u00f3n Arias (P) y Mart\u00edn Gonz\u00e1lez (F).<\/p>\n<p style=\"text-align: justify;\"><strong>Tarjetas amarillas:<\/strong>\u00a026\u2032 Mart\u00edn Gonz\u00e1lez (F), 29\u2032 Dar\u00edo Denis (F), 36\u2032 Ram\u00f3n Arias (P), 40\u2032 Leandro Ezquerra (F).<\/p>\n<p><strong>Incidencia:<\/strong>\u00a0a los 2\u2032 Dar\u00edo Denis (F) le contuvo un tiro penal a Lucas Viatri (P).<\/p>\n","protected":false},"excerpt":{"rendered":"<p>Pe\u00f1arol venci\u00f3 3-0 a F\u00e9nix con goles de Lucas Viatri, Fabricio Formiliano y Diego Rossi en un partido pr\u00e1cticamente perfecto.<\/p>\n","protected":false},"author":10,"featured_media":64685,"comment_status":"open","ping_status":"closed","sticky":false,"template":"","format":"standard","meta":{"footnotes":""},"categories":[13],"tags":[318],"yoast_head":"<!-- This site is optimized with the Yoast SEO plugin v23.2 - https:\/\/yoast.com\/wordpress\/plugins\/seo\/ -->\n<title>Gan\u00f3, gust\u00f3 y gole\u00f3 - Padre y Decano - El Sitio del Pueblo<\/title>\n<meta name=\"robots\" content=\"index, follow, max-snippet:-1, max-image-preview:large, max-video-preview:-1\" \/>\n<link rel=\"canonical\" href=\"https:\/\/www.padreydecano.com\/cms\/partidos\/gano-gusto-y-goleo\/\" \/>\n<meta property=\"og:locale\" content=\"es_ES\" \/>\n<meta property=\"og:type\" content=\"article\" \/>\n<meta property=\"og:title\" content=\"Gan\u00f3, gust\u00f3 y gole\u00f3 - Padre y Decano - El Sitio del Pueblo\" \/>\n<meta property=\"og:description\" content=\"Pe\u00f1arol venci\u00f3 3-0 a F\u00e9nix con goles de Lucas Viatri, Fabricio Formiliano y Diego Rossi en un partido pr\u00e1cticamente perfecto.\" \/>\n<meta property=\"og:url\" content=\"https:\/\/www.padreydecano.com\/cms\/partidos\/gano-gusto-y-goleo\/\" \/>\n<meta property=\"og:site_name\" content=\"Padre y Decano - El Sitio del Pueblo\" \/>\n<meta property=\"article:published_time\" content=\"2017-10-07T23:26:04+00:00\" \/>\n<meta property=\"article:modified_time\" content=\"2017-10-10T11:13:58+00:00\" \/>\n<meta property=\"og:image\" content=\"https:\/\/www.padreydecano.com\/cms\/wp-content\/uploads\/2017\/10\/3494F17F-39EF-4D39-B403-280FDD2DE043.jpeg\" \/>\n\t<meta property=\"og:image:width\" content=\"1368\" \/>\n\t<meta property=\"og:image:height\" content=\"911\" \/>\n\t<meta property=\"og:image:type\" content=\"image\/jpeg\" \/>\n<meta name=\"author\" content=\"fishoapyd\" \/>\n<meta name=\"twitter:card\" content=\"summary_large_image\" \/>\n<meta name=\"twitter:label1\" content=\"Escrito por\" \/>\n\t<meta name=\"twitter:data1\" content=\"fishoapyd\" \/>\n\t<meta name=\"twitter:label2\" content=\"Tiempo de lectura\" \/>\n\t<meta name=\"twitter:data2\" content=\"3 minutos\" \/>\n<script type=\"application\/ld+json\" class=\"yoast-schema-graph\">{\"@context\":\"https:\/\/schema.org\",\"@graph\":[{\"@type\":\"Article\",\"@id\":\"https:\/\/www.padreydecano.com\/cms\/partidos\/gano-gusto-y-goleo\/#article\",\"isPartOf\":{\"@id\":\"https:\/\/www.padreydecano.com\/cms\/partidos\/gano-gusto-y-goleo\/\"},\"author\":{\"name\":\"fishoapyd\",\"@id\":\"https:\/\/www.padreydecano.com\/cms\/#\/schema\/person\/1376f1ec91158cca7aeef6d2109f929d\"},\"headline\":\"Gan\u00f3, gust\u00f3 y gole\u00f3\",\"datePublished\":\"2017-10-07T23:26:04+00:00\",\"dateModified\":\"2017-10-10T11:13:58+00:00\",\"mainEntityOfPage\":{\"@id\":\"https:\/\/www.padreydecano.com\/cms\/partidos\/gano-gusto-y-goleo\/\"},\"wordCount\":566,\"commentCount\":45,\"publisher\":{\"@id\":\"https:\/\/www.padreydecano.com\/cms\/#organization\"},\"image\":{\"@id\":\"https:\/\/www.padreydecano.com\/cms\/partidos\/gano-gusto-y-goleo\/#primaryimage\"},\"thumbnailUrl\":\"https:\/\/www.padreydecano.com\/cms\/wp-content\/uploads\/2017\/10\/3494F17F-39EF-4D39-B403-280FDD2DE043.jpeg\",\"keywords\":[\"Torneo Clausura 2017\"],\"articleSection\":[\"Partidos\"],\"inLanguage\":\"es\",\"potentialAction\":[{\"@type\":\"CommentAction\",\"name\":\"Comment\",\"target\":[\"https:\/\/www.padreydecano.com\/cms\/partidos\/gano-gusto-y-goleo\/#respond\"]}]},{\"@type\":\"WebPage\",\"@id\":\"https:\/\/www.padreydecano.com\/cms\/partidos\/gano-gusto-y-goleo\/\",\"url\":\"https:\/\/www.padreydecano.com\/cms\/partidos\/gano-gusto-y-goleo\/\",\"name\":\"Gan\u00f3, gust\u00f3 y gole\u00f3 - Padre y Decano - El Sitio del Pueblo\",\"isPartOf\":{\"@id\":\"https:\/\/www.padreydecano.com\/cms\/#website\"},\"primaryImageOfPage\":{\"@id\":\"https:\/\/www.padreydecano.com\/cms\/partidos\/gano-gusto-y-goleo\/#primaryimage\"},\"image\":{\"@id\":\"https:\/\/www.padreydecano.com\/cms\/partidos\/gano-gusto-y-goleo\/#primaryimage\"},\"thumbnailUrl\":\"https:\/\/www.padreydecano.com\/cms\/wp-content\/uploads\/2017\/10\/3494F17F-39EF-4D39-B403-280FDD2DE043.jpeg\",\"datePublished\":\"2017-10-07T23:26:04+00:00\",\"dateModified\":\"2017-10-10T11:13:58+00:00\",\"breadcrumb\":{\"@id\":\"https:\/\/www.padreydecano.com\/cms\/partidos\/gano-gusto-y-goleo\/#breadcrumb\"},\"inLanguage\":\"es\",\"potentialAction\":[{\"@type\":\"ReadAction\",\"target\":[\"https:\/\/www.padreydecano.com\/cms\/partidos\/gano-gusto-y-goleo\/\"]}]},{\"@type\":\"ImageObject\",\"inLanguage\":\"es\",\"@id\":\"https:\/\/www.padreydecano.com\/cms\/partidos\/gano-gusto-y-goleo\/#primaryimage\",\"url\":\"https:\/\/www.padreydecano.com\/cms\/wp-content\/uploads\/2017\/10\/3494F17F-39EF-4D39-B403-280FDD2DE043.jpeg\",\"contentUrl\":\"https:\/\/www.padreydecano.com\/cms\/wp-content\/uploads\/2017\/10\/3494F17F-39EF-4D39-B403-280FDD2DE043.jpeg\",\"width\":1368,\"height\":911},{\"@type\":\"BreadcrumbList\",\"@id\":\"https:\/\/www.padreydecano.com\/cms\/partidos\/gano-gusto-y-goleo\/#breadcrumb\",\"itemListElement\":[{\"@type\":\"ListItem\",\"position\":1,\"name\":\"Portada\",\"item\":\"https:\/\/www.padreydecano.com\/cms\/\"},{\"@type\":\"ListItem\",\"position\":2,\"name\":\"Gan\u00f3, gust\u00f3 y gole\u00f3\"}]},{\"@type\":\"WebSite\",\"@id\":\"https:\/\/www.padreydecano.com\/cms\/#website\",\"url\":\"https:\/\/www.padreydecano.com\/cms\/\",\"name\":\"Padre y Decano - El Sitio del Pueblo\",\"description\":\"Club Atl\u00e9tico Pe\u00f1arol\",\"publisher\":{\"@id\":\"https:\/\/www.padreydecano.com\/cms\/#organization\"},\"potentialAction\":[{\"@type\":\"SearchAction\",\"target\":{\"@type\":\"EntryPoint\",\"urlTemplate\":\"https:\/\/www.padreydecano.com\/cms\/?s={search_term_string}\"},\"query-input\":\"required name=search_term_string\"}],\"inLanguage\":\"es\"},{\"@type\":\"Organization\",\"@id\":\"https:\/\/www.padreydecano.com\/cms\/#organization\",\"name\":\"Padre y Decano\",\"url\":\"https:\/\/www.padreydecano.com\/cms\/\",\"logo\":{\"@type\":\"ImageObject\",\"inLanguage\":\"es\",\"@id\":\"https:\/\/www.padreydecano.com\/cms\/#\/schema\/logo\/image\/\",\"url\":\"https:\/\/www.padreydecano.com\/cms\/wp-content\/uploads\/2022\/01\/avatar-square.png\",\"contentUrl\":\"https:\/\/www.padreydecano.com\/cms\/wp-content\/uploads\/2022\/01\/avatar-square.png\",\"width\":1500,\"height\":1500,\"caption\":\"Padre y Decano\"},\"image\":{\"@id\":\"https:\/\/www.padreydecano.com\/cms\/#\/schema\/logo\/image\/\"}},{\"@type\":\"Person\",\"@id\":\"https:\/\/www.padreydecano.com\/cms\/#\/schema\/person\/1376f1ec91158cca7aeef6d2109f929d\",\"name\":\"fishoapyd\",\"image\":{\"@type\":\"ImageObject\",\"inLanguage\":\"es\",\"@id\":\"https:\/\/www.padreydecano.com\/cms\/#\/schema\/person\/image\/\",\"url\":\"https:\/\/www.padreydecano.com\/cms\/wp-content\/uploads\/2022\/12\/avatar-square-1.png\",\"contentUrl\":\"https:\/\/www.padreydecano.com\/cms\/wp-content\/uploads\/2022\/12\/avatar-square-1.png\",\"caption\":\"fishoapyd\"},\"sameAs\":[\"http:\/\/www.padreydecano.com\"]}]}<\/script>\n<!-- \/ Yoast SEO plugin. -->","yoast_head_json":{"title":"Gan\u00f3, gust\u00f3 y gole\u00f3 - Padre y Decano - El Sitio del Pueblo","robots":{"index":"index","follow":"follow","max-snippet":"max-snippet:-1","max-image-preview":"max-image-preview:large","max-video-preview":"max-video-preview:-1"},"canonical":"https:\/\/www.padreydecano.com\/cms\/partidos\/gano-gusto-y-goleo\/","og_locale":"es_ES","og_type":"article","og_title":"Gan\u00f3, gust\u00f3 y gole\u00f3 - Padre y Decano - El Sitio del Pueblo","og_description":"Pe\u00f1arol venci\u00f3 3-0 a F\u00e9nix con goles de Lucas Viatri, Fabricio Formiliano y Diego Rossi en un partido pr\u00e1cticamente perfecto.","og_url":"https:\/\/www.padreydecano.com\/cms\/partidos\/gano-gusto-y-goleo\/","og_site_name":"Padre y Decano - El Sitio del Pueblo","article_published_time":"2017-10-07T23:26:04+00:00","article_modified_time":"2017-10-10T11:13:58+00:00","og_image":[{"width":1368,"height":911,"url":"https:\/\/www.padreydecano.com\/cms\/wp-content\/uploads\/2017\/10\/3494F17F-39EF-4D39-B403-280FDD2DE043.jpeg","type":"image\/jpeg"}],"author":"fishoapyd","twitter_card":"summary_large_image","twitter_misc":{"Escrito por":"fishoapyd","Tiempo de lectura":"3 minutos"},"schema":{"@context":"https:\/\/schema.org","@graph":[{"@type":"Article","@id":"https:\/\/www.padreydecano.com\/cms\/partidos\/gano-gusto-y-goleo\/#article","isPartOf":{"@id":"https:\/\/www.padreydecano.com\/cms\/partidos\/gano-gusto-y-goleo\/"},"author":{"name":"fishoapyd","@id":"https:\/\/www.padreydecano.com\/cms\/#\/schema\/person\/1376f1ec91158cca7aeef6d2109f929d"},"headline":"Gan\u00f3, gust\u00f3 y gole\u00f3","datePublished":"2017-10-07T23:26:04+00:00","dateModified":"2017-10-10T11:13:58+00:00","mainEntityOfPage":{"@id":"https:\/\/www.padreydecano.com\/cms\/partidos\/gano-gusto-y-goleo\/"},"wordCount":566,"commentCount":45,"publisher":{"@id":"https:\/\/www.padreydecano.com\/cms\/#organization"},"image":{"@id":"https:\/\/www.padreydecano.com\/cms\/partidos\/gano-gusto-y-goleo\/#primaryimage"},"thumbnailUrl":"https:\/\/www.padreydecano.com\/cms\/wp-content\/uploads\/2017\/10\/3494F17F-39EF-4D39-B403-280FDD2DE043.jpeg","keywords":["Torneo Clausura 2017"],"articleSection":["Partidos"],"inLanguage":"es","potentialAction":[{"@type":"CommentAction","name":"Comment","target":["https:\/\/www.padreydecano.com\/cms\/partidos\/gano-gusto-y-goleo\/#respond"]}]},{"@type":"WebPage","@id":"https:\/\/www.padreydecano.com\/cms\/partidos\/gano-gusto-y-goleo\/","url":"https:\/\/www.padreydecano.com\/cms\/partidos\/gano-gusto-y-goleo\/","name":"Gan\u00f3, gust\u00f3 y gole\u00f3 - Padre y Decano - El Sitio del Pueblo","isPartOf":{"@id":"https:\/\/www.padreydecano.com\/cms\/#website"},"primaryImageOfPage":{"@id":"https:\/\/www.padreydecano.com\/cms\/partidos\/gano-gusto-y-goleo\/#primaryimage"},"image":{"@id":"https:\/\/www.padreydecano.com\/cms\/partidos\/gano-gusto-y-goleo\/#primaryimage"},"thumbnailUrl":"https:\/\/www.padreydecano.com\/cms\/wp-content\/uploads\/2017\/10\/3494F17F-39EF-4D39-B403-280FDD2DE043.jpeg","datePublished":"2017-10-07T23:26:04+00:00","dateModified":"2017-10-10T11:13:58+00:00","breadcrumb":{"@id":"https:\/\/www.padreydecano.com\/cms\/partidos\/gano-gusto-y-goleo\/#breadcrumb"},"inLanguage":"es","potentialAction":[{"@type":"ReadAction","target":["https:\/\/www.padreydecano.com\/cms\/partidos\/gano-gusto-y-goleo\/"]}]},{"@type":"ImageObject","inLanguage":"es","@id":"https:\/\/www.padreydecano.com\/cms\/partidos\/gano-gusto-y-goleo\/#primaryimage","url":"https:\/\/www.padreydecano.com\/cms\/wp-content\/uploads\/2017\/10\/3494F17F-39EF-4D39-B403-280FDD2DE043.jpeg","contentUrl":"https:\/\/www.padreydecano.com\/cms\/wp-content\/uploads\/2017\/10\/3494F17F-39EF-4D39-B403-280FDD2DE043.jpeg","width":1368,"height":911},{"@type":"BreadcrumbList","@id":"https:\/\/www.padreydecano.com\/cms\/partidos\/gano-gusto-y-goleo\/#breadcrumb","itemListElement":[{"@type":"ListItem","position":1,"name":"Portada","item":"https:\/\/www.padreydecano.com\/cms\/"},{"@type":"ListItem","position":2,"name":"Gan\u00f3, gust\u00f3 y gole\u00f3"}]},{"@type":"WebSite","@id":"https:\/\/www.padreydecano.com\/cms\/#website","url":"https:\/\/www.padreydecano.com\/cms\/","name":"Padre y Decano - El Sitio del Pueblo","description":"Club Atl\u00e9tico Pe\u00f1arol","publisher":{"@id":"https:\/\/www.padreydecano.com\/cms\/#organization"},"potentialAction":[{"@type":"SearchAction","target":{"@type":"EntryPoint","urlTemplate":"https:\/\/www.padreydecano.com\/cms\/?s={search_term_string}"},"query-input":"required name=search_term_string"}],"inLanguage":"es"},{"@type":"Organization","@id":"https:\/\/www.padreydecano.com\/cms\/#organization","name":"Padre y Decano","url":"https:\/\/www.padreydecano.com\/cms\/","logo":{"@type":"ImageObject","inLanguage":"es","@id":"https:\/\/www.padreydecano.com\/cms\/#\/schema\/logo\/image\/","url":"https:\/\/www.padreydecano.com\/cms\/wp-content\/uploads\/2022\/01\/avatar-square.png","contentUrl":"https:\/\/www.padreydecano.com\/cms\/wp-content\/uploads\/2022\/01\/avatar-square.png","width":1500,"height":1500,"caption":"Padre y Decano"},"image":{"@id":"https:\/\/www.padreydecano.com\/cms\/#\/schema\/logo\/image\/"}},{"@type":"Person","@id":"https:\/\/www.padreydecano.com\/cms\/#\/schema\/person\/1376f1ec91158cca7aeef6d2109f929d","name":"fishoapyd","image":{"@type":"ImageObject","inLanguage":"es","@id":"https:\/\/www.padreydecano.com\/cms\/#\/schema\/person\/image\/","url":"https:\/\/www.padreydecano.com\/cms\/wp-content\/uploads\/2022\/12\/avatar-square-1.png","contentUrl":"https:\/\/www.padreydecano.com\/cms\/wp-content\/uploads\/2022\/12\/avatar-square-1.png","caption":"fishoapyd"},"sameAs":["http:\/\/www.padreydecano.com"]}]}},"_links":{"self":[{"href":"https:\/\/www.padreydecano.com\/cms\/wp-json\/wp\/v2\/posts\/64683"}],"collection":[{"href":"https:\/\/www.padreydecano.com\/cms\/wp-json\/wp\/v2\/posts"}],"about":[{"href":"https:\/\/www.padreydecano.com\/cms\/wp-json\/wp\/v2\/types\/post"}],"author":[{"embeddable":true,"href":"https:\/\/www.padreydecano.com\/cms\/wp-json\/wp\/v2\/users\/10"}],"replies":[{"embeddable":true,"href":"https:\/\/www.padreydecano.com\/cms\/wp-json\/wp\/v2\/comments?post=64683"}],"version-history":[{"count":0,"href":"https:\/\/www.padreydecano.com\/cms\/wp-json\/wp\/v2\/posts\/64683\/revisions"}],"wp:featuredmedia":[{"embeddable":true,"href":"https:\/\/www.padreydecano.com\/cms\/wp-json\/wp\/v2\/media\/64685"}],"wp:attachment":[{"href":"https:\/\/www.padreydecano.com\/cms\/wp-json\/wp\/v2\/media?parent=64683"}],"wp:term":[{"taxonomy":"category","embeddable":true,"href":"https:\/\/www.padreydecano.com\/cms\/wp-json\/wp\/v2\/categories?post=64683"},{"taxonomy":"post_tag","embeddable":true,"href":"https:\/\/www.padreydecano.com\/cms\/wp-json\/wp\/v2\/tags?post=64683"}],"curies":[{"name":"wp","href":"https:\/\/api.w.org\/{rel}","templated":true}]}}