{"id":64618,"date":"2017-09-28T16:12:22","date_gmt":"2017-09-28T19:12:22","guid":{"rendered":"http:\/\/www.padreydecano.com\/cms\/?p=64618"},"modified":"2021-11-28T04:21:44","modified_gmt":"2021-11-28T07:21:44","slug":"la-tradicional-peregrinacion-al-barrio-penarol","status":"publish","type":"post","link":"https:\/\/www.padreydecano.com\/cms\/noticias\/la-tradicional-peregrinacion-al-barrio-penarol\/","title":{"rendered":"La tradicional peregrinaci\u00f3n al Barrio Pe\u00f1arol"},"content":{"rendered":"<p>&nbsp;<\/p>\n<p><a href=\"https:\/\/www.padreydecano.com\/cms\/wp-content\/uploads\/2017\/09\/fernando-morena-aniversario.jpg\" rel=\"shadowbox[sbpost-64618];player=img;\"><img loading=\"lazy\" decoding=\"async\" class=\"aligncenter size-large wp-image-64621\" src=\"https:\/\/www.padreydecano.com\/cms\/wp-content\/uploads\/2017\/09\/fernando-morena-aniversario-1024x576.jpg\" alt=\"\" width=\"620\" height=\"349\" srcset=\"https:\/\/www.padreydecano.com\/cms\/wp-content\/uploads\/2017\/09\/fernando-morena-aniversario-1024x576.jpg 1024w, https:\/\/www.padreydecano.com\/cms\/wp-content\/uploads\/2017\/09\/fernando-morena-aniversario-600x338.jpg 600w, https:\/\/www.padreydecano.com\/cms\/wp-content\/uploads\/2017\/09\/fernando-morena-aniversario-768x432.jpg 768w, https:\/\/www.padreydecano.com\/cms\/wp-content\/uploads\/2017\/09\/fernando-morena-aniversario.jpg 1600w\" sizes=\"(max-width: 620px) 100vw, 620px\" \/><\/a><\/p>\n<p style=\"text-align: justify;\"><strong>En el aniversario 126 del club, los hinchas mirasoles disfrutaron del tradicional paseo en ferrocarril desde la estaci\u00f3n de AFE hasta el Barrio Pe\u00f1arol.<\/strong><\/p>\n<p style=\"text-align: justify;\">El \u00eddolo aurinegro Fernando Morena particip\u00f3 de la actividad en la que tambi\u00e9n estuvieron presentes dirigentes aurinegros.\u00a0Antes de partir, la \u00abLa batuca Peque\u00f1o R\u00edo\u00bb le dedic\u00f3 el famoso tema \u00abMorena F\u00fatbol y Gloria\u00bb al m\u00e1ximo goleador del F\u00fatbol Uruguayo.<\/p>\n<p style=\"text-align: justify;\">Sobre el mediod\u00eda, el tren parti\u00f3 al Barrio Pe\u00f1arol donde surgi\u00f3 el Decano del F\u00fatbol Uruguayo. Como ya es tradici\u00f3n, se realizaron los actos en la escuela y jard\u00edn de infantes de la zona, y se hicieron donaciones de equipos de aire acondicionado.<\/p>\n<p style=\"text-align: justify;\">En el acto de la escuela la Pe\u00f1a del Barrio Pe\u00f1arol se brind\u00f3 un homenaje al \u00abCapit\u00e1n de Capitanes\u00bb Nestor Gon\u00e7alves, quien nos dej\u00f3 f\u00edsicamente el pasado a\u00f1o, pero que permanecer\u00e1 por siempre en la memoria del hincha mirasol.<\/p>\n<p style=\"text-align: justify;\">La jornada finaliz\u00f3 con el regreso del tren a la estaci\u00f3n de AFE y la alegr\u00eda de grandes y chicos que vivieron otro 28 de setiembre a puro oro y carb\u00f3n.<\/p>\n<div class=\"user-wrapper\"><a class=\"userlink\"href=\"https:\/\/twitter.com\/ftrucce18\" target=\"_blank\"><figure><img decoding=\"async\" src=\"http:\/\/www.padreydecano.com\/cms\/wp-users-files\/postfirmas\/ftrucce.jpg\" \/><\/figure><p class=\"user\"><strong>Franco Trucce<\/strong><br \/>@FTrucce18<\/p><\/a><\/div>\n","protected":false},"excerpt":{"rendered":"<p>&nbsp; En el aniversario 126 del club, los hinchas mirasoles disfrutaron del tradicional paseo en ferrocarril desde la estaci\u00f3n de AFE hasta el Barrio Pe\u00f1arol. El \u00eddolo aurinegro Fernando Morena particip\u00f3 de la actividad en la que tambi\u00e9n estuvieron presentes dirigentes aurinegros.\u00a0Antes de partir, la \u00abLa batuca Peque\u00f1o R\u00edo\u00bb le dedic\u00f3 el famoso tema \u00abMorena [&hellip;]<\/p>\n","protected":false},"author":13,"featured_media":64621,"comment_status":"open","ping_status":"closed","sticky":false,"template":"","format":"standard","meta":{"footnotes":""},"categories":[1],"tags":[323],"yoast_head":"<!-- This site is optimized with the Yoast SEO plugin v23.2 - https:\/\/yoast.com\/wordpress\/plugins\/seo\/ -->\n<title>La tradicional peregrinaci\u00f3n al Barrio Pe\u00f1arol - Padre y Decano - El Sitio del Pueblo<\/title>\n<meta name=\"robots\" content=\"index, follow, max-snippet:-1, max-image-preview:large, max-video-preview:-1\" \/>\n<link rel=\"canonical\" href=\"https:\/\/www.padreydecano.com\/cms\/noticias\/la-tradicional-peregrinacion-al-barrio-penarol\/\" \/>\n<meta property=\"og:locale\" content=\"es_ES\" \/>\n<meta property=\"og:type\" content=\"article\" \/>\n<meta property=\"og:title\" content=\"La tradicional peregrinaci\u00f3n al Barrio Pe\u00f1arol - Padre y Decano - El Sitio del Pueblo\" \/>\n<meta property=\"og:description\" content=\"&nbsp; En el aniversario 126 del club, los hinchas mirasoles disfrutaron del tradicional paseo en ferrocarril desde la estaci\u00f3n de AFE hasta el Barrio Pe\u00f1arol. El \u00eddolo aurinegro Fernando Morena particip\u00f3 de la actividad en la que tambi\u00e9n estuvieron presentes dirigentes aurinegros.\u00a0Antes de partir, la \u00abLa batuca Peque\u00f1o R\u00edo\u00bb le dedic\u00f3 el famoso tema \u00abMorena [&hellip;]\" \/>\n<meta property=\"og:url\" content=\"https:\/\/www.padreydecano.com\/cms\/noticias\/la-tradicional-peregrinacion-al-barrio-penarol\/\" \/>\n<meta property=\"og:site_name\" content=\"Padre y Decano - El Sitio del Pueblo\" \/>\n<meta property=\"article:published_time\" content=\"2017-09-28T19:12:22+00:00\" \/>\n<meta property=\"article:modified_time\" content=\"2021-11-28T07:21:44+00:00\" \/>\n<meta property=\"og:image\" content=\"https:\/\/www.padreydecano.com\/cms\/wp-content\/uploads\/2017\/09\/fernando-morena-aniversario.jpg\" \/>\n\t<meta property=\"og:image:width\" content=\"1600\" \/>\n\t<meta property=\"og:image:height\" content=\"900\" \/>\n\t<meta property=\"og:image:type\" content=\"image\/jpeg\" \/>\n<meta name=\"author\" content=\"Moderador\" \/>\n<meta name=\"twitter:card\" content=\"summary_large_image\" \/>\n<meta name=\"twitter:label1\" content=\"Escrito por\" \/>\n\t<meta name=\"twitter:data1\" content=\"Moderador\" \/>\n\t<meta name=\"twitter:label2\" content=\"Tiempo de lectura\" \/>\n\t<meta name=\"twitter:data2\" content=\"1 minuto\" \/>\n<script type=\"application\/ld+json\" class=\"yoast-schema-graph\">{\"@context\":\"https:\/\/schema.org\",\"@graph\":[{\"@type\":\"Article\",\"@id\":\"https:\/\/www.padreydecano.com\/cms\/noticias\/la-tradicional-peregrinacion-al-barrio-penarol\/#article\",\"isPartOf\":{\"@id\":\"https:\/\/www.padreydecano.com\/cms\/noticias\/la-tradicional-peregrinacion-al-barrio-penarol\/\"},\"author\":{\"name\":\"Moderador\",\"@id\":\"https:\/\/www.padreydecano.com\/cms\/#\/schema\/person\/d93e9e537230ae052c194251d9a1def2\"},\"headline\":\"La tradicional peregrinaci\u00f3n al Barrio Pe\u00f1arol\",\"datePublished\":\"2017-09-28T19:12:22+00:00\",\"dateModified\":\"2021-11-28T07:21:44+00:00\",\"mainEntityOfPage\":{\"@id\":\"https:\/\/www.padreydecano.com\/cms\/noticias\/la-tradicional-peregrinacion-al-barrio-penarol\/\"},\"wordCount\":207,\"commentCount\":8,\"publisher\":{\"@id\":\"https:\/\/www.padreydecano.com\/cms\/#organization\"},\"image\":{\"@id\":\"https:\/\/www.padreydecano.com\/cms\/noticias\/la-tradicional-peregrinacion-al-barrio-penarol\/#primaryimage\"},\"thumbnailUrl\":\"https:\/\/www.padreydecano.com\/cms\/wp-content\/uploads\/2017\/09\/fernando-morena-aniversario.jpg\",\"keywords\":[\"Aniversario 126 a\u00f1os\"],\"articleSection\":[\"Noticias\"],\"inLanguage\":\"es\",\"potentialAction\":[{\"@type\":\"CommentAction\",\"name\":\"Comment\",\"target\":[\"https:\/\/www.padreydecano.com\/cms\/noticias\/la-tradicional-peregrinacion-al-barrio-penarol\/#respond\"]}]},{\"@type\":\"WebPage\",\"@id\":\"https:\/\/www.padreydecano.com\/cms\/noticias\/la-tradicional-peregrinacion-al-barrio-penarol\/\",\"url\":\"https:\/\/www.padreydecano.com\/cms\/noticias\/la-tradicional-peregrinacion-al-barrio-penarol\/\",\"name\":\"La tradicional peregrinaci\u00f3n al Barrio Pe\u00f1arol - Padre y Decano - El Sitio del Pueblo\",\"isPartOf\":{\"@id\":\"https:\/\/www.padreydecano.com\/cms\/#website\"},\"primaryImageOfPage\":{\"@id\":\"https:\/\/www.padreydecano.com\/cms\/noticias\/la-tradicional-peregrinacion-al-barrio-penarol\/#primaryimage\"},\"image\":{\"@id\":\"https:\/\/www.padreydecano.com\/cms\/noticias\/la-tradicional-peregrinacion-al-barrio-penarol\/#primaryimage\"},\"thumbnailUrl\":\"https:\/\/www.padreydecano.com\/cms\/wp-content\/uploads\/2017\/09\/fernando-morena-aniversario.jpg\",\"datePublished\":\"2017-09-28T19:12:22+00:00\",\"dateModified\":\"2021-11-28T07:21:44+00:00\",\"breadcrumb\":{\"@id\":\"https:\/\/www.padreydecano.com\/cms\/noticias\/la-tradicional-peregrinacion-al-barrio-penarol\/#breadcrumb\"},\"inLanguage\":\"es\",\"potentialAction\":[{\"@type\":\"ReadAction\",\"target\":[\"https:\/\/www.padreydecano.com\/cms\/noticias\/la-tradicional-peregrinacion-al-barrio-penarol\/\"]}]},{\"@type\":\"ImageObject\",\"inLanguage\":\"es\",\"@id\":\"https:\/\/www.padreydecano.com\/cms\/noticias\/la-tradicional-peregrinacion-al-barrio-penarol\/#primaryimage\",\"url\":\"https:\/\/www.padreydecano.com\/cms\/wp-content\/uploads\/2017\/09\/fernando-morena-aniversario.jpg\",\"contentUrl\":\"https:\/\/www.padreydecano.com\/cms\/wp-content\/uploads\/2017\/09\/fernando-morena-aniversario.jpg\",\"width\":1600,\"height\":900},{\"@type\":\"BreadcrumbList\",\"@id\":\"https:\/\/www.padreydecano.com\/cms\/noticias\/la-tradicional-peregrinacion-al-barrio-penarol\/#breadcrumb\",\"itemListElement\":[{\"@type\":\"ListItem\",\"position\":1,\"name\":\"Portada\",\"item\":\"https:\/\/www.padreydecano.com\/cms\/\"},{\"@type\":\"ListItem\",\"position\":2,\"name\":\"La tradicional peregrinaci\u00f3n al Barrio Pe\u00f1arol\"}]},{\"@type\":\"WebSite\",\"@id\":\"https:\/\/www.padreydecano.com\/cms\/#website\",\"url\":\"https:\/\/www.padreydecano.com\/cms\/\",\"name\":\"Padre y Decano - El Sitio del Pueblo\",\"description\":\"Club Atl\u00e9tico Pe\u00f1arol\",\"publisher\":{\"@id\":\"https:\/\/www.padreydecano.com\/cms\/#organization\"},\"potentialAction\":[{\"@type\":\"SearchAction\",\"target\":{\"@type\":\"EntryPoint\",\"urlTemplate\":\"https:\/\/www.padreydecano.com\/cms\/?s={search_term_string}\"},\"query-input\":\"required name=search_term_string\"}],\"inLanguage\":\"es\"},{\"@type\":\"Organization\",\"@id\":\"https:\/\/www.padreydecano.com\/cms\/#organization\",\"name\":\"Padre y Decano\",\"url\":\"https:\/\/www.padreydecano.com\/cms\/\",\"logo\":{\"@type\":\"ImageObject\",\"inLanguage\":\"es\",\"@id\":\"https:\/\/www.padreydecano.com\/cms\/#\/schema\/logo\/image\/\",\"url\":\"https:\/\/www.padreydecano.com\/cms\/wp-content\/uploads\/2022\/01\/avatar-square.png\",\"contentUrl\":\"https:\/\/www.padreydecano.com\/cms\/wp-content\/uploads\/2022\/01\/avatar-square.png\",\"width\":1500,\"height\":1500,\"caption\":\"Padre y Decano\"},\"image\":{\"@id\":\"https:\/\/www.padreydecano.com\/cms\/#\/schema\/logo\/image\/\"}},{\"@type\":\"Person\",\"@id\":\"https:\/\/www.padreydecano.com\/cms\/#\/schema\/person\/d93e9e537230ae052c194251d9a1def2\",\"name\":\"Moderador\",\"image\":{\"@type\":\"ImageObject\",\"inLanguage\":\"es\",\"@id\":\"https:\/\/www.padreydecano.com\/cms\/#\/schema\/person\/image\/\",\"url\":\"https:\/\/secure.gravatar.com\/avatar\/2587727bf8a53bd3da4ec49f01bea66e?s=96&d=https%3A%2F%2Fpadreydecano.com%2Fcms%2Fwp-content%2Fthemes%2Fpyd-theme%2Fimg%2Fdefault-avatar.png&r=g\",\"contentUrl\":\"https:\/\/secure.gravatar.com\/avatar\/2587727bf8a53bd3da4ec49f01bea66e?s=96&d=https%3A%2F%2Fpadreydecano.com%2Fcms%2Fwp-content%2Fthemes%2Fpyd-theme%2Fimg%2Fdefault-avatar.png&r=g\",\"caption\":\"Moderador\"}}]}<\/script>\n<!-- \/ Yoast SEO plugin. -->","yoast_head_json":{"title":"La tradicional peregrinaci\u00f3n al Barrio Pe\u00f1arol - Padre y Decano - El Sitio del Pueblo","robots":{"index":"index","follow":"follow","max-snippet":"max-snippet:-1","max-image-preview":"max-image-preview:large","max-video-preview":"max-video-preview:-1"},"canonical":"https:\/\/www.padreydecano.com\/cms\/noticias\/la-tradicional-peregrinacion-al-barrio-penarol\/","og_locale":"es_ES","og_type":"article","og_title":"La tradicional peregrinaci\u00f3n al Barrio Pe\u00f1arol - Padre y Decano - El Sitio del Pueblo","og_description":"&nbsp; En el aniversario 126 del club, los hinchas mirasoles disfrutaron del tradicional paseo en ferrocarril desde la estaci\u00f3n de AFE hasta el Barrio Pe\u00f1arol. El \u00eddolo aurinegro Fernando Morena particip\u00f3 de la actividad en la que tambi\u00e9n estuvieron presentes dirigentes aurinegros.\u00a0Antes de partir, la \u00abLa batuca Peque\u00f1o R\u00edo\u00bb le dedic\u00f3 el famoso tema \u00abMorena [&hellip;]","og_url":"https:\/\/www.padreydecano.com\/cms\/noticias\/la-tradicional-peregrinacion-al-barrio-penarol\/","og_site_name":"Padre y Decano - El Sitio del Pueblo","article_published_time":"2017-09-28T19:12:22+00:00","article_modified_time":"2021-11-28T07:21:44+00:00","og_image":[{"width":1600,"height":900,"url":"https:\/\/www.padreydecano.com\/cms\/wp-content\/uploads\/2017\/09\/fernando-morena-aniversario.jpg","type":"image\/jpeg"}],"author":"Moderador","twitter_card":"summary_large_image","twitter_misc":{"Escrito por":"Moderador","Tiempo de lectura":"1 minuto"},"schema":{"@context":"https:\/\/schema.org","@graph":[{"@type":"Article","@id":"https:\/\/www.padreydecano.com\/cms\/noticias\/la-tradicional-peregrinacion-al-barrio-penarol\/#article","isPartOf":{"@id":"https:\/\/www.padreydecano.com\/cms\/noticias\/la-tradicional-peregrinacion-al-barrio-penarol\/"},"author":{"name":"Moderador","@id":"https:\/\/www.padreydecano.com\/cms\/#\/schema\/person\/d93e9e537230ae052c194251d9a1def2"},"headline":"La tradicional peregrinaci\u00f3n al Barrio Pe\u00f1arol","datePublished":"2017-09-28T19:12:22+00:00","dateModified":"2021-11-28T07:21:44+00:00","mainEntityOfPage":{"@id":"https:\/\/www.padreydecano.com\/cms\/noticias\/la-tradicional-peregrinacion-al-barrio-penarol\/"},"wordCount":207,"commentCount":8,"publisher":{"@id":"https:\/\/www.padreydecano.com\/cms\/#organization"},"image":{"@id":"https:\/\/www.padreydecano.com\/cms\/noticias\/la-tradicional-peregrinacion-al-barrio-penarol\/#primaryimage"},"thumbnailUrl":"https:\/\/www.padreydecano.com\/cms\/wp-content\/uploads\/2017\/09\/fernando-morena-aniversario.jpg","keywords":["Aniversario 126 a\u00f1os"],"articleSection":["Noticias"],"inLanguage":"es","potentialAction":[{"@type":"CommentAction","name":"Comment","target":["https:\/\/www.padreydecano.com\/cms\/noticias\/la-tradicional-peregrinacion-al-barrio-penarol\/#respond"]}]},{"@type":"WebPage","@id":"https:\/\/www.padreydecano.com\/cms\/noticias\/la-tradicional-peregrinacion-al-barrio-penarol\/","url":"https:\/\/www.padreydecano.com\/cms\/noticias\/la-tradicional-peregrinacion-al-barrio-penarol\/","name":"La tradicional peregrinaci\u00f3n al Barrio Pe\u00f1arol - Padre y Decano - El Sitio del Pueblo","isPartOf":{"@id":"https:\/\/www.padreydecano.com\/cms\/#website"},"primaryImageOfPage":{"@id":"https:\/\/www.padreydecano.com\/cms\/noticias\/la-tradicional-peregrinacion-al-barrio-penarol\/#primaryimage"},"image":{"@id":"https:\/\/www.padreydecano.com\/cms\/noticias\/la-tradicional-peregrinacion-al-barrio-penarol\/#primaryimage"},"thumbnailUrl":"https:\/\/www.padreydecano.com\/cms\/wp-content\/uploads\/2017\/09\/fernando-morena-aniversario.jpg","datePublished":"2017-09-28T19:12:22+00:00","dateModified":"2021-11-28T07:21:44+00:00","breadcrumb":{"@id":"https:\/\/www.padreydecano.com\/cms\/noticias\/la-tradicional-peregrinacion-al-barrio-penarol\/#breadcrumb"},"inLanguage":"es","potentialAction":[{"@type":"ReadAction","target":["https:\/\/www.padreydecano.com\/cms\/noticias\/la-tradicional-peregrinacion-al-barrio-penarol\/"]}]},{"@type":"ImageObject","inLanguage":"es","@id":"https:\/\/www.padreydecano.com\/cms\/noticias\/la-tradicional-peregrinacion-al-barrio-penarol\/#primaryimage","url":"https:\/\/www.padreydecano.com\/cms\/wp-content\/uploads\/2017\/09\/fernando-morena-aniversario.jpg","contentUrl":"https:\/\/www.padreydecano.com\/cms\/wp-content\/uploads\/2017\/09\/fernando-morena-aniversario.jpg","width":1600,"height":900},{"@type":"BreadcrumbList","@id":"https:\/\/www.padreydecano.com\/cms\/noticias\/la-tradicional-peregrinacion-al-barrio-penarol\/#breadcrumb","itemListElement":[{"@type":"ListItem","position":1,"name":"Portada","item":"https:\/\/www.padreydecano.com\/cms\/"},{"@type":"ListItem","position":2,"name":"La tradicional peregrinaci\u00f3n al Barrio Pe\u00f1arol"}]},{"@type":"WebSite","@id":"https:\/\/www.padreydecano.com\/cms\/#website","url":"https:\/\/www.padreydecano.com\/cms\/","name":"Padre y Decano - El Sitio del Pueblo","description":"Club Atl\u00e9tico Pe\u00f1arol","publisher":{"@id":"https:\/\/www.padreydecano.com\/cms\/#organization"},"potentialAction":[{"@type":"SearchAction","target":{"@type":"EntryPoint","urlTemplate":"https:\/\/www.padreydecano.com\/cms\/?s={search_term_string}"},"query-input":"required name=search_term_string"}],"inLanguage":"es"},{"@type":"Organization","@id":"https:\/\/www.padreydecano.com\/cms\/#organization","name":"Padre y Decano","url":"https:\/\/www.padreydecano.com\/cms\/","logo":{"@type":"ImageObject","inLanguage":"es","@id":"https:\/\/www.padreydecano.com\/cms\/#\/schema\/logo\/image\/","url":"https:\/\/www.padreydecano.com\/cms\/wp-content\/uploads\/2022\/01\/avatar-square.png","contentUrl":"https:\/\/www.padreydecano.com\/cms\/wp-content\/uploads\/2022\/01\/avatar-square.png","width":1500,"height":1500,"caption":"Padre y Decano"},"image":{"@id":"https:\/\/www.padreydecano.com\/cms\/#\/schema\/logo\/image\/"}},{"@type":"Person","@id":"https:\/\/www.padreydecano.com\/cms\/#\/schema\/person\/d93e9e537230ae052c194251d9a1def2","name":"Moderador","image":{"@type":"ImageObject","inLanguage":"es","@id":"https:\/\/www.padreydecano.com\/cms\/#\/schema\/person\/image\/","url":"https:\/\/secure.gravatar.com\/avatar\/2587727bf8a53bd3da4ec49f01bea66e?s=96&d=https%3A%2F%2Fpadreydecano.com%2Fcms%2Fwp-content%2Fthemes%2Fpyd-theme%2Fimg%2Fdefault-avatar.png&r=g","contentUrl":"https:\/\/secure.gravatar.com\/avatar\/2587727bf8a53bd3da4ec49f01bea66e?s=96&d=https%3A%2F%2Fpadreydecano.com%2Fcms%2Fwp-content%2Fthemes%2Fpyd-theme%2Fimg%2Fdefault-avatar.png&r=g","caption":"Moderador"}}]}},"_links":{"self":[{"href":"https:\/\/www.padreydecano.com\/cms\/wp-json\/wp\/v2\/posts\/64618"}],"collection":[{"href":"https:\/\/www.padreydecano.com\/cms\/wp-json\/wp\/v2\/posts"}],"about":[{"href":"https:\/\/www.padreydecano.com\/cms\/wp-json\/wp\/v2\/types\/post"}],"author":[{"embeddable":true,"href":"https:\/\/www.padreydecano.com\/cms\/wp-json\/wp\/v2\/users\/13"}],"replies":[{"embeddable":true,"href":"https:\/\/www.padreydecano.com\/cms\/wp-json\/wp\/v2\/comments?post=64618"}],"version-history":[{"count":0,"href":"https:\/\/www.padreydecano.com\/cms\/wp-json\/wp\/v2\/posts\/64618\/revisions"}],"wp:featuredmedia":[{"embeddable":true,"href":"https:\/\/www.padreydecano.com\/cms\/wp-json\/wp\/v2\/media\/64621"}],"wp:attachment":[{"href":"https:\/\/www.padreydecano.com\/cms\/wp-json\/wp\/v2\/media?parent=64618"}],"wp:term":[{"taxonomy":"category","embeddable":true,"href":"https:\/\/www.padreydecano.com\/cms\/wp-json\/wp\/v2\/categories?post=64618"},{"taxonomy":"post_tag","embeddable":true,"href":"https:\/\/www.padreydecano.com\/cms\/wp-json\/wp\/v2\/tags?post=64618"}],"curies":[{"name":"wp","href":"https:\/\/api.w.org\/{rel}","templated":true}]}}