{"id":64616,"date":"2017-09-28T16:03:06","date_gmt":"2017-09-28T19:03:06","guid":{"rendered":"http:\/\/www.padreydecano.com\/cms\/?p=64616"},"modified":"2017-09-28T20:45:39","modified_gmt":"2017-09-28T23:45:39","slug":"los-saludos-por-los-126-anos","status":"publish","type":"post","link":"https:\/\/www.padreydecano.com\/cms\/noticias\/los-saludos-por-los-126-anos\/","title":{"rendered":"Los saludos por los 126 a\u00f1os"},"content":{"rendered":"<p style=\"text-align: justify;\">Compartimos a continuaci\u00f3n algunos saludos de jugadores, ex jugadores, instituciones y otros actores del deporte por el aniversario 126 del Club Atl\u00e9tico Pe\u00f1arol. <span style=\"color: #ffcc00;\"><strong>\u00a1Sal\u00fa!<\/strong><\/span><\/p>\n<blockquote class=\"twitter-tweet\" data-width=\"500\" data-dnt=\"true\">\n<p lang=\"es\" dir=\"ltr\">En nombre de <a href=\"https:\/\/twitter.com\/CONMEBOL?ref_src=twsrc%5Etfw\">@CONMEBOL<\/a>, le deseo un feliz 126 aniversario al <a href=\"https:\/\/twitter.com\/OficialCAP?ref_src=twsrc%5Etfw\">@OficialCAP<\/a>, club que ha dejado huella en la historia del f\u00fatbol sudamericano! <a href=\"https:\/\/t.co\/vtILTFXbr8\">https:\/\/t.co\/vtILTFXbr8<\/a><\/p>\n<p>&mdash; Alejandro Dom\u00ednguez (@agdws) <a href=\"https:\/\/twitter.com\/agdws\/status\/913474790417162242?ref_src=twsrc%5Etfw\">September 28, 2017<\/a><\/p><\/blockquote>\n<p><script async src=\"https:\/\/platform.twitter.com\/widgets.js\" charset=\"utf-8\"><\/script><\/p>\n<blockquote class=\"twitter-tweet\" data-width=\"500\" data-dnt=\"true\">\n<p lang=\"es\" dir=\"ltr\">Hoy <a href=\"https:\/\/twitter.com\/OficialCAP?ref_src=twsrc%5Etfw\">@OficialCAP<\/a> cumple a\u00f1os. \ud83c\udf82<a href=\"https:\/\/twitter.com\/hashtag\/RiverPlate?src=hash&amp;ref_src=twsrc%5Etfw\">#RiverPlate<\/a> le desea al Club Atl\u00e9tico Pe\u00f1arol y a todos sus hinchas \u00a1Felicidades!<a href=\"https:\/\/twitter.com\/hashtag\/126A%C3%B1osDeGloria?src=hash&amp;ref_src=twsrc%5Etfw\">#126A\u00f1osDeGloria<\/a> <a href=\"https:\/\/t.co\/AM7LETDaPr\">pic.twitter.com\/AM7LETDaPr<\/a><\/p>\n<p>&mdash; Relaciones P\u00fablicas River Plate (@RRPP_CARP) <a href=\"https:\/\/twitter.com\/RRPP_CARP\/status\/913399166730162176?ref_src=twsrc%5Etfw\">September 28, 2017<\/a><\/p><\/blockquote>\n<p><script async src=\"https:\/\/platform.twitter.com\/widgets.js\" charset=\"utf-8\"><\/script><\/p>\n<blockquote class=\"twitter-tweet\" data-width=\"500\" data-dnt=\"true\">\n<p lang=\"es\" dir=\"ltr\">Feliz 126 Aniversario Glorioso <a href=\"https:\/\/twitter.com\/OficialCAP?ref_src=twsrc%5Etfw\">@OficialCAP<\/a>!<br \/>Sigamos escribiendo las p\u00e1ginas m\u00e1s gloriosas del futbol sudamericano! <br \/>Salud Manyas! <a href=\"https:\/\/t.co\/faYctAuzge\">pic.twitter.com\/faYctAuzge<\/a><\/p>\n<p>&mdash; Club Olimpia (@elClubOlimpia) <a href=\"https:\/\/twitter.com\/elClubOlimpia\/status\/913387473748848640?ref_src=twsrc%5Etfw\">September 28, 2017<\/a><\/p><\/blockquote>\n<p><script async src=\"https:\/\/platform.twitter.com\/widgets.js\" charset=\"utf-8\"><\/script><\/p>\n<blockquote class=\"twitter-tweet\" data-width=\"500\" data-dnt=\"true\">\n<p lang=\"es\" dir=\"ltr\">\ud83c\udf82 Le enviamos un especial saludo a <a href=\"https:\/\/twitter.com\/OficialCAP?ref_src=twsrc%5Etfw\">@OficialCAP<\/a> en el d\u00eda que cumplen <a href=\"https:\/\/twitter.com\/hashtag\/126a%C3%B1osdegloria?src=hash&amp;ref_src=twsrc%5Etfw\">#126a\u00f1osdegloria<\/a> <\/p>\n<p>\ud83c\uddfa\ud83c\uddfe\u00a1Felicidades amigos! \ud83c\udde6\ud83c\uddf7 <a href=\"https:\/\/t.co\/1dWsuOWJ3Z\">pic.twitter.com\/1dWsuOWJ3Z<\/a><\/p>\n<p>&mdash; Estudiantes de La Plata (@EdelpOficial) <a href=\"https:\/\/twitter.com\/EdelpOficial\/status\/913476650976804864?ref_src=twsrc%5Etfw\">September 28, 2017<\/a><\/p><\/blockquote>\n<p><script async src=\"https:\/\/platform.twitter.com\/widgets.js\" charset=\"utf-8\"><\/script><\/p>\n<blockquote class=\"twitter-tweet\" data-width=\"500\" data-dnt=\"true\">\n<p lang=\"es\" dir=\"ltr\">Muy feliz aniversario No.126 al <a href=\"https:\/\/twitter.com\/OficialCAP?ref_src=twsrc%5Etfw\">@OficialCAP<\/a>. Un club hermano en Sudam\u00e9rica y ejemplo institucional a todo nivel.<\/p>\n<p>&mdash; Club The Strongest (@ClubStrongest) <a href=\"https:\/\/twitter.com\/ClubStrongest\/status\/913475361094144001?ref_src=twsrc%5Etfw\">September 28, 2017<\/a><\/p><\/blockquote>\n<p><script async src=\"https:\/\/platform.twitter.com\/widgets.js\" charset=\"utf-8\"><\/script><\/p>\n<blockquote class=\"twitter-tweet\" data-width=\"500\" data-dnt=\"true\">\n<p lang=\"es\" dir=\"ltr\">\ud83c\udf89\ud83c\udf88\u00a1El viejo Bohemio les desea felices 126 a\u00f1os <a href=\"https:\/\/twitter.com\/OficialCAP?ref_src=twsrc%5Etfw\">@OficialCAP<\/a>!<\/p>\n<p>&mdash; Montevideo Wanderers (@mwfc_oficial) <a href=\"https:\/\/twitter.com\/mwfc_oficial\/status\/913421037890674688?ref_src=twsrc%5Etfw\">September 28, 2017<\/a><\/p><\/blockquote>\n<p><script async src=\"https:\/\/platform.twitter.com\/widgets.js\" charset=\"utf-8\"><\/script><\/p>\n<blockquote class=\"twitter-tweet\" data-width=\"500\" data-dnt=\"true\">\n<p lang=\"es\" dir=\"ltr\">\u00a1Felices 126 a\u00f1os <a href=\"https:\/\/twitter.com\/OficialCAP?ref_src=twsrc%5Etfw\">@OficialCAP<\/a>! Sal\u00fa \ud83c\udf7e\ud83c\udf89\ud83c\udf88<\/p>\n<p>&mdash; C. A. River Plate Oficial (@cariverplateuru) <a href=\"https:\/\/twitter.com\/cariverplateuru\/status\/913240695103787008?ref_src=twsrc%5Etfw\">September 28, 2017<\/a><\/p><\/blockquote>\n<p><script async src=\"https:\/\/platform.twitter.com\/widgets.js\" charset=\"utf-8\"><\/script><\/p>\n<blockquote class=\"twitter-tweet\" data-width=\"500\" data-dnt=\"true\">\n<p lang=\"es\" dir=\"ltr\">\ud83c\udf82 El pueblo buz\u00f3n saluda a todos los pe\u00f1arolenses en su cumplea\u00f1os n\u00famero 126. <br \/>\u00a1Sal\u00fa, carboneros! \ud83d\udc4f\ud83d\udc4f\ud83c\udf89\ud83c\udf8a <a href=\"https:\/\/t.co\/XyNmVY0nbO\">pic.twitter.com\/XyNmVY0nbO<\/a><\/p>\n<p>&mdash; Sud Am\u00e9rica (@IASA1914) <a href=\"https:\/\/twitter.com\/IASA1914\/status\/913251302553071616?ref_src=twsrc%5Etfw\">September 28, 2017<\/a><\/p><\/blockquote>\n<p><script async src=\"https:\/\/platform.twitter.com\/widgets.js\" charset=\"utf-8\"><\/script><\/p>\n<blockquote class=\"twitter-tweet\" data-width=\"500\" data-dnt=\"true\">\n<p lang=\"es\" dir=\"ltr\">Desde <a href=\"https:\/\/twitter.com\/bostonriver?ref_src=twsrc%5Etfw\">@bostonriver<\/a> queremos hacer llegar nuestras felicitaciones a <a href=\"https:\/\/twitter.com\/OficialCAP?ref_src=twsrc%5Etfw\">@OficialCAP<\/a> por su 126 to Aniversario, Sal\u00fa Carbonero!!! \ud83c\udf77\u26bd\ud83d\udc4f<\/p>\n<p>&mdash; BOSTON RIVER (@bostonriver) <a href=\"https:\/\/twitter.com\/bostonriver\/status\/913389833011200000?ref_src=twsrc%5Etfw\">September 28, 2017<\/a><\/p><\/blockquote>\n<p><script async src=\"https:\/\/platform.twitter.com\/widgets.js\" charset=\"utf-8\"><\/script><\/p>\n<blockquote class=\"twitter-tweet\" data-width=\"500\" data-dnt=\"true\">\n<p lang=\"es\" dir=\"ltr\">Feliz aniversario al <a href=\"https:\/\/twitter.com\/OficialCAP?ref_src=twsrc%5Etfw\">@OficialCAP<\/a>, salud!!<\/p>\n<p>&mdash; Centro Atl\u00e9tico F\u00e9nix (@CAFenix_) <a href=\"https:\/\/twitter.com\/CAFenix_\/status\/913375226838339584?ref_src=twsrc%5Etfw\">September 28, 2017<\/a><\/p><\/blockquote>\n<p><script async src=\"https:\/\/platform.twitter.com\/widgets.js\" charset=\"utf-8\"><\/script><\/p>\n<p>https:\/\/twitter.com\/dsc_oficial\/status\/913381221652156416<\/p>\n<blockquote class=\"twitter-tweet\" data-width=\"500\" data-dnt=\"true\">\n<p lang=\"es\" dir=\"ltr\">Abraz\u00e1 a tu amigo, bes\u00e1 a la vieja, dale las gcs al viejo x el amor a los colores, y celebr\u00e1 con alegr\u00eda y en Paz<br \/>Feliz Cumple <a href=\"https:\/\/twitter.com\/OficialCAP?ref_src=twsrc%5Etfw\">@OficialCAP<\/a> !<\/p>\n<p>&mdash; Club Plaza Colonia (@PlazaColonia) <a href=\"https:\/\/twitter.com\/PlazaColonia\/status\/913244752258138112?ref_src=twsrc%5Etfw\">September 28, 2017<\/a><\/p><\/blockquote>\n<p><script async src=\"https:\/\/platform.twitter.com\/widgets.js\" charset=\"utf-8\"><\/script><\/p>\n<blockquote class=\"twitter-tweet\" data-width=\"500\" data-dnt=\"true\">\n<p lang=\"es\" dir=\"ltr\">Feliz cumplea\u00f1os <a href=\"https:\/\/twitter.com\/OficialCAP?ref_src=twsrc%5Etfw\">@OficialCAP<\/a> <a href=\"https:\/\/t.co\/QrqQM9ybq6\">pic.twitter.com\/QrqQM9ybq6<\/a><\/p>\n<p>&mdash; Club Atl\u00e9tico Juventud (@JuventudUy) <a href=\"https:\/\/twitter.com\/JuventudUy\/status\/913539014212423680?ref_src=twsrc%5Etfw\">September 28, 2017<\/a><\/p><\/blockquote>\n<p><script async src=\"https:\/\/platform.twitter.com\/widgets.js\" charset=\"utf-8\"><\/script><\/p>\n<blockquote class=\"twitter-tweet\" data-width=\"500\" data-dnt=\"true\">\n<p lang=\"es\" dir=\"ltr\">Nuestro saludo a <a href=\"https:\/\/twitter.com\/OficialCAP?ref_src=twsrc%5Etfw\">@OficialCAP<\/a> en su aniversario<\/p>\n<p>&mdash; Club Atl\u00e9tico Rentistas (@ClubRentistas) <a href=\"https:\/\/twitter.com\/ClubRentistas\/status\/913445616071606273?ref_src=twsrc%5Etfw\">September 28, 2017<\/a><\/p><\/blockquote>\n<p><script async src=\"https:\/\/platform.twitter.com\/widgets.js\" charset=\"utf-8\"><\/script><\/p>\n<blockquote class=\"twitter-tweet\" data-width=\"500\" data-dnt=\"true\">\n<p lang=\"es\" dir=\"ltr\">\u00a1De un camp\u00e9on a otro campe\u00f3n, enviamos un gran saludo desde el <a href=\"https:\/\/twitter.com\/CABellaVista?ref_src=twsrc%5Etfw\">@CABellaVista<\/a> al CA Pe\u00f1arol (<a href=\"https:\/\/twitter.com\/OficialCAP?ref_src=twsrc%5Etfw\">@OficialCAP<\/a>) por su nuevo aniversario, salud!<\/p>\n<p>&mdash; BELLA VISTA (@BellaVistaUY) <a href=\"https:\/\/twitter.com\/BellaVistaUY\/status\/913515397973934085?ref_src=twsrc%5Etfw\">September 28, 2017<\/a><\/p><\/blockquote>\n<p><script async src=\"https:\/\/platform.twitter.com\/widgets.js\" charset=\"utf-8\"><\/script><\/p>\n<blockquote class=\"twitter-tweet\" data-width=\"500\" data-dnt=\"true\">\n<p lang=\"es\" dir=\"ltr\">Saludamos a <a href=\"https:\/\/twitter.com\/OficialCAP?ref_src=twsrc%5Etfw\">@OficialCAP<\/a> y a todos sus hinchas en este 126\u00b0 Aniversario. <a href=\"https:\/\/t.co\/QIP3taseo4\">https:\/\/t.co\/QIP3taseo4<\/a><\/p>\n<p>&mdash; Platense.uy (@platense_uy) <a href=\"https:\/\/twitter.com\/platense_uy\/status\/913238897571790848?ref_src=twsrc%5Etfw\">September 28, 2017<\/a><\/p><\/blockquote>\n<p><script async src=\"https:\/\/platform.twitter.com\/widgets.js\" charset=\"utf-8\"><\/script><\/p>\n<blockquote class=\"twitter-tweet\" data-width=\"500\" data-dnt=\"true\">\n<p lang=\"es\" dir=\"ltr\">Feliz aniversario a los amigos de <a href=\"https:\/\/twitter.com\/OficialCAP?ref_src=twsrc%5Etfw\">@OficialCAP<\/a> sal\u00fa \ud83c\udf7b<\/p>\n<p>&mdash; Col\u00f3n F\u00fatbol Club (@ColonFc) <a href=\"https:\/\/twitter.com\/ColonFc\/status\/913372978326511616?ref_src=twsrc%5Etfw\">September 28, 2017<\/a><\/p><\/blockquote>\n<p><script async src=\"https:\/\/platform.twitter.com\/widgets.js\" charset=\"utf-8\"><\/script><\/p>\n<p>https:\/\/twitter.com\/CerroLargoFCAsc\/status\/913429216515018752<\/p>\n<blockquote class=\"twitter-tweet\" data-width=\"500\" data-dnt=\"true\">\n<p lang=\"es\" dir=\"ltr\">Felicitamos a <a href=\"https:\/\/twitter.com\/OficialCAP?ref_src=twsrc%5Etfw\">@OficialCAP<\/a> en su 126\u00ba aniversario. Enviamos un saludo a nuestra instituci\u00f3n amiga y a su gente, por muchos a\u00f1os m\u00e1s. \ud83c\udf82<\/p>\n<p>&mdash; Hurac\u00e1n Buceo \u26ab\u26aa\ud83d\udd34 (@Huracan_Buceo) <a href=\"https:\/\/twitter.com\/Huracan_Buceo\/status\/913421815107801088?ref_src=twsrc%5Etfw\">September 28, 2017<\/a><\/p><\/blockquote>\n<p><script async src=\"https:\/\/platform.twitter.com\/widgets.js\" charset=\"utf-8\"><\/script><\/p>\n<blockquote class=\"twitter-tweet\" data-width=\"500\" data-dnt=\"true\">\n<p lang=\"es\" dir=\"ltr\">El capo hoy es mi querido Pe\u00f1arol, que cumple 126 a\u00f1os, lleno de historia y \u00e9xitos.<\/p>\n<p>&mdash; Jos\u00e9 Luis FelixChilavert Gonzalez (@JoseLChilavert_) <a href=\"https:\/\/twitter.com\/JoseLChilavert_\/status\/913250493417316352?ref_src=twsrc%5Etfw\">September 28, 2017<\/a><\/p><\/blockquote>\n<p><script async src=\"https:\/\/platform.twitter.com\/widgets.js\" charset=\"utf-8\"><\/script><\/p>\n<blockquote class=\"twitter-tweet\" data-width=\"500\" data-dnt=\"true\">\n<p lang=\"es\" dir=\"ltr\">Feliz cumplea\u00f1os al Club de mis amores!! Club que me vio nacer, me formo como jugador y como persona. Abrazo a todos los manyas!! <a href=\"https:\/\/t.co\/wUOzGAWZ12\">pic.twitter.com\/wUOzGAWZ12<\/a><\/p>\n<p>&mdash; Ruben Paz (@rpazmar10) <a href=\"https:\/\/twitter.com\/rpazmar10\/status\/913379933157822465?ref_src=twsrc%5Etfw\">September 28, 2017<\/a><\/p><\/blockquote>\n<p><script async src=\"https:\/\/platform.twitter.com\/widgets.js\" charset=\"utf-8\"><\/script><\/p>\n<blockquote class=\"twitter-tweet\" data-width=\"500\" data-dnt=\"true\">\n<p lang=\"es\" dir=\"ltr\">Feliz aniversario querido Pe\u00f1arol !! Orgullo de ser parte de la gran historia de uno de los m\u00e1s grandes del mundo \ud83d\udda4\ud83d\udc9b <a href=\"https:\/\/t.co\/RZ9SYcvk2U\">pic.twitter.com\/RZ9SYcvk2U<\/a><\/p>\n<p>&mdash; Martin Garcia entrenador licencia pro (@tatogarcia76) <a href=\"https:\/\/twitter.com\/tatogarcia76\/status\/913236453790031872?ref_src=twsrc%5Etfw\">September 28, 2017<\/a><\/p><\/blockquote>\n<p><script async src=\"https:\/\/platform.twitter.com\/widgets.js\" charset=\"utf-8\"><\/script><\/p>\n<blockquote class=\"twitter-tweet\" data-width=\"500\" data-dnt=\"true\">\n<p lang=\"es\" dir=\"ltr\">Gracias viejo por hacerme de Pe\u00f1arol y ser parte de esa rica Historia  # 126 A\u00f1osdeGloria #\ud83c\udfc6\ud83c\udfc6\ud83c\udfc6\ud83c\udfc6\ud83c\udfc6 <a href=\"https:\/\/t.co\/ARhmTb0XFp\">pic.twitter.com\/ARhmTb0XFp<\/a><\/p>\n<p>&mdash; Robert Lima (@Rlima5dt) <a href=\"https:\/\/twitter.com\/Rlima5dt\/status\/913199982949302274?ref_src=twsrc%5Etfw\">September 28, 2017<\/a><\/p><\/blockquote>\n<p><script async src=\"https:\/\/platform.twitter.com\/widgets.js\" charset=\"utf-8\"><\/script><\/p>\n<p>https:\/\/twitter.com\/SantiBueno98\/status\/913475439993262080<\/p>\n<blockquote class=\"twitter-tweet\" data-width=\"500\" data-dnt=\"true\">\n<p lang=\"es\" dir=\"ltr\">Feliz cumplea\u00f1os carbonero querido!! Feliz de haber formado parte de tu historia! <a href=\"https:\/\/twitter.com\/hashtag\/126a%C3%B1os?src=hash&amp;ref_src=twsrc%5Etfw\">#126a\u00f1os<\/a> <a href=\"https:\/\/t.co\/3fiKZyTxwC\">https:\/\/t.co\/3fiKZyTxwC<\/a><\/p>\n<p>&mdash; Damian Frascarelli (@damifrascarelli) <a href=\"https:\/\/twitter.com\/damifrascarelli\/status\/913262652075446272?ref_src=twsrc%5Etfw\">September 28, 2017<\/a><\/p><\/blockquote>\n<p><script async src=\"https:\/\/platform.twitter.com\/widgets.js\" charset=\"utf-8\"><\/script><\/p>\n<blockquote class=\"twitter-tweet\" data-width=\"500\" data-dnt=\"true\">\n<p lang=\"es\" dir=\"ltr\">De los amores primeros que llegan al coraz\u00f3n!! Pe\u00f1arol Pe\u00f1arol. Tu nombre brilla m\u00e1s que el Sol. Feliz Cumple 126 queridos carboneros!! <a href=\"https:\/\/t.co\/DDqnifX6c9\">pic.twitter.com\/DDqnifX6c9<\/a><\/p>\n<p>&mdash; Walter Pandiani (@RiflePandiani7) <a href=\"https:\/\/twitter.com\/RiflePandiani7\/status\/913400098956169243?ref_src=twsrc%5Etfw\">September 28, 2017<\/a><\/p><\/blockquote>\n<p><script async src=\"https:\/\/platform.twitter.com\/widgets.js\" charset=\"utf-8\"><\/script><\/p>\n<blockquote class=\"twitter-tweet\" data-width=\"500\" data-dnt=\"true\">\n<p lang=\"es\" dir=\"ltr\">FELICES 126 A\u00d1OS DE GLORIA  Que orgullo formar parte de tu gran historia \ud83d\udc4f\ud83d\udc4f\ud83d\udc4f\ud83d\udc4f\ud83d\udc4f\ud83d\udc4f#pe\u00f1arol#pe\u00f1arol\u2026 <a href=\"https:\/\/t.co\/siJshszJ9G\">https:\/\/t.co\/siJshszJ9G<\/a><\/p>\n<p>&mdash; Sebastian Sosa (@sebauruguayo1) <a href=\"https:\/\/twitter.com\/sebauruguayo1\/status\/913257829011722240?ref_src=twsrc%5Etfw\">September 28, 2017<\/a><\/p><\/blockquote>\n<p><script async src=\"https:\/\/platform.twitter.com\/widgets.js\" charset=\"utf-8\"><\/script><\/p>\n<blockquote class=\"twitter-tweet\" data-width=\"500\" data-dnt=\"true\">\n<p lang=\"es\" dir=\"ltr\"><a href=\"https:\/\/twitter.com\/hashtag\/FelizDiaDelHinchaDeRiver?src=hash&amp;ref_src=twsrc%5Etfw\">#FelizDiaDelHinchaDeRiver<\/a>  <a href=\"https:\/\/twitter.com\/carpoficial?ref_src=twsrc%5Etfw\">@CARPoficial<\/a> \u26aa\u2665\ufe0f\u26aa <a href=\"https:\/\/twitter.com\/hashtag\/Felices126A%C3%B1osQueridoCarbonero?src=hash&amp;ref_src=twsrc%5Etfw\">#Felices126A\u00f1osQueridoCarbonero<\/a>         \ud83d\udc9b\ud83d\udda4\ud83d\udc9b <a href=\"https:\/\/twitter.com\/OficialCAP?ref_src=twsrc%5Etfw\">@OficialCAP<\/a> <br \/>Que feliz me hacen! <a href=\"https:\/\/t.co\/QLSb2PZrJg\">pic.twitter.com\/QLSb2PZrJg<\/a><\/p>\n<p>&mdash; Rodrigo Mora (@romorita11) <a href=\"https:\/\/twitter.com\/romorita11\/status\/913430509295947776?ref_src=twsrc%5Etfw\">September 28, 2017<\/a><\/p><\/blockquote>\n<p><script async src=\"https:\/\/platform.twitter.com\/widgets.js\" charset=\"utf-8\"><\/script><\/p>\n<blockquote class=\"twitter-tweet\" data-width=\"500\" data-dnt=\"true\">\n<p lang=\"es\" dir=\"ltr\">Viva siempre Pe\u00f1arol ! <a href=\"https:\/\/twitter.com\/hashtag\/126A%C3%B1osDeGloria?src=hash&amp;ref_src=twsrc%5Etfw\">#126A\u00f1osDeGloria<\/a> <a href=\"https:\/\/t.co\/H3XT5sOwl9\">pic.twitter.com\/H3XT5sOwl9<\/a><\/p>\n<p>&mdash; Mathias Rodr\u00edguez (@RodriguezMathi6) <a href=\"https:\/\/twitter.com\/RodriguezMathi6\/status\/913433181264760833?ref_src=twsrc%5Etfw\">September 28, 2017<\/a><\/p><\/blockquote>\n<p><script async src=\"https:\/\/platform.twitter.com\/widgets.js\" charset=\"utf-8\"><\/script><\/p>\n<blockquote class=\"twitter-tweet\" data-width=\"500\" data-dnt=\"true\">\n<p lang=\"es\" dir=\"ltr\">Felices <a href=\"https:\/\/twitter.com\/hashtag\/126a%C3%B1osdegloria?src=hash&amp;ref_src=twsrc%5Etfw\">#126a\u00f1osdegloria<\/a> a <a href=\"https:\/\/twitter.com\/OficialCAP?ref_src=twsrc%5Etfw\">@OficialCAP<\/a> . Seras eterno como el tiempo y florecer\u00e1s en cada primavera! \ud83d\udc9b\ud83d\udda4 <a href=\"https:\/\/t.co\/O5HTzGI27u\">pic.twitter.com\/O5HTzGI27u<\/a><\/p>\n<p>&mdash; Hernan Petryk (@hernan_petryk) <a href=\"https:\/\/twitter.com\/hernan_petryk\/status\/913459842135859200?ref_src=twsrc%5Etfw\">September 28, 2017<\/a><\/p><\/blockquote>\n<p><script async src=\"https:\/\/platform.twitter.com\/widgets.js\" charset=\"utf-8\"><\/script><\/p>\n<blockquote class=\"twitter-tweet\" data-width=\"500\" data-dnt=\"true\">\n<p lang=\"es\" dir=\"ltr\">\u00a1Felices 126 a\u00f1os carbonero querido! Un orgullo vestir tus colores!!! Vamos <a href=\"https:\/\/twitter.com\/hashtag\/Pe%C3%B1arol?src=hash&amp;ref_src=twsrc%5Etfw\">#Pe\u00f1arol<\/a> \ud83d\udc4a\ud83c\udffb <a href=\"https:\/\/t.co\/dLBOKdzVMB\">pic.twitter.com\/dLBOKdzVMB<\/a><\/p>\n<p>&mdash; Yeferson Quintana (@YefersonQuinta3) <a href=\"https:\/\/twitter.com\/YefersonQuinta3\/status\/913260550259396608?ref_src=twsrc%5Etfw\">September 28, 2017<\/a><\/p><\/blockquote>\n<p><script async src=\"https:\/\/platform.twitter.com\/widgets.js\" charset=\"utf-8\"><\/script><\/p>\n<blockquote class=\"twitter-tweet\" data-width=\"500\" data-dnt=\"true\">\n<p lang=\"es\" dir=\"ltr\">FELIZ CUMPLEA\u00d1OS CARBONERO!! 126 <a href=\"https:\/\/t.co\/KBvghjnoFA\">pic.twitter.com\/KBvghjnoFA<\/a><\/p>\n<p>&mdash; Cristian Rodr\u00edguez (@Cebo_Rodriguez) <a href=\"https:\/\/twitter.com\/Cebo_Rodriguez\/status\/913481878522486786?ref_src=twsrc%5Etfw\">September 28, 2017<\/a><\/p><\/blockquote>\n<p><script async src=\"https:\/\/platform.twitter.com\/widgets.js\" charset=\"utf-8\"><\/script><\/p>\n<blockquote class=\"twitter-tweet\" data-width=\"500\" data-dnt=\"true\">\n<p lang=\"es\" dir=\"ltr\">126 a\u00f1os de pura gloria. Felicidades carboneros \ud83c\udf13 <a href=\"https:\/\/t.co\/ZCQUUWdfzm\">pic.twitter.com\/ZCQUUWdfzm<\/a><\/p>\n<p>&mdash; Thiago Cardozo (@tcardozo96) <a href=\"https:\/\/twitter.com\/tcardozo96\/status\/913492112137707521?ref_src=twsrc%5Etfw\">September 28, 2017<\/a><\/p><\/blockquote>\n<p><script async src=\"https:\/\/platform.twitter.com\/widgets.js\" charset=\"utf-8\"><\/script><\/p>\n<blockquote class=\"twitter-tweet\" data-width=\"500\" data-dnt=\"true\">\n<p lang=\"es\" dir=\"ltr\">Felicidades Pe\u00f1arol por tantos a\u00f1os de gloria!!! \ud83d\udc4c\ud83c\udffd\ud83d\udc4c\ud83c\udffd\ud83d\udc4c\ud83c\udffd <a href=\"https:\/\/t.co\/l8F4P4HW0N\">pic.twitter.com\/l8F4P4HW0N<\/a><\/p>\n<p>&mdash; W.A Gargano Guevara (@GarganoOfficial) <a href=\"https:\/\/twitter.com\/GarganoOfficial\/status\/913362385209094144?ref_src=twsrc%5Etfw\">September 28, 2017<\/a><\/p><\/blockquote>\n<p><script async src=\"https:\/\/platform.twitter.com\/widgets.js\" charset=\"utf-8\"><\/script><\/p>\n<blockquote class=\"twitter-tweet\" data-width=\"500\" data-dnt=\"true\">\n<p lang=\"es\" dir=\"ltr\">Felices 126 a\u00f1os de gloria al club de mis amores, al querido Club Atl\u00e9tico Pe\u00f1arol. Feliz cumplea\u00f1os para todos los Manyas. Pe\u00f1arol Pe\u00f1arol! <a href=\"https:\/\/t.co\/FouWOMZzxq\">pic.twitter.com\/FouWOMZzxq<\/a><\/p>\n<p>&mdash; Fabi\u00e1n Estoyanoff (@loloestoyanoff) <a href=\"https:\/\/twitter.com\/loloestoyanoff\/status\/913244554740019201?ref_src=twsrc%5Etfw\">September 28, 2017<\/a><\/p><\/blockquote>\n<p><script async src=\"https:\/\/platform.twitter.com\/widgets.js\" charset=\"utf-8\"><\/script><\/p>\n<blockquote class=\"twitter-tweet\" data-width=\"500\" data-dnt=\"true\">\n<p lang=\"es\" dir=\"ltr\">Felices 126 a\u00f1os de gloria a <a href=\"https:\/\/twitter.com\/OficialCAP?ref_src=twsrc%5Etfw\">@OficialCAP<\/a> \ud83c\udf13\ud83c\udf13\ud83d\udc4f\ud83c\udffc\ud83d\udc4f\ud83c\udffc\ud83d\udc4f\ud83c\udffc\ud83d\ude4c\ud83c\udffd <a href=\"https:\/\/t.co\/aYmfWJ77N0\">pic.twitter.com\/aYmfWJ77N0<\/a><\/p>\n<p>&mdash; Ivan Villalba (@IvanEmilio95) <a href=\"https:\/\/twitter.com\/IvanEmilio95\/status\/913483887833227265?ref_src=twsrc%5Etfw\">September 28, 2017<\/a><\/p><\/blockquote>\n<p><script async src=\"https:\/\/platform.twitter.com\/widgets.js\" charset=\"utf-8\"><\/script><\/p>\n<p>https:\/\/twitter.com\/gguruceaga\/status\/913431512003031041<\/p>\n","protected":false},"excerpt":{"rendered":"<p>Compartimos a continuaci\u00f3n algunos saludos de jugadores, ex jugadores, instituciones y otros actores del deporte por el aniversario 126 del Club Atl\u00e9tico Pe\u00f1arol. \u00a1Sal\u00fa! En nombre de @CONMEBOL, le deseo un feliz 126 aniversario al @OficialCAP, club que ha dejado huella en la historia del f\u00fatbol sudamericano! https:\/\/t.co\/vtILTFXbr8 &mdash; Alejandro Dom\u00ednguez (@agdws) September 28, 2017 [&hellip;]<\/p>\n","protected":false},"author":10,"featured_media":64619,"comment_status":"open","ping_status":"closed","sticky":false,"template":"","format":"standard","meta":{"footnotes":""},"categories":[1],"tags":[323],"yoast_head":"<!-- This site is optimized with the Yoast SEO plugin v23.2 - https:\/\/yoast.com\/wordpress\/plugins\/seo\/ -->\n<title>Los saludos por los 126 a\u00f1os - Padre y Decano - El Sitio del Pueblo<\/title>\n<meta name=\"robots\" content=\"index, follow, max-snippet:-1, max-image-preview:large, max-video-preview:-1\" \/>\n<link rel=\"canonical\" href=\"https:\/\/www.padreydecano.com\/cms\/noticias\/los-saludos-por-los-126-anos\/\" \/>\n<meta property=\"og:locale\" content=\"es_ES\" \/>\n<meta property=\"og:type\" content=\"article\" \/>\n<meta property=\"og:title\" content=\"Los saludos por los 126 a\u00f1os - Padre y Decano - El Sitio del Pueblo\" \/>\n<meta property=\"og:description\" content=\"Compartimos a continuaci\u00f3n algunos saludos de jugadores, ex jugadores, instituciones y otros actores del deporte por el aniversario 126 del Club Atl\u00e9tico Pe\u00f1arol. \u00a1Sal\u00fa! En nombre de @CONMEBOL, le deseo un feliz 126 aniversario al @OficialCAP, club que ha dejado huella en la historia del f\u00fatbol sudamericano! https:\/\/t.co\/vtILTFXbr8 &mdash; Alejandro Dom\u00ednguez (@agdws) September 28, 2017 [&hellip;]\" \/>\n<meta property=\"og:url\" content=\"https:\/\/www.padreydecano.com\/cms\/noticias\/los-saludos-por-los-126-anos\/\" \/>\n<meta property=\"og:site_name\" content=\"Padre y Decano - El Sitio del Pueblo\" \/>\n<meta property=\"article:published_time\" content=\"2017-09-28T19:03:06+00:00\" \/>\n<meta property=\"article:modified_time\" content=\"2017-09-28T23:45:39+00:00\" \/>\n<meta property=\"og:image\" content=\"https:\/\/www.padreydecano.com\/cms\/wp-content\/uploads\/2017\/09\/1891.jpg\" \/>\n\t<meta property=\"og:image:width\" content=\"700\" \/>\n\t<meta property=\"og:image:height\" content=\"500\" \/>\n\t<meta property=\"og:image:type\" content=\"image\/jpeg\" \/>\n<meta name=\"author\" content=\"fishoapyd\" \/>\n<meta name=\"twitter:card\" content=\"summary_large_image\" \/>\n<meta name=\"twitter:label1\" content=\"Escrito por\" \/>\n\t<meta name=\"twitter:data1\" content=\"fishoapyd\" \/>\n\t<meta name=\"twitter:label2\" content=\"Tiempo de lectura\" \/>\n\t<meta name=\"twitter:data2\" content=\"1 minuto\" \/>\n<script type=\"application\/ld+json\" class=\"yoast-schema-graph\">{\"@context\":\"https:\/\/schema.org\",\"@graph\":[{\"@type\":\"Article\",\"@id\":\"https:\/\/www.padreydecano.com\/cms\/noticias\/los-saludos-por-los-126-anos\/#article\",\"isPartOf\":{\"@id\":\"https:\/\/www.padreydecano.com\/cms\/noticias\/los-saludos-por-los-126-anos\/\"},\"author\":{\"name\":\"fishoapyd\",\"@id\":\"https:\/\/www.padreydecano.com\/cms\/#\/schema\/person\/1376f1ec91158cca7aeef6d2109f929d\"},\"headline\":\"Los saludos por los 126 a\u00f1os\",\"datePublished\":\"2017-09-28T19:03:06+00:00\",\"dateModified\":\"2017-09-28T23:45:39+00:00\",\"mainEntityOfPage\":{\"@id\":\"https:\/\/www.padreydecano.com\/cms\/noticias\/los-saludos-por-los-126-anos\/\"},\"wordCount\":225,\"commentCount\":17,\"publisher\":{\"@id\":\"https:\/\/www.padreydecano.com\/cms\/#organization\"},\"image\":{\"@id\":\"https:\/\/www.padreydecano.com\/cms\/noticias\/los-saludos-por-los-126-anos\/#primaryimage\"},\"thumbnailUrl\":\"https:\/\/www.padreydecano.com\/cms\/wp-content\/uploads\/2017\/09\/1891.jpg\",\"keywords\":[\"Aniversario 126 a\u00f1os\"],\"articleSection\":[\"Noticias\"],\"inLanguage\":\"es\",\"potentialAction\":[{\"@type\":\"CommentAction\",\"name\":\"Comment\",\"target\":[\"https:\/\/www.padreydecano.com\/cms\/noticias\/los-saludos-por-los-126-anos\/#respond\"]}]},{\"@type\":\"WebPage\",\"@id\":\"https:\/\/www.padreydecano.com\/cms\/noticias\/los-saludos-por-los-126-anos\/\",\"url\":\"https:\/\/www.padreydecano.com\/cms\/noticias\/los-saludos-por-los-126-anos\/\",\"name\":\"Los saludos por los 126 a\u00f1os - Padre y Decano - El Sitio del Pueblo\",\"isPartOf\":{\"@id\":\"https:\/\/www.padreydecano.com\/cms\/#website\"},\"primaryImageOfPage\":{\"@id\":\"https:\/\/www.padreydecano.com\/cms\/noticias\/los-saludos-por-los-126-anos\/#primaryimage\"},\"image\":{\"@id\":\"https:\/\/www.padreydecano.com\/cms\/noticias\/los-saludos-por-los-126-anos\/#primaryimage\"},\"thumbnailUrl\":\"https:\/\/www.padreydecano.com\/cms\/wp-content\/uploads\/2017\/09\/1891.jpg\",\"datePublished\":\"2017-09-28T19:03:06+00:00\",\"dateModified\":\"2017-09-28T23:45:39+00:00\",\"breadcrumb\":{\"@id\":\"https:\/\/www.padreydecano.com\/cms\/noticias\/los-saludos-por-los-126-anos\/#breadcrumb\"},\"inLanguage\":\"es\",\"potentialAction\":[{\"@type\":\"ReadAction\",\"target\":[\"https:\/\/www.padreydecano.com\/cms\/noticias\/los-saludos-por-los-126-anos\/\"]}]},{\"@type\":\"ImageObject\",\"inLanguage\":\"es\",\"@id\":\"https:\/\/www.padreydecano.com\/cms\/noticias\/los-saludos-por-los-126-anos\/#primaryimage\",\"url\":\"https:\/\/www.padreydecano.com\/cms\/wp-content\/uploads\/2017\/09\/1891.jpg\",\"contentUrl\":\"https:\/\/www.padreydecano.com\/cms\/wp-content\/uploads\/2017\/09\/1891.jpg\",\"width\":700,\"height\":500},{\"@type\":\"BreadcrumbList\",\"@id\":\"https:\/\/www.padreydecano.com\/cms\/noticias\/los-saludos-por-los-126-anos\/#breadcrumb\",\"itemListElement\":[{\"@type\":\"ListItem\",\"position\":1,\"name\":\"Portada\",\"item\":\"https:\/\/www.padreydecano.com\/cms\/\"},{\"@type\":\"ListItem\",\"position\":2,\"name\":\"Los saludos por los 126 a\u00f1os\"}]},{\"@type\":\"WebSite\",\"@id\":\"https:\/\/www.padreydecano.com\/cms\/#website\",\"url\":\"https:\/\/www.padreydecano.com\/cms\/\",\"name\":\"Padre y Decano - El Sitio del Pueblo\",\"description\":\"Club Atl\u00e9tico Pe\u00f1arol\",\"publisher\":{\"@id\":\"https:\/\/www.padreydecano.com\/cms\/#organization\"},\"potentialAction\":[{\"@type\":\"SearchAction\",\"target\":{\"@type\":\"EntryPoint\",\"urlTemplate\":\"https:\/\/www.padreydecano.com\/cms\/?s={search_term_string}\"},\"query-input\":\"required name=search_term_string\"}],\"inLanguage\":\"es\"},{\"@type\":\"Organization\",\"@id\":\"https:\/\/www.padreydecano.com\/cms\/#organization\",\"name\":\"Padre y Decano\",\"url\":\"https:\/\/www.padreydecano.com\/cms\/\",\"logo\":{\"@type\":\"ImageObject\",\"inLanguage\":\"es\",\"@id\":\"https:\/\/www.padreydecano.com\/cms\/#\/schema\/logo\/image\/\",\"url\":\"https:\/\/www.padreydecano.com\/cms\/wp-content\/uploads\/2022\/01\/avatar-square.png\",\"contentUrl\":\"https:\/\/www.padreydecano.com\/cms\/wp-content\/uploads\/2022\/01\/avatar-square.png\",\"width\":1500,\"height\":1500,\"caption\":\"Padre y Decano\"},\"image\":{\"@id\":\"https:\/\/www.padreydecano.com\/cms\/#\/schema\/logo\/image\/\"}},{\"@type\":\"Person\",\"@id\":\"https:\/\/www.padreydecano.com\/cms\/#\/schema\/person\/1376f1ec91158cca7aeef6d2109f929d\",\"name\":\"fishoapyd\",\"image\":{\"@type\":\"ImageObject\",\"inLanguage\":\"es\",\"@id\":\"https:\/\/www.padreydecano.com\/cms\/#\/schema\/person\/image\/\",\"url\":\"https:\/\/www.padreydecano.com\/cms\/wp-content\/uploads\/2022\/12\/avatar-square-1.png\",\"contentUrl\":\"https:\/\/www.padreydecano.com\/cms\/wp-content\/uploads\/2022\/12\/avatar-square-1.png\",\"caption\":\"fishoapyd\"},\"sameAs\":[\"http:\/\/www.padreydecano.com\"]}]}<\/script>\n<!-- \/ Yoast SEO plugin. -->","yoast_head_json":{"title":"Los saludos por los 126 a\u00f1os - Padre y Decano - El Sitio del Pueblo","robots":{"index":"index","follow":"follow","max-snippet":"max-snippet:-1","max-image-preview":"max-image-preview:large","max-video-preview":"max-video-preview:-1"},"canonical":"https:\/\/www.padreydecano.com\/cms\/noticias\/los-saludos-por-los-126-anos\/","og_locale":"es_ES","og_type":"article","og_title":"Los saludos por los 126 a\u00f1os - Padre y Decano - El Sitio del Pueblo","og_description":"Compartimos a continuaci\u00f3n algunos saludos de jugadores, ex jugadores, instituciones y otros actores del deporte por el aniversario 126 del Club Atl\u00e9tico Pe\u00f1arol. \u00a1Sal\u00fa! En nombre de @CONMEBOL, le deseo un feliz 126 aniversario al @OficialCAP, club que ha dejado huella en la historia del f\u00fatbol sudamericano! https:\/\/t.co\/vtILTFXbr8 &mdash; Alejandro Dom\u00ednguez (@agdws) September 28, 2017 [&hellip;]","og_url":"https:\/\/www.padreydecano.com\/cms\/noticias\/los-saludos-por-los-126-anos\/","og_site_name":"Padre y Decano - El Sitio del Pueblo","article_published_time":"2017-09-28T19:03:06+00:00","article_modified_time":"2017-09-28T23:45:39+00:00","og_image":[{"width":700,"height":500,"url":"https:\/\/www.padreydecano.com\/cms\/wp-content\/uploads\/2017\/09\/1891.jpg","type":"image\/jpeg"}],"author":"fishoapyd","twitter_card":"summary_large_image","twitter_misc":{"Escrito por":"fishoapyd","Tiempo de lectura":"1 minuto"},"schema":{"@context":"https:\/\/schema.org","@graph":[{"@type":"Article","@id":"https:\/\/www.padreydecano.com\/cms\/noticias\/los-saludos-por-los-126-anos\/#article","isPartOf":{"@id":"https:\/\/www.padreydecano.com\/cms\/noticias\/los-saludos-por-los-126-anos\/"},"author":{"name":"fishoapyd","@id":"https:\/\/www.padreydecano.com\/cms\/#\/schema\/person\/1376f1ec91158cca7aeef6d2109f929d"},"headline":"Los saludos por los 126 a\u00f1os","datePublished":"2017-09-28T19:03:06+00:00","dateModified":"2017-09-28T23:45:39+00:00","mainEntityOfPage":{"@id":"https:\/\/www.padreydecano.com\/cms\/noticias\/los-saludos-por-los-126-anos\/"},"wordCount":225,"commentCount":17,"publisher":{"@id":"https:\/\/www.padreydecano.com\/cms\/#organization"},"image":{"@id":"https:\/\/www.padreydecano.com\/cms\/noticias\/los-saludos-por-los-126-anos\/#primaryimage"},"thumbnailUrl":"https:\/\/www.padreydecano.com\/cms\/wp-content\/uploads\/2017\/09\/1891.jpg","keywords":["Aniversario 126 a\u00f1os"],"articleSection":["Noticias"],"inLanguage":"es","potentialAction":[{"@type":"CommentAction","name":"Comment","target":["https:\/\/www.padreydecano.com\/cms\/noticias\/los-saludos-por-los-126-anos\/#respond"]}]},{"@type":"WebPage","@id":"https:\/\/www.padreydecano.com\/cms\/noticias\/los-saludos-por-los-126-anos\/","url":"https:\/\/www.padreydecano.com\/cms\/noticias\/los-saludos-por-los-126-anos\/","name":"Los saludos por los 126 a\u00f1os - Padre y Decano - El Sitio del Pueblo","isPartOf":{"@id":"https:\/\/www.padreydecano.com\/cms\/#website"},"primaryImageOfPage":{"@id":"https:\/\/www.padreydecano.com\/cms\/noticias\/los-saludos-por-los-126-anos\/#primaryimage"},"image":{"@id":"https:\/\/www.padreydecano.com\/cms\/noticias\/los-saludos-por-los-126-anos\/#primaryimage"},"thumbnailUrl":"https:\/\/www.padreydecano.com\/cms\/wp-content\/uploads\/2017\/09\/1891.jpg","datePublished":"2017-09-28T19:03:06+00:00","dateModified":"2017-09-28T23:45:39+00:00","breadcrumb":{"@id":"https:\/\/www.padreydecano.com\/cms\/noticias\/los-saludos-por-los-126-anos\/#breadcrumb"},"inLanguage":"es","potentialAction":[{"@type":"ReadAction","target":["https:\/\/www.padreydecano.com\/cms\/noticias\/los-saludos-por-los-126-anos\/"]}]},{"@type":"ImageObject","inLanguage":"es","@id":"https:\/\/www.padreydecano.com\/cms\/noticias\/los-saludos-por-los-126-anos\/#primaryimage","url":"https:\/\/www.padreydecano.com\/cms\/wp-content\/uploads\/2017\/09\/1891.jpg","contentUrl":"https:\/\/www.padreydecano.com\/cms\/wp-content\/uploads\/2017\/09\/1891.jpg","width":700,"height":500},{"@type":"BreadcrumbList","@id":"https:\/\/www.padreydecano.com\/cms\/noticias\/los-saludos-por-los-126-anos\/#breadcrumb","itemListElement":[{"@type":"ListItem","position":1,"name":"Portada","item":"https:\/\/www.padreydecano.com\/cms\/"},{"@type":"ListItem","position":2,"name":"Los saludos por los 126 a\u00f1os"}]},{"@type":"WebSite","@id":"https:\/\/www.padreydecano.com\/cms\/#website","url":"https:\/\/www.padreydecano.com\/cms\/","name":"Padre y Decano - El Sitio del Pueblo","description":"Club Atl\u00e9tico Pe\u00f1arol","publisher":{"@id":"https:\/\/www.padreydecano.com\/cms\/#organization"},"potentialAction":[{"@type":"SearchAction","target":{"@type":"EntryPoint","urlTemplate":"https:\/\/www.padreydecano.com\/cms\/?s={search_term_string}"},"query-input":"required name=search_term_string"}],"inLanguage":"es"},{"@type":"Organization","@id":"https:\/\/www.padreydecano.com\/cms\/#organization","name":"Padre y Decano","url":"https:\/\/www.padreydecano.com\/cms\/","logo":{"@type":"ImageObject","inLanguage":"es","@id":"https:\/\/www.padreydecano.com\/cms\/#\/schema\/logo\/image\/","url":"https:\/\/www.padreydecano.com\/cms\/wp-content\/uploads\/2022\/01\/avatar-square.png","contentUrl":"https:\/\/www.padreydecano.com\/cms\/wp-content\/uploads\/2022\/01\/avatar-square.png","width":1500,"height":1500,"caption":"Padre y Decano"},"image":{"@id":"https:\/\/www.padreydecano.com\/cms\/#\/schema\/logo\/image\/"}},{"@type":"Person","@id":"https:\/\/www.padreydecano.com\/cms\/#\/schema\/person\/1376f1ec91158cca7aeef6d2109f929d","name":"fishoapyd","image":{"@type":"ImageObject","inLanguage":"es","@id":"https:\/\/www.padreydecano.com\/cms\/#\/schema\/person\/image\/","url":"https:\/\/www.padreydecano.com\/cms\/wp-content\/uploads\/2022\/12\/avatar-square-1.png","contentUrl":"https:\/\/www.padreydecano.com\/cms\/wp-content\/uploads\/2022\/12\/avatar-square-1.png","caption":"fishoapyd"},"sameAs":["http:\/\/www.padreydecano.com"]}]}},"_links":{"self":[{"href":"https:\/\/www.padreydecano.com\/cms\/wp-json\/wp\/v2\/posts\/64616"}],"collection":[{"href":"https:\/\/www.padreydecano.com\/cms\/wp-json\/wp\/v2\/posts"}],"about":[{"href":"https:\/\/www.padreydecano.com\/cms\/wp-json\/wp\/v2\/types\/post"}],"author":[{"embeddable":true,"href":"https:\/\/www.padreydecano.com\/cms\/wp-json\/wp\/v2\/users\/10"}],"replies":[{"embeddable":true,"href":"https:\/\/www.padreydecano.com\/cms\/wp-json\/wp\/v2\/comments?post=64616"}],"version-history":[{"count":0,"href":"https:\/\/www.padreydecano.com\/cms\/wp-json\/wp\/v2\/posts\/64616\/revisions"}],"wp:featuredmedia":[{"embeddable":true,"href":"https:\/\/www.padreydecano.com\/cms\/wp-json\/wp\/v2\/media\/64619"}],"wp:attachment":[{"href":"https:\/\/www.padreydecano.com\/cms\/wp-json\/wp\/v2\/media?parent=64616"}],"wp:term":[{"taxonomy":"category","embeddable":true,"href":"https:\/\/www.padreydecano.com\/cms\/wp-json\/wp\/v2\/categories?post=64616"},{"taxonomy":"post_tag","embeddable":true,"href":"https:\/\/www.padreydecano.com\/cms\/wp-json\/wp\/v2\/tags?post=64616"}],"curies":[{"name":"wp","href":"https:\/\/api.w.org\/{rel}","templated":true}]}}