{"id":64605,"date":"2017-09-28T02:38:14","date_gmt":"2017-09-28T05:38:14","guid":{"rendered":"http:\/\/www.padreydecano.com\/cms\/?p=64605"},"modified":"2017-09-29T09:09:19","modified_gmt":"2017-09-29T12:09:19","slug":"126-frases-de-penarol","status":"publish","type":"post","link":"https:\/\/www.padreydecano.com\/cms\/editoriales\/126-frases-de-penarol\/","title":{"rendered":"126 frases de Pe\u00f1arol"},"content":{"rendered":"<p><a href=\"https:\/\/www.padreydecano.com\/cms\/wp-content\/uploads\/2017\/09\/126-frases-Pe\u00f1arol-compressor.jpg\" rel=\"shadowbox[sbpost-64605];player=img;\"><img loading=\"lazy\" decoding=\"async\" class=\"aligncenter size-full wp-image-64610\" src=\"https:\/\/www.padreydecano.com\/cms\/wp-content\/uploads\/2017\/09\/126-frases-Pe\u00f1arol-compressor.jpg\" alt=\"\" width=\"900\" height=\"600\" srcset=\"https:\/\/www.padreydecano.com\/cms\/wp-content\/uploads\/2017\/09\/126-frases-Pe\u00f1arol-compressor.jpg 900w, https:\/\/www.padreydecano.com\/cms\/wp-content\/uploads\/2017\/09\/126-frases-Pe\u00f1arol-compressor-600x400.jpg 600w, https:\/\/www.padreydecano.com\/cms\/wp-content\/uploads\/2017\/09\/126-frases-Pe\u00f1arol-compressor-768x512.jpg 768w\" sizes=\"(max-width: 900px) 100vw, 900px\" \/><\/a><\/p>\n<p style=\"text-align: justify;\"><strong>En conmemoraci\u00f3n de los 126 a\u00f1os de gloria de Pe\u00f1arol, <span style=\"color: #ffcc02;\">padreydecano.com<\/span>\u00a0recopilaci\u00f3n de 126 frases de jugadores, dirigentes, medios de prensa, canciones, banderas o leyendas que han marcado la historia de la entidad decana, en modo de un peque\u00f1o homenaje a la pasi\u00f3n m\u00e1s grande del pa\u00eds.<\/strong><\/p>\n<p style=\"text-align: justify;\"><span style=\"color: #ffcc02;\"><strong>1.<\/strong> <\/span>\u201cSer\u00e1s eterno como el tiempo y florecer\u00e1s en cada primavera\u201d, escrita en el acta de fundaci\u00f3n del club, atribuida a Frank Hudson.<\/p>\n<p style=\"text-align: justify;\"><span style=\"color: #ffcc02;\"><strong>2.<\/strong> <\/span>\u201cPe\u00f1arol se rebel\u00f3 contra el pa\u00eds del no te metas\u201d, Cr. Jos\u00e9 Pedro Damiani luego de la guerra del Quinquenio en 1997.<\/p>\n<p style=\"text-align: justify;\"><span style=\"color: #ffcc02;\"><strong>3.<\/strong><\/span> \u201cAntes de ser uruguayo soy jugador de Pe\u00f1arol\u201d, Pablo Javier Bengoechea despu\u00e9s de anotar el gol en la final de la Copa Am\u00e9rica de 1995.<\/p>\n<p style=\"text-align: justify;\"><span style=\"color: #ffcc02;\"><strong>4.<\/strong> <\/span>\u201cO juego en Pe\u00f1arol o dejo el f\u00fatbol\u201d, cuando el club intent\u00f3 negociar a \u00d3scar Chirimini.<\/p>\n<p style=\"text-align: justify;\"><span style=\"color: #ffcc02;\"><strong>5.<\/strong><\/span> \u201cMe sab\u00edan pe\u00f1arolense y depuse mi enojo para servir a la querida causa\u201d, Obdulio Varela luego de la huelga, cuando la hinchada le pidi\u00f3 que volviera a vestir la casaca mirasol.<\/p>\n<p style=\"text-align: justify;\"><span style=\"color: #ffcc02;\"><strong>6.<\/strong><\/span> \u201cMe queda poco, pero ese poco est\u00e1 al servicio de Pe\u00f1arol\u201d, \u00c1lvaro Gestido, cuando se le pidi\u00f3 que abandonase su retiro para ponerse la camiseta de la entidad decana.<\/p>\n<p style=\"text-align: justify;\"><span style=\"color: #ffcc02;\"><strong>7.<\/strong><\/span> \u201cTiempos de Grad\u00edn y Campolo\u2026 \u00a1Pe\u00f1arol! Tardes de lluvia y de sol\u201d, Isabelino Grad\u00edn en el hospital, cercano a la muerte.<\/p>\n<p style=\"text-align: justify;\"><span style=\"color: #ffcc02;\"><strong>8.<\/strong><\/span> \u201cVengo a salir campe\u00f3n de Am\u00e9rica y del Mundo con Pe\u00f1arol\u201d, Ladislao Mazurkiewicz, luego de firmar su contrato con la insituci\u00f3n.<\/p>\n<p style=\"text-align: justify;\"><span style=\"color: #ffcc02;\"><strong>9.<\/strong><\/span> \u201cPe\u00f1arol es parte de mi vida, mi casa se llama Grape, gracias Pe\u00f1arol\u201d, Walter Olivera.<\/p>\n<p style=\"text-align: justify;\"><span style=\"color: #ffcc02;\"><strong>10.<\/strong> <\/span>\u201cLlor\u00e9 por Pe\u00f1arol, \u00f3igame, no me da verg\u00fcenza. Llor\u00e9 por los colores\u201d, Alberto Spencer en 1977.<\/p>\n<p style=\"text-align: justify;\"><span style=\"color: #ffcc02;\"><strong>11.<\/strong> <\/span>\u201cPe\u00f1arol es un sue\u00f1o, siempre va a ser un sue\u00f1o y su hinchada la m\u00e1s grande\u201d, Antonio Pacheco 2011.<\/p>\n<p style=\"text-align: justify;\"><span style=\"color: #ffcc02;\"><strong>12.<\/strong><\/span> \u201cYo no vine a salir segundo, vine a salir campe\u00f3n\u201d, Jos\u00e9 Luis Chilavert en su llegada a Pe\u00f1arol.<\/p>\n<p style=\"text-align: justify;\"><span style=\"color: #ffcc02;\"><strong>13.<\/strong> <\/span>\u201cLlegar a Pe\u00f1arol desde Salto era incre\u00edble, era mi cuadro\u201d, Pedro Virgilio Rocha.<\/p>\n<p style=\"text-align: justify;\"><span style=\"color: #ffcc02;\"><strong>14.<\/strong><\/span> \u201cMe preguntan por Boca o River. A m\u00ed lo \u00fanico que me importa es Pe\u00f1arol\u201d, N\u00e9stor Gabriel Cedr\u00e9s.<\/p>\n<p style=\"text-align: justify;\"><span style=\"color: #ffcc02;\"><strong>15.<\/strong> <\/span>\u201cMam\u00e1, deciles que soy de Pe\u00f1arol. \u00a1En otro cuadro no juego!\u201d, Diego Dorta, cuando Central Espa\u00f1ol quiso negociarlo a Nacional.<\/p>\n<p style=\"text-align: justify;\"><span style=\"color: #ffcc02;\"><strong>16.<\/strong><\/span> \u201cMe ense\u00f1aron a no dar una pelota por perdida, porque eso es lo que le gusta al hincha de Pe\u00f1arol\u201d, Juan Joya Cordero.<\/p>\n<p style=\"text-align: justify;\"><span style=\"color: #ffcc02;\"><strong>17.<\/strong> <\/span>\u201cComo en mi pueblo cuando era ni\u00f1o, volv\u00ed a llorar por Pe\u00f1arol\u201d, Gregorio P\u00e9rez luego de los ag\u00f3nicos triunfos cl\u00e1sicos de 1997.<\/p>\n<p style=\"text-align: justify;\"><span style=\"color: #ffcc02;\"><strong>18.<\/strong><\/span> \u201cCon la camiseta de Pe\u00f1arol uno representa a un pueblo. Hay que responder, hay que ganar\u201d, N\u00e9stor Gon\u00e7alves.<\/p>\n<p style=\"text-align: justify;\"><span style=\"color: #ffcc02;\"><strong>19.<\/strong><\/span> \u201cNac\u00ed por mi viejo y muero por estos colores\u201d, Trapo de la Tribuna \u00c1msterdam.<\/p>\n<p style=\"text-align: justify;\"><span style=\"color: #ffcc02;\"><strong>20.<\/strong><\/span> \u201cLa diferencia a favor de Pe\u00f1arol es la hinchada. Todos los equipos trabajan bien pero nosotros tenemos a la hinchada\u201d, \u00d3scar Aguirregaray despu\u00e9s de lograr el tetracampeonato uruguayo en 1996.<\/p>\n<p style=\"text-align: justify;\"><span style=\"color: #ffcc02;\"><strong>21.<\/strong> <\/span>\u201cEse impulsar a su equipo de la parcialidad lo considero de un tremendo poder psicol\u00f3gico\u201d, Jacques Ferrand, periodista de L`Equipe, luego de la final Intercontinental de 1961.<\/p>\n<p style=\"text-align: justify;\"><span style=\"color: #ffcc02;\"><strong>22.<\/strong> <\/span>\u201cEn Pe\u00f1arol est\u00e1bamos acostumbrados a ganar\u201d, Luis Maidana.<\/p>\n<p style=\"text-align: justify;\"><span style=\"color: #ffcc02;\"><strong>23.<\/strong><\/span> \u201cEn mi casa \u00e9ramos todos de Pe\u00f1arol\u201d, Alcides Edgardo Ghiggia.<\/p>\n<p style=\"text-align: justify;\"><span style=\"color: #ffcc02;\"><strong>24.<\/strong><\/span> \u201cHac\u00eda goles cl\u00e1sicos en Argentina y gritaba por Pe\u00f1arol\u201d, Severino Varela.<\/p>\n<p style=\"text-align: justify;\"><span style=\"color: #ffcc02;\"><strong>25.<\/strong><\/span> \u201cEn mi casa todo lo que importaba era Pe\u00f1arol, todos tenemos nombres de jugadores de Pe\u00f1arol\u201d, Obdulio Trasante.<\/p>\n<p style=\"text-align: justify;\"><span style=\"color: #ffcc02;\"><strong>26.<\/strong><\/span> \u201cDurante toda mi vida le guardar\u00e9 cari\u00f1o a la parcialidad pe\u00f1arolense\u201d, Julio C\u00e9sar Abbadie.<\/p>\n<p style=\"text-align: justify;\"><span style=\"color: #ffcc02;\"><strong>27.<\/strong> <\/span>\u201cMe quer\u00edan de Nacional pero yo prefer\u00ed ir al club de mis amores que es Pe\u00f1arol\u201d, Omar Caetano.<\/p>\n<p style=\"text-align: justify;\"><span style=\"color: #ffcc02;\"><strong>28.<\/strong> <\/span>\u201cYo estoy en Pe\u00f1arol para ganar, porque es lo que me ense\u00f1aron desde que llegu\u00e9\u201d, Jos\u00e9 Enrique De Los Santos.<\/p>\n<p style=\"text-align: justify;\"><span style=\"color: #ffcc02;\"><strong>29.<\/strong><\/span> \u201cEn Pe\u00f1arol uno no juega para ganar, vive para ganar\u201d, Fernando Morena.<\/p>\n<p style=\"text-align: justify;\"><span style=\"color: #ffcc02;\"><strong>30.<\/strong><\/span> \u201cEn Uruguay soy de Pe\u00f1arol porque es pueblo\u201d, Carlos Gardel.<\/p>\n<p style=\"text-align: justify;\"><span style=\"color: #ffcc02;\"><strong>31.<\/strong> <\/span>\u201cQue lindo es ser de Pe\u00f1arol\u201d, Washington Cataldi en el 100\u00ba aniversario de Pe\u00f1arol, 1991.<\/p>\n<p style=\"text-align: justify;\"><span style=\"color: #ffcc02;\"><strong>32.<\/strong><\/span> \u201cYo quer\u00eda que fu\u00e9ramos campeones en la cancha\u201d, Cr. Carlos Lecueder, presidente mirasol, cuando Nacional amenazaba no jugar la final de 1986.<\/p>\n<p style=\"text-align: justify;\"><span style=\"color: #ffcc02;\"><strong>33.<\/strong> <\/span>\u201cNo me pregunte c\u00f3mo anduve en mi debut con Pe\u00f1arol, solo recuerdo que hice tres goles\u201d, Jos\u00e9 Piendibene.<\/p>\n<p style=\"text-align: justify;\"><span style=\"color: #ffcc02;\"><strong>34.<\/strong><\/span> \u201cYo desde ni\u00f1o hab\u00eda sido de Pe\u00f1arol, y adem\u00e1s fan\u00e1tico\u201d, Roque Gast\u00f3n M\u00e1spoli.<\/p>\n<p style=\"text-align: justify;\"><span style=\"color: #ffcc02;\"><strong>35.<\/strong> <\/span>\u201cSolo beso el escudo de Pe\u00f1arol y Uruguay\u201d, Diego Forl\u00e1n.<\/p>\n<p style=\"text-align: justify;\"><span style=\"color: #ffcc02;\"><strong>36.<\/strong><\/span> \u201cVestir la camiseta de Pe\u00f1arol y Uruguay es lo m\u00e1s grande\u201d, Julio C\u00e9sar Cort\u00e9s.<\/p>\n<p style=\"text-align: justify;\"><span style=\"color: #ffcc02;\"><strong>37.<\/strong><\/span> \u201cLa Copa Libertadores impuls\u00f3 a Pe\u00f1arol a nivel mundial\u201d, Roberto Scarone, entrenador dos veces campe\u00f3n con Pe\u00f1arol del viejo certamen continental.<\/p>\n<p style=\"text-align: justify;\"><span style=\"color: #ffcc02;\"><strong>38.<\/strong><\/span> \u201c\u00bfPiendi? Ese le puso el mango a la pelota\u201d, Juan Delgado sobre Jos\u00e9 Piendibene.<\/p>\n<p style=\"text-align: justify;\"><span style=\"color: #ffcc02;\"><strong>39.<\/strong><\/span> \u201cMis respetos siempre a la hinchada de Pe\u00f1arol, que es como decir gran parte del pueblo uruguayo. Gracias por el apoyo incondicional\u201d, Hugo Bagnulo.<\/p>\n<p style=\"text-align: justify;\"><span style=\"color: #ffcc02;\"><strong>40.<\/strong> <\/span>\u201cTuve la suerte de participar en el Quinquenio, que es una de las cosas m\u00e1s grandes que tiene Pe\u00f1arol\u201d, Mario Saralegui en 2008.<\/p>\n<p style=\"text-align: justify;\"><span style=\"color: #ffcc02;\"><strong>41.<\/strong> <\/span>\u201cUstedes tienen que ganar esto (abriendo la mano y mostrando los cinco dedos), pero primero deben ganar el cuarto titulo\u201d, Jorge Fossati al plantel de Pe\u00f1arol en 1996.<\/p>\n<p style=\"text-align: justify;\"><span style=\"color: #ffcc02;\"><strong>42.<\/strong> <\/span>\u201cCuando Pe\u00f1arol jugaba una final con Nacional ten\u00eda un plus\u201d, Carlos \u201cPato\u201d Aguilera.<\/p>\n<p style=\"text-align: justify;\"><span style=\"color: #ffcc02;\"><strong>43.<\/strong><\/span> \u201cCuando debut\u00e9 y me comparaban con Mazurkiewicz, dije que era una barbaridad. \u00c9l hab\u00eda debutado contra el Santos de Pel\u00e9 y yo apenas contra Nacional\u201d, Fernando \u00c1lvez.<\/p>\n<p style=\"text-align: justify;\"><span style=\"color: #ffcc02;\"><strong>44.<\/strong> <\/span>\u201cRecuerdo que hice el gol y no supe m\u00e1s nada\u201d, Gustavo Matosas luego de anotar el \u00faltimo penal en la final cl\u00e1sica del Uruguayo 1986.<\/p>\n<p style=\"text-align: justify;\"><span style=\"color: #ffcc02;\"><strong>45.<\/strong> <\/span>\u201c\u00bfVe Maestro? \u00a1Estos somos nosotros!, Ricardo Viera a \u00d3scar T\u00e1barez luego del cl\u00e1sico del 8 contra 11.<\/p>\n<p style=\"text-align: justify;\"><span style=\"color: #ffcc02;\"><strong>46.<\/strong><\/span> \u201cPe\u00f1arol te ense\u00f1a a luchar hasta el \u00faltimo segundo\u201d, Eduardo Pereira.<\/p>\n<p style=\"text-align: justify;\"><span style=\"color: #ffcc02;\"><strong>47.<\/strong> <\/span>\u201cUna de las cosas que al menos yo tengo dentro del club es que les gan\u00e9 de todas las formas\u201d, Jorge Gon\u00e7alves refiri\u00e9ndose a los cl\u00e1sicos.<\/p>\n<p style=\"text-align: justify;\"><span style=\"color: #ffcc02;\"><strong>48.<\/strong> <\/span>\u201cHice goles importantes pero estos que le hice a Nacional para dar vuelta los cl\u00e1sicos son los m\u00e1s trascendentes de mi carrera\u201d, Juan Carlos De Lima.<\/p>\n<p style=\"text-align: justify;\"><span style=\"color: #ffcc02;\"><strong>49.<\/strong> <\/span>\u201cYo ped\u00ed que me lo dejaran porque era gol\u201d, Jorge \u201cBomba\u201d Villar sobre el tiro libre que le dio el triunfo a Pe\u00f1arol en la segunda final de la Copa Libertadores 1987.<\/p>\n<p style=\"text-align: justify;\"><span style=\"color: #ffcc02;\"><strong>50.<\/strong> <\/span>\u201cEn la lista de los imposibles hab\u00eda un lugar\u201d, Eugenio Petit, luego del cl\u00e1sico del 8 contra 11.<\/p>\n<p style=\"text-align: justify;\"><span style=\"color: #ffcc02;\"><strong>51.<\/strong><\/span> \u201cFue en ese partido que yo vi tanta comuni\u00f3n entre el esfuerzo de los hombres que estaban adentro de la cancha y el aliento de la gente que estaba afuera. Nadie dej\u00f3 de alentar, hab\u00eda como un convencimiento de que el esfuerzo de los jugadores era lo que la hinchada quer\u00eda ver\u201d, \u00d3scar Tabarez sobre la final en el Centenario de 1987.<\/p>\n<p style=\"text-align: justify;\"><span style=\"color: #ffcc02;\"><strong>52.<\/strong> <\/span>\u201cA partir de ah\u00ed mi vida cambi\u00f3, me gan\u00e9 un reconocimiento eterno\u201d, Diego Aguirre sobre su gol en el \u00faltimo instante de la final de Am\u00e9rica en 1987.<\/p>\n<p style=\"text-align: justify;\"><span style=\"color: #ffcc02;\"><strong>53.<\/strong><\/span> \u201cNos dijimos que por \u00e9l nosotros ten\u00edamos que salir campeones\u201d, Nicol\u00e1s Rotundo sobre el juramento del plantel de 1997 luego de la muerte de Fabi\u00e1n Perea.<\/p>\n<p style=\"text-align: justify;\"><span style=\"color: #ffcc02;\"><strong>54.<\/strong><\/span> \u201cQuin\u2026qu\u00e9?\u201d, t\u00edtulo de El Pa\u00eds luego de que Pe\u00f1arol cayera ante Defensor en 1997 y viera comprometida la chance del segundo Quinquenio de Oro.<\/p>\n<p style=\"text-align: justify;\"><span style=\"color: #ffcc02;\"><strong>55.<\/strong><\/span> \u201cGanar a lo Pe\u00f1arol es algo que viene del pasado, de que Pe\u00f1arol nunca bajaba los brazos. Se lograban cosas important\u00edsimas en los \u00faltimos minutos\u201d, Washington Tais.<\/p>\n<p style=\"text-align: justify;\"><span style=\"color: #ffcc02;\"><strong>56.<\/strong><\/span> \u201cMe dijeron que \u00edbamos 10 puntos debajo de Nacional en la Anual, les dije que lo \u00edbamos a dar vuelta y salir campeones\u201d, Egidio Arevalo R\u00edos.<\/p>\n<p style=\"text-align: justify;\"><span style=\"color: #ffcc02;\"><strong>57.<\/strong> <\/span>\u201cYo debut\u00e9 en un cl\u00e1sico, sent\u00eda la confianza de Gregorio y mis compa\u00f1eros, por eso me fue bien\u201d, Claudio Flores.<\/p>\n<p style=\"text-align: justify;\"><span style=\"color: #ffcc02;\"><strong>58.<\/strong> <\/span>\u201cEstoy muy agradecido a Pe\u00f1arol por haberme brindado mucho, y a su hinchada por el cari\u00f1o de siempre\u201d, Rub\u00e9n Paz.<\/p>\n<p style=\"text-align: justify;\"><span style=\"color: #ffcc02;\"><strong>59.<\/strong><\/span> \u201cMi noche so\u00f1ada fue en una Liguilla, un cl\u00e1sico, ganamos 5 a 1 y yo hice tres goles. Inolvidable\u201d, Julio C\u00e9sar Jimenez.<\/p>\n<p style=\"text-align: justify;\"><span style=\"color: #ffcc02;\"><strong>60.<\/strong><\/span> \u201cPe\u00f1arol es una religi\u00f3n aunque los de afuera no lo puedan entender\u201d, Victor Hugo Diogo.<\/p>\n<p style=\"text-align: justify;\"><span style=\"color: #ffcc02;\"><strong>61.<\/strong><\/span> \u201cVamos a ver si haces alg\u00fan gol\u201d, Roberto Matosas a Fernando Morena cuando el Potrillo lleg\u00f3 a Pe\u00f1arol.<\/p>\n<p style=\"text-align: justify;\"><span style=\"color: #ffcc02;\"><strong>62.<\/strong><\/span> \u201cNo puedo olvidar que Pe\u00f1arol fue todo para m\u00ed, me dej\u00f3 recuerdos imborrables\u201d, Flavio Pereyra Natero.<\/p>\n<p style=\"text-align: justify;\"><span style=\"color: #ffcc02;\"><strong>63.<\/strong><\/span> \u201cPractic\u00e1bamos tres veces por d\u00eda en Las Acacias, concentr\u00e1ndonos de jueves a domingo\u201d, Juan Carlos Gonz\u00e1lez.<\/p>\n<p style=\"text-align: justify;\"><span style=\"color: #ffcc02;\"><strong>64.<\/strong><\/span> \u201cLo m\u00e1s importante de aquel Pe\u00f1arol era que luch\u00e1bamos todos juntos sin actitudes solitarias\u201d, Luis Garisto.<\/p>\n<p style=\"text-align: justify;\"><span style=\"color: #ffcc02;\"><strong>65.<\/strong> <\/span>\u201cLo que hizo Pe\u00f1arol en Santiago no tiene igual, es un recuerdo imborrable\u201d, Walter Taibo sobre la final que Pe\u00f1arol obtuvo en 1966 ante River Plate.<\/p>\n<p style=\"text-align: justify;\"><span style=\"color: #ffcc02;\"><strong>66.<\/strong> <\/span>\u201cEst\u00e1 este campeonato ganado y si me permiten la expresi\u00f3n que no es academica pero para serles m\u00e1s grafico, ganado a lo macho\u201d, Carlos Sol\u00e9 el 20 de mayo de 1966 cuando Pe\u00f1arol se qued\u00f3 con la Copa Libertadores al vencer a River Plate 4 a 2 luego de ir cayendo 0 a 2.<\/p>\n<p style=\"text-align: justify;\"><span style=\"color: #ffcc02;\"><strong>67.<\/strong><\/span> \u201cCruc\u00e9 la mitad del campo y me sent\u00e9 en la pelota, mientras escuchaba los gritos del estadio \u00a1Pe\u00f1arol! \u00a1Pe\u00f1arol!\u00bb, Jos\u00e9 Antonio V\u00e1zquez explicando su famosa jugada de \u201csentadita\u00bb en el cl\u00e1sico de 1944.<\/p>\n<p style=\"text-align: justify;\"><span style=\"color: #ffcc02;\"><strong>68.<\/strong> <\/span>\u201cEn Pe\u00f1arol me hice jugador de f\u00fatbol\u201d, Elias Ricardo Figueroa.<\/p>\n<p style=\"text-align: justify;\"><span style=\"color: #ffcc02;\"><strong>69.<\/strong> <\/span>\u201cLlegar a Pe\u00f1arol fue una locura y mi debut tambi\u00e9n, vencimos 7 a 0 a Estudiantes de La Plata\u201d, Agust\u00edn Prado.<\/p>\n<p style=\"text-align: justify;\"><span style=\"color: #ffcc02;\"><strong>70.<\/strong> <\/span>\u201cEn Pe\u00f1arol hab\u00eda que ganar. Mi padre me llev\u00f3 al club porque era un pe\u00f1arolense de ley, gan\u00e1bamos en inferiores y en Primera tambi\u00e9n\u201d, Carlos Borges.<\/p>\n<p style=\"text-align: justify;\"><span style=\"color: #ffcc02;\"><strong>71.<\/strong><\/span> \u201cLos cl\u00e1sicos son diferentes, hay que jugarlos bien. Hay jugadores que juegan bien todos los partidos menos los cl\u00e1sicos y otros todo lo contrario. A m\u00ed siempre me fue bien\u201d, H\u00e9ctor \u201cLito\u201d Silva.<\/p>\n<p style=\"text-align: justify;\"><span style=\"color: #ffcc02;\"><strong>72.<\/strong><\/span> \u201cEl cl\u00e1sico es el partido m\u00e1s f\u00e1cil del a\u00f1o, el m\u00e1s lindo de jugar\u201d, Eduardo \u201cDito\u201d Da Silva.<\/p>\n<p style=\"text-align: justify;\"><span style=\"color: #ffcc02;\"><strong>73.<\/strong> <\/span>\u201cEn Pe\u00f1arol integr\u00e9 un gran equipo, logramos el Quinquenio, la Libertadores y la Intercontinental\u201d, William Mart\u00ednez.<\/p>\n<p style=\"text-align: justify;\"><span style=\"color: #ffcc02;\"><strong>74.<\/strong><\/span> \u201cEl Pe\u00f1arol de 1949 no ten\u00eda grandes secretos, ten\u00edamos grandes individualidades, logramos \u00e9xitos y triunfos en cadena\u201d, Juan Alberto Schiaffino.<\/p>\n<p style=\"text-align: justify;\"><span style=\"color: #ffcc02;\"><strong>75.<\/strong> <\/span>\u201cCuando pasaban los minutos y ve\u00edamos que no sal\u00edan, ya intu\u00edamos el desenlace. La hinchada nuestra era un infierno. Sinceramente creo que fue una de mis mayores satisfacciones\u201d, Oscar Omar M\u00edguez sobre el cl\u00e1sico de la fuga, 9 de octubre de 1949.<\/p>\n<p style=\"text-align: justify;\"><span style=\"color: #ffcc02;\"><strong>76.<\/strong><\/span> \u201cFue ah\u00ed cuando tuve otra gran muestra de cari\u00f1o del pueblo uruguayo. De Pe\u00f1arol todo. Los socios firmaron un libro \u201cPor la recuperaci\u00f3n de Hohberg\u201d, todav\u00eda lo guardo. Volv\u00ed\u2026 Est\u00e1bamos muy atr\u00e1s de Nacional, descontamos y salimos campeones en 1958, 59 y 60\u201d, Juan Eduardo Hohberg contando cuando tras un accidente a\u00e9reo dej\u00f3 el f\u00fatbol y luego volvi\u00f3.<\/p>\n<p style=\"text-align: justify;\"><span style=\"color: #ffcc02;\"><strong>77.<\/strong> <\/span>\u201cHaber logrado el t\u00edtulo de campe\u00f3n del mundo con Pe\u00f1arol es mi mayor satisfacci\u00f3n\u201d, Ernesto Ledesma.<\/p>\n<p style=\"text-align: justify;\"><span style=\"color: #ffcc02;\"><strong>78.<\/strong> <\/span>\u201cSiempre fui de Pe\u00f1arol y estoy orgulloso de haberle dado algunas alegr\u00edas\u201d, Luis Cubilla.<\/p>\n<p style=\"text-align: justify;\"><span style=\"color: #ffcc02;\"><strong>79.<\/strong><\/span> \u201cLa gloria est\u00e1 en el coraz\u00f3n de cada hincha. Nace con \u00e9l\u201d, Juan Pedro Damiani.<\/p>\n<p style=\"text-align: justify;\"><span style=\"color: #ffcc02;\"><strong>80.<\/strong> <\/span>\u201cFestejamos m\u00e1s ganarle a River la Libertadores que a Real Madrid la Intercontinental\u201d, Pablo Forl\u00e1n.<\/p>\n<p style=\"text-align: justify;\"><span style=\"color: #ffcc02;\"><strong>81.<\/strong><\/span> \u201cAquel Pe\u00f1arol ten\u00eda un vestuario b\u00e1rbaro, por eso se lograron tantos objetivos\u201d, Juan Vicente Lezcano.<\/p>\n<p style=\"text-align: justify;\"><span style=\"color: #ffcc02;\"><strong>82.<\/strong><\/span> \u201cSe ven\u00eda Juan Ram\u00f3n Ver\u00f3n\u2026Lo colgu\u00e9 contra el alambrado y me expulsaron. Pero merec\u00eda cadena perpetua\u201d, El Bomb\u00f3n Mario Gonz\u00e1lez.<\/p>\n<p style=\"text-align: justify;\"><span style=\"color: #ffcc02;\"><strong>83.<\/strong> <\/span>\u201cPara el pueblo pe\u00f1arolense un abrazo y un cari\u00f1o muy grande de alguien que tuvo la suerte de pertenecer a ese club\u201d, Ra\u00fal Castronovo.<\/p>\n<p style=\"text-align: justify;\"><span style=\"color: #ffcc02;\"><strong>84.<\/strong><\/span> \u201cYo no creo que Pe\u00f1arol se enfureciera cuando Amadeo Carrizo baj\u00f3 la pelota con el pecho. Lo m\u00e1s importante es que Pe\u00f1arol empez\u00f3 a bajar la pelota y Pedro Rocha fue fundamental\u201d, Dante Cocito.<\/p>\n<p style=\"text-align: justify;\"><span style=\"color: #ffcc02;\"><strong>85.<\/strong><\/span> \u201cAquel equipo era una familia y por eso se logr\u00f3 la Copa Libertadores, fue una haza\u00f1a\u201d, Gustavo Fern\u00e1ndez.<\/p>\n<p style=\"text-align: justify;\"><span style=\"color: #ffcc02;\"><strong>86.<\/strong><\/span> \u201cPe\u00f1arol es gran parte de mi vida, empec\u00e9 con 13 a\u00f1os. Dino Sani me hizo debutar con 16 a\u00f1os en Primera, no lo pod\u00eda creer\u201d, Nelson Daniel Guti\u00e9rrez.<\/p>\n<p style=\"text-align: justify;\"><span style=\"color: #ffcc02;\"><strong>87.<\/strong> <\/span>\u201cA 24 horas de ese momento, vuelvo a vivirlo y reafirmo el concepto inicial: el f\u00fatbol es \u00fanico. Pero a la sentencia le hace falta un cierre que lo perfeccione y le otorgue justicia: Pe\u00f1arol tambi\u00e9n es \u00fanico\u201d, Juvenal, extraordinario periodista que cubri\u00f3 la final de la Copa Libertadores de 1987 para El Gr\u00e1fico.<\/p>\n<p style=\"text-align: justify;\"><span style=\"color: #ffcc02;\"><strong>88.<\/strong><\/span> \u201cJugar la Libertadores con la camiseta de Pe\u00f1arol es un compromiso, y colmar las ilusiones de miles de personas, mucho m\u00e1s\u201d, Alejandro Gonz\u00e1lez.<\/p>\n<p style=\"text-align: justify;\"><span style=\"color: #ffcc02;\"><strong>89.<\/strong><\/span> \u201cAgradezco intensamente a la Comisi\u00f3n de Festejos del Cincuentenario de Pe\u00f1arol su honrosa evocaci\u00f3n a mi actuaci\u00f3n como Maestra en el pueblo, que si es cuna del glorioso Decano de las Once Estrellas, fue mi gran colaborador en un cumplimiento de un deber, sagrado pero vocacional\u201d, Mar\u00eda Vittori.<\/p>\n<p style=\"text-align: justify;\"><span style=\"color: #ffcc02;\"><strong>90.<\/strong><\/span> \u201cTengo el honor de lucir mi firma al pie del acta de fundaci\u00f3n del club\u2026 del cual contin\u00fao formando parte en mi calidad de socio fundador y honorario\u201d, Arthur Davenport.<\/p>\n<p style=\"text-align: justify;\"><span style=\"color: #ffcc02;\"><strong>91.<\/strong> <\/span>\u201cMe siento parte de Pe\u00f1arol o Pe\u00f1arol es parte de m\u00ed. Hice todas las formativas en el club y fui parte del segundo Quinquenio\u201d, Mart\u00edn \u201cTato\u201d Garc\u00eda.<\/p>\n<p style=\"text-align: justify;\"><span style=\"color: #ffcc02;\"><strong>92.<\/strong><\/span> \u201cGregorio fue muy inteligente, arm\u00f3 un proyecto con muchos j\u00f3venes y algunos experimentados\u201d, Jos\u00e9 Batlle Perdomo.<\/p>\n<p style=\"text-align: justify;\"><span style=\"color: #ffcc02;\"><strong>93.<\/strong> <\/span>\u201cEl Viejo era as\u00ed. Si le ped\u00edas para un auto no te daba, pero para una casa te solucionaba todo\u201d, Nelson Artigas Olveira sobre el Cr. Jos\u00e9 Pedro Damiani.<\/p>\n<p style=\"text-align: justify;\"><span style=\"color: #ffcc02;\"><strong>94.<\/strong><\/span> \u201cCuando nos cruz\u00e1bamos con el \u00f3mnibus de ellos, le gritamos al chofer para pasarlos. No nos pod\u00edan ganar, cuando los pasamos vimos la diferencia, ah\u00ed empezamos a ganar el partido\u201d, Mart\u00edn Rodr\u00edguez antes de las finales de 1996.<\/p>\n<p style=\"text-align: justify;\"><span style=\"color: #ffcc02;\"><strong>95.<\/strong><\/span> \u201cLos diarios en Paraguay dec\u00edan que me iban a matar por lo que hab\u00eda pasado en Montevideo. Los dirigentes no quer\u00edan que viajara, me negu\u00e9 y viaj\u00e9, medio a prepo\u201d, Jos\u00e9 Sas\u00eda.<\/p>\n<p style=\"text-align: justify;\"><span style=\"color: #ffcc02;\"><strong>96.<\/strong><\/span> \u201cY la cabecee al gol. Fue en el arco de la \u00c1msterdam. \u00a1C\u00f3mo me voy a olvidar, no faltaba nada!\u201d, Jos\u00e9 Roberto \u201cLa Gata\u201d Garc\u00eda, luego de anotar su decisivo gol cl\u00e1sico para vencer de atr\u00e1s y ser campe\u00f3n uruguayo 1958.<\/p>\n<p style=\"text-align: justify;\"><span style=\"color: #ffcc02;\"><strong>97.<\/strong> <\/span>\u201cLo que nos llev\u00f3 a ese gol fueron los a\u00f1os de trabajo en conjunto con Fernando Morena, nos conoc\u00edamos de memoria\u201d, Venancio Ramos sobre el gol de la final de la Copa Libertadores 1982.<\/p>\n<p style=\"text-align: justify;\"><span style=\"color: #ffcc02;\"><strong>98.<\/strong><\/span> \u201cEn el f\u00fatbol de la d\u00e9cada del 30 no sab\u00edamos lo que era el pase atr\u00e1s, siempre \u00edbamos para adelante\u201d Ernesto Mascheroni.<\/p>\n<p style=\"text-align: justify;\"><span style=\"color: #ffcc02;\"><strong>99.<\/strong> <\/span>\u201cLo que yo trato de inculcarle a los jugadores es el respeto a la profesi\u00f3n, a Pe\u00f1arol\u201d, Paolo Montero.<\/p>\n<p style=\"text-align: justify;\"><span style=\"color: #ffcc02;\"><strong>100.<\/strong><\/span> \u201cEste setiembre vamos a tener la semana de la gloria\u201d, Cr. Gast\u00f3n Guelfi durante el per\u00edodo en que se obtuvo la Copa Intercontinental y se festejaron los 70 a\u00f1os de Pe\u00f1arol.<\/p>\n<p style=\"text-align: justify;\"><span style=\"color: #ffcc02;\"><strong>101.<\/strong><\/span> \u201cA todos los h\u00e9roes que hicieron posible tu gloriosa historia, a los que sudaron esta camiseta de oro y carb\u00f3n, a los m\u00e1s famosos, a los m\u00e1s humildes, la hinchada les brinda el c\u00e1lido aliento de su coraz\u00f3n\u201d, Junta Gargantas.<\/p>\n<p style=\"text-align: justify;\"><span style=\"color: #ffcc02;\"><strong>102.<\/strong> <\/span>\u201cTranquilo, ganamos porque estoy yo\u201d, Marcelo Otero antes de su primer cl\u00e1sico.<\/p>\n<p style=\"text-align: justify;\"><span style=\"color: #ffcc02;\"><strong>103.<\/strong> <\/span>\u201cYo era un canarito, me quer\u00eda Nacional pero me las arregl\u00e9 para venir a Pe\u00f1arol porque era hincha. A veces me levantaba de noche y me preguntaba si no estaba so\u00f1ando\u201d, \u00d3scar Leicht.<\/p>\n<p style=\"text-align: justify;\"><span style=\"color: #ffcc02;\"><strong>104.<\/strong> <\/span>\u201cMi ideal era jugar en Pe\u00f1arol, qu\u00e9 gran club. Logr\u00e9 jugar con los mejores\u201d, Francisco Majewski.<\/p>\n<p style=\"text-align: justify;\"><span style=\"color: #ffcc02;\"><strong>105.<\/strong><\/span> \u201cFui a practicar a Las Acacias y no pod\u00eda creer que iba a jugar con Hohberg y Gon\u00e7alves, era incre\u00edble. Los conoc\u00eda por los diarios\u201d, Rub\u00e9n \u00c1ngel Cabrera.<\/p>\n<p style=\"text-align: justify;\"><span style=\"color: #ffcc02;\"><strong>106.<\/strong><\/span> \u201cSer hincha de Pe\u00f1arol es estar abrazado a la gloria para toda la vida\u201d, Gregorio P\u00e9rez.<\/p>\n<p style=\"text-align: justify;\"><span style=\"color: #ffcc02;\"><strong>107.<\/strong> <\/span>\u201cNo hay t\u00edtulo m\u00e1s grande que el de Campe\u00f3n Del Siglo\u201d, Nicol\u00e1s Rotundo.<\/p>\n<p style=\"text-align: justify;\"><span style=\"color: #ffcc02;\"><strong>108.<\/strong> <\/span>\u201cJugar un cl\u00e1sico para m\u00ed siempre fue un sue\u00f1o, pero un sue\u00f1o que hab\u00eda que ganar\u201d, Robert Lima.<\/p>\n<p style=\"text-align: justify;\"><span style=\"color: #ffcc02;\"><strong>109.<\/strong> <\/span>\u201cPe\u00f1arol es un sentimiento que se arraiga al cuerpo\u201d, Miguel Bossio.<\/p>\n<p style=\"text-align: justify;\"><span style=\"color: #ffcc02;\"><strong>110.<\/strong> <\/span>\u201cSiempre vivo pendiente de Pe\u00f1arol, no pens\u00e9 que sucediera tantos a\u00f1os despu\u00e9s\u201d, Jair Gon\u00e7alves.<\/p>\n<p style=\"text-align: justify;\"><span style=\"color: #ffcc02;\"><strong>111.<\/strong><\/span> \u201cCuando erraba tantos goles me sent\u00eda un ladr\u00f3n de fe, por toda la confianza que recib\u00eda de la gente\u201d, Daniel Quevedo.<\/p>\n<p style=\"text-align: justify;\"><span style=\"color: #ffcc02;\"><strong>112.<\/strong> <\/span>\u201cEn mis pagos era bastante habilidoso, llegu\u00e9 a Montevideo y me mataban a patadas. Me compr\u00e9 canilleras y a dar patadas yo tambi\u00e9n, despu\u00e9s llegu\u00e9 a Pe\u00f1arol e hicimos una gran dupla con Ram\u00f3n Silva\u00bb. Nelson Acosta.<\/p>\n<p style=\"text-align: justify;\"><span style=\"color: #ffcc02;\"><strong>113.<\/strong> <\/span>\u201cEl primer cl\u00e1sico de Alberto Spencer era la final de 1959. En un momento se arm\u00f3 una gresca. Alberto sorprendido me pregunta \u00bfTito esto qu\u00e9 es? Es una final le dije\u201d, N\u00e9stor Gon\u00e7alves.<\/p>\n<p style=\"text-align: justify;\"><span style=\"color: #ffcc02;\"><strong>114.<\/strong><\/span> \u201cYo me encargu\u00e9 personalmente de recorrer Sudam\u00e9rica para convencer a muchos dirigentes de que hab\u00eda que apostar al futuro de la Copa Libertadores de Am\u00e9rica\u201d, Washington Cataldi.<\/p>\n<p style=\"text-align: justify;\"><span style=\"color: #ffcc02;\"><strong>115.<\/strong> <\/span>\u201cMi primer gol cl\u00e1sico fue muy importante para que Pe\u00f1arol volviera a ser campe\u00f3n despu\u00e9s de cuatro a\u00f1os. Pero fue especial para la gente, ellos quer\u00edan que le hiciera goles a Nacional\u201d, Fernando Morena.<\/p>\n<p style=\"text-align: justify;\"><span style=\"color: #ffcc02;\"><strong>116.<\/strong><\/span> \u201cTal vez lo m\u00e1s grande que logr\u00e9 dentro de una cancha de f\u00fatbol en toda mi vida\u201d, Ladislao Mazurkiewicz sobre la final de la Copa Libertadores de 1966.<\/p>\n<p style=\"text-align: justify;\"><span style=\"color: #ffcc02;\"><strong>117.<\/strong> <\/span>\u201cPor la historia el jugador de Pe\u00f1arol tiene el deber de ganar\u201d, Eduardo \u201cDito\u201d Da Silva.<\/p>\n<p style=\"text-align: justify;\"><span style=\"color: #ffcc02;\"><strong>118.<\/strong> <\/span>\u201cEs muy curioso, hice muchos goles importantes en mi carrera contra el arco de la Amsterdam, debe ser porque ah\u00ed est\u00e1 la hinchada de Pe\u00f1arol\u201d, Dar\u00edo Rodr\u00edguez.<\/p>\n<p style=\"text-align: justify;\"><span style=\"color: #ffcc02;\"><strong>119.<\/strong> <\/span>\u201cYo gano un cl\u00e1sico, llego a casa y siento que no cabe m\u00e1s nadie en el sill\u00f3n, tengo la sensaci\u00f3n de tener el alma limpia\u201d, Pablo Bengoechea.<\/p>\n<p style=\"text-align: justify;\"><span style=\"color: #ffcc02;\"><strong>120.<\/strong><\/span> \u201c\u00bfC\u00f3mo olvidarme de las caras de los jugadores nuestros que jugaron los \u00faltimos quince minutos llorando?, Nestor Gon\u00e7alves sobre la final de la Copa Libertadores de 1966.<\/p>\n<p style=\"text-align: justify;\"><span style=\"color: #ffcc02;\"><strong>121.<\/strong><\/span> \u201cSi hubiese sabido que me quer\u00edan tanto, no me iba a Espa\u00f1a\u201d, Fernando Morena al retornar de Europa.<\/p>\n<p style=\"text-align: justify;\"><span style=\"color: #ffcc02;\"><strong>122.<\/strong> <\/span>\u201cTengo grabado mi primer gol cl\u00e1sico, fue de tiro libre y sal\u00ed corriendo a abrazar a Manolo Facal, que era como un padre para todos nosotros\u201d, Jos\u00e9 \u201cPepe\u201d Herrera.<\/p>\n<p style=\"text-align: justify;\"><span style=\"color: #ffcc02;\"><strong>123.<\/strong> <\/span>\u201cYo era un loco alto. Y me fue bastante bien, descolgu\u00e9 centros y ataj\u00e9 un tiro contra el palo\u201d, Jorge Gon\u00e7alves luego de jugar como arquero y ganar el cl\u00e1sico de 1991.<\/p>\n<p style=\"text-align: justify;\"><span style=\"color: #ffcc02;\"><strong>124.<\/strong><\/span> \u201cTrabajo. Humildad. Sacrificio\u201d, las tres palabras que Gregorio P\u00e9rez escribi\u00f3 en su primer d\u00eda en Los Aromos.<\/p>\n<p style=\"text-align: justify;\"><span style=\"color: #ffcc02;\"><strong>125.<\/strong><\/span> \u201cGrit\u00e9 el gol de Aguirre como loco, no me olvido m\u00e1s, estaba en casa. Fue diferente al de 1982 porque ah\u00ed ya no hab\u00eda m\u00e1s chances\u201d, Fernando Morena sobre como vivi\u00f3 la final de la Copa Libertadores de 1987.<\/p>\n<p style=\"text-align: justify;\"><span style=\"color: #ffcc02;\"><strong>126.<\/strong><\/span> \u201cPe\u00f1arol. Un ideal deportivo que florece en un pa\u00eds generoso y bueno\u201d, cartel colgado en la casa de Frank Hudson ex presidente de Pe\u00f1arol en Broadstone (Inglaterra).<\/p>\n<p style=\"text-align: right;\">Escrito por <a href=\"http:\/\/twitter.com\/wilsonmendez86\">Wilson M\u00e9ndez<\/a><\/p>\n","protected":false},"excerpt":{"rendered":"<p>Padreydecano presenta una recopilaci\u00f3n de 126 frases de jugadores, dirigentes, medios de prensa, canciones, banderas o leyendas que han marcado la historia de la entidad decana.<\/p>\n","protected":false},"author":13,"featured_media":0,"comment_status":"open","ping_status":"closed","sticky":false,"template":"","format":"standard","meta":{"footnotes":""},"categories":[43],"tags":[323],"yoast_head":"<!-- This site is optimized with the Yoast SEO plugin v23.2 - https:\/\/yoast.com\/wordpress\/plugins\/seo\/ -->\n<title>126 frases de Pe\u00f1arol - Padre y Decano - El Sitio del Pueblo<\/title>\n<meta name=\"robots\" content=\"index, follow, max-snippet:-1, max-image-preview:large, max-video-preview:-1\" \/>\n<link rel=\"canonical\" href=\"https:\/\/www.padreydecano.com\/cms\/editoriales\/126-frases-de-penarol\/\" \/>\n<meta property=\"og:locale\" content=\"es_ES\" \/>\n<meta property=\"og:type\" content=\"article\" \/>\n<meta property=\"og:title\" content=\"126 frases de Pe\u00f1arol - Padre y Decano - El Sitio del Pueblo\" \/>\n<meta property=\"og:description\" content=\"Padreydecano presenta una recopilaci\u00f3n de 126 frases de jugadores, dirigentes, medios de prensa, canciones, banderas o leyendas que han marcado la historia de la entidad decana.\" \/>\n<meta property=\"og:url\" content=\"https:\/\/www.padreydecano.com\/cms\/editoriales\/126-frases-de-penarol\/\" \/>\n<meta property=\"og:site_name\" content=\"Padre y Decano - El Sitio del Pueblo\" \/>\n<meta property=\"article:published_time\" content=\"2017-09-28T05:38:14+00:00\" \/>\n<meta property=\"article:modified_time\" content=\"2017-09-29T12:09:19+00:00\" \/>\n<meta property=\"og:image\" content=\"http:\/\/www.padreydecano.com\/cms\/wp-content\/uploads\/2017\/09\/126-frases-Pe\u00f1arol-compressor.jpg\" \/>\n<meta name=\"author\" content=\"Moderador\" \/>\n<meta name=\"twitter:card\" content=\"summary_large_image\" \/>\n<meta name=\"twitter:label1\" content=\"Escrito por\" \/>\n\t<meta name=\"twitter:data1\" content=\"Moderador\" \/>\n\t<meta name=\"twitter:label2\" content=\"Tiempo de lectura\" \/>\n\t<meta name=\"twitter:data2\" content=\"16 minutos\" \/>\n<script type=\"application\/ld+json\" class=\"yoast-schema-graph\">{\"@context\":\"https:\/\/schema.org\",\"@graph\":[{\"@type\":\"Article\",\"@id\":\"https:\/\/www.padreydecano.com\/cms\/editoriales\/126-frases-de-penarol\/#article\",\"isPartOf\":{\"@id\":\"https:\/\/www.padreydecano.com\/cms\/editoriales\/126-frases-de-penarol\/\"},\"author\":{\"name\":\"Moderador\",\"@id\":\"https:\/\/www.padreydecano.com\/cms\/#\/schema\/person\/d93e9e537230ae052c194251d9a1def2\"},\"headline\":\"126 frases de Pe\u00f1arol\",\"datePublished\":\"2017-09-28T05:38:14+00:00\",\"dateModified\":\"2017-09-29T12:09:19+00:00\",\"mainEntityOfPage\":{\"@id\":\"https:\/\/www.padreydecano.com\/cms\/editoriales\/126-frases-de-penarol\/\"},\"wordCount\":3285,\"commentCount\":35,\"publisher\":{\"@id\":\"https:\/\/www.padreydecano.com\/cms\/#organization\"},\"keywords\":[\"Aniversario 126 a\u00f1os\"],\"articleSection\":[\"Editoriales\"],\"inLanguage\":\"es\",\"potentialAction\":[{\"@type\":\"CommentAction\",\"name\":\"Comment\",\"target\":[\"https:\/\/www.padreydecano.com\/cms\/editoriales\/126-frases-de-penarol\/#respond\"]}]},{\"@type\":\"WebPage\",\"@id\":\"https:\/\/www.padreydecano.com\/cms\/editoriales\/126-frases-de-penarol\/\",\"url\":\"https:\/\/www.padreydecano.com\/cms\/editoriales\/126-frases-de-penarol\/\",\"name\":\"126 frases de Pe\u00f1arol - Padre y Decano - El Sitio del Pueblo\",\"isPartOf\":{\"@id\":\"https:\/\/www.padreydecano.com\/cms\/#website\"},\"datePublished\":\"2017-09-28T05:38:14+00:00\",\"dateModified\":\"2017-09-29T12:09:19+00:00\",\"breadcrumb\":{\"@id\":\"https:\/\/www.padreydecano.com\/cms\/editoriales\/126-frases-de-penarol\/#breadcrumb\"},\"inLanguage\":\"es\",\"potentialAction\":[{\"@type\":\"ReadAction\",\"target\":[\"https:\/\/www.padreydecano.com\/cms\/editoriales\/126-frases-de-penarol\/\"]}]},{\"@type\":\"BreadcrumbList\",\"@id\":\"https:\/\/www.padreydecano.com\/cms\/editoriales\/126-frases-de-penarol\/#breadcrumb\",\"itemListElement\":[{\"@type\":\"ListItem\",\"position\":1,\"name\":\"Portada\",\"item\":\"https:\/\/www.padreydecano.com\/cms\/\"},{\"@type\":\"ListItem\",\"position\":2,\"name\":\"126 frases de Pe\u00f1arol\"}]},{\"@type\":\"WebSite\",\"@id\":\"https:\/\/www.padreydecano.com\/cms\/#website\",\"url\":\"https:\/\/www.padreydecano.com\/cms\/\",\"name\":\"Padre y Decano - El Sitio del Pueblo\",\"description\":\"Club Atl\u00e9tico Pe\u00f1arol\",\"publisher\":{\"@id\":\"https:\/\/www.padreydecano.com\/cms\/#organization\"},\"potentialAction\":[{\"@type\":\"SearchAction\",\"target\":{\"@type\":\"EntryPoint\",\"urlTemplate\":\"https:\/\/www.padreydecano.com\/cms\/?s={search_term_string}\"},\"query-input\":\"required name=search_term_string\"}],\"inLanguage\":\"es\"},{\"@type\":\"Organization\",\"@id\":\"https:\/\/www.padreydecano.com\/cms\/#organization\",\"name\":\"Padre y Decano\",\"url\":\"https:\/\/www.padreydecano.com\/cms\/\",\"logo\":{\"@type\":\"ImageObject\",\"inLanguage\":\"es\",\"@id\":\"https:\/\/www.padreydecano.com\/cms\/#\/schema\/logo\/image\/\",\"url\":\"https:\/\/www.padreydecano.com\/cms\/wp-content\/uploads\/2022\/01\/avatar-square.png\",\"contentUrl\":\"https:\/\/www.padreydecano.com\/cms\/wp-content\/uploads\/2022\/01\/avatar-square.png\",\"width\":1500,\"height\":1500,\"caption\":\"Padre y Decano\"},\"image\":{\"@id\":\"https:\/\/www.padreydecano.com\/cms\/#\/schema\/logo\/image\/\"}},{\"@type\":\"Person\",\"@id\":\"https:\/\/www.padreydecano.com\/cms\/#\/schema\/person\/d93e9e537230ae052c194251d9a1def2\",\"name\":\"Moderador\",\"image\":{\"@type\":\"ImageObject\",\"inLanguage\":\"es\",\"@id\":\"https:\/\/www.padreydecano.com\/cms\/#\/schema\/person\/image\/\",\"url\":\"https:\/\/secure.gravatar.com\/avatar\/2587727bf8a53bd3da4ec49f01bea66e?s=96&d=https%3A%2F%2Fpadreydecano.com%2Fcms%2Fwp-content%2Fthemes%2Fpyd-theme%2Fimg%2Fdefault-avatar.png&r=g\",\"contentUrl\":\"https:\/\/secure.gravatar.com\/avatar\/2587727bf8a53bd3da4ec49f01bea66e?s=96&d=https%3A%2F%2Fpadreydecano.com%2Fcms%2Fwp-content%2Fthemes%2Fpyd-theme%2Fimg%2Fdefault-avatar.png&r=g\",\"caption\":\"Moderador\"}}]}<\/script>\n<!-- \/ Yoast SEO plugin. -->","yoast_head_json":{"title":"126 frases de Pe\u00f1arol - Padre y Decano - El Sitio del Pueblo","robots":{"index":"index","follow":"follow","max-snippet":"max-snippet:-1","max-image-preview":"max-image-preview:large","max-video-preview":"max-video-preview:-1"},"canonical":"https:\/\/www.padreydecano.com\/cms\/editoriales\/126-frases-de-penarol\/","og_locale":"es_ES","og_type":"article","og_title":"126 frases de Pe\u00f1arol - Padre y Decano - El Sitio del Pueblo","og_description":"Padreydecano presenta una recopilaci\u00f3n de 126 frases de jugadores, dirigentes, medios de prensa, canciones, banderas o leyendas que han marcado la historia de la entidad decana.","og_url":"https:\/\/www.padreydecano.com\/cms\/editoriales\/126-frases-de-penarol\/","og_site_name":"Padre y Decano - El Sitio del Pueblo","article_published_time":"2017-09-28T05:38:14+00:00","article_modified_time":"2017-09-29T12:09:19+00:00","og_image":[{"url":"http:\/\/www.padreydecano.com\/cms\/wp-content\/uploads\/2017\/09\/126-frases-Pe\u00f1arol-compressor.jpg"}],"author":"Moderador","twitter_card":"summary_large_image","twitter_misc":{"Escrito por":"Moderador","Tiempo de lectura":"16 minutos"},"schema":{"@context":"https:\/\/schema.org","@graph":[{"@type":"Article","@id":"https:\/\/www.padreydecano.com\/cms\/editoriales\/126-frases-de-penarol\/#article","isPartOf":{"@id":"https:\/\/www.padreydecano.com\/cms\/editoriales\/126-frases-de-penarol\/"},"author":{"name":"Moderador","@id":"https:\/\/www.padreydecano.com\/cms\/#\/schema\/person\/d93e9e537230ae052c194251d9a1def2"},"headline":"126 frases de Pe\u00f1arol","datePublished":"2017-09-28T05:38:14+00:00","dateModified":"2017-09-29T12:09:19+00:00","mainEntityOfPage":{"@id":"https:\/\/www.padreydecano.com\/cms\/editoriales\/126-frases-de-penarol\/"},"wordCount":3285,"commentCount":35,"publisher":{"@id":"https:\/\/www.padreydecano.com\/cms\/#organization"},"keywords":["Aniversario 126 a\u00f1os"],"articleSection":["Editoriales"],"inLanguage":"es","potentialAction":[{"@type":"CommentAction","name":"Comment","target":["https:\/\/www.padreydecano.com\/cms\/editoriales\/126-frases-de-penarol\/#respond"]}]},{"@type":"WebPage","@id":"https:\/\/www.padreydecano.com\/cms\/editoriales\/126-frases-de-penarol\/","url":"https:\/\/www.padreydecano.com\/cms\/editoriales\/126-frases-de-penarol\/","name":"126 frases de Pe\u00f1arol - Padre y Decano - El Sitio del Pueblo","isPartOf":{"@id":"https:\/\/www.padreydecano.com\/cms\/#website"},"datePublished":"2017-09-28T05:38:14+00:00","dateModified":"2017-09-29T12:09:19+00:00","breadcrumb":{"@id":"https:\/\/www.padreydecano.com\/cms\/editoriales\/126-frases-de-penarol\/#breadcrumb"},"inLanguage":"es","potentialAction":[{"@type":"ReadAction","target":["https:\/\/www.padreydecano.com\/cms\/editoriales\/126-frases-de-penarol\/"]}]},{"@type":"BreadcrumbList","@id":"https:\/\/www.padreydecano.com\/cms\/editoriales\/126-frases-de-penarol\/#breadcrumb","itemListElement":[{"@type":"ListItem","position":1,"name":"Portada","item":"https:\/\/www.padreydecano.com\/cms\/"},{"@type":"ListItem","position":2,"name":"126 frases de Pe\u00f1arol"}]},{"@type":"WebSite","@id":"https:\/\/www.padreydecano.com\/cms\/#website","url":"https:\/\/www.padreydecano.com\/cms\/","name":"Padre y Decano - El Sitio del Pueblo","description":"Club Atl\u00e9tico Pe\u00f1arol","publisher":{"@id":"https:\/\/www.padreydecano.com\/cms\/#organization"},"potentialAction":[{"@type":"SearchAction","target":{"@type":"EntryPoint","urlTemplate":"https:\/\/www.padreydecano.com\/cms\/?s={search_term_string}"},"query-input":"required name=search_term_string"}],"inLanguage":"es"},{"@type":"Organization","@id":"https:\/\/www.padreydecano.com\/cms\/#organization","name":"Padre y Decano","url":"https:\/\/www.padreydecano.com\/cms\/","logo":{"@type":"ImageObject","inLanguage":"es","@id":"https:\/\/www.padreydecano.com\/cms\/#\/schema\/logo\/image\/","url":"https:\/\/www.padreydecano.com\/cms\/wp-content\/uploads\/2022\/01\/avatar-square.png","contentUrl":"https:\/\/www.padreydecano.com\/cms\/wp-content\/uploads\/2022\/01\/avatar-square.png","width":1500,"height":1500,"caption":"Padre y Decano"},"image":{"@id":"https:\/\/www.padreydecano.com\/cms\/#\/schema\/logo\/image\/"}},{"@type":"Person","@id":"https:\/\/www.padreydecano.com\/cms\/#\/schema\/person\/d93e9e537230ae052c194251d9a1def2","name":"Moderador","image":{"@type":"ImageObject","inLanguage":"es","@id":"https:\/\/www.padreydecano.com\/cms\/#\/schema\/person\/image\/","url":"https:\/\/secure.gravatar.com\/avatar\/2587727bf8a53bd3da4ec49f01bea66e?s=96&d=https%3A%2F%2Fpadreydecano.com%2Fcms%2Fwp-content%2Fthemes%2Fpyd-theme%2Fimg%2Fdefault-avatar.png&r=g","contentUrl":"https:\/\/secure.gravatar.com\/avatar\/2587727bf8a53bd3da4ec49f01bea66e?s=96&d=https%3A%2F%2Fpadreydecano.com%2Fcms%2Fwp-content%2Fthemes%2Fpyd-theme%2Fimg%2Fdefault-avatar.png&r=g","caption":"Moderador"}}]}},"_links":{"self":[{"href":"https:\/\/www.padreydecano.com\/cms\/wp-json\/wp\/v2\/posts\/64605"}],"collection":[{"href":"https:\/\/www.padreydecano.com\/cms\/wp-json\/wp\/v2\/posts"}],"about":[{"href":"https:\/\/www.padreydecano.com\/cms\/wp-json\/wp\/v2\/types\/post"}],"author":[{"embeddable":true,"href":"https:\/\/www.padreydecano.com\/cms\/wp-json\/wp\/v2\/users\/13"}],"replies":[{"embeddable":true,"href":"https:\/\/www.padreydecano.com\/cms\/wp-json\/wp\/v2\/comments?post=64605"}],"version-history":[{"count":0,"href":"https:\/\/www.padreydecano.com\/cms\/wp-json\/wp\/v2\/posts\/64605\/revisions"}],"wp:attachment":[{"href":"https:\/\/www.padreydecano.com\/cms\/wp-json\/wp\/v2\/media?parent=64605"}],"wp:term":[{"taxonomy":"category","embeddable":true,"href":"https:\/\/www.padreydecano.com\/cms\/wp-json\/wp\/v2\/categories?post=64605"},{"taxonomy":"post_tag","embeddable":true,"href":"https:\/\/www.padreydecano.com\/cms\/wp-json\/wp\/v2\/tags?post=64605"}],"curies":[{"name":"wp","href":"https:\/\/api.w.org\/{rel}","templated":true}]}}