{"id":64589,"date":"2017-09-26T10:41:34","date_gmt":"2017-09-26T13:41:34","guid":{"rendered":"http:\/\/www.padreydecano.com\/cms\/?p=64589"},"modified":"2017-09-28T02:39:39","modified_gmt":"2017-09-28T05:39:39","slug":"dos-partidos-sin-los-convocados","status":"publish","type":"post","link":"https:\/\/www.padreydecano.com\/cms\/noticias\/dos-partidos-sin-los-convocados\/","title":{"rendered":"\u00bfDos partidos sin los convocados?"},"content":{"rendered":"\n\t\t<style type=\"text\/css\">\n\t\t\t#gallery-1 {\n\t\t\t\tmargin: auto;\n\t\t\t}\n\t\t\t#gallery-1 .gallery-item {\n\t\t\t\tfloat: left;\n\t\t\t\tmargin-top: 10px;\n\t\t\t\ttext-align: center;\n\t\t\t\twidth: 33%;\n\t\t\t}\n\t\t\t#gallery-1 img {\n\t\t\t\tborder: 2px solid #cfcfcf;\n\t\t\t}\n\t\t\t#gallery-1 .gallery-caption {\n\t\t\t\tmargin-left: 0;\n\t\t\t}\n\t\t\t\/* see gallery_shortcode() in wp-includes\/media.php *\/\n\t\t<\/style>\n\t\t<div id='gallery-1' class='gallery galleryid-64589 gallery-columns-3 gallery-size-thumbnail'><dl class='gallery-item'>\n\t\t\t<dt class='gallery-icon landscape'>\n\t\t\t\t<a href='https:\/\/www.padreydecano.com\/cms\/wp-content\/uploads\/2017\/09\/pe\u00f1arol-boston-river-clausura-2017-foto-mariano-alvez-07.jpg' rel='shadowbox[sbalbum-64268];player=img;'><img loading=\"lazy\" decoding=\"async\" width=\"150\" height=\"150\" src=\"https:\/\/www.padreydecano.com\/cms\/wp-content\/uploads\/2017\/09\/pe\u00f1arol-boston-river-clausura-2017-foto-mariano-alvez-07-150x150.jpg\" class=\"attachment-thumbnail size-thumbnail\" alt=\"\" srcset=\"https:\/\/www.padreydecano.com\/cms\/wp-content\/uploads\/2017\/09\/pe\u00f1arol-boston-river-clausura-2017-foto-mariano-alvez-07-150x150.jpg 150w, https:\/\/www.padreydecano.com\/cms\/wp-content\/uploads\/2017\/09\/pe\u00f1arol-boston-river-clausura-2017-foto-mariano-alvez-07-36x36.jpg 36w\" sizes=\"(max-width: 150px) 100vw, 150px\" \/><\/a>\n\t\t\t<\/dt><\/dl><dl class='gallery-item'>\n\t\t\t<dt class='gallery-icon landscape'>\n\t\t\t\t<a href='https:\/\/www.padreydecano.com\/cms\/wp-content\/uploads\/2017\/08\/pe\u00f1arol-nacional-foto-mariano-alvez-19.jpg' rel='shadowbox[sbalbum-64147];player=img;'><img loading=\"lazy\" decoding=\"async\" width=\"150\" height=\"150\" src=\"https:\/\/www.padreydecano.com\/cms\/wp-content\/uploads\/2017\/08\/pe\u00f1arol-nacional-foto-mariano-alvez-19-150x150.jpg\" class=\"attachment-thumbnail size-thumbnail\" alt=\"\" srcset=\"https:\/\/www.padreydecano.com\/cms\/wp-content\/uploads\/2017\/08\/pe\u00f1arol-nacional-foto-mariano-alvez-19-150x150.jpg 150w, https:\/\/www.padreydecano.com\/cms\/wp-content\/uploads\/2017\/08\/pe\u00f1arol-nacional-foto-mariano-alvez-19-36x36.jpg 36w\" sizes=\"(max-width: 150px) 100vw, 150px\" \/><\/a>\n\t\t\t<\/dt><\/dl><dl class='gallery-item'>\n\t\t\t<dt class='gallery-icon landscape'>\n\t\t\t\t<a href='https:\/\/www.padreydecano.com\/cms\/wp-content\/uploads\/2017\/09\/pe\u00f1arol-nacional-clausura-2017-foto-mariano-alvez-62.jpg' rel='shadowbox[sbalbum-64502];player=img;'><img loading=\"lazy\" decoding=\"async\" width=\"150\" height=\"150\" src=\"https:\/\/www.padreydecano.com\/cms\/wp-content\/uploads\/2017\/09\/pe\u00f1arol-nacional-clausura-2017-foto-mariano-alvez-62-150x150.jpg\" class=\"attachment-thumbnail size-thumbnail\" alt=\"\" srcset=\"https:\/\/www.padreydecano.com\/cms\/wp-content\/uploads\/2017\/09\/pe\u00f1arol-nacional-clausura-2017-foto-mariano-alvez-62-150x150.jpg 150w, https:\/\/www.padreydecano.com\/cms\/wp-content\/uploads\/2017\/09\/pe\u00f1arol-nacional-clausura-2017-foto-mariano-alvez-62-36x36.jpg 36w\" sizes=\"(max-width: 150px) 100vw, 150px\" \/><\/a>\n\t\t\t<\/dt><\/dl><br style=\"clear: both\" \/>\n\t\t<\/div>\n\n<p style=\"text-align: justify;\"><strong>Tras la suspensi\u00f3n de los partidos del domingo correspondientes a la Fecha 6 del Torneo Clausura, la Mesa Ejecutiva tendr\u00e1 la tarea de reprogramar la actividad para que el campeonato termine en los d\u00edas pautados.<\/strong><\/p>\n<p style=\"text-align: justify;\">Seg\u00fan desliz\u00f3 ayer Daniel Banchero en Sin L\u00edmite (VTV) hay un proyecto para que el s\u00e1bado 30 de setiembre se disputen todos los partidos atrasados <strong>(Pe\u00f1arol vs F\u00e9nix en el Campe\u00f3n del Siglo)<\/strong>. A su vez, la Fecha 7 podr\u00eda fijarse para el <strong>martes 3 y mi\u00e9rcoles 4 (Rampla vs Pe\u00f1arol en el Estadio Centenario)<\/strong> mientras que la Fecha 8 seguir\u00eda con su calendario original, <strong>s\u00e1bado 7 y domingo 8 (Pe\u00f1arol vs Defensor en el Campe\u00f3n del Siglo).<\/strong><\/p>\n<p style=\"text-align: justify;\">De esta forma, habr\u00eda un cambio notorio para Leonardo Ramos en cuanto a la planificaci\u00f3n del equipo, ya que los jugadores citados a la Selecci\u00f3n Uruguaya no s\u00f3lo se perder\u00edan el partido ante Defensor, sino tambi\u00e9n ante Rampla. <strong>Uruguay juega el jueves 5 en Venezuela,<\/strong> por lo tanto la delegaci\u00f3n celeste viajar\u00eda al menos dos d\u00edas antes (durante la disputa de la fecha).<\/p>\n<p style=\"text-align: justify;\"><strong>Cristian Rodr\u00edguez y Math\u00edas Corujo son n\u00fameros puestos en la convocatoria de Tab\u00e1rez.<\/strong> A su vez, luego de la \u00faltima doble fecha, Celso Otero hab\u00eda recordado en una entrevista radial que <strong>Guillermo Varela es parte del proceso y que est\u00e1 en carpeta ante una eventual necesidad.<\/strong> Tras el impresionante cl\u00e1sico que disput\u00f3, \u00bfestar\u00e1 en la citaci\u00f3n? \u00bfSer\u00e1n tres los jugadores convocados?<\/p>\n<p style=\"text-align: justify;\">Seg\u00fan lo que pudimos averiguar, no corre m\u00e1s la postergaci\u00f3n de partidos por citaci\u00f3n de tres o m\u00e1s jugadores.<\/p>\n<p style=\"text-align: justify;\">S\u00f3lo resta esperar, ya que a\u00fan quedan algunas reuniones por delante, y por ahora nos estamos manejando en el terreno de la especulaci\u00f3n.<\/p>\n","protected":false},"excerpt":{"rendered":"<p>Tras la suspensi\u00f3n de los partidos del domingo correspondientes a la Fecha 6 del Torneo Clausura, la Mesa Ejecutiva tendr\u00e1 la tarea de reprogramar la actividad para que el campeonato termine en los d\u00edas pautados. Seg\u00fan desliz\u00f3 ayer Daniel Banchero en Sin L\u00edmite (VTV) hay un proyecto para que el s\u00e1bado 30 de setiembre se [&hellip;]<\/p>\n","protected":false},"author":13,"featured_media":64535,"comment_status":"open","ping_status":"closed","sticky":false,"template":"","format":"standard","meta":{"footnotes":""},"categories":[1],"tags":[105],"yoast_head":"<!-- This site is optimized with the Yoast SEO plugin v23.2 - https:\/\/yoast.com\/wordpress\/plugins\/seo\/ -->\n<title>\u00bfDos partidos sin los convocados? - Padre y Decano - El Sitio del Pueblo<\/title>\n<meta name=\"robots\" content=\"index, follow, max-snippet:-1, max-image-preview:large, max-video-preview:-1\" \/>\n<link rel=\"canonical\" href=\"https:\/\/www.padreydecano.com\/cms\/noticias\/dos-partidos-sin-los-convocados\/\" \/>\n<meta property=\"og:locale\" content=\"es_ES\" \/>\n<meta property=\"og:type\" content=\"article\" \/>\n<meta property=\"og:title\" content=\"\u00bfDos partidos sin los convocados? - Padre y Decano - El Sitio del Pueblo\" \/>\n<meta property=\"og:description\" content=\"Tras la suspensi\u00f3n de los partidos del domingo correspondientes a la Fecha 6 del Torneo Clausura, la Mesa Ejecutiva tendr\u00e1 la tarea de reprogramar la actividad para que el campeonato termine en los d\u00edas pautados. Seg\u00fan desliz\u00f3 ayer Daniel Banchero en Sin L\u00edmite (VTV) hay un proyecto para que el s\u00e1bado 30 de setiembre se [&hellip;]\" \/>\n<meta property=\"og:url\" content=\"https:\/\/www.padreydecano.com\/cms\/noticias\/dos-partidos-sin-los-convocados\/\" \/>\n<meta property=\"og:site_name\" content=\"Padre y Decano - El Sitio del Pueblo\" \/>\n<meta property=\"article:published_time\" content=\"2017-09-26T13:41:34+00:00\" \/>\n<meta property=\"article:modified_time\" content=\"2017-09-28T05:39:39+00:00\" \/>\n<meta property=\"og:image\" content=\"https:\/\/www.padreydecano.com\/cms\/wp-content\/uploads\/2017\/09\/pe\u00f1arol-nacional-clausura-2017-foto-mariano-alvez-62.jpg\" \/>\n\t<meta property=\"og:image:width\" content=\"1100\" \/>\n\t<meta property=\"og:image:height\" content=\"729\" \/>\n\t<meta property=\"og:image:type\" content=\"image\/jpeg\" \/>\n<meta name=\"author\" content=\"Moderador\" \/>\n<meta name=\"twitter:card\" content=\"summary_large_image\" \/>\n<meta name=\"twitter:label1\" content=\"Escrito por\" \/>\n\t<meta name=\"twitter:data1\" content=\"Moderador\" \/>\n\t<meta name=\"twitter:label2\" content=\"Tiempo de lectura\" \/>\n\t<meta name=\"twitter:data2\" content=\"2 minutos\" \/>\n<script type=\"application\/ld+json\" class=\"yoast-schema-graph\">{\"@context\":\"https:\/\/schema.org\",\"@graph\":[{\"@type\":\"Article\",\"@id\":\"https:\/\/www.padreydecano.com\/cms\/noticias\/dos-partidos-sin-los-convocados\/#article\",\"isPartOf\":{\"@id\":\"https:\/\/www.padreydecano.com\/cms\/noticias\/dos-partidos-sin-los-convocados\/\"},\"author\":{\"name\":\"Moderador\",\"@id\":\"https:\/\/www.padreydecano.com\/cms\/#\/schema\/person\/d93e9e537230ae052c194251d9a1def2\"},\"headline\":\"\u00bfDos partidos sin los convocados?\",\"datePublished\":\"2017-09-26T13:41:34+00:00\",\"dateModified\":\"2017-09-28T05:39:39+00:00\",\"mainEntityOfPage\":{\"@id\":\"https:\/\/www.padreydecano.com\/cms\/noticias\/dos-partidos-sin-los-convocados\/\"},\"wordCount\":317,\"commentCount\":51,\"publisher\":{\"@id\":\"https:\/\/www.padreydecano.com\/cms\/#organization\"},\"image\":{\"@id\":\"https:\/\/www.padreydecano.com\/cms\/noticias\/dos-partidos-sin-los-convocados\/#primaryimage\"},\"thumbnailUrl\":\"https:\/\/www.padreydecano.com\/cms\/wp-content\/uploads\/2017\/09\/pe\u00f1arol-nacional-clausura-2017-foto-mariano-alvez-62.jpg\",\"keywords\":[\"Selecci\u00f3n Uruguaya\"],\"articleSection\":[\"Noticias\"],\"inLanguage\":\"es\",\"potentialAction\":[{\"@type\":\"CommentAction\",\"name\":\"Comment\",\"target\":[\"https:\/\/www.padreydecano.com\/cms\/noticias\/dos-partidos-sin-los-convocados\/#respond\"]}]},{\"@type\":\"WebPage\",\"@id\":\"https:\/\/www.padreydecano.com\/cms\/noticias\/dos-partidos-sin-los-convocados\/\",\"url\":\"https:\/\/www.padreydecano.com\/cms\/noticias\/dos-partidos-sin-los-convocados\/\",\"name\":\"\u00bfDos partidos sin los convocados? - Padre y Decano - El Sitio del Pueblo\",\"isPartOf\":{\"@id\":\"https:\/\/www.padreydecano.com\/cms\/#website\"},\"primaryImageOfPage\":{\"@id\":\"https:\/\/www.padreydecano.com\/cms\/noticias\/dos-partidos-sin-los-convocados\/#primaryimage\"},\"image\":{\"@id\":\"https:\/\/www.padreydecano.com\/cms\/noticias\/dos-partidos-sin-los-convocados\/#primaryimage\"},\"thumbnailUrl\":\"https:\/\/www.padreydecano.com\/cms\/wp-content\/uploads\/2017\/09\/pe\u00f1arol-nacional-clausura-2017-foto-mariano-alvez-62.jpg\",\"datePublished\":\"2017-09-26T13:41:34+00:00\",\"dateModified\":\"2017-09-28T05:39:39+00:00\",\"breadcrumb\":{\"@id\":\"https:\/\/www.padreydecano.com\/cms\/noticias\/dos-partidos-sin-los-convocados\/#breadcrumb\"},\"inLanguage\":\"es\",\"potentialAction\":[{\"@type\":\"ReadAction\",\"target\":[\"https:\/\/www.padreydecano.com\/cms\/noticias\/dos-partidos-sin-los-convocados\/\"]}]},{\"@type\":\"ImageObject\",\"inLanguage\":\"es\",\"@id\":\"https:\/\/www.padreydecano.com\/cms\/noticias\/dos-partidos-sin-los-convocados\/#primaryimage\",\"url\":\"https:\/\/www.padreydecano.com\/cms\/wp-content\/uploads\/2017\/09\/pe\u00f1arol-nacional-clausura-2017-foto-mariano-alvez-62.jpg\",\"contentUrl\":\"https:\/\/www.padreydecano.com\/cms\/wp-content\/uploads\/2017\/09\/pe\u00f1arol-nacional-clausura-2017-foto-mariano-alvez-62.jpg\",\"width\":1100,\"height\":729},{\"@type\":\"BreadcrumbList\",\"@id\":\"https:\/\/www.padreydecano.com\/cms\/noticias\/dos-partidos-sin-los-convocados\/#breadcrumb\",\"itemListElement\":[{\"@type\":\"ListItem\",\"position\":1,\"name\":\"Portada\",\"item\":\"https:\/\/www.padreydecano.com\/cms\/\"},{\"@type\":\"ListItem\",\"position\":2,\"name\":\"\u00bfDos partidos sin los convocados?\"}]},{\"@type\":\"WebSite\",\"@id\":\"https:\/\/www.padreydecano.com\/cms\/#website\",\"url\":\"https:\/\/www.padreydecano.com\/cms\/\",\"name\":\"Padre y Decano - El Sitio del Pueblo\",\"description\":\"Club Atl\u00e9tico Pe\u00f1arol\",\"publisher\":{\"@id\":\"https:\/\/www.padreydecano.com\/cms\/#organization\"},\"potentialAction\":[{\"@type\":\"SearchAction\",\"target\":{\"@type\":\"EntryPoint\",\"urlTemplate\":\"https:\/\/www.padreydecano.com\/cms\/?s={search_term_string}\"},\"query-input\":\"required name=search_term_string\"}],\"inLanguage\":\"es\"},{\"@type\":\"Organization\",\"@id\":\"https:\/\/www.padreydecano.com\/cms\/#organization\",\"name\":\"Padre y Decano\",\"url\":\"https:\/\/www.padreydecano.com\/cms\/\",\"logo\":{\"@type\":\"ImageObject\",\"inLanguage\":\"es\",\"@id\":\"https:\/\/www.padreydecano.com\/cms\/#\/schema\/logo\/image\/\",\"url\":\"https:\/\/www.padreydecano.com\/cms\/wp-content\/uploads\/2022\/01\/avatar-square.png\",\"contentUrl\":\"https:\/\/www.padreydecano.com\/cms\/wp-content\/uploads\/2022\/01\/avatar-square.png\",\"width\":1500,\"height\":1500,\"caption\":\"Padre y Decano\"},\"image\":{\"@id\":\"https:\/\/www.padreydecano.com\/cms\/#\/schema\/logo\/image\/\"}},{\"@type\":\"Person\",\"@id\":\"https:\/\/www.padreydecano.com\/cms\/#\/schema\/person\/d93e9e537230ae052c194251d9a1def2\",\"name\":\"Moderador\",\"image\":{\"@type\":\"ImageObject\",\"inLanguage\":\"es\",\"@id\":\"https:\/\/www.padreydecano.com\/cms\/#\/schema\/person\/image\/\",\"url\":\"https:\/\/secure.gravatar.com\/avatar\/2587727bf8a53bd3da4ec49f01bea66e?s=96&d=https%3A%2F%2Fpadreydecano.com%2Fcms%2Fwp-content%2Fthemes%2Fpyd-theme%2Fimg%2Fdefault-avatar.png&r=g\",\"contentUrl\":\"https:\/\/secure.gravatar.com\/avatar\/2587727bf8a53bd3da4ec49f01bea66e?s=96&d=https%3A%2F%2Fpadreydecano.com%2Fcms%2Fwp-content%2Fthemes%2Fpyd-theme%2Fimg%2Fdefault-avatar.png&r=g\",\"caption\":\"Moderador\"}}]}<\/script>\n<!-- \/ Yoast SEO plugin. -->","yoast_head_json":{"title":"\u00bfDos partidos sin los convocados? - Padre y Decano - El Sitio del Pueblo","robots":{"index":"index","follow":"follow","max-snippet":"max-snippet:-1","max-image-preview":"max-image-preview:large","max-video-preview":"max-video-preview:-1"},"canonical":"https:\/\/www.padreydecano.com\/cms\/noticias\/dos-partidos-sin-los-convocados\/","og_locale":"es_ES","og_type":"article","og_title":"\u00bfDos partidos sin los convocados? - Padre y Decano - El Sitio del Pueblo","og_description":"Tras la suspensi\u00f3n de los partidos del domingo correspondientes a la Fecha 6 del Torneo Clausura, la Mesa Ejecutiva tendr\u00e1 la tarea de reprogramar la actividad para que el campeonato termine en los d\u00edas pautados. Seg\u00fan desliz\u00f3 ayer Daniel Banchero en Sin L\u00edmite (VTV) hay un proyecto para que el s\u00e1bado 30 de setiembre se [&hellip;]","og_url":"https:\/\/www.padreydecano.com\/cms\/noticias\/dos-partidos-sin-los-convocados\/","og_site_name":"Padre y Decano - El Sitio del Pueblo","article_published_time":"2017-09-26T13:41:34+00:00","article_modified_time":"2017-09-28T05:39:39+00:00","og_image":[{"width":1100,"height":729,"url":"https:\/\/www.padreydecano.com\/cms\/wp-content\/uploads\/2017\/09\/pe\u00f1arol-nacional-clausura-2017-foto-mariano-alvez-62.jpg","type":"image\/jpeg"}],"author":"Moderador","twitter_card":"summary_large_image","twitter_misc":{"Escrito por":"Moderador","Tiempo de lectura":"2 minutos"},"schema":{"@context":"https:\/\/schema.org","@graph":[{"@type":"Article","@id":"https:\/\/www.padreydecano.com\/cms\/noticias\/dos-partidos-sin-los-convocados\/#article","isPartOf":{"@id":"https:\/\/www.padreydecano.com\/cms\/noticias\/dos-partidos-sin-los-convocados\/"},"author":{"name":"Moderador","@id":"https:\/\/www.padreydecano.com\/cms\/#\/schema\/person\/d93e9e537230ae052c194251d9a1def2"},"headline":"\u00bfDos partidos sin los convocados?","datePublished":"2017-09-26T13:41:34+00:00","dateModified":"2017-09-28T05:39:39+00:00","mainEntityOfPage":{"@id":"https:\/\/www.padreydecano.com\/cms\/noticias\/dos-partidos-sin-los-convocados\/"},"wordCount":317,"commentCount":51,"publisher":{"@id":"https:\/\/www.padreydecano.com\/cms\/#organization"},"image":{"@id":"https:\/\/www.padreydecano.com\/cms\/noticias\/dos-partidos-sin-los-convocados\/#primaryimage"},"thumbnailUrl":"https:\/\/www.padreydecano.com\/cms\/wp-content\/uploads\/2017\/09\/pe\u00f1arol-nacional-clausura-2017-foto-mariano-alvez-62.jpg","keywords":["Selecci\u00f3n Uruguaya"],"articleSection":["Noticias"],"inLanguage":"es","potentialAction":[{"@type":"CommentAction","name":"Comment","target":["https:\/\/www.padreydecano.com\/cms\/noticias\/dos-partidos-sin-los-convocados\/#respond"]}]},{"@type":"WebPage","@id":"https:\/\/www.padreydecano.com\/cms\/noticias\/dos-partidos-sin-los-convocados\/","url":"https:\/\/www.padreydecano.com\/cms\/noticias\/dos-partidos-sin-los-convocados\/","name":"\u00bfDos partidos sin los convocados? - Padre y Decano - El Sitio del Pueblo","isPartOf":{"@id":"https:\/\/www.padreydecano.com\/cms\/#website"},"primaryImageOfPage":{"@id":"https:\/\/www.padreydecano.com\/cms\/noticias\/dos-partidos-sin-los-convocados\/#primaryimage"},"image":{"@id":"https:\/\/www.padreydecano.com\/cms\/noticias\/dos-partidos-sin-los-convocados\/#primaryimage"},"thumbnailUrl":"https:\/\/www.padreydecano.com\/cms\/wp-content\/uploads\/2017\/09\/pe\u00f1arol-nacional-clausura-2017-foto-mariano-alvez-62.jpg","datePublished":"2017-09-26T13:41:34+00:00","dateModified":"2017-09-28T05:39:39+00:00","breadcrumb":{"@id":"https:\/\/www.padreydecano.com\/cms\/noticias\/dos-partidos-sin-los-convocados\/#breadcrumb"},"inLanguage":"es","potentialAction":[{"@type":"ReadAction","target":["https:\/\/www.padreydecano.com\/cms\/noticias\/dos-partidos-sin-los-convocados\/"]}]},{"@type":"ImageObject","inLanguage":"es","@id":"https:\/\/www.padreydecano.com\/cms\/noticias\/dos-partidos-sin-los-convocados\/#primaryimage","url":"https:\/\/www.padreydecano.com\/cms\/wp-content\/uploads\/2017\/09\/pe\u00f1arol-nacional-clausura-2017-foto-mariano-alvez-62.jpg","contentUrl":"https:\/\/www.padreydecano.com\/cms\/wp-content\/uploads\/2017\/09\/pe\u00f1arol-nacional-clausura-2017-foto-mariano-alvez-62.jpg","width":1100,"height":729},{"@type":"BreadcrumbList","@id":"https:\/\/www.padreydecano.com\/cms\/noticias\/dos-partidos-sin-los-convocados\/#breadcrumb","itemListElement":[{"@type":"ListItem","position":1,"name":"Portada","item":"https:\/\/www.padreydecano.com\/cms\/"},{"@type":"ListItem","position":2,"name":"\u00bfDos partidos sin los convocados?"}]},{"@type":"WebSite","@id":"https:\/\/www.padreydecano.com\/cms\/#website","url":"https:\/\/www.padreydecano.com\/cms\/","name":"Padre y Decano - El Sitio del Pueblo","description":"Club Atl\u00e9tico Pe\u00f1arol","publisher":{"@id":"https:\/\/www.padreydecano.com\/cms\/#organization"},"potentialAction":[{"@type":"SearchAction","target":{"@type":"EntryPoint","urlTemplate":"https:\/\/www.padreydecano.com\/cms\/?s={search_term_string}"},"query-input":"required name=search_term_string"}],"inLanguage":"es"},{"@type":"Organization","@id":"https:\/\/www.padreydecano.com\/cms\/#organization","name":"Padre y Decano","url":"https:\/\/www.padreydecano.com\/cms\/","logo":{"@type":"ImageObject","inLanguage":"es","@id":"https:\/\/www.padreydecano.com\/cms\/#\/schema\/logo\/image\/","url":"https:\/\/www.padreydecano.com\/cms\/wp-content\/uploads\/2022\/01\/avatar-square.png","contentUrl":"https:\/\/www.padreydecano.com\/cms\/wp-content\/uploads\/2022\/01\/avatar-square.png","width":1500,"height":1500,"caption":"Padre y Decano"},"image":{"@id":"https:\/\/www.padreydecano.com\/cms\/#\/schema\/logo\/image\/"}},{"@type":"Person","@id":"https:\/\/www.padreydecano.com\/cms\/#\/schema\/person\/d93e9e537230ae052c194251d9a1def2","name":"Moderador","image":{"@type":"ImageObject","inLanguage":"es","@id":"https:\/\/www.padreydecano.com\/cms\/#\/schema\/person\/image\/","url":"https:\/\/secure.gravatar.com\/avatar\/2587727bf8a53bd3da4ec49f01bea66e?s=96&d=https%3A%2F%2Fpadreydecano.com%2Fcms%2Fwp-content%2Fthemes%2Fpyd-theme%2Fimg%2Fdefault-avatar.png&r=g","contentUrl":"https:\/\/secure.gravatar.com\/avatar\/2587727bf8a53bd3da4ec49f01bea66e?s=96&d=https%3A%2F%2Fpadreydecano.com%2Fcms%2Fwp-content%2Fthemes%2Fpyd-theme%2Fimg%2Fdefault-avatar.png&r=g","caption":"Moderador"}}]}},"_links":{"self":[{"href":"https:\/\/www.padreydecano.com\/cms\/wp-json\/wp\/v2\/posts\/64589"}],"collection":[{"href":"https:\/\/www.padreydecano.com\/cms\/wp-json\/wp\/v2\/posts"}],"about":[{"href":"https:\/\/www.padreydecano.com\/cms\/wp-json\/wp\/v2\/types\/post"}],"author":[{"embeddable":true,"href":"https:\/\/www.padreydecano.com\/cms\/wp-json\/wp\/v2\/users\/13"}],"replies":[{"embeddable":true,"href":"https:\/\/www.padreydecano.com\/cms\/wp-json\/wp\/v2\/comments?post=64589"}],"version-history":[{"count":0,"href":"https:\/\/www.padreydecano.com\/cms\/wp-json\/wp\/v2\/posts\/64589\/revisions"}],"wp:featuredmedia":[{"embeddable":true,"href":"https:\/\/www.padreydecano.com\/cms\/wp-json\/wp\/v2\/media\/64535"}],"wp:attachment":[{"href":"https:\/\/www.padreydecano.com\/cms\/wp-json\/wp\/v2\/media?parent=64589"}],"wp:term":[{"taxonomy":"category","embeddable":true,"href":"https:\/\/www.padreydecano.com\/cms\/wp-json\/wp\/v2\/categories?post=64589"},{"taxonomy":"post_tag","embeddable":true,"href":"https:\/\/www.padreydecano.com\/cms\/wp-json\/wp\/v2\/tags?post=64589"}],"curies":[{"name":"wp","href":"https:\/\/api.w.org\/{rel}","templated":true}]}}