{"id":64555,"date":"2017-09-20T09:54:34","date_gmt":"2017-09-20T12:54:34","guid":{"rendered":"http:\/\/www.padreydecano.com\/cms\/?p=64555"},"modified":"2017-09-21T19:22:57","modified_gmt":"2017-09-21T22:22:57","slug":"las-100-frases-de-obdulio-jacinto-varela","status":"publish","type":"post","link":"https:\/\/www.padreydecano.com\/cms\/noticias\/las-100-frases-de-obdulio-jacinto-varela\/","title":{"rendered":"Las 100 frases de Obdulio Jacinto Varela"},"content":{"rendered":"<p><a href=\"https:\/\/www.padreydecano.com\/cms\/wp-content\/uploads\/2017\/09\/obdulio-varela.jpg\" rel=\"shadowbox[sbpost-64555];player=img;\"><img loading=\"lazy\" decoding=\"async\" class=\"size-medium wp-image-64556 aligncenter\" src=\"https:\/\/www.padreydecano.com\/cms\/wp-content\/uploads\/2017\/09\/obdulio-varela-600x338.jpg\" alt=\"\" width=\"600\" height=\"338\" srcset=\"https:\/\/www.padreydecano.com\/cms\/wp-content\/uploads\/2017\/09\/obdulio-varela-600x338.jpg 600w, https:\/\/www.padreydecano.com\/cms\/wp-content\/uploads\/2017\/09\/obdulio-varela-768x432.jpg 768w, https:\/\/www.padreydecano.com\/cms\/wp-content\/uploads\/2017\/09\/obdulio-varela-1024x576.jpg 1024w, https:\/\/www.padreydecano.com\/cms\/wp-content\/uploads\/2017\/09\/obdulio-varela.jpg 1240w\" sizes=\"(max-width: 600px) 100vw, 600px\" \/><\/a><\/p>\n<p style=\"text-align: justify;\">Se cumplen 100 a\u00f1os del nacimiento de uno de los futbolistas m\u00e1s grandes en la historia del f\u00fatbol mundial, <a href=\"https:\/\/www.padreydecano.com\/cms\/idolos\/obdulio-varela\/\">Obdulio Jacinto Varela<\/a>, capit\u00e1n de Pe\u00f1arol y de la Selecci\u00f3n Uruguaya, s\u00edmbolo del pa\u00eds.<\/p>\n<p style=\"text-align: justify;\"><a href=\"http:\/\/padreydecano.com\/\" data-saferedirecturl=\"https:\/\/www.google.com\/url?hl=es&amp;q=http:\/\/padreydecano.com&amp;source=gmail&amp;ust=1505995866970000&amp;usg=AFQjCNF_5dtpZBWduqbmRf5MvsYZCXgiXg\">Padreydecano.com<\/a>\u00a0repasa en este especial 100 frases del inigualable Negro Jefe.<\/p>\n<p style=\"text-align: justify;\"><span style=\"color: #ffcc02;\"><strong>1.<\/strong>\u00a0<\/span>\u00abQu\u00e9 jugador!!! Ese s\u00ed que mandaba, mandaba m\u00e1s que Artigas\u201d, sobre Lorenzo Fern\u00e1ndez ex jugador de Pe\u00f1arol y la Selecci\u00f3n Uruguaya.<\/p>\n<p style=\"text-align: justify;\"><span style=\"color: #ffcc02;\"><strong>2.<\/strong><\/span> \u201cEl casamiento es encerrarse; le cortan a uno las alas y no se puede volar mucho\u201d<\/p>\n<p style=\"text-align: justify;\"><span style=\"color: #ffcc02;\"><strong>3.<\/strong> <\/span>\u201cLos hijos son cosa seria, hay que ayudarlos a volar\u201d<\/p>\n<p style=\"text-align: justify;\"><span style=\"color: #ffcc02;\"><strong>4.<\/strong><\/span> \u201cLa banca siempre gana. Le pagan con la mano y recogen con rastrillo\u201d, sobre el casino donde trabaj\u00f3.<\/p>\n<p style=\"text-align: justify;\"><span style=\"color: #ffcc02;\"><strong>5.<\/strong> <\/span>\u201cNac\u00ed en La Teja, despu\u00e9s de un barrio a otro hasta que ca\u00ed en La Comercial, ah\u00ed s\u00ed f\u00fatbol todo el d\u00eda\u201d<\/p>\n<p style=\"text-align: justify;\"><span style=\"color: #ffcc02;\"><strong>6.<\/strong> <\/span>\u201cEn la Intermedia de antes se jugaba a muerte. Nadie quer\u00eda perder. Nos agarr\u00e1bamos a trompada limpia y minga de polic\u00eda\u201d<\/p>\n<p style=\"text-align: justify;\"><span style=\"color: #ffcc02;\"><strong>7.<\/strong> <\/span>\u201cAntes el padre laburaba y aguantaba a toda la familia\u2026 Hoy tienen que laburar todos, el viejo, la mujer, los hijos y entonces los pibes no pueden darle a la pelota\u201d<\/p>\n<p style=\"text-align: justify;\"><span style=\"color: #ffcc02;\"><strong>8.<\/strong> <\/span>\u201cAntes \u00e9ramos todos atorrantes\u2026 \u00bfA qui\u00e9n le gusta trabajar? Era m\u00e1s lindo pegarle a la pelota que ir al yugo\u201d<\/p>\n<p style=\"text-align: justify;\"><span style=\"color: #ffcc02;\"><strong>9.<\/strong><\/span> \u201cAntes un club de Primera era due\u00f1o y se\u00f1or\u2026 Est\u00e1bamos en la \u00e9poca de los esclavos. Ven\u00eda un dirigente y dec\u00eda: Preciso a aquel ganado\u2026 \u00bfC\u00f3mo es la canci\u00f3n? No pod\u00eda ser, conmigo esas cosas no iban. Me revel\u00e9 y chau!!! Me puse duro!!!\u00bb<\/p>\n<p style=\"text-align: justify;\"><span style=\"color: #ffcc02;\"><strong>10.<\/strong><\/span> \u201cLa vieja no lo quer\u00eda creer. Se fue a la comisar\u00eda a averiguar si hab\u00eda afanado a alguno. As\u00ed empec\u00e9 en Wanderers\u201d<\/p>\n<p style=\"text-align: justify;\"><span style=\"color: #ffcc02;\"><strong>11.<\/strong><\/span>\u00a0\u00abEs mentira que el f\u00fatbol no se ense\u00f1a. Siempre hay secretos. Uno termina y sigue sin saber la mitad de las cosas\u201d<\/p>\n<p style=\"text-align: justify;\"><span style=\"color: #ffcc02;\"><strong>12.<\/strong><\/span> \u201c\u00bfSabe lo que era la Celeste? Uno se ahogaba. Pesaban los recuerdos. Atr\u00e1s estaba la gloria de Nasazzi y Lorenzo, no se pod\u00eda perder. Un negrito pobre como yo que reci\u00e9n empezaba, escuchaba hablar a los mayores de la celeste y el pasado, se me erizaba la piel\u201d<\/p>\n<p style=\"text-align: justify;\"><span style=\"color: #ffcc02;\"><strong>13.<\/strong><\/span> \u201cArregl\u00e9 bien con Pe\u00f1arol\u2026 Esa noche me tom\u00e9 unas copas para festejar\u2026 Siempre me gustaron\u201d<\/p>\n<p style=\"text-align: justify;\"><span style=\"color: #ffcc02;\"><strong>14.<\/strong><\/span> \u201cMe qued\u00e9 en Pe\u00f1arol. Si fracasaba quedaba en la v\u00eda, pero en la vida siempre hay que arriesgar. Siempre fui hincha de Pe\u00f1arol. Era manya\u201d<\/p>\n<p style=\"text-align: justify;\"><span style=\"color: #ffcc02;\"><strong>15.<\/strong><\/span> \u201cNunca fui caudillo. A m\u00ed lo \u00fanico que me gustaba era jugar al f\u00fatbol; mandar un poco, ordenar un poco y nada m\u00e1s. Se nace para mandar, soy una persona como cualquier otra, lo \u00fanico que me queda es la satisfacci\u00f3n de haber cumplido\u201d<\/p>\n<p style=\"text-align: justify;\"><span style=\"color: #ffcc02;\"><strong>16.<\/strong> <\/span>\u201cAlgunos angelitos se creen que el Mundial es una fiesta deportiva. Son mentiras!!! Ah\u00ed hay que hacer lo que venga. Si usted puede jugar con un cuchillo en la cintura, agarre viaje\u00bb.<\/p>\n<p style=\"text-align: justify;\"><span style=\"color: #ffcc02;\"><strong>17.<\/strong> <\/span>\u201cNosotros ganamos la final de 1950 porque no nos achicamos\u201d<\/p>\n<p style=\"text-align: justify;\"><span style=\"color: #ffcc02;\"><strong>18.<\/strong> <\/span>\u201cDicen que jug\u00e1bamos cuatro veces la final y que nos ganaban las cuatro. Yo dec\u00eda que no. Adentro de la cancha les dije que los de afuera son de palo\u201d<\/p>\n<p style=\"text-align: justify;\"><span style=\"color: #ffcc02;\"><strong>19.<\/strong> <\/span>\u201cAqu\u00ed no estamos para discutir actitudes pasadas. Aqu\u00ed estamos para ser campeones del mundo. Los orientales nunca toman solos\u201d, antes de jugar el Mundial de 1950 cuando hab\u00eda rispideces por la huelga de 1948.<\/p>\n<p style=\"text-align: justify;\"><span style=\"color: #ffcc02;\"><strong>20.<\/strong><\/span> \u201cCumplidos solo si somos campeones\u201d, luego de que los dirigentes insinuaran que se cumpl\u00eda perdiendo por poco ante Brasil en 1950.<\/p>\n<p style=\"text-align: justify;\"><span style=\"color: #ffcc02;\"><strong>21.<\/strong><\/span> \u201cCuando ped\u00ed pase para Pe\u00f1arol, me hicieron como siete homenajes en una semana y rechac\u00e9 como diez m\u00e1s. Parec\u00eda que me casaba\u201d<\/p>\n<p style=\"text-align: justify;\"><span style=\"color: #ffcc02;\"><strong>22.<\/strong><\/span> \u201cO $250 o $500 para todos por igual. No pod\u00eda admitir distinci\u00f3n que no correspond\u00eda. Los once dieron todo por el triunfo, el esfuerzo es colectivo y no de la voluntad de un solo jugador\u201d; cuando se le quiso pagar el doble de premio que a sus compa\u00f1eros por un partido. Todos cobraron $500.<\/p>\n<p style=\"text-align: justify;\"><span style=\"color: #ffcc02;\"><strong>23.<\/strong> <\/span>\u201cLe dir\u00e9 que a la prensa la respet\u00e9 siempre. Es gente que trabaja. Todos los deportistas necesitan de su influencia. Un se\u00f1or periodista crey\u00f3 que ten\u00eda la verdad en su pu\u00f1o, quedaba mal que hiciera justicia por mano propia, entonces tom\u00e9 la determinaci\u00f3n de no salir en las fotos del equipo. Le dije a un dirigente de Pe\u00f1arol que me hab\u00edan contratado para jugar al f\u00fatbol y para defender honestamente la camiseta, no para vedette\u201d<\/p>\n<p style=\"text-align: justify;\"><span style=\"color: #ffcc02;\"><strong>24.<\/strong><\/span> \u201cUna vez un encumbrado dirigente de Wanderers me sugiri\u00f3 como quien ordena salir a empatar. A m\u00ed empatar!!! Como jugador, t\u00e9cnico o hincha siempre sal\u00ed a ganar\u201d<\/p>\n<p style=\"text-align: justify;\"><span style=\"color: #ffcc02;\"><strong>25.<\/strong> <\/span>\u00ab\u00bfPor qu\u00e9 no vienen a practicar al Estadio? Este negrito se llama Obdulio Varela y del Uruguay no se mueve\u201d, cuando un dirigente de Boca quiso que practicara en Buenos Aires antes de contratarlo.<\/p>\n<p style=\"text-align: justify;\"><span style=\"color: #ffcc02;\"><strong>26.<\/strong> <\/span>\u201cSe reun\u00edan en delegaci\u00f3n aurinegros para hacerme ver que Pe\u00f1arol era historia, continuidad de glorias y no un grupo de hombres. Me sab\u00edan pe\u00f1arolense\u2026 No soy rencoroso soy cabrero con las injusticias. Fue el arma principal para que depusiera mi enojo y volviera a servir a la querida causa\u201d<\/p>\n<p style=\"text-align: justify;\"><span style=\"color: #ffcc02;\"><strong>27.<\/strong> <\/span>\u201cEste es el pa\u00eds de los vivos y el f\u00fatbol es un escal\u00f3n muy importante para el logro de ciertas aspiraciones\u201d<\/p>\n<p style=\"text-align: justify;\"><span style=\"color: #ffcc02;\"><strong>28.<\/strong> <\/span>\u201cDespu\u00e9s del mundial del cincuenta, no hab\u00eda un solo dirigente que queriendo no tuviera una medalla del suceso\u2026 Y eso dol\u00eda mucho\u201d<\/p>\n<p style=\"text-align: justify;\"><span style=\"color: #ffcc02;\"><strong>29.<\/strong><\/span> \u201cEl h\u00fangaro era un hombre despierto y vivo como una liebre, sab\u00eda mucho de preparaci\u00f3n f\u00edsica y se preocupaba a fondo de conocer a los contrarios\u201d, sobre el entrenador de la M\u00e1quina de 1949, Emerico Hirsch.<\/p>\n<p style=\"text-align: justify;\"><span style=\"color: #ffcc02;\"><strong>30.<\/strong> <\/span>\u201cYo tomaba mucho entonces no tuve m\u00e1s remedio que internarme, me hicieron un tratamiento especial\u201d<\/p>\n<p style=\"text-align: justify;\"><span style=\"color: #ffcc02;\"><strong>31.<\/strong> <\/span>\u201cMire, usted jug\u00f3 bien ante los cuadros chicos y en la reserva de un cl\u00e1sico, pero eso en Pe\u00f1arol no es suficiente. Al hincha hay que demostrarle que se sirve en los partidos como el de hoy\u201d, a Juan Eduardo Hohberg antes de su primer cl\u00e1sico. Hizo un gol.<\/p>\n<p style=\"text-align: justify;\"><span style=\"color: #ffcc02;\"><strong>32.<\/strong> <\/span>\u201cJug\u00e1bamos descansados, usted daba la pelota para adelante y quedese tranquilo que demoraba en volver\u201d, sobre la delantera compuesta por Ghiggia, Hohberg, Miguez, Schiaffino y Vidal.<\/p>\n<p style=\"text-align: justify;\"><span style=\"color: #ffcc02;\"><strong>33.<\/strong> <\/span>\u00abEra un f\u00fatbol ganador, de fuerza y de potencia\u2026 Eso era Pe\u00f1arol de 1949\u201d<\/p>\n<p style=\"text-align: justify;\"><span style=\"color: #ffcc02;\"><strong>34.<\/strong><\/span> \u201cCuando el jugador es bueno, hay que prepararlo bien en lo f\u00edsico y de esa forma queda habilitado para ganar en cualquier lado y cualquier partido\u201d<\/p>\n<p style=\"text-align: justify;\"><span style=\"color: #ffcc02;\"><strong>35.<\/strong> <\/span>\u201cDe lo que estoy seguro es que le pegu\u00e9 con alma y vida\u201d, sobre su gol a Espa\u00f1a en el Mundial de 1950.<\/p>\n<p style=\"text-align: justify;\"><span style=\"color: #ffcc02;\"><strong><a href=\"https:\/\/www.padreydecano.com\/cms\/wp-content\/uploads\/2012\/07\/obdulio-varela1.jpg\" rel=\"shadowbox[sbpost-64555];player=img;\"><img loading=\"lazy\" decoding=\"async\" class=\"alignright size-medium wp-image-25585\" src=\"https:\/\/www.padreydecano.com\/cms\/wp-content\/uploads\/2012\/07\/obdulio-varela1-207x300.jpg\" alt=\"\" width=\"207\" height=\"300\" srcset=\"https:\/\/www.padreydecano.com\/cms\/wp-content\/uploads\/2012\/07\/obdulio-varela1-207x300.jpg 207w, https:\/\/www.padreydecano.com\/cms\/wp-content\/uploads\/2012\/07\/obdulio-varela1.jpg 248w\" sizes=\"(max-width: 207px) 100vw, 207px\" \/><\/a>36.<\/strong><\/span> \u201cSiempre pens\u00e9 que el dirigente bien ubicado es quien debe aconsejarle al jugador joven\u2026 Es dif\u00edcil la mentalidad de muchachitos que saben pegarle bien a la pelota y nada m\u00e1s\u201d<\/p>\n<p style=\"text-align: justify;\"><span style=\"color: #ffcc02;\"><strong>37.<\/strong> <\/span>\u201cHab\u00eda muchachos con una conciencia y un equilibrio que daba gusto, que sab\u00edan lo que representaban, valoraban los consejos que los veteranos les hac\u00edamos llegar\u201d<\/p>\n<p style=\"text-align: justify;\"><span style=\"color: #ffcc02;\"><strong>38.<\/strong><\/span> \u201cDije que si jug\u00e1bamos la final de 1950 cien veces perd\u00edamos cien. Lo dije despu\u00e9s, antes no\u201d.<\/p>\n<p style=\"text-align: justify;\"><span style=\"color: #ffcc02;\"><strong>39.<\/strong> <\/span>\u201cLos partidos se ganan dentro y se pierden dentro de la cancha, y hasta que se jugara, no se pod\u00eda saber\u201d, sobre la final de 1950.<\/p>\n<p style=\"text-align: justify;\"><span style=\"color: #ffcc02;\"><strong>40.<\/strong><\/span> \u201cYo era el capit\u00e1n y algo ten\u00eda que hacer para enfriar el partido y se me ocurri\u00f3 eso\u201d, cuando tom\u00f3 el bal\u00f3n debajo del brazo en 1950.<\/p>\n<p style=\"text-align: justify;\"><span style=\"color: #ffcc02;\"><strong>41.<\/strong> <\/span>\u201cMe tuve que enfrentar a fen\u00f3menos del f\u00fatbol mundial pero como aquel equipo brasilero de 1950, tan completo, cr\u00e9ame jam\u00e1s vi ninguno\u201d<\/p>\n<p style=\"text-align: justify;\"><span style=\"color: #ffcc02;\"><strong>42.<\/strong><\/span> \u201cHay que aceptar desaf\u00edos para demostrar que somos los mejores del mundo\u201d<\/p>\n<p style=\"text-align: justify;\"><span style=\"color: #ffcc02;\"><strong>43.<\/strong><\/span> \u201cEn un partido en Buenos Aires nos hab\u00edan tratado muy mal en la cancha y el p\u00fablico. En Montevideo quer\u00edan que sali\u00e9ramos ambos equipos juntos. No contaron conmigo, cuando a mi me daban en la mejilla, no pon\u00eda la otra ni loco\u201d<\/p>\n<p style=\"text-align: justify;\"><span style=\"color: #ffcc02;\"><strong>44.<\/strong><\/span> \u201cEn un partido jugu\u00e9 yo y cuatro hermanos. Eramos cinco, estaba la cancha llena de negritos\u201d<\/p>\n<p style=\"text-align: justify;\"><span style=\"color: #ffcc02;\"><strong>45.<\/strong><\/span> \u201cVivi\u00f3 humilde y calladamente con su valija compa\u00f1era, y lo dio todo por el f\u00fatbol y sus jugadores. Estuvo siempre presente, menos en el reparto de la gloria\u201d, menciona a Matucho F\u00edgoli, masajista presente en Colombes 1924, Amsterdam 1928, Montevideo 1930 y Maracan\u00e1 1950.<\/p>\n<p style=\"text-align: justify;\"><span style=\"color: #ffcc02;\"><strong>46.<\/strong><\/span>\u00a0\u00abA Bigode y Barboza se les complic\u00f3 la existencia barb\u00e1ricamente, les hicieron la vida imposible\u201d, dos brasile\u00f1os rivales en 1950.<\/p>\n<p style=\"text-align: justify;\"><span style=\"color: #ffcc02;\"><strong>47.<\/strong> <\/span>\u201cAl otro d\u00eda de la final hab\u00eda una recepci\u00f3n important\u00edsima en la embajada\u2026 No fui, era una fiesta de amistad distinguida, de copas finas y de confraternidad de alta escuela\u201d<\/p>\n<p style=\"text-align: justify;\"><span style=\"color: #ffcc02;\"><strong>48.<\/strong><\/span> \u201cCosas de delegados y directivos\u2026 los mismos que nos ped\u00edan que perdi\u00e9ramos por cuatro goles y cuando llegaron a Montevideo pidieron sus bien ganadas medallas de oro\u201d<\/p>\n<p style=\"text-align: justify;\"><span style=\"color: #ffcc02;\"><strong>49.<\/strong> <\/span>\u201cSal\u00ed a festejar solo despu\u00e9s de la final, los brasile\u00f1os me reconocieron y me invitaron a cenar\u00bb<\/p>\n<p style=\"text-align: justify;\"><span style=\"color: #ffcc02;\"><strong>50.<\/strong> <\/span>\u201cA vos no te lo vendo, a vos te lo regalo\u201d, a un juvenil que quiso comprale su viejo auto.<\/p>\n<p style=\"text-align: justify;\"><span style=\"color: #ffcc02;\"><strong>51.<\/strong><\/span> \u201cSon grandiosos los brasile\u00f1os, todav\u00eda me quieren ayudar\u201d, luego de que le ofrecieran radicarse en el pa\u00eds norte\u00f1o.<\/p>\n<p style=\"text-align: justify;\"><span style=\"color: #ffcc02;\"><strong>52.<\/strong><\/span> \u201cSi voy a Suiza es para jugar. Si no estoy en condiciones me quedo en casa\u201d, previo al Mundial de 1954,<\/p>\n<p style=\"text-align: justify;\"><span style=\"color: #ffcc02;\"><strong>53.<\/strong> <\/span>\u201cAquel triunfo fue obra de todos, nadie afloj\u00f3 y todos dieron lo que ten\u00edan\u201d, sobre el Mundial de 1950.<\/p>\n<p style=\"text-align: justify;\"><span style=\"color: #ffcc02;\"><strong>54.<\/strong><\/span> \u00abEra intransigente con la puntualidad, y te hac\u00eda parar desnudo en el gimnasio todos los d\u00edas para ver qu\u00e9 hab\u00edas hecho la noche anterior\u201d, omentando la rigurosidad del entrenador h\u00fangaro de 1949.<\/p>\n<p style=\"text-align: justify;\"><span style=\"color: #ffcc02;\"><strong>55.<\/strong><\/span> \u201cEn 1954 se hab\u00eda puesto lindo, ganamos los tres partidos, hicimos siete goles, recibimos tres. Una l\u00e1stima, se juntaron las lesiones y los dirigentes\u201d<\/p>\n<p style=\"text-align: justify;\"><span style=\"color: #ffcc02;\"><strong>56.<\/strong><\/span> \u201cSiempre pens\u00e9 que sin dirigentes ese partido hasta ganar se pudo\u201d, dijo sobre la semifinal de 1954.<\/p>\n<p style=\"text-align: justify;\"><span style=\"color: #ffcc02;\"><strong>57.<\/strong><\/span> \u201cA la cancha hay que entrar mirando de frente a todo el mundo. Siempre hay que entrar ganando, porque el que entra perdiendo, pierde\u201d<\/p>\n<p style=\"text-align: justify;\"><span style=\"color: #ffcc02;\"><strong>58.<\/strong><\/span> \u201cMe cost\u00f3 muchas lagrimas aquel partido contra los h\u00fangaros, porque se pod\u00eda repetir lo de cuatro a\u00f1os atr\u00e1s\u201d<\/p>\n<p style=\"text-align: justify;\"><span style=\"color: #ffcc02;\"><strong>59.<\/strong> <\/span>\u201cJugu\u00e9 mi \u00faltimo partido en el Brasil contra el Am\u00e9rica. Hab\u00eda llegado la hora de abandonar el f\u00fatbol y yo lo sab\u00eda\u201d<\/p>\n<p style=\"text-align: justify;\"><span style=\"color: #ffcc02;\"><strong>60.<\/strong><\/span> \u00abSe da cuenta lo que es saberlo? Nunca m\u00e1s Pe\u00f1arol ni la celeste\u201d<\/p>\n<p style=\"text-align: justify;\"><span style=\"color: #ffcc02;\"><strong>61.<\/strong><\/span> \u201cUno ve la jugada como siempre la vio, mal o bien, pero siempre la vio. Son las piernas las que no responden al llamado de la mente\u201d<\/p>\n<p style=\"text-align: justify;\"><span style=\"color: #ffcc02;\"><strong>62.<\/strong><\/span> \u201cUsted paga un whisky y nosotros tomamos caf\u00e9. La diferencia la volcamos a favor de la cruzada del Doctor Caritat\u201d, una vez que un dirigente ofreci\u00f3 invitar con whisky a la delegaci\u00f3n que jugaba a beneficio de los necesitados.<\/p>\n<p style=\"text-align: justify;\"><span style=\"color: #ffcc02;\"><strong>63.<\/strong><\/span> \u201cCuando me puse la Celeste, fue como que me transformara, ah\u00ed entend\u00ed lo que era la patria\u201d<\/p>\n<p style=\"text-align: justify;\"><span style=\"color: #ffcc02;\"><strong>64.<\/strong><\/span> \u00abEn la cancha me sent\u00ed responsable de la alegr\u00eda o tristeza de los dem\u00e1s. Pero tambi\u00e9n me sent\u00ed libre\u201d<\/p>\n<p style=\"text-align: justify;\"><span style=\"color: #ffcc02;\"><strong>65.<\/strong> <\/span>\u201cNunca le di la mano a ning\u00fan juez, para que se dieran cuenta de que de este lado hab\u00eda alguien\u201d<\/p>\n<p style=\"text-align: justify;\"><span style=\"color: #ffcc02;\"><strong>66.<\/strong><\/span> \u201cLa mayor\u00eda de los jugadores son buena gente, salvo excepciones. Muchos salimos de la pobreza, como yo, que abandon\u00e9 la escuela demasiado pronto\u201d<\/p>\n<p style=\"text-align: justify;\"><span style=\"color: #ffcc02;\"><strong>67.<\/strong> <\/span>\u201c\u00bfLos dirigentes? Me resulta dif\u00edcil encontrar destacados, Don C\u00e9sar Batlle Pacheco y dos o tres m\u00e1s\u201d<\/p>\n<p style=\"text-align: justify;\"><span style=\"color: #ffcc02;\"><strong>68.<\/strong><\/span> \u201c\u00a1\u00a1\u00a1La Asociaci\u00f3n por Dios!!! Lo \u00fanico que hicieron fue venir a ver qu\u00e9 cuadros se pod\u00edan llevar al museo. \u00a1\u00a1\u00a1D\u00e9jese de embromar!!!\u201d<\/p>\n<p style=\"text-align: justify;\"><span style=\"color: #ffcc02;\"><strong>69.<\/strong><\/span> \u00ab\u00bfAl final de cuentas qu\u00e9 tiene el jugador de f\u00fatbol? Su momento y nada m\u00e1s. Nunca tendr\u00e1 otra oportunidad\u201d<\/p>\n<p style=\"text-align: justify;\"><span style=\"color: #ffcc02;\"><strong>70.<\/strong><\/span> \u201cTodo palabrer\u00eda, como si se pudiera comer con la fama. No conozco el puchero de fama\u201d<\/p>\n<p style=\"text-align: justify;\"><span style=\"color: #ffcc02;\"><strong>71.<\/strong> <\/span>\u201cYo no tomo, me lo prohibieron despu\u00e9s de dos paros card\u00edacos. Me aguanto bien pero no le voy a mentir, se siente la falta de un buen vino\u201d<\/p>\n<p style=\"text-align: justify;\"><span style=\"color: #ffcc02;\"><strong>72.<\/strong><\/span> \u201cSe me impuso el ejemplo del Gallego Lorenzo Fern\u00e1ndez, le tom\u00e9 el gusto a jugar hablando, hacerme sentir. Un cuadro sin caudillo es como un pa\u00eds sin caudillo. Ganar\u00e1 el desorden\u201d<\/p>\n<p style=\"text-align: justify;\"><span style=\"color: #ffcc02;\"><strong>73.<\/strong><\/span> \u201cUna vez \u00edbamos al velorio de un conocido, paramos a tomar unas copas y se nos fue la mano. Terminamos en el velorio equivocado y saludando a otra viuda\u201d<\/p>\n<p style=\"text-align: justify;\"><span style=\"color: #ffcc02;\"><strong>74.<\/strong><\/span> \u201cSiempre fui un enamorado del entrenamiento, un f\u00edsico bien trabajado puede mejorar el rendimiento\u201d<\/p>\n<p style=\"text-align: justify;\"><span style=\"color: #ffcc02;\"><strong>75.<\/strong><\/span> \u201cPe\u00f1arol fue muy importante en mi vida, llegu\u00e9 en el 43 y me fui en el 55. Doce a\u00f1os de emociones vividos a pleno, dejando el alma\u201d<\/p>\n<p style=\"text-align: justify;\"><span style=\"color: #ffcc02;\"><strong>76.<\/strong><\/span> \u201cEste pobre negro estaba al frente, se desgasta mucho, me pon\u00eda el equipo al hombro\u201d<\/p>\n<p style=\"text-align: justify;\"><span style=\"color: #ffcc02;\"><strong>77.<\/strong><\/span> \u201cA m\u00ed los dirigentes me crucificaron desde el primer momento, dec\u00edan que era el cabecilla de la huelga\u201d<\/p>\n<p style=\"text-align: justify;\"><span style=\"color: #ffcc02;\"><strong>78.<\/strong> <\/span>\u201cEstuvimos a punto de no viajar al Mundial de 1950, hab\u00eda un gran desconcierto\u201d<\/p>\n<p style=\"text-align: justify;\"><span style=\"color: #ffcc02;\"><strong>79.<\/strong><\/span> \u201cYo sent\u00ed el peso de las glorias pasadas y de la historia, lo que ten\u00edamos entre manos\u201d<\/p>\n<p style=\"text-align: justify;\"><span style=\"color: #ffcc02;\"><strong>80.<\/strong><\/span> \u201cAntes del Mundial dije que volv\u00edamos campeones o no volv\u00edamos. Ese fue mi juramento de honor\u201d<\/p>\n<p style=\"text-align: justify;\"><span style=\"color: #ffcc02;\"><strong>81.<\/strong> <\/span>\u201cEn las delegaciones algunos siempre pierden la chaveta, pero si hay buena madera se soluciona\u201d<\/p>\n<p style=\"text-align: justify;\"><span style=\"color: #ffcc02;\"><strong>82.<\/strong> <\/span>\u201cA veces hab\u00eda que utilizar lo aprendido en la calle, cosas de negrito p\u00edcaro\u201d<\/p>\n<p style=\"text-align: justify;\"><span style=\"color: #ffcc02;\"><strong>83.<\/strong><\/span> \u201cYo estaba orgulloso de m\u00ed pa\u00eds a mi manera, estaba orgulloso de vestir la camiseta de Nasazzi y el Gallego Lorenzo Fern\u00e1ndez\u201d<\/p>\n<p style=\"text-align: justify;\"><span style=\"color: #ffcc02;\"><strong>84.<\/strong> <\/span>\u201cYo era un veterano, un hombre grande, no me com\u00eda cualquier manzana y saqu\u00e9 del vestuario a ese japon\u00e9s\u201d, se refiere al dirigente que dijo que se cumpl\u00eda perdiendo por cuatro goles ante Brasil.<\/p>\n<p style=\"text-align: justify;\"><span style=\"color: #ffcc02;\"><strong>85.<\/strong><\/span> \u201cA m\u00ed me ayud\u00f3 mucho todo lo que aprend\u00ed en la calle, las batallas en la Intermedia, no sab\u00edamos perder\u201d<\/p>\n<p style=\"text-align: justify;\"><span style=\"color: #ffcc02;\"><strong>86.<\/strong><\/span> \u201cEl Maracan\u00e1 era un infierno, cosa seria. Pero nosotros salimos con la cabeza en alto, despacio, como sobr\u00e1ndolos\u201d<\/p>\n<p style=\"text-align: justify;\"><span style=\"color: #ffcc02;\"><strong>87.<\/strong> <\/span>\u201cCuando metimos el segundo gol, psicol\u00f3gicamente no hubo rival\u201d, refiri\u00e9ndose al gol de Ghiggia.<\/p>\n<p style=\"text-align: justify;\"><span style=\"color: #ffcc02;\"><strong>88.<\/strong> <\/span>\u201cNos pasamos hablando de la haza\u00f1a y todos esos versos de los periodistas y los dirigentes. Nos perdimos la oportunidad de aprender la lecci\u00f3n\u201d<\/p>\n<p style=\"text-align: justify;\"><span style=\"color: #ffcc02;\"><strong>89.<\/strong> <\/span>\u201cMi concepto de la patria se basaba en la alegr\u00eda de la gente humilde con un partido de f\u00fatbol\u201d<\/p>\n<p style=\"text-align: justify;\"><span style=\"color: #ffcc02;\"><strong>90.<\/strong><\/span> \u201cEn un momento me lleg\u00f3 la tristeza y desolaci\u00f3n por todo lo que vivi\u00f3 el pueblo brasilero, arruinamos su fiesta\u201d<\/p>\n<p style=\"text-align: justify;\"><span style=\"color: #ffcc02;\"><strong><a href=\"https:\/\/www.padreydecano.com\/cms\/wp-content\/uploads\/2011\/10\/Obdulio-Varela-recibe-la-copa-1950.jpg\" rel=\"shadowbox[sbpost-64555];player=img;\"><img loading=\"lazy\" decoding=\"async\" class=\"alignright size-medium wp-image-31912\" src=\"https:\/\/www.padreydecano.com\/cms\/wp-content\/uploads\/2011\/10\/Obdulio-Varela-recibe-la-copa-1950-300x206.jpg\" alt=\"\" width=\"300\" height=\"206\" srcset=\"https:\/\/www.padreydecano.com\/cms\/wp-content\/uploads\/2011\/10\/Obdulio-Varela-recibe-la-copa-1950-300x206.jpg 300w, https:\/\/www.padreydecano.com\/cms\/wp-content\/uploads\/2011\/10\/Obdulio-Varela-recibe-la-copa-1950.jpg 450w\" sizes=\"(max-width: 300px) 100vw, 300px\" \/><\/a>91.<\/strong><\/span> \u201cBrasil es un ejemplo, de aquella derrota lograron mejorar mucho, creo que la valoraron m\u00e1s que nosotros\u201d<\/p>\n<p style=\"text-align: justify;\"><span style=\"color: #ffcc02;\"><strong>92.<\/strong><\/span> \u00ab\u00a1\u00a1\u00a1Pobre viejo!!! Casi le tuve que sacar la copa de las manos. Igual no nos \u00edbamos a entender, si yo solo hablo espa\u00f1ol y bastante mal\u201d<\/p>\n<p style=\"text-align: justify;\"><strong><span style=\"color: #ffcc02;\">93.<\/span> <\/strong>\u201cSe habl\u00f3 mucho de que el equipo del 54 era mejor que el del 50. Pavadas, eran a\u00f1os y situaciones diferentes, adem\u00e1s uno gan\u00f3 y el otro no\u201d<\/p>\n<p style=\"text-align: justify;\"><span style=\"color: #ffcc02;\"><strong>94.<\/strong><\/span> \u201cCuando uno se quiere acordar chau, no hay m\u00e1s f\u00fatbol. Las oportunidades de hacer un peso son pocas\u201d<\/p>\n<p style=\"text-align: justify;\"><span style=\"color: #ffcc02;\"><strong>95.<\/strong><\/span> \u201cMe molesta eso de la leyenda, el mito. No lo voy a entender, no me interesa. Conozco a muchos que creyeron tocar el cielo con las manos\u201d<\/p>\n<p style=\"text-align: justify;\"><span style=\"color: #ffcc02;\"><strong>96.<\/strong> <\/span>\u201cNo hay mejor pel\u00edcula c\u00f3mica que el mundo. Una cosa incre\u00edble para matarse de risa\u201d<\/p>\n<p style=\"text-align: justify;\"><span style=\"color: #ffcc02;\"><strong>97.<\/strong><\/span> \u201cEn el f\u00fatbol hay una sola verdad: al contrario, hay que mojarle la oreja\u00bb<\/p>\n<p style=\"text-align: justify;\"><span style=\"color: #ffcc02;\"><strong>98.<\/strong> <\/span>\u201cAqu\u00ed y en Argentina se tuvo el mejor f\u00fatbol del mundo\u201d<\/p>\n<p style=\"text-align: justify;\"><span style=\"color: #ffcc02;\"><strong>99.<\/strong> <\/span>\u201cYo hab\u00eda jugado un mill\u00f3n de partidos en canchas sin alambrados a merced del p\u00fablico y siempre hab\u00eda salido sanito, \u00bfc\u00f3mo me iba a asustar en Maracan\u00e1?\u201d<\/p>\n<p style=\"text-align: justify;\"><span style=\"color: #ffcc02;\"><strong>100.<\/strong><\/span> \u201cEl partido se gana con los huevos en la punta de los botines\u201d<\/p>\n<p style=\"text-align: right;\">Escrito por <a href=\"http:\/\/twitter.com\/wilsonmendez86\">Wilson M\u00e9ndez<\/a><\/p>\n","protected":false},"excerpt":{"rendered":"<p>Especial: A 100 a\u00f1os del nacimiento del Negro Jefe, repasamos 100 frases del capit\u00e1n uruguayo y carbonero.<\/p>\n","protected":false},"author":13,"featured_media":64556,"comment_status":"open","ping_status":"closed","sticky":false,"template":"","format":"standard","meta":{"footnotes":""},"categories":[1],"tags":[],"yoast_head":"<!-- This site is optimized with the Yoast SEO plugin v23.2 - https:\/\/yoast.com\/wordpress\/plugins\/seo\/ -->\n<title>Las 100 frases de Obdulio Jacinto Varela - Padre y Decano - El Sitio del Pueblo<\/title>\n<meta name=\"robots\" content=\"index, follow, max-snippet:-1, max-image-preview:large, max-video-preview:-1\" \/>\n<link rel=\"canonical\" href=\"https:\/\/www.padreydecano.com\/cms\/noticias\/las-100-frases-de-obdulio-jacinto-varela\/\" \/>\n<meta property=\"og:locale\" content=\"es_ES\" \/>\n<meta property=\"og:type\" content=\"article\" \/>\n<meta property=\"og:title\" content=\"Las 100 frases de Obdulio Jacinto Varela - Padre y Decano - El Sitio del Pueblo\" \/>\n<meta property=\"og:description\" content=\"Especial: A 100 a\u00f1os del nacimiento del Negro Jefe, repasamos 100 frases del capit\u00e1n uruguayo y carbonero.\" \/>\n<meta property=\"og:url\" content=\"https:\/\/www.padreydecano.com\/cms\/noticias\/las-100-frases-de-obdulio-jacinto-varela\/\" \/>\n<meta property=\"og:site_name\" content=\"Padre y Decano - El Sitio del Pueblo\" \/>\n<meta property=\"article:published_time\" content=\"2017-09-20T12:54:34+00:00\" \/>\n<meta property=\"article:modified_time\" content=\"2017-09-21T22:22:57+00:00\" \/>\n<meta property=\"og:image\" content=\"https:\/\/www.padreydecano.com\/cms\/wp-content\/uploads\/2017\/09\/obdulio-varela.jpg\" \/>\n\t<meta property=\"og:image:width\" content=\"1240\" \/>\n\t<meta property=\"og:image:height\" content=\"698\" \/>\n\t<meta property=\"og:image:type\" content=\"image\/jpeg\" \/>\n<meta name=\"author\" content=\"Moderador\" \/>\n<meta name=\"twitter:card\" content=\"summary_large_image\" \/>\n<meta name=\"twitter:label1\" content=\"Escrito por\" \/>\n\t<meta name=\"twitter:data1\" content=\"Moderador\" \/>\n\t<meta name=\"twitter:label2\" content=\"Tiempo de lectura\" \/>\n\t<meta name=\"twitter:data2\" content=\"13 minutos\" \/>\n<script type=\"application\/ld+json\" class=\"yoast-schema-graph\">{\"@context\":\"https:\/\/schema.org\",\"@graph\":[{\"@type\":\"Article\",\"@id\":\"https:\/\/www.padreydecano.com\/cms\/noticias\/las-100-frases-de-obdulio-jacinto-varela\/#article\",\"isPartOf\":{\"@id\":\"https:\/\/www.padreydecano.com\/cms\/noticias\/las-100-frases-de-obdulio-jacinto-varela\/\"},\"author\":{\"name\":\"Moderador\",\"@id\":\"https:\/\/www.padreydecano.com\/cms\/#\/schema\/person\/d93e9e537230ae052c194251d9a1def2\"},\"headline\":\"Las 100 frases de Obdulio Jacinto Varela\",\"datePublished\":\"2017-09-20T12:54:34+00:00\",\"dateModified\":\"2017-09-21T22:22:57+00:00\",\"mainEntityOfPage\":{\"@id\":\"https:\/\/www.padreydecano.com\/cms\/noticias\/las-100-frases-de-obdulio-jacinto-varela\/\"},\"wordCount\":2634,\"commentCount\":22,\"publisher\":{\"@id\":\"https:\/\/www.padreydecano.com\/cms\/#organization\"},\"image\":{\"@id\":\"https:\/\/www.padreydecano.com\/cms\/noticias\/las-100-frases-de-obdulio-jacinto-varela\/#primaryimage\"},\"thumbnailUrl\":\"https:\/\/www.padreydecano.com\/cms\/wp-content\/uploads\/2017\/09\/obdulio-varela.jpg\",\"articleSection\":[\"Noticias\"],\"inLanguage\":\"es\",\"potentialAction\":[{\"@type\":\"CommentAction\",\"name\":\"Comment\",\"target\":[\"https:\/\/www.padreydecano.com\/cms\/noticias\/las-100-frases-de-obdulio-jacinto-varela\/#respond\"]}]},{\"@type\":\"WebPage\",\"@id\":\"https:\/\/www.padreydecano.com\/cms\/noticias\/las-100-frases-de-obdulio-jacinto-varela\/\",\"url\":\"https:\/\/www.padreydecano.com\/cms\/noticias\/las-100-frases-de-obdulio-jacinto-varela\/\",\"name\":\"Las 100 frases de Obdulio Jacinto Varela - Padre y Decano - El Sitio del Pueblo\",\"isPartOf\":{\"@id\":\"https:\/\/www.padreydecano.com\/cms\/#website\"},\"primaryImageOfPage\":{\"@id\":\"https:\/\/www.padreydecano.com\/cms\/noticias\/las-100-frases-de-obdulio-jacinto-varela\/#primaryimage\"},\"image\":{\"@id\":\"https:\/\/www.padreydecano.com\/cms\/noticias\/las-100-frases-de-obdulio-jacinto-varela\/#primaryimage\"},\"thumbnailUrl\":\"https:\/\/www.padreydecano.com\/cms\/wp-content\/uploads\/2017\/09\/obdulio-varela.jpg\",\"datePublished\":\"2017-09-20T12:54:34+00:00\",\"dateModified\":\"2017-09-21T22:22:57+00:00\",\"breadcrumb\":{\"@id\":\"https:\/\/www.padreydecano.com\/cms\/noticias\/las-100-frases-de-obdulio-jacinto-varela\/#breadcrumb\"},\"inLanguage\":\"es\",\"potentialAction\":[{\"@type\":\"ReadAction\",\"target\":[\"https:\/\/www.padreydecano.com\/cms\/noticias\/las-100-frases-de-obdulio-jacinto-varela\/\"]}]},{\"@type\":\"ImageObject\",\"inLanguage\":\"es\",\"@id\":\"https:\/\/www.padreydecano.com\/cms\/noticias\/las-100-frases-de-obdulio-jacinto-varela\/#primaryimage\",\"url\":\"https:\/\/www.padreydecano.com\/cms\/wp-content\/uploads\/2017\/09\/obdulio-varela.jpg\",\"contentUrl\":\"https:\/\/www.padreydecano.com\/cms\/wp-content\/uploads\/2017\/09\/obdulio-varela.jpg\",\"width\":1240,\"height\":698},{\"@type\":\"BreadcrumbList\",\"@id\":\"https:\/\/www.padreydecano.com\/cms\/noticias\/las-100-frases-de-obdulio-jacinto-varela\/#breadcrumb\",\"itemListElement\":[{\"@type\":\"ListItem\",\"position\":1,\"name\":\"Portada\",\"item\":\"https:\/\/www.padreydecano.com\/cms\/\"},{\"@type\":\"ListItem\",\"position\":2,\"name\":\"Las 100 frases de Obdulio Jacinto Varela\"}]},{\"@type\":\"WebSite\",\"@id\":\"https:\/\/www.padreydecano.com\/cms\/#website\",\"url\":\"https:\/\/www.padreydecano.com\/cms\/\",\"name\":\"Padre y Decano - El Sitio del Pueblo\",\"description\":\"Club Atl\u00e9tico Pe\u00f1arol\",\"publisher\":{\"@id\":\"https:\/\/www.padreydecano.com\/cms\/#organization\"},\"potentialAction\":[{\"@type\":\"SearchAction\",\"target\":{\"@type\":\"EntryPoint\",\"urlTemplate\":\"https:\/\/www.padreydecano.com\/cms\/?s={search_term_string}\"},\"query-input\":\"required name=search_term_string\"}],\"inLanguage\":\"es\"},{\"@type\":\"Organization\",\"@id\":\"https:\/\/www.padreydecano.com\/cms\/#organization\",\"name\":\"Padre y Decano\",\"url\":\"https:\/\/www.padreydecano.com\/cms\/\",\"logo\":{\"@type\":\"ImageObject\",\"inLanguage\":\"es\",\"@id\":\"https:\/\/www.padreydecano.com\/cms\/#\/schema\/logo\/image\/\",\"url\":\"https:\/\/www.padreydecano.com\/cms\/wp-content\/uploads\/2022\/01\/avatar-square.png\",\"contentUrl\":\"https:\/\/www.padreydecano.com\/cms\/wp-content\/uploads\/2022\/01\/avatar-square.png\",\"width\":1500,\"height\":1500,\"caption\":\"Padre y Decano\"},\"image\":{\"@id\":\"https:\/\/www.padreydecano.com\/cms\/#\/schema\/logo\/image\/\"}},{\"@type\":\"Person\",\"@id\":\"https:\/\/www.padreydecano.com\/cms\/#\/schema\/person\/d93e9e537230ae052c194251d9a1def2\",\"name\":\"Moderador\",\"image\":{\"@type\":\"ImageObject\",\"inLanguage\":\"es\",\"@id\":\"https:\/\/www.padreydecano.com\/cms\/#\/schema\/person\/image\/\",\"url\":\"https:\/\/secure.gravatar.com\/avatar\/2587727bf8a53bd3da4ec49f01bea66e?s=96&d=https%3A%2F%2Fpadreydecano.com%2Fcms%2Fwp-content%2Fthemes%2Fpyd-theme%2Fimg%2Fdefault-avatar.png&r=g\",\"contentUrl\":\"https:\/\/secure.gravatar.com\/avatar\/2587727bf8a53bd3da4ec49f01bea66e?s=96&d=https%3A%2F%2Fpadreydecano.com%2Fcms%2Fwp-content%2Fthemes%2Fpyd-theme%2Fimg%2Fdefault-avatar.png&r=g\",\"caption\":\"Moderador\"}}]}<\/script>\n<!-- \/ Yoast SEO plugin. -->","yoast_head_json":{"title":"Las 100 frases de Obdulio Jacinto Varela - Padre y Decano - El Sitio del Pueblo","robots":{"index":"index","follow":"follow","max-snippet":"max-snippet:-1","max-image-preview":"max-image-preview:large","max-video-preview":"max-video-preview:-1"},"canonical":"https:\/\/www.padreydecano.com\/cms\/noticias\/las-100-frases-de-obdulio-jacinto-varela\/","og_locale":"es_ES","og_type":"article","og_title":"Las 100 frases de Obdulio Jacinto Varela - Padre y Decano - El Sitio del Pueblo","og_description":"Especial: A 100 a\u00f1os del nacimiento del Negro Jefe, repasamos 100 frases del capit\u00e1n uruguayo y carbonero.","og_url":"https:\/\/www.padreydecano.com\/cms\/noticias\/las-100-frases-de-obdulio-jacinto-varela\/","og_site_name":"Padre y Decano - El Sitio del Pueblo","article_published_time":"2017-09-20T12:54:34+00:00","article_modified_time":"2017-09-21T22:22:57+00:00","og_image":[{"width":1240,"height":698,"url":"https:\/\/www.padreydecano.com\/cms\/wp-content\/uploads\/2017\/09\/obdulio-varela.jpg","type":"image\/jpeg"}],"author":"Moderador","twitter_card":"summary_large_image","twitter_misc":{"Escrito por":"Moderador","Tiempo de lectura":"13 minutos"},"schema":{"@context":"https:\/\/schema.org","@graph":[{"@type":"Article","@id":"https:\/\/www.padreydecano.com\/cms\/noticias\/las-100-frases-de-obdulio-jacinto-varela\/#article","isPartOf":{"@id":"https:\/\/www.padreydecano.com\/cms\/noticias\/las-100-frases-de-obdulio-jacinto-varela\/"},"author":{"name":"Moderador","@id":"https:\/\/www.padreydecano.com\/cms\/#\/schema\/person\/d93e9e537230ae052c194251d9a1def2"},"headline":"Las 100 frases de Obdulio Jacinto Varela","datePublished":"2017-09-20T12:54:34+00:00","dateModified":"2017-09-21T22:22:57+00:00","mainEntityOfPage":{"@id":"https:\/\/www.padreydecano.com\/cms\/noticias\/las-100-frases-de-obdulio-jacinto-varela\/"},"wordCount":2634,"commentCount":22,"publisher":{"@id":"https:\/\/www.padreydecano.com\/cms\/#organization"},"image":{"@id":"https:\/\/www.padreydecano.com\/cms\/noticias\/las-100-frases-de-obdulio-jacinto-varela\/#primaryimage"},"thumbnailUrl":"https:\/\/www.padreydecano.com\/cms\/wp-content\/uploads\/2017\/09\/obdulio-varela.jpg","articleSection":["Noticias"],"inLanguage":"es","potentialAction":[{"@type":"CommentAction","name":"Comment","target":["https:\/\/www.padreydecano.com\/cms\/noticias\/las-100-frases-de-obdulio-jacinto-varela\/#respond"]}]},{"@type":"WebPage","@id":"https:\/\/www.padreydecano.com\/cms\/noticias\/las-100-frases-de-obdulio-jacinto-varela\/","url":"https:\/\/www.padreydecano.com\/cms\/noticias\/las-100-frases-de-obdulio-jacinto-varela\/","name":"Las 100 frases de Obdulio Jacinto Varela - Padre y Decano - El Sitio del Pueblo","isPartOf":{"@id":"https:\/\/www.padreydecano.com\/cms\/#website"},"primaryImageOfPage":{"@id":"https:\/\/www.padreydecano.com\/cms\/noticias\/las-100-frases-de-obdulio-jacinto-varela\/#primaryimage"},"image":{"@id":"https:\/\/www.padreydecano.com\/cms\/noticias\/las-100-frases-de-obdulio-jacinto-varela\/#primaryimage"},"thumbnailUrl":"https:\/\/www.padreydecano.com\/cms\/wp-content\/uploads\/2017\/09\/obdulio-varela.jpg","datePublished":"2017-09-20T12:54:34+00:00","dateModified":"2017-09-21T22:22:57+00:00","breadcrumb":{"@id":"https:\/\/www.padreydecano.com\/cms\/noticias\/las-100-frases-de-obdulio-jacinto-varela\/#breadcrumb"},"inLanguage":"es","potentialAction":[{"@type":"ReadAction","target":["https:\/\/www.padreydecano.com\/cms\/noticias\/las-100-frases-de-obdulio-jacinto-varela\/"]}]},{"@type":"ImageObject","inLanguage":"es","@id":"https:\/\/www.padreydecano.com\/cms\/noticias\/las-100-frases-de-obdulio-jacinto-varela\/#primaryimage","url":"https:\/\/www.padreydecano.com\/cms\/wp-content\/uploads\/2017\/09\/obdulio-varela.jpg","contentUrl":"https:\/\/www.padreydecano.com\/cms\/wp-content\/uploads\/2017\/09\/obdulio-varela.jpg","width":1240,"height":698},{"@type":"BreadcrumbList","@id":"https:\/\/www.padreydecano.com\/cms\/noticias\/las-100-frases-de-obdulio-jacinto-varela\/#breadcrumb","itemListElement":[{"@type":"ListItem","position":1,"name":"Portada","item":"https:\/\/www.padreydecano.com\/cms\/"},{"@type":"ListItem","position":2,"name":"Las 100 frases de Obdulio Jacinto Varela"}]},{"@type":"WebSite","@id":"https:\/\/www.padreydecano.com\/cms\/#website","url":"https:\/\/www.padreydecano.com\/cms\/","name":"Padre y Decano - El Sitio del Pueblo","description":"Club Atl\u00e9tico Pe\u00f1arol","publisher":{"@id":"https:\/\/www.padreydecano.com\/cms\/#organization"},"potentialAction":[{"@type":"SearchAction","target":{"@type":"EntryPoint","urlTemplate":"https:\/\/www.padreydecano.com\/cms\/?s={search_term_string}"},"query-input":"required name=search_term_string"}],"inLanguage":"es"},{"@type":"Organization","@id":"https:\/\/www.padreydecano.com\/cms\/#organization","name":"Padre y Decano","url":"https:\/\/www.padreydecano.com\/cms\/","logo":{"@type":"ImageObject","inLanguage":"es","@id":"https:\/\/www.padreydecano.com\/cms\/#\/schema\/logo\/image\/","url":"https:\/\/www.padreydecano.com\/cms\/wp-content\/uploads\/2022\/01\/avatar-square.png","contentUrl":"https:\/\/www.padreydecano.com\/cms\/wp-content\/uploads\/2022\/01\/avatar-square.png","width":1500,"height":1500,"caption":"Padre y Decano"},"image":{"@id":"https:\/\/www.padreydecano.com\/cms\/#\/schema\/logo\/image\/"}},{"@type":"Person","@id":"https:\/\/www.padreydecano.com\/cms\/#\/schema\/person\/d93e9e537230ae052c194251d9a1def2","name":"Moderador","image":{"@type":"ImageObject","inLanguage":"es","@id":"https:\/\/www.padreydecano.com\/cms\/#\/schema\/person\/image\/","url":"https:\/\/secure.gravatar.com\/avatar\/2587727bf8a53bd3da4ec49f01bea66e?s=96&d=https%3A%2F%2Fpadreydecano.com%2Fcms%2Fwp-content%2Fthemes%2Fpyd-theme%2Fimg%2Fdefault-avatar.png&r=g","contentUrl":"https:\/\/secure.gravatar.com\/avatar\/2587727bf8a53bd3da4ec49f01bea66e?s=96&d=https%3A%2F%2Fpadreydecano.com%2Fcms%2Fwp-content%2Fthemes%2Fpyd-theme%2Fimg%2Fdefault-avatar.png&r=g","caption":"Moderador"}}]}},"_links":{"self":[{"href":"https:\/\/www.padreydecano.com\/cms\/wp-json\/wp\/v2\/posts\/64555"}],"collection":[{"href":"https:\/\/www.padreydecano.com\/cms\/wp-json\/wp\/v2\/posts"}],"about":[{"href":"https:\/\/www.padreydecano.com\/cms\/wp-json\/wp\/v2\/types\/post"}],"author":[{"embeddable":true,"href":"https:\/\/www.padreydecano.com\/cms\/wp-json\/wp\/v2\/users\/13"}],"replies":[{"embeddable":true,"href":"https:\/\/www.padreydecano.com\/cms\/wp-json\/wp\/v2\/comments?post=64555"}],"version-history":[{"count":0,"href":"https:\/\/www.padreydecano.com\/cms\/wp-json\/wp\/v2\/posts\/64555\/revisions"}],"wp:featuredmedia":[{"embeddable":true,"href":"https:\/\/www.padreydecano.com\/cms\/wp-json\/wp\/v2\/media\/64556"}],"wp:attachment":[{"href":"https:\/\/www.padreydecano.com\/cms\/wp-json\/wp\/v2\/media?parent=64555"}],"wp:term":[{"taxonomy":"category","embeddable":true,"href":"https:\/\/www.padreydecano.com\/cms\/wp-json\/wp\/v2\/categories?post=64555"},{"taxonomy":"post_tag","embeddable":true,"href":"https:\/\/www.padreydecano.com\/cms\/wp-json\/wp\/v2\/tags?post=64555"}],"curies":[{"name":"wp","href":"https:\/\/api.w.org\/{rel}","templated":true}]}}