{"id":64487,"date":"2017-09-17T18:38:31","date_gmt":"2017-09-17T21:38:31","guid":{"rendered":"http:\/\/www.padreydecano.com\/cms\/?p=64487"},"modified":"2017-09-20T09:54:56","modified_gmt":"2017-09-20T12:54:56","slug":"como-manda-la-historia-gano-penarol","status":"publish","type":"post","link":"https:\/\/www.padreydecano.com\/cms\/partidos\/como-manda-la-historia-gano-penarol\/","title":{"rendered":"Como manda la historia: gan\u00f3 Pe\u00f1arol"},"content":{"rendered":"<p style=\"text-align: justify;\"><a href=\"https:\/\/www.padreydecano.com\/cms\/wp-content\/uploads\/2017\/09\/IMG-20170917-WA0043.jpg\" rel=\"shadowbox[sbpost-64487];player=img;\"><img loading=\"lazy\" decoding=\"async\" class=\"aligncenter size-large wp-image-64490\" src=\"https:\/\/www.padreydecano.com\/cms\/wp-content\/uploads\/2017\/09\/IMG-20170917-WA0043-1024x682.jpg\" alt=\"\" width=\"620\" height=\"413\" srcset=\"https:\/\/www.padreydecano.com\/cms\/wp-content\/uploads\/2017\/09\/IMG-20170917-WA0043-1024x682.jpg 1024w, https:\/\/www.padreydecano.com\/cms\/wp-content\/uploads\/2017\/09\/IMG-20170917-WA0043-600x400.jpg 600w, https:\/\/www.padreydecano.com\/cms\/wp-content\/uploads\/2017\/09\/IMG-20170917-WA0043-768x512.jpg 768w, https:\/\/www.padreydecano.com\/cms\/wp-content\/uploads\/2017\/09\/IMG-20170917-WA0043.jpg 1600w\" sizes=\"(max-width: 620px) 100vw, 620px\" \/><\/a><br \/>\n<strong>Pe\u00f1arol venci\u00f3 2 a 0 al tradicional rival y puso las cosas en su lugar. Con un excepcional Cebolla Rodr\u00edguez, liderando al equipo, el Decano se llev\u00f3 un triunfazo para seguir en lo m\u00e1s alto del Torneo Clausura. C\u00f3mo ser\u00e1 la cosa que ahora hace dos a\u00f1os que Pe\u00f1arol no pierde un cl\u00e1sico oficial.<\/strong><\/p>\n<p style=\"text-align: justify;\">Un partido que tuvo de todo, como generalmente pasa en los cl\u00e1sicos: goles, expulsados, jugadas pol\u00e9micas, penales.<\/p>\n<p style=\"text-align: justify;\"><a href=\"https:\/\/www.padreydecano.com\/cms\/wp-content\/uploads\/2017\/09\/penal-espino.jpg\" rel=\"shadowbox[sbpost-64487];player=img;\"><img loading=\"lazy\" decoding=\"async\" class=\"alignleft wp-image-64496\" src=\"https:\/\/www.padreydecano.com\/cms\/wp-content\/uploads\/2017\/09\/penal-espino-600x400.jpg\" alt=\"\" width=\"330\" height=\"220\" srcset=\"https:\/\/www.padreydecano.com\/cms\/wp-content\/uploads\/2017\/09\/penal-espino-600x400.jpg 600w, https:\/\/www.padreydecano.com\/cms\/wp-content\/uploads\/2017\/09\/penal-espino-768x512.jpg 768w, https:\/\/www.padreydecano.com\/cms\/wp-content\/uploads\/2017\/09\/penal-espino-1024x683.jpg 1024w, https:\/\/www.padreydecano.com\/cms\/wp-content\/uploads\/2017\/09\/penal-espino.jpg 1599w\" sizes=\"(max-width: 330px) 100vw, 330px\" \/><\/a>Christian Ferreyra en una mala tarde, no vio dos penales claros en la primera mitad: un tir\u00f3n de camiseta al Cebolla y una escandalosa mano de Espino. Rogel pudo haberse ido expulsado, cuando evit\u00f3 que Viatri se fuera solo hacia el arco de Conde. Luego, expuls\u00f3 a Estoyanoff y Polenta tras ciertas discusiones en el mediocampo. Abritraje malo nuevamente de Ferreyra.<\/p>\n<p style=\"text-align: justify;\">El aurinegro no exigi\u00f3 demasiado a Conde en la primera mitad, y la m\u00e1s clara la tuvo el rival, con una pelota que le queda servida a Fern\u00e1ndez y la tira por encima del travesa\u00f1o. En el complemento, a pesar de que el Decano domin\u00f3, el rival tuvo las dos m\u00e1s claras: primero una que saca en la l\u00ednea el Cachila y luego un tiro en el palo de Viudez.<\/p>\n<p style=\"text-align: justify;\">No obstante, Pe\u00f1arol nunca se rindi\u00f3 y siempre fue a buscar el triunfo. Llegaba y llegaba pero no hab\u00eda claridad en la definici\u00f3n. Un penal sancionado a Rogel permiti\u00f3 que el Cebolla abriera el marcador y nos pusiera en ventaja. Enorme partido del capit\u00e1n mirasol, demostrando su clase y categor\u00eda, poni\u00e9ndose el equipo al hombro para liderar la victoria.<\/p>\n<p><a href=\"https:\/\/www.padreydecano.com\/cms\/wp-content\/uploads\/2017\/09\/DSC_8707.jpg\" rel=\"shadowbox[sbpost-64487];player=img;\"><img loading=\"lazy\" decoding=\"async\" class=\"aligncenter size-large wp-image-64493\" src=\"https:\/\/www.padreydecano.com\/cms\/wp-content\/uploads\/2017\/09\/DSC_8707-1024x683.jpg\" alt=\"\" width=\"620\" height=\"414\" srcset=\"https:\/\/www.padreydecano.com\/cms\/wp-content\/uploads\/2017\/09\/DSC_8707-1024x683.jpg 1024w, https:\/\/www.padreydecano.com\/cms\/wp-content\/uploads\/2017\/09\/DSC_8707-600x400.jpg 600w, https:\/\/www.padreydecano.com\/cms\/wp-content\/uploads\/2017\/09\/DSC_8707-768x512.jpg 768w, https:\/\/www.padreydecano.com\/cms\/wp-content\/uploads\/2017\/09\/DSC_8707.jpg 1620w\" sizes=\"(max-width: 620px) 100vw, 620px\" \/><\/a><\/p>\n<p style=\"text-align: justify;\">El gol le dio tranquilidad a Pe\u00f1arol, quien supo manejar la ansiedad del rival y tener la pelota para hacer el juego que m\u00e1s conven\u00eda. Un centro desde el sector derecho desemboc\u00f3 en el segundo tanto del juego: la meti\u00f3 Rogel en contra, pero pudo haber sido de Gast\u00f3n, que llegaba en posici\u00f3n inmejorable.<\/p>\n\n\t\t<style type=\"text\/css\">\n\t\t\t#gallery-1 {\n\t\t\t\tmargin: auto;\n\t\t\t}\n\t\t\t#gallery-1 .gallery-item {\n\t\t\t\tfloat: left;\n\t\t\t\tmargin-top: 10px;\n\t\t\t\ttext-align: center;\n\t\t\t\twidth: 33%;\n\t\t\t}\n\t\t\t#gallery-1 img {\n\t\t\t\tborder: 2px solid #cfcfcf;\n\t\t\t}\n\t\t\t#gallery-1 .gallery-caption {\n\t\t\t\tmargin-left: 0;\n\t\t\t}\n\t\t\t\/* see gallery_shortcode() in wp-includes\/media.php *\/\n\t\t<\/style>\n\t\t<div id='gallery-1' class='gallery galleryid-64487 gallery-columns-3 gallery-size-thumbnail'><dl class='gallery-item'>\n\t\t\t<dt class='gallery-icon landscape'>\n\t\t\t\t<a href='https:\/\/www.padreydecano.com\/cms\/wp-content\/uploads\/2017\/09\/DSC_8778.jpg' rel='shadowbox[sbalbum-64487];player=img;'><img loading=\"lazy\" decoding=\"async\" width=\"150\" height=\"150\" src=\"https:\/\/www.padreydecano.com\/cms\/wp-content\/uploads\/2017\/09\/DSC_8778-150x150.jpg\" class=\"attachment-thumbnail size-thumbnail\" alt=\"\" srcset=\"https:\/\/www.padreydecano.com\/cms\/wp-content\/uploads\/2017\/09\/DSC_8778-150x150.jpg 150w, https:\/\/www.padreydecano.com\/cms\/wp-content\/uploads\/2017\/09\/DSC_8778-36x36.jpg 36w\" sizes=\"(max-width: 150px) 100vw, 150px\" \/><\/a>\n\t\t\t<\/dt><\/dl><dl class='gallery-item'>\n\t\t\t<dt class='gallery-icon landscape'>\n\t\t\t\t<a href='https:\/\/www.padreydecano.com\/cms\/wp-content\/uploads\/2017\/09\/IMG-20170917-WA0027.jpg' rel='shadowbox[sbalbum-64487];player=img;'><img loading=\"lazy\" decoding=\"async\" width=\"150\" height=\"150\" src=\"https:\/\/www.padreydecano.com\/cms\/wp-content\/uploads\/2017\/09\/IMG-20170917-WA0027-150x150.jpg\" class=\"attachment-thumbnail size-thumbnail\" alt=\"\" srcset=\"https:\/\/www.padreydecano.com\/cms\/wp-content\/uploads\/2017\/09\/IMG-20170917-WA0027-150x150.jpg 150w, https:\/\/www.padreydecano.com\/cms\/wp-content\/uploads\/2017\/09\/IMG-20170917-WA0027-36x36.jpg 36w\" sizes=\"(max-width: 150px) 100vw, 150px\" \/><\/a>\n\t\t\t<\/dt><\/dl><dl class='gallery-item'>\n\t\t\t<dt class='gallery-icon landscape'>\n\t\t\t\t<a href='https:\/\/www.padreydecano.com\/cms\/wp-content\/uploads\/2017\/09\/DSC_8780.jpg' rel='shadowbox[sbalbum-64487];player=img;'><img loading=\"lazy\" decoding=\"async\" width=\"150\" height=\"150\" src=\"https:\/\/www.padreydecano.com\/cms\/wp-content\/uploads\/2017\/09\/DSC_8780-150x150.jpg\" class=\"attachment-thumbnail size-thumbnail\" alt=\"\" srcset=\"https:\/\/www.padreydecano.com\/cms\/wp-content\/uploads\/2017\/09\/DSC_8780-150x150.jpg 150w, https:\/\/www.padreydecano.com\/cms\/wp-content\/uploads\/2017\/09\/DSC_8780-36x36.jpg 36w\" sizes=\"(max-width: 150px) 100vw, 150px\" \/><\/a>\n\t\t\t<\/dt><\/dl><br style=\"clear: both\" \/>\n\t\t<\/div>\n\n<p style=\"text-align: justify;\">Ya no hab\u00eda tiempo para m\u00e1s. Pe\u00f1arol hac\u00eda lo que quer\u00eda en la cancha, y los de camiseta blanca ve\u00edan pasar la pelota de un lado a otro.<\/p>\n<p style=\"text-align: justify;\">Pe\u00f1arol se llev\u00f3 un triunfazo que lo mantiene en lo m\u00e1s alto de la tabla, adem\u00e1s se acerca cada vez m\u00e1s al segundo puesto de la Anual y contin\u00faa con su objetivo del Torneo Clausura.<\/p>\n<p style=\"text-align: justify;\">Este plantel, que viene atravesando momentos dif\u00edciles en materia econ\u00f3mica, demuestra una adhesi\u00f3n a la causa impresionante. \u00a1Felicidad total!<\/p>\n<p><a href=\"https:\/\/www.padreydecano.com\/cms\/wp-content\/uploads\/2017\/09\/IMG-20170917-WA0030.jpg\" rel=\"shadowbox[sbpost-64487];player=img;\"><img loading=\"lazy\" decoding=\"async\" class=\"aligncenter size-large wp-image-64491\" src=\"https:\/\/www.padreydecano.com\/cms\/wp-content\/uploads\/2017\/09\/IMG-20170917-WA0030-1024x679.jpg\" alt=\"\" width=\"620\" height=\"411\" srcset=\"https:\/\/www.padreydecano.com\/cms\/wp-content\/uploads\/2017\/09\/IMG-20170917-WA0030-1024x679.jpg 1024w, https:\/\/www.padreydecano.com\/cms\/wp-content\/uploads\/2017\/09\/IMG-20170917-WA0030-600x398.jpg 600w, https:\/\/www.padreydecano.com\/cms\/wp-content\/uploads\/2017\/09\/IMG-20170917-WA0030-768x509.jpg 768w, https:\/\/www.padreydecano.com\/cms\/wp-content\/uploads\/2017\/09\/IMG-20170917-WA0030.jpg 1100w\" sizes=\"(max-width: 620px) 100vw, 620px\" \/><\/a><\/p>\n<p style=\"text-align: justify;\"><span style=\"color: #ffcc02;\"><strong>Ficha del partido<\/strong><\/span><\/p>\n<p style=\"text-align: justify;\"><strong>nacional 0:2\u00a0PE\u00d1AROL<\/strong><\/p>\n<p style=\"text-align: justify;\"><strong>Cancha:<\/strong>\u00a0Estadio Centenario.\u00a0<strong>Juez:<\/strong>\u00a0Christian Ferreyra.\u00a0<strong>L\u00edneas:<\/strong>\u00a0Nicol\u00e1s Tar\u00e1n y Robert Muniz.<\/p>\n<p style=\"text-align: justify;\"><strong>NACIONAL:<\/strong>\u00a0Esteban Conde; Jorge Fucile, Agust\u00edn Rogel, Diego Polenta, Alfonso Espino\u00a0(82\u2032 Hugo Silveira), Alvaro Gonz\u00e1lez, Gonzalo Porras, Sebasti\u00e1n Rodr\u00edguez (55\u2032 Gonzalo Bueno), \u00a0Tabar\u00e9 Viudez, Rodrigo Aguirre y Sebasti\u00e1n Fern\u00e1ndez (36\u2032 Alexis Rolin).<strong>\u00a0Director T\u00e9cnico:\u00a0<\/strong>Mart\u00edn Lasarte.<strong>\u00a0Suplentes:\u00a0<\/strong>Luis Mej\u00eda, Mat\u00edas Zunino, Mart\u00edn Lig\u00fcera, Leandro Barcia.<\/p>\n<p style=\"text-align: justify;\"><strong>PE\u00d1AROL:\u00a0<\/strong>Kevin Dawson, Guillermo Varela, Fabricio Formiliano, Ram\u00f3n Arias, Lucas Hern\u00e1ndez; Walter Gargano, Cristian Rodr\u00edguez, Diego Rossi (62\u2032 Gast\u00f3n Rodr\u00edguez), Fabi\u00e1n Estoyanoff, Maximiliano Rodr\u00edguez (81\u2032 Guzm\u00e1n Pereira) y Lucas Viatri (78\u2032 Math\u00edas Corujo).<strong>\u00a0Director T\u00e9cnico:\u00a0<\/strong>Leonardo Ramos.<strong>\u00a0Suplentes:\u00a0<\/strong>Thiago Cardozo, Yeferson Quintana, Marcel Novick, \u00a0Cristian Palacios.<\/p>\n<p style=\"text-align: justify;\"><strong>Goles:<\/strong>\u00a076\u2032 Cristian Rodr\u00edguez, de penal (P) y 84\u2032 Agust\u00edn Rogel en contra (P).<\/p>\n<p style=\"text-align: justify;\"><strong>Tarjetas rojas:<\/strong>\u00a032\u2032 Diego Polenta (N) y Fabi\u00e1n Estoyanoff (P).<\/p>\n<p style=\"text-align: justify;\"><strong>Tarjetas amarillas:<\/strong>\u00a026\u2032 Agust\u00edn Rogel (N), 31\u2032 Ram\u00f3n Arias (P), 38\u2032 Lucas Hern\u00e1ndez (P), 49\u2032 Sebasti\u00e1n Rodr\u00edguez (N), 58\u2032 Alvaro Gonz\u00e1lez (N), 71\u2032 Rodrigo Aguirre (N), 77\u2032 Cristian Rodr\u00edguez (P).<\/p>\n","protected":false},"excerpt":{"rendered":"<p>El aurinegro derrot\u00f3 2-0 al tradicional adversario y sigue en lo m\u00e1s alto del Clausura. <\/p>\n","protected":false},"author":13,"featured_media":64499,"comment_status":"open","ping_status":"closed","sticky":false,"template":"","format":"standard","meta":{"footnotes":""},"categories":[13],"tags":[318],"yoast_head":"<!-- This site is optimized with the Yoast SEO plugin v23.2 - https:\/\/yoast.com\/wordpress\/plugins\/seo\/ -->\n<title>Como manda la historia: gan\u00f3 Pe\u00f1arol - Padre y Decano - El Sitio del Pueblo<\/title>\n<meta name=\"robots\" content=\"index, follow, max-snippet:-1, max-image-preview:large, max-video-preview:-1\" \/>\n<link rel=\"canonical\" href=\"https:\/\/www.padreydecano.com\/cms\/partidos\/como-manda-la-historia-gano-penarol\/\" \/>\n<meta property=\"og:locale\" content=\"es_ES\" \/>\n<meta property=\"og:type\" content=\"article\" \/>\n<meta property=\"og:title\" content=\"Como manda la historia: gan\u00f3 Pe\u00f1arol - Padre y Decano - El Sitio del Pueblo\" \/>\n<meta property=\"og:description\" content=\"El aurinegro derrot\u00f3 2-0 al tradicional adversario y sigue en lo m\u00e1s alto del Clausura.\" \/>\n<meta property=\"og:url\" content=\"https:\/\/www.padreydecano.com\/cms\/partidos\/como-manda-la-historia-gano-penarol\/\" \/>\n<meta property=\"og:site_name\" content=\"Padre y Decano - El Sitio del Pueblo\" \/>\n<meta property=\"article:published_time\" content=\"2017-09-17T21:38:31+00:00\" \/>\n<meta property=\"article:modified_time\" content=\"2017-09-20T12:54:56+00:00\" \/>\n<meta property=\"og:image\" content=\"https:\/\/www.padreydecano.com\/cms\/wp-content\/uploads\/2017\/09\/Cebolla-festejo-cl\u00e1sico.jpeg\" \/>\n\t<meta property=\"og:image:width\" content=\"1600\" \/>\n\t<meta property=\"og:image:height\" content=\"1066\" \/>\n\t<meta property=\"og:image:type\" content=\"image\/jpeg\" \/>\n<meta name=\"author\" content=\"Moderador\" \/>\n<meta name=\"twitter:card\" content=\"summary_large_image\" \/>\n<meta name=\"twitter:label1\" content=\"Escrito por\" \/>\n\t<meta name=\"twitter:data1\" content=\"Moderador\" \/>\n\t<meta name=\"twitter:label2\" content=\"Tiempo de lectura\" \/>\n\t<meta name=\"twitter:data2\" content=\"3 minutos\" \/>\n<script type=\"application\/ld+json\" class=\"yoast-schema-graph\">{\"@context\":\"https:\/\/schema.org\",\"@graph\":[{\"@type\":\"Article\",\"@id\":\"https:\/\/www.padreydecano.com\/cms\/partidos\/como-manda-la-historia-gano-penarol\/#article\",\"isPartOf\":{\"@id\":\"https:\/\/www.padreydecano.com\/cms\/partidos\/como-manda-la-historia-gano-penarol\/\"},\"author\":{\"name\":\"Moderador\",\"@id\":\"https:\/\/www.padreydecano.com\/cms\/#\/schema\/person\/d93e9e537230ae052c194251d9a1def2\"},\"headline\":\"Como manda la historia: gan\u00f3 Pe\u00f1arol\",\"datePublished\":\"2017-09-17T21:38:31+00:00\",\"dateModified\":\"2017-09-20T12:54:56+00:00\",\"mainEntityOfPage\":{\"@id\":\"https:\/\/www.padreydecano.com\/cms\/partidos\/como-manda-la-historia-gano-penarol\/\"},\"wordCount\":628,\"commentCount\":91,\"publisher\":{\"@id\":\"https:\/\/www.padreydecano.com\/cms\/#organization\"},\"image\":{\"@id\":\"https:\/\/www.padreydecano.com\/cms\/partidos\/como-manda-la-historia-gano-penarol\/#primaryimage\"},\"thumbnailUrl\":\"https:\/\/www.padreydecano.com\/cms\/wp-content\/uploads\/2017\/09\/Cebolla-festejo-cl\u00e1sico.jpeg\",\"keywords\":[\"Torneo Clausura 2017\"],\"articleSection\":[\"Partidos\"],\"inLanguage\":\"es\",\"potentialAction\":[{\"@type\":\"CommentAction\",\"name\":\"Comment\",\"target\":[\"https:\/\/www.padreydecano.com\/cms\/partidos\/como-manda-la-historia-gano-penarol\/#respond\"]}]},{\"@type\":\"WebPage\",\"@id\":\"https:\/\/www.padreydecano.com\/cms\/partidos\/como-manda-la-historia-gano-penarol\/\",\"url\":\"https:\/\/www.padreydecano.com\/cms\/partidos\/como-manda-la-historia-gano-penarol\/\",\"name\":\"Como manda la historia: gan\u00f3 Pe\u00f1arol - Padre y Decano - El Sitio del Pueblo\",\"isPartOf\":{\"@id\":\"https:\/\/www.padreydecano.com\/cms\/#website\"},\"primaryImageOfPage\":{\"@id\":\"https:\/\/www.padreydecano.com\/cms\/partidos\/como-manda-la-historia-gano-penarol\/#primaryimage\"},\"image\":{\"@id\":\"https:\/\/www.padreydecano.com\/cms\/partidos\/como-manda-la-historia-gano-penarol\/#primaryimage\"},\"thumbnailUrl\":\"https:\/\/www.padreydecano.com\/cms\/wp-content\/uploads\/2017\/09\/Cebolla-festejo-cl\u00e1sico.jpeg\",\"datePublished\":\"2017-09-17T21:38:31+00:00\",\"dateModified\":\"2017-09-20T12:54:56+00:00\",\"breadcrumb\":{\"@id\":\"https:\/\/www.padreydecano.com\/cms\/partidos\/como-manda-la-historia-gano-penarol\/#breadcrumb\"},\"inLanguage\":\"es\",\"potentialAction\":[{\"@type\":\"ReadAction\",\"target\":[\"https:\/\/www.padreydecano.com\/cms\/partidos\/como-manda-la-historia-gano-penarol\/\"]}]},{\"@type\":\"ImageObject\",\"inLanguage\":\"es\",\"@id\":\"https:\/\/www.padreydecano.com\/cms\/partidos\/como-manda-la-historia-gano-penarol\/#primaryimage\",\"url\":\"https:\/\/www.padreydecano.com\/cms\/wp-content\/uploads\/2017\/09\/Cebolla-festejo-cl\u00e1sico.jpeg\",\"contentUrl\":\"https:\/\/www.padreydecano.com\/cms\/wp-content\/uploads\/2017\/09\/Cebolla-festejo-cl\u00e1sico.jpeg\",\"width\":1600,\"height\":1066},{\"@type\":\"BreadcrumbList\",\"@id\":\"https:\/\/www.padreydecano.com\/cms\/partidos\/como-manda-la-historia-gano-penarol\/#breadcrumb\",\"itemListElement\":[{\"@type\":\"ListItem\",\"position\":1,\"name\":\"Portada\",\"item\":\"https:\/\/www.padreydecano.com\/cms\/\"},{\"@type\":\"ListItem\",\"position\":2,\"name\":\"Como manda la historia: gan\u00f3 Pe\u00f1arol\"}]},{\"@type\":\"WebSite\",\"@id\":\"https:\/\/www.padreydecano.com\/cms\/#website\",\"url\":\"https:\/\/www.padreydecano.com\/cms\/\",\"name\":\"Padre y Decano - El Sitio del Pueblo\",\"description\":\"Club Atl\u00e9tico Pe\u00f1arol\",\"publisher\":{\"@id\":\"https:\/\/www.padreydecano.com\/cms\/#organization\"},\"potentialAction\":[{\"@type\":\"SearchAction\",\"target\":{\"@type\":\"EntryPoint\",\"urlTemplate\":\"https:\/\/www.padreydecano.com\/cms\/?s={search_term_string}\"},\"query-input\":\"required name=search_term_string\"}],\"inLanguage\":\"es\"},{\"@type\":\"Organization\",\"@id\":\"https:\/\/www.padreydecano.com\/cms\/#organization\",\"name\":\"Padre y Decano\",\"url\":\"https:\/\/www.padreydecano.com\/cms\/\",\"logo\":{\"@type\":\"ImageObject\",\"inLanguage\":\"es\",\"@id\":\"https:\/\/www.padreydecano.com\/cms\/#\/schema\/logo\/image\/\",\"url\":\"https:\/\/www.padreydecano.com\/cms\/wp-content\/uploads\/2022\/01\/avatar-square.png\",\"contentUrl\":\"https:\/\/www.padreydecano.com\/cms\/wp-content\/uploads\/2022\/01\/avatar-square.png\",\"width\":1500,\"height\":1500,\"caption\":\"Padre y Decano\"},\"image\":{\"@id\":\"https:\/\/www.padreydecano.com\/cms\/#\/schema\/logo\/image\/\"}},{\"@type\":\"Person\",\"@id\":\"https:\/\/www.padreydecano.com\/cms\/#\/schema\/person\/d93e9e537230ae052c194251d9a1def2\",\"name\":\"Moderador\",\"image\":{\"@type\":\"ImageObject\",\"inLanguage\":\"es\",\"@id\":\"https:\/\/www.padreydecano.com\/cms\/#\/schema\/person\/image\/\",\"url\":\"https:\/\/secure.gravatar.com\/avatar\/2587727bf8a53bd3da4ec49f01bea66e?s=96&d=https%3A%2F%2Fpadreydecano.com%2Fcms%2Fwp-content%2Fthemes%2Fpyd-theme%2Fimg%2Fdefault-avatar.png&r=g\",\"contentUrl\":\"https:\/\/secure.gravatar.com\/avatar\/2587727bf8a53bd3da4ec49f01bea66e?s=96&d=https%3A%2F%2Fpadreydecano.com%2Fcms%2Fwp-content%2Fthemes%2Fpyd-theme%2Fimg%2Fdefault-avatar.png&r=g\",\"caption\":\"Moderador\"}}]}<\/script>\n<!-- \/ Yoast SEO plugin. -->","yoast_head_json":{"title":"Como manda la historia: gan\u00f3 Pe\u00f1arol - Padre y Decano - El Sitio del Pueblo","robots":{"index":"index","follow":"follow","max-snippet":"max-snippet:-1","max-image-preview":"max-image-preview:large","max-video-preview":"max-video-preview:-1"},"canonical":"https:\/\/www.padreydecano.com\/cms\/partidos\/como-manda-la-historia-gano-penarol\/","og_locale":"es_ES","og_type":"article","og_title":"Como manda la historia: gan\u00f3 Pe\u00f1arol - Padre y Decano - El Sitio del Pueblo","og_description":"El aurinegro derrot\u00f3 2-0 al tradicional adversario y sigue en lo m\u00e1s alto del Clausura.","og_url":"https:\/\/www.padreydecano.com\/cms\/partidos\/como-manda-la-historia-gano-penarol\/","og_site_name":"Padre y Decano - El Sitio del Pueblo","article_published_time":"2017-09-17T21:38:31+00:00","article_modified_time":"2017-09-20T12:54:56+00:00","og_image":[{"width":1600,"height":1066,"url":"https:\/\/www.padreydecano.com\/cms\/wp-content\/uploads\/2017\/09\/Cebolla-festejo-cl\u00e1sico.jpeg","type":"image\/jpeg"}],"author":"Moderador","twitter_card":"summary_large_image","twitter_misc":{"Escrito por":"Moderador","Tiempo de lectura":"3 minutos"},"schema":{"@context":"https:\/\/schema.org","@graph":[{"@type":"Article","@id":"https:\/\/www.padreydecano.com\/cms\/partidos\/como-manda-la-historia-gano-penarol\/#article","isPartOf":{"@id":"https:\/\/www.padreydecano.com\/cms\/partidos\/como-manda-la-historia-gano-penarol\/"},"author":{"name":"Moderador","@id":"https:\/\/www.padreydecano.com\/cms\/#\/schema\/person\/d93e9e537230ae052c194251d9a1def2"},"headline":"Como manda la historia: gan\u00f3 Pe\u00f1arol","datePublished":"2017-09-17T21:38:31+00:00","dateModified":"2017-09-20T12:54:56+00:00","mainEntityOfPage":{"@id":"https:\/\/www.padreydecano.com\/cms\/partidos\/como-manda-la-historia-gano-penarol\/"},"wordCount":628,"commentCount":91,"publisher":{"@id":"https:\/\/www.padreydecano.com\/cms\/#organization"},"image":{"@id":"https:\/\/www.padreydecano.com\/cms\/partidos\/como-manda-la-historia-gano-penarol\/#primaryimage"},"thumbnailUrl":"https:\/\/www.padreydecano.com\/cms\/wp-content\/uploads\/2017\/09\/Cebolla-festejo-cl\u00e1sico.jpeg","keywords":["Torneo Clausura 2017"],"articleSection":["Partidos"],"inLanguage":"es","potentialAction":[{"@type":"CommentAction","name":"Comment","target":["https:\/\/www.padreydecano.com\/cms\/partidos\/como-manda-la-historia-gano-penarol\/#respond"]}]},{"@type":"WebPage","@id":"https:\/\/www.padreydecano.com\/cms\/partidos\/como-manda-la-historia-gano-penarol\/","url":"https:\/\/www.padreydecano.com\/cms\/partidos\/como-manda-la-historia-gano-penarol\/","name":"Como manda la historia: gan\u00f3 Pe\u00f1arol - Padre y Decano - El Sitio del Pueblo","isPartOf":{"@id":"https:\/\/www.padreydecano.com\/cms\/#website"},"primaryImageOfPage":{"@id":"https:\/\/www.padreydecano.com\/cms\/partidos\/como-manda-la-historia-gano-penarol\/#primaryimage"},"image":{"@id":"https:\/\/www.padreydecano.com\/cms\/partidos\/como-manda-la-historia-gano-penarol\/#primaryimage"},"thumbnailUrl":"https:\/\/www.padreydecano.com\/cms\/wp-content\/uploads\/2017\/09\/Cebolla-festejo-cl\u00e1sico.jpeg","datePublished":"2017-09-17T21:38:31+00:00","dateModified":"2017-09-20T12:54:56+00:00","breadcrumb":{"@id":"https:\/\/www.padreydecano.com\/cms\/partidos\/como-manda-la-historia-gano-penarol\/#breadcrumb"},"inLanguage":"es","potentialAction":[{"@type":"ReadAction","target":["https:\/\/www.padreydecano.com\/cms\/partidos\/como-manda-la-historia-gano-penarol\/"]}]},{"@type":"ImageObject","inLanguage":"es","@id":"https:\/\/www.padreydecano.com\/cms\/partidos\/como-manda-la-historia-gano-penarol\/#primaryimage","url":"https:\/\/www.padreydecano.com\/cms\/wp-content\/uploads\/2017\/09\/Cebolla-festejo-cl\u00e1sico.jpeg","contentUrl":"https:\/\/www.padreydecano.com\/cms\/wp-content\/uploads\/2017\/09\/Cebolla-festejo-cl\u00e1sico.jpeg","width":1600,"height":1066},{"@type":"BreadcrumbList","@id":"https:\/\/www.padreydecano.com\/cms\/partidos\/como-manda-la-historia-gano-penarol\/#breadcrumb","itemListElement":[{"@type":"ListItem","position":1,"name":"Portada","item":"https:\/\/www.padreydecano.com\/cms\/"},{"@type":"ListItem","position":2,"name":"Como manda la historia: gan\u00f3 Pe\u00f1arol"}]},{"@type":"WebSite","@id":"https:\/\/www.padreydecano.com\/cms\/#website","url":"https:\/\/www.padreydecano.com\/cms\/","name":"Padre y Decano - El Sitio del Pueblo","description":"Club Atl\u00e9tico Pe\u00f1arol","publisher":{"@id":"https:\/\/www.padreydecano.com\/cms\/#organization"},"potentialAction":[{"@type":"SearchAction","target":{"@type":"EntryPoint","urlTemplate":"https:\/\/www.padreydecano.com\/cms\/?s={search_term_string}"},"query-input":"required name=search_term_string"}],"inLanguage":"es"},{"@type":"Organization","@id":"https:\/\/www.padreydecano.com\/cms\/#organization","name":"Padre y Decano","url":"https:\/\/www.padreydecano.com\/cms\/","logo":{"@type":"ImageObject","inLanguage":"es","@id":"https:\/\/www.padreydecano.com\/cms\/#\/schema\/logo\/image\/","url":"https:\/\/www.padreydecano.com\/cms\/wp-content\/uploads\/2022\/01\/avatar-square.png","contentUrl":"https:\/\/www.padreydecano.com\/cms\/wp-content\/uploads\/2022\/01\/avatar-square.png","width":1500,"height":1500,"caption":"Padre y Decano"},"image":{"@id":"https:\/\/www.padreydecano.com\/cms\/#\/schema\/logo\/image\/"}},{"@type":"Person","@id":"https:\/\/www.padreydecano.com\/cms\/#\/schema\/person\/d93e9e537230ae052c194251d9a1def2","name":"Moderador","image":{"@type":"ImageObject","inLanguage":"es","@id":"https:\/\/www.padreydecano.com\/cms\/#\/schema\/person\/image\/","url":"https:\/\/secure.gravatar.com\/avatar\/2587727bf8a53bd3da4ec49f01bea66e?s=96&d=https%3A%2F%2Fpadreydecano.com%2Fcms%2Fwp-content%2Fthemes%2Fpyd-theme%2Fimg%2Fdefault-avatar.png&r=g","contentUrl":"https:\/\/secure.gravatar.com\/avatar\/2587727bf8a53bd3da4ec49f01bea66e?s=96&d=https%3A%2F%2Fpadreydecano.com%2Fcms%2Fwp-content%2Fthemes%2Fpyd-theme%2Fimg%2Fdefault-avatar.png&r=g","caption":"Moderador"}}]}},"_links":{"self":[{"href":"https:\/\/www.padreydecano.com\/cms\/wp-json\/wp\/v2\/posts\/64487"}],"collection":[{"href":"https:\/\/www.padreydecano.com\/cms\/wp-json\/wp\/v2\/posts"}],"about":[{"href":"https:\/\/www.padreydecano.com\/cms\/wp-json\/wp\/v2\/types\/post"}],"author":[{"embeddable":true,"href":"https:\/\/www.padreydecano.com\/cms\/wp-json\/wp\/v2\/users\/13"}],"replies":[{"embeddable":true,"href":"https:\/\/www.padreydecano.com\/cms\/wp-json\/wp\/v2\/comments?post=64487"}],"version-history":[{"count":0,"href":"https:\/\/www.padreydecano.com\/cms\/wp-json\/wp\/v2\/posts\/64487\/revisions"}],"wp:featuredmedia":[{"embeddable":true,"href":"https:\/\/www.padreydecano.com\/cms\/wp-json\/wp\/v2\/media\/64499"}],"wp:attachment":[{"href":"https:\/\/www.padreydecano.com\/cms\/wp-json\/wp\/v2\/media?parent=64487"}],"wp:term":[{"taxonomy":"category","embeddable":true,"href":"https:\/\/www.padreydecano.com\/cms\/wp-json\/wp\/v2\/categories?post=64487"},{"taxonomy":"post_tag","embeddable":true,"href":"https:\/\/www.padreydecano.com\/cms\/wp-json\/wp\/v2\/tags?post=64487"}],"curies":[{"name":"wp","href":"https:\/\/api.w.org\/{rel}","templated":true}]}}