{"id":64421,"date":"2017-09-12T11:33:55","date_gmt":"2017-09-12T14:33:55","guid":{"rendered":"http:\/\/www.padreydecano.com\/cms\/?p=64421"},"modified":"2017-09-13T12:45:25","modified_gmt":"2017-09-13T15:45:25","slug":"buen-ambiente-en-los-aromos","status":"publish","type":"post","link":"https:\/\/www.padreydecano.com\/cms\/los-aromos\/buen-ambiente-en-los-aromos\/","title":{"rendered":"Buen ambiente en Los Aromos"},"content":{"rendered":"<p><a href=\"https:\/\/www.padreydecano.com\/cms\/wp-content\/uploads\/2017\/09\/Guzm\u00e1n-Cachila-y-Hern\u00e1ndez.jpg\" rel=\"shadowbox[sbpost-64421];player=img;\"><img loading=\"lazy\" decoding=\"async\" class=\"aligncenter size-full wp-image-64422\" src=\"https:\/\/www.padreydecano.com\/cms\/wp-content\/uploads\/2017\/09\/Guzm\u00e1n-Cachila-y-Hern\u00e1ndez.jpg\" alt=\"\" width=\"900\" height=\"600\" srcset=\"https:\/\/www.padreydecano.com\/cms\/wp-content\/uploads\/2017\/09\/Guzm\u00e1n-Cachila-y-Hern\u00e1ndez.jpg 900w, https:\/\/www.padreydecano.com\/cms\/wp-content\/uploads\/2017\/09\/Guzm\u00e1n-Cachila-y-Hern\u00e1ndez-600x400.jpg 600w, https:\/\/www.padreydecano.com\/cms\/wp-content\/uploads\/2017\/09\/Guzm\u00e1n-Cachila-y-Hern\u00e1ndez-768x512.jpg 768w\" sizes=\"(max-width: 900px) 100vw, 900px\" \/><\/a><\/p>\n<p style=\"text-align: justify;\"><strong>Pe\u00f1arol comenz\u00f3 los trabajos de cara al trascendental cl\u00e1sico del pr\u00f3ximo fin de semana. Walter Gargano trabaj\u00f3 diferenciado pero ser\u00e1 titular el domingo.<\/strong><\/p>\n<p style=\"text-align: justify;\">\u00abEs la semana que todos estamos esperando\u00bb, confes\u00f3 Fabi\u00e1n Estoyanoff en el Complejo Washington Cataldi. Es que el plantel aurinegro sabe que ha aprontado de la mejor forma el partido ante el tradicional rival.<\/p>\n<p style=\"text-align: justify;\">En sanidad, Walter Gargano (contractura soleo), \u00c1lex Silva (desgarro), Gast\u00f3n Guruceaga (contractura lumbar) trabajaron diferenciado. El arquero artiguense y el Mota estar\u00e1n a la orden para la contienda cl\u00e1sica.<\/p>\n<p style=\"text-align: justify;\">Se hicieron trabajos f\u00edsicos por estaciones. M\u00e1s all\u00e1 del respeto al rival, hay un mesurado optimismo en las fuerzas del plantel. Lucas Hern\u00e1ndez volver\u00e1 a ser titular en lugar de Fabi\u00e1n P\u00edriz, y Cristian Rodr\u00edguez entrar\u00e1 por el pibe Diego Rossi.<\/p>\n<p style=\"text-align: justify;\">El probable equipo del domingo tendr\u00e1 a <strong>Kevin Dawson;<\/strong> <strong>Guillermo Varela, Fabricio Formiliano, Ram\u00f3n Arias, Lucas Hern\u00e1ndez; Fabi\u00e1n Estoyanoff, Walter Gargano, Guzm\u00e1n Pereira, Cristian Rodr\u00edguez; Maximiliano Rodr\u00edguez y Lucas Viatri.<\/strong><\/p>\n<p style=\"text-align: right;\">Escrito por <a href=\"http:\/\/twitter.com\/wilsonmendez86\">Wilson M\u00e9ndez<\/a><\/p>\n","protected":false},"excerpt":{"rendered":"<p>Pe\u00f1arol comenz\u00f3 los trabajos de cara al trascendental cl\u00e1sico del pr\u00f3ximo fin de semana. Walter Gargano trabaj\u00f3 diferenciado pero ser\u00e1 titular el domingo. \u00abEs la semana que todos estamos esperando\u00bb, confes\u00f3 Fabi\u00e1n Estoyanoff en el Complejo Washington Cataldi. Es que el plantel aurinegro sabe que ha aprontado de la mejor forma el partido ante el [&hellip;]<\/p>\n","protected":false},"author":13,"featured_media":0,"comment_status":"open","ping_status":"closed","sticky":false,"template":"","format":"standard","meta":{"footnotes":""},"categories":[7],"tags":[],"yoast_head":"<!-- This site is optimized with the Yoast SEO plugin v23.2 - https:\/\/yoast.com\/wordpress\/plugins\/seo\/ -->\n<title>Buen ambiente en Los Aromos - Padre y Decano - El Sitio del Pueblo<\/title>\n<meta name=\"robots\" content=\"index, follow, max-snippet:-1, max-image-preview:large, max-video-preview:-1\" \/>\n<link rel=\"canonical\" href=\"https:\/\/www.padreydecano.com\/cms\/los-aromos\/buen-ambiente-en-los-aromos\/\" \/>\n<meta property=\"og:locale\" content=\"es_ES\" \/>\n<meta property=\"og:type\" content=\"article\" \/>\n<meta property=\"og:title\" content=\"Buen ambiente en Los Aromos - Padre y Decano - El Sitio del Pueblo\" \/>\n<meta property=\"og:description\" content=\"Pe\u00f1arol comenz\u00f3 los trabajos de cara al trascendental cl\u00e1sico del pr\u00f3ximo fin de semana. Walter Gargano trabaj\u00f3 diferenciado pero ser\u00e1 titular el domingo. \u00abEs la semana que todos estamos esperando\u00bb, confes\u00f3 Fabi\u00e1n Estoyanoff en el Complejo Washington Cataldi. Es que el plantel aurinegro sabe que ha aprontado de la mejor forma el partido ante el [&hellip;]\" \/>\n<meta property=\"og:url\" content=\"https:\/\/www.padreydecano.com\/cms\/los-aromos\/buen-ambiente-en-los-aromos\/\" \/>\n<meta property=\"og:site_name\" content=\"Padre y Decano - El Sitio del Pueblo\" \/>\n<meta property=\"article:published_time\" content=\"2017-09-12T14:33:55+00:00\" \/>\n<meta property=\"article:modified_time\" content=\"2017-09-13T15:45:25+00:00\" \/>\n<meta property=\"og:image\" content=\"http:\/\/www.padreydecano.com\/cms\/wp-content\/uploads\/2017\/09\/Guzm\u00e1n-Cachila-y-Hern\u00e1ndez.jpg\" \/>\n<meta name=\"author\" content=\"Moderador\" \/>\n<meta name=\"twitter:card\" content=\"summary_large_image\" \/>\n<meta name=\"twitter:label1\" content=\"Escrito por\" \/>\n\t<meta name=\"twitter:data1\" content=\"Moderador\" \/>\n\t<meta name=\"twitter:label2\" content=\"Tiempo de lectura\" \/>\n\t<meta name=\"twitter:data2\" content=\"1 minuto\" \/>\n<script type=\"application\/ld+json\" class=\"yoast-schema-graph\">{\"@context\":\"https:\/\/schema.org\",\"@graph\":[{\"@type\":\"Article\",\"@id\":\"https:\/\/www.padreydecano.com\/cms\/los-aromos\/buen-ambiente-en-los-aromos\/#article\",\"isPartOf\":{\"@id\":\"https:\/\/www.padreydecano.com\/cms\/los-aromos\/buen-ambiente-en-los-aromos\/\"},\"author\":{\"name\":\"Moderador\",\"@id\":\"https:\/\/www.padreydecano.com\/cms\/#\/schema\/person\/d93e9e537230ae052c194251d9a1def2\"},\"headline\":\"Buen ambiente en Los Aromos\",\"datePublished\":\"2017-09-12T14:33:55+00:00\",\"dateModified\":\"2017-09-13T15:45:25+00:00\",\"mainEntityOfPage\":{\"@id\":\"https:\/\/www.padreydecano.com\/cms\/los-aromos\/buen-ambiente-en-los-aromos\/\"},\"wordCount\":186,\"commentCount\":22,\"publisher\":{\"@id\":\"https:\/\/www.padreydecano.com\/cms\/#organization\"},\"articleSection\":[\"Los Aromos\"],\"inLanguage\":\"es\",\"potentialAction\":[{\"@type\":\"CommentAction\",\"name\":\"Comment\",\"target\":[\"https:\/\/www.padreydecano.com\/cms\/los-aromos\/buen-ambiente-en-los-aromos\/#respond\"]}]},{\"@type\":\"WebPage\",\"@id\":\"https:\/\/www.padreydecano.com\/cms\/los-aromos\/buen-ambiente-en-los-aromos\/\",\"url\":\"https:\/\/www.padreydecano.com\/cms\/los-aromos\/buen-ambiente-en-los-aromos\/\",\"name\":\"Buen ambiente en Los Aromos - Padre y Decano - El Sitio del Pueblo\",\"isPartOf\":{\"@id\":\"https:\/\/www.padreydecano.com\/cms\/#website\"},\"datePublished\":\"2017-09-12T14:33:55+00:00\",\"dateModified\":\"2017-09-13T15:45:25+00:00\",\"breadcrumb\":{\"@id\":\"https:\/\/www.padreydecano.com\/cms\/los-aromos\/buen-ambiente-en-los-aromos\/#breadcrumb\"},\"inLanguage\":\"es\",\"potentialAction\":[{\"@type\":\"ReadAction\",\"target\":[\"https:\/\/www.padreydecano.com\/cms\/los-aromos\/buen-ambiente-en-los-aromos\/\"]}]},{\"@type\":\"BreadcrumbList\",\"@id\":\"https:\/\/www.padreydecano.com\/cms\/los-aromos\/buen-ambiente-en-los-aromos\/#breadcrumb\",\"itemListElement\":[{\"@type\":\"ListItem\",\"position\":1,\"name\":\"Portada\",\"item\":\"https:\/\/www.padreydecano.com\/cms\/\"},{\"@type\":\"ListItem\",\"position\":2,\"name\":\"Buen ambiente en Los Aromos\"}]},{\"@type\":\"WebSite\",\"@id\":\"https:\/\/www.padreydecano.com\/cms\/#website\",\"url\":\"https:\/\/www.padreydecano.com\/cms\/\",\"name\":\"Padre y Decano - El Sitio del Pueblo\",\"description\":\"Club Atl\u00e9tico Pe\u00f1arol\",\"publisher\":{\"@id\":\"https:\/\/www.padreydecano.com\/cms\/#organization\"},\"potentialAction\":[{\"@type\":\"SearchAction\",\"target\":{\"@type\":\"EntryPoint\",\"urlTemplate\":\"https:\/\/www.padreydecano.com\/cms\/?s={search_term_string}\"},\"query-input\":\"required name=search_term_string\"}],\"inLanguage\":\"es\"},{\"@type\":\"Organization\",\"@id\":\"https:\/\/www.padreydecano.com\/cms\/#organization\",\"name\":\"Padre y Decano\",\"url\":\"https:\/\/www.padreydecano.com\/cms\/\",\"logo\":{\"@type\":\"ImageObject\",\"inLanguage\":\"es\",\"@id\":\"https:\/\/www.padreydecano.com\/cms\/#\/schema\/logo\/image\/\",\"url\":\"https:\/\/www.padreydecano.com\/cms\/wp-content\/uploads\/2022\/01\/avatar-square.png\",\"contentUrl\":\"https:\/\/www.padreydecano.com\/cms\/wp-content\/uploads\/2022\/01\/avatar-square.png\",\"width\":1500,\"height\":1500,\"caption\":\"Padre y Decano\"},\"image\":{\"@id\":\"https:\/\/www.padreydecano.com\/cms\/#\/schema\/logo\/image\/\"}},{\"@type\":\"Person\",\"@id\":\"https:\/\/www.padreydecano.com\/cms\/#\/schema\/person\/d93e9e537230ae052c194251d9a1def2\",\"name\":\"Moderador\",\"image\":{\"@type\":\"ImageObject\",\"inLanguage\":\"es\",\"@id\":\"https:\/\/www.padreydecano.com\/cms\/#\/schema\/person\/image\/\",\"url\":\"https:\/\/secure.gravatar.com\/avatar\/2587727bf8a53bd3da4ec49f01bea66e?s=96&d=https%3A%2F%2Fpadreydecano.com%2Fcms%2Fwp-content%2Fthemes%2Fpyd-theme%2Fimg%2Fdefault-avatar.png&r=g\",\"contentUrl\":\"https:\/\/secure.gravatar.com\/avatar\/2587727bf8a53bd3da4ec49f01bea66e?s=96&d=https%3A%2F%2Fpadreydecano.com%2Fcms%2Fwp-content%2Fthemes%2Fpyd-theme%2Fimg%2Fdefault-avatar.png&r=g\",\"caption\":\"Moderador\"}}]}<\/script>\n<!-- \/ Yoast SEO plugin. -->","yoast_head_json":{"title":"Buen ambiente en Los Aromos - Padre y Decano - El Sitio del Pueblo","robots":{"index":"index","follow":"follow","max-snippet":"max-snippet:-1","max-image-preview":"max-image-preview:large","max-video-preview":"max-video-preview:-1"},"canonical":"https:\/\/www.padreydecano.com\/cms\/los-aromos\/buen-ambiente-en-los-aromos\/","og_locale":"es_ES","og_type":"article","og_title":"Buen ambiente en Los Aromos - Padre y Decano - El Sitio del Pueblo","og_description":"Pe\u00f1arol comenz\u00f3 los trabajos de cara al trascendental cl\u00e1sico del pr\u00f3ximo fin de semana. Walter Gargano trabaj\u00f3 diferenciado pero ser\u00e1 titular el domingo. \u00abEs la semana que todos estamos esperando\u00bb, confes\u00f3 Fabi\u00e1n Estoyanoff en el Complejo Washington Cataldi. Es que el plantel aurinegro sabe que ha aprontado de la mejor forma el partido ante el [&hellip;]","og_url":"https:\/\/www.padreydecano.com\/cms\/los-aromos\/buen-ambiente-en-los-aromos\/","og_site_name":"Padre y Decano - El Sitio del Pueblo","article_published_time":"2017-09-12T14:33:55+00:00","article_modified_time":"2017-09-13T15:45:25+00:00","og_image":[{"url":"http:\/\/www.padreydecano.com\/cms\/wp-content\/uploads\/2017\/09\/Guzm\u00e1n-Cachila-y-Hern\u00e1ndez.jpg"}],"author":"Moderador","twitter_card":"summary_large_image","twitter_misc":{"Escrito por":"Moderador","Tiempo de lectura":"1 minuto"},"schema":{"@context":"https:\/\/schema.org","@graph":[{"@type":"Article","@id":"https:\/\/www.padreydecano.com\/cms\/los-aromos\/buen-ambiente-en-los-aromos\/#article","isPartOf":{"@id":"https:\/\/www.padreydecano.com\/cms\/los-aromos\/buen-ambiente-en-los-aromos\/"},"author":{"name":"Moderador","@id":"https:\/\/www.padreydecano.com\/cms\/#\/schema\/person\/d93e9e537230ae052c194251d9a1def2"},"headline":"Buen ambiente en Los Aromos","datePublished":"2017-09-12T14:33:55+00:00","dateModified":"2017-09-13T15:45:25+00:00","mainEntityOfPage":{"@id":"https:\/\/www.padreydecano.com\/cms\/los-aromos\/buen-ambiente-en-los-aromos\/"},"wordCount":186,"commentCount":22,"publisher":{"@id":"https:\/\/www.padreydecano.com\/cms\/#organization"},"articleSection":["Los Aromos"],"inLanguage":"es","potentialAction":[{"@type":"CommentAction","name":"Comment","target":["https:\/\/www.padreydecano.com\/cms\/los-aromos\/buen-ambiente-en-los-aromos\/#respond"]}]},{"@type":"WebPage","@id":"https:\/\/www.padreydecano.com\/cms\/los-aromos\/buen-ambiente-en-los-aromos\/","url":"https:\/\/www.padreydecano.com\/cms\/los-aromos\/buen-ambiente-en-los-aromos\/","name":"Buen ambiente en Los Aromos - Padre y Decano - El Sitio del Pueblo","isPartOf":{"@id":"https:\/\/www.padreydecano.com\/cms\/#website"},"datePublished":"2017-09-12T14:33:55+00:00","dateModified":"2017-09-13T15:45:25+00:00","breadcrumb":{"@id":"https:\/\/www.padreydecano.com\/cms\/los-aromos\/buen-ambiente-en-los-aromos\/#breadcrumb"},"inLanguage":"es","potentialAction":[{"@type":"ReadAction","target":["https:\/\/www.padreydecano.com\/cms\/los-aromos\/buen-ambiente-en-los-aromos\/"]}]},{"@type":"BreadcrumbList","@id":"https:\/\/www.padreydecano.com\/cms\/los-aromos\/buen-ambiente-en-los-aromos\/#breadcrumb","itemListElement":[{"@type":"ListItem","position":1,"name":"Portada","item":"https:\/\/www.padreydecano.com\/cms\/"},{"@type":"ListItem","position":2,"name":"Buen ambiente en Los Aromos"}]},{"@type":"WebSite","@id":"https:\/\/www.padreydecano.com\/cms\/#website","url":"https:\/\/www.padreydecano.com\/cms\/","name":"Padre y Decano - El Sitio del Pueblo","description":"Club Atl\u00e9tico Pe\u00f1arol","publisher":{"@id":"https:\/\/www.padreydecano.com\/cms\/#organization"},"potentialAction":[{"@type":"SearchAction","target":{"@type":"EntryPoint","urlTemplate":"https:\/\/www.padreydecano.com\/cms\/?s={search_term_string}"},"query-input":"required name=search_term_string"}],"inLanguage":"es"},{"@type":"Organization","@id":"https:\/\/www.padreydecano.com\/cms\/#organization","name":"Padre y Decano","url":"https:\/\/www.padreydecano.com\/cms\/","logo":{"@type":"ImageObject","inLanguage":"es","@id":"https:\/\/www.padreydecano.com\/cms\/#\/schema\/logo\/image\/","url":"https:\/\/www.padreydecano.com\/cms\/wp-content\/uploads\/2022\/01\/avatar-square.png","contentUrl":"https:\/\/www.padreydecano.com\/cms\/wp-content\/uploads\/2022\/01\/avatar-square.png","width":1500,"height":1500,"caption":"Padre y Decano"},"image":{"@id":"https:\/\/www.padreydecano.com\/cms\/#\/schema\/logo\/image\/"}},{"@type":"Person","@id":"https:\/\/www.padreydecano.com\/cms\/#\/schema\/person\/d93e9e537230ae052c194251d9a1def2","name":"Moderador","image":{"@type":"ImageObject","inLanguage":"es","@id":"https:\/\/www.padreydecano.com\/cms\/#\/schema\/person\/image\/","url":"https:\/\/secure.gravatar.com\/avatar\/2587727bf8a53bd3da4ec49f01bea66e?s=96&d=https%3A%2F%2Fpadreydecano.com%2Fcms%2Fwp-content%2Fthemes%2Fpyd-theme%2Fimg%2Fdefault-avatar.png&r=g","contentUrl":"https:\/\/secure.gravatar.com\/avatar\/2587727bf8a53bd3da4ec49f01bea66e?s=96&d=https%3A%2F%2Fpadreydecano.com%2Fcms%2Fwp-content%2Fthemes%2Fpyd-theme%2Fimg%2Fdefault-avatar.png&r=g","caption":"Moderador"}}]}},"_links":{"self":[{"href":"https:\/\/www.padreydecano.com\/cms\/wp-json\/wp\/v2\/posts\/64421"}],"collection":[{"href":"https:\/\/www.padreydecano.com\/cms\/wp-json\/wp\/v2\/posts"}],"about":[{"href":"https:\/\/www.padreydecano.com\/cms\/wp-json\/wp\/v2\/types\/post"}],"author":[{"embeddable":true,"href":"https:\/\/www.padreydecano.com\/cms\/wp-json\/wp\/v2\/users\/13"}],"replies":[{"embeddable":true,"href":"https:\/\/www.padreydecano.com\/cms\/wp-json\/wp\/v2\/comments?post=64421"}],"version-history":[{"count":0,"href":"https:\/\/www.padreydecano.com\/cms\/wp-json\/wp\/v2\/posts\/64421\/revisions"}],"wp:attachment":[{"href":"https:\/\/www.padreydecano.com\/cms\/wp-json\/wp\/v2\/media?parent=64421"}],"wp:term":[{"taxonomy":"category","embeddable":true,"href":"https:\/\/www.padreydecano.com\/cms\/wp-json\/wp\/v2\/categories?post=64421"},{"taxonomy":"post_tag","embeddable":true,"href":"https:\/\/www.padreydecano.com\/cms\/wp-json\/wp\/v2\/tags?post=64421"}],"curies":[{"name":"wp","href":"https:\/\/api.w.org\/{rel}","templated":true}]}}