{"id":64316,"date":"2017-09-05T18:21:02","date_gmt":"2017-09-05T21:21:02","guid":{"rendered":"http:\/\/www.padreydecano.com\/cms\/?p=64316"},"modified":"2017-09-07T10:50:50","modified_gmt":"2017-09-07T13:50:50","slug":"fede-valverde-desde-septima-a-debutar-con-la-seleccion","status":"publish","type":"post","link":"https:\/\/www.padreydecano.com\/cms\/noticias\/fede-valverde-desde-septima-a-debutar-con-la-seleccion\/","title":{"rendered":"Fede Valverde: Desde S\u00e9ptima a debutar con la Selecci\u00f3n"},"content":{"rendered":"<p><a href=\"https:\/\/www.padreydecano.com\/cms\/wp-content\/uploads\/2017\/09\/Valverde-selecci\u00f3n-uruguaya.jpg\" rel=\"shadowbox[sbpost-64316];player=img;\"><img loading=\"lazy\" decoding=\"async\" class=\"aligncenter size-full wp-image-64325\" src=\"https:\/\/www.padreydecano.com\/cms\/wp-content\/uploads\/2017\/09\/Valverde-selecci\u00f3n-uruguaya.jpg\" alt=\"\" width=\"795\" height=\"539\" srcset=\"https:\/\/www.padreydecano.com\/cms\/wp-content\/uploads\/2017\/09\/Valverde-selecci\u00f3n-uruguaya.jpg 795w, https:\/\/www.padreydecano.com\/cms\/wp-content\/uploads\/2017\/09\/Valverde-selecci\u00f3n-uruguaya-600x407.jpg 600w, https:\/\/www.padreydecano.com\/cms\/wp-content\/uploads\/2017\/09\/Valverde-selecci\u00f3n-uruguaya-768x521.jpg 768w\" sizes=\"(max-width: 795px) 100vw, 795px\" \/><\/a><\/p>\n<p style=\"text-align: justify;\">Federico Valverde ser\u00e1 titular en el encuentro de esta noche ante Paraguay en Asunci\u00f3n, por la decimosexta fecha de las Eliminatorias rumbo a Rusia 2018.<\/p>\n<p style=\"text-align: justify;\">Desde su ingreso a las formativas de Pe\u00f1arol, su carrera no ha hecho m\u00e1s que crecer a pasos agigantados. El pibe que a los 12 a\u00f1os daba sus primeros pasos en pres\u00e9ptima, hoy va a ser parte del once inicial que eligi\u00f3 el \u2018Maestro\u2019 \u00d3scar Washington Tab\u00e1rez, en busca de la clasificaci\u00f3n al pr\u00f3ximo Mundial (que puede llegar a concretarse en esta misma jornada).<\/p>\n<p style=\"text-align: justify;\">Es un jugador que no ha parado de recibir elogios (por m\u00e9ritos propios) de parte de grandes jugadores. Pablo Bengoechea (DT que lo hizo debutar) se refiri\u00f3 a \u00e9l diciendo: \u201cNunca vi a un jugador de 16 a\u00f1os con tantas virtudes\u201d. Jos\u00e9 \u2018Chueco\u2019 Perdomo tambi\u00e9n le dedico unas palabras: \u201cValverde es un jugador t\u00e9cnico, de gran pegada, muy buen pibe, con visi\u00f3n de juego \u00fanica, como el Pato Aguilera\u201d.<\/p>\n<p style=\"text-align: justify;\"><strong><span style=\"color: #ffcc00;\">Formativas:\u00a0<\/span><\/strong>En 2012 form\u00f3 parte de la Sub 14 convirtiendo 8 goles y sin lograr ning\u00fan t\u00edtulo. En 2013 comenz\u00f3 su racha de t\u00edtulos ganando el Campeonato Uruguayo con Sub 15 (lo consigui\u00f3 dos veces m\u00e1s en Sub 16 y Sub 17).<\/p>\n<p style=\"text-align: justify;\"><a href=\"https:\/\/www.padreydecano.com\/cms\/wp-content\/uploads\/2015\/06\/federico-valverde-penarol-foto-mariano-alvez2.jpg\" rel=\"shadowbox[sbpost-64316];player=img;\"><img loading=\"lazy\" decoding=\"async\" class=\"aligncenter size-full wp-image-53366\" src=\"https:\/\/www.padreydecano.com\/cms\/wp-content\/uploads\/2015\/06\/federico-valverde-penarol-foto-mariano-alvez2.jpg\" alt=\"\" width=\"900\" height=\"596\" srcset=\"https:\/\/www.padreydecano.com\/cms\/wp-content\/uploads\/2015\/06\/federico-valverde-penarol-foto-mariano-alvez2.jpg 900w, https:\/\/www.padreydecano.com\/cms\/wp-content\/uploads\/2015\/06\/federico-valverde-penarol-foto-mariano-alvez2-300x199.jpg 300w\" sizes=\"(max-width: 900px) 100vw, 900px\" \/><\/a><br \/>\nComparti\u00f3 plantel con jugadores como Diego Rossi (actualmente en primera), Santiago Bueno (parte de \u2018La Mas\u00eda\u2019 del F\u00fatbol Club Barcelona), Fabi\u00e1n P\u00edriz (primera) y Franco Mart\u00ednez (primera).<\/p>\n<p style=\"text-align: justify;\"><span style=\"color: #ffcc00;\"><strong>Debut:<\/strong><\/span> El 23 de julio de 2016 debut\u00f3 en Pe\u00f1arol. Ingres\u00f3 a los 60 minutos, sustituyendo a Hern\u00e1n Novick, en un amistoso ante Cruzeiro de R\u00edo Grande do Sul, en el Atilio Paiva Olivera del departamento de Rivera (el encuentro finaliz\u00f3 con victoria aurinegra 3-1).<\/p>\n<p><a href=\"https:\/\/www.padreydecano.com\/cms\/wp-content\/uploads\/2017\/09\/penarol-cruzeiro-en-rivera-01-mariano-alveza.jpg\" rel=\"shadowbox[sbpost-64316];player=img;\"><img loading=\"lazy\" decoding=\"async\" class=\"aligncenter size-full wp-image-64327\" src=\"https:\/\/www.padreydecano.com\/cms\/wp-content\/uploads\/2017\/09\/penarol-cruzeiro-en-rivera-01-mariano-alveza.jpg\" alt=\"\" width=\"900\" height=\"598\" srcset=\"https:\/\/www.padreydecano.com\/cms\/wp-content\/uploads\/2017\/09\/penarol-cruzeiro-en-rivera-01-mariano-alveza.jpg 900w, https:\/\/www.padreydecano.com\/cms\/wp-content\/uploads\/2017\/09\/penarol-cruzeiro-en-rivera-01-mariano-alveza-600x399.jpg 600w, https:\/\/www.padreydecano.com\/cms\/wp-content\/uploads\/2017\/09\/penarol-cruzeiro-en-rivera-01-mariano-alveza-768x510.jpg 768w\" sizes=\"(max-width: 900px) 100vw, 900px\" \/><\/a><\/p>\n<p style=\"text-align: justify;\">Su primera titularidad fue en la presentaci\u00f3n de Diego Forl\u00e1n, ante Wanderers, el 9 de agosto del mismo a\u00f1o. Jug\u00f3 hasta los 64\u2019 cuando fue sustituido por Sebasti\u00e1n P\u00edriz. El debut oficial lleg\u00f3 en la primera fecha del Torneo Apertura 2015\/16, fue victoria aurinegra por 3-0 ante Cerro (goles de Diogo Silvestre, Luis Aguiar y Nicol\u00e1s Correa en contra, tras un centro de Nahitan N\u00e1ndez).<\/p>\n<p style=\"text-align: justify;\">La primera participaci\u00f3n internacional fue por la \u00faltima fecha de la fase de grupos de la Copa Libertadores 2016. Con Pe\u00f1arol ya eliminado, Jorge \u2018Polilla\u2019 Da Siva, par\u00f3 un once titular alterno al que ven\u00eda jugando, con Federico en cancha. El carbonero se llev\u00f3 el encuentro por 4-3, con una asistencia de Valverde.<\/p>\n<p><a href=\"https:\/\/www.padreydecano.com\/cms\/wp-content\/uploads\/2017\/09\/pe\u00f1arol-sporting-cristall-copa-libertadores-2016-mariano-alvez-04.jpg\" rel=\"shadowbox[sbpost-64316];player=img;\"><img loading=\"lazy\" decoding=\"async\" class=\"aligncenter size-full wp-image-64319\" src=\"https:\/\/www.padreydecano.com\/cms\/wp-content\/uploads\/2017\/09\/pe\u00f1arol-sporting-cristall-copa-libertadores-2016-mariano-alvez-04.jpg\" alt=\"\" width=\"900\" height=\"596\" srcset=\"https:\/\/www.padreydecano.com\/cms\/wp-content\/uploads\/2017\/09\/pe\u00f1arol-sporting-cristall-copa-libertadores-2016-mariano-alvez-04.jpg 900w, https:\/\/www.padreydecano.com\/cms\/wp-content\/uploads\/2017\/09\/pe\u00f1arol-sporting-cristall-copa-libertadores-2016-mariano-alvez-04-600x397.jpg 600w, https:\/\/www.padreydecano.com\/cms\/wp-content\/uploads\/2017\/09\/pe\u00f1arol-sporting-cristall-copa-libertadores-2016-mariano-alvez-04-768x509.jpg 768w\" sizes=\"(max-width: 900px) 100vw, 900px\" \/><\/a><\/p>\n<p style=\"text-align: justify;\"><span style=\"color: #ffcc00;\"><strong>Uruguayo 2015-2016:<\/strong><\/span> Tras ganar el Torneo Apertura con Bengoechea como entrenador, el manya se asegur\u00f3 un lugar en la definici\u00f3n del Campeonato Uruguayo 2015\/16, y al ganar la Tabla Anual con el \u2018Polilla\u2019, corr\u00eda con la ventaja de tan solo ganar un partido para alzarse con el t\u00edtulo.<\/p>\n<p style=\"text-align: justify;\">La final fue ante Plaza Colonia (Campe\u00f3n del Clausura) en el Estadio Centenario. El \u2018pajarito\u2019 fue titular y jug\u00f3 los 90 minutos del encuentro m\u00e1s todo el alargue. Pe\u00f1arol se consagr\u00f3 Campe\u00f3n Uruguayo tras vencer al patablanca 3-1, con goles de Diego Rossi, Maximiliano Olivera y Mauricio Affonso.<\/p>\n<p style=\"text-align: justify;\"><a href=\"https:\/\/www.padreydecano.com\/cms\/wp-content\/uploads\/2017\/09\/Valverde-campe\u00f3n-uruguayo.jpg\" rel=\"shadowbox[sbpost-64316];player=img;\"><img loading=\"lazy\" decoding=\"async\" class=\"aligncenter size-large wp-image-64320\" src=\"https:\/\/www.padreydecano.com\/cms\/wp-content\/uploads\/2017\/09\/Valverde-campe\u00f3n-uruguayo-969x1024.jpg\" alt=\"\" width=\"620\" height=\"655\" srcset=\"https:\/\/www.padreydecano.com\/cms\/wp-content\/uploads\/2017\/09\/Valverde-campe\u00f3n-uruguayo-969x1024.jpg 969w, https:\/\/www.padreydecano.com\/cms\/wp-content\/uploads\/2017\/09\/Valverde-campe\u00f3n-uruguayo-568x600.jpg 568w, https:\/\/www.padreydecano.com\/cms\/wp-content\/uploads\/2017\/09\/Valverde-campe\u00f3n-uruguayo-768x811.jpg 768w, https:\/\/www.padreydecano.com\/cms\/wp-content\/uploads\/2017\/09\/Valverde-campe\u00f3n-uruguayo.jpg 1136w\" sizes=\"(max-width: 620px) 100vw, 620px\" \/><\/a><br \/>\n<span style=\"color: #ffcc00;\"><strong>Real Madrid:<\/strong><\/span> El 28 de Julio firm\u00f3 contrato con el Real Madrid (fue comprado por 5 millones de euros) y comenz\u00f3 a entrenar con el Castilla (filial del club merengue). El 31 de agosto entren\u00f3 por primera vez con el plantel principal del Madrid (junto a jugadores de la talla de Cristiano Ronaldo, Luka Modric, Sergio Ramos, etc).<\/p>\n<p><a href=\"https:\/\/www.padreydecano.com\/cms\/wp-content\/uploads\/2017\/09\/20d0e1-valverde.jpg\" rel=\"shadowbox[sbpost-64316];player=img;\"><img loading=\"lazy\" decoding=\"async\" class=\"aligncenter size-large wp-image-64321\" src=\"https:\/\/www.padreydecano.com\/cms\/wp-content\/uploads\/2017\/09\/20d0e1-valverde-1024x814.jpg\" alt=\"\" width=\"620\" height=\"493\" srcset=\"https:\/\/www.padreydecano.com\/cms\/wp-content\/uploads\/2017\/09\/20d0e1-valverde-1024x814.jpg 1024w, https:\/\/www.padreydecano.com\/cms\/wp-content\/uploads\/2017\/09\/20d0e1-valverde-600x477.jpg 600w, https:\/\/www.padreydecano.com\/cms\/wp-content\/uploads\/2017\/09\/20d0e1-valverde-768x610.jpg 768w, https:\/\/www.padreydecano.com\/cms\/wp-content\/uploads\/2017\/09\/20d0e1-valverde.jpg 1199w\" sizes=\"(max-width: 620px) 100vw, 620px\" \/><\/a><\/p>\n<p style=\"text-align: justify;\">Su debut oficial en el filial fue ante Real Uni\u00f3n por la Segunda B (tercera divisi\u00f3n del f\u00fatbol espa\u00f1ol) y se gan\u00f3 su primera aparici\u00f3n en el once inicial ante el Amorebieta (jug\u00f3 con la \u201810\u2019 y anot\u00f3 un gol). Fue titular indiscutido para Santiago Solari (DT del Castilla) quien se refiri\u00f3 a el como un \u201cmagn\u00edfico jugador\u201d que \u201csiempre genera un gran f\u00fatbol en el centro del campo\u201d.<\/p>\n<p style=\"text-align: justify;\"><span style=\"color: #ffcc00;\"><strong>Deportivo La Coru\u00f1a:<\/strong><\/span> \u201cCreo que nos lo ha pedido el Deportivo y es una buena idea que vaya a La Coru\u00f1a\u201d, fue lo que dijo Florentino P\u00e9rez (Presidente madridista) con respecto a su fichaje por los blanquiazles. El 23 de Junio de 2017, el d\u00e9por hizo oficial la incorporaci\u00f3n del mediocampista uruguayo.<\/p>\n<p style=\"text-align: justify;\"><a href=\"https:\/\/www.padreydecano.com\/cms\/wp-content\/uploads\/2017\/09\/Valverde-Depor.jpg\" rel=\"shadowbox[sbpost-64316];player=img;\"><img loading=\"lazy\" decoding=\"async\" class=\"aligncenter size-full wp-image-64322\" src=\"https:\/\/www.padreydecano.com\/cms\/wp-content\/uploads\/2017\/09\/Valverde-Depor.jpg\" alt=\"\" width=\"915\" height=\"566\" srcset=\"https:\/\/www.padreydecano.com\/cms\/wp-content\/uploads\/2017\/09\/Valverde-Depor.jpg 915w, https:\/\/www.padreydecano.com\/cms\/wp-content\/uploads\/2017\/09\/Valverde-Depor-600x371.jpg 600w, https:\/\/www.padreydecano.com\/cms\/wp-content\/uploads\/2017\/09\/Valverde-Depor-768x475.jpg 768w\" sizes=\"(max-width: 915px) 100vw, 915px\" \/><\/a><\/p>\n<p style=\"text-align: justify;\"><span style=\"color: #ffcc00;\"><strong>Selecciones juveniles:<\/strong><\/span> Form\u00f3 parte de los planteles de Sub 15, 16, 17 y 20. Su convocatoria llego gracias a la recomendaci\u00f3n de N\u00e9stor \u2018Tito\u2019 Gonc\u00e1lvez. Sus mejores participaciones fueron en el Campeonato Sudamericano Sub 15 de 2013 (donde jug\u00f3 8 partidos y convirti\u00f3 7 goles, siendo de los valores m\u00e1s altos del plantel) y en la reciente Copa Mundial de la FIFA Sub 20, disputada en los meses de mayo y junio (jugando todos los partidos del certamen y siendo galardonado con el Bal\u00f3n de Plata al segundo mejor jugador del torneo).<\/p>\n<p><a href=\"https:\/\/www.padreydecano.com\/cms\/wp-content\/uploads\/2017\/09\/615892.jpg\" rel=\"shadowbox[sbpost-64316];player=img;\"><img loading=\"lazy\" decoding=\"async\" class=\"aligncenter size-full wp-image-64323\" src=\"https:\/\/www.padreydecano.com\/cms\/wp-content\/uploads\/2017\/09\/615892.jpg\" alt=\"\" width=\"933\" height=\"894\" srcset=\"https:\/\/www.padreydecano.com\/cms\/wp-content\/uploads\/2017\/09\/615892.jpg 933w, https:\/\/www.padreydecano.com\/cms\/wp-content\/uploads\/2017\/09\/615892-600x575.jpg 600w, https:\/\/www.padreydecano.com\/cms\/wp-content\/uploads\/2017\/09\/615892-768x736.jpg 768w\" sizes=\"(max-width: 933px) 100vw, 933px\" \/><\/a><\/p>\n<p style=\"text-align: justify;\"><strong><span style=\"color: #ffcc00;\">Selecci\u00f3n absoluta:<\/span><\/strong> El 12 de agosto Tab\u00e1rez sorprendi\u00f3 a todos citando por primera vez al \u2018pajarito\u2019 en la lista de convocados (del exterior), para la doble fecha ante Argentina y Paraguay. El 24 del mismo mes se confirm\u00f3 su integraci\u00f3n en la lista oficial de la celeste.<\/p>\n<p><a href=\"https:\/\/www.padreydecano.com\/cms\/wp-content\/uploads\/2017\/09\/Valverde-complejo-celeste.jpg\" rel=\"shadowbox[sbpost-64316];player=img;\"><img loading=\"lazy\" decoding=\"async\" class=\"aligncenter size-full wp-image-64324\" src=\"https:\/\/www.padreydecano.com\/cms\/wp-content\/uploads\/2017\/09\/Valverde-complejo-celeste.jpg\" alt=\"\" width=\"620\" height=\"400\" srcset=\"https:\/\/www.padreydecano.com\/cms\/wp-content\/uploads\/2017\/09\/Valverde-complejo-celeste.jpg 620w, https:\/\/www.padreydecano.com\/cms\/wp-content\/uploads\/2017\/09\/Valverde-complejo-celeste-600x387.jpg 600w\" sizes=\"(max-width: 620px) 100vw, 620px\" \/><\/a><\/p>\n<p style=\"text-align: justify;\">Estuvo presente en el banco de suplentes en el empate sin goles ante Argentina la semana pasada y hoy tendr\u00e1 su primera participaci\u00f3n con la mayor, nada menos que de titular (junto con Nahitan N\u00e1ndez y el \u2018Cebolla\u2019 Rodr\u00edguez). Uruguay formar\u00e1 con: Fernando Muslera; Maximiliano Pereira, Jos\u00e9 Mar\u00eda Gim\u00e9nez, Diego God\u00edn (C), Mart\u00edn C\u00e1ceres; Nahitan N\u00e1ndez, Federico Valverde, Mat\u00edas Vecino, Cristian Rodr\u00edguez; Edinson Cavani y Luis Su\u00e1rez.<\/p>\n<p><strong>ACTUALIZACI\u00d3N:<\/strong><\/p>\n<p>Finalmente debut\u00f3, la rompi\u00f3 y marc\u00f3 el gol de la victoria. El 05\/09\/2017 comenz\u00f3 la \u00abEra Valverde\u00bb.<\/p>\n","protected":false},"excerpt":{"rendered":"<p>Federico Valverde ser\u00e1 titular en el encuentro de esta noche ante Paraguay en Asunci\u00f3n, por la decimosexta fecha de las Eliminatorias rumbo a Rusia 2018. Desde su ingreso a las formativas de Pe\u00f1arol, su carrera no ha hecho m\u00e1s que crecer a pasos agigantados. El pibe que a los 12 a\u00f1os daba sus primeros pasos [&hellip;]<\/p>\n","protected":false},"author":10,"featured_media":64325,"comment_status":"open","ping_status":"closed","sticky":false,"template":"","format":"standard","meta":{"footnotes":""},"categories":[1],"tags":[],"yoast_head":"<!-- This site is optimized with the Yoast SEO plugin v23.2 - https:\/\/yoast.com\/wordpress\/plugins\/seo\/ -->\n<title>Fede Valverde: Desde S\u00e9ptima a debutar con la Selecci\u00f3n - Padre y Decano - El Sitio del Pueblo<\/title>\n<meta name=\"robots\" content=\"index, follow, max-snippet:-1, max-image-preview:large, max-video-preview:-1\" \/>\n<link rel=\"canonical\" href=\"https:\/\/www.padreydecano.com\/cms\/noticias\/fede-valverde-desde-septima-a-debutar-con-la-seleccion\/\" \/>\n<meta property=\"og:locale\" content=\"es_ES\" \/>\n<meta property=\"og:type\" content=\"article\" \/>\n<meta property=\"og:title\" content=\"Fede Valverde: Desde S\u00e9ptima a debutar con la Selecci\u00f3n - Padre y Decano - El Sitio del Pueblo\" \/>\n<meta property=\"og:description\" content=\"Federico Valverde ser\u00e1 titular en el encuentro de esta noche ante Paraguay en Asunci\u00f3n, por la decimosexta fecha de las Eliminatorias rumbo a Rusia 2018. Desde su ingreso a las formativas de Pe\u00f1arol, su carrera no ha hecho m\u00e1s que crecer a pasos agigantados. El pibe que a los 12 a\u00f1os daba sus primeros pasos [&hellip;]\" \/>\n<meta property=\"og:url\" content=\"https:\/\/www.padreydecano.com\/cms\/noticias\/fede-valverde-desde-septima-a-debutar-con-la-seleccion\/\" \/>\n<meta property=\"og:site_name\" content=\"Padre y Decano - El Sitio del Pueblo\" \/>\n<meta property=\"article:published_time\" content=\"2017-09-05T21:21:02+00:00\" \/>\n<meta property=\"article:modified_time\" content=\"2017-09-07T13:50:50+00:00\" \/>\n<meta property=\"og:image\" content=\"https:\/\/www.padreydecano.com\/cms\/wp-content\/uploads\/2017\/09\/Valverde-selecci\u00f3n-uruguaya.jpg\" \/>\n\t<meta property=\"og:image:width\" content=\"795\" \/>\n\t<meta property=\"og:image:height\" content=\"539\" \/>\n\t<meta property=\"og:image:type\" content=\"image\/jpeg\" \/>\n<meta name=\"author\" content=\"fishoapyd\" \/>\n<meta name=\"twitter:card\" content=\"summary_large_image\" \/>\n<meta name=\"twitter:label1\" content=\"Escrito por\" \/>\n\t<meta name=\"twitter:data1\" content=\"fishoapyd\" \/>\n\t<meta name=\"twitter:label2\" content=\"Tiempo de lectura\" \/>\n\t<meta name=\"twitter:data2\" content=\"5 minutos\" \/>\n<script type=\"application\/ld+json\" class=\"yoast-schema-graph\">{\"@context\":\"https:\/\/schema.org\",\"@graph\":[{\"@type\":\"Article\",\"@id\":\"https:\/\/www.padreydecano.com\/cms\/noticias\/fede-valverde-desde-septima-a-debutar-con-la-seleccion\/#article\",\"isPartOf\":{\"@id\":\"https:\/\/www.padreydecano.com\/cms\/noticias\/fede-valverde-desde-septima-a-debutar-con-la-seleccion\/\"},\"author\":{\"name\":\"fishoapyd\",\"@id\":\"https:\/\/www.padreydecano.com\/cms\/#\/schema\/person\/1376f1ec91158cca7aeef6d2109f929d\"},\"headline\":\"Fede Valverde: Desde S\u00e9ptima a debutar con la Selecci\u00f3n\",\"datePublished\":\"2017-09-05T21:21:02+00:00\",\"dateModified\":\"2017-09-07T13:50:50+00:00\",\"mainEntityOfPage\":{\"@id\":\"https:\/\/www.padreydecano.com\/cms\/noticias\/fede-valverde-desde-septima-a-debutar-con-la-seleccion\/\"},\"wordCount\":938,\"commentCount\":32,\"publisher\":{\"@id\":\"https:\/\/www.padreydecano.com\/cms\/#organization\"},\"image\":{\"@id\":\"https:\/\/www.padreydecano.com\/cms\/noticias\/fede-valverde-desde-septima-a-debutar-con-la-seleccion\/#primaryimage\"},\"thumbnailUrl\":\"https:\/\/www.padreydecano.com\/cms\/wp-content\/uploads\/2017\/09\/Valverde-selecci\u00f3n-uruguaya.jpg\",\"articleSection\":[\"Noticias\"],\"inLanguage\":\"es\",\"potentialAction\":[{\"@type\":\"CommentAction\",\"name\":\"Comment\",\"target\":[\"https:\/\/www.padreydecano.com\/cms\/noticias\/fede-valverde-desde-septima-a-debutar-con-la-seleccion\/#respond\"]}]},{\"@type\":\"WebPage\",\"@id\":\"https:\/\/www.padreydecano.com\/cms\/noticias\/fede-valverde-desde-septima-a-debutar-con-la-seleccion\/\",\"url\":\"https:\/\/www.padreydecano.com\/cms\/noticias\/fede-valverde-desde-septima-a-debutar-con-la-seleccion\/\",\"name\":\"Fede Valverde: Desde S\u00e9ptima a debutar con la Selecci\u00f3n - Padre y Decano - El Sitio del Pueblo\",\"isPartOf\":{\"@id\":\"https:\/\/www.padreydecano.com\/cms\/#website\"},\"primaryImageOfPage\":{\"@id\":\"https:\/\/www.padreydecano.com\/cms\/noticias\/fede-valverde-desde-septima-a-debutar-con-la-seleccion\/#primaryimage\"},\"image\":{\"@id\":\"https:\/\/www.padreydecano.com\/cms\/noticias\/fede-valverde-desde-septima-a-debutar-con-la-seleccion\/#primaryimage\"},\"thumbnailUrl\":\"https:\/\/www.padreydecano.com\/cms\/wp-content\/uploads\/2017\/09\/Valverde-selecci\u00f3n-uruguaya.jpg\",\"datePublished\":\"2017-09-05T21:21:02+00:00\",\"dateModified\":\"2017-09-07T13:50:50+00:00\",\"breadcrumb\":{\"@id\":\"https:\/\/www.padreydecano.com\/cms\/noticias\/fede-valverde-desde-septima-a-debutar-con-la-seleccion\/#breadcrumb\"},\"inLanguage\":\"es\",\"potentialAction\":[{\"@type\":\"ReadAction\",\"target\":[\"https:\/\/www.padreydecano.com\/cms\/noticias\/fede-valverde-desde-septima-a-debutar-con-la-seleccion\/\"]}]},{\"@type\":\"ImageObject\",\"inLanguage\":\"es\",\"@id\":\"https:\/\/www.padreydecano.com\/cms\/noticias\/fede-valverde-desde-septima-a-debutar-con-la-seleccion\/#primaryimage\",\"url\":\"https:\/\/www.padreydecano.com\/cms\/wp-content\/uploads\/2017\/09\/Valverde-selecci\u00f3n-uruguaya.jpg\",\"contentUrl\":\"https:\/\/www.padreydecano.com\/cms\/wp-content\/uploads\/2017\/09\/Valverde-selecci\u00f3n-uruguaya.jpg\",\"width\":795,\"height\":539},{\"@type\":\"BreadcrumbList\",\"@id\":\"https:\/\/www.padreydecano.com\/cms\/noticias\/fede-valverde-desde-septima-a-debutar-con-la-seleccion\/#breadcrumb\",\"itemListElement\":[{\"@type\":\"ListItem\",\"position\":1,\"name\":\"Portada\",\"item\":\"https:\/\/www.padreydecano.com\/cms\/\"},{\"@type\":\"ListItem\",\"position\":2,\"name\":\"Fede Valverde: Desde S\u00e9ptima a debutar con la Selecci\u00f3n\"}]},{\"@type\":\"WebSite\",\"@id\":\"https:\/\/www.padreydecano.com\/cms\/#website\",\"url\":\"https:\/\/www.padreydecano.com\/cms\/\",\"name\":\"Padre y Decano - El Sitio del Pueblo\",\"description\":\"Club Atl\u00e9tico Pe\u00f1arol\",\"publisher\":{\"@id\":\"https:\/\/www.padreydecano.com\/cms\/#organization\"},\"potentialAction\":[{\"@type\":\"SearchAction\",\"target\":{\"@type\":\"EntryPoint\",\"urlTemplate\":\"https:\/\/www.padreydecano.com\/cms\/?s={search_term_string}\"},\"query-input\":\"required name=search_term_string\"}],\"inLanguage\":\"es\"},{\"@type\":\"Organization\",\"@id\":\"https:\/\/www.padreydecano.com\/cms\/#organization\",\"name\":\"Padre y Decano\",\"url\":\"https:\/\/www.padreydecano.com\/cms\/\",\"logo\":{\"@type\":\"ImageObject\",\"inLanguage\":\"es\",\"@id\":\"https:\/\/www.padreydecano.com\/cms\/#\/schema\/logo\/image\/\",\"url\":\"https:\/\/www.padreydecano.com\/cms\/wp-content\/uploads\/2022\/01\/avatar-square.png\",\"contentUrl\":\"https:\/\/www.padreydecano.com\/cms\/wp-content\/uploads\/2022\/01\/avatar-square.png\",\"width\":1500,\"height\":1500,\"caption\":\"Padre y Decano\"},\"image\":{\"@id\":\"https:\/\/www.padreydecano.com\/cms\/#\/schema\/logo\/image\/\"}},{\"@type\":\"Person\",\"@id\":\"https:\/\/www.padreydecano.com\/cms\/#\/schema\/person\/1376f1ec91158cca7aeef6d2109f929d\",\"name\":\"fishoapyd\",\"image\":{\"@type\":\"ImageObject\",\"inLanguage\":\"es\",\"@id\":\"https:\/\/www.padreydecano.com\/cms\/#\/schema\/person\/image\/\",\"url\":\"https:\/\/www.padreydecano.com\/cms\/wp-content\/uploads\/2022\/12\/avatar-square-1.png\",\"contentUrl\":\"https:\/\/www.padreydecano.com\/cms\/wp-content\/uploads\/2022\/12\/avatar-square-1.png\",\"caption\":\"fishoapyd\"},\"sameAs\":[\"http:\/\/www.padreydecano.com\"]}]}<\/script>\n<!-- \/ Yoast SEO plugin. -->","yoast_head_json":{"title":"Fede Valverde: Desde S\u00e9ptima a debutar con la Selecci\u00f3n - Padre y Decano - El Sitio del Pueblo","robots":{"index":"index","follow":"follow","max-snippet":"max-snippet:-1","max-image-preview":"max-image-preview:large","max-video-preview":"max-video-preview:-1"},"canonical":"https:\/\/www.padreydecano.com\/cms\/noticias\/fede-valverde-desde-septima-a-debutar-con-la-seleccion\/","og_locale":"es_ES","og_type":"article","og_title":"Fede Valverde: Desde S\u00e9ptima a debutar con la Selecci\u00f3n - Padre y Decano - El Sitio del Pueblo","og_description":"Federico Valverde ser\u00e1 titular en el encuentro de esta noche ante Paraguay en Asunci\u00f3n, por la decimosexta fecha de las Eliminatorias rumbo a Rusia 2018. Desde su ingreso a las formativas de Pe\u00f1arol, su carrera no ha hecho m\u00e1s que crecer a pasos agigantados. El pibe que a los 12 a\u00f1os daba sus primeros pasos [&hellip;]","og_url":"https:\/\/www.padreydecano.com\/cms\/noticias\/fede-valverde-desde-septima-a-debutar-con-la-seleccion\/","og_site_name":"Padre y Decano - El Sitio del Pueblo","article_published_time":"2017-09-05T21:21:02+00:00","article_modified_time":"2017-09-07T13:50:50+00:00","og_image":[{"width":795,"height":539,"url":"https:\/\/www.padreydecano.com\/cms\/wp-content\/uploads\/2017\/09\/Valverde-selecci\u00f3n-uruguaya.jpg","type":"image\/jpeg"}],"author":"fishoapyd","twitter_card":"summary_large_image","twitter_misc":{"Escrito por":"fishoapyd","Tiempo de lectura":"5 minutos"},"schema":{"@context":"https:\/\/schema.org","@graph":[{"@type":"Article","@id":"https:\/\/www.padreydecano.com\/cms\/noticias\/fede-valverde-desde-septima-a-debutar-con-la-seleccion\/#article","isPartOf":{"@id":"https:\/\/www.padreydecano.com\/cms\/noticias\/fede-valverde-desde-septima-a-debutar-con-la-seleccion\/"},"author":{"name":"fishoapyd","@id":"https:\/\/www.padreydecano.com\/cms\/#\/schema\/person\/1376f1ec91158cca7aeef6d2109f929d"},"headline":"Fede Valverde: Desde S\u00e9ptima a debutar con la Selecci\u00f3n","datePublished":"2017-09-05T21:21:02+00:00","dateModified":"2017-09-07T13:50:50+00:00","mainEntityOfPage":{"@id":"https:\/\/www.padreydecano.com\/cms\/noticias\/fede-valverde-desde-septima-a-debutar-con-la-seleccion\/"},"wordCount":938,"commentCount":32,"publisher":{"@id":"https:\/\/www.padreydecano.com\/cms\/#organization"},"image":{"@id":"https:\/\/www.padreydecano.com\/cms\/noticias\/fede-valverde-desde-septima-a-debutar-con-la-seleccion\/#primaryimage"},"thumbnailUrl":"https:\/\/www.padreydecano.com\/cms\/wp-content\/uploads\/2017\/09\/Valverde-selecci\u00f3n-uruguaya.jpg","articleSection":["Noticias"],"inLanguage":"es","potentialAction":[{"@type":"CommentAction","name":"Comment","target":["https:\/\/www.padreydecano.com\/cms\/noticias\/fede-valverde-desde-septima-a-debutar-con-la-seleccion\/#respond"]}]},{"@type":"WebPage","@id":"https:\/\/www.padreydecano.com\/cms\/noticias\/fede-valverde-desde-septima-a-debutar-con-la-seleccion\/","url":"https:\/\/www.padreydecano.com\/cms\/noticias\/fede-valverde-desde-septima-a-debutar-con-la-seleccion\/","name":"Fede Valverde: Desde S\u00e9ptima a debutar con la Selecci\u00f3n - Padre y Decano - El Sitio del Pueblo","isPartOf":{"@id":"https:\/\/www.padreydecano.com\/cms\/#website"},"primaryImageOfPage":{"@id":"https:\/\/www.padreydecano.com\/cms\/noticias\/fede-valverde-desde-septima-a-debutar-con-la-seleccion\/#primaryimage"},"image":{"@id":"https:\/\/www.padreydecano.com\/cms\/noticias\/fede-valverde-desde-septima-a-debutar-con-la-seleccion\/#primaryimage"},"thumbnailUrl":"https:\/\/www.padreydecano.com\/cms\/wp-content\/uploads\/2017\/09\/Valverde-selecci\u00f3n-uruguaya.jpg","datePublished":"2017-09-05T21:21:02+00:00","dateModified":"2017-09-07T13:50:50+00:00","breadcrumb":{"@id":"https:\/\/www.padreydecano.com\/cms\/noticias\/fede-valverde-desde-septima-a-debutar-con-la-seleccion\/#breadcrumb"},"inLanguage":"es","potentialAction":[{"@type":"ReadAction","target":["https:\/\/www.padreydecano.com\/cms\/noticias\/fede-valverde-desde-septima-a-debutar-con-la-seleccion\/"]}]},{"@type":"ImageObject","inLanguage":"es","@id":"https:\/\/www.padreydecano.com\/cms\/noticias\/fede-valverde-desde-septima-a-debutar-con-la-seleccion\/#primaryimage","url":"https:\/\/www.padreydecano.com\/cms\/wp-content\/uploads\/2017\/09\/Valverde-selecci\u00f3n-uruguaya.jpg","contentUrl":"https:\/\/www.padreydecano.com\/cms\/wp-content\/uploads\/2017\/09\/Valverde-selecci\u00f3n-uruguaya.jpg","width":795,"height":539},{"@type":"BreadcrumbList","@id":"https:\/\/www.padreydecano.com\/cms\/noticias\/fede-valverde-desde-septima-a-debutar-con-la-seleccion\/#breadcrumb","itemListElement":[{"@type":"ListItem","position":1,"name":"Portada","item":"https:\/\/www.padreydecano.com\/cms\/"},{"@type":"ListItem","position":2,"name":"Fede Valverde: Desde S\u00e9ptima a debutar con la Selecci\u00f3n"}]},{"@type":"WebSite","@id":"https:\/\/www.padreydecano.com\/cms\/#website","url":"https:\/\/www.padreydecano.com\/cms\/","name":"Padre y Decano - El Sitio del Pueblo","description":"Club Atl\u00e9tico Pe\u00f1arol","publisher":{"@id":"https:\/\/www.padreydecano.com\/cms\/#organization"},"potentialAction":[{"@type":"SearchAction","target":{"@type":"EntryPoint","urlTemplate":"https:\/\/www.padreydecano.com\/cms\/?s={search_term_string}"},"query-input":"required name=search_term_string"}],"inLanguage":"es"},{"@type":"Organization","@id":"https:\/\/www.padreydecano.com\/cms\/#organization","name":"Padre y Decano","url":"https:\/\/www.padreydecano.com\/cms\/","logo":{"@type":"ImageObject","inLanguage":"es","@id":"https:\/\/www.padreydecano.com\/cms\/#\/schema\/logo\/image\/","url":"https:\/\/www.padreydecano.com\/cms\/wp-content\/uploads\/2022\/01\/avatar-square.png","contentUrl":"https:\/\/www.padreydecano.com\/cms\/wp-content\/uploads\/2022\/01\/avatar-square.png","width":1500,"height":1500,"caption":"Padre y Decano"},"image":{"@id":"https:\/\/www.padreydecano.com\/cms\/#\/schema\/logo\/image\/"}},{"@type":"Person","@id":"https:\/\/www.padreydecano.com\/cms\/#\/schema\/person\/1376f1ec91158cca7aeef6d2109f929d","name":"fishoapyd","image":{"@type":"ImageObject","inLanguage":"es","@id":"https:\/\/www.padreydecano.com\/cms\/#\/schema\/person\/image\/","url":"https:\/\/www.padreydecano.com\/cms\/wp-content\/uploads\/2022\/12\/avatar-square-1.png","contentUrl":"https:\/\/www.padreydecano.com\/cms\/wp-content\/uploads\/2022\/12\/avatar-square-1.png","caption":"fishoapyd"},"sameAs":["http:\/\/www.padreydecano.com"]}]}},"_links":{"self":[{"href":"https:\/\/www.padreydecano.com\/cms\/wp-json\/wp\/v2\/posts\/64316"}],"collection":[{"href":"https:\/\/www.padreydecano.com\/cms\/wp-json\/wp\/v2\/posts"}],"about":[{"href":"https:\/\/www.padreydecano.com\/cms\/wp-json\/wp\/v2\/types\/post"}],"author":[{"embeddable":true,"href":"https:\/\/www.padreydecano.com\/cms\/wp-json\/wp\/v2\/users\/10"}],"replies":[{"embeddable":true,"href":"https:\/\/www.padreydecano.com\/cms\/wp-json\/wp\/v2\/comments?post=64316"}],"version-history":[{"count":0,"href":"https:\/\/www.padreydecano.com\/cms\/wp-json\/wp\/v2\/posts\/64316\/revisions"}],"wp:featuredmedia":[{"embeddable":true,"href":"https:\/\/www.padreydecano.com\/cms\/wp-json\/wp\/v2\/media\/64325"}],"wp:attachment":[{"href":"https:\/\/www.padreydecano.com\/cms\/wp-json\/wp\/v2\/media?parent=64316"}],"wp:term":[{"taxonomy":"category","embeddable":true,"href":"https:\/\/www.padreydecano.com\/cms\/wp-json\/wp\/v2\/categories?post=64316"},{"taxonomy":"post_tag","embeddable":true,"href":"https:\/\/www.padreydecano.com\/cms\/wp-json\/wp\/v2\/tags?post=64316"}],"curies":[{"name":"wp","href":"https:\/\/api.w.org\/{rel}","templated":true}]}}