{"id":64297,"date":"2017-09-04T17:52:08","date_gmt":"2017-09-04T20:52:08","guid":{"rendered":"http:\/\/www.padreydecano.com\/cms\/?p=64297"},"modified":"2017-09-04T17:55:01","modified_gmt":"2017-09-04T20:55:01","slug":"futsal-se-viene-banco-republica","status":"publish","type":"post","link":"https:\/\/www.padreydecano.com\/cms\/otras-disciplinas\/futsal-se-viene-banco-republica\/","title":{"rendered":"FUTSAL: Se viene Banco Rep\u00fablica"},"content":{"rendered":"<p><a href=\"https:\/\/www.padreydecano.com\/cms\/wp-content\/uploads\/2017\/09\/Ordoqui-Futsal-Pe\u00f1arol.jpeg\" rel=\"shadowbox[sbpost-64297];player=img;\"><img loading=\"lazy\" decoding=\"async\" class=\"aligncenter size-large wp-image-64298\" src=\"https:\/\/www.padreydecano.com\/cms\/wp-content\/uploads\/2017\/09\/Ordoqui-Futsal-Pe\u00f1arol-1024x682.jpeg\" alt=\"\" width=\"620\" height=\"413\" srcset=\"https:\/\/www.padreydecano.com\/cms\/wp-content\/uploads\/2017\/09\/Ordoqui-Futsal-Pe\u00f1arol-1024x682.jpeg 1024w, https:\/\/www.padreydecano.com\/cms\/wp-content\/uploads\/2017\/09\/Ordoqui-Futsal-Pe\u00f1arol-600x400.jpeg 600w, https:\/\/www.padreydecano.com\/cms\/wp-content\/uploads\/2017\/09\/Ordoqui-Futsal-Pe\u00f1arol-768x512.jpeg 768w, https:\/\/www.padreydecano.com\/cms\/wp-content\/uploads\/2017\/09\/Ordoqui-Futsal-Pe\u00f1arol.jpeg 1151w\" sizes=\"(max-width: 620px) 100vw, 620px\" \/><\/a><\/p>\n<p style=\"text-align: justify;\">Luego de un magro fin de semana ante Old Christians de Colonia (3-3 en Primera y 3-5 en Sub 20) y de tener fecha libre, el conjunto carbonero volver\u00e1 a la cancha de I.T.S. el pr\u00f3ximo fin de semana para enfrentar a Banco Rep\u00fablica, un rival siempre complicado. A continuaci\u00f3n detallamos la pr\u00f3xima fecha y las tablas de posiciones de ambas categor\u00edas.<\/p>\n<p style=\"text-align: justify;\"><span style=\"color: #ffcc00;\"><strong>Pr\u00f3xima Fecha (17\u00aa de Primera y 6\u00aa del Clausura de Sub 20)<\/strong><\/span><br \/>\n<strong>Pe\u00f1arol vs. Banco Rep\u00fablica<\/strong><br \/>\nMalvin vs. Dolores<br \/>\nR\u00edo Negro City vs. Nacional<br \/>\nI.T.S. vs. Parque Cubano<br \/>\nBoston River vs. Elbio Fern\u00e1ndez<br \/>\nLibre: Old Christians<\/p>\n<p style=\"text-align: justify;\"><span style=\"color: #ffcc00;\"><strong>Posiciones Primera<\/strong><\/span><br \/>\n<strong>Pe\u00f1arol 40*<\/strong><br \/>\nNacional 40<br \/>\nMalvin 31<br \/>\nOld Christians 28*<br \/>\nBanco Rep\u00fablica 27*<br \/>\nElbio Fern\u00e1ndez 21<br \/>\nDolores 18**<br \/>\nBoston River 15*<br \/>\nR\u00edo Negro City 6*<br \/>\nI.T.S. 6<br \/>\nParque Cubano 0**<\/p>\n<p style=\"text-align: justify;\"><strong><span style=\"color: #ffcc00;\">Posiciones Sub 20<\/span><\/strong><br \/>\nNacional 12<br \/>\nMalvin 12<br \/>\nOld Christians 12*<br \/>\n<strong>Pe\u00f1arol 9*<\/strong><br \/>\nBanco Rep\u00fablica 9*<br \/>\nR\u00edo Negro City 6*<br \/>\nI.T.S. 3<br \/>\nDolores 3**<br \/>\nParque Cubano 1**<br \/>\nElbio Fern\u00e1ndez 1<br \/>\nBoston River 0*<\/p>\n<p style=\"text-align: justify;\">* Tienen un partido jugado menos<br \/>\n** Tienen dos partidos jugados menos<\/p>\n","protected":false},"excerpt":{"rendered":"<p>Luego de un magro fin de semana ante Old Christians de Colonia (3-3 en Primera y 3-5 en Sub 20) y de tener fecha libre, el conjunto carbonero volver\u00e1 a la cancha de I.T.S. el pr\u00f3ximo fin de semana para enfrentar a Banco Rep\u00fablica, un rival siempre complicado. A continuaci\u00f3n detallamos la pr\u00f3xima fecha y [&hellip;]<\/p>\n","protected":false},"author":10,"featured_media":0,"comment_status":"open","ping_status":"closed","sticky":false,"template":"","format":"standard","meta":{"footnotes":""},"categories":[27],"tags":[34],"yoast_head":"<!-- This site is optimized with the Yoast SEO plugin v23.2 - https:\/\/yoast.com\/wordpress\/plugins\/seo\/ -->\n<title>FUTSAL: Se viene Banco Rep\u00fablica - Padre y Decano - El Sitio del Pueblo<\/title>\n<meta name=\"robots\" content=\"index, follow, max-snippet:-1, max-image-preview:large, max-video-preview:-1\" \/>\n<link rel=\"canonical\" href=\"https:\/\/www.padreydecano.com\/cms\/otras-disciplinas\/futsal-se-viene-banco-republica\/\" \/>\n<meta property=\"og:locale\" content=\"es_ES\" \/>\n<meta property=\"og:type\" content=\"article\" \/>\n<meta property=\"og:title\" content=\"FUTSAL: Se viene Banco Rep\u00fablica - Padre y Decano - El Sitio del Pueblo\" \/>\n<meta property=\"og:description\" content=\"Luego de un magro fin de semana ante Old Christians de Colonia (3-3 en Primera y 3-5 en Sub 20) y de tener fecha libre, el conjunto carbonero volver\u00e1 a la cancha de I.T.S. el pr\u00f3ximo fin de semana para enfrentar a Banco Rep\u00fablica, un rival siempre complicado. A continuaci\u00f3n detallamos la pr\u00f3xima fecha y [&hellip;]\" \/>\n<meta property=\"og:url\" content=\"https:\/\/www.padreydecano.com\/cms\/otras-disciplinas\/futsal-se-viene-banco-republica\/\" \/>\n<meta property=\"og:site_name\" content=\"Padre y Decano - El Sitio del Pueblo\" \/>\n<meta property=\"article:published_time\" content=\"2017-09-04T20:52:08+00:00\" \/>\n<meta property=\"article:modified_time\" content=\"2017-09-04T20:55:01+00:00\" \/>\n<meta property=\"og:image\" content=\"http:\/\/www.padreydecano.com\/cms\/wp-content\/uploads\/2017\/09\/Ordoqui-Futsal-Pe\u00f1arol-1024x682.jpeg\" \/>\n<meta name=\"author\" content=\"fishoapyd\" \/>\n<meta name=\"twitter:card\" content=\"summary_large_image\" \/>\n<meta name=\"twitter:label1\" content=\"Escrito por\" \/>\n\t<meta name=\"twitter:data1\" content=\"fishoapyd\" \/>\n\t<meta name=\"twitter:label2\" content=\"Tiempo de lectura\" \/>\n\t<meta name=\"twitter:data2\" content=\"1 minuto\" \/>\n<script type=\"application\/ld+json\" class=\"yoast-schema-graph\">{\"@context\":\"https:\/\/schema.org\",\"@graph\":[{\"@type\":\"Article\",\"@id\":\"https:\/\/www.padreydecano.com\/cms\/otras-disciplinas\/futsal-se-viene-banco-republica\/#article\",\"isPartOf\":{\"@id\":\"https:\/\/www.padreydecano.com\/cms\/otras-disciplinas\/futsal-se-viene-banco-republica\/\"},\"author\":{\"name\":\"fishoapyd\",\"@id\":\"https:\/\/www.padreydecano.com\/cms\/#\/schema\/person\/1376f1ec91158cca7aeef6d2109f929d\"},\"headline\":\"FUTSAL: Se viene Banco Rep\u00fablica\",\"datePublished\":\"2017-09-04T20:52:08+00:00\",\"dateModified\":\"2017-09-04T20:55:01+00:00\",\"mainEntityOfPage\":{\"@id\":\"https:\/\/www.padreydecano.com\/cms\/otras-disciplinas\/futsal-se-viene-banco-republica\/\"},\"wordCount\":176,\"commentCount\":1,\"publisher\":{\"@id\":\"https:\/\/www.padreydecano.com\/cms\/#organization\"},\"keywords\":[\"Futsal\"],\"articleSection\":[\"Otras disciplinas\"],\"inLanguage\":\"es\",\"potentialAction\":[{\"@type\":\"CommentAction\",\"name\":\"Comment\",\"target\":[\"https:\/\/www.padreydecano.com\/cms\/otras-disciplinas\/futsal-se-viene-banco-republica\/#respond\"]}]},{\"@type\":\"WebPage\",\"@id\":\"https:\/\/www.padreydecano.com\/cms\/otras-disciplinas\/futsal-se-viene-banco-republica\/\",\"url\":\"https:\/\/www.padreydecano.com\/cms\/otras-disciplinas\/futsal-se-viene-banco-republica\/\",\"name\":\"FUTSAL: Se viene Banco Rep\u00fablica - Padre y Decano - El Sitio del Pueblo\",\"isPartOf\":{\"@id\":\"https:\/\/www.padreydecano.com\/cms\/#website\"},\"datePublished\":\"2017-09-04T20:52:08+00:00\",\"dateModified\":\"2017-09-04T20:55:01+00:00\",\"breadcrumb\":{\"@id\":\"https:\/\/www.padreydecano.com\/cms\/otras-disciplinas\/futsal-se-viene-banco-republica\/#breadcrumb\"},\"inLanguage\":\"es\",\"potentialAction\":[{\"@type\":\"ReadAction\",\"target\":[\"https:\/\/www.padreydecano.com\/cms\/otras-disciplinas\/futsal-se-viene-banco-republica\/\"]}]},{\"@type\":\"BreadcrumbList\",\"@id\":\"https:\/\/www.padreydecano.com\/cms\/otras-disciplinas\/futsal-se-viene-banco-republica\/#breadcrumb\",\"itemListElement\":[{\"@type\":\"ListItem\",\"position\":1,\"name\":\"Portada\",\"item\":\"https:\/\/www.padreydecano.com\/cms\/\"},{\"@type\":\"ListItem\",\"position\":2,\"name\":\"FUTSAL: Se viene Banco Rep\u00fablica\"}]},{\"@type\":\"WebSite\",\"@id\":\"https:\/\/www.padreydecano.com\/cms\/#website\",\"url\":\"https:\/\/www.padreydecano.com\/cms\/\",\"name\":\"Padre y Decano - El Sitio del Pueblo\",\"description\":\"Club Atl\u00e9tico Pe\u00f1arol\",\"publisher\":{\"@id\":\"https:\/\/www.padreydecano.com\/cms\/#organization\"},\"potentialAction\":[{\"@type\":\"SearchAction\",\"target\":{\"@type\":\"EntryPoint\",\"urlTemplate\":\"https:\/\/www.padreydecano.com\/cms\/?s={search_term_string}\"},\"query-input\":\"required name=search_term_string\"}],\"inLanguage\":\"es\"},{\"@type\":\"Organization\",\"@id\":\"https:\/\/www.padreydecano.com\/cms\/#organization\",\"name\":\"Padre y Decano\",\"url\":\"https:\/\/www.padreydecano.com\/cms\/\",\"logo\":{\"@type\":\"ImageObject\",\"inLanguage\":\"es\",\"@id\":\"https:\/\/www.padreydecano.com\/cms\/#\/schema\/logo\/image\/\",\"url\":\"https:\/\/www.padreydecano.com\/cms\/wp-content\/uploads\/2022\/01\/avatar-square.png\",\"contentUrl\":\"https:\/\/www.padreydecano.com\/cms\/wp-content\/uploads\/2022\/01\/avatar-square.png\",\"width\":1500,\"height\":1500,\"caption\":\"Padre y Decano\"},\"image\":{\"@id\":\"https:\/\/www.padreydecano.com\/cms\/#\/schema\/logo\/image\/\"}},{\"@type\":\"Person\",\"@id\":\"https:\/\/www.padreydecano.com\/cms\/#\/schema\/person\/1376f1ec91158cca7aeef6d2109f929d\",\"name\":\"fishoapyd\",\"image\":{\"@type\":\"ImageObject\",\"inLanguage\":\"es\",\"@id\":\"https:\/\/www.padreydecano.com\/cms\/#\/schema\/person\/image\/\",\"url\":\"https:\/\/www.padreydecano.com\/cms\/wp-content\/uploads\/2022\/12\/avatar-square-1.png\",\"contentUrl\":\"https:\/\/www.padreydecano.com\/cms\/wp-content\/uploads\/2022\/12\/avatar-square-1.png\",\"caption\":\"fishoapyd\"},\"sameAs\":[\"http:\/\/www.padreydecano.com\"]}]}<\/script>\n<!-- \/ Yoast SEO plugin. -->","yoast_head_json":{"title":"FUTSAL: Se viene Banco Rep\u00fablica - Padre y Decano - El Sitio del Pueblo","robots":{"index":"index","follow":"follow","max-snippet":"max-snippet:-1","max-image-preview":"max-image-preview:large","max-video-preview":"max-video-preview:-1"},"canonical":"https:\/\/www.padreydecano.com\/cms\/otras-disciplinas\/futsal-se-viene-banco-republica\/","og_locale":"es_ES","og_type":"article","og_title":"FUTSAL: Se viene Banco Rep\u00fablica - Padre y Decano - El Sitio del Pueblo","og_description":"Luego de un magro fin de semana ante Old Christians de Colonia (3-3 en Primera y 3-5 en Sub 20) y de tener fecha libre, el conjunto carbonero volver\u00e1 a la cancha de I.T.S. el pr\u00f3ximo fin de semana para enfrentar a Banco Rep\u00fablica, un rival siempre complicado. A continuaci\u00f3n detallamos la pr\u00f3xima fecha y [&hellip;]","og_url":"https:\/\/www.padreydecano.com\/cms\/otras-disciplinas\/futsal-se-viene-banco-republica\/","og_site_name":"Padre y Decano - El Sitio del Pueblo","article_published_time":"2017-09-04T20:52:08+00:00","article_modified_time":"2017-09-04T20:55:01+00:00","og_image":[{"url":"http:\/\/www.padreydecano.com\/cms\/wp-content\/uploads\/2017\/09\/Ordoqui-Futsal-Pe\u00f1arol-1024x682.jpeg"}],"author":"fishoapyd","twitter_card":"summary_large_image","twitter_misc":{"Escrito por":"fishoapyd","Tiempo de lectura":"1 minuto"},"schema":{"@context":"https:\/\/schema.org","@graph":[{"@type":"Article","@id":"https:\/\/www.padreydecano.com\/cms\/otras-disciplinas\/futsal-se-viene-banco-republica\/#article","isPartOf":{"@id":"https:\/\/www.padreydecano.com\/cms\/otras-disciplinas\/futsal-se-viene-banco-republica\/"},"author":{"name":"fishoapyd","@id":"https:\/\/www.padreydecano.com\/cms\/#\/schema\/person\/1376f1ec91158cca7aeef6d2109f929d"},"headline":"FUTSAL: Se viene Banco Rep\u00fablica","datePublished":"2017-09-04T20:52:08+00:00","dateModified":"2017-09-04T20:55:01+00:00","mainEntityOfPage":{"@id":"https:\/\/www.padreydecano.com\/cms\/otras-disciplinas\/futsal-se-viene-banco-republica\/"},"wordCount":176,"commentCount":1,"publisher":{"@id":"https:\/\/www.padreydecano.com\/cms\/#organization"},"keywords":["Futsal"],"articleSection":["Otras disciplinas"],"inLanguage":"es","potentialAction":[{"@type":"CommentAction","name":"Comment","target":["https:\/\/www.padreydecano.com\/cms\/otras-disciplinas\/futsal-se-viene-banco-republica\/#respond"]}]},{"@type":"WebPage","@id":"https:\/\/www.padreydecano.com\/cms\/otras-disciplinas\/futsal-se-viene-banco-republica\/","url":"https:\/\/www.padreydecano.com\/cms\/otras-disciplinas\/futsal-se-viene-banco-republica\/","name":"FUTSAL: Se viene Banco Rep\u00fablica - Padre y Decano - El Sitio del Pueblo","isPartOf":{"@id":"https:\/\/www.padreydecano.com\/cms\/#website"},"datePublished":"2017-09-04T20:52:08+00:00","dateModified":"2017-09-04T20:55:01+00:00","breadcrumb":{"@id":"https:\/\/www.padreydecano.com\/cms\/otras-disciplinas\/futsal-se-viene-banco-republica\/#breadcrumb"},"inLanguage":"es","potentialAction":[{"@type":"ReadAction","target":["https:\/\/www.padreydecano.com\/cms\/otras-disciplinas\/futsal-se-viene-banco-republica\/"]}]},{"@type":"BreadcrumbList","@id":"https:\/\/www.padreydecano.com\/cms\/otras-disciplinas\/futsal-se-viene-banco-republica\/#breadcrumb","itemListElement":[{"@type":"ListItem","position":1,"name":"Portada","item":"https:\/\/www.padreydecano.com\/cms\/"},{"@type":"ListItem","position":2,"name":"FUTSAL: Se viene Banco Rep\u00fablica"}]},{"@type":"WebSite","@id":"https:\/\/www.padreydecano.com\/cms\/#website","url":"https:\/\/www.padreydecano.com\/cms\/","name":"Padre y Decano - El Sitio del Pueblo","description":"Club Atl\u00e9tico Pe\u00f1arol","publisher":{"@id":"https:\/\/www.padreydecano.com\/cms\/#organization"},"potentialAction":[{"@type":"SearchAction","target":{"@type":"EntryPoint","urlTemplate":"https:\/\/www.padreydecano.com\/cms\/?s={search_term_string}"},"query-input":"required name=search_term_string"}],"inLanguage":"es"},{"@type":"Organization","@id":"https:\/\/www.padreydecano.com\/cms\/#organization","name":"Padre y Decano","url":"https:\/\/www.padreydecano.com\/cms\/","logo":{"@type":"ImageObject","inLanguage":"es","@id":"https:\/\/www.padreydecano.com\/cms\/#\/schema\/logo\/image\/","url":"https:\/\/www.padreydecano.com\/cms\/wp-content\/uploads\/2022\/01\/avatar-square.png","contentUrl":"https:\/\/www.padreydecano.com\/cms\/wp-content\/uploads\/2022\/01\/avatar-square.png","width":1500,"height":1500,"caption":"Padre y Decano"},"image":{"@id":"https:\/\/www.padreydecano.com\/cms\/#\/schema\/logo\/image\/"}},{"@type":"Person","@id":"https:\/\/www.padreydecano.com\/cms\/#\/schema\/person\/1376f1ec91158cca7aeef6d2109f929d","name":"fishoapyd","image":{"@type":"ImageObject","inLanguage":"es","@id":"https:\/\/www.padreydecano.com\/cms\/#\/schema\/person\/image\/","url":"https:\/\/www.padreydecano.com\/cms\/wp-content\/uploads\/2022\/12\/avatar-square-1.png","contentUrl":"https:\/\/www.padreydecano.com\/cms\/wp-content\/uploads\/2022\/12\/avatar-square-1.png","caption":"fishoapyd"},"sameAs":["http:\/\/www.padreydecano.com"]}]}},"_links":{"self":[{"href":"https:\/\/www.padreydecano.com\/cms\/wp-json\/wp\/v2\/posts\/64297"}],"collection":[{"href":"https:\/\/www.padreydecano.com\/cms\/wp-json\/wp\/v2\/posts"}],"about":[{"href":"https:\/\/www.padreydecano.com\/cms\/wp-json\/wp\/v2\/types\/post"}],"author":[{"embeddable":true,"href":"https:\/\/www.padreydecano.com\/cms\/wp-json\/wp\/v2\/users\/10"}],"replies":[{"embeddable":true,"href":"https:\/\/www.padreydecano.com\/cms\/wp-json\/wp\/v2\/comments?post=64297"}],"version-history":[{"count":0,"href":"https:\/\/www.padreydecano.com\/cms\/wp-json\/wp\/v2\/posts\/64297\/revisions"}],"wp:attachment":[{"href":"https:\/\/www.padreydecano.com\/cms\/wp-json\/wp\/v2\/media?parent=64297"}],"wp:term":[{"taxonomy":"category","embeddable":true,"href":"https:\/\/www.padreydecano.com\/cms\/wp-json\/wp\/v2\/categories?post=64297"},{"taxonomy":"post_tag","embeddable":true,"href":"https:\/\/www.padreydecano.com\/cms\/wp-json\/wp\/v2\/tags?post=64297"}],"curies":[{"name":"wp","href":"https:\/\/api.w.org\/{rel}","templated":true}]}}