{"id":63973,"date":"2017-08-08T08:00:49","date_gmt":"2017-08-08T11:00:49","guid":{"rendered":"http:\/\/www.padreydecano.com\/cms\/?p=63973"},"modified":"2017-08-09T11:24:07","modified_gmt":"2017-08-09T14:24:07","slug":"pases-pocas-definiciones","status":"publish","type":"post","link":"https:\/\/www.padreydecano.com\/cms\/noticias\/pases-pocas-definiciones\/","title":{"rendered":"Pases: pocas definiciones"},"content":{"rendered":"<p><img loading=\"lazy\" decoding=\"async\" class=\"aligncenter wp-image-63088 size-full\" src=\"https:\/\/www.padreydecano.com\/cms\/wp-content\/uploads\/2017\/05\/IMG_0152.jpg\" alt=\"Ramos-Gaucho-De-Los-Santos\" width=\"900\" height=\"600\" srcset=\"https:\/\/www.padreydecano.com\/cms\/wp-content\/uploads\/2017\/05\/IMG_0152.jpg 900w, https:\/\/www.padreydecano.com\/cms\/wp-content\/uploads\/2017\/05\/IMG_0152-600x400.jpg 600w, https:\/\/www.padreydecano.com\/cms\/wp-content\/uploads\/2017\/05\/IMG_0152-768x512.jpg 768w\" sizes=\"(max-width: 900px) 100vw, 900px\" \/><\/p>\n<p style=\"text-align: justify;\"><strong>La Comisi\u00f3n de Pases y Contrataciones de Pe\u00f1arol se reuni\u00f3 por m\u00e1s de cuatro horas<\/strong> en el Palacio Cr. Gast\u00f3n Guelfi pero no hubo definiciones concretas; el panorama puede desencadenar dos nuevas contrataciones o ninguna.<\/p>\n<p style=\"text-align: justify;\">Intensas horas se vivieron en la sede de la calle Galicia, se habl\u00f3 mucho de la parte deportiva del club. Hay cuestionamientos al entrenador. Tambi\u00e9n se habl\u00f3 del caso Mat\u00edas Zunino, que finalmente no lleg\u00f3 al club Decano del f\u00fatbol uruguayo.<\/p>\n<p><a href=\"https:\/\/www.padreydecano.com\/cms\/wp-content\/uploads\/2017\/08\/rodrigo-salinas.jpg\" rel=\"shadowbox[sbpost-63973];player=img;\"><img loading=\"lazy\" decoding=\"async\" class=\"aligncenter wp-image-63976\" src=\"https:\/\/www.padreydecano.com\/cms\/wp-content\/uploads\/2017\/08\/rodrigo-salinas.jpg\" alt=\"\" width=\"605\" height=\"384\" \/><\/a><\/p>\n<p style=\"text-align: justify;\">El centrodelantero Rodrigo Salinas (goleador del ascenso con Chacarita) tiene ofertas de Medio Oriente y la MLS. Sus empresarios dicen que la prioridad es Pe\u00f1arol. La realidad es que no hay 100% de convencimiento en contratar al espigado atacante.<\/p>\n<p style=\"text-align: justify;\"><strong>No conformaron los ofrecimientos de Maximiliano L\u00f3pez y Germ\u00e1n Denis.<\/strong> Existe la posibilidad de que no se contrate un artillero si no aparecen buenos futbolistas y que sean accesibles econ\u00f3micamente para el club.<\/p>\n<p><a href=\"https:\/\/www.padreydecano.com\/cms\/wp-content\/uploads\/2016\/06\/alejandro-gonzalez.jpg\" rel=\"shadowbox[sbpost-63973];player=img;\"><img loading=\"lazy\" decoding=\"async\" class=\"aligncenter wp-image-59367\" src=\"https:\/\/www.padreydecano.com\/cms\/wp-content\/uploads\/2016\/06\/alejandro-gonzalez.jpg\" alt=\"\" width=\"606\" height=\"404\" srcset=\"https:\/\/www.padreydecano.com\/cms\/wp-content\/uploads\/2016\/06\/alejandro-gonzalez.jpg 1000w, https:\/\/www.padreydecano.com\/cms\/wp-content\/uploads\/2016\/06\/alejandro-gonzalez-300x200.jpg 300w, https:\/\/www.padreydecano.com\/cms\/wp-content\/uploads\/2016\/06\/alejandro-gonzalez-768x512.jpg 768w\" sizes=\"(max-width: 606px) 100vw, 606px\" \/><\/a><\/p>\n<p style=\"text-align: justify;\">Cuando hace m\u00e1s de 20 d\u00edas se le consult\u00f3 a Alejandro Gonz\u00e1lez por su situaci\u00f3n, el dos veces campe\u00f3n con Pe\u00f1arol manifest\u00f3 querer continuar en Italia. Tiene dos a\u00f1os de contrato con Verona. <strong>Hay dirigentes que quieren ofrecerle un contrato a largo plazo para que se quede en el aurinegro y sea referente los pr\u00f3ximos a\u00f1os.<\/strong><\/p>\n<p style=\"text-align: justify;\">El zaguero Fabricio Buschiazzo tiene posibilidades de salir a pr\u00e9stamo al Societa Sportiva Matera Calcio de la Serie C de Italia. Gast\u00f3n Vitancurt ser\u00e1 cedido un a\u00f1o y medio a Torque. Por otra parte, el punta nacido en Gambia, Sim\u00f3n Changa-Bass y el delantero colombiano, Ignacio Yepez firmaron contrato hoy y son futbolistas aurinegros (divisiones formativas).<\/p>\n<p><a href=\"https:\/\/www.padreydecano.com\/cms\/wp-content\/uploads\/2016\/09\/Foto-1.jpg\" rel=\"shadowbox[sbpost-63973];player=img;\"><img loading=\"lazy\" decoding=\"async\" class=\"aligncenter wp-image-60622 size-medium\" src=\"https:\/\/www.padreydecano.com\/cms\/wp-content\/uploads\/2016\/09\/Foto-1-600x400.jpg\" alt=\"\" width=\"600\" height=\"400\" srcset=\"https:\/\/www.padreydecano.com\/cms\/wp-content\/uploads\/2016\/09\/Foto-1-600x400.jpg 600w, https:\/\/www.padreydecano.com\/cms\/wp-content\/uploads\/2016\/09\/Foto-1-768x512.jpg 768w, https:\/\/www.padreydecano.com\/cms\/wp-content\/uploads\/2016\/09\/Foto-1.jpg 800w\" sizes=\"(max-width: 600px) 100vw, 600px\" \/><\/a><\/p>\n<p style=\"text-align: justify;\">Tambi\u00e9n se debati\u00f3 la situaci\u00f3n de Fabi\u00e1n Estoyanoff:\u00a0<strong>el atacante no tiene los votos de la Comisi\u00f3n de Pases y Contrataciones para volver a la instituci\u00f3n.<\/strong> Tampoco Carlos Bueno.<\/p>\n<p><a href=\"https:\/\/www.padreydecano.com\/cms\/wp-content\/uploads\/2017\/08\/Nandez11.jpg\" rel=\"shadowbox[sbpost-63973];player=img;\"><img loading=\"lazy\" decoding=\"async\" class=\"aligncenter size-medium wp-image-63927\" src=\"https:\/\/www.padreydecano.com\/cms\/wp-content\/uploads\/2017\/08\/Nandez11-600x400.jpg\" alt=\"\" width=\"600\" height=\"400\" srcset=\"https:\/\/www.padreydecano.com\/cms\/wp-content\/uploads\/2017\/08\/Nandez11-600x400.jpg 600w, https:\/\/www.padreydecano.com\/cms\/wp-content\/uploads\/2017\/08\/Nandez11-768x512.jpg 768w, https:\/\/www.padreydecano.com\/cms\/wp-content\/uploads\/2017\/08\/Nandez11.jpg 900w\" sizes=\"(max-width: 600px) 100vw, 600px\" \/><\/a><\/p>\n<p style=\"text-align: justify;\">Seguramente Nahitan Nandez viaje a Buenos Aires a enrolarse en Boca Juniors. Los aurinegros recibir\u00edan 3.300.000 USD por el 59.5% de la ficha. Adem\u00e1s se arregl\u00f3 un partido amistoso con los xeneizes que debe jugarse este semestre.<\/p>\n<p style=\"text-align: right;\">Escrito por <a href=\"http:\/\/twitter.com\/WilsonMendez86\">Wilson M\u00e9ndez.<\/a><\/p>\n<p style=\"text-align: right;\">Foto en portada: El Observador<\/p>\n","protected":false},"excerpt":{"rendered":"<p>La Comisi\u00f3n de Pases y Contrataciones de Pe\u00f1arol se reuni\u00f3 por m\u00e1s de cuatro horas en el Palacio Cr. Gast\u00f3n Guelfi pero no hubo definiciones concretas; el panorama puede desencadenar dos nuevas contrataciones o ninguna. Intensas horas se vivieron en la sede de la calle Galicia, se habl\u00f3 mucho de la parte deportiva del club. [&hellip;]<\/p>\n","protected":false},"author":5,"featured_media":61353,"comment_status":"open","ping_status":"closed","sticky":false,"template":"","format":"standard","meta":{"footnotes":""},"categories":[1],"tags":[26],"yoast_head":"<!-- This site is optimized with the Yoast SEO plugin v23.2 - https:\/\/yoast.com\/wordpress\/plugins\/seo\/ -->\n<title>Pases: pocas definiciones - Padre y Decano - El Sitio del Pueblo<\/title>\n<meta name=\"robots\" content=\"index, follow, max-snippet:-1, max-image-preview:large, max-video-preview:-1\" \/>\n<link rel=\"canonical\" href=\"https:\/\/www.padreydecano.com\/cms\/noticias\/pases-pocas-definiciones\/\" \/>\n<meta property=\"og:locale\" content=\"es_ES\" \/>\n<meta property=\"og:type\" content=\"article\" \/>\n<meta property=\"og:title\" content=\"Pases: pocas definiciones - Padre y Decano - El Sitio del Pueblo\" \/>\n<meta property=\"og:description\" content=\"La Comisi\u00f3n de Pases y Contrataciones de Pe\u00f1arol se reuni\u00f3 por m\u00e1s de cuatro horas en el Palacio Cr. Gast\u00f3n Guelfi pero no hubo definiciones concretas; el panorama puede desencadenar dos nuevas contrataciones o ninguna. Intensas horas se vivieron en la sede de la calle Galicia, se habl\u00f3 mucho de la parte deportiva del club. [&hellip;]\" \/>\n<meta property=\"og:url\" content=\"https:\/\/www.padreydecano.com\/cms\/noticias\/pases-pocas-definiciones\/\" \/>\n<meta property=\"og:site_name\" content=\"Padre y Decano - El Sitio del Pueblo\" \/>\n<meta property=\"article:published_time\" content=\"2017-08-08T11:00:49+00:00\" \/>\n<meta property=\"article:modified_time\" content=\"2017-08-09T14:24:07+00:00\" \/>\n<meta property=\"og:image\" content=\"https:\/\/www.padreydecano.com\/cms\/wp-content\/uploads\/2016\/12\/ramos-de-los-santos-sanchez.jpg\" \/>\n\t<meta property=\"og:image:width\" content=\"845\" \/>\n\t<meta property=\"og:image:height\" content=\"563\" \/>\n\t<meta property=\"og:image:type\" content=\"image\/jpeg\" \/>\n<meta name=\"author\" content=\"Emirona07\" \/>\n<meta name=\"twitter:card\" content=\"summary_large_image\" \/>\n<meta name=\"twitter:label1\" content=\"Escrito por\" \/>\n\t<meta name=\"twitter:data1\" content=\"Emirona07\" \/>\n\t<meta name=\"twitter:label2\" content=\"Tiempo de lectura\" \/>\n\t<meta name=\"twitter:data2\" content=\"2 minutos\" \/>\n<script type=\"application\/ld+json\" class=\"yoast-schema-graph\">{\"@context\":\"https:\/\/schema.org\",\"@graph\":[{\"@type\":\"Article\",\"@id\":\"https:\/\/www.padreydecano.com\/cms\/noticias\/pases-pocas-definiciones\/#article\",\"isPartOf\":{\"@id\":\"https:\/\/www.padreydecano.com\/cms\/noticias\/pases-pocas-definiciones\/\"},\"author\":{\"name\":\"Emirona07\",\"@id\":\"https:\/\/www.padreydecano.com\/cms\/#\/schema\/person\/51e0214db654d9624824b37c2838bb65\"},\"headline\":\"Pases: pocas definiciones\",\"datePublished\":\"2017-08-08T11:00:49+00:00\",\"dateModified\":\"2017-08-09T14:24:07+00:00\",\"mainEntityOfPage\":{\"@id\":\"https:\/\/www.padreydecano.com\/cms\/noticias\/pases-pocas-definiciones\/\"},\"wordCount\":366,\"commentCount\":146,\"publisher\":{\"@id\":\"https:\/\/www.padreydecano.com\/cms\/#organization\"},\"image\":{\"@id\":\"https:\/\/www.padreydecano.com\/cms\/noticias\/pases-pocas-definiciones\/#primaryimage\"},\"thumbnailUrl\":\"https:\/\/www.padreydecano.com\/cms\/wp-content\/uploads\/2016\/12\/ramos-de-los-santos-sanchez.jpg\",\"keywords\":[\"Mercado de pases\"],\"articleSection\":[\"Noticias\"],\"inLanguage\":\"es\",\"potentialAction\":[{\"@type\":\"CommentAction\",\"name\":\"Comment\",\"target\":[\"https:\/\/www.padreydecano.com\/cms\/noticias\/pases-pocas-definiciones\/#respond\"]}]},{\"@type\":\"WebPage\",\"@id\":\"https:\/\/www.padreydecano.com\/cms\/noticias\/pases-pocas-definiciones\/\",\"url\":\"https:\/\/www.padreydecano.com\/cms\/noticias\/pases-pocas-definiciones\/\",\"name\":\"Pases: pocas definiciones - Padre y Decano - El Sitio del Pueblo\",\"isPartOf\":{\"@id\":\"https:\/\/www.padreydecano.com\/cms\/#website\"},\"primaryImageOfPage\":{\"@id\":\"https:\/\/www.padreydecano.com\/cms\/noticias\/pases-pocas-definiciones\/#primaryimage\"},\"image\":{\"@id\":\"https:\/\/www.padreydecano.com\/cms\/noticias\/pases-pocas-definiciones\/#primaryimage\"},\"thumbnailUrl\":\"https:\/\/www.padreydecano.com\/cms\/wp-content\/uploads\/2016\/12\/ramos-de-los-santos-sanchez.jpg\",\"datePublished\":\"2017-08-08T11:00:49+00:00\",\"dateModified\":\"2017-08-09T14:24:07+00:00\",\"breadcrumb\":{\"@id\":\"https:\/\/www.padreydecano.com\/cms\/noticias\/pases-pocas-definiciones\/#breadcrumb\"},\"inLanguage\":\"es\",\"potentialAction\":[{\"@type\":\"ReadAction\",\"target\":[\"https:\/\/www.padreydecano.com\/cms\/noticias\/pases-pocas-definiciones\/\"]}]},{\"@type\":\"ImageObject\",\"inLanguage\":\"es\",\"@id\":\"https:\/\/www.padreydecano.com\/cms\/noticias\/pases-pocas-definiciones\/#primaryimage\",\"url\":\"https:\/\/www.padreydecano.com\/cms\/wp-content\/uploads\/2016\/12\/ramos-de-los-santos-sanchez.jpg\",\"contentUrl\":\"https:\/\/www.padreydecano.com\/cms\/wp-content\/uploads\/2016\/12\/ramos-de-los-santos-sanchez.jpg\",\"width\":845,\"height\":563,\"caption\":\"Foto: Carlos Pazos, El Observador\"},{\"@type\":\"BreadcrumbList\",\"@id\":\"https:\/\/www.padreydecano.com\/cms\/noticias\/pases-pocas-definiciones\/#breadcrumb\",\"itemListElement\":[{\"@type\":\"ListItem\",\"position\":1,\"name\":\"Portada\",\"item\":\"https:\/\/www.padreydecano.com\/cms\/\"},{\"@type\":\"ListItem\",\"position\":2,\"name\":\"Pases: pocas definiciones\"}]},{\"@type\":\"WebSite\",\"@id\":\"https:\/\/www.padreydecano.com\/cms\/#website\",\"url\":\"https:\/\/www.padreydecano.com\/cms\/\",\"name\":\"Padre y Decano - El Sitio del Pueblo\",\"description\":\"Club Atl\u00e9tico Pe\u00f1arol\",\"publisher\":{\"@id\":\"https:\/\/www.padreydecano.com\/cms\/#organization\"},\"potentialAction\":[{\"@type\":\"SearchAction\",\"target\":{\"@type\":\"EntryPoint\",\"urlTemplate\":\"https:\/\/www.padreydecano.com\/cms\/?s={search_term_string}\"},\"query-input\":\"required name=search_term_string\"}],\"inLanguage\":\"es\"},{\"@type\":\"Organization\",\"@id\":\"https:\/\/www.padreydecano.com\/cms\/#organization\",\"name\":\"Padre y Decano\",\"url\":\"https:\/\/www.padreydecano.com\/cms\/\",\"logo\":{\"@type\":\"ImageObject\",\"inLanguage\":\"es\",\"@id\":\"https:\/\/www.padreydecano.com\/cms\/#\/schema\/logo\/image\/\",\"url\":\"https:\/\/www.padreydecano.com\/cms\/wp-content\/uploads\/2022\/01\/avatar-square.png\",\"contentUrl\":\"https:\/\/www.padreydecano.com\/cms\/wp-content\/uploads\/2022\/01\/avatar-square.png\",\"width\":1500,\"height\":1500,\"caption\":\"Padre y Decano\"},\"image\":{\"@id\":\"https:\/\/www.padreydecano.com\/cms\/#\/schema\/logo\/image\/\"}},{\"@type\":\"Person\",\"@id\":\"https:\/\/www.padreydecano.com\/cms\/#\/schema\/person\/51e0214db654d9624824b37c2838bb65\",\"name\":\"Emirona07\",\"image\":{\"@type\":\"ImageObject\",\"inLanguage\":\"es\",\"@id\":\"https:\/\/www.padreydecano.com\/cms\/#\/schema\/person\/image\/\",\"url\":\"https:\/\/secure.gravatar.com\/avatar\/93c9118dbd5373a8a065bb5cdddde6bf?s=96&d=https%3A%2F%2Fpadreydecano.com%2Fcms%2Fwp-content%2Fthemes%2Fpyd-theme%2Fimg%2Fdefault-avatar.png&r=g\",\"contentUrl\":\"https:\/\/secure.gravatar.com\/avatar\/93c9118dbd5373a8a065bb5cdddde6bf?s=96&d=https%3A%2F%2Fpadreydecano.com%2Fcms%2Fwp-content%2Fthemes%2Fpyd-theme%2Fimg%2Fdefault-avatar.png&r=g\",\"caption\":\"Emirona07\"}}]}<\/script>\n<!-- \/ Yoast SEO plugin. -->","yoast_head_json":{"title":"Pases: pocas definiciones - Padre y Decano - El Sitio del Pueblo","robots":{"index":"index","follow":"follow","max-snippet":"max-snippet:-1","max-image-preview":"max-image-preview:large","max-video-preview":"max-video-preview:-1"},"canonical":"https:\/\/www.padreydecano.com\/cms\/noticias\/pases-pocas-definiciones\/","og_locale":"es_ES","og_type":"article","og_title":"Pases: pocas definiciones - Padre y Decano - El Sitio del Pueblo","og_description":"La Comisi\u00f3n de Pases y Contrataciones de Pe\u00f1arol se reuni\u00f3 por m\u00e1s de cuatro horas en el Palacio Cr. Gast\u00f3n Guelfi pero no hubo definiciones concretas; el panorama puede desencadenar dos nuevas contrataciones o ninguna. Intensas horas se vivieron en la sede de la calle Galicia, se habl\u00f3 mucho de la parte deportiva del club. [&hellip;]","og_url":"https:\/\/www.padreydecano.com\/cms\/noticias\/pases-pocas-definiciones\/","og_site_name":"Padre y Decano - El Sitio del Pueblo","article_published_time":"2017-08-08T11:00:49+00:00","article_modified_time":"2017-08-09T14:24:07+00:00","og_image":[{"width":845,"height":563,"url":"https:\/\/www.padreydecano.com\/cms\/wp-content\/uploads\/2016\/12\/ramos-de-los-santos-sanchez.jpg","type":"image\/jpeg"}],"author":"Emirona07","twitter_card":"summary_large_image","twitter_misc":{"Escrito por":"Emirona07","Tiempo de lectura":"2 minutos"},"schema":{"@context":"https:\/\/schema.org","@graph":[{"@type":"Article","@id":"https:\/\/www.padreydecano.com\/cms\/noticias\/pases-pocas-definiciones\/#article","isPartOf":{"@id":"https:\/\/www.padreydecano.com\/cms\/noticias\/pases-pocas-definiciones\/"},"author":{"name":"Emirona07","@id":"https:\/\/www.padreydecano.com\/cms\/#\/schema\/person\/51e0214db654d9624824b37c2838bb65"},"headline":"Pases: pocas definiciones","datePublished":"2017-08-08T11:00:49+00:00","dateModified":"2017-08-09T14:24:07+00:00","mainEntityOfPage":{"@id":"https:\/\/www.padreydecano.com\/cms\/noticias\/pases-pocas-definiciones\/"},"wordCount":366,"commentCount":146,"publisher":{"@id":"https:\/\/www.padreydecano.com\/cms\/#organization"},"image":{"@id":"https:\/\/www.padreydecano.com\/cms\/noticias\/pases-pocas-definiciones\/#primaryimage"},"thumbnailUrl":"https:\/\/www.padreydecano.com\/cms\/wp-content\/uploads\/2016\/12\/ramos-de-los-santos-sanchez.jpg","keywords":["Mercado de pases"],"articleSection":["Noticias"],"inLanguage":"es","potentialAction":[{"@type":"CommentAction","name":"Comment","target":["https:\/\/www.padreydecano.com\/cms\/noticias\/pases-pocas-definiciones\/#respond"]}]},{"@type":"WebPage","@id":"https:\/\/www.padreydecano.com\/cms\/noticias\/pases-pocas-definiciones\/","url":"https:\/\/www.padreydecano.com\/cms\/noticias\/pases-pocas-definiciones\/","name":"Pases: pocas definiciones - Padre y Decano - El Sitio del Pueblo","isPartOf":{"@id":"https:\/\/www.padreydecano.com\/cms\/#website"},"primaryImageOfPage":{"@id":"https:\/\/www.padreydecano.com\/cms\/noticias\/pases-pocas-definiciones\/#primaryimage"},"image":{"@id":"https:\/\/www.padreydecano.com\/cms\/noticias\/pases-pocas-definiciones\/#primaryimage"},"thumbnailUrl":"https:\/\/www.padreydecano.com\/cms\/wp-content\/uploads\/2016\/12\/ramos-de-los-santos-sanchez.jpg","datePublished":"2017-08-08T11:00:49+00:00","dateModified":"2017-08-09T14:24:07+00:00","breadcrumb":{"@id":"https:\/\/www.padreydecano.com\/cms\/noticias\/pases-pocas-definiciones\/#breadcrumb"},"inLanguage":"es","potentialAction":[{"@type":"ReadAction","target":["https:\/\/www.padreydecano.com\/cms\/noticias\/pases-pocas-definiciones\/"]}]},{"@type":"ImageObject","inLanguage":"es","@id":"https:\/\/www.padreydecano.com\/cms\/noticias\/pases-pocas-definiciones\/#primaryimage","url":"https:\/\/www.padreydecano.com\/cms\/wp-content\/uploads\/2016\/12\/ramos-de-los-santos-sanchez.jpg","contentUrl":"https:\/\/www.padreydecano.com\/cms\/wp-content\/uploads\/2016\/12\/ramos-de-los-santos-sanchez.jpg","width":845,"height":563,"caption":"Foto: Carlos Pazos, El Observador"},{"@type":"BreadcrumbList","@id":"https:\/\/www.padreydecano.com\/cms\/noticias\/pases-pocas-definiciones\/#breadcrumb","itemListElement":[{"@type":"ListItem","position":1,"name":"Portada","item":"https:\/\/www.padreydecano.com\/cms\/"},{"@type":"ListItem","position":2,"name":"Pases: pocas definiciones"}]},{"@type":"WebSite","@id":"https:\/\/www.padreydecano.com\/cms\/#website","url":"https:\/\/www.padreydecano.com\/cms\/","name":"Padre y Decano - El Sitio del Pueblo","description":"Club Atl\u00e9tico Pe\u00f1arol","publisher":{"@id":"https:\/\/www.padreydecano.com\/cms\/#organization"},"potentialAction":[{"@type":"SearchAction","target":{"@type":"EntryPoint","urlTemplate":"https:\/\/www.padreydecano.com\/cms\/?s={search_term_string}"},"query-input":"required name=search_term_string"}],"inLanguage":"es"},{"@type":"Organization","@id":"https:\/\/www.padreydecano.com\/cms\/#organization","name":"Padre y Decano","url":"https:\/\/www.padreydecano.com\/cms\/","logo":{"@type":"ImageObject","inLanguage":"es","@id":"https:\/\/www.padreydecano.com\/cms\/#\/schema\/logo\/image\/","url":"https:\/\/www.padreydecano.com\/cms\/wp-content\/uploads\/2022\/01\/avatar-square.png","contentUrl":"https:\/\/www.padreydecano.com\/cms\/wp-content\/uploads\/2022\/01\/avatar-square.png","width":1500,"height":1500,"caption":"Padre y Decano"},"image":{"@id":"https:\/\/www.padreydecano.com\/cms\/#\/schema\/logo\/image\/"}},{"@type":"Person","@id":"https:\/\/www.padreydecano.com\/cms\/#\/schema\/person\/51e0214db654d9624824b37c2838bb65","name":"Emirona07","image":{"@type":"ImageObject","inLanguage":"es","@id":"https:\/\/www.padreydecano.com\/cms\/#\/schema\/person\/image\/","url":"https:\/\/secure.gravatar.com\/avatar\/93c9118dbd5373a8a065bb5cdddde6bf?s=96&d=https%3A%2F%2Fpadreydecano.com%2Fcms%2Fwp-content%2Fthemes%2Fpyd-theme%2Fimg%2Fdefault-avatar.png&r=g","contentUrl":"https:\/\/secure.gravatar.com\/avatar\/93c9118dbd5373a8a065bb5cdddde6bf?s=96&d=https%3A%2F%2Fpadreydecano.com%2Fcms%2Fwp-content%2Fthemes%2Fpyd-theme%2Fimg%2Fdefault-avatar.png&r=g","caption":"Emirona07"}}]}},"_links":{"self":[{"href":"https:\/\/www.padreydecano.com\/cms\/wp-json\/wp\/v2\/posts\/63973"}],"collection":[{"href":"https:\/\/www.padreydecano.com\/cms\/wp-json\/wp\/v2\/posts"}],"about":[{"href":"https:\/\/www.padreydecano.com\/cms\/wp-json\/wp\/v2\/types\/post"}],"author":[{"embeddable":true,"href":"https:\/\/www.padreydecano.com\/cms\/wp-json\/wp\/v2\/users\/5"}],"replies":[{"embeddable":true,"href":"https:\/\/www.padreydecano.com\/cms\/wp-json\/wp\/v2\/comments?post=63973"}],"version-history":[{"count":0,"href":"https:\/\/www.padreydecano.com\/cms\/wp-json\/wp\/v2\/posts\/63973\/revisions"}],"wp:featuredmedia":[{"embeddable":true,"href":"https:\/\/www.padreydecano.com\/cms\/wp-json\/wp\/v2\/media\/61353"}],"wp:attachment":[{"href":"https:\/\/www.padreydecano.com\/cms\/wp-json\/wp\/v2\/media?parent=63973"}],"wp:term":[{"taxonomy":"category","embeddable":true,"href":"https:\/\/www.padreydecano.com\/cms\/wp-json\/wp\/v2\/categories?post=63973"},{"taxonomy":"post_tag","embeddable":true,"href":"https:\/\/www.padreydecano.com\/cms\/wp-json\/wp\/v2\/tags?post=63973"}],"curies":[{"name":"wp","href":"https:\/\/api.w.org\/{rel}","templated":true}]}}