{"id":63862,"date":"2017-08-01T20:00:50","date_gmt":"2017-08-01T23:00:50","guid":{"rendered":"http:\/\/www.padreydecano.com\/cms\/?p=63862"},"modified":"2017-08-01T20:02:11","modified_gmt":"2017-08-01T23:02:11","slug":"llego-la-cuarta-matias-corujo-jugara-en-penarol","status":"publish","type":"post","link":"https:\/\/www.padreydecano.com\/cms\/noticias\/llego-la-cuarta-matias-corujo-jugara-en-penarol\/","title":{"rendered":"Lleg\u00f3 la cuarta: Math\u00edas Corujo jugar\u00e1 en Pe\u00f1arol"},"content":{"rendered":"<p><a href=\"https:\/\/www.padreydecano.com\/cms\/wp-content\/uploads\/2017\/07\/Corujo-Pe\u00f1arol-slider.jpg\" rel=\"shadowbox[sbpost-63862];player=img;\"><img loading=\"lazy\" decoding=\"async\" class=\"aligncenter size-full wp-image-63840\" src=\"https:\/\/www.padreydecano.com\/cms\/wp-content\/uploads\/2017\/07\/Corujo-Pe\u00f1arol-slider.jpg\" alt=\"\" width=\"690\" height=\"420\" srcset=\"https:\/\/www.padreydecano.com\/cms\/wp-content\/uploads\/2017\/07\/Corujo-Pe\u00f1arol-slider.jpg 690w, https:\/\/www.padreydecano.com\/cms\/wp-content\/uploads\/2017\/07\/Corujo-Pe\u00f1arol-slider-600x365.jpg 600w\" sizes=\"(max-width: 690px) 100vw, 690px\" \/><\/a><\/p>\n<p style=\"text-align: justify;\"><strong>Math\u00edas Corujo se convirti\u00f3 en la cuarta incorporaci\u00f3n de Pe\u00f1arol. El futbolista arrib\u00f3 en esta jornada a Montevideo para firmar por el Decano.<\/strong><\/p>\n<p style=\"text-align: justify;\"><strong>El futbolista de selecci\u00f3n uruguaya llega procedente de San Lorenzo de Almagro, donde tuvo pasajes con cierta irregularidad.<\/strong> Polifuncional: se puede desenvolver por todo el carril derecho, tanto de lateral como de volante y tambi\u00e9n en la contenci\u00f3n por el eje central de la cancha.<\/p>\n<p style=\"text-align: justify;\">De 31 a\u00f1os, el popular \u00abChiche\u00bb fue finalista de la Copa Libertadores 2011 con Pe\u00f1arol, y adem\u00e1s bicampe\u00f3n con Cerro Porte\u00f1o en Paraguay y tres veces campe\u00f3n con la Universidad de Chile en el f\u00fatbol trasandino. Corujo es citado a la selecci\u00f3n uruguaya desde 2014.<\/p>\n","protected":false},"excerpt":{"rendered":"<p>Math\u00edas Corujo se convirti\u00f3 en la cuarta incorporaci\u00f3n de Pe\u00f1arol. El futbolista arrib\u00f3 en esta jornada a Montevideo para firmar por el Decano. El futbolista de selecci\u00f3n uruguaya llega procedente de San Lorenzo de Almagro, donde tuvo pasajes con cierta irregularidad. Polifuncional: se puede desenvolver por todo el carril derecho, tanto de lateral como de [&hellip;]<\/p>\n","protected":false},"author":13,"featured_media":63840,"comment_status":"open","ping_status":"closed","sticky":false,"template":"","format":"standard","meta":{"footnotes":""},"categories":[1],"tags":[26],"yoast_head":"<!-- This site is optimized with the Yoast SEO plugin v23.2 - https:\/\/yoast.com\/wordpress\/plugins\/seo\/ -->\n<title>Lleg\u00f3 la cuarta: Math\u00edas Corujo jugar\u00e1 en Pe\u00f1arol - Padre y Decano - El Sitio del Pueblo<\/title>\n<meta name=\"robots\" content=\"index, follow, max-snippet:-1, max-image-preview:large, max-video-preview:-1\" \/>\n<link rel=\"canonical\" href=\"https:\/\/www.padreydecano.com\/cms\/noticias\/llego-la-cuarta-matias-corujo-jugara-en-penarol\/\" \/>\n<meta property=\"og:locale\" content=\"es_ES\" \/>\n<meta property=\"og:type\" content=\"article\" \/>\n<meta property=\"og:title\" content=\"Lleg\u00f3 la cuarta: Math\u00edas Corujo jugar\u00e1 en Pe\u00f1arol - Padre y Decano - El Sitio del Pueblo\" \/>\n<meta property=\"og:description\" content=\"Math\u00edas Corujo se convirti\u00f3 en la cuarta incorporaci\u00f3n de Pe\u00f1arol. El futbolista arrib\u00f3 en esta jornada a Montevideo para firmar por el Decano. El futbolista de selecci\u00f3n uruguaya llega procedente de San Lorenzo de Almagro, donde tuvo pasajes con cierta irregularidad. Polifuncional: se puede desenvolver por todo el carril derecho, tanto de lateral como de [&hellip;]\" \/>\n<meta property=\"og:url\" content=\"https:\/\/www.padreydecano.com\/cms\/noticias\/llego-la-cuarta-matias-corujo-jugara-en-penarol\/\" \/>\n<meta property=\"og:site_name\" content=\"Padre y Decano - El Sitio del Pueblo\" \/>\n<meta property=\"article:published_time\" content=\"2017-08-01T23:00:50+00:00\" \/>\n<meta property=\"article:modified_time\" content=\"2017-08-01T23:02:11+00:00\" \/>\n<meta property=\"og:image\" content=\"https:\/\/www.padreydecano.com\/cms\/wp-content\/uploads\/2017\/07\/Corujo-Pe\u00f1arol-slider.jpg\" \/>\n\t<meta property=\"og:image:width\" content=\"690\" \/>\n\t<meta property=\"og:image:height\" content=\"420\" \/>\n\t<meta property=\"og:image:type\" content=\"image\/jpeg\" \/>\n<meta name=\"author\" content=\"Moderador\" \/>\n<meta name=\"twitter:card\" content=\"summary_large_image\" \/>\n<meta name=\"twitter:label1\" content=\"Escrito por\" \/>\n\t<meta name=\"twitter:data1\" content=\"Moderador\" \/>\n\t<meta name=\"twitter:label2\" content=\"Tiempo de lectura\" \/>\n\t<meta name=\"twitter:data2\" content=\"1 minuto\" \/>\n<script type=\"application\/ld+json\" class=\"yoast-schema-graph\">{\"@context\":\"https:\/\/schema.org\",\"@graph\":[{\"@type\":\"Article\",\"@id\":\"https:\/\/www.padreydecano.com\/cms\/noticias\/llego-la-cuarta-matias-corujo-jugara-en-penarol\/#article\",\"isPartOf\":{\"@id\":\"https:\/\/www.padreydecano.com\/cms\/noticias\/llego-la-cuarta-matias-corujo-jugara-en-penarol\/\"},\"author\":{\"name\":\"Moderador\",\"@id\":\"https:\/\/www.padreydecano.com\/cms\/#\/schema\/person\/d93e9e537230ae052c194251d9a1def2\"},\"headline\":\"Lleg\u00f3 la cuarta: Math\u00edas Corujo jugar\u00e1 en Pe\u00f1arol\",\"datePublished\":\"2017-08-01T23:00:50+00:00\",\"dateModified\":\"2017-08-01T23:02:11+00:00\",\"mainEntityOfPage\":{\"@id\":\"https:\/\/www.padreydecano.com\/cms\/noticias\/llego-la-cuarta-matias-corujo-jugara-en-penarol\/\"},\"wordCount\":134,\"commentCount\":55,\"publisher\":{\"@id\":\"https:\/\/www.padreydecano.com\/cms\/#organization\"},\"image\":{\"@id\":\"https:\/\/www.padreydecano.com\/cms\/noticias\/llego-la-cuarta-matias-corujo-jugara-en-penarol\/#primaryimage\"},\"thumbnailUrl\":\"https:\/\/www.padreydecano.com\/cms\/wp-content\/uploads\/2017\/07\/Corujo-Pe\u00f1arol-slider.jpg\",\"keywords\":[\"Mercado de pases\"],\"articleSection\":[\"Noticias\"],\"inLanguage\":\"es\",\"potentialAction\":[{\"@type\":\"CommentAction\",\"name\":\"Comment\",\"target\":[\"https:\/\/www.padreydecano.com\/cms\/noticias\/llego-la-cuarta-matias-corujo-jugara-en-penarol\/#respond\"]}]},{\"@type\":\"WebPage\",\"@id\":\"https:\/\/www.padreydecano.com\/cms\/noticias\/llego-la-cuarta-matias-corujo-jugara-en-penarol\/\",\"url\":\"https:\/\/www.padreydecano.com\/cms\/noticias\/llego-la-cuarta-matias-corujo-jugara-en-penarol\/\",\"name\":\"Lleg\u00f3 la cuarta: Math\u00edas Corujo jugar\u00e1 en Pe\u00f1arol - Padre y Decano - El Sitio del Pueblo\",\"isPartOf\":{\"@id\":\"https:\/\/www.padreydecano.com\/cms\/#website\"},\"primaryImageOfPage\":{\"@id\":\"https:\/\/www.padreydecano.com\/cms\/noticias\/llego-la-cuarta-matias-corujo-jugara-en-penarol\/#primaryimage\"},\"image\":{\"@id\":\"https:\/\/www.padreydecano.com\/cms\/noticias\/llego-la-cuarta-matias-corujo-jugara-en-penarol\/#primaryimage\"},\"thumbnailUrl\":\"https:\/\/www.padreydecano.com\/cms\/wp-content\/uploads\/2017\/07\/Corujo-Pe\u00f1arol-slider.jpg\",\"datePublished\":\"2017-08-01T23:00:50+00:00\",\"dateModified\":\"2017-08-01T23:02:11+00:00\",\"breadcrumb\":{\"@id\":\"https:\/\/www.padreydecano.com\/cms\/noticias\/llego-la-cuarta-matias-corujo-jugara-en-penarol\/#breadcrumb\"},\"inLanguage\":\"es\",\"potentialAction\":[{\"@type\":\"ReadAction\",\"target\":[\"https:\/\/www.padreydecano.com\/cms\/noticias\/llego-la-cuarta-matias-corujo-jugara-en-penarol\/\"]}]},{\"@type\":\"ImageObject\",\"inLanguage\":\"es\",\"@id\":\"https:\/\/www.padreydecano.com\/cms\/noticias\/llego-la-cuarta-matias-corujo-jugara-en-penarol\/#primaryimage\",\"url\":\"https:\/\/www.padreydecano.com\/cms\/wp-content\/uploads\/2017\/07\/Corujo-Pe\u00f1arol-slider.jpg\",\"contentUrl\":\"https:\/\/www.padreydecano.com\/cms\/wp-content\/uploads\/2017\/07\/Corujo-Pe\u00f1arol-slider.jpg\",\"width\":690,\"height\":420},{\"@type\":\"BreadcrumbList\",\"@id\":\"https:\/\/www.padreydecano.com\/cms\/noticias\/llego-la-cuarta-matias-corujo-jugara-en-penarol\/#breadcrumb\",\"itemListElement\":[{\"@type\":\"ListItem\",\"position\":1,\"name\":\"Portada\",\"item\":\"https:\/\/www.padreydecano.com\/cms\/\"},{\"@type\":\"ListItem\",\"position\":2,\"name\":\"Lleg\u00f3 la cuarta: Math\u00edas Corujo jugar\u00e1 en Pe\u00f1arol\"}]},{\"@type\":\"WebSite\",\"@id\":\"https:\/\/www.padreydecano.com\/cms\/#website\",\"url\":\"https:\/\/www.padreydecano.com\/cms\/\",\"name\":\"Padre y Decano - El Sitio del Pueblo\",\"description\":\"Club Atl\u00e9tico Pe\u00f1arol\",\"publisher\":{\"@id\":\"https:\/\/www.padreydecano.com\/cms\/#organization\"},\"potentialAction\":[{\"@type\":\"SearchAction\",\"target\":{\"@type\":\"EntryPoint\",\"urlTemplate\":\"https:\/\/www.padreydecano.com\/cms\/?s={search_term_string}\"},\"query-input\":\"required name=search_term_string\"}],\"inLanguage\":\"es\"},{\"@type\":\"Organization\",\"@id\":\"https:\/\/www.padreydecano.com\/cms\/#organization\",\"name\":\"Padre y Decano\",\"url\":\"https:\/\/www.padreydecano.com\/cms\/\",\"logo\":{\"@type\":\"ImageObject\",\"inLanguage\":\"es\",\"@id\":\"https:\/\/www.padreydecano.com\/cms\/#\/schema\/logo\/image\/\",\"url\":\"https:\/\/www.padreydecano.com\/cms\/wp-content\/uploads\/2022\/01\/avatar-square.png\",\"contentUrl\":\"https:\/\/www.padreydecano.com\/cms\/wp-content\/uploads\/2022\/01\/avatar-square.png\",\"width\":1500,\"height\":1500,\"caption\":\"Padre y Decano\"},\"image\":{\"@id\":\"https:\/\/www.padreydecano.com\/cms\/#\/schema\/logo\/image\/\"}},{\"@type\":\"Person\",\"@id\":\"https:\/\/www.padreydecano.com\/cms\/#\/schema\/person\/d93e9e537230ae052c194251d9a1def2\",\"name\":\"Moderador\",\"image\":{\"@type\":\"ImageObject\",\"inLanguage\":\"es\",\"@id\":\"https:\/\/www.padreydecano.com\/cms\/#\/schema\/person\/image\/\",\"url\":\"https:\/\/secure.gravatar.com\/avatar\/2587727bf8a53bd3da4ec49f01bea66e?s=96&d=https%3A%2F%2Fpadreydecano.com%2Fcms%2Fwp-content%2Fthemes%2Fpyd-theme%2Fimg%2Fdefault-avatar.png&r=g\",\"contentUrl\":\"https:\/\/secure.gravatar.com\/avatar\/2587727bf8a53bd3da4ec49f01bea66e?s=96&d=https%3A%2F%2Fpadreydecano.com%2Fcms%2Fwp-content%2Fthemes%2Fpyd-theme%2Fimg%2Fdefault-avatar.png&r=g\",\"caption\":\"Moderador\"}}]}<\/script>\n<!-- \/ Yoast SEO plugin. -->","yoast_head_json":{"title":"Lleg\u00f3 la cuarta: Math\u00edas Corujo jugar\u00e1 en Pe\u00f1arol - Padre y Decano - El Sitio del Pueblo","robots":{"index":"index","follow":"follow","max-snippet":"max-snippet:-1","max-image-preview":"max-image-preview:large","max-video-preview":"max-video-preview:-1"},"canonical":"https:\/\/www.padreydecano.com\/cms\/noticias\/llego-la-cuarta-matias-corujo-jugara-en-penarol\/","og_locale":"es_ES","og_type":"article","og_title":"Lleg\u00f3 la cuarta: Math\u00edas Corujo jugar\u00e1 en Pe\u00f1arol - Padre y Decano - El Sitio del Pueblo","og_description":"Math\u00edas Corujo se convirti\u00f3 en la cuarta incorporaci\u00f3n de Pe\u00f1arol. El futbolista arrib\u00f3 en esta jornada a Montevideo para firmar por el Decano. El futbolista de selecci\u00f3n uruguaya llega procedente de San Lorenzo de Almagro, donde tuvo pasajes con cierta irregularidad. Polifuncional: se puede desenvolver por todo el carril derecho, tanto de lateral como de [&hellip;]","og_url":"https:\/\/www.padreydecano.com\/cms\/noticias\/llego-la-cuarta-matias-corujo-jugara-en-penarol\/","og_site_name":"Padre y Decano - El Sitio del Pueblo","article_published_time":"2017-08-01T23:00:50+00:00","article_modified_time":"2017-08-01T23:02:11+00:00","og_image":[{"width":690,"height":420,"url":"https:\/\/www.padreydecano.com\/cms\/wp-content\/uploads\/2017\/07\/Corujo-Pe\u00f1arol-slider.jpg","type":"image\/jpeg"}],"author":"Moderador","twitter_card":"summary_large_image","twitter_misc":{"Escrito por":"Moderador","Tiempo de lectura":"1 minuto"},"schema":{"@context":"https:\/\/schema.org","@graph":[{"@type":"Article","@id":"https:\/\/www.padreydecano.com\/cms\/noticias\/llego-la-cuarta-matias-corujo-jugara-en-penarol\/#article","isPartOf":{"@id":"https:\/\/www.padreydecano.com\/cms\/noticias\/llego-la-cuarta-matias-corujo-jugara-en-penarol\/"},"author":{"name":"Moderador","@id":"https:\/\/www.padreydecano.com\/cms\/#\/schema\/person\/d93e9e537230ae052c194251d9a1def2"},"headline":"Lleg\u00f3 la cuarta: Math\u00edas Corujo jugar\u00e1 en Pe\u00f1arol","datePublished":"2017-08-01T23:00:50+00:00","dateModified":"2017-08-01T23:02:11+00:00","mainEntityOfPage":{"@id":"https:\/\/www.padreydecano.com\/cms\/noticias\/llego-la-cuarta-matias-corujo-jugara-en-penarol\/"},"wordCount":134,"commentCount":55,"publisher":{"@id":"https:\/\/www.padreydecano.com\/cms\/#organization"},"image":{"@id":"https:\/\/www.padreydecano.com\/cms\/noticias\/llego-la-cuarta-matias-corujo-jugara-en-penarol\/#primaryimage"},"thumbnailUrl":"https:\/\/www.padreydecano.com\/cms\/wp-content\/uploads\/2017\/07\/Corujo-Pe\u00f1arol-slider.jpg","keywords":["Mercado de pases"],"articleSection":["Noticias"],"inLanguage":"es","potentialAction":[{"@type":"CommentAction","name":"Comment","target":["https:\/\/www.padreydecano.com\/cms\/noticias\/llego-la-cuarta-matias-corujo-jugara-en-penarol\/#respond"]}]},{"@type":"WebPage","@id":"https:\/\/www.padreydecano.com\/cms\/noticias\/llego-la-cuarta-matias-corujo-jugara-en-penarol\/","url":"https:\/\/www.padreydecano.com\/cms\/noticias\/llego-la-cuarta-matias-corujo-jugara-en-penarol\/","name":"Lleg\u00f3 la cuarta: Math\u00edas Corujo jugar\u00e1 en Pe\u00f1arol - Padre y Decano - El Sitio del Pueblo","isPartOf":{"@id":"https:\/\/www.padreydecano.com\/cms\/#website"},"primaryImageOfPage":{"@id":"https:\/\/www.padreydecano.com\/cms\/noticias\/llego-la-cuarta-matias-corujo-jugara-en-penarol\/#primaryimage"},"image":{"@id":"https:\/\/www.padreydecano.com\/cms\/noticias\/llego-la-cuarta-matias-corujo-jugara-en-penarol\/#primaryimage"},"thumbnailUrl":"https:\/\/www.padreydecano.com\/cms\/wp-content\/uploads\/2017\/07\/Corujo-Pe\u00f1arol-slider.jpg","datePublished":"2017-08-01T23:00:50+00:00","dateModified":"2017-08-01T23:02:11+00:00","breadcrumb":{"@id":"https:\/\/www.padreydecano.com\/cms\/noticias\/llego-la-cuarta-matias-corujo-jugara-en-penarol\/#breadcrumb"},"inLanguage":"es","potentialAction":[{"@type":"ReadAction","target":["https:\/\/www.padreydecano.com\/cms\/noticias\/llego-la-cuarta-matias-corujo-jugara-en-penarol\/"]}]},{"@type":"ImageObject","inLanguage":"es","@id":"https:\/\/www.padreydecano.com\/cms\/noticias\/llego-la-cuarta-matias-corujo-jugara-en-penarol\/#primaryimage","url":"https:\/\/www.padreydecano.com\/cms\/wp-content\/uploads\/2017\/07\/Corujo-Pe\u00f1arol-slider.jpg","contentUrl":"https:\/\/www.padreydecano.com\/cms\/wp-content\/uploads\/2017\/07\/Corujo-Pe\u00f1arol-slider.jpg","width":690,"height":420},{"@type":"BreadcrumbList","@id":"https:\/\/www.padreydecano.com\/cms\/noticias\/llego-la-cuarta-matias-corujo-jugara-en-penarol\/#breadcrumb","itemListElement":[{"@type":"ListItem","position":1,"name":"Portada","item":"https:\/\/www.padreydecano.com\/cms\/"},{"@type":"ListItem","position":2,"name":"Lleg\u00f3 la cuarta: Math\u00edas Corujo jugar\u00e1 en Pe\u00f1arol"}]},{"@type":"WebSite","@id":"https:\/\/www.padreydecano.com\/cms\/#website","url":"https:\/\/www.padreydecano.com\/cms\/","name":"Padre y Decano - El Sitio del Pueblo","description":"Club Atl\u00e9tico Pe\u00f1arol","publisher":{"@id":"https:\/\/www.padreydecano.com\/cms\/#organization"},"potentialAction":[{"@type":"SearchAction","target":{"@type":"EntryPoint","urlTemplate":"https:\/\/www.padreydecano.com\/cms\/?s={search_term_string}"},"query-input":"required name=search_term_string"}],"inLanguage":"es"},{"@type":"Organization","@id":"https:\/\/www.padreydecano.com\/cms\/#organization","name":"Padre y Decano","url":"https:\/\/www.padreydecano.com\/cms\/","logo":{"@type":"ImageObject","inLanguage":"es","@id":"https:\/\/www.padreydecano.com\/cms\/#\/schema\/logo\/image\/","url":"https:\/\/www.padreydecano.com\/cms\/wp-content\/uploads\/2022\/01\/avatar-square.png","contentUrl":"https:\/\/www.padreydecano.com\/cms\/wp-content\/uploads\/2022\/01\/avatar-square.png","width":1500,"height":1500,"caption":"Padre y Decano"},"image":{"@id":"https:\/\/www.padreydecano.com\/cms\/#\/schema\/logo\/image\/"}},{"@type":"Person","@id":"https:\/\/www.padreydecano.com\/cms\/#\/schema\/person\/d93e9e537230ae052c194251d9a1def2","name":"Moderador","image":{"@type":"ImageObject","inLanguage":"es","@id":"https:\/\/www.padreydecano.com\/cms\/#\/schema\/person\/image\/","url":"https:\/\/secure.gravatar.com\/avatar\/2587727bf8a53bd3da4ec49f01bea66e?s=96&d=https%3A%2F%2Fpadreydecano.com%2Fcms%2Fwp-content%2Fthemes%2Fpyd-theme%2Fimg%2Fdefault-avatar.png&r=g","contentUrl":"https:\/\/secure.gravatar.com\/avatar\/2587727bf8a53bd3da4ec49f01bea66e?s=96&d=https%3A%2F%2Fpadreydecano.com%2Fcms%2Fwp-content%2Fthemes%2Fpyd-theme%2Fimg%2Fdefault-avatar.png&r=g","caption":"Moderador"}}]}},"_links":{"self":[{"href":"https:\/\/www.padreydecano.com\/cms\/wp-json\/wp\/v2\/posts\/63862"}],"collection":[{"href":"https:\/\/www.padreydecano.com\/cms\/wp-json\/wp\/v2\/posts"}],"about":[{"href":"https:\/\/www.padreydecano.com\/cms\/wp-json\/wp\/v2\/types\/post"}],"author":[{"embeddable":true,"href":"https:\/\/www.padreydecano.com\/cms\/wp-json\/wp\/v2\/users\/13"}],"replies":[{"embeddable":true,"href":"https:\/\/www.padreydecano.com\/cms\/wp-json\/wp\/v2\/comments?post=63862"}],"version-history":[{"count":0,"href":"https:\/\/www.padreydecano.com\/cms\/wp-json\/wp\/v2\/posts\/63862\/revisions"}],"wp:featuredmedia":[{"embeddable":true,"href":"https:\/\/www.padreydecano.com\/cms\/wp-json\/wp\/v2\/media\/63840"}],"wp:attachment":[{"href":"https:\/\/www.padreydecano.com\/cms\/wp-json\/wp\/v2\/media?parent=63862"}],"wp:term":[{"taxonomy":"category","embeddable":true,"href":"https:\/\/www.padreydecano.com\/cms\/wp-json\/wp\/v2\/categories?post=63862"},{"taxonomy":"post_tag","embeddable":true,"href":"https:\/\/www.padreydecano.com\/cms\/wp-json\/wp\/v2\/tags?post=63862"}],"curies":[{"name":"wp","href":"https:\/\/api.w.org\/{rel}","templated":true}]}}