{"id":63513,"date":"2017-06-12T10:10:30","date_gmt":"2017-06-12T13:10:30","guid":{"rendered":"http:\/\/www.padreydecano.com\/cms\/?p=63513"},"modified":"2017-06-12T14:12:38","modified_gmt":"2017-06-12T17:12:38","slug":"futsal-se-viene-el-clasico","status":"publish","type":"post","link":"https:\/\/www.padreydecano.com\/cms\/otras-disciplinas\/futsal-se-viene-el-clasico\/","title":{"rendered":"FUTSAL: Se viene el cl\u00e1sico"},"content":{"rendered":"<p><a href=\"https:\/\/www.padreydecano.com\/cms\/wp-content\/uploads\/2017\/06\/pe\u00f1arol-its.jpg\" rel=\"shadowbox[sbpost-63513];player=img;\"><img loading=\"lazy\" decoding=\"async\" class=\"aligncenter size-large wp-image-63514\" src=\"https:\/\/www.padreydecano.com\/cms\/wp-content\/uploads\/2017\/06\/pe\u00f1arol-its-1024x768.jpg\" alt=\"\" width=\"620\" height=\"465\" srcset=\"https:\/\/www.padreydecano.com\/cms\/wp-content\/uploads\/2017\/06\/pe\u00f1arol-its-1024x768.jpg 1024w, https:\/\/www.padreydecano.com\/cms\/wp-content\/uploads\/2017\/06\/pe\u00f1arol-its-600x450.jpg 600w, https:\/\/www.padreydecano.com\/cms\/wp-content\/uploads\/2017\/06\/pe\u00f1arol-its-768x576.jpg 768w, https:\/\/www.padreydecano.com\/cms\/wp-content\/uploads\/2017\/06\/pe\u00f1arol-its.jpg 1280w\" sizes=\"(max-width: 620px) 100vw, 620px\" \/><\/a><\/p>\n<p style=\"text-align: justify;\">Luego de vencer en ambas categor\u00edas y en fines de semanas consecutivos a Banco Rep\u00fablica y a I.T.S., Pe\u00f1arol se mantiene con puntaje perfecto en Primera, y en buena posici\u00f3n en Sub 20, de cara a la recta final de la primera rueda del Campeonato Uruguayo de F\u00fatbol Sala. <strong>En la pr\u00f3xima fecha se disputar\u00e1n los cl\u00e1sicos en ambas categor\u00edas.<\/strong><\/p>\n<p style=\"text-align: justify;\">El primer fin de semana de junio visitamos a Banco Rep\u00fablica en el Gimnasio de I,T,S. A primera hora, en el partido de Sub 20, fue victoria carbonera por 5 a 2 con goles de Facundo Sosa (2), Lucas Taramasco (2) e Ignacio Oper. En el partido de fondo, con un gran juego colectivo y sin dejar reaccionar al rival en ning\u00fan pasaje del partido, P<strong>e\u00f1arol gole\u00f3 a Banco Rep\u00fablica por 5 a 1 con goles de Nicol\u00e1s Ordoqui (2), Ignacio Buggiano (2) y Daniel Laurino.<\/strong><\/p>\n<p style=\"text-align: justify;\">El s\u00e1bado 10 de junio volvimos al Gimnasio de I.T.S., pero esta vez para enfrentar al local, quien llegaba en ambas categor\u00edas en la zona media de la tabla de posiciones. El partido de primera hora (Sub 20) termin\u00f3 con victoria por 5 a 2 con goles de Nicol\u00e1s Martinez, Lucas Taramasco, Agust\u00edn Luna, Facundo Sosa e Ignacio Oper. En Primera Divisi\u00f3n la victoria fue m\u00e1s abultada, ya que <strong>el equipo carbonero gole\u00f3 a I.T.S. por 12 a 1.<\/strong> Los goles fueron anotados por Facundo Silveira (4), Nicol\u00e1s Ordoqui (3), Nicol\u00e1s Sacco (2), Guillermo Goerki (2) e Ignacio Buggiano.<\/p>\n<p style=\"text-align: justify;\">Un gran apronte cl\u00e1sico en ambas categor\u00edas, que <strong>se disputar\u00e1n el pr\u00f3ximo s\u00e1bado en el Gimnasio de I.T.S. El de Primera ser\u00e1 a las 16.30 hs y el preliminar a las 15.00 hs. Como viene sucediendo en los \u00faltimos cl\u00e1sicos, se jugar\u00e1n pr\u00e1cticamente a puertas cerradas, ya que se permitir\u00e1 \u00fanicamente el ingreso de jugadores, cuerpo t\u00e9cnico y delegados de ambas instituciones, no superando las 50 personas en cada delegaci\u00f3n.<\/strong><\/p>\n<p style=\"text-align: justify;\"><span style=\"color: #ffcc02;\"><strong>Resultados 7\u00aa Fecha<\/strong><\/span><br \/>\nI.T.S. 1-12 Pe\u00f1arol<br \/>\nMalvin 9-0 Parque Cubano<br \/>\nBoston River 2-9 Nacional<br \/>\nOld Christians 3-4 Banco Rep\u00fablica<br \/>\nDolores 3-8 Elbio Fern\u00e1ndez<\/p>\n<p style=\"text-align: justify;\"><span style=\"color: #ffcc02;\"><strong>Posiciones Primera<\/strong><\/span><br \/>\nNacional 21<br \/>\nPe\u00f1arol 18*<br \/>\nBanco Rep\u00fablica 15*<br \/>\nMalvin 15<br \/>\nElbio Fern\u00e1ndez 12<br \/>\nOld Christians 6**<br \/>\nI.T.S. 6<br \/>\nDolores 3**<br \/>\nR\u00edo Negro City 3*<br \/>\nBoston River 3*<br \/>\nParque Cubano 0*<\/p>\n<p style=\"text-align: justify;\"><span style=\"color: #ffcc02;\"><strong>Posiciones Sub 20<\/strong><\/span><br \/>\nMalvin 21<br \/>\nNacional 18<br \/>\nPe\u00f1arol 16*<br \/>\nR\u00edo Negro City 10*<br \/>\nBoston River 10*<br \/>\nBanco Rep\u00fablica 6*<br \/>\nI.T.S. 6<br \/>\nDolores 4**<br \/>\nOld Christians 4**<br \/>\nElbio Fern\u00e1ndez 4<br \/>\nParque Cubano 0*<\/p>\n<p style=\"text-align: justify;\">* Tienen un partido menos disputado<br \/>\n** Tienen dos partidos menos disputados<\/p>\n<p style=\"text-align: justify;\"><span style=\"color: #ffcc02;\"><strong>Pr\u00f3xima Fecha (8\u00aa)<\/strong><\/span><br \/>\nPe\u00f1arol vs. Nacional<br \/>\nMalvin vs. R\u00edo Negro City<br \/>\nBanco Rep\u00fablica vs. I.T.S.<br \/>\nParque Cubano vs. Dolores<br \/>\nOld Christians vs. Boston River<br \/>\nLibre: Elbio Fern\u00e1ndez<\/p>\n","protected":false},"excerpt":{"rendered":"<p>Luego de vencer en ambas categor\u00edas y en fines de semanas consecutivos a Banco Rep\u00fablica y a I.T.S., Pe\u00f1arol se mantiene con puntaje perfecto en Primera, y en buena posici\u00f3n en Sub 20, de cara a la recta final de la primera rueda del Campeonato Uruguayo de F\u00fatbol Sala. En la pr\u00f3xima fecha se disputar\u00e1n [&hellip;]<\/p>\n","protected":false},"author":13,"featured_media":63514,"comment_status":"open","ping_status":"closed","sticky":false,"template":"","format":"standard","meta":{"footnotes":""},"categories":[27],"tags":[34],"yoast_head":"<!-- This site is optimized with the Yoast SEO plugin v23.2 - https:\/\/yoast.com\/wordpress\/plugins\/seo\/ -->\n<title>FUTSAL: Se viene el cl\u00e1sico - Padre y Decano - El Sitio del Pueblo<\/title>\n<meta name=\"robots\" content=\"index, follow, max-snippet:-1, max-image-preview:large, max-video-preview:-1\" \/>\n<link rel=\"canonical\" href=\"https:\/\/www.padreydecano.com\/cms\/otras-disciplinas\/futsal-se-viene-el-clasico\/\" \/>\n<meta property=\"og:locale\" content=\"es_ES\" \/>\n<meta property=\"og:type\" content=\"article\" \/>\n<meta property=\"og:title\" content=\"FUTSAL: Se viene el cl\u00e1sico - Padre y Decano - El Sitio del Pueblo\" \/>\n<meta property=\"og:description\" content=\"Luego de vencer en ambas categor\u00edas y en fines de semanas consecutivos a Banco Rep\u00fablica y a I.T.S., Pe\u00f1arol se mantiene con puntaje perfecto en Primera, y en buena posici\u00f3n en Sub 20, de cara a la recta final de la primera rueda del Campeonato Uruguayo de F\u00fatbol Sala. En la pr\u00f3xima fecha se disputar\u00e1n [&hellip;]\" \/>\n<meta property=\"og:url\" content=\"https:\/\/www.padreydecano.com\/cms\/otras-disciplinas\/futsal-se-viene-el-clasico\/\" \/>\n<meta property=\"og:site_name\" content=\"Padre y Decano - El Sitio del Pueblo\" \/>\n<meta property=\"article:published_time\" content=\"2017-06-12T13:10:30+00:00\" \/>\n<meta property=\"article:modified_time\" content=\"2017-06-12T17:12:38+00:00\" \/>\n<meta property=\"og:image\" content=\"https:\/\/www.padreydecano.com\/cms\/wp-content\/uploads\/2017\/06\/pe\u00f1arol-its.jpg\" \/>\n\t<meta property=\"og:image:width\" content=\"1280\" \/>\n\t<meta property=\"og:image:height\" content=\"960\" \/>\n\t<meta property=\"og:image:type\" content=\"image\/jpeg\" \/>\n<meta name=\"author\" content=\"Moderador\" \/>\n<meta name=\"twitter:card\" content=\"summary_large_image\" \/>\n<meta name=\"twitter:label1\" content=\"Escrito por\" \/>\n\t<meta name=\"twitter:data1\" content=\"Moderador\" \/>\n\t<meta name=\"twitter:label2\" content=\"Tiempo de lectura\" \/>\n\t<meta name=\"twitter:data2\" content=\"2 minutos\" \/>\n<script type=\"application\/ld+json\" class=\"yoast-schema-graph\">{\"@context\":\"https:\/\/schema.org\",\"@graph\":[{\"@type\":\"Article\",\"@id\":\"https:\/\/www.padreydecano.com\/cms\/otras-disciplinas\/futsal-se-viene-el-clasico\/#article\",\"isPartOf\":{\"@id\":\"https:\/\/www.padreydecano.com\/cms\/otras-disciplinas\/futsal-se-viene-el-clasico\/\"},\"author\":{\"name\":\"Moderador\",\"@id\":\"https:\/\/www.padreydecano.com\/cms\/#\/schema\/person\/d93e9e537230ae052c194251d9a1def2\"},\"headline\":\"FUTSAL: Se viene el cl\u00e1sico\",\"datePublished\":\"2017-06-12T13:10:30+00:00\",\"dateModified\":\"2017-06-12T17:12:38+00:00\",\"mainEntityOfPage\":{\"@id\":\"https:\/\/www.padreydecano.com\/cms\/otras-disciplinas\/futsal-se-viene-el-clasico\/\"},\"wordCount\":462,\"commentCount\":7,\"publisher\":{\"@id\":\"https:\/\/www.padreydecano.com\/cms\/#organization\"},\"image\":{\"@id\":\"https:\/\/www.padreydecano.com\/cms\/otras-disciplinas\/futsal-se-viene-el-clasico\/#primaryimage\"},\"thumbnailUrl\":\"https:\/\/www.padreydecano.com\/cms\/wp-content\/uploads\/2017\/06\/pe\u00f1arol-its.jpg\",\"keywords\":[\"Futsal\"],\"articleSection\":[\"Otras disciplinas\"],\"inLanguage\":\"es\",\"potentialAction\":[{\"@type\":\"CommentAction\",\"name\":\"Comment\",\"target\":[\"https:\/\/www.padreydecano.com\/cms\/otras-disciplinas\/futsal-se-viene-el-clasico\/#respond\"]}]},{\"@type\":\"WebPage\",\"@id\":\"https:\/\/www.padreydecano.com\/cms\/otras-disciplinas\/futsal-se-viene-el-clasico\/\",\"url\":\"https:\/\/www.padreydecano.com\/cms\/otras-disciplinas\/futsal-se-viene-el-clasico\/\",\"name\":\"FUTSAL: Se viene el cl\u00e1sico - Padre y Decano - El Sitio del Pueblo\",\"isPartOf\":{\"@id\":\"https:\/\/www.padreydecano.com\/cms\/#website\"},\"primaryImageOfPage\":{\"@id\":\"https:\/\/www.padreydecano.com\/cms\/otras-disciplinas\/futsal-se-viene-el-clasico\/#primaryimage\"},\"image\":{\"@id\":\"https:\/\/www.padreydecano.com\/cms\/otras-disciplinas\/futsal-se-viene-el-clasico\/#primaryimage\"},\"thumbnailUrl\":\"https:\/\/www.padreydecano.com\/cms\/wp-content\/uploads\/2017\/06\/pe\u00f1arol-its.jpg\",\"datePublished\":\"2017-06-12T13:10:30+00:00\",\"dateModified\":\"2017-06-12T17:12:38+00:00\",\"breadcrumb\":{\"@id\":\"https:\/\/www.padreydecano.com\/cms\/otras-disciplinas\/futsal-se-viene-el-clasico\/#breadcrumb\"},\"inLanguage\":\"es\",\"potentialAction\":[{\"@type\":\"ReadAction\",\"target\":[\"https:\/\/www.padreydecano.com\/cms\/otras-disciplinas\/futsal-se-viene-el-clasico\/\"]}]},{\"@type\":\"ImageObject\",\"inLanguage\":\"es\",\"@id\":\"https:\/\/www.padreydecano.com\/cms\/otras-disciplinas\/futsal-se-viene-el-clasico\/#primaryimage\",\"url\":\"https:\/\/www.padreydecano.com\/cms\/wp-content\/uploads\/2017\/06\/pe\u00f1arol-its.jpg\",\"contentUrl\":\"https:\/\/www.padreydecano.com\/cms\/wp-content\/uploads\/2017\/06\/pe\u00f1arol-its.jpg\",\"width\":1280,\"height\":960},{\"@type\":\"BreadcrumbList\",\"@id\":\"https:\/\/www.padreydecano.com\/cms\/otras-disciplinas\/futsal-se-viene-el-clasico\/#breadcrumb\",\"itemListElement\":[{\"@type\":\"ListItem\",\"position\":1,\"name\":\"Portada\",\"item\":\"https:\/\/www.padreydecano.com\/cms\/\"},{\"@type\":\"ListItem\",\"position\":2,\"name\":\"FUTSAL: Se viene el cl\u00e1sico\"}]},{\"@type\":\"WebSite\",\"@id\":\"https:\/\/www.padreydecano.com\/cms\/#website\",\"url\":\"https:\/\/www.padreydecano.com\/cms\/\",\"name\":\"Padre y Decano - El Sitio del Pueblo\",\"description\":\"Club Atl\u00e9tico Pe\u00f1arol\",\"publisher\":{\"@id\":\"https:\/\/www.padreydecano.com\/cms\/#organization\"},\"potentialAction\":[{\"@type\":\"SearchAction\",\"target\":{\"@type\":\"EntryPoint\",\"urlTemplate\":\"https:\/\/www.padreydecano.com\/cms\/?s={search_term_string}\"},\"query-input\":\"required name=search_term_string\"}],\"inLanguage\":\"es\"},{\"@type\":\"Organization\",\"@id\":\"https:\/\/www.padreydecano.com\/cms\/#organization\",\"name\":\"Padre y Decano\",\"url\":\"https:\/\/www.padreydecano.com\/cms\/\",\"logo\":{\"@type\":\"ImageObject\",\"inLanguage\":\"es\",\"@id\":\"https:\/\/www.padreydecano.com\/cms\/#\/schema\/logo\/image\/\",\"url\":\"https:\/\/www.padreydecano.com\/cms\/wp-content\/uploads\/2022\/01\/avatar-square.png\",\"contentUrl\":\"https:\/\/www.padreydecano.com\/cms\/wp-content\/uploads\/2022\/01\/avatar-square.png\",\"width\":1500,\"height\":1500,\"caption\":\"Padre y Decano\"},\"image\":{\"@id\":\"https:\/\/www.padreydecano.com\/cms\/#\/schema\/logo\/image\/\"}},{\"@type\":\"Person\",\"@id\":\"https:\/\/www.padreydecano.com\/cms\/#\/schema\/person\/d93e9e537230ae052c194251d9a1def2\",\"name\":\"Moderador\",\"image\":{\"@type\":\"ImageObject\",\"inLanguage\":\"es\",\"@id\":\"https:\/\/www.padreydecano.com\/cms\/#\/schema\/person\/image\/\",\"url\":\"https:\/\/secure.gravatar.com\/avatar\/2587727bf8a53bd3da4ec49f01bea66e?s=96&d=https%3A%2F%2Fpadreydecano.com%2Fcms%2Fwp-content%2Fthemes%2Fpyd-theme%2Fimg%2Fdefault-avatar.png&r=g\",\"contentUrl\":\"https:\/\/secure.gravatar.com\/avatar\/2587727bf8a53bd3da4ec49f01bea66e?s=96&d=https%3A%2F%2Fpadreydecano.com%2Fcms%2Fwp-content%2Fthemes%2Fpyd-theme%2Fimg%2Fdefault-avatar.png&r=g\",\"caption\":\"Moderador\"}}]}<\/script>\n<!-- \/ Yoast SEO plugin. -->","yoast_head_json":{"title":"FUTSAL: Se viene el cl\u00e1sico - Padre y Decano - El Sitio del Pueblo","robots":{"index":"index","follow":"follow","max-snippet":"max-snippet:-1","max-image-preview":"max-image-preview:large","max-video-preview":"max-video-preview:-1"},"canonical":"https:\/\/www.padreydecano.com\/cms\/otras-disciplinas\/futsal-se-viene-el-clasico\/","og_locale":"es_ES","og_type":"article","og_title":"FUTSAL: Se viene el cl\u00e1sico - Padre y Decano - El Sitio del Pueblo","og_description":"Luego de vencer en ambas categor\u00edas y en fines de semanas consecutivos a Banco Rep\u00fablica y a I.T.S., Pe\u00f1arol se mantiene con puntaje perfecto en Primera, y en buena posici\u00f3n en Sub 20, de cara a la recta final de la primera rueda del Campeonato Uruguayo de F\u00fatbol Sala. En la pr\u00f3xima fecha se disputar\u00e1n [&hellip;]","og_url":"https:\/\/www.padreydecano.com\/cms\/otras-disciplinas\/futsal-se-viene-el-clasico\/","og_site_name":"Padre y Decano - El Sitio del Pueblo","article_published_time":"2017-06-12T13:10:30+00:00","article_modified_time":"2017-06-12T17:12:38+00:00","og_image":[{"width":1280,"height":960,"url":"https:\/\/www.padreydecano.com\/cms\/wp-content\/uploads\/2017\/06\/pe\u00f1arol-its.jpg","type":"image\/jpeg"}],"author":"Moderador","twitter_card":"summary_large_image","twitter_misc":{"Escrito por":"Moderador","Tiempo de lectura":"2 minutos"},"schema":{"@context":"https:\/\/schema.org","@graph":[{"@type":"Article","@id":"https:\/\/www.padreydecano.com\/cms\/otras-disciplinas\/futsal-se-viene-el-clasico\/#article","isPartOf":{"@id":"https:\/\/www.padreydecano.com\/cms\/otras-disciplinas\/futsal-se-viene-el-clasico\/"},"author":{"name":"Moderador","@id":"https:\/\/www.padreydecano.com\/cms\/#\/schema\/person\/d93e9e537230ae052c194251d9a1def2"},"headline":"FUTSAL: Se viene el cl\u00e1sico","datePublished":"2017-06-12T13:10:30+00:00","dateModified":"2017-06-12T17:12:38+00:00","mainEntityOfPage":{"@id":"https:\/\/www.padreydecano.com\/cms\/otras-disciplinas\/futsal-se-viene-el-clasico\/"},"wordCount":462,"commentCount":7,"publisher":{"@id":"https:\/\/www.padreydecano.com\/cms\/#organization"},"image":{"@id":"https:\/\/www.padreydecano.com\/cms\/otras-disciplinas\/futsal-se-viene-el-clasico\/#primaryimage"},"thumbnailUrl":"https:\/\/www.padreydecano.com\/cms\/wp-content\/uploads\/2017\/06\/pe\u00f1arol-its.jpg","keywords":["Futsal"],"articleSection":["Otras disciplinas"],"inLanguage":"es","potentialAction":[{"@type":"CommentAction","name":"Comment","target":["https:\/\/www.padreydecano.com\/cms\/otras-disciplinas\/futsal-se-viene-el-clasico\/#respond"]}]},{"@type":"WebPage","@id":"https:\/\/www.padreydecano.com\/cms\/otras-disciplinas\/futsal-se-viene-el-clasico\/","url":"https:\/\/www.padreydecano.com\/cms\/otras-disciplinas\/futsal-se-viene-el-clasico\/","name":"FUTSAL: Se viene el cl\u00e1sico - Padre y Decano - El Sitio del Pueblo","isPartOf":{"@id":"https:\/\/www.padreydecano.com\/cms\/#website"},"primaryImageOfPage":{"@id":"https:\/\/www.padreydecano.com\/cms\/otras-disciplinas\/futsal-se-viene-el-clasico\/#primaryimage"},"image":{"@id":"https:\/\/www.padreydecano.com\/cms\/otras-disciplinas\/futsal-se-viene-el-clasico\/#primaryimage"},"thumbnailUrl":"https:\/\/www.padreydecano.com\/cms\/wp-content\/uploads\/2017\/06\/pe\u00f1arol-its.jpg","datePublished":"2017-06-12T13:10:30+00:00","dateModified":"2017-06-12T17:12:38+00:00","breadcrumb":{"@id":"https:\/\/www.padreydecano.com\/cms\/otras-disciplinas\/futsal-se-viene-el-clasico\/#breadcrumb"},"inLanguage":"es","potentialAction":[{"@type":"ReadAction","target":["https:\/\/www.padreydecano.com\/cms\/otras-disciplinas\/futsal-se-viene-el-clasico\/"]}]},{"@type":"ImageObject","inLanguage":"es","@id":"https:\/\/www.padreydecano.com\/cms\/otras-disciplinas\/futsal-se-viene-el-clasico\/#primaryimage","url":"https:\/\/www.padreydecano.com\/cms\/wp-content\/uploads\/2017\/06\/pe\u00f1arol-its.jpg","contentUrl":"https:\/\/www.padreydecano.com\/cms\/wp-content\/uploads\/2017\/06\/pe\u00f1arol-its.jpg","width":1280,"height":960},{"@type":"BreadcrumbList","@id":"https:\/\/www.padreydecano.com\/cms\/otras-disciplinas\/futsal-se-viene-el-clasico\/#breadcrumb","itemListElement":[{"@type":"ListItem","position":1,"name":"Portada","item":"https:\/\/www.padreydecano.com\/cms\/"},{"@type":"ListItem","position":2,"name":"FUTSAL: Se viene el cl\u00e1sico"}]},{"@type":"WebSite","@id":"https:\/\/www.padreydecano.com\/cms\/#website","url":"https:\/\/www.padreydecano.com\/cms\/","name":"Padre y Decano - El Sitio del Pueblo","description":"Club Atl\u00e9tico Pe\u00f1arol","publisher":{"@id":"https:\/\/www.padreydecano.com\/cms\/#organization"},"potentialAction":[{"@type":"SearchAction","target":{"@type":"EntryPoint","urlTemplate":"https:\/\/www.padreydecano.com\/cms\/?s={search_term_string}"},"query-input":"required name=search_term_string"}],"inLanguage":"es"},{"@type":"Organization","@id":"https:\/\/www.padreydecano.com\/cms\/#organization","name":"Padre y Decano","url":"https:\/\/www.padreydecano.com\/cms\/","logo":{"@type":"ImageObject","inLanguage":"es","@id":"https:\/\/www.padreydecano.com\/cms\/#\/schema\/logo\/image\/","url":"https:\/\/www.padreydecano.com\/cms\/wp-content\/uploads\/2022\/01\/avatar-square.png","contentUrl":"https:\/\/www.padreydecano.com\/cms\/wp-content\/uploads\/2022\/01\/avatar-square.png","width":1500,"height":1500,"caption":"Padre y Decano"},"image":{"@id":"https:\/\/www.padreydecano.com\/cms\/#\/schema\/logo\/image\/"}},{"@type":"Person","@id":"https:\/\/www.padreydecano.com\/cms\/#\/schema\/person\/d93e9e537230ae052c194251d9a1def2","name":"Moderador","image":{"@type":"ImageObject","inLanguage":"es","@id":"https:\/\/www.padreydecano.com\/cms\/#\/schema\/person\/image\/","url":"https:\/\/secure.gravatar.com\/avatar\/2587727bf8a53bd3da4ec49f01bea66e?s=96&d=https%3A%2F%2Fpadreydecano.com%2Fcms%2Fwp-content%2Fthemes%2Fpyd-theme%2Fimg%2Fdefault-avatar.png&r=g","contentUrl":"https:\/\/secure.gravatar.com\/avatar\/2587727bf8a53bd3da4ec49f01bea66e?s=96&d=https%3A%2F%2Fpadreydecano.com%2Fcms%2Fwp-content%2Fthemes%2Fpyd-theme%2Fimg%2Fdefault-avatar.png&r=g","caption":"Moderador"}}]}},"_links":{"self":[{"href":"https:\/\/www.padreydecano.com\/cms\/wp-json\/wp\/v2\/posts\/63513"}],"collection":[{"href":"https:\/\/www.padreydecano.com\/cms\/wp-json\/wp\/v2\/posts"}],"about":[{"href":"https:\/\/www.padreydecano.com\/cms\/wp-json\/wp\/v2\/types\/post"}],"author":[{"embeddable":true,"href":"https:\/\/www.padreydecano.com\/cms\/wp-json\/wp\/v2\/users\/13"}],"replies":[{"embeddable":true,"href":"https:\/\/www.padreydecano.com\/cms\/wp-json\/wp\/v2\/comments?post=63513"}],"version-history":[{"count":0,"href":"https:\/\/www.padreydecano.com\/cms\/wp-json\/wp\/v2\/posts\/63513\/revisions"}],"wp:featuredmedia":[{"embeddable":true,"href":"https:\/\/www.padreydecano.com\/cms\/wp-json\/wp\/v2\/media\/63514"}],"wp:attachment":[{"href":"https:\/\/www.padreydecano.com\/cms\/wp-json\/wp\/v2\/media?parent=63513"}],"wp:term":[{"taxonomy":"category","embeddable":true,"href":"https:\/\/www.padreydecano.com\/cms\/wp-json\/wp\/v2\/categories?post=63513"},{"taxonomy":"post_tag","embeddable":true,"href":"https:\/\/www.padreydecano.com\/cms\/wp-json\/wp\/v2\/tags?post=63513"}],"curies":[{"name":"wp","href":"https:\/\/api.w.org\/{rel}","templated":true}]}}