{"id":63507,"date":"2017-06-11T10:25:02","date_gmt":"2017-06-11T13:25:02","guid":{"rendered":"http:\/\/www.padreydecano.com\/cms\/?p=63507"},"modified":"2017-06-11T10:34:10","modified_gmt":"2017-06-11T13:34:10","slug":"federico-valverde-balon-de-plata-y-orgullo-de-penarol","status":"publish","type":"post","link":"https:\/\/www.padreydecano.com\/cms\/noticias\/federico-valverde-balon-de-plata-y-orgullo-de-penarol\/","title":{"rendered":"Federico Valverde, Bal\u00f3n de Plata y orgullo de Pe\u00f1arol"},"content":{"rendered":"<p><a href=\"https:\/\/www.padreydecano.com\/cms\/wp-content\/uploads\/2017\/06\/IMG_20170611_100421.jpg\" rel=\"shadowbox[sbpost-63507];player=img;\"><img loading=\"lazy\" decoding=\"async\" class=\"aligncenter size-large wp-image-63508\" src=\"https:\/\/www.padreydecano.com\/cms\/wp-content\/uploads\/2017\/06\/IMG_20170611_100421-978x1024.jpg\" alt=\"Valverde bal\u00f3n de plata\" width=\"620\" height=\"649\" srcset=\"https:\/\/www.padreydecano.com\/cms\/wp-content\/uploads\/2017\/06\/IMG_20170611_100421-978x1024.jpg 978w, https:\/\/www.padreydecano.com\/cms\/wp-content\/uploads\/2017\/06\/IMG_20170611_100421-573x600.jpg 573w, https:\/\/www.padreydecano.com\/cms\/wp-content\/uploads\/2017\/06\/IMG_20170611_100421-768x804.jpg 768w, https:\/\/www.padreydecano.com\/cms\/wp-content\/uploads\/2017\/06\/IMG_20170611_100421.jpg 1032w\" sizes=\"(max-width: 620px) 100vw, 620px\" \/><\/a><\/p>\n<p style=\"text-align: justify;\">Federico Valverde fue condecorado con el Bal\u00f3n de Plata por la organizaci\u00f3n del Mundial Sub 20 de Corea del Sur. El Pajarito fue de los jugadores m\u00e1s interesantes del torneo y en varios pasajes pudo demostrar su categor\u00eda.<\/p>\n<p style=\"text-align: justify;\">Con una enorme habilitaci\u00f3n para el primer gol ante Jap\u00f3n, y cuatro penales convertidos en cuatro ejecutados, Valverde supo ser uno de los l\u00edderes futbol\u00edsticos de este equipo.<\/p>\n<p style=\"text-align: justify;\">Lamentablemente Uruguay finaliz\u00f3 en el cuarto puesto pero la posici\u00f3n no empa\u00f1a lo de este grupo.<\/p>\n<p style=\"text-align: justify;\">Aprovechamos tambi\u00e9n para saludar a Santiago Bueno, otro futbolista que demostr\u00f3 su nivel y que tuvo un partido so\u00f1ado ante Portugal, anotando el primer empate y luego rematando el penal decisivo.<\/p>\n<p style=\"text-align: justify;\">Tambi\u00e9n saludamos a nuestro arquero Adriano Freitas, campe\u00f3n sudamericano y quien si bien no disput\u00f3 minutos, fue parte del plantel y estuvo siempre al firme apoyando a Santiago Mele y al resto de los compa\u00f1eros.<\/p>\n<p style=\"text-align: justify;\">\u00a1Estamos orgullosos de vos Federico, producto genuino de las formativas de Pe\u00f1arol!<\/p>\n<p style=\"text-align: justify;\"><a href=\"https:\/\/www.padreydecano.com\/cms\/wp-content\/uploads\/2017\/06\/IMG-20170611-WA0007.jpg\" rel=\"shadowbox[sbpost-63507];player=img;\"><img loading=\"lazy\" decoding=\"async\" class=\"aligncenter size-large wp-image-63509\" src=\"https:\/\/www.padreydecano.com\/cms\/wp-content\/uploads\/2017\/06\/IMG-20170611-WA0007-1024x576.jpg\" alt=\"\" width=\"620\" height=\"349\" srcset=\"https:\/\/www.padreydecano.com\/cms\/wp-content\/uploads\/2017\/06\/IMG-20170611-WA0007-1024x576.jpg 1024w, https:\/\/www.padreydecano.com\/cms\/wp-content\/uploads\/2017\/06\/IMG-20170611-WA0007-600x338.jpg 600w, https:\/\/www.padreydecano.com\/cms\/wp-content\/uploads\/2017\/06\/IMG-20170611-WA0007-768x432.jpg 768w, https:\/\/www.padreydecano.com\/cms\/wp-content\/uploads\/2017\/06\/IMG-20170611-WA0007.jpg 1280w\" sizes=\"(max-width: 620px) 100vw, 620px\" \/><\/a><\/p>\n","protected":false},"excerpt":{"rendered":"<p>Federico Valverde fue condecorado con el Bal\u00f3n de Plata por la organizaci\u00f3n del Mundial Sub 20 de Corea del Sur. El Pajarito fue de los jugadores m\u00e1s interesantes del torneo y en varios pasajes pudo demostrar su categor\u00eda. Con una enorme habilitaci\u00f3n para el primer gol ante Jap\u00f3n, y cuatro penales convertidos en cuatro ejecutados, [&hellip;]<\/p>\n","protected":false},"author":13,"featured_media":63510,"comment_status":"open","ping_status":"closed","sticky":false,"template":"","format":"standard","meta":{"footnotes":""},"categories":[1],"tags":[105],"yoast_head":"<!-- This site is optimized with the Yoast SEO plugin v23.2 - https:\/\/yoast.com\/wordpress\/plugins\/seo\/ -->\n<title>Federico Valverde, Bal\u00f3n de Plata y orgullo de Pe\u00f1arol - Padre y Decano - El Sitio del Pueblo<\/title>\n<meta name=\"robots\" content=\"index, follow, max-snippet:-1, max-image-preview:large, max-video-preview:-1\" \/>\n<link rel=\"canonical\" href=\"https:\/\/www.padreydecano.com\/cms\/noticias\/federico-valverde-balon-de-plata-y-orgullo-de-penarol\/\" \/>\n<meta property=\"og:locale\" content=\"es_ES\" \/>\n<meta property=\"og:type\" content=\"article\" \/>\n<meta property=\"og:title\" content=\"Federico Valverde, Bal\u00f3n de Plata y orgullo de Pe\u00f1arol - Padre y Decano - El Sitio del Pueblo\" \/>\n<meta property=\"og:description\" content=\"Federico Valverde fue condecorado con el Bal\u00f3n de Plata por la organizaci\u00f3n del Mundial Sub 20 de Corea del Sur. El Pajarito fue de los jugadores m\u00e1s interesantes del torneo y en varios pasajes pudo demostrar su categor\u00eda. Con una enorme habilitaci\u00f3n para el primer gol ante Jap\u00f3n, y cuatro penales convertidos en cuatro ejecutados, [&hellip;]\" \/>\n<meta property=\"og:url\" content=\"https:\/\/www.padreydecano.com\/cms\/noticias\/federico-valverde-balon-de-plata-y-orgullo-de-penarol\/\" \/>\n<meta property=\"og:site_name\" content=\"Padre y Decano - El Sitio del Pueblo\" \/>\n<meta property=\"article:published_time\" content=\"2017-06-11T13:25:02+00:00\" \/>\n<meta property=\"article:modified_time\" content=\"2017-06-11T13:34:10+00:00\" \/>\n<meta property=\"og:image\" content=\"https:\/\/www.padreydecano.com\/cms\/wp-content\/uploads\/2017\/06\/valverde-balon-plata.png\" \/>\n\t<meta property=\"og:image:width\" content=\"1032\" \/>\n\t<meta property=\"og:image:height\" content=\"474\" \/>\n\t<meta property=\"og:image:type\" content=\"image\/png\" \/>\n<meta name=\"author\" content=\"Moderador\" \/>\n<meta name=\"twitter:card\" content=\"summary_large_image\" \/>\n<meta name=\"twitter:label1\" content=\"Escrito por\" \/>\n\t<meta name=\"twitter:data1\" content=\"Moderador\" \/>\n\t<meta name=\"twitter:label2\" content=\"Tiempo de lectura\" \/>\n\t<meta name=\"twitter:data2\" content=\"1 minuto\" \/>\n<script type=\"application\/ld+json\" class=\"yoast-schema-graph\">{\"@context\":\"https:\/\/schema.org\",\"@graph\":[{\"@type\":\"Article\",\"@id\":\"https:\/\/www.padreydecano.com\/cms\/noticias\/federico-valverde-balon-de-plata-y-orgullo-de-penarol\/#article\",\"isPartOf\":{\"@id\":\"https:\/\/www.padreydecano.com\/cms\/noticias\/federico-valverde-balon-de-plata-y-orgullo-de-penarol\/\"},\"author\":{\"name\":\"Moderador\",\"@id\":\"https:\/\/www.padreydecano.com\/cms\/#\/schema\/person\/d93e9e537230ae052c194251d9a1def2\"},\"headline\":\"Federico Valverde, Bal\u00f3n de Plata y orgullo de Pe\u00f1arol\",\"datePublished\":\"2017-06-11T13:25:02+00:00\",\"dateModified\":\"2017-06-11T13:34:10+00:00\",\"mainEntityOfPage\":{\"@id\":\"https:\/\/www.padreydecano.com\/cms\/noticias\/federico-valverde-balon-de-plata-y-orgullo-de-penarol\/\"},\"wordCount\":186,\"commentCount\":54,\"publisher\":{\"@id\":\"https:\/\/www.padreydecano.com\/cms\/#organization\"},\"image\":{\"@id\":\"https:\/\/www.padreydecano.com\/cms\/noticias\/federico-valverde-balon-de-plata-y-orgullo-de-penarol\/#primaryimage\"},\"thumbnailUrl\":\"https:\/\/www.padreydecano.com\/cms\/wp-content\/uploads\/2017\/06\/valverde-balon-plata.png\",\"keywords\":[\"Selecci\u00f3n Uruguaya\"],\"articleSection\":[\"Noticias\"],\"inLanguage\":\"es\",\"potentialAction\":[{\"@type\":\"CommentAction\",\"name\":\"Comment\",\"target\":[\"https:\/\/www.padreydecano.com\/cms\/noticias\/federico-valverde-balon-de-plata-y-orgullo-de-penarol\/#respond\"]}]},{\"@type\":\"WebPage\",\"@id\":\"https:\/\/www.padreydecano.com\/cms\/noticias\/federico-valverde-balon-de-plata-y-orgullo-de-penarol\/\",\"url\":\"https:\/\/www.padreydecano.com\/cms\/noticias\/federico-valverde-balon-de-plata-y-orgullo-de-penarol\/\",\"name\":\"Federico Valverde, Bal\u00f3n de Plata y orgullo de Pe\u00f1arol - Padre y Decano - El Sitio del Pueblo\",\"isPartOf\":{\"@id\":\"https:\/\/www.padreydecano.com\/cms\/#website\"},\"primaryImageOfPage\":{\"@id\":\"https:\/\/www.padreydecano.com\/cms\/noticias\/federico-valverde-balon-de-plata-y-orgullo-de-penarol\/#primaryimage\"},\"image\":{\"@id\":\"https:\/\/www.padreydecano.com\/cms\/noticias\/federico-valverde-balon-de-plata-y-orgullo-de-penarol\/#primaryimage\"},\"thumbnailUrl\":\"https:\/\/www.padreydecano.com\/cms\/wp-content\/uploads\/2017\/06\/valverde-balon-plata.png\",\"datePublished\":\"2017-06-11T13:25:02+00:00\",\"dateModified\":\"2017-06-11T13:34:10+00:00\",\"breadcrumb\":{\"@id\":\"https:\/\/www.padreydecano.com\/cms\/noticias\/federico-valverde-balon-de-plata-y-orgullo-de-penarol\/#breadcrumb\"},\"inLanguage\":\"es\",\"potentialAction\":[{\"@type\":\"ReadAction\",\"target\":[\"https:\/\/www.padreydecano.com\/cms\/noticias\/federico-valverde-balon-de-plata-y-orgullo-de-penarol\/\"]}]},{\"@type\":\"ImageObject\",\"inLanguage\":\"es\",\"@id\":\"https:\/\/www.padreydecano.com\/cms\/noticias\/federico-valverde-balon-de-plata-y-orgullo-de-penarol\/#primaryimage\",\"url\":\"https:\/\/www.padreydecano.com\/cms\/wp-content\/uploads\/2017\/06\/valverde-balon-plata.png\",\"contentUrl\":\"https:\/\/www.padreydecano.com\/cms\/wp-content\/uploads\/2017\/06\/valverde-balon-plata.png\",\"width\":1032,\"height\":474},{\"@type\":\"BreadcrumbList\",\"@id\":\"https:\/\/www.padreydecano.com\/cms\/noticias\/federico-valverde-balon-de-plata-y-orgullo-de-penarol\/#breadcrumb\",\"itemListElement\":[{\"@type\":\"ListItem\",\"position\":1,\"name\":\"Portada\",\"item\":\"https:\/\/www.padreydecano.com\/cms\/\"},{\"@type\":\"ListItem\",\"position\":2,\"name\":\"Federico Valverde, Bal\u00f3n de Plata y orgullo de Pe\u00f1arol\"}]},{\"@type\":\"WebSite\",\"@id\":\"https:\/\/www.padreydecano.com\/cms\/#website\",\"url\":\"https:\/\/www.padreydecano.com\/cms\/\",\"name\":\"Padre y Decano - El Sitio del Pueblo\",\"description\":\"Club Atl\u00e9tico Pe\u00f1arol\",\"publisher\":{\"@id\":\"https:\/\/www.padreydecano.com\/cms\/#organization\"},\"potentialAction\":[{\"@type\":\"SearchAction\",\"target\":{\"@type\":\"EntryPoint\",\"urlTemplate\":\"https:\/\/www.padreydecano.com\/cms\/?s={search_term_string}\"},\"query-input\":\"required name=search_term_string\"}],\"inLanguage\":\"es\"},{\"@type\":\"Organization\",\"@id\":\"https:\/\/www.padreydecano.com\/cms\/#organization\",\"name\":\"Padre y Decano\",\"url\":\"https:\/\/www.padreydecano.com\/cms\/\",\"logo\":{\"@type\":\"ImageObject\",\"inLanguage\":\"es\",\"@id\":\"https:\/\/www.padreydecano.com\/cms\/#\/schema\/logo\/image\/\",\"url\":\"https:\/\/www.padreydecano.com\/cms\/wp-content\/uploads\/2022\/01\/avatar-square.png\",\"contentUrl\":\"https:\/\/www.padreydecano.com\/cms\/wp-content\/uploads\/2022\/01\/avatar-square.png\",\"width\":1500,\"height\":1500,\"caption\":\"Padre y Decano\"},\"image\":{\"@id\":\"https:\/\/www.padreydecano.com\/cms\/#\/schema\/logo\/image\/\"}},{\"@type\":\"Person\",\"@id\":\"https:\/\/www.padreydecano.com\/cms\/#\/schema\/person\/d93e9e537230ae052c194251d9a1def2\",\"name\":\"Moderador\",\"image\":{\"@type\":\"ImageObject\",\"inLanguage\":\"es\",\"@id\":\"https:\/\/www.padreydecano.com\/cms\/#\/schema\/person\/image\/\",\"url\":\"https:\/\/secure.gravatar.com\/avatar\/2587727bf8a53bd3da4ec49f01bea66e?s=96&d=https%3A%2F%2Fpadreydecano.com%2Fcms%2Fwp-content%2Fthemes%2Fpyd-theme%2Fimg%2Fdefault-avatar.png&r=g\",\"contentUrl\":\"https:\/\/secure.gravatar.com\/avatar\/2587727bf8a53bd3da4ec49f01bea66e?s=96&d=https%3A%2F%2Fpadreydecano.com%2Fcms%2Fwp-content%2Fthemes%2Fpyd-theme%2Fimg%2Fdefault-avatar.png&r=g\",\"caption\":\"Moderador\"}}]}<\/script>\n<!-- \/ Yoast SEO plugin. -->","yoast_head_json":{"title":"Federico Valverde, Bal\u00f3n de Plata y orgullo de Pe\u00f1arol - Padre y Decano - El Sitio del Pueblo","robots":{"index":"index","follow":"follow","max-snippet":"max-snippet:-1","max-image-preview":"max-image-preview:large","max-video-preview":"max-video-preview:-1"},"canonical":"https:\/\/www.padreydecano.com\/cms\/noticias\/federico-valverde-balon-de-plata-y-orgullo-de-penarol\/","og_locale":"es_ES","og_type":"article","og_title":"Federico Valverde, Bal\u00f3n de Plata y orgullo de Pe\u00f1arol - Padre y Decano - El Sitio del Pueblo","og_description":"Federico Valverde fue condecorado con el Bal\u00f3n de Plata por la organizaci\u00f3n del Mundial Sub 20 de Corea del Sur. El Pajarito fue de los jugadores m\u00e1s interesantes del torneo y en varios pasajes pudo demostrar su categor\u00eda. Con una enorme habilitaci\u00f3n para el primer gol ante Jap\u00f3n, y cuatro penales convertidos en cuatro ejecutados, [&hellip;]","og_url":"https:\/\/www.padreydecano.com\/cms\/noticias\/federico-valverde-balon-de-plata-y-orgullo-de-penarol\/","og_site_name":"Padre y Decano - El Sitio del Pueblo","article_published_time":"2017-06-11T13:25:02+00:00","article_modified_time":"2017-06-11T13:34:10+00:00","og_image":[{"width":1032,"height":474,"url":"https:\/\/www.padreydecano.com\/cms\/wp-content\/uploads\/2017\/06\/valverde-balon-plata.png","type":"image\/png"}],"author":"Moderador","twitter_card":"summary_large_image","twitter_misc":{"Escrito por":"Moderador","Tiempo de lectura":"1 minuto"},"schema":{"@context":"https:\/\/schema.org","@graph":[{"@type":"Article","@id":"https:\/\/www.padreydecano.com\/cms\/noticias\/federico-valverde-balon-de-plata-y-orgullo-de-penarol\/#article","isPartOf":{"@id":"https:\/\/www.padreydecano.com\/cms\/noticias\/federico-valverde-balon-de-plata-y-orgullo-de-penarol\/"},"author":{"name":"Moderador","@id":"https:\/\/www.padreydecano.com\/cms\/#\/schema\/person\/d93e9e537230ae052c194251d9a1def2"},"headline":"Federico Valverde, Bal\u00f3n de Plata y orgullo de Pe\u00f1arol","datePublished":"2017-06-11T13:25:02+00:00","dateModified":"2017-06-11T13:34:10+00:00","mainEntityOfPage":{"@id":"https:\/\/www.padreydecano.com\/cms\/noticias\/federico-valverde-balon-de-plata-y-orgullo-de-penarol\/"},"wordCount":186,"commentCount":54,"publisher":{"@id":"https:\/\/www.padreydecano.com\/cms\/#organization"},"image":{"@id":"https:\/\/www.padreydecano.com\/cms\/noticias\/federico-valverde-balon-de-plata-y-orgullo-de-penarol\/#primaryimage"},"thumbnailUrl":"https:\/\/www.padreydecano.com\/cms\/wp-content\/uploads\/2017\/06\/valverde-balon-plata.png","keywords":["Selecci\u00f3n Uruguaya"],"articleSection":["Noticias"],"inLanguage":"es","potentialAction":[{"@type":"CommentAction","name":"Comment","target":["https:\/\/www.padreydecano.com\/cms\/noticias\/federico-valverde-balon-de-plata-y-orgullo-de-penarol\/#respond"]}]},{"@type":"WebPage","@id":"https:\/\/www.padreydecano.com\/cms\/noticias\/federico-valverde-balon-de-plata-y-orgullo-de-penarol\/","url":"https:\/\/www.padreydecano.com\/cms\/noticias\/federico-valverde-balon-de-plata-y-orgullo-de-penarol\/","name":"Federico Valverde, Bal\u00f3n de Plata y orgullo de Pe\u00f1arol - Padre y Decano - El Sitio del Pueblo","isPartOf":{"@id":"https:\/\/www.padreydecano.com\/cms\/#website"},"primaryImageOfPage":{"@id":"https:\/\/www.padreydecano.com\/cms\/noticias\/federico-valverde-balon-de-plata-y-orgullo-de-penarol\/#primaryimage"},"image":{"@id":"https:\/\/www.padreydecano.com\/cms\/noticias\/federico-valverde-balon-de-plata-y-orgullo-de-penarol\/#primaryimage"},"thumbnailUrl":"https:\/\/www.padreydecano.com\/cms\/wp-content\/uploads\/2017\/06\/valverde-balon-plata.png","datePublished":"2017-06-11T13:25:02+00:00","dateModified":"2017-06-11T13:34:10+00:00","breadcrumb":{"@id":"https:\/\/www.padreydecano.com\/cms\/noticias\/federico-valverde-balon-de-plata-y-orgullo-de-penarol\/#breadcrumb"},"inLanguage":"es","potentialAction":[{"@type":"ReadAction","target":["https:\/\/www.padreydecano.com\/cms\/noticias\/federico-valverde-balon-de-plata-y-orgullo-de-penarol\/"]}]},{"@type":"ImageObject","inLanguage":"es","@id":"https:\/\/www.padreydecano.com\/cms\/noticias\/federico-valverde-balon-de-plata-y-orgullo-de-penarol\/#primaryimage","url":"https:\/\/www.padreydecano.com\/cms\/wp-content\/uploads\/2017\/06\/valverde-balon-plata.png","contentUrl":"https:\/\/www.padreydecano.com\/cms\/wp-content\/uploads\/2017\/06\/valverde-balon-plata.png","width":1032,"height":474},{"@type":"BreadcrumbList","@id":"https:\/\/www.padreydecano.com\/cms\/noticias\/federico-valverde-balon-de-plata-y-orgullo-de-penarol\/#breadcrumb","itemListElement":[{"@type":"ListItem","position":1,"name":"Portada","item":"https:\/\/www.padreydecano.com\/cms\/"},{"@type":"ListItem","position":2,"name":"Federico Valverde, Bal\u00f3n de Plata y orgullo de Pe\u00f1arol"}]},{"@type":"WebSite","@id":"https:\/\/www.padreydecano.com\/cms\/#website","url":"https:\/\/www.padreydecano.com\/cms\/","name":"Padre y Decano - El Sitio del Pueblo","description":"Club Atl\u00e9tico Pe\u00f1arol","publisher":{"@id":"https:\/\/www.padreydecano.com\/cms\/#organization"},"potentialAction":[{"@type":"SearchAction","target":{"@type":"EntryPoint","urlTemplate":"https:\/\/www.padreydecano.com\/cms\/?s={search_term_string}"},"query-input":"required name=search_term_string"}],"inLanguage":"es"},{"@type":"Organization","@id":"https:\/\/www.padreydecano.com\/cms\/#organization","name":"Padre y Decano","url":"https:\/\/www.padreydecano.com\/cms\/","logo":{"@type":"ImageObject","inLanguage":"es","@id":"https:\/\/www.padreydecano.com\/cms\/#\/schema\/logo\/image\/","url":"https:\/\/www.padreydecano.com\/cms\/wp-content\/uploads\/2022\/01\/avatar-square.png","contentUrl":"https:\/\/www.padreydecano.com\/cms\/wp-content\/uploads\/2022\/01\/avatar-square.png","width":1500,"height":1500,"caption":"Padre y Decano"},"image":{"@id":"https:\/\/www.padreydecano.com\/cms\/#\/schema\/logo\/image\/"}},{"@type":"Person","@id":"https:\/\/www.padreydecano.com\/cms\/#\/schema\/person\/d93e9e537230ae052c194251d9a1def2","name":"Moderador","image":{"@type":"ImageObject","inLanguage":"es","@id":"https:\/\/www.padreydecano.com\/cms\/#\/schema\/person\/image\/","url":"https:\/\/secure.gravatar.com\/avatar\/2587727bf8a53bd3da4ec49f01bea66e?s=96&d=https%3A%2F%2Fpadreydecano.com%2Fcms%2Fwp-content%2Fthemes%2Fpyd-theme%2Fimg%2Fdefault-avatar.png&r=g","contentUrl":"https:\/\/secure.gravatar.com\/avatar\/2587727bf8a53bd3da4ec49f01bea66e?s=96&d=https%3A%2F%2Fpadreydecano.com%2Fcms%2Fwp-content%2Fthemes%2Fpyd-theme%2Fimg%2Fdefault-avatar.png&r=g","caption":"Moderador"}}]}},"_links":{"self":[{"href":"https:\/\/www.padreydecano.com\/cms\/wp-json\/wp\/v2\/posts\/63507"}],"collection":[{"href":"https:\/\/www.padreydecano.com\/cms\/wp-json\/wp\/v2\/posts"}],"about":[{"href":"https:\/\/www.padreydecano.com\/cms\/wp-json\/wp\/v2\/types\/post"}],"author":[{"embeddable":true,"href":"https:\/\/www.padreydecano.com\/cms\/wp-json\/wp\/v2\/users\/13"}],"replies":[{"embeddable":true,"href":"https:\/\/www.padreydecano.com\/cms\/wp-json\/wp\/v2\/comments?post=63507"}],"version-history":[{"count":0,"href":"https:\/\/www.padreydecano.com\/cms\/wp-json\/wp\/v2\/posts\/63507\/revisions"}],"wp:featuredmedia":[{"embeddable":true,"href":"https:\/\/www.padreydecano.com\/cms\/wp-json\/wp\/v2\/media\/63510"}],"wp:attachment":[{"href":"https:\/\/www.padreydecano.com\/cms\/wp-json\/wp\/v2\/media?parent=63507"}],"wp:term":[{"taxonomy":"category","embeddable":true,"href":"https:\/\/www.padreydecano.com\/cms\/wp-json\/wp\/v2\/categories?post=63507"},{"taxonomy":"post_tag","embeddable":true,"href":"https:\/\/www.padreydecano.com\/cms\/wp-json\/wp\/v2\/tags?post=63507"}],"curies":[{"name":"wp","href":"https:\/\/api.w.org\/{rel}","templated":true}]}}