{"id":62620,"date":"2017-04-04T15:45:14","date_gmt":"2017-04-04T18:45:14","guid":{"rendered":"http:\/\/www.padreydecano.com\/cms\/?p=62620"},"modified":"2017-04-04T15:46:41","modified_gmt":"2017-04-04T18:46:41","slug":"tercera-penarol-aplasto-a-sud-america","status":"publish","type":"post","link":"https:\/\/www.padreydecano.com\/cms\/3era-division\/tercera-penarol-aplasto-a-sud-america\/","title":{"rendered":"Tercera: Pe\u00f1arol aplast\u00f3 a Sud Am\u00e9rica"},"content":{"rendered":"<div id=\"attachment_62621\" style=\"width: 610px\" class=\"wp-caption aligncenter\"><a href=\"https:\/\/www.padreydecano.com\/cms\/wp-content\/uploads\/2017\/04\/IMG_9957.jpg\" rel=\"shadowbox[sbpost-62620];player=img;\"><img loading=\"lazy\" decoding=\"async\" aria-describedby=\"caption-attachment-62621\" class=\"wp-image-62621 size-medium\" src=\"https:\/\/www.padreydecano.com\/cms\/wp-content\/uploads\/2017\/04\/IMG_9957-600x400.jpg\" alt=\"\" width=\"600\" height=\"400\" srcset=\"https:\/\/www.padreydecano.com\/cms\/wp-content\/uploads\/2017\/04\/IMG_9957-600x400.jpg 600w, https:\/\/www.padreydecano.com\/cms\/wp-content\/uploads\/2017\/04\/IMG_9957-768x512.jpg 768w, https:\/\/www.padreydecano.com\/cms\/wp-content\/uploads\/2017\/04\/IMG_9957-1024x682.jpg 1024w, https:\/\/www.padreydecano.com\/cms\/wp-content\/uploads\/2017\/04\/IMG_9957.jpg 1280w\" sizes=\"(max-width: 600px) 100vw, 600px\" \/><\/a><p id=\"caption-attachment-62621\" class=\"wp-caption-text\">Doblete de Luis Urruti<\/p><\/div>\n<p style=\"text-align: justify;\"><strong>Pe\u00f1arol venci\u00f3 a Sud Am\u00e9rica 8 a 0 en el Estadio Contador Jos\u00e9 Pedro Damiani, con debut y gran actuaci\u00f3n de Facundo Torres que anot\u00f3 dos goles. Luis Urruti, Fabi\u00e1n Piriz y Dami\u00e1n Costa tambi\u00e9n se destacaron.<\/strong><\/p>\n<p style=\"text-align: justify;\">El equipo de Jorge Tito Gon\u00e7alves fue muy superior de principio a fin del partido. El once form\u00f3 con\u00a0Thiago Cardozo; Maximiliano Silvera, Federico Antunez, Maximiliano Ramos, Fabian Piriz; Diego Suarez, Damian Costa, Franco Mart\u00ednez, Facundo Torres (\u00c1ngel Cardozo); Gast\u00f3n Vitancurt (Agust\u00edn Davila), Luis Urruti (Mat\u00edas Paz).<\/p>\n\n\t\t<style type=\"text\/css\">\n\t\t\t#gallery-1 {\n\t\t\t\tmargin: auto;\n\t\t\t}\n\t\t\t#gallery-1 .gallery-item {\n\t\t\t\tfloat: left;\n\t\t\t\tmargin-top: 10px;\n\t\t\t\ttext-align: center;\n\t\t\t\twidth: 33%;\n\t\t\t}\n\t\t\t#gallery-1 img {\n\t\t\t\tborder: 2px solid #cfcfcf;\n\t\t\t}\n\t\t\t#gallery-1 .gallery-caption {\n\t\t\t\tmargin-left: 0;\n\t\t\t}\n\t\t\t\/* see gallery_shortcode() in wp-includes\/media.php *\/\n\t\t<\/style>\n\t\t<div id='gallery-1' class='gallery galleryid-62620 gallery-columns-3 gallery-size-thumbnail'><dl class='gallery-item'>\n\t\t\t<dt class='gallery-icon landscape'>\n\t\t\t\t<a href='https:\/\/www.padreydecano.com\/cms\/wp-content\/uploads\/2017\/04\/IMG_9960.jpg' rel='shadowbox[sbalbum-62620];player=img;'><img loading=\"lazy\" decoding=\"async\" width=\"150\" height=\"150\" src=\"https:\/\/www.padreydecano.com\/cms\/wp-content\/uploads\/2017\/04\/IMG_9960-150x150.jpg\" class=\"attachment-thumbnail size-thumbnail\" alt=\"\" srcset=\"https:\/\/www.padreydecano.com\/cms\/wp-content\/uploads\/2017\/04\/IMG_9960-150x150.jpg 150w, https:\/\/www.padreydecano.com\/cms\/wp-content\/uploads\/2017\/04\/IMG_9960-36x36.jpg 36w\" sizes=\"(max-width: 150px) 100vw, 150px\" \/><\/a>\n\t\t\t<\/dt><\/dl><dl class='gallery-item'>\n\t\t\t<dt class='gallery-icon landscape'>\n\t\t\t\t<a href='https:\/\/www.padreydecano.com\/cms\/wp-content\/uploads\/2017\/04\/IMG_9958.jpg' rel='shadowbox[sbalbum-62620];player=img;'><img loading=\"lazy\" decoding=\"async\" width=\"150\" height=\"150\" src=\"https:\/\/www.padreydecano.com\/cms\/wp-content\/uploads\/2017\/04\/IMG_9958-150x150.jpg\" class=\"attachment-thumbnail size-thumbnail\" alt=\"\" srcset=\"https:\/\/www.padreydecano.com\/cms\/wp-content\/uploads\/2017\/04\/IMG_9958-150x150.jpg 150w, https:\/\/www.padreydecano.com\/cms\/wp-content\/uploads\/2017\/04\/IMG_9958-36x36.jpg 36w\" sizes=\"(max-width: 150px) 100vw, 150px\" \/><\/a>\n\t\t\t<\/dt><\/dl><dl class='gallery-item'>\n\t\t\t<dt class='gallery-icon landscape'>\n\t\t\t\t<a href='https:\/\/www.padreydecano.com\/cms\/wp-content\/uploads\/2017\/04\/IMG_9955.jpg' rel='shadowbox[sbalbum-62620];player=img;'><img loading=\"lazy\" decoding=\"async\" width=\"150\" height=\"150\" src=\"https:\/\/www.padreydecano.com\/cms\/wp-content\/uploads\/2017\/04\/IMG_9955-150x150.jpg\" class=\"attachment-thumbnail size-thumbnail\" alt=\"\" srcset=\"https:\/\/www.padreydecano.com\/cms\/wp-content\/uploads\/2017\/04\/IMG_9955-150x150.jpg 150w, https:\/\/www.padreydecano.com\/cms\/wp-content\/uploads\/2017\/04\/IMG_9955-36x36.jpg 36w\" sizes=\"(max-width: 150px) 100vw, 150px\" \/><\/a>\n\t\t\t<\/dt><\/dl><br style=\"clear: both\" \/>\n\t\t<\/div>\n\n<p style=\"text-align: justify;\">De arranque se form\u00f3 un buen circuito por derecha entre Maximiliano Silvera y Diego Suarez, mucha movilidad de Urruti y de Gast\u00f3n Vitancurt en la ofensiva.\u00a0Con el correr de los minutos, el debutante Facundo Torres se fue soltando y combin\u00f3 en varias ocasiones con Fabi\u00e1n Piriz.<\/p>\n<p style=\"text-align: justify;\">A los 5 minutos el capit\u00e1n Damian Costa abri\u00f3 el marcador con un fuerte remate desde afuera del \u00e1rea. Aument\u00f3 Urruti y a partir de ah\u00ed no hubo partido, fue un mon\u00f3logo aurinegro. El Cuervo Torres coloc\u00f3 el 3 a 0 y se fueron al descanso. En el segundo tiempo Pe\u00f1arol fue m\u00e1s arrollador, con subidas permanentes de los laterales, Franco Mart\u00ednez y Costa dominado la mitad de la cancha.<\/p>\n<p style=\"text-align: justify;\">Siguieron llegando goles, algunos desde el banco de suplentes. Agust\u00edn Davila y Mat\u00edas Paz lograron aumentar el score, tambi\u00e9n Diego Su\u00e1rez de penal. El juego se termin\u00f3 con un contundente 8 a 0, para el aplauso de la tribuna.<\/p>\n<p style=\"text-align: justify;\">Las principales posiciones del Torneo Apertura son: Nacional 18 (7 PJ),\u00a0Defensor 15 (8 PJ),\u00a0Wanderers 15 (9 PJ), Danubio 15 (9 PJ),\u00a0Cerro 14 (8 PJ) y Pe\u00f1arol 13 (7 PJ). El conjunto carbonero debe dos encuentros, incluyendo el cl\u00e1sico.<\/p>\n<p style=\"text-align: right;\">Escrito por <a href=\"http:\/\/twitter.com\/wilsonmendez86\">Wilson M\u00e9ndez<\/a><\/p>\n","protected":false},"excerpt":{"rendered":"<p>Pe\u00f1arol venci\u00f3 a Sud Am\u00e9rica 8 a 0 en el Estadio Contador Jos\u00e9 Pedro Damiani, con debut y gran actuaci\u00f3n de Facundo Torres que anot\u00f3 dos goles. Luis Urruti, Fabi\u00e1n Piriz y Dami\u00e1n Costa tambi\u00e9n se destacaron. El equipo de Jorge Tito Gon\u00e7alves fue muy superior de principio a fin del partido. El once form\u00f3 [&hellip;]<\/p>\n","protected":false},"author":13,"featured_media":0,"comment_status":"open","ping_status":"closed","sticky":false,"template":"","format":"standard","meta":{"footnotes":""},"categories":[51],"tags":[],"yoast_head":"<!-- This site is optimized with the Yoast SEO plugin v23.2 - https:\/\/yoast.com\/wordpress\/plugins\/seo\/ -->\n<title>Tercera: Pe\u00f1arol aplast\u00f3 a Sud Am\u00e9rica - Padre y Decano - El Sitio del Pueblo<\/title>\n<meta name=\"robots\" content=\"index, follow, max-snippet:-1, max-image-preview:large, max-video-preview:-1\" \/>\n<link rel=\"canonical\" href=\"https:\/\/www.padreydecano.com\/cms\/3era-division\/tercera-penarol-aplasto-a-sud-america\/\" \/>\n<meta property=\"og:locale\" content=\"es_ES\" \/>\n<meta property=\"og:type\" content=\"article\" \/>\n<meta property=\"og:title\" content=\"Tercera: Pe\u00f1arol aplast\u00f3 a Sud Am\u00e9rica - Padre y Decano - El Sitio del Pueblo\" \/>\n<meta property=\"og:description\" content=\"Pe\u00f1arol venci\u00f3 a Sud Am\u00e9rica 8 a 0 en el Estadio Contador Jos\u00e9 Pedro Damiani, con debut y gran actuaci\u00f3n de Facundo Torres que anot\u00f3 dos goles. Luis Urruti, Fabi\u00e1n Piriz y Dami\u00e1n Costa tambi\u00e9n se destacaron. El equipo de Jorge Tito Gon\u00e7alves fue muy superior de principio a fin del partido. El once form\u00f3 [&hellip;]\" \/>\n<meta property=\"og:url\" content=\"https:\/\/www.padreydecano.com\/cms\/3era-division\/tercera-penarol-aplasto-a-sud-america\/\" \/>\n<meta property=\"og:site_name\" content=\"Padre y Decano - El Sitio del Pueblo\" \/>\n<meta property=\"article:published_time\" content=\"2017-04-04T18:45:14+00:00\" \/>\n<meta property=\"article:modified_time\" content=\"2017-04-04T18:46:41+00:00\" \/>\n<meta property=\"og:image\" content=\"https:\/\/www.padreydecano.com\/cms\/wp-content\/uploads\/2017\/04\/IMG_9960-150x150.jpg\" \/>\n<meta name=\"author\" content=\"Moderador\" \/>\n<meta name=\"twitter:card\" content=\"summary_large_image\" \/>\n<meta name=\"twitter:label1\" content=\"Escrito por\" \/>\n\t<meta name=\"twitter:data1\" content=\"Moderador\" \/>\n\t<meta name=\"twitter:label2\" content=\"Tiempo de lectura\" \/>\n\t<meta name=\"twitter:data2\" content=\"2 minutos\" \/>\n<script type=\"application\/ld+json\" class=\"yoast-schema-graph\">{\"@context\":\"https:\/\/schema.org\",\"@graph\":[{\"@type\":\"Article\",\"@id\":\"https:\/\/www.padreydecano.com\/cms\/3era-division\/tercera-penarol-aplasto-a-sud-america\/#article\",\"isPartOf\":{\"@id\":\"https:\/\/www.padreydecano.com\/cms\/3era-division\/tercera-penarol-aplasto-a-sud-america\/\"},\"author\":{\"name\":\"Moderador\",\"@id\":\"https:\/\/www.padreydecano.com\/cms\/#\/schema\/person\/d93e9e537230ae052c194251d9a1def2\"},\"headline\":\"Tercera: Pe\u00f1arol aplast\u00f3 a Sud Am\u00e9rica\",\"datePublished\":\"2017-04-04T18:45:14+00:00\",\"dateModified\":\"2017-04-04T18:46:41+00:00\",\"mainEntityOfPage\":{\"@id\":\"https:\/\/www.padreydecano.com\/cms\/3era-division\/tercera-penarol-aplasto-a-sud-america\/\"},\"wordCount\":312,\"commentCount\":8,\"publisher\":{\"@id\":\"https:\/\/www.padreydecano.com\/cms\/#organization\"},\"image\":{\"@id\":\"https:\/\/www.padreydecano.com\/cms\/3era-division\/tercera-penarol-aplasto-a-sud-america\/#primaryimage\"},\"thumbnailUrl\":\"http:\/\/www.padreydecano.com\/cms\/wp-content\/uploads\/2017\/04\/IMG_9957-600x400.jpg\",\"articleSection\":[\"3era Divisi\u00f3n\"],\"inLanguage\":\"es\",\"potentialAction\":[{\"@type\":\"CommentAction\",\"name\":\"Comment\",\"target\":[\"https:\/\/www.padreydecano.com\/cms\/3era-division\/tercera-penarol-aplasto-a-sud-america\/#respond\"]}]},{\"@type\":\"WebPage\",\"@id\":\"https:\/\/www.padreydecano.com\/cms\/3era-division\/tercera-penarol-aplasto-a-sud-america\/\",\"url\":\"https:\/\/www.padreydecano.com\/cms\/3era-division\/tercera-penarol-aplasto-a-sud-america\/\",\"name\":\"Tercera: Pe\u00f1arol aplast\u00f3 a Sud Am\u00e9rica - Padre y Decano - El Sitio del Pueblo\",\"isPartOf\":{\"@id\":\"https:\/\/www.padreydecano.com\/cms\/#website\"},\"primaryImageOfPage\":{\"@id\":\"https:\/\/www.padreydecano.com\/cms\/3era-division\/tercera-penarol-aplasto-a-sud-america\/#primaryimage\"},\"image\":{\"@id\":\"https:\/\/www.padreydecano.com\/cms\/3era-division\/tercera-penarol-aplasto-a-sud-america\/#primaryimage\"},\"thumbnailUrl\":\"http:\/\/www.padreydecano.com\/cms\/wp-content\/uploads\/2017\/04\/IMG_9957-600x400.jpg\",\"datePublished\":\"2017-04-04T18:45:14+00:00\",\"dateModified\":\"2017-04-04T18:46:41+00:00\",\"breadcrumb\":{\"@id\":\"https:\/\/www.padreydecano.com\/cms\/3era-division\/tercera-penarol-aplasto-a-sud-america\/#breadcrumb\"},\"inLanguage\":\"es\",\"potentialAction\":[{\"@type\":\"ReadAction\",\"target\":[\"https:\/\/www.padreydecano.com\/cms\/3era-division\/tercera-penarol-aplasto-a-sud-america\/\"]}]},{\"@type\":\"ImageObject\",\"inLanguage\":\"es\",\"@id\":\"https:\/\/www.padreydecano.com\/cms\/3era-division\/tercera-penarol-aplasto-a-sud-america\/#primaryimage\",\"url\":\"http:\/\/www.padreydecano.com\/cms\/wp-content\/uploads\/2017\/04\/IMG_9957-600x400.jpg\",\"contentUrl\":\"http:\/\/www.padreydecano.com\/cms\/wp-content\/uploads\/2017\/04\/IMG_9957-600x400.jpg\"},{\"@type\":\"BreadcrumbList\",\"@id\":\"https:\/\/www.padreydecano.com\/cms\/3era-division\/tercera-penarol-aplasto-a-sud-america\/#breadcrumb\",\"itemListElement\":[{\"@type\":\"ListItem\",\"position\":1,\"name\":\"Portada\",\"item\":\"https:\/\/www.padreydecano.com\/cms\/\"},{\"@type\":\"ListItem\",\"position\":2,\"name\":\"Tercera: Pe\u00f1arol aplast\u00f3 a Sud Am\u00e9rica\"}]},{\"@type\":\"WebSite\",\"@id\":\"https:\/\/www.padreydecano.com\/cms\/#website\",\"url\":\"https:\/\/www.padreydecano.com\/cms\/\",\"name\":\"Padre y Decano - El Sitio del Pueblo\",\"description\":\"Club Atl\u00e9tico Pe\u00f1arol\",\"publisher\":{\"@id\":\"https:\/\/www.padreydecano.com\/cms\/#organization\"},\"potentialAction\":[{\"@type\":\"SearchAction\",\"target\":{\"@type\":\"EntryPoint\",\"urlTemplate\":\"https:\/\/www.padreydecano.com\/cms\/?s={search_term_string}\"},\"query-input\":\"required name=search_term_string\"}],\"inLanguage\":\"es\"},{\"@type\":\"Organization\",\"@id\":\"https:\/\/www.padreydecano.com\/cms\/#organization\",\"name\":\"Padre y Decano\",\"url\":\"https:\/\/www.padreydecano.com\/cms\/\",\"logo\":{\"@type\":\"ImageObject\",\"inLanguage\":\"es\",\"@id\":\"https:\/\/www.padreydecano.com\/cms\/#\/schema\/logo\/image\/\",\"url\":\"https:\/\/www.padreydecano.com\/cms\/wp-content\/uploads\/2022\/01\/avatar-square.png\",\"contentUrl\":\"https:\/\/www.padreydecano.com\/cms\/wp-content\/uploads\/2022\/01\/avatar-square.png\",\"width\":1500,\"height\":1500,\"caption\":\"Padre y Decano\"},\"image\":{\"@id\":\"https:\/\/www.padreydecano.com\/cms\/#\/schema\/logo\/image\/\"}},{\"@type\":\"Person\",\"@id\":\"https:\/\/www.padreydecano.com\/cms\/#\/schema\/person\/d93e9e537230ae052c194251d9a1def2\",\"name\":\"Moderador\",\"image\":{\"@type\":\"ImageObject\",\"inLanguage\":\"es\",\"@id\":\"https:\/\/www.padreydecano.com\/cms\/#\/schema\/person\/image\/\",\"url\":\"https:\/\/secure.gravatar.com\/avatar\/2587727bf8a53bd3da4ec49f01bea66e?s=96&d=https%3A%2F%2Fpadreydecano.com%2Fcms%2Fwp-content%2Fthemes%2Fpyd-theme%2Fimg%2Fdefault-avatar.png&r=g\",\"contentUrl\":\"https:\/\/secure.gravatar.com\/avatar\/2587727bf8a53bd3da4ec49f01bea66e?s=96&d=https%3A%2F%2Fpadreydecano.com%2Fcms%2Fwp-content%2Fthemes%2Fpyd-theme%2Fimg%2Fdefault-avatar.png&r=g\",\"caption\":\"Moderador\"}}]}<\/script>\n<!-- \/ Yoast SEO plugin. -->","yoast_head_json":{"title":"Tercera: Pe\u00f1arol aplast\u00f3 a Sud Am\u00e9rica - Padre y Decano - El Sitio del Pueblo","robots":{"index":"index","follow":"follow","max-snippet":"max-snippet:-1","max-image-preview":"max-image-preview:large","max-video-preview":"max-video-preview:-1"},"canonical":"https:\/\/www.padreydecano.com\/cms\/3era-division\/tercera-penarol-aplasto-a-sud-america\/","og_locale":"es_ES","og_type":"article","og_title":"Tercera: Pe\u00f1arol aplast\u00f3 a Sud Am\u00e9rica - Padre y Decano - El Sitio del Pueblo","og_description":"Pe\u00f1arol venci\u00f3 a Sud Am\u00e9rica 8 a 0 en el Estadio Contador Jos\u00e9 Pedro Damiani, con debut y gran actuaci\u00f3n de Facundo Torres que anot\u00f3 dos goles. Luis Urruti, Fabi\u00e1n Piriz y Dami\u00e1n Costa tambi\u00e9n se destacaron. El equipo de Jorge Tito Gon\u00e7alves fue muy superior de principio a fin del partido. El once form\u00f3 [&hellip;]","og_url":"https:\/\/www.padreydecano.com\/cms\/3era-division\/tercera-penarol-aplasto-a-sud-america\/","og_site_name":"Padre y Decano - El Sitio del Pueblo","article_published_time":"2017-04-04T18:45:14+00:00","article_modified_time":"2017-04-04T18:46:41+00:00","og_image":[{"url":"https:\/\/www.padreydecano.com\/cms\/wp-content\/uploads\/2017\/04\/IMG_9960-150x150.jpg"}],"author":"Moderador","twitter_card":"summary_large_image","twitter_misc":{"Escrito por":"Moderador","Tiempo de lectura":"2 minutos"},"schema":{"@context":"https:\/\/schema.org","@graph":[{"@type":"Article","@id":"https:\/\/www.padreydecano.com\/cms\/3era-division\/tercera-penarol-aplasto-a-sud-america\/#article","isPartOf":{"@id":"https:\/\/www.padreydecano.com\/cms\/3era-division\/tercera-penarol-aplasto-a-sud-america\/"},"author":{"name":"Moderador","@id":"https:\/\/www.padreydecano.com\/cms\/#\/schema\/person\/d93e9e537230ae052c194251d9a1def2"},"headline":"Tercera: Pe\u00f1arol aplast\u00f3 a Sud Am\u00e9rica","datePublished":"2017-04-04T18:45:14+00:00","dateModified":"2017-04-04T18:46:41+00:00","mainEntityOfPage":{"@id":"https:\/\/www.padreydecano.com\/cms\/3era-division\/tercera-penarol-aplasto-a-sud-america\/"},"wordCount":312,"commentCount":8,"publisher":{"@id":"https:\/\/www.padreydecano.com\/cms\/#organization"},"image":{"@id":"https:\/\/www.padreydecano.com\/cms\/3era-division\/tercera-penarol-aplasto-a-sud-america\/#primaryimage"},"thumbnailUrl":"http:\/\/www.padreydecano.com\/cms\/wp-content\/uploads\/2017\/04\/IMG_9957-600x400.jpg","articleSection":["3era Divisi\u00f3n"],"inLanguage":"es","potentialAction":[{"@type":"CommentAction","name":"Comment","target":["https:\/\/www.padreydecano.com\/cms\/3era-division\/tercera-penarol-aplasto-a-sud-america\/#respond"]}]},{"@type":"WebPage","@id":"https:\/\/www.padreydecano.com\/cms\/3era-division\/tercera-penarol-aplasto-a-sud-america\/","url":"https:\/\/www.padreydecano.com\/cms\/3era-division\/tercera-penarol-aplasto-a-sud-america\/","name":"Tercera: Pe\u00f1arol aplast\u00f3 a Sud Am\u00e9rica - Padre y Decano - El Sitio del Pueblo","isPartOf":{"@id":"https:\/\/www.padreydecano.com\/cms\/#website"},"primaryImageOfPage":{"@id":"https:\/\/www.padreydecano.com\/cms\/3era-division\/tercera-penarol-aplasto-a-sud-america\/#primaryimage"},"image":{"@id":"https:\/\/www.padreydecano.com\/cms\/3era-division\/tercera-penarol-aplasto-a-sud-america\/#primaryimage"},"thumbnailUrl":"http:\/\/www.padreydecano.com\/cms\/wp-content\/uploads\/2017\/04\/IMG_9957-600x400.jpg","datePublished":"2017-04-04T18:45:14+00:00","dateModified":"2017-04-04T18:46:41+00:00","breadcrumb":{"@id":"https:\/\/www.padreydecano.com\/cms\/3era-division\/tercera-penarol-aplasto-a-sud-america\/#breadcrumb"},"inLanguage":"es","potentialAction":[{"@type":"ReadAction","target":["https:\/\/www.padreydecano.com\/cms\/3era-division\/tercera-penarol-aplasto-a-sud-america\/"]}]},{"@type":"ImageObject","inLanguage":"es","@id":"https:\/\/www.padreydecano.com\/cms\/3era-division\/tercera-penarol-aplasto-a-sud-america\/#primaryimage","url":"http:\/\/www.padreydecano.com\/cms\/wp-content\/uploads\/2017\/04\/IMG_9957-600x400.jpg","contentUrl":"http:\/\/www.padreydecano.com\/cms\/wp-content\/uploads\/2017\/04\/IMG_9957-600x400.jpg"},{"@type":"BreadcrumbList","@id":"https:\/\/www.padreydecano.com\/cms\/3era-division\/tercera-penarol-aplasto-a-sud-america\/#breadcrumb","itemListElement":[{"@type":"ListItem","position":1,"name":"Portada","item":"https:\/\/www.padreydecano.com\/cms\/"},{"@type":"ListItem","position":2,"name":"Tercera: Pe\u00f1arol aplast\u00f3 a Sud Am\u00e9rica"}]},{"@type":"WebSite","@id":"https:\/\/www.padreydecano.com\/cms\/#website","url":"https:\/\/www.padreydecano.com\/cms\/","name":"Padre y Decano - El Sitio del Pueblo","description":"Club Atl\u00e9tico Pe\u00f1arol","publisher":{"@id":"https:\/\/www.padreydecano.com\/cms\/#organization"},"potentialAction":[{"@type":"SearchAction","target":{"@type":"EntryPoint","urlTemplate":"https:\/\/www.padreydecano.com\/cms\/?s={search_term_string}"},"query-input":"required name=search_term_string"}],"inLanguage":"es"},{"@type":"Organization","@id":"https:\/\/www.padreydecano.com\/cms\/#organization","name":"Padre y Decano","url":"https:\/\/www.padreydecano.com\/cms\/","logo":{"@type":"ImageObject","inLanguage":"es","@id":"https:\/\/www.padreydecano.com\/cms\/#\/schema\/logo\/image\/","url":"https:\/\/www.padreydecano.com\/cms\/wp-content\/uploads\/2022\/01\/avatar-square.png","contentUrl":"https:\/\/www.padreydecano.com\/cms\/wp-content\/uploads\/2022\/01\/avatar-square.png","width":1500,"height":1500,"caption":"Padre y Decano"},"image":{"@id":"https:\/\/www.padreydecano.com\/cms\/#\/schema\/logo\/image\/"}},{"@type":"Person","@id":"https:\/\/www.padreydecano.com\/cms\/#\/schema\/person\/d93e9e537230ae052c194251d9a1def2","name":"Moderador","image":{"@type":"ImageObject","inLanguage":"es","@id":"https:\/\/www.padreydecano.com\/cms\/#\/schema\/person\/image\/","url":"https:\/\/secure.gravatar.com\/avatar\/2587727bf8a53bd3da4ec49f01bea66e?s=96&d=https%3A%2F%2Fpadreydecano.com%2Fcms%2Fwp-content%2Fthemes%2Fpyd-theme%2Fimg%2Fdefault-avatar.png&r=g","contentUrl":"https:\/\/secure.gravatar.com\/avatar\/2587727bf8a53bd3da4ec49f01bea66e?s=96&d=https%3A%2F%2Fpadreydecano.com%2Fcms%2Fwp-content%2Fthemes%2Fpyd-theme%2Fimg%2Fdefault-avatar.png&r=g","caption":"Moderador"}}]}},"_links":{"self":[{"href":"https:\/\/www.padreydecano.com\/cms\/wp-json\/wp\/v2\/posts\/62620"}],"collection":[{"href":"https:\/\/www.padreydecano.com\/cms\/wp-json\/wp\/v2\/posts"}],"about":[{"href":"https:\/\/www.padreydecano.com\/cms\/wp-json\/wp\/v2\/types\/post"}],"author":[{"embeddable":true,"href":"https:\/\/www.padreydecano.com\/cms\/wp-json\/wp\/v2\/users\/13"}],"replies":[{"embeddable":true,"href":"https:\/\/www.padreydecano.com\/cms\/wp-json\/wp\/v2\/comments?post=62620"}],"version-history":[{"count":0,"href":"https:\/\/www.padreydecano.com\/cms\/wp-json\/wp\/v2\/posts\/62620\/revisions"}],"wp:attachment":[{"href":"https:\/\/www.padreydecano.com\/cms\/wp-json\/wp\/v2\/media?parent=62620"}],"wp:term":[{"taxonomy":"category","embeddable":true,"href":"https:\/\/www.padreydecano.com\/cms\/wp-json\/wp\/v2\/categories?post=62620"},{"taxonomy":"post_tag","embeddable":true,"href":"https:\/\/www.padreydecano.com\/cms\/wp-json\/wp\/v2\/tags?post=62620"}],"curies":[{"name":"wp","href":"https:\/\/api.w.org\/{rel}","templated":true}]}}