{"id":61850,"date":"2017-02-19T10:58:09","date_gmt":"2017-02-19T13:58:09","guid":{"rendered":"http:\/\/www.padreydecano.com\/cms\/?p=61850"},"modified":"2017-02-19T12:57:00","modified_gmt":"2017-02-19T15:57:00","slug":"golazo-de-fede-valverde-para-triunfo-del-castilla","status":"publish","type":"post","link":"https:\/\/www.padreydecano.com\/cms\/noticias\/golazo-de-fede-valverde-para-triunfo-del-castilla\/","title":{"rendered":"Golazo de Fede Valverde para el triunfo del Castilla"},"content":{"rendered":"<p style=\"text-align: justify;\">Con este golazo de <span style=\"color: #ffcc00;\"><strong>Fede Valverde<\/strong><\/span>, el Real Madrid Castilla venci\u00f3 por 1 a 0 al Rayo Majadahonda. Luego del partido, su t\u00e9cnico Santiago Solari (ex Pe\u00f1arol) cont\u00f3 que \u00abfue un golazo, tiene gran disparo de afuera. Lo hab\u00edamos perdido un par de partidos (por lesi\u00f3n) y volvi\u00f3 por lo alto; estamos contentos por \u00e9l\u00bb.<\/p>\n<blockquote class=\"twitter-tweet tw-align-center\" data-lang=\"es\">\n<p dir=\"ltr\" lang=\"es\">El golazo d <a href=\"https:\/\/twitter.com\/fedeevalverde\">@fedeevalverde<\/a> 0-1 para el Castilla <a href=\"https:\/\/twitter.com\/hashtag\/TodosConElCastilla?src=hash\">#TodosConElCastilla<\/a> <a href=\"https:\/\/twitter.com\/hashtag\/VamosMiCastilla?src=hash\">#VamosMiCastilla<\/a> <a href=\"https:\/\/t.co\/mlh97omhnB\">pic.twitter.com\/mlh97omhnB<\/a><\/p>\n<p>\u2014 VaNeSsA (@vanessa_dsr) <a href=\"https:\/\/twitter.com\/vanessa_dsr\/status\/833295900751560704\">19 de febrero de 2017<\/a><\/p><\/blockquote>\n<p><script async src=\"\/\/platform.twitter.com\/widgets.js\" charset=\"utf-8\"><\/script><\/p>\n<p>&nbsp;<\/p>\n<p>Foto: Realmadrid.com<\/p>\n","protected":false},"excerpt":{"rendered":"<p>Con este golazo de Fede Valverde, el Real Madrid Castilla venci\u00f3 por 1 a 0 al Rayo Majadahonda. Luego del partido, su t\u00e9cnico Santiago Solari (ex Pe\u00f1arol) cont\u00f3 que \u00abfue un golazo, tiene gran disparo de afuera. Lo hab\u00edamos perdido un par de partidos (por lesi\u00f3n) y volvi\u00f3 por lo alto; estamos contentos por \u00e9l\u00bb. [&hellip;]<\/p>\n","protected":false},"author":10,"featured_media":61851,"comment_status":"open","ping_status":"closed","sticky":false,"template":"","format":"standard","meta":{"footnotes":""},"categories":[1],"tags":[],"yoast_head":"<!-- This site is optimized with the Yoast SEO plugin v23.2 - https:\/\/yoast.com\/wordpress\/plugins\/seo\/ -->\n<title>Golazo de Fede Valverde para el triunfo del Castilla - Padre y Decano - El Sitio del Pueblo<\/title>\n<meta name=\"robots\" content=\"index, follow, max-snippet:-1, max-image-preview:large, max-video-preview:-1\" \/>\n<link rel=\"canonical\" href=\"https:\/\/www.padreydecano.com\/cms\/noticias\/golazo-de-fede-valverde-para-triunfo-del-castilla\/\" \/>\n<meta property=\"og:locale\" content=\"es_ES\" \/>\n<meta property=\"og:type\" content=\"article\" \/>\n<meta property=\"og:title\" content=\"Golazo de Fede Valverde para el triunfo del Castilla - Padre y Decano - El Sitio del Pueblo\" \/>\n<meta property=\"og:description\" content=\"Con este golazo de Fede Valverde, el Real Madrid Castilla venci\u00f3 por 1 a 0 al Rayo Majadahonda. Luego del partido, su t\u00e9cnico Santiago Solari (ex Pe\u00f1arol) cont\u00f3 que \u00abfue un golazo, tiene gran disparo de afuera. Lo hab\u00edamos perdido un par de partidos (por lesi\u00f3n) y volvi\u00f3 por lo alto; estamos contentos por \u00e9l\u00bb. [&hellip;]\" \/>\n<meta property=\"og:url\" content=\"https:\/\/www.padreydecano.com\/cms\/noticias\/golazo-de-fede-valverde-para-triunfo-del-castilla\/\" \/>\n<meta property=\"og:site_name\" content=\"Padre y Decano - El Sitio del Pueblo\" \/>\n<meta property=\"article:published_time\" content=\"2017-02-19T13:58:09+00:00\" \/>\n<meta property=\"article:modified_time\" content=\"2017-02-19T15:57:00+00:00\" \/>\n<meta property=\"og:image\" content=\"https:\/\/www.padreydecano.com\/cms\/wp-content\/uploads\/2017\/02\/CrdMn7xXEAUZOQU.jpg\" \/>\n\t<meta property=\"og:image:width\" content=\"1200\" \/>\n\t<meta property=\"og:image:height\" content=\"701\" \/>\n\t<meta property=\"og:image:type\" content=\"image\/jpeg\" \/>\n<meta name=\"author\" content=\"fishoapyd\" \/>\n<meta name=\"twitter:card\" content=\"summary_large_image\" \/>\n<meta name=\"twitter:label1\" content=\"Escrito por\" \/>\n\t<meta name=\"twitter:data1\" content=\"fishoapyd\" \/>\n<script type=\"application\/ld+json\" class=\"yoast-schema-graph\">{\"@context\":\"https:\/\/schema.org\",\"@graph\":[{\"@type\":\"Article\",\"@id\":\"https:\/\/www.padreydecano.com\/cms\/noticias\/golazo-de-fede-valverde-para-triunfo-del-castilla\/#article\",\"isPartOf\":{\"@id\":\"https:\/\/www.padreydecano.com\/cms\/noticias\/golazo-de-fede-valverde-para-triunfo-del-castilla\/\"},\"author\":{\"name\":\"fishoapyd\",\"@id\":\"https:\/\/www.padreydecano.com\/cms\/#\/schema\/person\/1376f1ec91158cca7aeef6d2109f929d\"},\"headline\":\"Golazo de Fede Valverde para el triunfo del Castilla\",\"datePublished\":\"2017-02-19T13:58:09+00:00\",\"dateModified\":\"2017-02-19T15:57:00+00:00\",\"mainEntityOfPage\":{\"@id\":\"https:\/\/www.padreydecano.com\/cms\/noticias\/golazo-de-fede-valverde-para-triunfo-del-castilla\/\"},\"wordCount\":91,\"commentCount\":13,\"publisher\":{\"@id\":\"https:\/\/www.padreydecano.com\/cms\/#organization\"},\"image\":{\"@id\":\"https:\/\/www.padreydecano.com\/cms\/noticias\/golazo-de-fede-valverde-para-triunfo-del-castilla\/#primaryimage\"},\"thumbnailUrl\":\"https:\/\/www.padreydecano.com\/cms\/wp-content\/uploads\/2017\/02\/CrdMn7xXEAUZOQU.jpg\",\"articleSection\":[\"Noticias\"],\"inLanguage\":\"es\",\"potentialAction\":[{\"@type\":\"CommentAction\",\"name\":\"Comment\",\"target\":[\"https:\/\/www.padreydecano.com\/cms\/noticias\/golazo-de-fede-valverde-para-triunfo-del-castilla\/#respond\"]}]},{\"@type\":\"WebPage\",\"@id\":\"https:\/\/www.padreydecano.com\/cms\/noticias\/golazo-de-fede-valverde-para-triunfo-del-castilla\/\",\"url\":\"https:\/\/www.padreydecano.com\/cms\/noticias\/golazo-de-fede-valverde-para-triunfo-del-castilla\/\",\"name\":\"Golazo de Fede Valverde para el triunfo del Castilla - Padre y Decano - El Sitio del Pueblo\",\"isPartOf\":{\"@id\":\"https:\/\/www.padreydecano.com\/cms\/#website\"},\"primaryImageOfPage\":{\"@id\":\"https:\/\/www.padreydecano.com\/cms\/noticias\/golazo-de-fede-valverde-para-triunfo-del-castilla\/#primaryimage\"},\"image\":{\"@id\":\"https:\/\/www.padreydecano.com\/cms\/noticias\/golazo-de-fede-valverde-para-triunfo-del-castilla\/#primaryimage\"},\"thumbnailUrl\":\"https:\/\/www.padreydecano.com\/cms\/wp-content\/uploads\/2017\/02\/CrdMn7xXEAUZOQU.jpg\",\"datePublished\":\"2017-02-19T13:58:09+00:00\",\"dateModified\":\"2017-02-19T15:57:00+00:00\",\"breadcrumb\":{\"@id\":\"https:\/\/www.padreydecano.com\/cms\/noticias\/golazo-de-fede-valverde-para-triunfo-del-castilla\/#breadcrumb\"},\"inLanguage\":\"es\",\"potentialAction\":[{\"@type\":\"ReadAction\",\"target\":[\"https:\/\/www.padreydecano.com\/cms\/noticias\/golazo-de-fede-valverde-para-triunfo-del-castilla\/\"]}]},{\"@type\":\"ImageObject\",\"inLanguage\":\"es\",\"@id\":\"https:\/\/www.padreydecano.com\/cms\/noticias\/golazo-de-fede-valverde-para-triunfo-del-castilla\/#primaryimage\",\"url\":\"https:\/\/www.padreydecano.com\/cms\/wp-content\/uploads\/2017\/02\/CrdMn7xXEAUZOQU.jpg\",\"contentUrl\":\"https:\/\/www.padreydecano.com\/cms\/wp-content\/uploads\/2017\/02\/CrdMn7xXEAUZOQU.jpg\",\"width\":1200,\"height\":701},{\"@type\":\"BreadcrumbList\",\"@id\":\"https:\/\/www.padreydecano.com\/cms\/noticias\/golazo-de-fede-valverde-para-triunfo-del-castilla\/#breadcrumb\",\"itemListElement\":[{\"@type\":\"ListItem\",\"position\":1,\"name\":\"Portada\",\"item\":\"https:\/\/www.padreydecano.com\/cms\/\"},{\"@type\":\"ListItem\",\"position\":2,\"name\":\"Golazo de Fede Valverde para el triunfo del Castilla\"}]},{\"@type\":\"WebSite\",\"@id\":\"https:\/\/www.padreydecano.com\/cms\/#website\",\"url\":\"https:\/\/www.padreydecano.com\/cms\/\",\"name\":\"Padre y Decano - El Sitio del Pueblo\",\"description\":\"Club Atl\u00e9tico Pe\u00f1arol\",\"publisher\":{\"@id\":\"https:\/\/www.padreydecano.com\/cms\/#organization\"},\"potentialAction\":[{\"@type\":\"SearchAction\",\"target\":{\"@type\":\"EntryPoint\",\"urlTemplate\":\"https:\/\/www.padreydecano.com\/cms\/?s={search_term_string}\"},\"query-input\":\"required name=search_term_string\"}],\"inLanguage\":\"es\"},{\"@type\":\"Organization\",\"@id\":\"https:\/\/www.padreydecano.com\/cms\/#organization\",\"name\":\"Padre y Decano\",\"url\":\"https:\/\/www.padreydecano.com\/cms\/\",\"logo\":{\"@type\":\"ImageObject\",\"inLanguage\":\"es\",\"@id\":\"https:\/\/www.padreydecano.com\/cms\/#\/schema\/logo\/image\/\",\"url\":\"https:\/\/www.padreydecano.com\/cms\/wp-content\/uploads\/2022\/01\/avatar-square.png\",\"contentUrl\":\"https:\/\/www.padreydecano.com\/cms\/wp-content\/uploads\/2022\/01\/avatar-square.png\",\"width\":1500,\"height\":1500,\"caption\":\"Padre y Decano\"},\"image\":{\"@id\":\"https:\/\/www.padreydecano.com\/cms\/#\/schema\/logo\/image\/\"}},{\"@type\":\"Person\",\"@id\":\"https:\/\/www.padreydecano.com\/cms\/#\/schema\/person\/1376f1ec91158cca7aeef6d2109f929d\",\"name\":\"fishoapyd\",\"image\":{\"@type\":\"ImageObject\",\"inLanguage\":\"es\",\"@id\":\"https:\/\/www.padreydecano.com\/cms\/#\/schema\/person\/image\/\",\"url\":\"https:\/\/www.padreydecano.com\/cms\/wp-content\/uploads\/2022\/12\/avatar-square-1.png\",\"contentUrl\":\"https:\/\/www.padreydecano.com\/cms\/wp-content\/uploads\/2022\/12\/avatar-square-1.png\",\"caption\":\"fishoapyd\"},\"sameAs\":[\"http:\/\/www.padreydecano.com\"]}]}<\/script>\n<!-- \/ Yoast SEO plugin. -->","yoast_head_json":{"title":"Golazo de Fede Valverde para el triunfo del Castilla - Padre y Decano - El Sitio del Pueblo","robots":{"index":"index","follow":"follow","max-snippet":"max-snippet:-1","max-image-preview":"max-image-preview:large","max-video-preview":"max-video-preview:-1"},"canonical":"https:\/\/www.padreydecano.com\/cms\/noticias\/golazo-de-fede-valverde-para-triunfo-del-castilla\/","og_locale":"es_ES","og_type":"article","og_title":"Golazo de Fede Valverde para el triunfo del Castilla - Padre y Decano - El Sitio del Pueblo","og_description":"Con este golazo de Fede Valverde, el Real Madrid Castilla venci\u00f3 por 1 a 0 al Rayo Majadahonda. Luego del partido, su t\u00e9cnico Santiago Solari (ex Pe\u00f1arol) cont\u00f3 que \u00abfue un golazo, tiene gran disparo de afuera. Lo hab\u00edamos perdido un par de partidos (por lesi\u00f3n) y volvi\u00f3 por lo alto; estamos contentos por \u00e9l\u00bb. [&hellip;]","og_url":"https:\/\/www.padreydecano.com\/cms\/noticias\/golazo-de-fede-valverde-para-triunfo-del-castilla\/","og_site_name":"Padre y Decano - El Sitio del Pueblo","article_published_time":"2017-02-19T13:58:09+00:00","article_modified_time":"2017-02-19T15:57:00+00:00","og_image":[{"width":1200,"height":701,"url":"https:\/\/www.padreydecano.com\/cms\/wp-content\/uploads\/2017\/02\/CrdMn7xXEAUZOQU.jpg","type":"image\/jpeg"}],"author":"fishoapyd","twitter_card":"summary_large_image","twitter_misc":{"Escrito por":"fishoapyd"},"schema":{"@context":"https:\/\/schema.org","@graph":[{"@type":"Article","@id":"https:\/\/www.padreydecano.com\/cms\/noticias\/golazo-de-fede-valverde-para-triunfo-del-castilla\/#article","isPartOf":{"@id":"https:\/\/www.padreydecano.com\/cms\/noticias\/golazo-de-fede-valverde-para-triunfo-del-castilla\/"},"author":{"name":"fishoapyd","@id":"https:\/\/www.padreydecano.com\/cms\/#\/schema\/person\/1376f1ec91158cca7aeef6d2109f929d"},"headline":"Golazo de Fede Valverde para el triunfo del Castilla","datePublished":"2017-02-19T13:58:09+00:00","dateModified":"2017-02-19T15:57:00+00:00","mainEntityOfPage":{"@id":"https:\/\/www.padreydecano.com\/cms\/noticias\/golazo-de-fede-valverde-para-triunfo-del-castilla\/"},"wordCount":91,"commentCount":13,"publisher":{"@id":"https:\/\/www.padreydecano.com\/cms\/#organization"},"image":{"@id":"https:\/\/www.padreydecano.com\/cms\/noticias\/golazo-de-fede-valverde-para-triunfo-del-castilla\/#primaryimage"},"thumbnailUrl":"https:\/\/www.padreydecano.com\/cms\/wp-content\/uploads\/2017\/02\/CrdMn7xXEAUZOQU.jpg","articleSection":["Noticias"],"inLanguage":"es","potentialAction":[{"@type":"CommentAction","name":"Comment","target":["https:\/\/www.padreydecano.com\/cms\/noticias\/golazo-de-fede-valverde-para-triunfo-del-castilla\/#respond"]}]},{"@type":"WebPage","@id":"https:\/\/www.padreydecano.com\/cms\/noticias\/golazo-de-fede-valverde-para-triunfo-del-castilla\/","url":"https:\/\/www.padreydecano.com\/cms\/noticias\/golazo-de-fede-valverde-para-triunfo-del-castilla\/","name":"Golazo de Fede Valverde para el triunfo del Castilla - Padre y Decano - El Sitio del Pueblo","isPartOf":{"@id":"https:\/\/www.padreydecano.com\/cms\/#website"},"primaryImageOfPage":{"@id":"https:\/\/www.padreydecano.com\/cms\/noticias\/golazo-de-fede-valverde-para-triunfo-del-castilla\/#primaryimage"},"image":{"@id":"https:\/\/www.padreydecano.com\/cms\/noticias\/golazo-de-fede-valverde-para-triunfo-del-castilla\/#primaryimage"},"thumbnailUrl":"https:\/\/www.padreydecano.com\/cms\/wp-content\/uploads\/2017\/02\/CrdMn7xXEAUZOQU.jpg","datePublished":"2017-02-19T13:58:09+00:00","dateModified":"2017-02-19T15:57:00+00:00","breadcrumb":{"@id":"https:\/\/www.padreydecano.com\/cms\/noticias\/golazo-de-fede-valverde-para-triunfo-del-castilla\/#breadcrumb"},"inLanguage":"es","potentialAction":[{"@type":"ReadAction","target":["https:\/\/www.padreydecano.com\/cms\/noticias\/golazo-de-fede-valverde-para-triunfo-del-castilla\/"]}]},{"@type":"ImageObject","inLanguage":"es","@id":"https:\/\/www.padreydecano.com\/cms\/noticias\/golazo-de-fede-valverde-para-triunfo-del-castilla\/#primaryimage","url":"https:\/\/www.padreydecano.com\/cms\/wp-content\/uploads\/2017\/02\/CrdMn7xXEAUZOQU.jpg","contentUrl":"https:\/\/www.padreydecano.com\/cms\/wp-content\/uploads\/2017\/02\/CrdMn7xXEAUZOQU.jpg","width":1200,"height":701},{"@type":"BreadcrumbList","@id":"https:\/\/www.padreydecano.com\/cms\/noticias\/golazo-de-fede-valverde-para-triunfo-del-castilla\/#breadcrumb","itemListElement":[{"@type":"ListItem","position":1,"name":"Portada","item":"https:\/\/www.padreydecano.com\/cms\/"},{"@type":"ListItem","position":2,"name":"Golazo de Fede Valverde para el triunfo del Castilla"}]},{"@type":"WebSite","@id":"https:\/\/www.padreydecano.com\/cms\/#website","url":"https:\/\/www.padreydecano.com\/cms\/","name":"Padre y Decano - El Sitio del Pueblo","description":"Club Atl\u00e9tico Pe\u00f1arol","publisher":{"@id":"https:\/\/www.padreydecano.com\/cms\/#organization"},"potentialAction":[{"@type":"SearchAction","target":{"@type":"EntryPoint","urlTemplate":"https:\/\/www.padreydecano.com\/cms\/?s={search_term_string}"},"query-input":"required name=search_term_string"}],"inLanguage":"es"},{"@type":"Organization","@id":"https:\/\/www.padreydecano.com\/cms\/#organization","name":"Padre y Decano","url":"https:\/\/www.padreydecano.com\/cms\/","logo":{"@type":"ImageObject","inLanguage":"es","@id":"https:\/\/www.padreydecano.com\/cms\/#\/schema\/logo\/image\/","url":"https:\/\/www.padreydecano.com\/cms\/wp-content\/uploads\/2022\/01\/avatar-square.png","contentUrl":"https:\/\/www.padreydecano.com\/cms\/wp-content\/uploads\/2022\/01\/avatar-square.png","width":1500,"height":1500,"caption":"Padre y Decano"},"image":{"@id":"https:\/\/www.padreydecano.com\/cms\/#\/schema\/logo\/image\/"}},{"@type":"Person","@id":"https:\/\/www.padreydecano.com\/cms\/#\/schema\/person\/1376f1ec91158cca7aeef6d2109f929d","name":"fishoapyd","image":{"@type":"ImageObject","inLanguage":"es","@id":"https:\/\/www.padreydecano.com\/cms\/#\/schema\/person\/image\/","url":"https:\/\/www.padreydecano.com\/cms\/wp-content\/uploads\/2022\/12\/avatar-square-1.png","contentUrl":"https:\/\/www.padreydecano.com\/cms\/wp-content\/uploads\/2022\/12\/avatar-square-1.png","caption":"fishoapyd"},"sameAs":["http:\/\/www.padreydecano.com"]}]}},"_links":{"self":[{"href":"https:\/\/www.padreydecano.com\/cms\/wp-json\/wp\/v2\/posts\/61850"}],"collection":[{"href":"https:\/\/www.padreydecano.com\/cms\/wp-json\/wp\/v2\/posts"}],"about":[{"href":"https:\/\/www.padreydecano.com\/cms\/wp-json\/wp\/v2\/types\/post"}],"author":[{"embeddable":true,"href":"https:\/\/www.padreydecano.com\/cms\/wp-json\/wp\/v2\/users\/10"}],"replies":[{"embeddable":true,"href":"https:\/\/www.padreydecano.com\/cms\/wp-json\/wp\/v2\/comments?post=61850"}],"version-history":[{"count":0,"href":"https:\/\/www.padreydecano.com\/cms\/wp-json\/wp\/v2\/posts\/61850\/revisions"}],"wp:featuredmedia":[{"embeddable":true,"href":"https:\/\/www.padreydecano.com\/cms\/wp-json\/wp\/v2\/media\/61851"}],"wp:attachment":[{"href":"https:\/\/www.padreydecano.com\/cms\/wp-json\/wp\/v2\/media?parent=61850"}],"wp:term":[{"taxonomy":"category","embeddable":true,"href":"https:\/\/www.padreydecano.com\/cms\/wp-json\/wp\/v2\/categories?post=61850"},{"taxonomy":"post_tag","embeddable":true,"href":"https:\/\/www.padreydecano.com\/cms\/wp-json\/wp\/v2\/tags?post=61850"}],"curies":[{"name":"wp","href":"https:\/\/api.w.org\/{rel}","templated":true}]}}