{"id":61355,"date":"2016-12-21T10:18:35","date_gmt":"2016-12-21T13:18:35","guid":{"rendered":"http:\/\/www.padreydecano.com\/cms\/?p=61355"},"modified":"2016-12-21T10:18:35","modified_gmt":"2016-12-21T13:18:35","slug":"comunicacion-a-palquistas-y-butaquistas-del-estadio-campeon-del-siglo","status":"publish","type":"post","link":"https:\/\/www.padreydecano.com\/cms\/noticias\/comunicacion-a-palquistas-y-butaquistas-del-estadio-campeon-del-siglo\/","title":{"rendered":"Comunicaci\u00f3n a Palquistas y Butaquistas del Estadio Campe\u00f3n del Siglo"},"content":{"rendered":"<p style=\"text-align: justify;\"><a href=\"https:\/\/www.padreydecano.com\/cms\/wp-content\/uploads\/2016\/03\/Inauguraci\u00f3n-CDS-Ignacio-Fern\u00e1ndez-Ant\u00eda-1-Copiar.jpg\" rel=\"shadowbox[sbpost-61355];player=img;\"><img loading=\"lazy\" decoding=\"async\" class=\"aligncenter  wp-image-58014\" src=\"https:\/\/www.padreydecano.com\/cms\/wp-content\/uploads\/2016\/03\/Inauguraci\u00f3n-CDS-Ignacio-Fern\u00e1ndez-Ant\u00eda-1-Copiar.jpg\" alt=\"Inauguraci\u00f3n-CDS-Ignacio-Fern\u00e1ndez-Ant\u00eda (1) (Copiar)\" width=\"644\" height=\"429\" srcset=\"https:\/\/www.padreydecano.com\/cms\/wp-content\/uploads\/2016\/03\/Inauguraci\u00f3n-CDS-Ignacio-Fern\u00e1ndez-Ant\u00eda-1-Copiar.jpg 900w, https:\/\/www.padreydecano.com\/cms\/wp-content\/uploads\/2016\/03\/Inauguraci\u00f3n-CDS-Ignacio-Fern\u00e1ndez-Ant\u00eda-1-Copiar-300x200.jpg 300w, https:\/\/www.padreydecano.com\/cms\/wp-content\/uploads\/2016\/03\/Inauguraci\u00f3n-CDS-Ignacio-Fern\u00e1ndez-Ant\u00eda-1-Copiar-768x512.jpg 768w\" sizes=\"(max-width: 644px) 100vw, 644px\" \/><\/a><\/p>\n<p style=\"text-align: justify;\">A continuaci\u00f3n transcribimos \u00edntegramente el comunicado emitido por la instituci\u00f3n respecto a la prolongaci\u00f3n por un a\u00f1o de los palcos y butacas:<\/p>\n<p style=\"text-align: justify;\"><strong>Debido al compromiso inquebrantable de palquistas y butaquistas, el Consejo Directivo del Club Atl\u00e9tico Pe\u00f1arol anuncia que otorgar\u00e1 a todos ellos por una \u00fanica vez, un beneficio extraordinario: un a\u00f1o adicional a su contrato.<\/strong><\/p>\n<p style=\"text-align: justify;\">Se va un a\u00f1o que quedar\u00e1 para siempre en la historia de nuestro querido Pe\u00f1arol. El a\u00f1o en que el sue\u00f1o de varias generaciones se volvi\u00f3 finalmente una realidad. El a\u00f1o en el que inauguramos nuestra casa, el Estado Campe\u00f3n del Siglo, el lugar donde seguiremos construyendo la gloria de nuestra instituci\u00f3n y en el que continuaremos escribiendo la historia que nos ha hecho tan grandes.<\/p>\n<p style=\"text-align: justify;\">El 2016 fue tambi\u00e9n el a\u00f1o en el que, todos juntos, celebramos la obtenci\u00f3n del Campeonato Uruguayo n\u00famero 50. Otra meta que, con el trabajo y el esfuerzo con el que se ha conseguido todo en la historia de nuestro club, se alcanz\u00f3 y festej\u00f3 en cada rinc\u00f3n del pa\u00eds, y que coloc\u00f3 a Pe\u00f1arol en el podio de los equipos que han ganado m\u00e1s t\u00edtulos locales en el mundo entero.<\/p>\n<p style=\"text-align: justify;\">La segunda parte del a\u00f1o no trajo los resultados deportivos que todos esper\u00e1bamos. A ello se sum\u00f3 un brote de violencia que todos los pe\u00f1arolenses, sin excepci\u00f3n, condenamos y repudiamos, que nos llev\u00f3 a perder encuentros en los escritorios y a tener que jugar algunos encuentros, como local o como visitante, sin p\u00fablico.<\/p>\n<p style=\"text-align: justify;\">En todo este a\u00f1o, en las buenas y en las malas mucho m\u00e1s, como solemos decir los pe\u00f1arolenses, el apoyo de palquistas y butaquistas fue muy importante. Su compromiso fue vital para poder construir un estadio del que todos estamos orgullosos. Un templo que se viste de fiesta cada vez que juega nuestro Pe\u00f1arol.<\/p>\n<p style=\"text-align: justify;\">Es precisamente ese compromiso inquebrantable de palquistas y butaquistas el que el Consejo Directivo del Club Atl\u00e9tico Pe\u00f1arol quiere reconocer anunciando, por esta v\u00eda, su decisi\u00f3n de otorgar a todos ellos por una \u00fanica vez un beneficio extraordinario: un a\u00f1o adicional a su contrato.-<\/p>\n<p style=\"text-align: justify;\">El 2017 est\u00e1 a la vuelta de la esquina. Es tiempo de renovar la ilusi\u00f3n y de comenzar a alimentar, desde los encuentros amistosos que en enero ya se disputar\u00e1n en el Campe\u00f3n del Siglo, la esperanza de nuevos triunfos deportivos. Es hora de ir por el Campeonato Uruguayo 51 y de volver a intentar tener, a nivel continental, la figuraci\u00f3n que todos anhelamos.<\/p>\n<p style=\"text-align: justify;\">Con vuestro apoyo, y el de todos los pe\u00f1arolenses, nada es imposible. El estadio que construimos juntos as\u00ed lo demuestra.<\/p>\n","protected":false},"excerpt":{"rendered":"<p>A continuaci\u00f3n transcribimos \u00edntegramente el comunicado emitido por la instituci\u00f3n respecto a la prolongaci\u00f3n por un a\u00f1o de los palcos y butacas: Debido al compromiso inquebrantable de palquistas y butaquistas, el Consejo Directivo del Club Atl\u00e9tico Pe\u00f1arol anuncia que otorgar\u00e1 a todos ellos por una \u00fanica vez, un beneficio extraordinario: un a\u00f1o adicional a su [&hellip;]<\/p>\n","protected":false},"author":13,"featured_media":58014,"comment_status":"open","ping_status":"closed","sticky":false,"template":"","format":"standard","meta":{"footnotes":""},"categories":[1],"tags":[115,39],"yoast_head":"<!-- This site is optimized with the Yoast SEO plugin v23.2 - https:\/\/yoast.com\/wordpress\/plugins\/seo\/ -->\n<title>Comunicaci\u00f3n a Palquistas y Butaquistas del Estadio Campe\u00f3n del Siglo - Padre y Decano - El Sitio del Pueblo<\/title>\n<meta name=\"robots\" content=\"index, follow, max-snippet:-1, max-image-preview:large, max-video-preview:-1\" \/>\n<link rel=\"canonical\" href=\"https:\/\/www.padreydecano.com\/cms\/noticias\/comunicacion-a-palquistas-y-butaquistas-del-estadio-campeon-del-siglo\/\" \/>\n<meta property=\"og:locale\" content=\"es_ES\" \/>\n<meta property=\"og:type\" content=\"article\" \/>\n<meta property=\"og:title\" content=\"Comunicaci\u00f3n a Palquistas y Butaquistas del Estadio Campe\u00f3n del Siglo - Padre y Decano - El Sitio del Pueblo\" \/>\n<meta property=\"og:description\" content=\"A continuaci\u00f3n transcribimos \u00edntegramente el comunicado emitido por la instituci\u00f3n respecto a la prolongaci\u00f3n por un a\u00f1o de los palcos y butacas: Debido al compromiso inquebrantable de palquistas y butaquistas, el Consejo Directivo del Club Atl\u00e9tico Pe\u00f1arol anuncia que otorgar\u00e1 a todos ellos por una \u00fanica vez, un beneficio extraordinario: un a\u00f1o adicional a su [&hellip;]\" \/>\n<meta property=\"og:url\" content=\"https:\/\/www.padreydecano.com\/cms\/noticias\/comunicacion-a-palquistas-y-butaquistas-del-estadio-campeon-del-siglo\/\" \/>\n<meta property=\"og:site_name\" content=\"Padre y Decano - El Sitio del Pueblo\" \/>\n<meta property=\"article:published_time\" content=\"2016-12-21T13:18:35+00:00\" \/>\n<meta property=\"og:image\" content=\"https:\/\/www.padreydecano.com\/cms\/wp-content\/uploads\/2016\/03\/Inauguraci\u00f3n-CDS-Ignacio-Fern\u00e1ndez-Ant\u00eda-1-Copiar.jpg\" \/>\n\t<meta property=\"og:image:width\" content=\"900\" \/>\n\t<meta property=\"og:image:height\" content=\"600\" \/>\n\t<meta property=\"og:image:type\" content=\"image\/jpeg\" \/>\n<meta name=\"author\" content=\"Moderador\" \/>\n<meta name=\"twitter:card\" content=\"summary_large_image\" \/>\n<meta name=\"twitter:label1\" content=\"Escrito por\" \/>\n\t<meta name=\"twitter:data1\" content=\"Moderador\" \/>\n\t<meta name=\"twitter:label2\" content=\"Tiempo de lectura\" \/>\n\t<meta name=\"twitter:data2\" content=\"2 minutos\" \/>\n<script type=\"application\/ld+json\" class=\"yoast-schema-graph\">{\"@context\":\"https:\/\/schema.org\",\"@graph\":[{\"@type\":\"Article\",\"@id\":\"https:\/\/www.padreydecano.com\/cms\/noticias\/comunicacion-a-palquistas-y-butaquistas-del-estadio-campeon-del-siglo\/#article\",\"isPartOf\":{\"@id\":\"https:\/\/www.padreydecano.com\/cms\/noticias\/comunicacion-a-palquistas-y-butaquistas-del-estadio-campeon-del-siglo\/\"},\"author\":{\"name\":\"Moderador\",\"@id\":\"https:\/\/www.padreydecano.com\/cms\/#\/schema\/person\/d93e9e537230ae052c194251d9a1def2\"},\"headline\":\"Comunicaci\u00f3n a Palquistas y Butaquistas del Estadio Campe\u00f3n del Siglo\",\"datePublished\":\"2016-12-21T13:18:35+00:00\",\"dateModified\":\"2016-12-21T13:18:35+00:00\",\"mainEntityOfPage\":{\"@id\":\"https:\/\/www.padreydecano.com\/cms\/noticias\/comunicacion-a-palquistas-y-butaquistas-del-estadio-campeon-del-siglo\/\"},\"wordCount\":479,\"commentCount\":17,\"publisher\":{\"@id\":\"https:\/\/www.padreydecano.com\/cms\/#organization\"},\"image\":{\"@id\":\"https:\/\/www.padreydecano.com\/cms\/noticias\/comunicacion-a-palquistas-y-butaquistas-del-estadio-campeon-del-siglo\/#primaryimage\"},\"thumbnailUrl\":\"https:\/\/www.padreydecano.com\/cms\/wp-content\/uploads\/2016\/03\/Inauguraci\u00f3n-CDS-Ignacio-Fern\u00e1ndez-Ant\u00eda-1-Copiar.jpg\",\"keywords\":[\"Estadio\",\"Institucionales\"],\"articleSection\":[\"Noticias\"],\"inLanguage\":\"es\",\"potentialAction\":[{\"@type\":\"CommentAction\",\"name\":\"Comment\",\"target\":[\"https:\/\/www.padreydecano.com\/cms\/noticias\/comunicacion-a-palquistas-y-butaquistas-del-estadio-campeon-del-siglo\/#respond\"]}]},{\"@type\":\"WebPage\",\"@id\":\"https:\/\/www.padreydecano.com\/cms\/noticias\/comunicacion-a-palquistas-y-butaquistas-del-estadio-campeon-del-siglo\/\",\"url\":\"https:\/\/www.padreydecano.com\/cms\/noticias\/comunicacion-a-palquistas-y-butaquistas-del-estadio-campeon-del-siglo\/\",\"name\":\"Comunicaci\u00f3n a Palquistas y Butaquistas del Estadio Campe\u00f3n del Siglo - Padre y Decano - El Sitio del Pueblo\",\"isPartOf\":{\"@id\":\"https:\/\/www.padreydecano.com\/cms\/#website\"},\"primaryImageOfPage\":{\"@id\":\"https:\/\/www.padreydecano.com\/cms\/noticias\/comunicacion-a-palquistas-y-butaquistas-del-estadio-campeon-del-siglo\/#primaryimage\"},\"image\":{\"@id\":\"https:\/\/www.padreydecano.com\/cms\/noticias\/comunicacion-a-palquistas-y-butaquistas-del-estadio-campeon-del-siglo\/#primaryimage\"},\"thumbnailUrl\":\"https:\/\/www.padreydecano.com\/cms\/wp-content\/uploads\/2016\/03\/Inauguraci\u00f3n-CDS-Ignacio-Fern\u00e1ndez-Ant\u00eda-1-Copiar.jpg\",\"datePublished\":\"2016-12-21T13:18:35+00:00\",\"dateModified\":\"2016-12-21T13:18:35+00:00\",\"breadcrumb\":{\"@id\":\"https:\/\/www.padreydecano.com\/cms\/noticias\/comunicacion-a-palquistas-y-butaquistas-del-estadio-campeon-del-siglo\/#breadcrumb\"},\"inLanguage\":\"es\",\"potentialAction\":[{\"@type\":\"ReadAction\",\"target\":[\"https:\/\/www.padreydecano.com\/cms\/noticias\/comunicacion-a-palquistas-y-butaquistas-del-estadio-campeon-del-siglo\/\"]}]},{\"@type\":\"ImageObject\",\"inLanguage\":\"es\",\"@id\":\"https:\/\/www.padreydecano.com\/cms\/noticias\/comunicacion-a-palquistas-y-butaquistas-del-estadio-campeon-del-siglo\/#primaryimage\",\"url\":\"https:\/\/www.padreydecano.com\/cms\/wp-content\/uploads\/2016\/03\/Inauguraci\u00f3n-CDS-Ignacio-Fern\u00e1ndez-Ant\u00eda-1-Copiar.jpg\",\"contentUrl\":\"https:\/\/www.padreydecano.com\/cms\/wp-content\/uploads\/2016\/03\/Inauguraci\u00f3n-CDS-Ignacio-Fern\u00e1ndez-Ant\u00eda-1-Copiar.jpg\",\"width\":900,\"height\":600},{\"@type\":\"BreadcrumbList\",\"@id\":\"https:\/\/www.padreydecano.com\/cms\/noticias\/comunicacion-a-palquistas-y-butaquistas-del-estadio-campeon-del-siglo\/#breadcrumb\",\"itemListElement\":[{\"@type\":\"ListItem\",\"position\":1,\"name\":\"Portada\",\"item\":\"https:\/\/www.padreydecano.com\/cms\/\"},{\"@type\":\"ListItem\",\"position\":2,\"name\":\"Comunicaci\u00f3n a Palquistas y Butaquistas del Estadio Campe\u00f3n del Siglo\"}]},{\"@type\":\"WebSite\",\"@id\":\"https:\/\/www.padreydecano.com\/cms\/#website\",\"url\":\"https:\/\/www.padreydecano.com\/cms\/\",\"name\":\"Padre y Decano - El Sitio del Pueblo\",\"description\":\"Club Atl\u00e9tico Pe\u00f1arol\",\"publisher\":{\"@id\":\"https:\/\/www.padreydecano.com\/cms\/#organization\"},\"potentialAction\":[{\"@type\":\"SearchAction\",\"target\":{\"@type\":\"EntryPoint\",\"urlTemplate\":\"https:\/\/www.padreydecano.com\/cms\/?s={search_term_string}\"},\"query-input\":\"required name=search_term_string\"}],\"inLanguage\":\"es\"},{\"@type\":\"Organization\",\"@id\":\"https:\/\/www.padreydecano.com\/cms\/#organization\",\"name\":\"Padre y Decano\",\"url\":\"https:\/\/www.padreydecano.com\/cms\/\",\"logo\":{\"@type\":\"ImageObject\",\"inLanguage\":\"es\",\"@id\":\"https:\/\/www.padreydecano.com\/cms\/#\/schema\/logo\/image\/\",\"url\":\"https:\/\/www.padreydecano.com\/cms\/wp-content\/uploads\/2022\/01\/avatar-square.png\",\"contentUrl\":\"https:\/\/www.padreydecano.com\/cms\/wp-content\/uploads\/2022\/01\/avatar-square.png\",\"width\":1500,\"height\":1500,\"caption\":\"Padre y Decano\"},\"image\":{\"@id\":\"https:\/\/www.padreydecano.com\/cms\/#\/schema\/logo\/image\/\"}},{\"@type\":\"Person\",\"@id\":\"https:\/\/www.padreydecano.com\/cms\/#\/schema\/person\/d93e9e537230ae052c194251d9a1def2\",\"name\":\"Moderador\",\"image\":{\"@type\":\"ImageObject\",\"inLanguage\":\"es\",\"@id\":\"https:\/\/www.padreydecano.com\/cms\/#\/schema\/person\/image\/\",\"url\":\"https:\/\/secure.gravatar.com\/avatar\/2587727bf8a53bd3da4ec49f01bea66e?s=96&d=https%3A%2F%2Fpadreydecano.com%2Fcms%2Fwp-content%2Fthemes%2Fpyd-theme%2Fimg%2Fdefault-avatar.png&r=g\",\"contentUrl\":\"https:\/\/secure.gravatar.com\/avatar\/2587727bf8a53bd3da4ec49f01bea66e?s=96&d=https%3A%2F%2Fpadreydecano.com%2Fcms%2Fwp-content%2Fthemes%2Fpyd-theme%2Fimg%2Fdefault-avatar.png&r=g\",\"caption\":\"Moderador\"}}]}<\/script>\n<!-- \/ Yoast SEO plugin. -->","yoast_head_json":{"title":"Comunicaci\u00f3n a Palquistas y Butaquistas del Estadio Campe\u00f3n del Siglo - Padre y Decano - El Sitio del Pueblo","robots":{"index":"index","follow":"follow","max-snippet":"max-snippet:-1","max-image-preview":"max-image-preview:large","max-video-preview":"max-video-preview:-1"},"canonical":"https:\/\/www.padreydecano.com\/cms\/noticias\/comunicacion-a-palquistas-y-butaquistas-del-estadio-campeon-del-siglo\/","og_locale":"es_ES","og_type":"article","og_title":"Comunicaci\u00f3n a Palquistas y Butaquistas del Estadio Campe\u00f3n del Siglo - Padre y Decano - El Sitio del Pueblo","og_description":"A continuaci\u00f3n transcribimos \u00edntegramente el comunicado emitido por la instituci\u00f3n respecto a la prolongaci\u00f3n por un a\u00f1o de los palcos y butacas: Debido al compromiso inquebrantable de palquistas y butaquistas, el Consejo Directivo del Club Atl\u00e9tico Pe\u00f1arol anuncia que otorgar\u00e1 a todos ellos por una \u00fanica vez, un beneficio extraordinario: un a\u00f1o adicional a su [&hellip;]","og_url":"https:\/\/www.padreydecano.com\/cms\/noticias\/comunicacion-a-palquistas-y-butaquistas-del-estadio-campeon-del-siglo\/","og_site_name":"Padre y Decano - El Sitio del Pueblo","article_published_time":"2016-12-21T13:18:35+00:00","og_image":[{"width":900,"height":600,"url":"https:\/\/www.padreydecano.com\/cms\/wp-content\/uploads\/2016\/03\/Inauguraci\u00f3n-CDS-Ignacio-Fern\u00e1ndez-Ant\u00eda-1-Copiar.jpg","type":"image\/jpeg"}],"author":"Moderador","twitter_card":"summary_large_image","twitter_misc":{"Escrito por":"Moderador","Tiempo de lectura":"2 minutos"},"schema":{"@context":"https:\/\/schema.org","@graph":[{"@type":"Article","@id":"https:\/\/www.padreydecano.com\/cms\/noticias\/comunicacion-a-palquistas-y-butaquistas-del-estadio-campeon-del-siglo\/#article","isPartOf":{"@id":"https:\/\/www.padreydecano.com\/cms\/noticias\/comunicacion-a-palquistas-y-butaquistas-del-estadio-campeon-del-siglo\/"},"author":{"name":"Moderador","@id":"https:\/\/www.padreydecano.com\/cms\/#\/schema\/person\/d93e9e537230ae052c194251d9a1def2"},"headline":"Comunicaci\u00f3n a Palquistas y Butaquistas del Estadio Campe\u00f3n del Siglo","datePublished":"2016-12-21T13:18:35+00:00","dateModified":"2016-12-21T13:18:35+00:00","mainEntityOfPage":{"@id":"https:\/\/www.padreydecano.com\/cms\/noticias\/comunicacion-a-palquistas-y-butaquistas-del-estadio-campeon-del-siglo\/"},"wordCount":479,"commentCount":17,"publisher":{"@id":"https:\/\/www.padreydecano.com\/cms\/#organization"},"image":{"@id":"https:\/\/www.padreydecano.com\/cms\/noticias\/comunicacion-a-palquistas-y-butaquistas-del-estadio-campeon-del-siglo\/#primaryimage"},"thumbnailUrl":"https:\/\/www.padreydecano.com\/cms\/wp-content\/uploads\/2016\/03\/Inauguraci\u00f3n-CDS-Ignacio-Fern\u00e1ndez-Ant\u00eda-1-Copiar.jpg","keywords":["Estadio","Institucionales"],"articleSection":["Noticias"],"inLanguage":"es","potentialAction":[{"@type":"CommentAction","name":"Comment","target":["https:\/\/www.padreydecano.com\/cms\/noticias\/comunicacion-a-palquistas-y-butaquistas-del-estadio-campeon-del-siglo\/#respond"]}]},{"@type":"WebPage","@id":"https:\/\/www.padreydecano.com\/cms\/noticias\/comunicacion-a-palquistas-y-butaquistas-del-estadio-campeon-del-siglo\/","url":"https:\/\/www.padreydecano.com\/cms\/noticias\/comunicacion-a-palquistas-y-butaquistas-del-estadio-campeon-del-siglo\/","name":"Comunicaci\u00f3n a Palquistas y Butaquistas del Estadio Campe\u00f3n del Siglo - Padre y Decano - El Sitio del Pueblo","isPartOf":{"@id":"https:\/\/www.padreydecano.com\/cms\/#website"},"primaryImageOfPage":{"@id":"https:\/\/www.padreydecano.com\/cms\/noticias\/comunicacion-a-palquistas-y-butaquistas-del-estadio-campeon-del-siglo\/#primaryimage"},"image":{"@id":"https:\/\/www.padreydecano.com\/cms\/noticias\/comunicacion-a-palquistas-y-butaquistas-del-estadio-campeon-del-siglo\/#primaryimage"},"thumbnailUrl":"https:\/\/www.padreydecano.com\/cms\/wp-content\/uploads\/2016\/03\/Inauguraci\u00f3n-CDS-Ignacio-Fern\u00e1ndez-Ant\u00eda-1-Copiar.jpg","datePublished":"2016-12-21T13:18:35+00:00","dateModified":"2016-12-21T13:18:35+00:00","breadcrumb":{"@id":"https:\/\/www.padreydecano.com\/cms\/noticias\/comunicacion-a-palquistas-y-butaquistas-del-estadio-campeon-del-siglo\/#breadcrumb"},"inLanguage":"es","potentialAction":[{"@type":"ReadAction","target":["https:\/\/www.padreydecano.com\/cms\/noticias\/comunicacion-a-palquistas-y-butaquistas-del-estadio-campeon-del-siglo\/"]}]},{"@type":"ImageObject","inLanguage":"es","@id":"https:\/\/www.padreydecano.com\/cms\/noticias\/comunicacion-a-palquistas-y-butaquistas-del-estadio-campeon-del-siglo\/#primaryimage","url":"https:\/\/www.padreydecano.com\/cms\/wp-content\/uploads\/2016\/03\/Inauguraci\u00f3n-CDS-Ignacio-Fern\u00e1ndez-Ant\u00eda-1-Copiar.jpg","contentUrl":"https:\/\/www.padreydecano.com\/cms\/wp-content\/uploads\/2016\/03\/Inauguraci\u00f3n-CDS-Ignacio-Fern\u00e1ndez-Ant\u00eda-1-Copiar.jpg","width":900,"height":600},{"@type":"BreadcrumbList","@id":"https:\/\/www.padreydecano.com\/cms\/noticias\/comunicacion-a-palquistas-y-butaquistas-del-estadio-campeon-del-siglo\/#breadcrumb","itemListElement":[{"@type":"ListItem","position":1,"name":"Portada","item":"https:\/\/www.padreydecano.com\/cms\/"},{"@type":"ListItem","position":2,"name":"Comunicaci\u00f3n a Palquistas y Butaquistas del Estadio Campe\u00f3n del Siglo"}]},{"@type":"WebSite","@id":"https:\/\/www.padreydecano.com\/cms\/#website","url":"https:\/\/www.padreydecano.com\/cms\/","name":"Padre y Decano - El Sitio del Pueblo","description":"Club Atl\u00e9tico Pe\u00f1arol","publisher":{"@id":"https:\/\/www.padreydecano.com\/cms\/#organization"},"potentialAction":[{"@type":"SearchAction","target":{"@type":"EntryPoint","urlTemplate":"https:\/\/www.padreydecano.com\/cms\/?s={search_term_string}"},"query-input":"required name=search_term_string"}],"inLanguage":"es"},{"@type":"Organization","@id":"https:\/\/www.padreydecano.com\/cms\/#organization","name":"Padre y Decano","url":"https:\/\/www.padreydecano.com\/cms\/","logo":{"@type":"ImageObject","inLanguage":"es","@id":"https:\/\/www.padreydecano.com\/cms\/#\/schema\/logo\/image\/","url":"https:\/\/www.padreydecano.com\/cms\/wp-content\/uploads\/2022\/01\/avatar-square.png","contentUrl":"https:\/\/www.padreydecano.com\/cms\/wp-content\/uploads\/2022\/01\/avatar-square.png","width":1500,"height":1500,"caption":"Padre y Decano"},"image":{"@id":"https:\/\/www.padreydecano.com\/cms\/#\/schema\/logo\/image\/"}},{"@type":"Person","@id":"https:\/\/www.padreydecano.com\/cms\/#\/schema\/person\/d93e9e537230ae052c194251d9a1def2","name":"Moderador","image":{"@type":"ImageObject","inLanguage":"es","@id":"https:\/\/www.padreydecano.com\/cms\/#\/schema\/person\/image\/","url":"https:\/\/secure.gravatar.com\/avatar\/2587727bf8a53bd3da4ec49f01bea66e?s=96&d=https%3A%2F%2Fpadreydecano.com%2Fcms%2Fwp-content%2Fthemes%2Fpyd-theme%2Fimg%2Fdefault-avatar.png&r=g","contentUrl":"https:\/\/secure.gravatar.com\/avatar\/2587727bf8a53bd3da4ec49f01bea66e?s=96&d=https%3A%2F%2Fpadreydecano.com%2Fcms%2Fwp-content%2Fthemes%2Fpyd-theme%2Fimg%2Fdefault-avatar.png&r=g","caption":"Moderador"}}]}},"_links":{"self":[{"href":"https:\/\/www.padreydecano.com\/cms\/wp-json\/wp\/v2\/posts\/61355"}],"collection":[{"href":"https:\/\/www.padreydecano.com\/cms\/wp-json\/wp\/v2\/posts"}],"about":[{"href":"https:\/\/www.padreydecano.com\/cms\/wp-json\/wp\/v2\/types\/post"}],"author":[{"embeddable":true,"href":"https:\/\/www.padreydecano.com\/cms\/wp-json\/wp\/v2\/users\/13"}],"replies":[{"embeddable":true,"href":"https:\/\/www.padreydecano.com\/cms\/wp-json\/wp\/v2\/comments?post=61355"}],"version-history":[{"count":0,"href":"https:\/\/www.padreydecano.com\/cms\/wp-json\/wp\/v2\/posts\/61355\/revisions"}],"wp:featuredmedia":[{"embeddable":true,"href":"https:\/\/www.padreydecano.com\/cms\/wp-json\/wp\/v2\/media\/58014"}],"wp:attachment":[{"href":"https:\/\/www.padreydecano.com\/cms\/wp-json\/wp\/v2\/media?parent=61355"}],"wp:term":[{"taxonomy":"category","embeddable":true,"href":"https:\/\/www.padreydecano.com\/cms\/wp-json\/wp\/v2\/categories?post=61355"},{"taxonomy":"post_tag","embeddable":true,"href":"https:\/\/www.padreydecano.com\/cms\/wp-json\/wp\/v2\/tags?post=61355"}],"curies":[{"name":"wp","href":"https:\/\/api.w.org\/{rel}","templated":true}]}}