{"id":61324,"date":"2016-12-15T11:32:23","date_gmt":"2016-12-15T14:32:23","guid":{"rendered":"http:\/\/www.padreydecano.com\/cms\/?p=61324"},"modified":"2016-12-15T11:48:24","modified_gmt":"2016-12-15T14:48:24","slug":"se-aprobo-la-memoria-y-balance-2015","status":"publish","type":"post","link":"https:\/\/www.padreydecano.com\/cms\/noticias\/se-aprobo-la-memoria-y-balance-2015\/","title":{"rendered":"Se aprob\u00f3 la Memoria y Balance 2015"},"content":{"rendered":"<p style=\"text-align: justify;\"><a href=\"https:\/\/www.padreydecano.com\/cms\/wp-content\/uploads\/2016\/12\/asamblea-representativa-1-Copy.jpg\" rel=\"shadowbox[sbpost-61324];player=img;\"><img loading=\"lazy\" decoding=\"async\" class=\"aligncenter wp-image-61325\" src=\"https:\/\/www.padreydecano.com\/cms\/wp-content\/uploads\/2016\/12\/asamblea-representativa-1-Copy.jpg\" alt=\"asamblea-representativa-1-copy\" width=\"620\" height=\"413\" srcset=\"https:\/\/www.padreydecano.com\/cms\/wp-content\/uploads\/2016\/12\/asamblea-representativa-1-Copy.jpg 800w, https:\/\/www.padreydecano.com\/cms\/wp-content\/uploads\/2016\/12\/asamblea-representativa-1-Copy-600x400.jpg 600w, https:\/\/www.padreydecano.com\/cms\/wp-content\/uploads\/2016\/12\/asamblea-representativa-1-Copy-768x512.jpg 768w\" sizes=\"(max-width: 620px) 100vw, 620px\" \/><\/a><\/p>\n<p style=\"text-align: justify;\"><strong>La Asamblea Representativa de Pe\u00f1arol resolvi\u00f3 la aprobaci\u00f3n de la Memoria y Balance del Ejercicio 2015. En total fueron\u00a049 votos a favor, 30 en contra, 22 abstenciones.<\/strong><\/p>\n<p style=\"text-align: justify;\">Adem\u00e1s, se record\u00f3 a Jorge Lepra y Elazar Alfie con un minuto de silencio en cada caso. Tras el fallecimiento de Lepra, el Dr. Jorge Barrera asumi\u00f3 la presidencia de la asamblea. A su vez se mocion\u00f3 cambiar la Auditor\u00eda Externa para rotarla tras 5 a\u00f1os de labor del Cr. Pignatta; el tema se tratar\u00e1 antes del 30 de marzo.<\/p>\n<p style=\"text-align: justify;\">Previo a comenzar la segunda Asamblea Representativa, se dispuso un minuto de silencio en memoria de Hern\u00e1n Fioritto. Luego se design\u00f3 Secretario (Leonardo Vi\u00f1as) y Prosecretaria (Mireya L\u00f3pez), se aprobaron e integraron Comisiones de Reforma de Estatuto; del Palacio y del Museo. Se trat\u00f3 nuevamente el asunto Socios Honorarios, design\u00e1ndose una Comisi\u00f3n para definir la lista de consenso para aprobar en la pr\u00f3xima Asamblea.<\/p>\n","protected":false},"excerpt":{"rendered":"<p>La Asamblea Representativa de Pe\u00f1arol resolvi\u00f3 la aprobaci\u00f3n de la Memoria y Balance del Ejercicio 2015. En total fueron\u00a049 votos a favor, 30 en contra, 22 abstenciones. Adem\u00e1s, se record\u00f3 a Jorge Lepra y Elazar Alfie con un minuto de silencio en cada caso. Tras el fallecimiento de Lepra, el Dr. Jorge Barrera asumi\u00f3 la [&hellip;]<\/p>\n","protected":false},"author":13,"featured_media":61325,"comment_status":"open","ping_status":"closed","sticky":false,"template":"","format":"standard","meta":{"footnotes":""},"categories":[1],"tags":[104],"yoast_head":"<!-- This site is optimized with the Yoast SEO plugin v23.2 - https:\/\/yoast.com\/wordpress\/plugins\/seo\/ -->\n<title>Se aprob\u00f3 la Memoria y Balance 2015 - Padre y Decano - El Sitio del Pueblo<\/title>\n<meta name=\"robots\" content=\"index, follow, max-snippet:-1, max-image-preview:large, max-video-preview:-1\" \/>\n<link rel=\"canonical\" href=\"https:\/\/www.padreydecano.com\/cms\/noticias\/se-aprobo-la-memoria-y-balance-2015\/\" \/>\n<meta property=\"og:locale\" content=\"es_ES\" \/>\n<meta property=\"og:type\" content=\"article\" \/>\n<meta property=\"og:title\" content=\"Se aprob\u00f3 la Memoria y Balance 2015 - Padre y Decano - El Sitio del Pueblo\" \/>\n<meta property=\"og:description\" content=\"La Asamblea Representativa de Pe\u00f1arol resolvi\u00f3 la aprobaci\u00f3n de la Memoria y Balance del Ejercicio 2015. En total fueron\u00a049 votos a favor, 30 en contra, 22 abstenciones. Adem\u00e1s, se record\u00f3 a Jorge Lepra y Elazar Alfie con un minuto de silencio en cada caso. Tras el fallecimiento de Lepra, el Dr. Jorge Barrera asumi\u00f3 la [&hellip;]\" \/>\n<meta property=\"og:url\" content=\"https:\/\/www.padreydecano.com\/cms\/noticias\/se-aprobo-la-memoria-y-balance-2015\/\" \/>\n<meta property=\"og:site_name\" content=\"Padre y Decano - El Sitio del Pueblo\" \/>\n<meta property=\"article:published_time\" content=\"2016-12-15T14:32:23+00:00\" \/>\n<meta property=\"article:modified_time\" content=\"2016-12-15T14:48:24+00:00\" \/>\n<meta property=\"og:image\" content=\"https:\/\/www.padreydecano.com\/cms\/wp-content\/uploads\/2016\/12\/asamblea-representativa-1-Copy.jpg\" \/>\n\t<meta property=\"og:image:width\" content=\"800\" \/>\n\t<meta property=\"og:image:height\" content=\"533\" \/>\n\t<meta property=\"og:image:type\" content=\"image\/jpeg\" \/>\n<meta name=\"author\" content=\"Moderador\" \/>\n<meta name=\"twitter:card\" content=\"summary_large_image\" \/>\n<meta name=\"twitter:label1\" content=\"Escrito por\" \/>\n\t<meta name=\"twitter:data1\" content=\"Moderador\" \/>\n\t<meta name=\"twitter:label2\" content=\"Tiempo de lectura\" \/>\n\t<meta name=\"twitter:data2\" content=\"1 minuto\" \/>\n<script type=\"application\/ld+json\" class=\"yoast-schema-graph\">{\"@context\":\"https:\/\/schema.org\",\"@graph\":[{\"@type\":\"Article\",\"@id\":\"https:\/\/www.padreydecano.com\/cms\/noticias\/se-aprobo-la-memoria-y-balance-2015\/#article\",\"isPartOf\":{\"@id\":\"https:\/\/www.padreydecano.com\/cms\/noticias\/se-aprobo-la-memoria-y-balance-2015\/\"},\"author\":{\"name\":\"Moderador\",\"@id\":\"https:\/\/www.padreydecano.com\/cms\/#\/schema\/person\/d93e9e537230ae052c194251d9a1def2\"},\"headline\":\"Se aprob\u00f3 la Memoria y Balance 2015\",\"datePublished\":\"2016-12-15T14:32:23+00:00\",\"dateModified\":\"2016-12-15T14:48:24+00:00\",\"mainEntityOfPage\":{\"@id\":\"https:\/\/www.padreydecano.com\/cms\/noticias\/se-aprobo-la-memoria-y-balance-2015\/\"},\"wordCount\":163,\"commentCount\":17,\"publisher\":{\"@id\":\"https:\/\/www.padreydecano.com\/cms\/#organization\"},\"image\":{\"@id\":\"https:\/\/www.padreydecano.com\/cms\/noticias\/se-aprobo-la-memoria-y-balance-2015\/#primaryimage\"},\"thumbnailUrl\":\"https:\/\/www.padreydecano.com\/cms\/wp-content\/uploads\/2016\/12\/asamblea-representativa-1-Copy.jpg\",\"keywords\":[\"Asambleas\"],\"articleSection\":[\"Noticias\"],\"inLanguage\":\"es\",\"potentialAction\":[{\"@type\":\"CommentAction\",\"name\":\"Comment\",\"target\":[\"https:\/\/www.padreydecano.com\/cms\/noticias\/se-aprobo-la-memoria-y-balance-2015\/#respond\"]}]},{\"@type\":\"WebPage\",\"@id\":\"https:\/\/www.padreydecano.com\/cms\/noticias\/se-aprobo-la-memoria-y-balance-2015\/\",\"url\":\"https:\/\/www.padreydecano.com\/cms\/noticias\/se-aprobo-la-memoria-y-balance-2015\/\",\"name\":\"Se aprob\u00f3 la Memoria y Balance 2015 - Padre y Decano - El Sitio del Pueblo\",\"isPartOf\":{\"@id\":\"https:\/\/www.padreydecano.com\/cms\/#website\"},\"primaryImageOfPage\":{\"@id\":\"https:\/\/www.padreydecano.com\/cms\/noticias\/se-aprobo-la-memoria-y-balance-2015\/#primaryimage\"},\"image\":{\"@id\":\"https:\/\/www.padreydecano.com\/cms\/noticias\/se-aprobo-la-memoria-y-balance-2015\/#primaryimage\"},\"thumbnailUrl\":\"https:\/\/www.padreydecano.com\/cms\/wp-content\/uploads\/2016\/12\/asamblea-representativa-1-Copy.jpg\",\"datePublished\":\"2016-12-15T14:32:23+00:00\",\"dateModified\":\"2016-12-15T14:48:24+00:00\",\"breadcrumb\":{\"@id\":\"https:\/\/www.padreydecano.com\/cms\/noticias\/se-aprobo-la-memoria-y-balance-2015\/#breadcrumb\"},\"inLanguage\":\"es\",\"potentialAction\":[{\"@type\":\"ReadAction\",\"target\":[\"https:\/\/www.padreydecano.com\/cms\/noticias\/se-aprobo-la-memoria-y-balance-2015\/\"]}]},{\"@type\":\"ImageObject\",\"inLanguage\":\"es\",\"@id\":\"https:\/\/www.padreydecano.com\/cms\/noticias\/se-aprobo-la-memoria-y-balance-2015\/#primaryimage\",\"url\":\"https:\/\/www.padreydecano.com\/cms\/wp-content\/uploads\/2016\/12\/asamblea-representativa-1-Copy.jpg\",\"contentUrl\":\"https:\/\/www.padreydecano.com\/cms\/wp-content\/uploads\/2016\/12\/asamblea-representativa-1-Copy.jpg\",\"width\":800,\"height\":533},{\"@type\":\"BreadcrumbList\",\"@id\":\"https:\/\/www.padreydecano.com\/cms\/noticias\/se-aprobo-la-memoria-y-balance-2015\/#breadcrumb\",\"itemListElement\":[{\"@type\":\"ListItem\",\"position\":1,\"name\":\"Portada\",\"item\":\"https:\/\/www.padreydecano.com\/cms\/\"},{\"@type\":\"ListItem\",\"position\":2,\"name\":\"Se aprob\u00f3 la Memoria y Balance 2015\"}]},{\"@type\":\"WebSite\",\"@id\":\"https:\/\/www.padreydecano.com\/cms\/#website\",\"url\":\"https:\/\/www.padreydecano.com\/cms\/\",\"name\":\"Padre y Decano - El Sitio del Pueblo\",\"description\":\"Club Atl\u00e9tico Pe\u00f1arol\",\"publisher\":{\"@id\":\"https:\/\/www.padreydecano.com\/cms\/#organization\"},\"potentialAction\":[{\"@type\":\"SearchAction\",\"target\":{\"@type\":\"EntryPoint\",\"urlTemplate\":\"https:\/\/www.padreydecano.com\/cms\/?s={search_term_string}\"},\"query-input\":\"required name=search_term_string\"}],\"inLanguage\":\"es\"},{\"@type\":\"Organization\",\"@id\":\"https:\/\/www.padreydecano.com\/cms\/#organization\",\"name\":\"Padre y Decano\",\"url\":\"https:\/\/www.padreydecano.com\/cms\/\",\"logo\":{\"@type\":\"ImageObject\",\"inLanguage\":\"es\",\"@id\":\"https:\/\/www.padreydecano.com\/cms\/#\/schema\/logo\/image\/\",\"url\":\"https:\/\/www.padreydecano.com\/cms\/wp-content\/uploads\/2022\/01\/avatar-square.png\",\"contentUrl\":\"https:\/\/www.padreydecano.com\/cms\/wp-content\/uploads\/2022\/01\/avatar-square.png\",\"width\":1500,\"height\":1500,\"caption\":\"Padre y Decano\"},\"image\":{\"@id\":\"https:\/\/www.padreydecano.com\/cms\/#\/schema\/logo\/image\/\"}},{\"@type\":\"Person\",\"@id\":\"https:\/\/www.padreydecano.com\/cms\/#\/schema\/person\/d93e9e537230ae052c194251d9a1def2\",\"name\":\"Moderador\",\"image\":{\"@type\":\"ImageObject\",\"inLanguage\":\"es\",\"@id\":\"https:\/\/www.padreydecano.com\/cms\/#\/schema\/person\/image\/\",\"url\":\"https:\/\/secure.gravatar.com\/avatar\/2587727bf8a53bd3da4ec49f01bea66e?s=96&d=https%3A%2F%2Fpadreydecano.com%2Fcms%2Fwp-content%2Fthemes%2Fpyd-theme%2Fimg%2Fdefault-avatar.png&r=g\",\"contentUrl\":\"https:\/\/secure.gravatar.com\/avatar\/2587727bf8a53bd3da4ec49f01bea66e?s=96&d=https%3A%2F%2Fpadreydecano.com%2Fcms%2Fwp-content%2Fthemes%2Fpyd-theme%2Fimg%2Fdefault-avatar.png&r=g\",\"caption\":\"Moderador\"}}]}<\/script>\n<!-- \/ Yoast SEO plugin. -->","yoast_head_json":{"title":"Se aprob\u00f3 la Memoria y Balance 2015 - Padre y Decano - El Sitio del Pueblo","robots":{"index":"index","follow":"follow","max-snippet":"max-snippet:-1","max-image-preview":"max-image-preview:large","max-video-preview":"max-video-preview:-1"},"canonical":"https:\/\/www.padreydecano.com\/cms\/noticias\/se-aprobo-la-memoria-y-balance-2015\/","og_locale":"es_ES","og_type":"article","og_title":"Se aprob\u00f3 la Memoria y Balance 2015 - Padre y Decano - El Sitio del Pueblo","og_description":"La Asamblea Representativa de Pe\u00f1arol resolvi\u00f3 la aprobaci\u00f3n de la Memoria y Balance del Ejercicio 2015. En total fueron\u00a049 votos a favor, 30 en contra, 22 abstenciones. Adem\u00e1s, se record\u00f3 a Jorge Lepra y Elazar Alfie con un minuto de silencio en cada caso. Tras el fallecimiento de Lepra, el Dr. Jorge Barrera asumi\u00f3 la [&hellip;]","og_url":"https:\/\/www.padreydecano.com\/cms\/noticias\/se-aprobo-la-memoria-y-balance-2015\/","og_site_name":"Padre y Decano - El Sitio del Pueblo","article_published_time":"2016-12-15T14:32:23+00:00","article_modified_time":"2016-12-15T14:48:24+00:00","og_image":[{"width":800,"height":533,"url":"https:\/\/www.padreydecano.com\/cms\/wp-content\/uploads\/2016\/12\/asamblea-representativa-1-Copy.jpg","type":"image\/jpeg"}],"author":"Moderador","twitter_card":"summary_large_image","twitter_misc":{"Escrito por":"Moderador","Tiempo de lectura":"1 minuto"},"schema":{"@context":"https:\/\/schema.org","@graph":[{"@type":"Article","@id":"https:\/\/www.padreydecano.com\/cms\/noticias\/se-aprobo-la-memoria-y-balance-2015\/#article","isPartOf":{"@id":"https:\/\/www.padreydecano.com\/cms\/noticias\/se-aprobo-la-memoria-y-balance-2015\/"},"author":{"name":"Moderador","@id":"https:\/\/www.padreydecano.com\/cms\/#\/schema\/person\/d93e9e537230ae052c194251d9a1def2"},"headline":"Se aprob\u00f3 la Memoria y Balance 2015","datePublished":"2016-12-15T14:32:23+00:00","dateModified":"2016-12-15T14:48:24+00:00","mainEntityOfPage":{"@id":"https:\/\/www.padreydecano.com\/cms\/noticias\/se-aprobo-la-memoria-y-balance-2015\/"},"wordCount":163,"commentCount":17,"publisher":{"@id":"https:\/\/www.padreydecano.com\/cms\/#organization"},"image":{"@id":"https:\/\/www.padreydecano.com\/cms\/noticias\/se-aprobo-la-memoria-y-balance-2015\/#primaryimage"},"thumbnailUrl":"https:\/\/www.padreydecano.com\/cms\/wp-content\/uploads\/2016\/12\/asamblea-representativa-1-Copy.jpg","keywords":["Asambleas"],"articleSection":["Noticias"],"inLanguage":"es","potentialAction":[{"@type":"CommentAction","name":"Comment","target":["https:\/\/www.padreydecano.com\/cms\/noticias\/se-aprobo-la-memoria-y-balance-2015\/#respond"]}]},{"@type":"WebPage","@id":"https:\/\/www.padreydecano.com\/cms\/noticias\/se-aprobo-la-memoria-y-balance-2015\/","url":"https:\/\/www.padreydecano.com\/cms\/noticias\/se-aprobo-la-memoria-y-balance-2015\/","name":"Se aprob\u00f3 la Memoria y Balance 2015 - Padre y Decano - El Sitio del Pueblo","isPartOf":{"@id":"https:\/\/www.padreydecano.com\/cms\/#website"},"primaryImageOfPage":{"@id":"https:\/\/www.padreydecano.com\/cms\/noticias\/se-aprobo-la-memoria-y-balance-2015\/#primaryimage"},"image":{"@id":"https:\/\/www.padreydecano.com\/cms\/noticias\/se-aprobo-la-memoria-y-balance-2015\/#primaryimage"},"thumbnailUrl":"https:\/\/www.padreydecano.com\/cms\/wp-content\/uploads\/2016\/12\/asamblea-representativa-1-Copy.jpg","datePublished":"2016-12-15T14:32:23+00:00","dateModified":"2016-12-15T14:48:24+00:00","breadcrumb":{"@id":"https:\/\/www.padreydecano.com\/cms\/noticias\/se-aprobo-la-memoria-y-balance-2015\/#breadcrumb"},"inLanguage":"es","potentialAction":[{"@type":"ReadAction","target":["https:\/\/www.padreydecano.com\/cms\/noticias\/se-aprobo-la-memoria-y-balance-2015\/"]}]},{"@type":"ImageObject","inLanguage":"es","@id":"https:\/\/www.padreydecano.com\/cms\/noticias\/se-aprobo-la-memoria-y-balance-2015\/#primaryimage","url":"https:\/\/www.padreydecano.com\/cms\/wp-content\/uploads\/2016\/12\/asamblea-representativa-1-Copy.jpg","contentUrl":"https:\/\/www.padreydecano.com\/cms\/wp-content\/uploads\/2016\/12\/asamblea-representativa-1-Copy.jpg","width":800,"height":533},{"@type":"BreadcrumbList","@id":"https:\/\/www.padreydecano.com\/cms\/noticias\/se-aprobo-la-memoria-y-balance-2015\/#breadcrumb","itemListElement":[{"@type":"ListItem","position":1,"name":"Portada","item":"https:\/\/www.padreydecano.com\/cms\/"},{"@type":"ListItem","position":2,"name":"Se aprob\u00f3 la Memoria y Balance 2015"}]},{"@type":"WebSite","@id":"https:\/\/www.padreydecano.com\/cms\/#website","url":"https:\/\/www.padreydecano.com\/cms\/","name":"Padre y Decano - El Sitio del Pueblo","description":"Club Atl\u00e9tico Pe\u00f1arol","publisher":{"@id":"https:\/\/www.padreydecano.com\/cms\/#organization"},"potentialAction":[{"@type":"SearchAction","target":{"@type":"EntryPoint","urlTemplate":"https:\/\/www.padreydecano.com\/cms\/?s={search_term_string}"},"query-input":"required name=search_term_string"}],"inLanguage":"es"},{"@type":"Organization","@id":"https:\/\/www.padreydecano.com\/cms\/#organization","name":"Padre y Decano","url":"https:\/\/www.padreydecano.com\/cms\/","logo":{"@type":"ImageObject","inLanguage":"es","@id":"https:\/\/www.padreydecano.com\/cms\/#\/schema\/logo\/image\/","url":"https:\/\/www.padreydecano.com\/cms\/wp-content\/uploads\/2022\/01\/avatar-square.png","contentUrl":"https:\/\/www.padreydecano.com\/cms\/wp-content\/uploads\/2022\/01\/avatar-square.png","width":1500,"height":1500,"caption":"Padre y Decano"},"image":{"@id":"https:\/\/www.padreydecano.com\/cms\/#\/schema\/logo\/image\/"}},{"@type":"Person","@id":"https:\/\/www.padreydecano.com\/cms\/#\/schema\/person\/d93e9e537230ae052c194251d9a1def2","name":"Moderador","image":{"@type":"ImageObject","inLanguage":"es","@id":"https:\/\/www.padreydecano.com\/cms\/#\/schema\/person\/image\/","url":"https:\/\/secure.gravatar.com\/avatar\/2587727bf8a53bd3da4ec49f01bea66e?s=96&d=https%3A%2F%2Fpadreydecano.com%2Fcms%2Fwp-content%2Fthemes%2Fpyd-theme%2Fimg%2Fdefault-avatar.png&r=g","contentUrl":"https:\/\/secure.gravatar.com\/avatar\/2587727bf8a53bd3da4ec49f01bea66e?s=96&d=https%3A%2F%2Fpadreydecano.com%2Fcms%2Fwp-content%2Fthemes%2Fpyd-theme%2Fimg%2Fdefault-avatar.png&r=g","caption":"Moderador"}}]}},"_links":{"self":[{"href":"https:\/\/www.padreydecano.com\/cms\/wp-json\/wp\/v2\/posts\/61324"}],"collection":[{"href":"https:\/\/www.padreydecano.com\/cms\/wp-json\/wp\/v2\/posts"}],"about":[{"href":"https:\/\/www.padreydecano.com\/cms\/wp-json\/wp\/v2\/types\/post"}],"author":[{"embeddable":true,"href":"https:\/\/www.padreydecano.com\/cms\/wp-json\/wp\/v2\/users\/13"}],"replies":[{"embeddable":true,"href":"https:\/\/www.padreydecano.com\/cms\/wp-json\/wp\/v2\/comments?post=61324"}],"version-history":[{"count":0,"href":"https:\/\/www.padreydecano.com\/cms\/wp-json\/wp\/v2\/posts\/61324\/revisions"}],"wp:featuredmedia":[{"embeddable":true,"href":"https:\/\/www.padreydecano.com\/cms\/wp-json\/wp\/v2\/media\/61325"}],"wp:attachment":[{"href":"https:\/\/www.padreydecano.com\/cms\/wp-json\/wp\/v2\/media?parent=61324"}],"wp:term":[{"taxonomy":"category","embeddable":true,"href":"https:\/\/www.padreydecano.com\/cms\/wp-json\/wp\/v2\/categories?post=61324"},{"taxonomy":"post_tag","embeddable":true,"href":"https:\/\/www.padreydecano.com\/cms\/wp-json\/wp\/v2\/tags?post=61324"}],"curies":[{"name":"wp","href":"https:\/\/api.w.org\/{rel}","templated":true}]}}