{"id":60928,"date":"2016-10-28T20:14:03","date_gmt":"2016-10-28T23:14:03","guid":{"rendered":"http:\/\/www.padreydecano.com\/cms\/?p=60928"},"modified":"2016-10-28T20:14:03","modified_gmt":"2016-10-28T23:14:03","slug":"comunicado-de-la-comision-de-seguridad-de-penarol","status":"publish","type":"post","link":"https:\/\/www.padreydecano.com\/cms\/noticias\/comunicado-de-la-comision-de-seguridad-de-penarol\/","title":{"rendered":"Comunicado de la Comisi\u00f3n de Seguridad de Pe\u00f1arol"},"content":{"rendered":"<p style=\"text-align: justify;\"><a href=\"https:\/\/www.padreydecano.com\/cms\/wp-content\/uploads\/2016\/08\/Pe\u00f1arol-gen\u00e9rico.jpg\" rel=\"shadowbox[sbpost-60928];player=img;\"><img loading=\"lazy\" decoding=\"async\" class=\"aligncenter size-full wp-image-60132\" src=\"https:\/\/www.padreydecano.com\/cms\/wp-content\/uploads\/2016\/08\/Pe\u00f1arol-gen\u00e9rico.jpg\" alt=\"Escudo Destacada\" width=\"610\" height=\"286\" srcset=\"https:\/\/www.padreydecano.com\/cms\/wp-content\/uploads\/2016\/08\/Pe\u00f1arol-gen\u00e9rico.jpg 610w, https:\/\/www.padreydecano.com\/cms\/wp-content\/uploads\/2016\/08\/Pe\u00f1arol-gen\u00e9rico-600x281.jpg 600w\" sizes=\"(max-width: 610px) 100vw, 610px\" \/><\/a><\/p>\n<p style=\"text-align: justify;\">Ante versiones period\u00edsticas acerca de la organizaci\u00f3n de la seguridad de los espect\u00e1culos deportivos organizados o en los que participa nuestra instituci\u00f3n, la Comisi\u00f3n de Seguridad del Club Atl\u00e9tico Pe\u00f1arol aclara:<\/p>\n<p style=\"text-align: justify;\"><span style=\"color: #ffcc02;\"><strong>1.<\/strong><\/span> Que el Club Atl\u00e9tico Pe\u00f1arol, firmemente comprometido con la erradicaci\u00f3n de los violentos de los escenarios de juego, decidi\u00f3 no dar entradas a ning\u00fan parcial o socio de la instituci\u00f3n desde que esta Comisi\u00f3n de Seguridad comenz\u00f3 a trabajar, adoptando en todo sentido una pol\u00edtica de tolerancia cero respecto de quienes promueven des\u00f3rdenes en las tribunas o en la v\u00eda p\u00fablica.<\/p>\n<p style=\"text-align: justify;\"><span style=\"color: #ffcc02;\"><strong>2.<\/strong> <\/span>Que, como han se\u00f1alado varios de los actores, el club facilita el acceso de parciales que colaboran en la seguridad del espect\u00e1culo. Este formato fue consensuado por el club con la Comisi\u00f3n de Seguridad de la AUF y el Personal de Recaudaci\u00f3n.<\/p>\n<p style=\"text-align: justify;\"><span style=\"color: #ffcc02;\"><strong>3.<\/strong><\/span> Que durante el campeonato pasado la Comisi\u00f3n de Seguridad del club entregaba a la Comisi\u00f3n de Seguridad de la AUF y a las autoridades un listado donde todos los colaboradores que ingresaban estaban identificados. Luego de la reuni\u00f3n mencionada en el punto anterior, en conjunto se decidi\u00f3 cambiar el sistema para pasar al que se utiliza actualmente.<\/p>\n<p style=\"text-align: justify;\"><span style=\"color: #ffcc02;\"><strong>4.<\/strong> <\/span>Que estamos de acuerdo con la implantaci\u00f3n del sistema de identificaci\u00f3n facial y con el proyecto de responsabilidad penal de los dirigentes que colaboran con los grupos de aliento.<\/p>\n<p style=\"text-align: justify;\"><span style=\"color: #ffcc02;\"><strong>5.<\/strong><\/span> Que el Protocolo de Seguridad firmado por la AUF, en su momento, qued\u00f3 desvirtuado por la ausencia de Polic\u00eda para mantener el orden en los espect\u00e1culos.<\/p>\n<p style=\"text-align: justify;\"><span style=\"color: #ffcc02;\"><strong>6.<\/strong><\/span> Que resulta evidente que los problemas ocurridos en las tribunas tienen un origen muy alejado del f\u00fatbol.<\/p>\n<p style=\"text-align: justify;\"><span style=\"color: #ffcc02;\"><strong>7.<\/strong> <\/span>Que entendemos imprescindible dejar de adjudicar responsabilidades parciales y llamamos al trabajo en conjunto de todos los actores para garantizar la seguridad en los espect\u00e1culos deportivos.<\/p>\n<p style=\"text-align: right;\">Montevideo, 28 de octubre de 2016<\/p>\n","protected":false},"excerpt":{"rendered":"<p>Ante versiones period\u00edsticas acerca de la organizaci\u00f3n de la seguridad de los espect\u00e1culos deportivos organizados o en los que participa nuestra instituci\u00f3n, la Comisi\u00f3n de Seguridad del Club Atl\u00e9tico Pe\u00f1arol aclara: 1. Que el Club Atl\u00e9tico Pe\u00f1arol, firmemente comprometido con la erradicaci\u00f3n de los violentos de los escenarios de juego, decidi\u00f3 no dar entradas a [&hellip;]<\/p>\n","protected":false},"author":13,"featured_media":58960,"comment_status":"open","ping_status":"closed","sticky":false,"template":"","format":"standard","meta":{"footnotes":""},"categories":[1],"tags":[39],"yoast_head":"<!-- This site is optimized with the Yoast SEO plugin v23.2 - https:\/\/yoast.com\/wordpress\/plugins\/seo\/ -->\n<title>Comunicado de la Comisi\u00f3n de Seguridad de Pe\u00f1arol - Padre y Decano - El Sitio del Pueblo<\/title>\n<meta name=\"robots\" content=\"index, follow, max-snippet:-1, max-image-preview:large, max-video-preview:-1\" \/>\n<link rel=\"canonical\" href=\"https:\/\/www.padreydecano.com\/cms\/noticias\/comunicado-de-la-comision-de-seguridad-de-penarol\/\" \/>\n<meta property=\"og:locale\" content=\"es_ES\" \/>\n<meta property=\"og:type\" content=\"article\" \/>\n<meta property=\"og:title\" content=\"Comunicado de la Comisi\u00f3n de Seguridad de Pe\u00f1arol - Padre y Decano - El Sitio del Pueblo\" \/>\n<meta property=\"og:description\" content=\"Ante versiones period\u00edsticas acerca de la organizaci\u00f3n de la seguridad de los espect\u00e1culos deportivos organizados o en los que participa nuestra instituci\u00f3n, la Comisi\u00f3n de Seguridad del Club Atl\u00e9tico Pe\u00f1arol aclara: 1. Que el Club Atl\u00e9tico Pe\u00f1arol, firmemente comprometido con la erradicaci\u00f3n de los violentos de los escenarios de juego, decidi\u00f3 no dar entradas a [&hellip;]\" \/>\n<meta property=\"og:url\" content=\"https:\/\/www.padreydecano.com\/cms\/noticias\/comunicado-de-la-comision-de-seguridad-de-penarol\/\" \/>\n<meta property=\"og:site_name\" content=\"Padre y Decano - El Sitio del Pueblo\" \/>\n<meta property=\"article:published_time\" content=\"2016-10-28T23:14:03+00:00\" \/>\n<meta property=\"og:image\" content=\"https:\/\/www.padreydecano.com\/cms\/wp-content\/uploads\/2016\/05\/EscudoPe\u00f1arol-2.jpg\" \/>\n\t<meta property=\"og:image:width\" content=\"610\" \/>\n\t<meta property=\"og:image:height\" content=\"371\" \/>\n\t<meta property=\"og:image:type\" content=\"image\/jpeg\" \/>\n<meta name=\"author\" content=\"Moderador\" \/>\n<meta name=\"twitter:card\" content=\"summary_large_image\" \/>\n<meta name=\"twitter:label1\" content=\"Escrito por\" \/>\n\t<meta name=\"twitter:data1\" content=\"Moderador\" \/>\n\t<meta name=\"twitter:label2\" content=\"Tiempo de lectura\" \/>\n\t<meta name=\"twitter:data2\" content=\"2 minutos\" \/>\n<script type=\"application\/ld+json\" class=\"yoast-schema-graph\">{\"@context\":\"https:\/\/schema.org\",\"@graph\":[{\"@type\":\"Article\",\"@id\":\"https:\/\/www.padreydecano.com\/cms\/noticias\/comunicado-de-la-comision-de-seguridad-de-penarol\/#article\",\"isPartOf\":{\"@id\":\"https:\/\/www.padreydecano.com\/cms\/noticias\/comunicado-de-la-comision-de-seguridad-de-penarol\/\"},\"author\":{\"name\":\"Moderador\",\"@id\":\"https:\/\/www.padreydecano.com\/cms\/#\/schema\/person\/d93e9e537230ae052c194251d9a1def2\"},\"headline\":\"Comunicado de la Comisi\u00f3n de Seguridad de Pe\u00f1arol\",\"datePublished\":\"2016-10-28T23:14:03+00:00\",\"dateModified\":\"2016-10-28T23:14:03+00:00\",\"mainEntityOfPage\":{\"@id\":\"https:\/\/www.padreydecano.com\/cms\/noticias\/comunicado-de-la-comision-de-seguridad-de-penarol\/\"},\"wordCount\":333,\"commentCount\":20,\"publisher\":{\"@id\":\"https:\/\/www.padreydecano.com\/cms\/#organization\"},\"image\":{\"@id\":\"https:\/\/www.padreydecano.com\/cms\/noticias\/comunicado-de-la-comision-de-seguridad-de-penarol\/#primaryimage\"},\"thumbnailUrl\":\"https:\/\/www.padreydecano.com\/cms\/wp-content\/uploads\/2016\/05\/EscudoPe\u00f1arol-2.jpg\",\"keywords\":[\"Institucionales\"],\"articleSection\":[\"Noticias\"],\"inLanguage\":\"es\",\"potentialAction\":[{\"@type\":\"CommentAction\",\"name\":\"Comment\",\"target\":[\"https:\/\/www.padreydecano.com\/cms\/noticias\/comunicado-de-la-comision-de-seguridad-de-penarol\/#respond\"]}]},{\"@type\":\"WebPage\",\"@id\":\"https:\/\/www.padreydecano.com\/cms\/noticias\/comunicado-de-la-comision-de-seguridad-de-penarol\/\",\"url\":\"https:\/\/www.padreydecano.com\/cms\/noticias\/comunicado-de-la-comision-de-seguridad-de-penarol\/\",\"name\":\"Comunicado de la Comisi\u00f3n de Seguridad de Pe\u00f1arol - Padre y Decano - El Sitio del Pueblo\",\"isPartOf\":{\"@id\":\"https:\/\/www.padreydecano.com\/cms\/#website\"},\"primaryImageOfPage\":{\"@id\":\"https:\/\/www.padreydecano.com\/cms\/noticias\/comunicado-de-la-comision-de-seguridad-de-penarol\/#primaryimage\"},\"image\":{\"@id\":\"https:\/\/www.padreydecano.com\/cms\/noticias\/comunicado-de-la-comision-de-seguridad-de-penarol\/#primaryimage\"},\"thumbnailUrl\":\"https:\/\/www.padreydecano.com\/cms\/wp-content\/uploads\/2016\/05\/EscudoPe\u00f1arol-2.jpg\",\"datePublished\":\"2016-10-28T23:14:03+00:00\",\"dateModified\":\"2016-10-28T23:14:03+00:00\",\"breadcrumb\":{\"@id\":\"https:\/\/www.padreydecano.com\/cms\/noticias\/comunicado-de-la-comision-de-seguridad-de-penarol\/#breadcrumb\"},\"inLanguage\":\"es\",\"potentialAction\":[{\"@type\":\"ReadAction\",\"target\":[\"https:\/\/www.padreydecano.com\/cms\/noticias\/comunicado-de-la-comision-de-seguridad-de-penarol\/\"]}]},{\"@type\":\"ImageObject\",\"inLanguage\":\"es\",\"@id\":\"https:\/\/www.padreydecano.com\/cms\/noticias\/comunicado-de-la-comision-de-seguridad-de-penarol\/#primaryimage\",\"url\":\"https:\/\/www.padreydecano.com\/cms\/wp-content\/uploads\/2016\/05\/EscudoPe\u00f1arol-2.jpg\",\"contentUrl\":\"https:\/\/www.padreydecano.com\/cms\/wp-content\/uploads\/2016\/05\/EscudoPe\u00f1arol-2.jpg\",\"width\":610,\"height\":371},{\"@type\":\"BreadcrumbList\",\"@id\":\"https:\/\/www.padreydecano.com\/cms\/noticias\/comunicado-de-la-comision-de-seguridad-de-penarol\/#breadcrumb\",\"itemListElement\":[{\"@type\":\"ListItem\",\"position\":1,\"name\":\"Portada\",\"item\":\"https:\/\/www.padreydecano.com\/cms\/\"},{\"@type\":\"ListItem\",\"position\":2,\"name\":\"Comunicado de la Comisi\u00f3n de Seguridad de Pe\u00f1arol\"}]},{\"@type\":\"WebSite\",\"@id\":\"https:\/\/www.padreydecano.com\/cms\/#website\",\"url\":\"https:\/\/www.padreydecano.com\/cms\/\",\"name\":\"Padre y Decano - El Sitio del Pueblo\",\"description\":\"Club Atl\u00e9tico Pe\u00f1arol\",\"publisher\":{\"@id\":\"https:\/\/www.padreydecano.com\/cms\/#organization\"},\"potentialAction\":[{\"@type\":\"SearchAction\",\"target\":{\"@type\":\"EntryPoint\",\"urlTemplate\":\"https:\/\/www.padreydecano.com\/cms\/?s={search_term_string}\"},\"query-input\":\"required name=search_term_string\"}],\"inLanguage\":\"es\"},{\"@type\":\"Organization\",\"@id\":\"https:\/\/www.padreydecano.com\/cms\/#organization\",\"name\":\"Padre y Decano\",\"url\":\"https:\/\/www.padreydecano.com\/cms\/\",\"logo\":{\"@type\":\"ImageObject\",\"inLanguage\":\"es\",\"@id\":\"https:\/\/www.padreydecano.com\/cms\/#\/schema\/logo\/image\/\",\"url\":\"https:\/\/www.padreydecano.com\/cms\/wp-content\/uploads\/2022\/01\/avatar-square.png\",\"contentUrl\":\"https:\/\/www.padreydecano.com\/cms\/wp-content\/uploads\/2022\/01\/avatar-square.png\",\"width\":1500,\"height\":1500,\"caption\":\"Padre y Decano\"},\"image\":{\"@id\":\"https:\/\/www.padreydecano.com\/cms\/#\/schema\/logo\/image\/\"}},{\"@type\":\"Person\",\"@id\":\"https:\/\/www.padreydecano.com\/cms\/#\/schema\/person\/d93e9e537230ae052c194251d9a1def2\",\"name\":\"Moderador\",\"image\":{\"@type\":\"ImageObject\",\"inLanguage\":\"es\",\"@id\":\"https:\/\/www.padreydecano.com\/cms\/#\/schema\/person\/image\/\",\"url\":\"https:\/\/secure.gravatar.com\/avatar\/2587727bf8a53bd3da4ec49f01bea66e?s=96&d=https%3A%2F%2Fpadreydecano.com%2Fcms%2Fwp-content%2Fthemes%2Fpyd-theme%2Fimg%2Fdefault-avatar.png&r=g\",\"contentUrl\":\"https:\/\/secure.gravatar.com\/avatar\/2587727bf8a53bd3da4ec49f01bea66e?s=96&d=https%3A%2F%2Fpadreydecano.com%2Fcms%2Fwp-content%2Fthemes%2Fpyd-theme%2Fimg%2Fdefault-avatar.png&r=g\",\"caption\":\"Moderador\"}}]}<\/script>\n<!-- \/ Yoast SEO plugin. -->","yoast_head_json":{"title":"Comunicado de la Comisi\u00f3n de Seguridad de Pe\u00f1arol - Padre y Decano - El Sitio del Pueblo","robots":{"index":"index","follow":"follow","max-snippet":"max-snippet:-1","max-image-preview":"max-image-preview:large","max-video-preview":"max-video-preview:-1"},"canonical":"https:\/\/www.padreydecano.com\/cms\/noticias\/comunicado-de-la-comision-de-seguridad-de-penarol\/","og_locale":"es_ES","og_type":"article","og_title":"Comunicado de la Comisi\u00f3n de Seguridad de Pe\u00f1arol - Padre y Decano - El Sitio del Pueblo","og_description":"Ante versiones period\u00edsticas acerca de la organizaci\u00f3n de la seguridad de los espect\u00e1culos deportivos organizados o en los que participa nuestra instituci\u00f3n, la Comisi\u00f3n de Seguridad del Club Atl\u00e9tico Pe\u00f1arol aclara: 1. Que el Club Atl\u00e9tico Pe\u00f1arol, firmemente comprometido con la erradicaci\u00f3n de los violentos de los escenarios de juego, decidi\u00f3 no dar entradas a [&hellip;]","og_url":"https:\/\/www.padreydecano.com\/cms\/noticias\/comunicado-de-la-comision-de-seguridad-de-penarol\/","og_site_name":"Padre y Decano - El Sitio del Pueblo","article_published_time":"2016-10-28T23:14:03+00:00","og_image":[{"width":610,"height":371,"url":"https:\/\/www.padreydecano.com\/cms\/wp-content\/uploads\/2016\/05\/EscudoPe\u00f1arol-2.jpg","type":"image\/jpeg"}],"author":"Moderador","twitter_card":"summary_large_image","twitter_misc":{"Escrito por":"Moderador","Tiempo de lectura":"2 minutos"},"schema":{"@context":"https:\/\/schema.org","@graph":[{"@type":"Article","@id":"https:\/\/www.padreydecano.com\/cms\/noticias\/comunicado-de-la-comision-de-seguridad-de-penarol\/#article","isPartOf":{"@id":"https:\/\/www.padreydecano.com\/cms\/noticias\/comunicado-de-la-comision-de-seguridad-de-penarol\/"},"author":{"name":"Moderador","@id":"https:\/\/www.padreydecano.com\/cms\/#\/schema\/person\/d93e9e537230ae052c194251d9a1def2"},"headline":"Comunicado de la Comisi\u00f3n de Seguridad de Pe\u00f1arol","datePublished":"2016-10-28T23:14:03+00:00","dateModified":"2016-10-28T23:14:03+00:00","mainEntityOfPage":{"@id":"https:\/\/www.padreydecano.com\/cms\/noticias\/comunicado-de-la-comision-de-seguridad-de-penarol\/"},"wordCount":333,"commentCount":20,"publisher":{"@id":"https:\/\/www.padreydecano.com\/cms\/#organization"},"image":{"@id":"https:\/\/www.padreydecano.com\/cms\/noticias\/comunicado-de-la-comision-de-seguridad-de-penarol\/#primaryimage"},"thumbnailUrl":"https:\/\/www.padreydecano.com\/cms\/wp-content\/uploads\/2016\/05\/EscudoPe\u00f1arol-2.jpg","keywords":["Institucionales"],"articleSection":["Noticias"],"inLanguage":"es","potentialAction":[{"@type":"CommentAction","name":"Comment","target":["https:\/\/www.padreydecano.com\/cms\/noticias\/comunicado-de-la-comision-de-seguridad-de-penarol\/#respond"]}]},{"@type":"WebPage","@id":"https:\/\/www.padreydecano.com\/cms\/noticias\/comunicado-de-la-comision-de-seguridad-de-penarol\/","url":"https:\/\/www.padreydecano.com\/cms\/noticias\/comunicado-de-la-comision-de-seguridad-de-penarol\/","name":"Comunicado de la Comisi\u00f3n de Seguridad de Pe\u00f1arol - Padre y Decano - El Sitio del Pueblo","isPartOf":{"@id":"https:\/\/www.padreydecano.com\/cms\/#website"},"primaryImageOfPage":{"@id":"https:\/\/www.padreydecano.com\/cms\/noticias\/comunicado-de-la-comision-de-seguridad-de-penarol\/#primaryimage"},"image":{"@id":"https:\/\/www.padreydecano.com\/cms\/noticias\/comunicado-de-la-comision-de-seguridad-de-penarol\/#primaryimage"},"thumbnailUrl":"https:\/\/www.padreydecano.com\/cms\/wp-content\/uploads\/2016\/05\/EscudoPe\u00f1arol-2.jpg","datePublished":"2016-10-28T23:14:03+00:00","dateModified":"2016-10-28T23:14:03+00:00","breadcrumb":{"@id":"https:\/\/www.padreydecano.com\/cms\/noticias\/comunicado-de-la-comision-de-seguridad-de-penarol\/#breadcrumb"},"inLanguage":"es","potentialAction":[{"@type":"ReadAction","target":["https:\/\/www.padreydecano.com\/cms\/noticias\/comunicado-de-la-comision-de-seguridad-de-penarol\/"]}]},{"@type":"ImageObject","inLanguage":"es","@id":"https:\/\/www.padreydecano.com\/cms\/noticias\/comunicado-de-la-comision-de-seguridad-de-penarol\/#primaryimage","url":"https:\/\/www.padreydecano.com\/cms\/wp-content\/uploads\/2016\/05\/EscudoPe\u00f1arol-2.jpg","contentUrl":"https:\/\/www.padreydecano.com\/cms\/wp-content\/uploads\/2016\/05\/EscudoPe\u00f1arol-2.jpg","width":610,"height":371},{"@type":"BreadcrumbList","@id":"https:\/\/www.padreydecano.com\/cms\/noticias\/comunicado-de-la-comision-de-seguridad-de-penarol\/#breadcrumb","itemListElement":[{"@type":"ListItem","position":1,"name":"Portada","item":"https:\/\/www.padreydecano.com\/cms\/"},{"@type":"ListItem","position":2,"name":"Comunicado de la Comisi\u00f3n de Seguridad de Pe\u00f1arol"}]},{"@type":"WebSite","@id":"https:\/\/www.padreydecano.com\/cms\/#website","url":"https:\/\/www.padreydecano.com\/cms\/","name":"Padre y Decano - El Sitio del Pueblo","description":"Club Atl\u00e9tico Pe\u00f1arol","publisher":{"@id":"https:\/\/www.padreydecano.com\/cms\/#organization"},"potentialAction":[{"@type":"SearchAction","target":{"@type":"EntryPoint","urlTemplate":"https:\/\/www.padreydecano.com\/cms\/?s={search_term_string}"},"query-input":"required name=search_term_string"}],"inLanguage":"es"},{"@type":"Organization","@id":"https:\/\/www.padreydecano.com\/cms\/#organization","name":"Padre y Decano","url":"https:\/\/www.padreydecano.com\/cms\/","logo":{"@type":"ImageObject","inLanguage":"es","@id":"https:\/\/www.padreydecano.com\/cms\/#\/schema\/logo\/image\/","url":"https:\/\/www.padreydecano.com\/cms\/wp-content\/uploads\/2022\/01\/avatar-square.png","contentUrl":"https:\/\/www.padreydecano.com\/cms\/wp-content\/uploads\/2022\/01\/avatar-square.png","width":1500,"height":1500,"caption":"Padre y Decano"},"image":{"@id":"https:\/\/www.padreydecano.com\/cms\/#\/schema\/logo\/image\/"}},{"@type":"Person","@id":"https:\/\/www.padreydecano.com\/cms\/#\/schema\/person\/d93e9e537230ae052c194251d9a1def2","name":"Moderador","image":{"@type":"ImageObject","inLanguage":"es","@id":"https:\/\/www.padreydecano.com\/cms\/#\/schema\/person\/image\/","url":"https:\/\/secure.gravatar.com\/avatar\/2587727bf8a53bd3da4ec49f01bea66e?s=96&d=https%3A%2F%2Fpadreydecano.com%2Fcms%2Fwp-content%2Fthemes%2Fpyd-theme%2Fimg%2Fdefault-avatar.png&r=g","contentUrl":"https:\/\/secure.gravatar.com\/avatar\/2587727bf8a53bd3da4ec49f01bea66e?s=96&d=https%3A%2F%2Fpadreydecano.com%2Fcms%2Fwp-content%2Fthemes%2Fpyd-theme%2Fimg%2Fdefault-avatar.png&r=g","caption":"Moderador"}}]}},"_links":{"self":[{"href":"https:\/\/www.padreydecano.com\/cms\/wp-json\/wp\/v2\/posts\/60928"}],"collection":[{"href":"https:\/\/www.padreydecano.com\/cms\/wp-json\/wp\/v2\/posts"}],"about":[{"href":"https:\/\/www.padreydecano.com\/cms\/wp-json\/wp\/v2\/types\/post"}],"author":[{"embeddable":true,"href":"https:\/\/www.padreydecano.com\/cms\/wp-json\/wp\/v2\/users\/13"}],"replies":[{"embeddable":true,"href":"https:\/\/www.padreydecano.com\/cms\/wp-json\/wp\/v2\/comments?post=60928"}],"version-history":[{"count":0,"href":"https:\/\/www.padreydecano.com\/cms\/wp-json\/wp\/v2\/posts\/60928\/revisions"}],"wp:featuredmedia":[{"embeddable":true,"href":"https:\/\/www.padreydecano.com\/cms\/wp-json\/wp\/v2\/media\/58960"}],"wp:attachment":[{"href":"https:\/\/www.padreydecano.com\/cms\/wp-json\/wp\/v2\/media?parent=60928"}],"wp:term":[{"taxonomy":"category","embeddable":true,"href":"https:\/\/www.padreydecano.com\/cms\/wp-json\/wp\/v2\/categories?post=60928"},{"taxonomy":"post_tag","embeddable":true,"href":"https:\/\/www.padreydecano.com\/cms\/wp-json\/wp\/v2\/tags?post=60928"}],"curies":[{"name":"wp","href":"https:\/\/api.w.org\/{rel}","templated":true}]}}