{"id":60790,"date":"2016-10-12T11:50:09","date_gmt":"2016-10-12T14:50:09","guid":{"rendered":"http:\/\/www.padreydecano.com\/cms\/?p=60790"},"modified":"2016-10-12T11:50:09","modified_gmt":"2016-10-12T14:50:09","slug":"nueva-postergacion-del-clasico-de-futsal","status":"publish","type":"post","link":"https:\/\/www.padreydecano.com\/cms\/otras-disciplinas\/nueva-postergacion-del-clasico-de-futsal\/","title":{"rendered":"Nueva postergaci\u00f3n del cl\u00e1sico de Futsal"},"content":{"rendered":"<p style=\"text-align: justify;\"><strong><a href=\"https:\/\/www.padreydecano.com\/cms\/wp-content\/uploads\/2014\/07\/penarol-nacional-futsal-10-2-foto-mariano-alvez-41.jpg\" rel=\"shadowbox[sbpost-60790];player=img;\"><img loading=\"lazy\" decoding=\"async\" class=\"aligncenter wp-image-47312 size-full\" src=\"https:\/\/www.padreydecano.com\/cms\/wp-content\/uploads\/2014\/07\/penarol-nacional-futsal-10-2-foto-mariano-alvez-41-e1476211346905.jpg\" alt=\"penarol-nacional-futsal-10-2-foto-mariano-alvez-4\" width=\"605\" height=\"401\" \/><\/a><br \/>\nEl primer fin de semana del mes de octubre deb\u00eda disputarse el partido entre Nacional (local) y Pe\u00f1arol (visitante) correspondiente a la octava fecha del Torneo Clausura de F\u00fatbol Sala. El reglamento de este a\u00f1o establece que el equipo locatario debe encargarse de la fijaci\u00f3n de los partidos, indicando a la Mesa Ejecutiva el d\u00eda, horario y cancha donde pretende jugar. El \u00fanico gimnasio de Montevideo actualmente habilitado para disputar un cl\u00e1sico con p\u00fablico es el de Scuola Italiana.<\/strong><\/p>\n<p style=\"text-align: justify;\">Considerando los hechos de p\u00fablico conocimiento ocurridos en los \u00faltimos d\u00edas, entre los que se destaca por su violencia el ataque con armas de fuego a hinchas de Pe\u00f1arol en Santa Luc\u00eda, las Comisiones de Seguridad de Nacional y Pe\u00f1arol entienden que el encuentro cl\u00e1sico debe disputarse a puertas cerradas. Esto implica que el encuentro puede jugarse\u00a0en cualquier gimnasio que garantice las condiciones deportivas y de seguridad.<\/p>\n<p style=\"text-align: justify;\">Nacional inform\u00f3 a la Mesa Ejecutiva que Scuola Italiana no ten\u00eda disponibilidad para el primer fin de semana del mes, lo cual era cierto. El \u00fanico integrante de dicho \u00f3rgano que se encontraba en Montevideo era el Dr. Luis Alcaraz, quien ingres\u00f3 a la Mesa Ejecutiva por Nacional. En lugar de solicitar a Nacional que consiguiera otro gimnasio, o fijarlo de oficio, como est\u00e1 dentro de sus potestades, la Mesa posterg\u00f3 el partido sin justificaci\u00f3n real, coincidiendo con que dos jugadores habitualmente titulares de Nacional se encontraban con inconvenientes f\u00edsicos.<\/p>\n<p style=\"text-align: justify;\"><strong>Curiosamente, el pasado 18 de julio Pe\u00f1arol deb\u00eda jugar como local ante Old Christians, y el Dr. Alcaraz le comunic\u00f3 a nuestra Comisi\u00f3n que la Mesa Ejecutiva fijar\u00eda el partido de oficio en caso de que no consigui\u00e9ramos el gimnasio de Scuola Italiana por ser feriado nacional.<\/strong><\/p>\n<p style=\"text-align: justify;\">Tras la postergaci\u00f3n, el cl\u00e1sico fue fijado por Nacional de manera condicional para el pasado lunes 10 de octubre (feriado laborable) en horario vespertino. Dicha fecha no fue ratificada y el cl\u00e1sico fue nuevamente aplazado para el mi\u00e9rcoles 12 (Sub 20) y jueves 13 (Primera) de noche en Sayago. Cuando Nacional solicit\u00f3, como corresponde, la guardia policial para el per\u00edmetro del gimnasio, el Dr. Alejandro Tapia, Presidente del Ejecutivo de F\u00fatbol Sala, indic\u00f3 que no era necesario ya que el partido se disputar\u00eda a puertas cerradas. La Comisi\u00f3n de Seguridad de Pe\u00f1arol, con mucha coherencia, no estuvo de acuerdo con que el partido se disputara a la noche y en el gimnasio de Sayago, cuyos alrededores no garantizan la seguridad. El cl\u00e1sico fue suspendido de nuevo, y a\u00fan estamos a la espera de la fijaci\u00f3n definitiva.<\/p>\n<p style=\"text-align: justify;\">Cabe recordar que en el lamentable episodio ocurrido en el cl\u00e1sico de f\u00fatbol sala disputado en 2008 en Canelones, los hechos de violencia se dieron principalmente fuera del gimnasio. Ese a\u00f1o el Dr. Tapia integraba el Tribunal de Penas, por lo que est\u00e1 en pleno conocimiento de lo sucedido, y su postura nos dej\u00f3 enormemente sorprendidos.<\/p>\n<p style=\"text-align: justify;\"><strong>A modo de reflexi\u00f3n, resulta l\u00f3gico que el locatario intente aprovechar las potestades que le otorga el reglamento para fijar el partido a su conveniencia, dentro de los l\u00edmites normales. Es inentendible la complicidad de la Mesa Ejecutiva, cuya actuaci\u00f3n en el asunto ha favorecido a un s\u00f3lo equipo, perjudicando al resto de los integrantes de este deporte.<\/strong><\/p>\n<p style=\"text-align: right;\"><strong>Escrito por <a href=\"https:\/\/twitter.com\/PatoRammauro\">Augusto Rammauro<\/a><\/strong><\/p>\n","protected":false},"excerpt":{"rendered":"<p>El primer fin de semana del mes de octubre deb\u00eda disputarse el partido entre Nacional (local) y Pe\u00f1arol (visitante) correspondiente a la octava fecha del Torneo Clausura de F\u00fatbol Sala. El reglamento de este a\u00f1o establece que el equipo locatario debe encargarse de la fijaci\u00f3n de los partidos, indicando a la Mesa Ejecutiva el d\u00eda, [&hellip;]<\/p>\n","protected":false},"author":2,"featured_media":47312,"comment_status":"open","ping_status":"closed","sticky":false,"template":"","format":"standard","meta":{"footnotes":""},"categories":[27],"tags":[34],"yoast_head":"<!-- This site is optimized with the Yoast SEO plugin v23.2 - https:\/\/yoast.com\/wordpress\/plugins\/seo\/ -->\n<title>Nueva postergaci\u00f3n del cl\u00e1sico de Futsal - Padre y Decano - El Sitio del Pueblo<\/title>\n<meta name=\"robots\" content=\"index, follow, max-snippet:-1, max-image-preview:large, max-video-preview:-1\" \/>\n<link rel=\"canonical\" href=\"https:\/\/www.padreydecano.com\/cms\/otras-disciplinas\/nueva-postergacion-del-clasico-de-futsal\/\" \/>\n<meta property=\"og:locale\" content=\"es_ES\" \/>\n<meta property=\"og:type\" content=\"article\" \/>\n<meta property=\"og:title\" content=\"Nueva postergaci\u00f3n del cl\u00e1sico de Futsal - Padre y Decano - El Sitio del Pueblo\" \/>\n<meta property=\"og:description\" content=\"El primer fin de semana del mes de octubre deb\u00eda disputarse el partido entre Nacional (local) y Pe\u00f1arol (visitante) correspondiente a la octava fecha del Torneo Clausura de F\u00fatbol Sala. El reglamento de este a\u00f1o establece que el equipo locatario debe encargarse de la fijaci\u00f3n de los partidos, indicando a la Mesa Ejecutiva el d\u00eda, [&hellip;]\" \/>\n<meta property=\"og:url\" content=\"https:\/\/www.padreydecano.com\/cms\/otras-disciplinas\/nueva-postergacion-del-clasico-de-futsal\/\" \/>\n<meta property=\"og:site_name\" content=\"Padre y Decano - El Sitio del Pueblo\" \/>\n<meta property=\"article:published_time\" content=\"2016-10-12T14:50:09+00:00\" \/>\n<meta property=\"og:image\" content=\"https:\/\/www.padreydecano.com\/cms\/wp-content\/uploads\/2014\/07\/penarol-nacional-futsal-10-2-foto-mariano-alvez-41-e1476211346905.jpg\" \/>\n\t<meta property=\"og:image:width\" content=\"605\" \/>\n\t<meta property=\"og:image:height\" content=\"401\" \/>\n\t<meta property=\"og:image:type\" content=\"image\/jpeg\" \/>\n<meta name=\"author\" content=\"Gonzalo16\" \/>\n<meta name=\"twitter:card\" content=\"summary_large_image\" \/>\n<meta name=\"twitter:label1\" content=\"Escrito por\" \/>\n\t<meta name=\"twitter:data1\" content=\"Gonzalo16\" \/>\n\t<meta name=\"twitter:label2\" content=\"Tiempo de lectura\" \/>\n\t<meta name=\"twitter:data2\" content=\"3 minutos\" \/>\n<script type=\"application\/ld+json\" class=\"yoast-schema-graph\">{\"@context\":\"https:\/\/schema.org\",\"@graph\":[{\"@type\":\"Article\",\"@id\":\"https:\/\/www.padreydecano.com\/cms\/otras-disciplinas\/nueva-postergacion-del-clasico-de-futsal\/#article\",\"isPartOf\":{\"@id\":\"https:\/\/www.padreydecano.com\/cms\/otras-disciplinas\/nueva-postergacion-del-clasico-de-futsal\/\"},\"author\":{\"name\":\"Gonzalo16\",\"@id\":\"https:\/\/www.padreydecano.com\/cms\/#\/schema\/person\/7fe41e3e335700ebd387196df2f9a8d4\"},\"headline\":\"Nueva postergaci\u00f3n del cl\u00e1sico de Futsal\",\"datePublished\":\"2016-10-12T14:50:09+00:00\",\"dateModified\":\"2016-10-12T14:50:09+00:00\",\"mainEntityOfPage\":{\"@id\":\"https:\/\/www.padreydecano.com\/cms\/otras-disciplinas\/nueva-postergacion-del-clasico-de-futsal\/\"},\"wordCount\":582,\"commentCount\":1,\"publisher\":{\"@id\":\"https:\/\/www.padreydecano.com\/cms\/#organization\"},\"image\":{\"@id\":\"https:\/\/www.padreydecano.com\/cms\/otras-disciplinas\/nueva-postergacion-del-clasico-de-futsal\/#primaryimage\"},\"thumbnailUrl\":\"https:\/\/www.padreydecano.com\/cms\/wp-content\/uploads\/2014\/07\/penarol-nacional-futsal-10-2-foto-mariano-alvez-41-e1476211346905.jpg\",\"keywords\":[\"Futsal\"],\"articleSection\":[\"Otras disciplinas\"],\"inLanguage\":\"es\",\"potentialAction\":[{\"@type\":\"CommentAction\",\"name\":\"Comment\",\"target\":[\"https:\/\/www.padreydecano.com\/cms\/otras-disciplinas\/nueva-postergacion-del-clasico-de-futsal\/#respond\"]}]},{\"@type\":\"WebPage\",\"@id\":\"https:\/\/www.padreydecano.com\/cms\/otras-disciplinas\/nueva-postergacion-del-clasico-de-futsal\/\",\"url\":\"https:\/\/www.padreydecano.com\/cms\/otras-disciplinas\/nueva-postergacion-del-clasico-de-futsal\/\",\"name\":\"Nueva postergaci\u00f3n del cl\u00e1sico de Futsal - Padre y Decano - El Sitio del Pueblo\",\"isPartOf\":{\"@id\":\"https:\/\/www.padreydecano.com\/cms\/#website\"},\"primaryImageOfPage\":{\"@id\":\"https:\/\/www.padreydecano.com\/cms\/otras-disciplinas\/nueva-postergacion-del-clasico-de-futsal\/#primaryimage\"},\"image\":{\"@id\":\"https:\/\/www.padreydecano.com\/cms\/otras-disciplinas\/nueva-postergacion-del-clasico-de-futsal\/#primaryimage\"},\"thumbnailUrl\":\"https:\/\/www.padreydecano.com\/cms\/wp-content\/uploads\/2014\/07\/penarol-nacional-futsal-10-2-foto-mariano-alvez-41-e1476211346905.jpg\",\"datePublished\":\"2016-10-12T14:50:09+00:00\",\"dateModified\":\"2016-10-12T14:50:09+00:00\",\"breadcrumb\":{\"@id\":\"https:\/\/www.padreydecano.com\/cms\/otras-disciplinas\/nueva-postergacion-del-clasico-de-futsal\/#breadcrumb\"},\"inLanguage\":\"es\",\"potentialAction\":[{\"@type\":\"ReadAction\",\"target\":[\"https:\/\/www.padreydecano.com\/cms\/otras-disciplinas\/nueva-postergacion-del-clasico-de-futsal\/\"]}]},{\"@type\":\"ImageObject\",\"inLanguage\":\"es\",\"@id\":\"https:\/\/www.padreydecano.com\/cms\/otras-disciplinas\/nueva-postergacion-del-clasico-de-futsal\/#primaryimage\",\"url\":\"https:\/\/www.padreydecano.com\/cms\/wp-content\/uploads\/2014\/07\/penarol-nacional-futsal-10-2-foto-mariano-alvez-41-e1476211346905.jpg\",\"contentUrl\":\"https:\/\/www.padreydecano.com\/cms\/wp-content\/uploads\/2014\/07\/penarol-nacional-futsal-10-2-foto-mariano-alvez-41-e1476211346905.jpg\",\"width\":605,\"height\":401},{\"@type\":\"BreadcrumbList\",\"@id\":\"https:\/\/www.padreydecano.com\/cms\/otras-disciplinas\/nueva-postergacion-del-clasico-de-futsal\/#breadcrumb\",\"itemListElement\":[{\"@type\":\"ListItem\",\"position\":1,\"name\":\"Portada\",\"item\":\"https:\/\/www.padreydecano.com\/cms\/\"},{\"@type\":\"ListItem\",\"position\":2,\"name\":\"Nueva postergaci\u00f3n del cl\u00e1sico de Futsal\"}]},{\"@type\":\"WebSite\",\"@id\":\"https:\/\/www.padreydecano.com\/cms\/#website\",\"url\":\"https:\/\/www.padreydecano.com\/cms\/\",\"name\":\"Padre y Decano - El Sitio del Pueblo\",\"description\":\"Club Atl\u00e9tico Pe\u00f1arol\",\"publisher\":{\"@id\":\"https:\/\/www.padreydecano.com\/cms\/#organization\"},\"potentialAction\":[{\"@type\":\"SearchAction\",\"target\":{\"@type\":\"EntryPoint\",\"urlTemplate\":\"https:\/\/www.padreydecano.com\/cms\/?s={search_term_string}\"},\"query-input\":\"required name=search_term_string\"}],\"inLanguage\":\"es\"},{\"@type\":\"Organization\",\"@id\":\"https:\/\/www.padreydecano.com\/cms\/#organization\",\"name\":\"Padre y Decano\",\"url\":\"https:\/\/www.padreydecano.com\/cms\/\",\"logo\":{\"@type\":\"ImageObject\",\"inLanguage\":\"es\",\"@id\":\"https:\/\/www.padreydecano.com\/cms\/#\/schema\/logo\/image\/\",\"url\":\"https:\/\/www.padreydecano.com\/cms\/wp-content\/uploads\/2022\/01\/avatar-square.png\",\"contentUrl\":\"https:\/\/www.padreydecano.com\/cms\/wp-content\/uploads\/2022\/01\/avatar-square.png\",\"width\":1500,\"height\":1500,\"caption\":\"Padre y Decano\"},\"image\":{\"@id\":\"https:\/\/www.padreydecano.com\/cms\/#\/schema\/logo\/image\/\"}},{\"@type\":\"Person\",\"@id\":\"https:\/\/www.padreydecano.com\/cms\/#\/schema\/person\/7fe41e3e335700ebd387196df2f9a8d4\",\"name\":\"Gonzalo16\",\"image\":{\"@type\":\"ImageObject\",\"inLanguage\":\"es\",\"@id\":\"https:\/\/www.padreydecano.com\/cms\/#\/schema\/person\/image\/\",\"url\":\"https:\/\/secure.gravatar.com\/avatar\/4d5cdd49803a2313c01f77e3dfc05d81?s=96&d=https%3A%2F%2Fpadreydecano.com%2Fcms%2Fwp-content%2Fthemes%2Fpyd-theme%2Fimg%2Fdefault-avatar.png&r=g\",\"contentUrl\":\"https:\/\/secure.gravatar.com\/avatar\/4d5cdd49803a2313c01f77e3dfc05d81?s=96&d=https%3A%2F%2Fpadreydecano.com%2Fcms%2Fwp-content%2Fthemes%2Fpyd-theme%2Fimg%2Fdefault-avatar.png&r=g\",\"caption\":\"Gonzalo16\"}}]}<\/script>\n<!-- \/ Yoast SEO plugin. -->","yoast_head_json":{"title":"Nueva postergaci\u00f3n del cl\u00e1sico de Futsal - Padre y Decano - El Sitio del Pueblo","robots":{"index":"index","follow":"follow","max-snippet":"max-snippet:-1","max-image-preview":"max-image-preview:large","max-video-preview":"max-video-preview:-1"},"canonical":"https:\/\/www.padreydecano.com\/cms\/otras-disciplinas\/nueva-postergacion-del-clasico-de-futsal\/","og_locale":"es_ES","og_type":"article","og_title":"Nueva postergaci\u00f3n del cl\u00e1sico de Futsal - Padre y Decano - El Sitio del Pueblo","og_description":"El primer fin de semana del mes de octubre deb\u00eda disputarse el partido entre Nacional (local) y Pe\u00f1arol (visitante) correspondiente a la octava fecha del Torneo Clausura de F\u00fatbol Sala. El reglamento de este a\u00f1o establece que el equipo locatario debe encargarse de la fijaci\u00f3n de los partidos, indicando a la Mesa Ejecutiva el d\u00eda, [&hellip;]","og_url":"https:\/\/www.padreydecano.com\/cms\/otras-disciplinas\/nueva-postergacion-del-clasico-de-futsal\/","og_site_name":"Padre y Decano - El Sitio del Pueblo","article_published_time":"2016-10-12T14:50:09+00:00","og_image":[{"width":605,"height":401,"url":"https:\/\/www.padreydecano.com\/cms\/wp-content\/uploads\/2014\/07\/penarol-nacional-futsal-10-2-foto-mariano-alvez-41-e1476211346905.jpg","type":"image\/jpeg"}],"author":"Gonzalo16","twitter_card":"summary_large_image","twitter_misc":{"Escrito por":"Gonzalo16","Tiempo de lectura":"3 minutos"},"schema":{"@context":"https:\/\/schema.org","@graph":[{"@type":"Article","@id":"https:\/\/www.padreydecano.com\/cms\/otras-disciplinas\/nueva-postergacion-del-clasico-de-futsal\/#article","isPartOf":{"@id":"https:\/\/www.padreydecano.com\/cms\/otras-disciplinas\/nueva-postergacion-del-clasico-de-futsal\/"},"author":{"name":"Gonzalo16","@id":"https:\/\/www.padreydecano.com\/cms\/#\/schema\/person\/7fe41e3e335700ebd387196df2f9a8d4"},"headline":"Nueva postergaci\u00f3n del cl\u00e1sico de Futsal","datePublished":"2016-10-12T14:50:09+00:00","dateModified":"2016-10-12T14:50:09+00:00","mainEntityOfPage":{"@id":"https:\/\/www.padreydecano.com\/cms\/otras-disciplinas\/nueva-postergacion-del-clasico-de-futsal\/"},"wordCount":582,"commentCount":1,"publisher":{"@id":"https:\/\/www.padreydecano.com\/cms\/#organization"},"image":{"@id":"https:\/\/www.padreydecano.com\/cms\/otras-disciplinas\/nueva-postergacion-del-clasico-de-futsal\/#primaryimage"},"thumbnailUrl":"https:\/\/www.padreydecano.com\/cms\/wp-content\/uploads\/2014\/07\/penarol-nacional-futsal-10-2-foto-mariano-alvez-41-e1476211346905.jpg","keywords":["Futsal"],"articleSection":["Otras disciplinas"],"inLanguage":"es","potentialAction":[{"@type":"CommentAction","name":"Comment","target":["https:\/\/www.padreydecano.com\/cms\/otras-disciplinas\/nueva-postergacion-del-clasico-de-futsal\/#respond"]}]},{"@type":"WebPage","@id":"https:\/\/www.padreydecano.com\/cms\/otras-disciplinas\/nueva-postergacion-del-clasico-de-futsal\/","url":"https:\/\/www.padreydecano.com\/cms\/otras-disciplinas\/nueva-postergacion-del-clasico-de-futsal\/","name":"Nueva postergaci\u00f3n del cl\u00e1sico de Futsal - Padre y Decano - El Sitio del Pueblo","isPartOf":{"@id":"https:\/\/www.padreydecano.com\/cms\/#website"},"primaryImageOfPage":{"@id":"https:\/\/www.padreydecano.com\/cms\/otras-disciplinas\/nueva-postergacion-del-clasico-de-futsal\/#primaryimage"},"image":{"@id":"https:\/\/www.padreydecano.com\/cms\/otras-disciplinas\/nueva-postergacion-del-clasico-de-futsal\/#primaryimage"},"thumbnailUrl":"https:\/\/www.padreydecano.com\/cms\/wp-content\/uploads\/2014\/07\/penarol-nacional-futsal-10-2-foto-mariano-alvez-41-e1476211346905.jpg","datePublished":"2016-10-12T14:50:09+00:00","dateModified":"2016-10-12T14:50:09+00:00","breadcrumb":{"@id":"https:\/\/www.padreydecano.com\/cms\/otras-disciplinas\/nueva-postergacion-del-clasico-de-futsal\/#breadcrumb"},"inLanguage":"es","potentialAction":[{"@type":"ReadAction","target":["https:\/\/www.padreydecano.com\/cms\/otras-disciplinas\/nueva-postergacion-del-clasico-de-futsal\/"]}]},{"@type":"ImageObject","inLanguage":"es","@id":"https:\/\/www.padreydecano.com\/cms\/otras-disciplinas\/nueva-postergacion-del-clasico-de-futsal\/#primaryimage","url":"https:\/\/www.padreydecano.com\/cms\/wp-content\/uploads\/2014\/07\/penarol-nacional-futsal-10-2-foto-mariano-alvez-41-e1476211346905.jpg","contentUrl":"https:\/\/www.padreydecano.com\/cms\/wp-content\/uploads\/2014\/07\/penarol-nacional-futsal-10-2-foto-mariano-alvez-41-e1476211346905.jpg","width":605,"height":401},{"@type":"BreadcrumbList","@id":"https:\/\/www.padreydecano.com\/cms\/otras-disciplinas\/nueva-postergacion-del-clasico-de-futsal\/#breadcrumb","itemListElement":[{"@type":"ListItem","position":1,"name":"Portada","item":"https:\/\/www.padreydecano.com\/cms\/"},{"@type":"ListItem","position":2,"name":"Nueva postergaci\u00f3n del cl\u00e1sico de Futsal"}]},{"@type":"WebSite","@id":"https:\/\/www.padreydecano.com\/cms\/#website","url":"https:\/\/www.padreydecano.com\/cms\/","name":"Padre y Decano - El Sitio del Pueblo","description":"Club Atl\u00e9tico Pe\u00f1arol","publisher":{"@id":"https:\/\/www.padreydecano.com\/cms\/#organization"},"potentialAction":[{"@type":"SearchAction","target":{"@type":"EntryPoint","urlTemplate":"https:\/\/www.padreydecano.com\/cms\/?s={search_term_string}"},"query-input":"required name=search_term_string"}],"inLanguage":"es"},{"@type":"Organization","@id":"https:\/\/www.padreydecano.com\/cms\/#organization","name":"Padre y Decano","url":"https:\/\/www.padreydecano.com\/cms\/","logo":{"@type":"ImageObject","inLanguage":"es","@id":"https:\/\/www.padreydecano.com\/cms\/#\/schema\/logo\/image\/","url":"https:\/\/www.padreydecano.com\/cms\/wp-content\/uploads\/2022\/01\/avatar-square.png","contentUrl":"https:\/\/www.padreydecano.com\/cms\/wp-content\/uploads\/2022\/01\/avatar-square.png","width":1500,"height":1500,"caption":"Padre y Decano"},"image":{"@id":"https:\/\/www.padreydecano.com\/cms\/#\/schema\/logo\/image\/"}},{"@type":"Person","@id":"https:\/\/www.padreydecano.com\/cms\/#\/schema\/person\/7fe41e3e335700ebd387196df2f9a8d4","name":"Gonzalo16","image":{"@type":"ImageObject","inLanguage":"es","@id":"https:\/\/www.padreydecano.com\/cms\/#\/schema\/person\/image\/","url":"https:\/\/secure.gravatar.com\/avatar\/4d5cdd49803a2313c01f77e3dfc05d81?s=96&d=https%3A%2F%2Fpadreydecano.com%2Fcms%2Fwp-content%2Fthemes%2Fpyd-theme%2Fimg%2Fdefault-avatar.png&r=g","contentUrl":"https:\/\/secure.gravatar.com\/avatar\/4d5cdd49803a2313c01f77e3dfc05d81?s=96&d=https%3A%2F%2Fpadreydecano.com%2Fcms%2Fwp-content%2Fthemes%2Fpyd-theme%2Fimg%2Fdefault-avatar.png&r=g","caption":"Gonzalo16"}}]}},"_links":{"self":[{"href":"https:\/\/www.padreydecano.com\/cms\/wp-json\/wp\/v2\/posts\/60790"}],"collection":[{"href":"https:\/\/www.padreydecano.com\/cms\/wp-json\/wp\/v2\/posts"}],"about":[{"href":"https:\/\/www.padreydecano.com\/cms\/wp-json\/wp\/v2\/types\/post"}],"author":[{"embeddable":true,"href":"https:\/\/www.padreydecano.com\/cms\/wp-json\/wp\/v2\/users\/2"}],"replies":[{"embeddable":true,"href":"https:\/\/www.padreydecano.com\/cms\/wp-json\/wp\/v2\/comments?post=60790"}],"version-history":[{"count":0,"href":"https:\/\/www.padreydecano.com\/cms\/wp-json\/wp\/v2\/posts\/60790\/revisions"}],"wp:featuredmedia":[{"embeddable":true,"href":"https:\/\/www.padreydecano.com\/cms\/wp-json\/wp\/v2\/media\/47312"}],"wp:attachment":[{"href":"https:\/\/www.padreydecano.com\/cms\/wp-json\/wp\/v2\/media?parent=60790"}],"wp:term":[{"taxonomy":"category","embeddable":true,"href":"https:\/\/www.padreydecano.com\/cms\/wp-json\/wp\/v2\/categories?post=60790"},{"taxonomy":"post_tag","embeddable":true,"href":"https:\/\/www.padreydecano.com\/cms\/wp-json\/wp\/v2\/tags?post=60790"}],"curies":[{"name":"wp","href":"https:\/\/api.w.org\/{rel}","templated":true}]}}