{"id":60608,"date":"2016-09-28T13:49:08","date_gmt":"2016-09-28T16:49:08","guid":{"rendered":"http:\/\/www.padreydecano.com\/cms\/?p=60608"},"modified":"2016-09-28T13:50:17","modified_gmt":"2016-09-28T16:50:17","slug":"guruceaga-a-la-seleccion-y-frascarelli-a-jardines","status":"publish","type":"post","link":"https:\/\/www.padreydecano.com\/cms\/noticias\/guruceaga-a-la-seleccion-y-frascarelli-a-jardines\/","title":{"rendered":"Guruceaga a la Selecci\u00f3n y Frascarelli a Jardines"},"content":{"rendered":"<p style=\"text-align: justify;\"><a href=\"https:\/\/www.padreydecano.com\/cms\/wp-content\/uploads\/2016\/09\/frascarelli-guruceaga.jpg\" rel=\"shadowbox[sbpost-60608];player=img;\"><img loading=\"lazy\" decoding=\"async\" class=\"aligncenter size-medium wp-image-60609\" src=\"https:\/\/www.padreydecano.com\/cms\/wp-content\/uploads\/2016\/09\/frascarelli-guruceaga-600x397.jpg\" alt=\"frascarelli-guruceaga\" width=\"600\" height=\"397\" srcset=\"https:\/\/www.padreydecano.com\/cms\/wp-content\/uploads\/2016\/09\/frascarelli-guruceaga-600x397.jpg 600w, https:\/\/www.padreydecano.com\/cms\/wp-content\/uploads\/2016\/09\/frascarelli-guruceaga-768x509.jpg 768w, https:\/\/www.padreydecano.com\/cms\/wp-content\/uploads\/2016\/09\/frascarelli-guruceaga.jpg 900w\" sizes=\"(max-width: 600px) 100vw, 600px\" \/><\/a><\/p>\n<p style=\"text-align: justify;\">La Asociaci\u00f3n Uruguaya de F\u00fatbol divulg\u00f3 la lista de convocados por \u00d3scar Washington Tab\u00e1rez para los partidos ante Venezuela (6 de octubre) y Colombia (11 de octubre) en el marco de las Eliminatorias para Rusia 2018. La principal novedad fue la convocatoria de Gast\u00f3n Guruceaga. De esta forma, nuestro arquero no estar\u00e1 disponible para el encuentro ante Danubio que se disputar\u00e1 en Jardines del Hip\u00f3dromo el fin de semana del 8 y 9 de octubre. Por lo tanto, Dami\u00e1n Frascarelli tendr\u00e1 la oportunidad de defender el arco mirasol en dicho encuentro, y jugar su segundo partido oficial, tras haber disputado el encuentro ante Sporting Cristal por Copa Libertadores.<\/p>\n<p style=\"text-align: justify;\">\n","protected":false},"excerpt":{"rendered":"<p>La Asociaci\u00f3n Uruguaya de F\u00fatbol divulg\u00f3 la lista de convocados por \u00d3scar Washington Tab\u00e1rez para los partidos ante Venezuela (6 de octubre) y Colombia (11 de octubre) en el marco de las Eliminatorias para Rusia 2018. La principal novedad fue la convocatoria de Gast\u00f3n Guruceaga. De esta forma, nuestro arquero no estar\u00e1 disponible para el [&hellip;]<\/p>\n","protected":false},"author":13,"featured_media":57021,"comment_status":"open","ping_status":"closed","sticky":false,"template":"","format":"standard","meta":{"footnotes":""},"categories":[1],"tags":[105],"yoast_head":"<!-- This site is optimized with the Yoast SEO plugin v23.2 - https:\/\/yoast.com\/wordpress\/plugins\/seo\/ -->\n<title>Guruceaga a la Selecci\u00f3n y Frascarelli a Jardines - Padre y Decano - El Sitio del Pueblo<\/title>\n<meta name=\"robots\" content=\"index, follow, max-snippet:-1, max-image-preview:large, max-video-preview:-1\" \/>\n<link rel=\"canonical\" href=\"https:\/\/www.padreydecano.com\/cms\/noticias\/guruceaga-a-la-seleccion-y-frascarelli-a-jardines\/\" \/>\n<meta property=\"og:locale\" content=\"es_ES\" \/>\n<meta property=\"og:type\" content=\"article\" \/>\n<meta property=\"og:title\" content=\"Guruceaga a la Selecci\u00f3n y Frascarelli a Jardines - Padre y Decano - El Sitio del Pueblo\" \/>\n<meta property=\"og:description\" content=\"La Asociaci\u00f3n Uruguaya de F\u00fatbol divulg\u00f3 la lista de convocados por \u00d3scar Washington Tab\u00e1rez para los partidos ante Venezuela (6 de octubre) y Colombia (11 de octubre) en el marco de las Eliminatorias para Rusia 2018. La principal novedad fue la convocatoria de Gast\u00f3n Guruceaga. De esta forma, nuestro arquero no estar\u00e1 disponible para el [&hellip;]\" \/>\n<meta property=\"og:url\" content=\"https:\/\/www.padreydecano.com\/cms\/noticias\/guruceaga-a-la-seleccion-y-frascarelli-a-jardines\/\" \/>\n<meta property=\"og:site_name\" content=\"Padre y Decano - El Sitio del Pueblo\" \/>\n<meta property=\"article:published_time\" content=\"2016-09-28T16:49:08+00:00\" \/>\n<meta property=\"article:modified_time\" content=\"2016-09-28T16:50:17+00:00\" \/>\n<meta property=\"og:image\" content=\"https:\/\/www.padreydecano.com\/cms\/wp-content\/uploads\/2016\/02\/Guruceaga.jpg\" \/>\n\t<meta property=\"og:image:width\" content=\"500\" \/>\n\t<meta property=\"og:image:height\" content=\"304\" \/>\n\t<meta property=\"og:image:type\" content=\"image\/jpeg\" \/>\n<meta name=\"author\" content=\"Moderador\" \/>\n<meta name=\"twitter:card\" content=\"summary_large_image\" \/>\n<meta name=\"twitter:label1\" content=\"Escrito por\" \/>\n\t<meta name=\"twitter:data1\" content=\"Moderador\" \/>\n\t<meta name=\"twitter:label2\" content=\"Tiempo de lectura\" \/>\n\t<meta name=\"twitter:data2\" content=\"1 minuto\" \/>\n<script type=\"application\/ld+json\" class=\"yoast-schema-graph\">{\"@context\":\"https:\/\/schema.org\",\"@graph\":[{\"@type\":\"Article\",\"@id\":\"https:\/\/www.padreydecano.com\/cms\/noticias\/guruceaga-a-la-seleccion-y-frascarelli-a-jardines\/#article\",\"isPartOf\":{\"@id\":\"https:\/\/www.padreydecano.com\/cms\/noticias\/guruceaga-a-la-seleccion-y-frascarelli-a-jardines\/\"},\"author\":{\"name\":\"Moderador\",\"@id\":\"https:\/\/www.padreydecano.com\/cms\/#\/schema\/person\/d93e9e537230ae052c194251d9a1def2\"},\"headline\":\"Guruceaga a la Selecci\u00f3n y Frascarelli a Jardines\",\"datePublished\":\"2016-09-28T16:49:08+00:00\",\"dateModified\":\"2016-09-28T16:50:17+00:00\",\"mainEntityOfPage\":{\"@id\":\"https:\/\/www.padreydecano.com\/cms\/noticias\/guruceaga-a-la-seleccion-y-frascarelli-a-jardines\/\"},\"wordCount\":118,\"commentCount\":26,\"publisher\":{\"@id\":\"https:\/\/www.padreydecano.com\/cms\/#organization\"},\"image\":{\"@id\":\"https:\/\/www.padreydecano.com\/cms\/noticias\/guruceaga-a-la-seleccion-y-frascarelli-a-jardines\/#primaryimage\"},\"thumbnailUrl\":\"https:\/\/www.padreydecano.com\/cms\/wp-content\/uploads\/2016\/02\/Guruceaga.jpg\",\"keywords\":[\"Selecci\u00f3n Uruguaya\"],\"articleSection\":[\"Noticias\"],\"inLanguage\":\"es\",\"potentialAction\":[{\"@type\":\"CommentAction\",\"name\":\"Comment\",\"target\":[\"https:\/\/www.padreydecano.com\/cms\/noticias\/guruceaga-a-la-seleccion-y-frascarelli-a-jardines\/#respond\"]}]},{\"@type\":\"WebPage\",\"@id\":\"https:\/\/www.padreydecano.com\/cms\/noticias\/guruceaga-a-la-seleccion-y-frascarelli-a-jardines\/\",\"url\":\"https:\/\/www.padreydecano.com\/cms\/noticias\/guruceaga-a-la-seleccion-y-frascarelli-a-jardines\/\",\"name\":\"Guruceaga a la Selecci\u00f3n y Frascarelli a Jardines - Padre y Decano - El Sitio del Pueblo\",\"isPartOf\":{\"@id\":\"https:\/\/www.padreydecano.com\/cms\/#website\"},\"primaryImageOfPage\":{\"@id\":\"https:\/\/www.padreydecano.com\/cms\/noticias\/guruceaga-a-la-seleccion-y-frascarelli-a-jardines\/#primaryimage\"},\"image\":{\"@id\":\"https:\/\/www.padreydecano.com\/cms\/noticias\/guruceaga-a-la-seleccion-y-frascarelli-a-jardines\/#primaryimage\"},\"thumbnailUrl\":\"https:\/\/www.padreydecano.com\/cms\/wp-content\/uploads\/2016\/02\/Guruceaga.jpg\",\"datePublished\":\"2016-09-28T16:49:08+00:00\",\"dateModified\":\"2016-09-28T16:50:17+00:00\",\"breadcrumb\":{\"@id\":\"https:\/\/www.padreydecano.com\/cms\/noticias\/guruceaga-a-la-seleccion-y-frascarelli-a-jardines\/#breadcrumb\"},\"inLanguage\":\"es\",\"potentialAction\":[{\"@type\":\"ReadAction\",\"target\":[\"https:\/\/www.padreydecano.com\/cms\/noticias\/guruceaga-a-la-seleccion-y-frascarelli-a-jardines\/\"]}]},{\"@type\":\"ImageObject\",\"inLanguage\":\"es\",\"@id\":\"https:\/\/www.padreydecano.com\/cms\/noticias\/guruceaga-a-la-seleccion-y-frascarelli-a-jardines\/#primaryimage\",\"url\":\"https:\/\/www.padreydecano.com\/cms\/wp-content\/uploads\/2016\/02\/Guruceaga.jpg\",\"contentUrl\":\"https:\/\/www.padreydecano.com\/cms\/wp-content\/uploads\/2016\/02\/Guruceaga.jpg\",\"width\":500,\"height\":304},{\"@type\":\"BreadcrumbList\",\"@id\":\"https:\/\/www.padreydecano.com\/cms\/noticias\/guruceaga-a-la-seleccion-y-frascarelli-a-jardines\/#breadcrumb\",\"itemListElement\":[{\"@type\":\"ListItem\",\"position\":1,\"name\":\"Portada\",\"item\":\"https:\/\/www.padreydecano.com\/cms\/\"},{\"@type\":\"ListItem\",\"position\":2,\"name\":\"Guruceaga a la Selecci\u00f3n y Frascarelli a Jardines\"}]},{\"@type\":\"WebSite\",\"@id\":\"https:\/\/www.padreydecano.com\/cms\/#website\",\"url\":\"https:\/\/www.padreydecano.com\/cms\/\",\"name\":\"Padre y Decano - El Sitio del Pueblo\",\"description\":\"Club Atl\u00e9tico Pe\u00f1arol\",\"publisher\":{\"@id\":\"https:\/\/www.padreydecano.com\/cms\/#organization\"},\"potentialAction\":[{\"@type\":\"SearchAction\",\"target\":{\"@type\":\"EntryPoint\",\"urlTemplate\":\"https:\/\/www.padreydecano.com\/cms\/?s={search_term_string}\"},\"query-input\":\"required name=search_term_string\"}],\"inLanguage\":\"es\"},{\"@type\":\"Organization\",\"@id\":\"https:\/\/www.padreydecano.com\/cms\/#organization\",\"name\":\"Padre y Decano\",\"url\":\"https:\/\/www.padreydecano.com\/cms\/\",\"logo\":{\"@type\":\"ImageObject\",\"inLanguage\":\"es\",\"@id\":\"https:\/\/www.padreydecano.com\/cms\/#\/schema\/logo\/image\/\",\"url\":\"https:\/\/www.padreydecano.com\/cms\/wp-content\/uploads\/2022\/01\/avatar-square.png\",\"contentUrl\":\"https:\/\/www.padreydecano.com\/cms\/wp-content\/uploads\/2022\/01\/avatar-square.png\",\"width\":1500,\"height\":1500,\"caption\":\"Padre y Decano\"},\"image\":{\"@id\":\"https:\/\/www.padreydecano.com\/cms\/#\/schema\/logo\/image\/\"}},{\"@type\":\"Person\",\"@id\":\"https:\/\/www.padreydecano.com\/cms\/#\/schema\/person\/d93e9e537230ae052c194251d9a1def2\",\"name\":\"Moderador\",\"image\":{\"@type\":\"ImageObject\",\"inLanguage\":\"es\",\"@id\":\"https:\/\/www.padreydecano.com\/cms\/#\/schema\/person\/image\/\",\"url\":\"https:\/\/secure.gravatar.com\/avatar\/2587727bf8a53bd3da4ec49f01bea66e?s=96&d=https%3A%2F%2Fpadreydecano.com%2Fcms%2Fwp-content%2Fthemes%2Fpyd-theme%2Fimg%2Fdefault-avatar.png&r=g\",\"contentUrl\":\"https:\/\/secure.gravatar.com\/avatar\/2587727bf8a53bd3da4ec49f01bea66e?s=96&d=https%3A%2F%2Fpadreydecano.com%2Fcms%2Fwp-content%2Fthemes%2Fpyd-theme%2Fimg%2Fdefault-avatar.png&r=g\",\"caption\":\"Moderador\"}}]}<\/script>\n<!-- \/ Yoast SEO plugin. -->","yoast_head_json":{"title":"Guruceaga a la Selecci\u00f3n y Frascarelli a Jardines - Padre y Decano - El Sitio del Pueblo","robots":{"index":"index","follow":"follow","max-snippet":"max-snippet:-1","max-image-preview":"max-image-preview:large","max-video-preview":"max-video-preview:-1"},"canonical":"https:\/\/www.padreydecano.com\/cms\/noticias\/guruceaga-a-la-seleccion-y-frascarelli-a-jardines\/","og_locale":"es_ES","og_type":"article","og_title":"Guruceaga a la Selecci\u00f3n y Frascarelli a Jardines - Padre y Decano - El Sitio del Pueblo","og_description":"La Asociaci\u00f3n Uruguaya de F\u00fatbol divulg\u00f3 la lista de convocados por \u00d3scar Washington Tab\u00e1rez para los partidos ante Venezuela (6 de octubre) y Colombia (11 de octubre) en el marco de las Eliminatorias para Rusia 2018. La principal novedad fue la convocatoria de Gast\u00f3n Guruceaga. De esta forma, nuestro arquero no estar\u00e1 disponible para el [&hellip;]","og_url":"https:\/\/www.padreydecano.com\/cms\/noticias\/guruceaga-a-la-seleccion-y-frascarelli-a-jardines\/","og_site_name":"Padre y Decano - El Sitio del Pueblo","article_published_time":"2016-09-28T16:49:08+00:00","article_modified_time":"2016-09-28T16:50:17+00:00","og_image":[{"width":500,"height":304,"url":"https:\/\/www.padreydecano.com\/cms\/wp-content\/uploads\/2016\/02\/Guruceaga.jpg","type":"image\/jpeg"}],"author":"Moderador","twitter_card":"summary_large_image","twitter_misc":{"Escrito por":"Moderador","Tiempo de lectura":"1 minuto"},"schema":{"@context":"https:\/\/schema.org","@graph":[{"@type":"Article","@id":"https:\/\/www.padreydecano.com\/cms\/noticias\/guruceaga-a-la-seleccion-y-frascarelli-a-jardines\/#article","isPartOf":{"@id":"https:\/\/www.padreydecano.com\/cms\/noticias\/guruceaga-a-la-seleccion-y-frascarelli-a-jardines\/"},"author":{"name":"Moderador","@id":"https:\/\/www.padreydecano.com\/cms\/#\/schema\/person\/d93e9e537230ae052c194251d9a1def2"},"headline":"Guruceaga a la Selecci\u00f3n y Frascarelli a Jardines","datePublished":"2016-09-28T16:49:08+00:00","dateModified":"2016-09-28T16:50:17+00:00","mainEntityOfPage":{"@id":"https:\/\/www.padreydecano.com\/cms\/noticias\/guruceaga-a-la-seleccion-y-frascarelli-a-jardines\/"},"wordCount":118,"commentCount":26,"publisher":{"@id":"https:\/\/www.padreydecano.com\/cms\/#organization"},"image":{"@id":"https:\/\/www.padreydecano.com\/cms\/noticias\/guruceaga-a-la-seleccion-y-frascarelli-a-jardines\/#primaryimage"},"thumbnailUrl":"https:\/\/www.padreydecano.com\/cms\/wp-content\/uploads\/2016\/02\/Guruceaga.jpg","keywords":["Selecci\u00f3n Uruguaya"],"articleSection":["Noticias"],"inLanguage":"es","potentialAction":[{"@type":"CommentAction","name":"Comment","target":["https:\/\/www.padreydecano.com\/cms\/noticias\/guruceaga-a-la-seleccion-y-frascarelli-a-jardines\/#respond"]}]},{"@type":"WebPage","@id":"https:\/\/www.padreydecano.com\/cms\/noticias\/guruceaga-a-la-seleccion-y-frascarelli-a-jardines\/","url":"https:\/\/www.padreydecano.com\/cms\/noticias\/guruceaga-a-la-seleccion-y-frascarelli-a-jardines\/","name":"Guruceaga a la Selecci\u00f3n y Frascarelli a Jardines - Padre y Decano - El Sitio del Pueblo","isPartOf":{"@id":"https:\/\/www.padreydecano.com\/cms\/#website"},"primaryImageOfPage":{"@id":"https:\/\/www.padreydecano.com\/cms\/noticias\/guruceaga-a-la-seleccion-y-frascarelli-a-jardines\/#primaryimage"},"image":{"@id":"https:\/\/www.padreydecano.com\/cms\/noticias\/guruceaga-a-la-seleccion-y-frascarelli-a-jardines\/#primaryimage"},"thumbnailUrl":"https:\/\/www.padreydecano.com\/cms\/wp-content\/uploads\/2016\/02\/Guruceaga.jpg","datePublished":"2016-09-28T16:49:08+00:00","dateModified":"2016-09-28T16:50:17+00:00","breadcrumb":{"@id":"https:\/\/www.padreydecano.com\/cms\/noticias\/guruceaga-a-la-seleccion-y-frascarelli-a-jardines\/#breadcrumb"},"inLanguage":"es","potentialAction":[{"@type":"ReadAction","target":["https:\/\/www.padreydecano.com\/cms\/noticias\/guruceaga-a-la-seleccion-y-frascarelli-a-jardines\/"]}]},{"@type":"ImageObject","inLanguage":"es","@id":"https:\/\/www.padreydecano.com\/cms\/noticias\/guruceaga-a-la-seleccion-y-frascarelli-a-jardines\/#primaryimage","url":"https:\/\/www.padreydecano.com\/cms\/wp-content\/uploads\/2016\/02\/Guruceaga.jpg","contentUrl":"https:\/\/www.padreydecano.com\/cms\/wp-content\/uploads\/2016\/02\/Guruceaga.jpg","width":500,"height":304},{"@type":"BreadcrumbList","@id":"https:\/\/www.padreydecano.com\/cms\/noticias\/guruceaga-a-la-seleccion-y-frascarelli-a-jardines\/#breadcrumb","itemListElement":[{"@type":"ListItem","position":1,"name":"Portada","item":"https:\/\/www.padreydecano.com\/cms\/"},{"@type":"ListItem","position":2,"name":"Guruceaga a la Selecci\u00f3n y Frascarelli a Jardines"}]},{"@type":"WebSite","@id":"https:\/\/www.padreydecano.com\/cms\/#website","url":"https:\/\/www.padreydecano.com\/cms\/","name":"Padre y Decano - El Sitio del Pueblo","description":"Club Atl\u00e9tico Pe\u00f1arol","publisher":{"@id":"https:\/\/www.padreydecano.com\/cms\/#organization"},"potentialAction":[{"@type":"SearchAction","target":{"@type":"EntryPoint","urlTemplate":"https:\/\/www.padreydecano.com\/cms\/?s={search_term_string}"},"query-input":"required name=search_term_string"}],"inLanguage":"es"},{"@type":"Organization","@id":"https:\/\/www.padreydecano.com\/cms\/#organization","name":"Padre y Decano","url":"https:\/\/www.padreydecano.com\/cms\/","logo":{"@type":"ImageObject","inLanguage":"es","@id":"https:\/\/www.padreydecano.com\/cms\/#\/schema\/logo\/image\/","url":"https:\/\/www.padreydecano.com\/cms\/wp-content\/uploads\/2022\/01\/avatar-square.png","contentUrl":"https:\/\/www.padreydecano.com\/cms\/wp-content\/uploads\/2022\/01\/avatar-square.png","width":1500,"height":1500,"caption":"Padre y Decano"},"image":{"@id":"https:\/\/www.padreydecano.com\/cms\/#\/schema\/logo\/image\/"}},{"@type":"Person","@id":"https:\/\/www.padreydecano.com\/cms\/#\/schema\/person\/d93e9e537230ae052c194251d9a1def2","name":"Moderador","image":{"@type":"ImageObject","inLanguage":"es","@id":"https:\/\/www.padreydecano.com\/cms\/#\/schema\/person\/image\/","url":"https:\/\/secure.gravatar.com\/avatar\/2587727bf8a53bd3da4ec49f01bea66e?s=96&d=https%3A%2F%2Fpadreydecano.com%2Fcms%2Fwp-content%2Fthemes%2Fpyd-theme%2Fimg%2Fdefault-avatar.png&r=g","contentUrl":"https:\/\/secure.gravatar.com\/avatar\/2587727bf8a53bd3da4ec49f01bea66e?s=96&d=https%3A%2F%2Fpadreydecano.com%2Fcms%2Fwp-content%2Fthemes%2Fpyd-theme%2Fimg%2Fdefault-avatar.png&r=g","caption":"Moderador"}}]}},"_links":{"self":[{"href":"https:\/\/www.padreydecano.com\/cms\/wp-json\/wp\/v2\/posts\/60608"}],"collection":[{"href":"https:\/\/www.padreydecano.com\/cms\/wp-json\/wp\/v2\/posts"}],"about":[{"href":"https:\/\/www.padreydecano.com\/cms\/wp-json\/wp\/v2\/types\/post"}],"author":[{"embeddable":true,"href":"https:\/\/www.padreydecano.com\/cms\/wp-json\/wp\/v2\/users\/13"}],"replies":[{"embeddable":true,"href":"https:\/\/www.padreydecano.com\/cms\/wp-json\/wp\/v2\/comments?post=60608"}],"version-history":[{"count":0,"href":"https:\/\/www.padreydecano.com\/cms\/wp-json\/wp\/v2\/posts\/60608\/revisions"}],"wp:featuredmedia":[{"embeddable":true,"href":"https:\/\/www.padreydecano.com\/cms\/wp-json\/wp\/v2\/media\/57021"}],"wp:attachment":[{"href":"https:\/\/www.padreydecano.com\/cms\/wp-json\/wp\/v2\/media?parent=60608"}],"wp:term":[{"taxonomy":"category","embeddable":true,"href":"https:\/\/www.padreydecano.com\/cms\/wp-json\/wp\/v2\/categories?post=60608"},{"taxonomy":"post_tag","embeddable":true,"href":"https:\/\/www.padreydecano.com\/cms\/wp-json\/wp\/v2\/tags?post=60608"}],"curies":[{"name":"wp","href":"https:\/\/api.w.org\/{rel}","templated":true}]}}