{"id":60155,"date":"2016-08-26T10:52:59","date_gmt":"2016-08-26T13:52:59","guid":{"rendered":"http:\/\/www.padreydecano.com\/cms\/?p=60155"},"modified":"2016-08-27T11:06:03","modified_gmt":"2016-08-27T14:06:03","slug":"da-silva-si-no-salis-campeon-es-un-fracaso","status":"publish","type":"post","link":"https:\/\/www.padreydecano.com\/cms\/entrevistas\/da-silva-si-no-salis-campeon-es-un-fracaso\/","title":{"rendered":"Da Silva: \u00abSi no sal\u00eds campe\u00f3n es un fracaso\u00bb"},"content":{"rendered":"<p style=\"text-align: justify;\"><a href=\"https:\/\/www.padreydecano.com\/cms\/wp-content\/uploads\/2016\/07\/Polilla-Da-Silvape\u00f1arol-deportivo-coru\u00f1a-liga-world2016-mariano-alvez-21.jpg\" rel=\"shadowbox[sbpost-60155];player=img;\"><img loading=\"lazy\" decoding=\"async\" class=\"aligncenter wp-image-59621\" src=\"https:\/\/www.padreydecano.com\/cms\/wp-content\/uploads\/2016\/07\/Polilla-Da-Silvape\u00f1arol-deportivo-coru\u00f1a-liga-world2016-mariano-alvez-21.jpg\" alt=\"Polilla-Da-Silvape\u00f1arol-deportivo-coru\u00f1a-liga-world2016-mariano-alvez-21\" width=\"620\" height=\"413\" srcset=\"https:\/\/www.padreydecano.com\/cms\/wp-content\/uploads\/2016\/07\/Polilla-Da-Silvape\u00f1arol-deportivo-coru\u00f1a-liga-world2016-mariano-alvez-21.jpg 900w, https:\/\/www.padreydecano.com\/cms\/wp-content\/uploads\/2016\/07\/Polilla-Da-Silvape\u00f1arol-deportivo-coru\u00f1a-liga-world2016-mariano-alvez-21-300x200.jpg 300w, https:\/\/www.padreydecano.com\/cms\/wp-content\/uploads\/2016\/07\/Polilla-Da-Silvape\u00f1arol-deportivo-coru\u00f1a-liga-world2016-mariano-alvez-21-768x511.jpg 768w\" sizes=\"(max-width: 620px) 100vw, 620px\" \/><\/a>Jorge Da Silva habl\u00f3 en conferencia de prensa previo al debut en el Campeonato Uruguayo Especial 2016 y coment\u00f3 que \u00ab(el comienzo) era algo que est\u00e1bamos esperando. Se hizo un poco prolongada la espera. Hace dos meses estamos sin competencia m\u00e1s all\u00e1 de que tuvimos la Sudamericana y esos partidos nos sirvieron para evaluar el equipo y ver d\u00f3nde estamos parados. Es un Torneo corto, diferente, no hay tiempo para recuperarse as\u00ed que hay que arrancar bien. Estamos bien, lo veo muy bien al grupo. Esta semana se trabaj\u00f3 muy bien por m\u00e1s que la semana pasada fue una semana complicada por la eliminaci\u00f3n de la Copa. El grupo est\u00e1 recuperado desde lo an\u00edmico y, desde lo futbol\u00edstico, los veo cada d\u00eda mejor, mejorando en el juego en detalles que son muy importantes. Llegamos con mucha ilusi\u00f3n y mucha confianza sabiendo que el f\u00fatbol en Uruguay se hace muy parejo y todos los equipos estudian bien, todos est\u00e1n ilusionados con el debut. Para Liverpool es importante arrancar con un grande pero estamos m\u00e1s preocupados en lo que podamos hacer nosotros.<\/p>\n<p style=\"text-align: justify;\"><span style=\"color: #ffcc00;\"><strong>Gast\u00f3n Rodr\u00edguez<\/strong><\/span>: \u00abMe enter\u00e9 ahora de ma\u00f1ana cuando llegu\u00e9 a Los Aromos. Siempre que llegan buenos jugadores son bienvenidos; el \u00fanico inconveniente es el momento en el que llega, pr\u00e1cticamente con el Campeonato iniciado. Vamos a ver c\u00f3mo est\u00e1, creo que ya demostr\u00f3 sus condiciones. Es uno de los goleadores del Campeonato anterior y ojal\u00e1 que se pueda poner r\u00e1pido a punto e integrarse al equipo. Seguramente est\u00e1 con unas ganas enormes de jugar, nosotros estamos contentos de tener a un jugador m\u00e1s\u00bb.<\/p>\n<p style=\"text-align: justify;\"><span style=\"color: #ffcc00;\"><strong>El equipo<\/strong><\/span>: \u00abPr\u00e1cticamente lo tengo confirmado. Quiero hablar con la sanidad por alg\u00fan detalle de ayer que alguno termin\u00f3 con una molestia como \u00c1valos, Tom\u00e1s (Costa) sali\u00f3 antes porque ven\u00eda cargado en la semana pero creo que no va haber problemas. El equipo ser\u00eda con Guruceaga; Rodales, Bressan, Perg y Maxi; Urruti, Costa, \u00c1ngel y Hern\u00e1n; \u00c1valos y Junior\u00bb.<\/p>\n<p style=\"text-align: justify;\"><span style=\"color: #ffcc00;\"><strong>Superpoblaci\u00f3n y falta de gol<\/strong><\/span>: \u00abNo me preocupa el tema de la falta de gol. Me preocupa la no-generaci\u00f3n de situaciones. En los dos partidos que jugamos, si bien hicimos un solo gol, creo que Pe\u00f1arol genero muchas situaciones de gol. Es cuesti\u00f3n de serenarse, de tener confianza porque Pe\u00f1arol tiene muchos jugadores con muchas posibilidades de ser goleadores; no es algo que me preocupe. Lo de Luque\u00f1o ac\u00e1 es muy dif\u00edcil que se repita; tuvimos 8-9 situaciones de gol claras y no pudimos convertir ninguna siendo el golero la figura del partido. La superpoblaci\u00f3n es muy relativa, en este partido no est\u00e1 Murillo y no est\u00e1 Dibble, quedamos con poco recambio para el domingo. Si est\u00e1n todos sanos seguramente alguno va a sobrar, eso depender\u00e1 del rendimiento de cada uno. El Campeonato tiene inconvenientes a lo largo de \u00e9l, es preferible que sobre y no que falte\u00bb.<\/p>\n<p style=\"text-align: justify;\"><span style=\"color: #ffcc00;\"><strong>Candidatos<\/strong><\/span>: \u00abCreo que Pe\u00f1arol siempre es candidato y protagonista. No es este a\u00f1o \u00fanicamente que Pe\u00f1arol ha tra\u00eddo jugadores. Han llegado 10-11 jugadores pero se han ido 13-14 jugadores; hay otros equipos que se han reforzado muy bien y pr\u00e1cticamente no se le han ido jugadores. Este equipo se desarm\u00f3, hemos tenido un mont\u00f3n de cambios. Pe\u00f1arol siempre es candidato, se arma para pelear los campeonatos. Ojal\u00e1 que estos jugadores tengan su mejor rendimiento, encontrar un funcionamiento colectivo que nos permita poder ganar cada uno de los encuentros y confirmar ese favoritismo. El Campeonato va a ser duro, parejo, se va a ir viendo con el correr del mismo. <strong>Es nuestra obligaci\u00f3n y si no sal\u00eds campe\u00f3n es un fracaso, eso est\u00e1 clar\u00edsimo<\/strong>\u00ab.<\/p>\n<p style=\"text-align: justify;\"><span style=\"color: #ffcc00;\"><strong>Hern\u00e1n, el \u00fanico enganche<\/strong><\/span>: \u00abTiene unas condiciones diferentes a la de los delanteros que tiene hoy Pe\u00f1arol, es un jugador que te puede generar juego en la mitad de la cancha, muy buen panorama de campo, desequilibrante en el uno contra uno, muy buen definidor. El tema de Hern\u00e1n es la continuidad que \u00e9l pueda tener en el partido y lo hemos hablado mucho con \u00e9l. Lleva m\u00e1s de dos a\u00f1os en Pe\u00f1arol y creo que en el semestre anterior es el que m\u00e1s ha tenido minutos. Muchas veces fue importante entrando en los segundos tiempos, ac\u00e1 el que se saca y se pone es el futbolista\u00bb.<\/p>\n","protected":false},"excerpt":{"rendered":"<p>Jorge Da Silva habl\u00f3 en conferencia de prensa previo al debut en el Campeonato Uruguayo Especial 2016 y coment\u00f3 que \u00ab(el comienzo) era algo que est\u00e1bamos esperando. Se hizo un poco prolongada la espera. Hace dos meses estamos sin competencia m\u00e1s all\u00e1 de que tuvimos la Sudamericana y esos partidos nos sirvieron para evaluar el [&hellip;]<\/p>\n","protected":false},"author":10,"featured_media":56528,"comment_status":"open","ping_status":"closed","sticky":false,"template":"","format":"standard","meta":{"footnotes":""},"categories":[30],"tags":[],"yoast_head":"<!-- This site is optimized with the Yoast SEO plugin v23.2 - https:\/\/yoast.com\/wordpress\/plugins\/seo\/ -->\n<title>Da Silva: &quot;Si no sal\u00eds campe\u00f3n es un fracaso&quot; - Padre y Decano - El Sitio del Pueblo<\/title>\n<meta name=\"robots\" content=\"index, follow, max-snippet:-1, max-image-preview:large, max-video-preview:-1\" \/>\n<link rel=\"canonical\" href=\"https:\/\/www.padreydecano.com\/cms\/entrevistas\/da-silva-si-no-salis-campeon-es-un-fracaso\/\" \/>\n<meta property=\"og:locale\" content=\"es_ES\" \/>\n<meta property=\"og:type\" content=\"article\" \/>\n<meta property=\"og:title\" content=\"Da Silva: &quot;Si no sal\u00eds campe\u00f3n es un fracaso&quot; - Padre y Decano - El Sitio del Pueblo\" \/>\n<meta property=\"og:description\" content=\"Jorge Da Silva habl\u00f3 en conferencia de prensa previo al debut en el Campeonato Uruguayo Especial 2016 y coment\u00f3 que \u00ab(el comienzo) era algo que est\u00e1bamos esperando. Se hizo un poco prolongada la espera. Hace dos meses estamos sin competencia m\u00e1s all\u00e1 de que tuvimos la Sudamericana y esos partidos nos sirvieron para evaluar el [&hellip;]\" \/>\n<meta property=\"og:url\" content=\"https:\/\/www.padreydecano.com\/cms\/entrevistas\/da-silva-si-no-salis-campeon-es-un-fracaso\/\" \/>\n<meta property=\"og:site_name\" content=\"Padre y Decano - El Sitio del Pueblo\" \/>\n<meta property=\"article:published_time\" content=\"2016-08-26T13:52:59+00:00\" \/>\n<meta property=\"article:modified_time\" content=\"2016-08-27T14:06:03+00:00\" \/>\n<meta property=\"og:image\" content=\"https:\/\/www.padreydecano.com\/cms\/wp-content\/uploads\/2016\/01\/jorge-orosman-polilla-da-silva-mariano-alvez-02.jpg\" \/>\n\t<meta property=\"og:image:width\" content=\"900\" \/>\n\t<meta property=\"og:image:height\" content=\"598\" \/>\n\t<meta property=\"og:image:type\" content=\"image\/jpeg\" \/>\n<meta name=\"author\" content=\"fishoapyd\" \/>\n<meta name=\"twitter:card\" content=\"summary_large_image\" \/>\n<meta name=\"twitter:label1\" content=\"Escrito por\" \/>\n\t<meta name=\"twitter:data1\" content=\"fishoapyd\" \/>\n\t<meta name=\"twitter:label2\" content=\"Tiempo de lectura\" \/>\n\t<meta name=\"twitter:data2\" content=\"4 minutos\" \/>\n<script type=\"application\/ld+json\" class=\"yoast-schema-graph\">{\"@context\":\"https:\/\/schema.org\",\"@graph\":[{\"@type\":\"Article\",\"@id\":\"https:\/\/www.padreydecano.com\/cms\/entrevistas\/da-silva-si-no-salis-campeon-es-un-fracaso\/#article\",\"isPartOf\":{\"@id\":\"https:\/\/www.padreydecano.com\/cms\/entrevistas\/da-silva-si-no-salis-campeon-es-un-fracaso\/\"},\"author\":{\"name\":\"fishoapyd\",\"@id\":\"https:\/\/www.padreydecano.com\/cms\/#\/schema\/person\/1376f1ec91158cca7aeef6d2109f929d\"},\"headline\":\"Da Silva: \u00abSi no sal\u00eds campe\u00f3n es un fracaso\u00bb\",\"datePublished\":\"2016-08-26T13:52:59+00:00\",\"dateModified\":\"2016-08-27T14:06:03+00:00\",\"mainEntityOfPage\":{\"@id\":\"https:\/\/www.padreydecano.com\/cms\/entrevistas\/da-silva-si-no-salis-campeon-es-un-fracaso\/\"},\"wordCount\":762,\"commentCount\":33,\"publisher\":{\"@id\":\"https:\/\/www.padreydecano.com\/cms\/#organization\"},\"image\":{\"@id\":\"https:\/\/www.padreydecano.com\/cms\/entrevistas\/da-silva-si-no-salis-campeon-es-un-fracaso\/#primaryimage\"},\"thumbnailUrl\":\"https:\/\/www.padreydecano.com\/cms\/wp-content\/uploads\/2016\/01\/jorge-orosman-polilla-da-silva-mariano-alvez-02.jpg\",\"articleSection\":[\"Entrevistas\"],\"inLanguage\":\"es\",\"potentialAction\":[{\"@type\":\"CommentAction\",\"name\":\"Comment\",\"target\":[\"https:\/\/www.padreydecano.com\/cms\/entrevistas\/da-silva-si-no-salis-campeon-es-un-fracaso\/#respond\"]}]},{\"@type\":\"WebPage\",\"@id\":\"https:\/\/www.padreydecano.com\/cms\/entrevistas\/da-silva-si-no-salis-campeon-es-un-fracaso\/\",\"url\":\"https:\/\/www.padreydecano.com\/cms\/entrevistas\/da-silva-si-no-salis-campeon-es-un-fracaso\/\",\"name\":\"Da Silva: \\\"Si no sal\u00eds campe\u00f3n es un fracaso\\\" - Padre y Decano - El Sitio del Pueblo\",\"isPartOf\":{\"@id\":\"https:\/\/www.padreydecano.com\/cms\/#website\"},\"primaryImageOfPage\":{\"@id\":\"https:\/\/www.padreydecano.com\/cms\/entrevistas\/da-silva-si-no-salis-campeon-es-un-fracaso\/#primaryimage\"},\"image\":{\"@id\":\"https:\/\/www.padreydecano.com\/cms\/entrevistas\/da-silva-si-no-salis-campeon-es-un-fracaso\/#primaryimage\"},\"thumbnailUrl\":\"https:\/\/www.padreydecano.com\/cms\/wp-content\/uploads\/2016\/01\/jorge-orosman-polilla-da-silva-mariano-alvez-02.jpg\",\"datePublished\":\"2016-08-26T13:52:59+00:00\",\"dateModified\":\"2016-08-27T14:06:03+00:00\",\"breadcrumb\":{\"@id\":\"https:\/\/www.padreydecano.com\/cms\/entrevistas\/da-silva-si-no-salis-campeon-es-un-fracaso\/#breadcrumb\"},\"inLanguage\":\"es\",\"potentialAction\":[{\"@type\":\"ReadAction\",\"target\":[\"https:\/\/www.padreydecano.com\/cms\/entrevistas\/da-silva-si-no-salis-campeon-es-un-fracaso\/\"]}]},{\"@type\":\"ImageObject\",\"inLanguage\":\"es\",\"@id\":\"https:\/\/www.padreydecano.com\/cms\/entrevistas\/da-silva-si-no-salis-campeon-es-un-fracaso\/#primaryimage\",\"url\":\"https:\/\/www.padreydecano.com\/cms\/wp-content\/uploads\/2016\/01\/jorge-orosman-polilla-da-silva-mariano-alvez-02.jpg\",\"contentUrl\":\"https:\/\/www.padreydecano.com\/cms\/wp-content\/uploads\/2016\/01\/jorge-orosman-polilla-da-silva-mariano-alvez-02.jpg\",\"width\":900,\"height\":598},{\"@type\":\"BreadcrumbList\",\"@id\":\"https:\/\/www.padreydecano.com\/cms\/entrevistas\/da-silva-si-no-salis-campeon-es-un-fracaso\/#breadcrumb\",\"itemListElement\":[{\"@type\":\"ListItem\",\"position\":1,\"name\":\"Portada\",\"item\":\"https:\/\/www.padreydecano.com\/cms\/\"},{\"@type\":\"ListItem\",\"position\":2,\"name\":\"Da Silva: \u00abSi no sal\u00eds campe\u00f3n es un fracaso\u00bb\"}]},{\"@type\":\"WebSite\",\"@id\":\"https:\/\/www.padreydecano.com\/cms\/#website\",\"url\":\"https:\/\/www.padreydecano.com\/cms\/\",\"name\":\"Padre y Decano - El Sitio del Pueblo\",\"description\":\"Club Atl\u00e9tico Pe\u00f1arol\",\"publisher\":{\"@id\":\"https:\/\/www.padreydecano.com\/cms\/#organization\"},\"potentialAction\":[{\"@type\":\"SearchAction\",\"target\":{\"@type\":\"EntryPoint\",\"urlTemplate\":\"https:\/\/www.padreydecano.com\/cms\/?s={search_term_string}\"},\"query-input\":\"required name=search_term_string\"}],\"inLanguage\":\"es\"},{\"@type\":\"Organization\",\"@id\":\"https:\/\/www.padreydecano.com\/cms\/#organization\",\"name\":\"Padre y Decano\",\"url\":\"https:\/\/www.padreydecano.com\/cms\/\",\"logo\":{\"@type\":\"ImageObject\",\"inLanguage\":\"es\",\"@id\":\"https:\/\/www.padreydecano.com\/cms\/#\/schema\/logo\/image\/\",\"url\":\"https:\/\/www.padreydecano.com\/cms\/wp-content\/uploads\/2022\/01\/avatar-square.png\",\"contentUrl\":\"https:\/\/www.padreydecano.com\/cms\/wp-content\/uploads\/2022\/01\/avatar-square.png\",\"width\":1500,\"height\":1500,\"caption\":\"Padre y Decano\"},\"image\":{\"@id\":\"https:\/\/www.padreydecano.com\/cms\/#\/schema\/logo\/image\/\"}},{\"@type\":\"Person\",\"@id\":\"https:\/\/www.padreydecano.com\/cms\/#\/schema\/person\/1376f1ec91158cca7aeef6d2109f929d\",\"name\":\"fishoapyd\",\"image\":{\"@type\":\"ImageObject\",\"inLanguage\":\"es\",\"@id\":\"https:\/\/www.padreydecano.com\/cms\/#\/schema\/person\/image\/\",\"url\":\"https:\/\/www.padreydecano.com\/cms\/wp-content\/uploads\/2022\/12\/avatar-square-1.png\",\"contentUrl\":\"https:\/\/www.padreydecano.com\/cms\/wp-content\/uploads\/2022\/12\/avatar-square-1.png\",\"caption\":\"fishoapyd\"},\"sameAs\":[\"http:\/\/www.padreydecano.com\"]}]}<\/script>\n<!-- \/ Yoast SEO plugin. -->","yoast_head_json":{"title":"Da Silva: \"Si no sal\u00eds campe\u00f3n es un fracaso\" - Padre y Decano - El Sitio del Pueblo","robots":{"index":"index","follow":"follow","max-snippet":"max-snippet:-1","max-image-preview":"max-image-preview:large","max-video-preview":"max-video-preview:-1"},"canonical":"https:\/\/www.padreydecano.com\/cms\/entrevistas\/da-silva-si-no-salis-campeon-es-un-fracaso\/","og_locale":"es_ES","og_type":"article","og_title":"Da Silva: \"Si no sal\u00eds campe\u00f3n es un fracaso\" - Padre y Decano - El Sitio del Pueblo","og_description":"Jorge Da Silva habl\u00f3 en conferencia de prensa previo al debut en el Campeonato Uruguayo Especial 2016 y coment\u00f3 que \u00ab(el comienzo) era algo que est\u00e1bamos esperando. Se hizo un poco prolongada la espera. Hace dos meses estamos sin competencia m\u00e1s all\u00e1 de que tuvimos la Sudamericana y esos partidos nos sirvieron para evaluar el [&hellip;]","og_url":"https:\/\/www.padreydecano.com\/cms\/entrevistas\/da-silva-si-no-salis-campeon-es-un-fracaso\/","og_site_name":"Padre y Decano - El Sitio del Pueblo","article_published_time":"2016-08-26T13:52:59+00:00","article_modified_time":"2016-08-27T14:06:03+00:00","og_image":[{"width":900,"height":598,"url":"https:\/\/www.padreydecano.com\/cms\/wp-content\/uploads\/2016\/01\/jorge-orosman-polilla-da-silva-mariano-alvez-02.jpg","type":"image\/jpeg"}],"author":"fishoapyd","twitter_card":"summary_large_image","twitter_misc":{"Escrito por":"fishoapyd","Tiempo de lectura":"4 minutos"},"schema":{"@context":"https:\/\/schema.org","@graph":[{"@type":"Article","@id":"https:\/\/www.padreydecano.com\/cms\/entrevistas\/da-silva-si-no-salis-campeon-es-un-fracaso\/#article","isPartOf":{"@id":"https:\/\/www.padreydecano.com\/cms\/entrevistas\/da-silva-si-no-salis-campeon-es-un-fracaso\/"},"author":{"name":"fishoapyd","@id":"https:\/\/www.padreydecano.com\/cms\/#\/schema\/person\/1376f1ec91158cca7aeef6d2109f929d"},"headline":"Da Silva: \u00abSi no sal\u00eds campe\u00f3n es un fracaso\u00bb","datePublished":"2016-08-26T13:52:59+00:00","dateModified":"2016-08-27T14:06:03+00:00","mainEntityOfPage":{"@id":"https:\/\/www.padreydecano.com\/cms\/entrevistas\/da-silva-si-no-salis-campeon-es-un-fracaso\/"},"wordCount":762,"commentCount":33,"publisher":{"@id":"https:\/\/www.padreydecano.com\/cms\/#organization"},"image":{"@id":"https:\/\/www.padreydecano.com\/cms\/entrevistas\/da-silva-si-no-salis-campeon-es-un-fracaso\/#primaryimage"},"thumbnailUrl":"https:\/\/www.padreydecano.com\/cms\/wp-content\/uploads\/2016\/01\/jorge-orosman-polilla-da-silva-mariano-alvez-02.jpg","articleSection":["Entrevistas"],"inLanguage":"es","potentialAction":[{"@type":"CommentAction","name":"Comment","target":["https:\/\/www.padreydecano.com\/cms\/entrevistas\/da-silva-si-no-salis-campeon-es-un-fracaso\/#respond"]}]},{"@type":"WebPage","@id":"https:\/\/www.padreydecano.com\/cms\/entrevistas\/da-silva-si-no-salis-campeon-es-un-fracaso\/","url":"https:\/\/www.padreydecano.com\/cms\/entrevistas\/da-silva-si-no-salis-campeon-es-un-fracaso\/","name":"Da Silva: \"Si no sal\u00eds campe\u00f3n es un fracaso\" - Padre y Decano - El Sitio del Pueblo","isPartOf":{"@id":"https:\/\/www.padreydecano.com\/cms\/#website"},"primaryImageOfPage":{"@id":"https:\/\/www.padreydecano.com\/cms\/entrevistas\/da-silva-si-no-salis-campeon-es-un-fracaso\/#primaryimage"},"image":{"@id":"https:\/\/www.padreydecano.com\/cms\/entrevistas\/da-silva-si-no-salis-campeon-es-un-fracaso\/#primaryimage"},"thumbnailUrl":"https:\/\/www.padreydecano.com\/cms\/wp-content\/uploads\/2016\/01\/jorge-orosman-polilla-da-silva-mariano-alvez-02.jpg","datePublished":"2016-08-26T13:52:59+00:00","dateModified":"2016-08-27T14:06:03+00:00","breadcrumb":{"@id":"https:\/\/www.padreydecano.com\/cms\/entrevistas\/da-silva-si-no-salis-campeon-es-un-fracaso\/#breadcrumb"},"inLanguage":"es","potentialAction":[{"@type":"ReadAction","target":["https:\/\/www.padreydecano.com\/cms\/entrevistas\/da-silva-si-no-salis-campeon-es-un-fracaso\/"]}]},{"@type":"ImageObject","inLanguage":"es","@id":"https:\/\/www.padreydecano.com\/cms\/entrevistas\/da-silva-si-no-salis-campeon-es-un-fracaso\/#primaryimage","url":"https:\/\/www.padreydecano.com\/cms\/wp-content\/uploads\/2016\/01\/jorge-orosman-polilla-da-silva-mariano-alvez-02.jpg","contentUrl":"https:\/\/www.padreydecano.com\/cms\/wp-content\/uploads\/2016\/01\/jorge-orosman-polilla-da-silva-mariano-alvez-02.jpg","width":900,"height":598},{"@type":"BreadcrumbList","@id":"https:\/\/www.padreydecano.com\/cms\/entrevistas\/da-silva-si-no-salis-campeon-es-un-fracaso\/#breadcrumb","itemListElement":[{"@type":"ListItem","position":1,"name":"Portada","item":"https:\/\/www.padreydecano.com\/cms\/"},{"@type":"ListItem","position":2,"name":"Da Silva: \u00abSi no sal\u00eds campe\u00f3n es un fracaso\u00bb"}]},{"@type":"WebSite","@id":"https:\/\/www.padreydecano.com\/cms\/#website","url":"https:\/\/www.padreydecano.com\/cms\/","name":"Padre y Decano - El Sitio del Pueblo","description":"Club Atl\u00e9tico Pe\u00f1arol","publisher":{"@id":"https:\/\/www.padreydecano.com\/cms\/#organization"},"potentialAction":[{"@type":"SearchAction","target":{"@type":"EntryPoint","urlTemplate":"https:\/\/www.padreydecano.com\/cms\/?s={search_term_string}"},"query-input":"required name=search_term_string"}],"inLanguage":"es"},{"@type":"Organization","@id":"https:\/\/www.padreydecano.com\/cms\/#organization","name":"Padre y Decano","url":"https:\/\/www.padreydecano.com\/cms\/","logo":{"@type":"ImageObject","inLanguage":"es","@id":"https:\/\/www.padreydecano.com\/cms\/#\/schema\/logo\/image\/","url":"https:\/\/www.padreydecano.com\/cms\/wp-content\/uploads\/2022\/01\/avatar-square.png","contentUrl":"https:\/\/www.padreydecano.com\/cms\/wp-content\/uploads\/2022\/01\/avatar-square.png","width":1500,"height":1500,"caption":"Padre y Decano"},"image":{"@id":"https:\/\/www.padreydecano.com\/cms\/#\/schema\/logo\/image\/"}},{"@type":"Person","@id":"https:\/\/www.padreydecano.com\/cms\/#\/schema\/person\/1376f1ec91158cca7aeef6d2109f929d","name":"fishoapyd","image":{"@type":"ImageObject","inLanguage":"es","@id":"https:\/\/www.padreydecano.com\/cms\/#\/schema\/person\/image\/","url":"https:\/\/www.padreydecano.com\/cms\/wp-content\/uploads\/2022\/12\/avatar-square-1.png","contentUrl":"https:\/\/www.padreydecano.com\/cms\/wp-content\/uploads\/2022\/12\/avatar-square-1.png","caption":"fishoapyd"},"sameAs":["http:\/\/www.padreydecano.com"]}]}},"_links":{"self":[{"href":"https:\/\/www.padreydecano.com\/cms\/wp-json\/wp\/v2\/posts\/60155"}],"collection":[{"href":"https:\/\/www.padreydecano.com\/cms\/wp-json\/wp\/v2\/posts"}],"about":[{"href":"https:\/\/www.padreydecano.com\/cms\/wp-json\/wp\/v2\/types\/post"}],"author":[{"embeddable":true,"href":"https:\/\/www.padreydecano.com\/cms\/wp-json\/wp\/v2\/users\/10"}],"replies":[{"embeddable":true,"href":"https:\/\/www.padreydecano.com\/cms\/wp-json\/wp\/v2\/comments?post=60155"}],"version-history":[{"count":0,"href":"https:\/\/www.padreydecano.com\/cms\/wp-json\/wp\/v2\/posts\/60155\/revisions"}],"wp:featuredmedia":[{"embeddable":true,"href":"https:\/\/www.padreydecano.com\/cms\/wp-json\/wp\/v2\/media\/56528"}],"wp:attachment":[{"href":"https:\/\/www.padreydecano.com\/cms\/wp-json\/wp\/v2\/media?parent=60155"}],"wp:term":[{"taxonomy":"category","embeddable":true,"href":"https:\/\/www.padreydecano.com\/cms\/wp-json\/wp\/v2\/categories?post=60155"},{"taxonomy":"post_tag","embeddable":true,"href":"https:\/\/www.padreydecano.com\/cms\/wp-json\/wp\/v2\/tags?post=60155"}],"curies":[{"name":"wp","href":"https:\/\/api.w.org\/{rel}","templated":true}]}}