{"id":60121,"date":"2016-08-23T11:21:24","date_gmt":"2016-08-23T14:21:24","guid":{"rendered":"http:\/\/www.padreydecano.com\/cms\/?p=60121"},"modified":"2016-08-23T11:21:24","modified_gmt":"2016-08-23T14:21:24","slug":"jorge-da-silva-no-nos-podemos-quedar-en-el-lamento","status":"publish","type":"post","link":"https:\/\/www.padreydecano.com\/cms\/entrevistas\/jorge-da-silva-no-nos-podemos-quedar-en-el-lamento\/","title":{"rendered":"Jorge Da Silva: \u201cNo nos podemos quedar en el lamento\u201d"},"content":{"rendered":"<p style=\"text-align: justify;\"><a href=\"https:\/\/www.padreydecano.com\/cms\/wp-content\/uploads\/2016\/05\/Da-Silva-campeon-del-siglo.jpg\" rel=\"shadowbox[sbpost-60121];player=img;\"><img loading=\"lazy\" decoding=\"async\" class=\"aligncenter  wp-image-58638\" src=\"https:\/\/www.padreydecano.com\/cms\/wp-content\/uploads\/2016\/05\/Da-Silva-campeon-del-siglo.jpg\" alt=\"Da-Silva-campeon-del-siglo\" width=\"620\" height=\"414\" srcset=\"https:\/\/www.padreydecano.com\/cms\/wp-content\/uploads\/2016\/05\/Da-Silva-campeon-del-siglo.jpg 900w, https:\/\/www.padreydecano.com\/cms\/wp-content\/uploads\/2016\/05\/Da-Silva-campeon-del-siglo-300x200.jpg 300w, https:\/\/www.padreydecano.com\/cms\/wp-content\/uploads\/2016\/05\/Da-Silva-campeon-del-siglo-768x513.jpg 768w\" sizes=\"(max-width: 620px) 100vw, 620px\" \/><\/a><\/p>\n<p style=\"text-align: justify;\"><strong>El entrenador de Pe\u00f1arol habl\u00f3 en conferencia de prensa tras haberse conocido el rival para el debut por el campeonato local. Jorge Da Silva analiz\u00f3 el fixture y repas\u00f3 la actualidad del plantel aurinegro, dejando algunas frases que llamaron la atenci\u00f3n.<\/strong><\/p>\n<p style=\"text-align: justify;\"><span style=\"color: #ffcc02;\"><strong>Sorteo del fixture:<\/strong><\/span> \u201cM\u00e1s all\u00e1 de que uno sabe que en alg\u00fan momento te ten\u00e9s que cruzar con todos los rivales y que para ser campe\u00f3n le ten\u00e9s que ganar a la mayor\u00eda, siempre es bueno arrancar jugando de local. En cuanto al rival, Liverpool es complicado, se ha reforzado, ya no tiene la presi\u00f3n del semestre anterior con el descenso, aunque en este campeonato tambi\u00e9n hay descenso y son pocos partidos\u201d.<\/p>\n<p style=\"text-align: justify;\"><span style=\"color: #ffcc02;\"><strong>Sanidad:<\/strong> <\/span>\u201cPor suerte ayer la gran mayor\u00eda pudo trabajar con normalidad. Hay algunos que todav\u00eda est\u00e1n al margen del trabajo grupal como Murillo y Alex Silva. El resto trabaja normal con el grupo y pensamos que no van a tener ning\u00fan problema. Estos dos jugadores seguramente habr\u00e1 que esperarlos m\u00e1s tiempo, se est\u00e1n evaluando d\u00eda a d\u00eda. El m\u00e1s complicado es Alex porque no ha entrenado desde el partido con Luque\u00f1o. Con el resto no habr\u00e1 inconvenientes y van a estar todos a la orden. Tambi\u00e9n vamos a tener dos suspendidos, que son Dibble y Nahitan\u201d.<\/p>\n<p style=\"text-align: justify;\"><span style=\"color: #ffcc02;\"><strong>\u00c1ngel Rodr\u00edguez:<\/strong><\/span> \u201cAyer trabaj\u00f3 por primera vez con la m\u00e1scara. L\u00f3gicamente que no se sent\u00eda muy c\u00f3modo porque al tener un objeto extra\u00f1o en la cara ya no es lo mismo. Creemos que no va a tener problemas. Si es por \u00e9l juega sin mascara. Esto es por precauci\u00f3n y por lo que aconsejan los m\u00e9dicos\u201d.<\/p>\n<p style=\"text-align: justify;\"><span style=\"color: #ffcc02;\"><strong>Estado an\u00edmico del plantel:<\/strong><\/span> \u201cLa recuperaci\u00f3n ha sido buena. Por supuesto que fueron d\u00edas dif\u00edciles post eliminaci\u00f3n de copa. El grupo lo sinti\u00f3 mucho porque estaba muy ilusionado pero son conscientes de que esto contin\u00faa y no nos podemos quedar en el lamento. El fin de semana arranca el torneo y Pe\u00f1arol tiene que ser protagonista. Est\u00e1 la ilusi\u00f3n de ser campe\u00f3n nuevamente\u201d.<\/p>\n<p style=\"text-align: justify;\"><span style=\"color: #ffcc02;\"><strong>La oncena para el torneo:<\/strong><\/span> \u201cAl equipo uno m\u00e1s o menos lo tiene. Despu\u00e9s semana tras semana y partido tras partido a veces te va obligando a tener alguna modificaci\u00f3n, pero el equipo uno m\u00e1s o menos lo tiene. El rendimiento y las circunstancias llevan a hacer modificaciones. Yo no tengo muchas dudas. Simplemente como todos saben, este plantel se fue armando sobre los trabajos. Como dije el otro d\u00eda en el partido con Luque\u00f1o, \u00c1valos y Junior no hab\u00edan practicado un solo d\u00eda juntos. Eso no era lo que uno esperaba pero se fue dando as\u00ed. Yo creo que el equipo va a ir mejorando en todos los aspectos. Yo ya lo tengo en mi cabeza\u201d.<\/p>\n<p style=\"text-align: justify;\"><span style=\"color: #ffcc02;\"><strong>Maximiliano Perg:<\/strong><\/span> \u201cHablamos con \u00e9l como con muchos jugadores. Lo bueno para \u00e9l fue que tuvo un respaldo muy grande de todos, nosotros, compa\u00f1eros, dirigentes. Hab\u00eda hecho un muy buen partido y tuvo una fatalidad que nos cuesta el gol y la eliminaci\u00f3n. Yo lo vi muy bien ya, est\u00e1 con mucha confianza, es un jugador joven y tiene que seguir creciendo. Errores cometemos todos. Como siempre decimos, cuando ganamos, ganamos todos y cuando perdemos, perdemos todos. No hay ning\u00fan responsable directo. Tiene toda la confianza del grupo\u201d.<\/p>\n<p style=\"text-align: justify;\"><span style=\"color: #ffcc02;\"><strong>Declaraciones de dirigentes:<\/strong><\/span> \u201cA m\u00ed no me afecta en nada. Creo que el tiempo que llevo en Pe\u00f1arol me ha permitido conocer c\u00f3mo es el mundo Pe\u00f1arol y quiz\u00e1s en Pe\u00f1arol sea normal que cuando hay una derrota o los resultados no son los que pretendemos siempre hay gente dentro de Pe\u00f1arol que quiere aprovechar la situaci\u00f3n y lamentablemente lo \u00fanico que trata es de buscar un beneficio personal. Lo tomo como de quien viene, no me afecta para nada. Habl\u00e9 con el presidente, yo estaba muy dolido porque est\u00e1bamos muy ilusionados, y era un desaf\u00edo lindo para nosotros. Yo creo que si hubi\u00e9semos pasado, este equipo podr\u00eda haber llegado muy lejos. Incre\u00edblemente estamos afuera pero el equipo se iba a fortalecer much\u00edsimo y mejorar futbol\u00edsticamente. S\u00e9 muy bien d\u00f3nde estamos y qu\u00e9 es lo que queremos. Ahora tenemos como \u00fanico objetivo salir campe\u00f3n. Despu\u00e9s de diciembre analizaremos qu\u00e9 pasa\u201d.<\/p>\n<p style=\"text-align: justify;\"><span style=\"color: #ffcc02;\"><strong>Gast\u00f3n Rodr\u00edguez:<\/strong><\/span> \u201cHa sido el tema del periodo de pases. Yo nunca descarto la posibilidad de que alg\u00fan jugador m\u00e1s pueda llegar y puntualmente en el caso de \u00e9l s\u00e9 que hubo conversaciones durante este tiempo, en alg\u00fan momento se estuvo m\u00e1s cerca y en otros se enfri\u00f3. Hoy no s\u00e9 cu\u00e1l es la situaci\u00f3n. Si se da su llegada bienvenido sea. Creo que todo este tiempo a \u00e9l no le ha favorecido. Habr\u00eda que ver en qu\u00e9 condiciones est\u00e1. Es un gran jugador y fue uno de los goleadores. Si viene, b\u00e1rbaro\u201d.<\/p>\n<p style=\"text-align: justify;\"><span style=\"color: #ffcc02;\"><strong>Liverpool:<\/strong><\/span> \u201cEs un rival muy duro, m\u00e1s teniendo en cuenta que tienen a Mario, un t\u00e9cnico que conoce muy bien lo que es Pe\u00f1arol. No hemos visto a Liverpool en ese \u00faltimo tiempo, ha tenido varias incorporaciones, algunos ex Pe\u00f1arol, que para ellos ser\u00e1 un partido muy especial. Nosotros nos preparamos para enfrentar a un rival muy duro y tratando de encontrar el juego para vulnerar los obst\u00e1culos que nos presente\u201d.<\/p>\n<p style=\"text-align: justify;\"><span style=\"color: #ffcc02;\"><strong>Nahitan Nandez:<\/strong><\/span> \u201cHab\u00eda alguna otra posibilidad de que se fuera. No s\u00e9 c\u00f3mo est\u00e1 el tema, s\u00e9 que no estaba cerrado para que se quedara. Era uno de los jugadores que desde un principio sab\u00edamos que se pod\u00eda ir y Pe\u00f1arol se reforz\u00f3 en esa posici\u00f3n, estamos bien cubiertos. Si se diera lo de Nahitan ser\u00eda muy bueno para \u00e9l, y si es algo bueno para el club es mucho mejor. No lo tengo definido pero est\u00e1 lo factible de que pueda irse\u201d.<\/p>\n<p style=\"text-align: justify;\"><span style=\"color: #ffcc02;\"><strong>Gast\u00f3n Guruceaga:<\/strong><\/span> \u201cPor lo que he hablado con el presidente, el momento de su transferencia pas\u00f3, o si se diera seguramente no ser\u00eda para ahora. Si se fuera ahora nos dejar\u00eda muy mal parados porque nos quedar\u00edamos con un solo arquero con experiencia. Adem\u00e1s Thiago Cardozo est\u00e1 operado. Hoy no tenemos posibilidad de recambio. Lo de Gast\u00f3n lo veo muy dif\u00edcil\u201d.<\/p>\n","protected":false},"excerpt":{"rendered":"<p>El entrenador de Pe\u00f1arol habl\u00f3 en conferencia de prensa tras haberse conocido el rival para el debut por el campeonato local. Jorge Da Silva analiz\u00f3 el fixture y repas\u00f3 la actualidad del plantel aurinegro, dejando algunas frases que llamaron la atenci\u00f3n. Sorteo del fixture: \u201cM\u00e1s all\u00e1 de que uno sabe que en alg\u00fan momento te [&hellip;]<\/p>\n","protected":false},"author":13,"featured_media":56559,"comment_status":"open","ping_status":"closed","sticky":false,"template":"","format":"standard","meta":{"footnotes":""},"categories":[30],"tags":[],"yoast_head":"<!-- This site is optimized with the Yoast SEO plugin v23.2 - https:\/\/yoast.com\/wordpress\/plugins\/seo\/ -->\n<title>Jorge Da Silva: \u201cNo nos podemos quedar en el lamento\u201d - Padre y Decano - El Sitio del Pueblo<\/title>\n<meta name=\"robots\" content=\"index, follow, max-snippet:-1, max-image-preview:large, max-video-preview:-1\" \/>\n<link rel=\"canonical\" href=\"https:\/\/www.padreydecano.com\/cms\/entrevistas\/jorge-da-silva-no-nos-podemos-quedar-en-el-lamento\/\" \/>\n<meta property=\"og:locale\" content=\"es_ES\" \/>\n<meta property=\"og:type\" content=\"article\" \/>\n<meta property=\"og:title\" content=\"Jorge Da Silva: \u201cNo nos podemos quedar en el lamento\u201d - Padre y Decano - El Sitio del Pueblo\" \/>\n<meta property=\"og:description\" content=\"El entrenador de Pe\u00f1arol habl\u00f3 en conferencia de prensa tras haberse conocido el rival para el debut por el campeonato local. Jorge Da Silva analiz\u00f3 el fixture y repas\u00f3 la actualidad del plantel aurinegro, dejando algunas frases que llamaron la atenci\u00f3n. Sorteo del fixture: \u201cM\u00e1s all\u00e1 de que uno sabe que en alg\u00fan momento te [&hellip;]\" \/>\n<meta property=\"og:url\" content=\"https:\/\/www.padreydecano.com\/cms\/entrevistas\/jorge-da-silva-no-nos-podemos-quedar-en-el-lamento\/\" \/>\n<meta property=\"og:site_name\" content=\"Padre y Decano - El Sitio del Pueblo\" \/>\n<meta property=\"article:published_time\" content=\"2016-08-23T14:21:24+00:00\" \/>\n<meta property=\"og:image\" content=\"https:\/\/www.padreydecano.com\/cms\/wp-content\/uploads\/2016\/01\/Da-Silva-7.jpg\" \/>\n\t<meta property=\"og:image:width\" content=\"900\" \/>\n\t<meta property=\"og:image:height\" content=\"600\" \/>\n\t<meta property=\"og:image:type\" content=\"image\/jpeg\" \/>\n<meta name=\"author\" content=\"Moderador\" \/>\n<meta name=\"twitter:card\" content=\"summary_large_image\" \/>\n<meta name=\"twitter:label1\" content=\"Escrito por\" \/>\n\t<meta name=\"twitter:data1\" content=\"Moderador\" \/>\n\t<meta name=\"twitter:label2\" content=\"Tiempo de lectura\" \/>\n\t<meta name=\"twitter:data2\" content=\"5 minutos\" \/>\n<script type=\"application\/ld+json\" class=\"yoast-schema-graph\">{\"@context\":\"https:\/\/schema.org\",\"@graph\":[{\"@type\":\"Article\",\"@id\":\"https:\/\/www.padreydecano.com\/cms\/entrevistas\/jorge-da-silva-no-nos-podemos-quedar-en-el-lamento\/#article\",\"isPartOf\":{\"@id\":\"https:\/\/www.padreydecano.com\/cms\/entrevistas\/jorge-da-silva-no-nos-podemos-quedar-en-el-lamento\/\"},\"author\":{\"name\":\"Moderador\",\"@id\":\"https:\/\/www.padreydecano.com\/cms\/#\/schema\/person\/d93e9e537230ae052c194251d9a1def2\"},\"headline\":\"Jorge Da Silva: \u201cNo nos podemos quedar en el lamento\u201d\",\"datePublished\":\"2016-08-23T14:21:24+00:00\",\"dateModified\":\"2016-08-23T14:21:24+00:00\",\"mainEntityOfPage\":{\"@id\":\"https:\/\/www.padreydecano.com\/cms\/entrevistas\/jorge-da-silva-no-nos-podemos-quedar-en-el-lamento\/\"},\"wordCount\":1097,\"commentCount\":24,\"publisher\":{\"@id\":\"https:\/\/www.padreydecano.com\/cms\/#organization\"},\"image\":{\"@id\":\"https:\/\/www.padreydecano.com\/cms\/entrevistas\/jorge-da-silva-no-nos-podemos-quedar-en-el-lamento\/#primaryimage\"},\"thumbnailUrl\":\"https:\/\/www.padreydecano.com\/cms\/wp-content\/uploads\/2016\/01\/Da-Silva-7.jpg\",\"articleSection\":[\"Entrevistas\"],\"inLanguage\":\"es\",\"potentialAction\":[{\"@type\":\"CommentAction\",\"name\":\"Comment\",\"target\":[\"https:\/\/www.padreydecano.com\/cms\/entrevistas\/jorge-da-silva-no-nos-podemos-quedar-en-el-lamento\/#respond\"]}]},{\"@type\":\"WebPage\",\"@id\":\"https:\/\/www.padreydecano.com\/cms\/entrevistas\/jorge-da-silva-no-nos-podemos-quedar-en-el-lamento\/\",\"url\":\"https:\/\/www.padreydecano.com\/cms\/entrevistas\/jorge-da-silva-no-nos-podemos-quedar-en-el-lamento\/\",\"name\":\"Jorge Da Silva: \u201cNo nos podemos quedar en el lamento\u201d - Padre y Decano - El Sitio del Pueblo\",\"isPartOf\":{\"@id\":\"https:\/\/www.padreydecano.com\/cms\/#website\"},\"primaryImageOfPage\":{\"@id\":\"https:\/\/www.padreydecano.com\/cms\/entrevistas\/jorge-da-silva-no-nos-podemos-quedar-en-el-lamento\/#primaryimage\"},\"image\":{\"@id\":\"https:\/\/www.padreydecano.com\/cms\/entrevistas\/jorge-da-silva-no-nos-podemos-quedar-en-el-lamento\/#primaryimage\"},\"thumbnailUrl\":\"https:\/\/www.padreydecano.com\/cms\/wp-content\/uploads\/2016\/01\/Da-Silva-7.jpg\",\"datePublished\":\"2016-08-23T14:21:24+00:00\",\"dateModified\":\"2016-08-23T14:21:24+00:00\",\"breadcrumb\":{\"@id\":\"https:\/\/www.padreydecano.com\/cms\/entrevistas\/jorge-da-silva-no-nos-podemos-quedar-en-el-lamento\/#breadcrumb\"},\"inLanguage\":\"es\",\"potentialAction\":[{\"@type\":\"ReadAction\",\"target\":[\"https:\/\/www.padreydecano.com\/cms\/entrevistas\/jorge-da-silva-no-nos-podemos-quedar-en-el-lamento\/\"]}]},{\"@type\":\"ImageObject\",\"inLanguage\":\"es\",\"@id\":\"https:\/\/www.padreydecano.com\/cms\/entrevistas\/jorge-da-silva-no-nos-podemos-quedar-en-el-lamento\/#primaryimage\",\"url\":\"https:\/\/www.padreydecano.com\/cms\/wp-content\/uploads\/2016\/01\/Da-Silva-7.jpg\",\"contentUrl\":\"https:\/\/www.padreydecano.com\/cms\/wp-content\/uploads\/2016\/01\/Da-Silva-7.jpg\",\"width\":900,\"height\":600},{\"@type\":\"BreadcrumbList\",\"@id\":\"https:\/\/www.padreydecano.com\/cms\/entrevistas\/jorge-da-silva-no-nos-podemos-quedar-en-el-lamento\/#breadcrumb\",\"itemListElement\":[{\"@type\":\"ListItem\",\"position\":1,\"name\":\"Portada\",\"item\":\"https:\/\/www.padreydecano.com\/cms\/\"},{\"@type\":\"ListItem\",\"position\":2,\"name\":\"Jorge Da Silva: \u201cNo nos podemos quedar en el lamento\u201d\"}]},{\"@type\":\"WebSite\",\"@id\":\"https:\/\/www.padreydecano.com\/cms\/#website\",\"url\":\"https:\/\/www.padreydecano.com\/cms\/\",\"name\":\"Padre y Decano - El Sitio del Pueblo\",\"description\":\"Club Atl\u00e9tico Pe\u00f1arol\",\"publisher\":{\"@id\":\"https:\/\/www.padreydecano.com\/cms\/#organization\"},\"potentialAction\":[{\"@type\":\"SearchAction\",\"target\":{\"@type\":\"EntryPoint\",\"urlTemplate\":\"https:\/\/www.padreydecano.com\/cms\/?s={search_term_string}\"},\"query-input\":\"required name=search_term_string\"}],\"inLanguage\":\"es\"},{\"@type\":\"Organization\",\"@id\":\"https:\/\/www.padreydecano.com\/cms\/#organization\",\"name\":\"Padre y Decano\",\"url\":\"https:\/\/www.padreydecano.com\/cms\/\",\"logo\":{\"@type\":\"ImageObject\",\"inLanguage\":\"es\",\"@id\":\"https:\/\/www.padreydecano.com\/cms\/#\/schema\/logo\/image\/\",\"url\":\"https:\/\/www.padreydecano.com\/cms\/wp-content\/uploads\/2022\/01\/avatar-square.png\",\"contentUrl\":\"https:\/\/www.padreydecano.com\/cms\/wp-content\/uploads\/2022\/01\/avatar-square.png\",\"width\":1500,\"height\":1500,\"caption\":\"Padre y Decano\"},\"image\":{\"@id\":\"https:\/\/www.padreydecano.com\/cms\/#\/schema\/logo\/image\/\"}},{\"@type\":\"Person\",\"@id\":\"https:\/\/www.padreydecano.com\/cms\/#\/schema\/person\/d93e9e537230ae052c194251d9a1def2\",\"name\":\"Moderador\",\"image\":{\"@type\":\"ImageObject\",\"inLanguage\":\"es\",\"@id\":\"https:\/\/www.padreydecano.com\/cms\/#\/schema\/person\/image\/\",\"url\":\"https:\/\/secure.gravatar.com\/avatar\/2587727bf8a53bd3da4ec49f01bea66e?s=96&d=https%3A%2F%2Fpadreydecano.com%2Fcms%2Fwp-content%2Fthemes%2Fpyd-theme%2Fimg%2Fdefault-avatar.png&r=g\",\"contentUrl\":\"https:\/\/secure.gravatar.com\/avatar\/2587727bf8a53bd3da4ec49f01bea66e?s=96&d=https%3A%2F%2Fpadreydecano.com%2Fcms%2Fwp-content%2Fthemes%2Fpyd-theme%2Fimg%2Fdefault-avatar.png&r=g\",\"caption\":\"Moderador\"}}]}<\/script>\n<!-- \/ Yoast SEO plugin. -->","yoast_head_json":{"title":"Jorge Da Silva: \u201cNo nos podemos quedar en el lamento\u201d - Padre y Decano - El Sitio del Pueblo","robots":{"index":"index","follow":"follow","max-snippet":"max-snippet:-1","max-image-preview":"max-image-preview:large","max-video-preview":"max-video-preview:-1"},"canonical":"https:\/\/www.padreydecano.com\/cms\/entrevistas\/jorge-da-silva-no-nos-podemos-quedar-en-el-lamento\/","og_locale":"es_ES","og_type":"article","og_title":"Jorge Da Silva: \u201cNo nos podemos quedar en el lamento\u201d - Padre y Decano - El Sitio del Pueblo","og_description":"El entrenador de Pe\u00f1arol habl\u00f3 en conferencia de prensa tras haberse conocido el rival para el debut por el campeonato local. Jorge Da Silva analiz\u00f3 el fixture y repas\u00f3 la actualidad del plantel aurinegro, dejando algunas frases que llamaron la atenci\u00f3n. Sorteo del fixture: \u201cM\u00e1s all\u00e1 de que uno sabe que en alg\u00fan momento te [&hellip;]","og_url":"https:\/\/www.padreydecano.com\/cms\/entrevistas\/jorge-da-silva-no-nos-podemos-quedar-en-el-lamento\/","og_site_name":"Padre y Decano - El Sitio del Pueblo","article_published_time":"2016-08-23T14:21:24+00:00","og_image":[{"width":900,"height":600,"url":"https:\/\/www.padreydecano.com\/cms\/wp-content\/uploads\/2016\/01\/Da-Silva-7.jpg","type":"image\/jpeg"}],"author":"Moderador","twitter_card":"summary_large_image","twitter_misc":{"Escrito por":"Moderador","Tiempo de lectura":"5 minutos"},"schema":{"@context":"https:\/\/schema.org","@graph":[{"@type":"Article","@id":"https:\/\/www.padreydecano.com\/cms\/entrevistas\/jorge-da-silva-no-nos-podemos-quedar-en-el-lamento\/#article","isPartOf":{"@id":"https:\/\/www.padreydecano.com\/cms\/entrevistas\/jorge-da-silva-no-nos-podemos-quedar-en-el-lamento\/"},"author":{"name":"Moderador","@id":"https:\/\/www.padreydecano.com\/cms\/#\/schema\/person\/d93e9e537230ae052c194251d9a1def2"},"headline":"Jorge Da Silva: \u201cNo nos podemos quedar en el lamento\u201d","datePublished":"2016-08-23T14:21:24+00:00","dateModified":"2016-08-23T14:21:24+00:00","mainEntityOfPage":{"@id":"https:\/\/www.padreydecano.com\/cms\/entrevistas\/jorge-da-silva-no-nos-podemos-quedar-en-el-lamento\/"},"wordCount":1097,"commentCount":24,"publisher":{"@id":"https:\/\/www.padreydecano.com\/cms\/#organization"},"image":{"@id":"https:\/\/www.padreydecano.com\/cms\/entrevistas\/jorge-da-silva-no-nos-podemos-quedar-en-el-lamento\/#primaryimage"},"thumbnailUrl":"https:\/\/www.padreydecano.com\/cms\/wp-content\/uploads\/2016\/01\/Da-Silva-7.jpg","articleSection":["Entrevistas"],"inLanguage":"es","potentialAction":[{"@type":"CommentAction","name":"Comment","target":["https:\/\/www.padreydecano.com\/cms\/entrevistas\/jorge-da-silva-no-nos-podemos-quedar-en-el-lamento\/#respond"]}]},{"@type":"WebPage","@id":"https:\/\/www.padreydecano.com\/cms\/entrevistas\/jorge-da-silva-no-nos-podemos-quedar-en-el-lamento\/","url":"https:\/\/www.padreydecano.com\/cms\/entrevistas\/jorge-da-silva-no-nos-podemos-quedar-en-el-lamento\/","name":"Jorge Da Silva: \u201cNo nos podemos quedar en el lamento\u201d - Padre y Decano - El Sitio del Pueblo","isPartOf":{"@id":"https:\/\/www.padreydecano.com\/cms\/#website"},"primaryImageOfPage":{"@id":"https:\/\/www.padreydecano.com\/cms\/entrevistas\/jorge-da-silva-no-nos-podemos-quedar-en-el-lamento\/#primaryimage"},"image":{"@id":"https:\/\/www.padreydecano.com\/cms\/entrevistas\/jorge-da-silva-no-nos-podemos-quedar-en-el-lamento\/#primaryimage"},"thumbnailUrl":"https:\/\/www.padreydecano.com\/cms\/wp-content\/uploads\/2016\/01\/Da-Silva-7.jpg","datePublished":"2016-08-23T14:21:24+00:00","dateModified":"2016-08-23T14:21:24+00:00","breadcrumb":{"@id":"https:\/\/www.padreydecano.com\/cms\/entrevistas\/jorge-da-silva-no-nos-podemos-quedar-en-el-lamento\/#breadcrumb"},"inLanguage":"es","potentialAction":[{"@type":"ReadAction","target":["https:\/\/www.padreydecano.com\/cms\/entrevistas\/jorge-da-silva-no-nos-podemos-quedar-en-el-lamento\/"]}]},{"@type":"ImageObject","inLanguage":"es","@id":"https:\/\/www.padreydecano.com\/cms\/entrevistas\/jorge-da-silva-no-nos-podemos-quedar-en-el-lamento\/#primaryimage","url":"https:\/\/www.padreydecano.com\/cms\/wp-content\/uploads\/2016\/01\/Da-Silva-7.jpg","contentUrl":"https:\/\/www.padreydecano.com\/cms\/wp-content\/uploads\/2016\/01\/Da-Silva-7.jpg","width":900,"height":600},{"@type":"BreadcrumbList","@id":"https:\/\/www.padreydecano.com\/cms\/entrevistas\/jorge-da-silva-no-nos-podemos-quedar-en-el-lamento\/#breadcrumb","itemListElement":[{"@type":"ListItem","position":1,"name":"Portada","item":"https:\/\/www.padreydecano.com\/cms\/"},{"@type":"ListItem","position":2,"name":"Jorge Da Silva: \u201cNo nos podemos quedar en el lamento\u201d"}]},{"@type":"WebSite","@id":"https:\/\/www.padreydecano.com\/cms\/#website","url":"https:\/\/www.padreydecano.com\/cms\/","name":"Padre y Decano - El Sitio del Pueblo","description":"Club Atl\u00e9tico Pe\u00f1arol","publisher":{"@id":"https:\/\/www.padreydecano.com\/cms\/#organization"},"potentialAction":[{"@type":"SearchAction","target":{"@type":"EntryPoint","urlTemplate":"https:\/\/www.padreydecano.com\/cms\/?s={search_term_string}"},"query-input":"required name=search_term_string"}],"inLanguage":"es"},{"@type":"Organization","@id":"https:\/\/www.padreydecano.com\/cms\/#organization","name":"Padre y Decano","url":"https:\/\/www.padreydecano.com\/cms\/","logo":{"@type":"ImageObject","inLanguage":"es","@id":"https:\/\/www.padreydecano.com\/cms\/#\/schema\/logo\/image\/","url":"https:\/\/www.padreydecano.com\/cms\/wp-content\/uploads\/2022\/01\/avatar-square.png","contentUrl":"https:\/\/www.padreydecano.com\/cms\/wp-content\/uploads\/2022\/01\/avatar-square.png","width":1500,"height":1500,"caption":"Padre y Decano"},"image":{"@id":"https:\/\/www.padreydecano.com\/cms\/#\/schema\/logo\/image\/"}},{"@type":"Person","@id":"https:\/\/www.padreydecano.com\/cms\/#\/schema\/person\/d93e9e537230ae052c194251d9a1def2","name":"Moderador","image":{"@type":"ImageObject","inLanguage":"es","@id":"https:\/\/www.padreydecano.com\/cms\/#\/schema\/person\/image\/","url":"https:\/\/secure.gravatar.com\/avatar\/2587727bf8a53bd3da4ec49f01bea66e?s=96&d=https%3A%2F%2Fpadreydecano.com%2Fcms%2Fwp-content%2Fthemes%2Fpyd-theme%2Fimg%2Fdefault-avatar.png&r=g","contentUrl":"https:\/\/secure.gravatar.com\/avatar\/2587727bf8a53bd3da4ec49f01bea66e?s=96&d=https%3A%2F%2Fpadreydecano.com%2Fcms%2Fwp-content%2Fthemes%2Fpyd-theme%2Fimg%2Fdefault-avatar.png&r=g","caption":"Moderador"}}]}},"_links":{"self":[{"href":"https:\/\/www.padreydecano.com\/cms\/wp-json\/wp\/v2\/posts\/60121"}],"collection":[{"href":"https:\/\/www.padreydecano.com\/cms\/wp-json\/wp\/v2\/posts"}],"about":[{"href":"https:\/\/www.padreydecano.com\/cms\/wp-json\/wp\/v2\/types\/post"}],"author":[{"embeddable":true,"href":"https:\/\/www.padreydecano.com\/cms\/wp-json\/wp\/v2\/users\/13"}],"replies":[{"embeddable":true,"href":"https:\/\/www.padreydecano.com\/cms\/wp-json\/wp\/v2\/comments?post=60121"}],"version-history":[{"count":0,"href":"https:\/\/www.padreydecano.com\/cms\/wp-json\/wp\/v2\/posts\/60121\/revisions"}],"wp:featuredmedia":[{"embeddable":true,"href":"https:\/\/www.padreydecano.com\/cms\/wp-json\/wp\/v2\/media\/56559"}],"wp:attachment":[{"href":"https:\/\/www.padreydecano.com\/cms\/wp-json\/wp\/v2\/media?parent=60121"}],"wp:term":[{"taxonomy":"category","embeddable":true,"href":"https:\/\/www.padreydecano.com\/cms\/wp-json\/wp\/v2\/categories?post=60121"},{"taxonomy":"post_tag","embeddable":true,"href":"https:\/\/www.padreydecano.com\/cms\/wp-json\/wp\/v2\/tags?post=60121"}],"curies":[{"name":"wp","href":"https:\/\/api.w.org\/{rel}","templated":true}]}}