{"id":59945,"date":"2016-08-08T11:08:59","date_gmt":"2016-08-08T14:08:59","guid":{"rendered":"http:\/\/www.padreydecano.com\/cms\/?p=59945"},"modified":"2016-08-08T11:08:59","modified_gmt":"2016-08-08T14:08:59","slug":"todos-los-partidos-de-penarol-en-la-copa-sudamericana","status":"publish","type":"post","link":"https:\/\/www.padreydecano.com\/cms\/noticias\/todos-los-partidos-de-penarol-en-la-copa-sudamericana\/","title":{"rendered":"Todos los partidos de Pe\u00f1arol en la Copa Sudamericana"},"content":{"rendered":"<div id=\"attachment_48926\" style=\"width: 630px\" class=\"wp-caption aligncenter\"><a href=\"https:\/\/www.padreydecano.com\/cms\/wp-content\/uploads\/2014\/09\/penarol-deportivo-cali-sudamericana-2014-18-valeria-martinez-.jpg\" rel=\"shadowbox[sbpost-59945];player=img;\"><img loading=\"lazy\" decoding=\"async\" aria-describedby=\"caption-attachment-48926\" class=\"wp-image-48926\" src=\"https:\/\/www.padreydecano.com\/cms\/wp-content\/uploads\/2014\/09\/penarol-deportivo-cali-sudamericana-2014-18-valeria-martinez-.jpg\" alt=\"penarol-deportivo-cali-sudamericana-2014-18-valeria-martinez-\" width=\"620\" height=\"413\" srcset=\"https:\/\/www.padreydecano.com\/cms\/wp-content\/uploads\/2014\/09\/penarol-deportivo-cali-sudamericana-2014-18-valeria-martinez-.jpg 800w, https:\/\/www.padreydecano.com\/cms\/wp-content\/uploads\/2014\/09\/penarol-deportivo-cali-sudamericana-2014-18-valeria-martinez--300x199.jpg 300w\" sizes=\"(max-width: 620px) 100vw, 620px\" \/><\/a><p id=\"caption-attachment-48926\" class=\"wp-caption-text\">Gol de Zalayeta para vencer 1 a 0 a Deportivo Cali en Colombia<\/p><\/div>\n<p style=\"text-align: justify;\">Pe\u00f1arol jugar\u00e1 por quinta vez la Copa Sudamericana, torneo que tiene como slogan \u201cla otra mitad de la gloria\u201d. Es el trofeo que falta en las vitrinas del club. Se comenz\u00f3 a disputar en 2002 y solamente tiene un bicampe\u00f3n: Boca Jrs.<\/p>\n<p style=\"text-align: justify;\">De las cinco clasificaciones, en cuatro la hicimos como \u00abUruguay 1\u00bb al conquistar los campeonatos Uruguayos 2003, 2009\/2010, 2012\/2013 y 2015\/2016 mientras que para la edici\u00f3n 2014 clasificamos por haber finalizado quintos en la Tabla Anual.<\/p>\n<div align=\"center\">\n<table class=\"comun\" style=\"width: 100%;\">\n<tbody>\n<tr>\n<td style=\"text-align: center;\" colspan=\"6\"><span style=\"color: #ffcc02;\"><strong>Copa Sudamericana 2004<\/strong><\/span><\/td>\n<\/tr>\n<tr>\n<td>\n<div align=\"left\"><strong>Fecha<\/strong><\/div>\n<\/td>\n<td colspan=\"4\">\n<div align=\"center\"><strong>Resultado<\/strong><\/div>\n<\/td>\n<td>\n<div align=\"center\"><strong>Goles<\/strong><\/div>\n<\/td>\n<\/tr>\n<tr>\n<td>\n<div align=\"left\">09\/09\/2004<\/div>\n<\/td>\n<td>\n<div align=\"center\">Danubio<\/div>\n<\/td>\n<td width=\"30\">\n<div align=\"center\">1<\/div>\n<\/td>\n<td width=\"30\">\n<div align=\"center\">2<\/div>\n<\/td>\n<td>\n<div align=\"center\"><strong><span style=\"color: #ffcc02;\">Pe\u00f1arol<\/span><\/strong><\/div>\n<\/td>\n<td>\n<div align=\"center\">Carlos Bueno (x2)<\/div>\n<\/td>\n<\/tr>\n<tr>\n<td>\n<div align=\"left\">21\/09\/2004<\/div>\n<\/td>\n<td>\n<div align=\"center\"><strong><span style=\"color: #ffcc02;\">Pe\u00f1arol<\/span><\/strong><\/div>\n<\/td>\n<td>\n<div align=\"center\">1<\/div>\n<\/td>\n<td>\n<div align=\"center\">1<\/div>\n<\/td>\n<td>\n<div align=\"center\">Danubio<\/div>\n<\/td>\n<td>\n<div align=\"center\">Carlos Bueno<\/div>\n<\/td>\n<\/tr>\n<tr>\n<td>\n<div align=\"left\">06\/10\/2004<\/div>\n<\/td>\n<td>\n<div align=\"center\"><strong><span style=\"color: #ffcc02;\">Pe\u00f1arol<\/span><\/strong><\/div>\n<\/td>\n<td>\n<div align=\"center\">1<\/div>\n<\/td>\n<td>\n<div align=\"center\">3<\/div>\n<\/td>\n<td>\n<div align=\"center\">Cerro Porte\u00f1o<\/div>\n<\/td>\n<td>\n<div align=\"center\">Jos\u00e9 Serna<\/div>\n<\/td>\n<\/tr>\n<tr>\n<td>\n<div align=\"left\">21\/10\/2004<\/div>\n<\/td>\n<td>\n<div align=\"center\">Cerro Porte\u00f1o<\/div>\n<\/td>\n<td>\n<div align=\"center\">1<\/div>\n<\/td>\n<td>\n<div align=\"center\">2<\/div>\n<\/td>\n<td>\n<div align=\"center\"><strong><span style=\"color: #ffcc02;\">Pe\u00f1arol<\/span><\/strong><\/div>\n<\/td>\n<td>\n<div align=\"center\">C. Rodriguez, C. Diogo<\/div>\n<\/td>\n<\/tr>\n<tr>\n<td style=\"text-align: center;\" colspan=\"6\"><span style=\"color: #ffcc02;\"><strong>Copa Sudamericana 2010<\/strong><\/span><\/td>\n<\/tr>\n<tr>\n<td>\n<div align=\"left\">31\/08\/2010<\/div>\n<\/td>\n<td>\n<div align=\"center\">Barcelona<\/div>\n<\/td>\n<td>\n<div align=\"center\">0<\/div>\n<\/td>\n<td>\n<div align=\"center\">1<\/div>\n<\/td>\n<td>\n<div align=\"center\"><strong><span style=\"color: #ffcc02;\">Pe\u00f1arol<\/span><\/strong><\/div>\n<\/td>\n<td>\n<div align=\"center\">Mat\u00edas Aguirregaray<\/div>\n<\/td>\n<\/tr>\n<tr>\n<td>\n<div align=\"left\">14\/09\/2010<\/div>\n<\/td>\n<td>\n<div align=\"center\"><strong><span style=\"color: #ffcc02;\">Pe\u00f1arol<\/span><\/strong><\/div>\n<\/td>\n<td>\n<div align=\"center\">2<\/div>\n<\/td>\n<td>\n<div align=\"center\">1<\/div>\n<\/td>\n<td>\n<div align=\"center\">Barcelona<\/div>\n<\/td>\n<td>\n<div align=\"center\">J. Ramis, A. Pacheco<\/div>\n<\/td>\n<\/tr>\n<tr>\n<td>\n<div align=\"left\">13\/10\/2010<\/div>\n<\/td>\n<td>\n<div align=\"center\">Goi\u00e1s<\/div>\n<\/td>\n<td>\n<div align=\"center\">1<\/div>\n<\/td>\n<td>\n<div align=\"center\">0<\/div>\n<\/td>\n<td>\n<div align=\"center\"><strong><span style=\"color: #ffcc02;\">Pe\u00f1arol<\/span><\/strong><\/div>\n<\/td>\n<\/tr>\n<tr>\n<td>\n<div align=\"left\">20\/10\/2010<\/div>\n<\/td>\n<td>\n<div align=\"center\"><strong><span style=\"color: #ffcc02;\">Pe\u00f1arol<\/span><\/strong><\/div>\n<\/td>\n<td>\n<div align=\"center\">3<\/div>\n<\/td>\n<td>\n<div align=\"center\">2<\/div>\n<\/td>\n<td>\n<div align=\"center\">Goi\u00e1s<\/div>\n<\/td>\n<td>\n<div align=\"center\">M. Corujo, M. Sosa, A. Martinuccio<\/div>\n<\/td>\n<\/tr>\n<tr>\n<td style=\"text-align: center;\" colspan=\"6\"><span style=\"color: #ffcc02;\"><strong>Copa Sudamericana 2013<\/strong><\/span><\/td>\n<\/tr>\n<tr>\n<td>\n<div align=\"left\">01\/08\/2014<\/div>\n<\/td>\n<td>\n<div align=\"center\">Cobreloa<\/div>\n<\/td>\n<td>\n<div align=\"center\">0<\/div>\n<\/td>\n<td>\n<div align=\"center\">0<\/div>\n<\/td>\n<td>\n<div align=\"center\"><strong><span style=\"color: #ffcc02;\">Pe\u00f1arol<\/span><\/strong><\/div>\n<\/td>\n<td><\/td>\n<\/tr>\n<tr>\n<td>\n<div align=\"left\">08\/08\/2014<\/div>\n<\/td>\n<td>\n<div align=\"center\"><strong><span style=\"color: #ffcc02;\">Pe\u00f1arol<\/span><\/strong><\/div>\n<\/td>\n<td>\n<div align=\"center\">0<\/div>\n<\/td>\n<td>\n<div align=\"center\">2<\/div>\n<\/td>\n<td>\n<div align=\"center\">Cobreloa<\/div>\n<\/td>\n<td><\/td>\n<\/tr>\n<tr>\n<td style=\"text-align: center;\" colspan=\"6\"><span style=\"color: #ffcc02;\"><strong>Copa Sudamericana 2014<\/strong><\/span><\/td>\n<\/tr>\n<tr>\n<td>\n<div align=\"left\">20\/08\/2014<\/div>\n<\/td>\n<td>\n<div align=\"center\"><strong><span style=\"color: #ffcc02;\">Pe\u00f1arol<\/span><\/strong><\/div>\n<\/td>\n<td>\n<div align=\"center\">2<\/div>\n<\/td>\n<td>\n<div align=\"center\">0<\/div>\n<\/td>\n<td>\n<div align=\"center\">J Wilstermann<\/div>\n<\/td>\n<td>\n<div align=\"center\">Jorge y Jonathan Rodr\u00edguez<\/div>\n<\/td>\n<\/tr>\n<tr>\n<td>\n<div align=\"left\">28\/08\/2014<\/div>\n<\/td>\n<td>\n<div align=\"center\">J Wilsterman<\/div>\n<\/td>\n<td>\n<div align=\"center\">0<\/div>\n<\/td>\n<td>\n<div align=\"center\">4<\/div>\n<\/td>\n<td>\n<div align=\"center\"><span style=\"color: #ffcc02;\"><strong>Pe\u00f1arol<\/strong><\/span><\/div>\n<\/td>\n<td>\n<div align=\"center\">Diogo, Jonathan R, JM Olivera, Macaluso<\/div>\n<\/td>\n<\/tr>\n<tr>\n<td>\n<div align=\"left\">16\/09\/2014<\/div>\n<\/td>\n<td>\n<div align=\"center\"><span style=\"color: #ffcc02;\"><strong>Pe\u00f1arol<\/strong><\/span><\/div>\n<\/td>\n<td>\n<div align=\"center\">2<\/div>\n<\/td>\n<td>\n<div align=\"center\">2<\/div>\n<\/td>\n<td>\n<div align=\"center\">Deportivo Cali<\/div>\n<\/td>\n<td>\n<div align=\"center\">C. N\u00fa\u00f1ez, M. Zalayeta<\/div>\n<\/td>\n<\/tr>\n<tr>\n<td>\n<div align=\"left\">24\/09\/2014<\/div>\n<\/td>\n<td>\n<div align=\"center\">Deportivo Cali<\/div>\n<\/td>\n<td>\n<div align=\"center\">0<\/div>\n<\/td>\n<td>\n<div align=\"center\">1<\/div>\n<\/td>\n<td>\n<div align=\"center\"><strong><span style=\"color: #ffcc02;\">Pe\u00f1arol<\/span><\/strong><\/div>\n<\/td>\n<td>\n<div align=\"center\">Zalayeta<\/div>\n<\/td>\n<\/tr>\n<tr>\n<td>\n<div align=\"left\">14\/10\/2014<\/div>\n<\/td>\n<td>\n<div align=\"center\">Estudiantes LP<\/div>\n<\/td>\n<td>\n<div align=\"center\">2<\/div>\n<\/td>\n<td>\n<div align=\"center\">1<\/div>\n<\/td>\n<td>\n<div align=\"center\"><strong><span style=\"color: #ffcc02;\">Pe\u00f1arol<\/span><\/strong><\/div>\n<\/td>\n<td>\n<div align=\"center\">Estoyanoff<\/div>\n<\/td>\n<\/tr>\n<tr>\n<td>\n<div align=\"left\">22\/10\/2014<\/div>\n<\/td>\n<td>\n<div align=\"center\"><span style=\"color: #ffcc02;\"><strong>Pe\u00f1arol<\/strong><\/span><\/div>\n<\/td>\n<td>\n<div align=\"center\">2<\/div>\n<\/td>\n<td>\n<div align=\"center\">1<\/div>\n<\/td>\n<td>\n<div align=\"center\">Estudiantes LP*<\/div>\n<\/td>\n<td>\n<div align=\"center\">G. Viera, Jonathan Rodr\u00edguez<\/div>\n<\/td>\n<\/tr>\n<\/tbody>\n<\/table>\n<\/div>\n","protected":false},"excerpt":{"rendered":"<p>Pe\u00f1arol jugar\u00e1 por quinta vez la Copa Sudamericana, torneo que tiene como slogan \u201cla otra mitad de la gloria\u201d. Es el trofeo que falta en las vitrinas del club. Se comenz\u00f3 a disputar en 2002 y solamente tiene un bicampe\u00f3n: Boca Jrs. De las cinco clasificaciones, en cuatro la hicimos como \u00abUruguay 1\u00bb al conquistar [&hellip;]<\/p>\n","protected":false},"author":13,"featured_media":48017,"comment_status":"open","ping_status":"closed","sticky":false,"template":"","format":"standard","meta":{"footnotes":""},"categories":[1],"tags":[100],"yoast_head":"<!-- This site is optimized with the Yoast SEO plugin v23.2 - https:\/\/yoast.com\/wordpress\/plugins\/seo\/ -->\n<title>Todos los partidos de Pe\u00f1arol en la Copa Sudamericana - Padre y Decano - El Sitio del Pueblo<\/title>\n<meta name=\"robots\" content=\"index, follow, max-snippet:-1, max-image-preview:large, max-video-preview:-1\" \/>\n<link rel=\"canonical\" href=\"https:\/\/www.padreydecano.com\/cms\/noticias\/todos-los-partidos-de-penarol-en-la-copa-sudamericana\/\" \/>\n<meta property=\"og:locale\" content=\"es_ES\" \/>\n<meta property=\"og:type\" content=\"article\" \/>\n<meta property=\"og:title\" content=\"Todos los partidos de Pe\u00f1arol en la Copa Sudamericana - Padre y Decano - El Sitio del Pueblo\" \/>\n<meta property=\"og:description\" content=\"Pe\u00f1arol jugar\u00e1 por quinta vez la Copa Sudamericana, torneo que tiene como slogan \u201cla otra mitad de la gloria\u201d. Es el trofeo que falta en las vitrinas del club. Se comenz\u00f3 a disputar en 2002 y solamente tiene un bicampe\u00f3n: Boca Jrs. De las cinco clasificaciones, en cuatro la hicimos como \u00abUruguay 1\u00bb al conquistar [&hellip;]\" \/>\n<meta property=\"og:url\" content=\"https:\/\/www.padreydecano.com\/cms\/noticias\/todos-los-partidos-de-penarol-en-la-copa-sudamericana\/\" \/>\n<meta property=\"og:site_name\" content=\"Padre y Decano - El Sitio del Pueblo\" \/>\n<meta property=\"article:published_time\" content=\"2016-08-08T14:08:59+00:00\" \/>\n<meta property=\"og:image\" content=\"https:\/\/www.padreydecano.com\/cms\/wp-content\/uploads\/2014\/08\/penarol-jorge-wilsterman-sudamericana-mariano-alvez-2014-14.jpg\" \/>\n\t<meta property=\"og:image:width\" content=\"800\" \/>\n\t<meta property=\"og:image:height\" content=\"530\" \/>\n\t<meta property=\"og:image:type\" content=\"image\/jpeg\" \/>\n<meta name=\"author\" content=\"Moderador\" \/>\n<meta name=\"twitter:card\" content=\"summary_large_image\" \/>\n<meta name=\"twitter:label1\" content=\"Escrito por\" \/>\n\t<meta name=\"twitter:data1\" content=\"Moderador\" \/>\n\t<meta name=\"twitter:label2\" content=\"Tiempo de lectura\" \/>\n\t<meta name=\"twitter:data2\" content=\"1 minuto\" \/>\n<script type=\"application\/ld+json\" class=\"yoast-schema-graph\">{\"@context\":\"https:\/\/schema.org\",\"@graph\":[{\"@type\":\"Article\",\"@id\":\"https:\/\/www.padreydecano.com\/cms\/noticias\/todos-los-partidos-de-penarol-en-la-copa-sudamericana\/#article\",\"isPartOf\":{\"@id\":\"https:\/\/www.padreydecano.com\/cms\/noticias\/todos-los-partidos-de-penarol-en-la-copa-sudamericana\/\"},\"author\":{\"name\":\"Moderador\",\"@id\":\"https:\/\/www.padreydecano.com\/cms\/#\/schema\/person\/d93e9e537230ae052c194251d9a1def2\"},\"headline\":\"Todos los partidos de Pe\u00f1arol en la Copa Sudamericana\",\"datePublished\":\"2016-08-08T14:08:59+00:00\",\"dateModified\":\"2016-08-08T14:08:59+00:00\",\"mainEntityOfPage\":{\"@id\":\"https:\/\/www.padreydecano.com\/cms\/noticias\/todos-los-partidos-de-penarol-en-la-copa-sudamericana\/\"},\"wordCount\":220,\"commentCount\":12,\"publisher\":{\"@id\":\"https:\/\/www.padreydecano.com\/cms\/#organization\"},\"image\":{\"@id\":\"https:\/\/www.padreydecano.com\/cms\/noticias\/todos-los-partidos-de-penarol-en-la-copa-sudamericana\/#primaryimage\"},\"thumbnailUrl\":\"https:\/\/www.padreydecano.com\/cms\/wp-content\/uploads\/2014\/08\/penarol-jorge-wilsterman-sudamericana-mariano-alvez-2014-14.jpg\",\"keywords\":[\"Estad\u00edsticas\"],\"articleSection\":[\"Noticias\"],\"inLanguage\":\"es\",\"potentialAction\":[{\"@type\":\"CommentAction\",\"name\":\"Comment\",\"target\":[\"https:\/\/www.padreydecano.com\/cms\/noticias\/todos-los-partidos-de-penarol-en-la-copa-sudamericana\/#respond\"]}]},{\"@type\":\"WebPage\",\"@id\":\"https:\/\/www.padreydecano.com\/cms\/noticias\/todos-los-partidos-de-penarol-en-la-copa-sudamericana\/\",\"url\":\"https:\/\/www.padreydecano.com\/cms\/noticias\/todos-los-partidos-de-penarol-en-la-copa-sudamericana\/\",\"name\":\"Todos los partidos de Pe\u00f1arol en la Copa Sudamericana - Padre y Decano - El Sitio del Pueblo\",\"isPartOf\":{\"@id\":\"https:\/\/www.padreydecano.com\/cms\/#website\"},\"primaryImageOfPage\":{\"@id\":\"https:\/\/www.padreydecano.com\/cms\/noticias\/todos-los-partidos-de-penarol-en-la-copa-sudamericana\/#primaryimage\"},\"image\":{\"@id\":\"https:\/\/www.padreydecano.com\/cms\/noticias\/todos-los-partidos-de-penarol-en-la-copa-sudamericana\/#primaryimage\"},\"thumbnailUrl\":\"https:\/\/www.padreydecano.com\/cms\/wp-content\/uploads\/2014\/08\/penarol-jorge-wilsterman-sudamericana-mariano-alvez-2014-14.jpg\",\"datePublished\":\"2016-08-08T14:08:59+00:00\",\"dateModified\":\"2016-08-08T14:08:59+00:00\",\"breadcrumb\":{\"@id\":\"https:\/\/www.padreydecano.com\/cms\/noticias\/todos-los-partidos-de-penarol-en-la-copa-sudamericana\/#breadcrumb\"},\"inLanguage\":\"es\",\"potentialAction\":[{\"@type\":\"ReadAction\",\"target\":[\"https:\/\/www.padreydecano.com\/cms\/noticias\/todos-los-partidos-de-penarol-en-la-copa-sudamericana\/\"]}]},{\"@type\":\"ImageObject\",\"inLanguage\":\"es\",\"@id\":\"https:\/\/www.padreydecano.com\/cms\/noticias\/todos-los-partidos-de-penarol-en-la-copa-sudamericana\/#primaryimage\",\"url\":\"https:\/\/www.padreydecano.com\/cms\/wp-content\/uploads\/2014\/08\/penarol-jorge-wilsterman-sudamericana-mariano-alvez-2014-14.jpg\",\"contentUrl\":\"https:\/\/www.padreydecano.com\/cms\/wp-content\/uploads\/2014\/08\/penarol-jorge-wilsterman-sudamericana-mariano-alvez-2014-14.jpg\",\"width\":800,\"height\":530},{\"@type\":\"BreadcrumbList\",\"@id\":\"https:\/\/www.padreydecano.com\/cms\/noticias\/todos-los-partidos-de-penarol-en-la-copa-sudamericana\/#breadcrumb\",\"itemListElement\":[{\"@type\":\"ListItem\",\"position\":1,\"name\":\"Portada\",\"item\":\"https:\/\/www.padreydecano.com\/cms\/\"},{\"@type\":\"ListItem\",\"position\":2,\"name\":\"Todos los partidos de Pe\u00f1arol en la Copa Sudamericana\"}]},{\"@type\":\"WebSite\",\"@id\":\"https:\/\/www.padreydecano.com\/cms\/#website\",\"url\":\"https:\/\/www.padreydecano.com\/cms\/\",\"name\":\"Padre y Decano - El Sitio del Pueblo\",\"description\":\"Club Atl\u00e9tico Pe\u00f1arol\",\"publisher\":{\"@id\":\"https:\/\/www.padreydecano.com\/cms\/#organization\"},\"potentialAction\":[{\"@type\":\"SearchAction\",\"target\":{\"@type\":\"EntryPoint\",\"urlTemplate\":\"https:\/\/www.padreydecano.com\/cms\/?s={search_term_string}\"},\"query-input\":\"required name=search_term_string\"}],\"inLanguage\":\"es\"},{\"@type\":\"Organization\",\"@id\":\"https:\/\/www.padreydecano.com\/cms\/#organization\",\"name\":\"Padre y Decano\",\"url\":\"https:\/\/www.padreydecano.com\/cms\/\",\"logo\":{\"@type\":\"ImageObject\",\"inLanguage\":\"es\",\"@id\":\"https:\/\/www.padreydecano.com\/cms\/#\/schema\/logo\/image\/\",\"url\":\"https:\/\/www.padreydecano.com\/cms\/wp-content\/uploads\/2022\/01\/avatar-square.png\",\"contentUrl\":\"https:\/\/www.padreydecano.com\/cms\/wp-content\/uploads\/2022\/01\/avatar-square.png\",\"width\":1500,\"height\":1500,\"caption\":\"Padre y Decano\"},\"image\":{\"@id\":\"https:\/\/www.padreydecano.com\/cms\/#\/schema\/logo\/image\/\"}},{\"@type\":\"Person\",\"@id\":\"https:\/\/www.padreydecano.com\/cms\/#\/schema\/person\/d93e9e537230ae052c194251d9a1def2\",\"name\":\"Moderador\",\"image\":{\"@type\":\"ImageObject\",\"inLanguage\":\"es\",\"@id\":\"https:\/\/www.padreydecano.com\/cms\/#\/schema\/person\/image\/\",\"url\":\"https:\/\/secure.gravatar.com\/avatar\/2587727bf8a53bd3da4ec49f01bea66e?s=96&d=https%3A%2F%2Fpadreydecano.com%2Fcms%2Fwp-content%2Fthemes%2Fpyd-theme%2Fimg%2Fdefault-avatar.png&r=g\",\"contentUrl\":\"https:\/\/secure.gravatar.com\/avatar\/2587727bf8a53bd3da4ec49f01bea66e?s=96&d=https%3A%2F%2Fpadreydecano.com%2Fcms%2Fwp-content%2Fthemes%2Fpyd-theme%2Fimg%2Fdefault-avatar.png&r=g\",\"caption\":\"Moderador\"}}]}<\/script>\n<!-- \/ Yoast SEO plugin. -->","yoast_head_json":{"title":"Todos los partidos de Pe\u00f1arol en la Copa Sudamericana - Padre y Decano - El Sitio del Pueblo","robots":{"index":"index","follow":"follow","max-snippet":"max-snippet:-1","max-image-preview":"max-image-preview:large","max-video-preview":"max-video-preview:-1"},"canonical":"https:\/\/www.padreydecano.com\/cms\/noticias\/todos-los-partidos-de-penarol-en-la-copa-sudamericana\/","og_locale":"es_ES","og_type":"article","og_title":"Todos los partidos de Pe\u00f1arol en la Copa Sudamericana - Padre y Decano - El Sitio del Pueblo","og_description":"Pe\u00f1arol jugar\u00e1 por quinta vez la Copa Sudamericana, torneo que tiene como slogan \u201cla otra mitad de la gloria\u201d. Es el trofeo que falta en las vitrinas del club. Se comenz\u00f3 a disputar en 2002 y solamente tiene un bicampe\u00f3n: Boca Jrs. De las cinco clasificaciones, en cuatro la hicimos como \u00abUruguay 1\u00bb al conquistar [&hellip;]","og_url":"https:\/\/www.padreydecano.com\/cms\/noticias\/todos-los-partidos-de-penarol-en-la-copa-sudamericana\/","og_site_name":"Padre y Decano - El Sitio del Pueblo","article_published_time":"2016-08-08T14:08:59+00:00","og_image":[{"width":800,"height":530,"url":"https:\/\/www.padreydecano.com\/cms\/wp-content\/uploads\/2014\/08\/penarol-jorge-wilsterman-sudamericana-mariano-alvez-2014-14.jpg","type":"image\/jpeg"}],"author":"Moderador","twitter_card":"summary_large_image","twitter_misc":{"Escrito por":"Moderador","Tiempo de lectura":"1 minuto"},"schema":{"@context":"https:\/\/schema.org","@graph":[{"@type":"Article","@id":"https:\/\/www.padreydecano.com\/cms\/noticias\/todos-los-partidos-de-penarol-en-la-copa-sudamericana\/#article","isPartOf":{"@id":"https:\/\/www.padreydecano.com\/cms\/noticias\/todos-los-partidos-de-penarol-en-la-copa-sudamericana\/"},"author":{"name":"Moderador","@id":"https:\/\/www.padreydecano.com\/cms\/#\/schema\/person\/d93e9e537230ae052c194251d9a1def2"},"headline":"Todos los partidos de Pe\u00f1arol en la Copa Sudamericana","datePublished":"2016-08-08T14:08:59+00:00","dateModified":"2016-08-08T14:08:59+00:00","mainEntityOfPage":{"@id":"https:\/\/www.padreydecano.com\/cms\/noticias\/todos-los-partidos-de-penarol-en-la-copa-sudamericana\/"},"wordCount":220,"commentCount":12,"publisher":{"@id":"https:\/\/www.padreydecano.com\/cms\/#organization"},"image":{"@id":"https:\/\/www.padreydecano.com\/cms\/noticias\/todos-los-partidos-de-penarol-en-la-copa-sudamericana\/#primaryimage"},"thumbnailUrl":"https:\/\/www.padreydecano.com\/cms\/wp-content\/uploads\/2014\/08\/penarol-jorge-wilsterman-sudamericana-mariano-alvez-2014-14.jpg","keywords":["Estad\u00edsticas"],"articleSection":["Noticias"],"inLanguage":"es","potentialAction":[{"@type":"CommentAction","name":"Comment","target":["https:\/\/www.padreydecano.com\/cms\/noticias\/todos-los-partidos-de-penarol-en-la-copa-sudamericana\/#respond"]}]},{"@type":"WebPage","@id":"https:\/\/www.padreydecano.com\/cms\/noticias\/todos-los-partidos-de-penarol-en-la-copa-sudamericana\/","url":"https:\/\/www.padreydecano.com\/cms\/noticias\/todos-los-partidos-de-penarol-en-la-copa-sudamericana\/","name":"Todos los partidos de Pe\u00f1arol en la Copa Sudamericana - Padre y Decano - El Sitio del Pueblo","isPartOf":{"@id":"https:\/\/www.padreydecano.com\/cms\/#website"},"primaryImageOfPage":{"@id":"https:\/\/www.padreydecano.com\/cms\/noticias\/todos-los-partidos-de-penarol-en-la-copa-sudamericana\/#primaryimage"},"image":{"@id":"https:\/\/www.padreydecano.com\/cms\/noticias\/todos-los-partidos-de-penarol-en-la-copa-sudamericana\/#primaryimage"},"thumbnailUrl":"https:\/\/www.padreydecano.com\/cms\/wp-content\/uploads\/2014\/08\/penarol-jorge-wilsterman-sudamericana-mariano-alvez-2014-14.jpg","datePublished":"2016-08-08T14:08:59+00:00","dateModified":"2016-08-08T14:08:59+00:00","breadcrumb":{"@id":"https:\/\/www.padreydecano.com\/cms\/noticias\/todos-los-partidos-de-penarol-en-la-copa-sudamericana\/#breadcrumb"},"inLanguage":"es","potentialAction":[{"@type":"ReadAction","target":["https:\/\/www.padreydecano.com\/cms\/noticias\/todos-los-partidos-de-penarol-en-la-copa-sudamericana\/"]}]},{"@type":"ImageObject","inLanguage":"es","@id":"https:\/\/www.padreydecano.com\/cms\/noticias\/todos-los-partidos-de-penarol-en-la-copa-sudamericana\/#primaryimage","url":"https:\/\/www.padreydecano.com\/cms\/wp-content\/uploads\/2014\/08\/penarol-jorge-wilsterman-sudamericana-mariano-alvez-2014-14.jpg","contentUrl":"https:\/\/www.padreydecano.com\/cms\/wp-content\/uploads\/2014\/08\/penarol-jorge-wilsterman-sudamericana-mariano-alvez-2014-14.jpg","width":800,"height":530},{"@type":"BreadcrumbList","@id":"https:\/\/www.padreydecano.com\/cms\/noticias\/todos-los-partidos-de-penarol-en-la-copa-sudamericana\/#breadcrumb","itemListElement":[{"@type":"ListItem","position":1,"name":"Portada","item":"https:\/\/www.padreydecano.com\/cms\/"},{"@type":"ListItem","position":2,"name":"Todos los partidos de Pe\u00f1arol en la Copa Sudamericana"}]},{"@type":"WebSite","@id":"https:\/\/www.padreydecano.com\/cms\/#website","url":"https:\/\/www.padreydecano.com\/cms\/","name":"Padre y Decano - El Sitio del Pueblo","description":"Club Atl\u00e9tico Pe\u00f1arol","publisher":{"@id":"https:\/\/www.padreydecano.com\/cms\/#organization"},"potentialAction":[{"@type":"SearchAction","target":{"@type":"EntryPoint","urlTemplate":"https:\/\/www.padreydecano.com\/cms\/?s={search_term_string}"},"query-input":"required name=search_term_string"}],"inLanguage":"es"},{"@type":"Organization","@id":"https:\/\/www.padreydecano.com\/cms\/#organization","name":"Padre y Decano","url":"https:\/\/www.padreydecano.com\/cms\/","logo":{"@type":"ImageObject","inLanguage":"es","@id":"https:\/\/www.padreydecano.com\/cms\/#\/schema\/logo\/image\/","url":"https:\/\/www.padreydecano.com\/cms\/wp-content\/uploads\/2022\/01\/avatar-square.png","contentUrl":"https:\/\/www.padreydecano.com\/cms\/wp-content\/uploads\/2022\/01\/avatar-square.png","width":1500,"height":1500,"caption":"Padre y Decano"},"image":{"@id":"https:\/\/www.padreydecano.com\/cms\/#\/schema\/logo\/image\/"}},{"@type":"Person","@id":"https:\/\/www.padreydecano.com\/cms\/#\/schema\/person\/d93e9e537230ae052c194251d9a1def2","name":"Moderador","image":{"@type":"ImageObject","inLanguage":"es","@id":"https:\/\/www.padreydecano.com\/cms\/#\/schema\/person\/image\/","url":"https:\/\/secure.gravatar.com\/avatar\/2587727bf8a53bd3da4ec49f01bea66e?s=96&d=https%3A%2F%2Fpadreydecano.com%2Fcms%2Fwp-content%2Fthemes%2Fpyd-theme%2Fimg%2Fdefault-avatar.png&r=g","contentUrl":"https:\/\/secure.gravatar.com\/avatar\/2587727bf8a53bd3da4ec49f01bea66e?s=96&d=https%3A%2F%2Fpadreydecano.com%2Fcms%2Fwp-content%2Fthemes%2Fpyd-theme%2Fimg%2Fdefault-avatar.png&r=g","caption":"Moderador"}}]}},"_links":{"self":[{"href":"https:\/\/www.padreydecano.com\/cms\/wp-json\/wp\/v2\/posts\/59945"}],"collection":[{"href":"https:\/\/www.padreydecano.com\/cms\/wp-json\/wp\/v2\/posts"}],"about":[{"href":"https:\/\/www.padreydecano.com\/cms\/wp-json\/wp\/v2\/types\/post"}],"author":[{"embeddable":true,"href":"https:\/\/www.padreydecano.com\/cms\/wp-json\/wp\/v2\/users\/13"}],"replies":[{"embeddable":true,"href":"https:\/\/www.padreydecano.com\/cms\/wp-json\/wp\/v2\/comments?post=59945"}],"version-history":[{"count":0,"href":"https:\/\/www.padreydecano.com\/cms\/wp-json\/wp\/v2\/posts\/59945\/revisions"}],"wp:featuredmedia":[{"embeddable":true,"href":"https:\/\/www.padreydecano.com\/cms\/wp-json\/wp\/v2\/media\/48017"}],"wp:attachment":[{"href":"https:\/\/www.padreydecano.com\/cms\/wp-json\/wp\/v2\/media?parent=59945"}],"wp:term":[{"taxonomy":"category","embeddable":true,"href":"https:\/\/www.padreydecano.com\/cms\/wp-json\/wp\/v2\/categories?post=59945"},{"taxonomy":"post_tag","embeddable":true,"href":"https:\/\/www.padreydecano.com\/cms\/wp-json\/wp\/v2\/tags?post=59945"}],"curies":[{"name":"wp","href":"https:\/\/api.w.org\/{rel}","templated":true}]}}