{"id":59474,"date":"2016-07-06T22:12:24","date_gmt":"2016-07-07T01:12:24","guid":{"rendered":"http:\/\/www.padreydecano.com\/cms\/?p=59474"},"modified":"2016-07-10T16:06:55","modified_gmt":"2016-07-10T19:06:55","slug":"penarol-presente-en-el-sportbizlatam","status":"publish","type":"post","link":"https:\/\/www.padreydecano.com\/cms\/noticias\/penarol-presente-en-el-sportbizlatam\/","title":{"rendered":"Pe\u00f1arol presente en el #SportBizLatam"},"content":{"rendered":"<p><a href=\"https:\/\/www.padreydecano.com\/cms\/wp-content\/uploads\/2016\/07\/SPORTBIZLATAM.jpg\" rel=\"shadowbox[sbpost-59474];player=img;\"><img loading=\"lazy\" decoding=\"async\" class=\"aligncenter wp-image-59475\" src=\"https:\/\/www.padreydecano.com\/cms\/wp-content\/uploads\/2016\/07\/SPORTBIZLATAM.jpg\" alt=\"SPORTBIZLATAM\" width=\"629\" height=\"554\" srcset=\"https:\/\/www.padreydecano.com\/cms\/wp-content\/uploads\/2016\/07\/SPORTBIZLATAM.jpg 700w, https:\/\/www.padreydecano.com\/cms\/wp-content\/uploads\/2016\/07\/SPORTBIZLATAM-300x264.jpg 300w\" sizes=\"(max-width: 629px) 100vw, 629px\" \/><\/a><\/p>\n<p style=\"text-align: justify;\">Desde el viernes 8 de julio y hasta el domingo 10 inclusive, se desarrollar\u00e1 la 3ra edici\u00f3n de la Expo F\u00fatbol en el LATU. La misma contar\u00e1 con la presencia del stand del 50 veces campe\u00f3n uruguayo, as\u00ed como tambi\u00e9n de otros clubes menores: tal es el caso de Plaza Colonia, Wanderers y Nacional. Adem\u00e1s, cruzan de la vecina orilla clubes como River Plate, Boca Junios y Racing de Avellaneda.<\/p>\n<div style=\"text-align: justify;\">La Expo F\u00fatbol abre sus puertas el viernes a las 14 horas y ese mismo d\u00eda tendr\u00e1 presencia de carboneros:<\/div>\n<ul style=\"text-align: justify;\">\n<li>16.30 horas: N\u00e9stor Goncalves (Captaci\u00f3n)<\/li>\n<li>17.00 horas: Tito Goncalves y Luis Maidana<\/li>\n<li>18.30 horas: Dar\u00edo Rodr\u00edguez<\/li>\n<\/ul>\n<div style=\"text-align: justify;\">Durante el s\u00e1bado se desarrollar\u00e1 el <strong>Congreso Latinoamericano de Sports Business<\/strong> que contar\u00e1 con la presencia de expositores de distintas partes del mundo, donde se destaca la presencia del Club Decano representados por \u00c1lvaro Alonso, Pablo Nieto y Juan Ignacio Ruglio.<\/div>\n<div style=\"text-align: justify;\"><\/div>\n<div style=\"text-align: justify;\">El Congreso comenzar\u00e1 a las 9.00 horas y finalizar\u00e1 a las 18.00. Para los amantes de los deportes, el marketing y el business, es una cita a la que no se puede faltar.<\/div>\n<div style=\"text-align: justify;\"><\/div>\n<div style=\"text-align: justify;\">Por inscripciones y\/o m\u00e1s informaci\u00f3n, te invitamos a que visites el sitio web haciendo <a href=\"http:\/\/www.gmorningsports.com\/evento\/sportbizlatamuy\" target=\"_blank\">click ac\u00e1<\/a>.<\/div>\n","protected":false},"excerpt":{"rendered":"<p>Desde el viernes 8 de julio y hasta el domingo 10 inclusive, se desarrollar\u00e1 la 3ra edici\u00f3n de la Expo F\u00fatbol en el LATU. La misma contar\u00e1 con la presencia del stand del 50 veces campe\u00f3n uruguayo, as\u00ed como tambi\u00e9n de otros clubes menores: tal es el caso de Plaza Colonia, Wanderers y Nacional. Adem\u00e1s, [&hellip;]<\/p>\n","protected":false},"author":13,"featured_media":0,"comment_status":"open","ping_status":"closed","sticky":false,"template":"","format":"standard","meta":{"footnotes":""},"categories":[1],"tags":[39],"yoast_head":"<!-- This site is optimized with the Yoast SEO plugin v23.2 - https:\/\/yoast.com\/wordpress\/plugins\/seo\/ -->\n<title>Pe\u00f1arol presente en el #SportBizLatam - Padre y Decano - El Sitio del Pueblo<\/title>\n<meta name=\"robots\" content=\"index, follow, max-snippet:-1, max-image-preview:large, max-video-preview:-1\" \/>\n<link rel=\"canonical\" href=\"https:\/\/www.padreydecano.com\/cms\/noticias\/penarol-presente-en-el-sportbizlatam\/\" \/>\n<meta property=\"og:locale\" content=\"es_ES\" \/>\n<meta property=\"og:type\" content=\"article\" \/>\n<meta property=\"og:title\" content=\"Pe\u00f1arol presente en el #SportBizLatam - Padre y Decano - El Sitio del Pueblo\" \/>\n<meta property=\"og:description\" content=\"Desde el viernes 8 de julio y hasta el domingo 10 inclusive, se desarrollar\u00e1 la 3ra edici\u00f3n de la Expo F\u00fatbol en el LATU. La misma contar\u00e1 con la presencia del stand del 50 veces campe\u00f3n uruguayo, as\u00ed como tambi\u00e9n de otros clubes menores: tal es el caso de Plaza Colonia, Wanderers y Nacional. Adem\u00e1s, [&hellip;]\" \/>\n<meta property=\"og:url\" content=\"https:\/\/www.padreydecano.com\/cms\/noticias\/penarol-presente-en-el-sportbizlatam\/\" \/>\n<meta property=\"og:site_name\" content=\"Padre y Decano - El Sitio del Pueblo\" \/>\n<meta property=\"article:published_time\" content=\"2016-07-07T01:12:24+00:00\" \/>\n<meta property=\"article:modified_time\" content=\"2016-07-10T19:06:55+00:00\" \/>\n<meta property=\"og:image\" content=\"http:\/\/www.padreydecano.com\/cms\/wp-content\/uploads\/2016\/07\/SPORTBIZLATAM.jpg\" \/>\n<meta name=\"author\" content=\"Moderador\" \/>\n<meta name=\"twitter:card\" content=\"summary_large_image\" \/>\n<meta name=\"twitter:label1\" content=\"Escrito por\" \/>\n\t<meta name=\"twitter:data1\" content=\"Moderador\" \/>\n\t<meta name=\"twitter:label2\" content=\"Tiempo de lectura\" \/>\n\t<meta name=\"twitter:data2\" content=\"1 minuto\" \/>\n<script type=\"application\/ld+json\" class=\"yoast-schema-graph\">{\"@context\":\"https:\/\/schema.org\",\"@graph\":[{\"@type\":\"Article\",\"@id\":\"https:\/\/www.padreydecano.com\/cms\/noticias\/penarol-presente-en-el-sportbizlatam\/#article\",\"isPartOf\":{\"@id\":\"https:\/\/www.padreydecano.com\/cms\/noticias\/penarol-presente-en-el-sportbizlatam\/\"},\"author\":{\"name\":\"Moderador\",\"@id\":\"https:\/\/www.padreydecano.com\/cms\/#\/schema\/person\/d93e9e537230ae052c194251d9a1def2\"},\"headline\":\"Pe\u00f1arol presente en el #SportBizLatam\",\"datePublished\":\"2016-07-07T01:12:24+00:00\",\"dateModified\":\"2016-07-10T19:06:55+00:00\",\"mainEntityOfPage\":{\"@id\":\"https:\/\/www.padreydecano.com\/cms\/noticias\/penarol-presente-en-el-sportbizlatam\/\"},\"wordCount\":208,\"commentCount\":4,\"publisher\":{\"@id\":\"https:\/\/www.padreydecano.com\/cms\/#organization\"},\"image\":{\"@id\":\"https:\/\/www.padreydecano.com\/cms\/noticias\/penarol-presente-en-el-sportbizlatam\/#primaryimage\"},\"thumbnailUrl\":\"http:\/\/www.padreydecano.com\/cms\/wp-content\/uploads\/2016\/07\/SPORTBIZLATAM.jpg\",\"keywords\":[\"Institucionales\"],\"articleSection\":[\"Noticias\"],\"inLanguage\":\"es\",\"potentialAction\":[{\"@type\":\"CommentAction\",\"name\":\"Comment\",\"target\":[\"https:\/\/www.padreydecano.com\/cms\/noticias\/penarol-presente-en-el-sportbizlatam\/#respond\"]}]},{\"@type\":\"WebPage\",\"@id\":\"https:\/\/www.padreydecano.com\/cms\/noticias\/penarol-presente-en-el-sportbizlatam\/\",\"url\":\"https:\/\/www.padreydecano.com\/cms\/noticias\/penarol-presente-en-el-sportbizlatam\/\",\"name\":\"Pe\u00f1arol presente en el #SportBizLatam - Padre y Decano - El Sitio del Pueblo\",\"isPartOf\":{\"@id\":\"https:\/\/www.padreydecano.com\/cms\/#website\"},\"primaryImageOfPage\":{\"@id\":\"https:\/\/www.padreydecano.com\/cms\/noticias\/penarol-presente-en-el-sportbizlatam\/#primaryimage\"},\"image\":{\"@id\":\"https:\/\/www.padreydecano.com\/cms\/noticias\/penarol-presente-en-el-sportbizlatam\/#primaryimage\"},\"thumbnailUrl\":\"http:\/\/www.padreydecano.com\/cms\/wp-content\/uploads\/2016\/07\/SPORTBIZLATAM.jpg\",\"datePublished\":\"2016-07-07T01:12:24+00:00\",\"dateModified\":\"2016-07-10T19:06:55+00:00\",\"breadcrumb\":{\"@id\":\"https:\/\/www.padreydecano.com\/cms\/noticias\/penarol-presente-en-el-sportbizlatam\/#breadcrumb\"},\"inLanguage\":\"es\",\"potentialAction\":[{\"@type\":\"ReadAction\",\"target\":[\"https:\/\/www.padreydecano.com\/cms\/noticias\/penarol-presente-en-el-sportbizlatam\/\"]}]},{\"@type\":\"ImageObject\",\"inLanguage\":\"es\",\"@id\":\"https:\/\/www.padreydecano.com\/cms\/noticias\/penarol-presente-en-el-sportbizlatam\/#primaryimage\",\"url\":\"http:\/\/www.padreydecano.com\/cms\/wp-content\/uploads\/2016\/07\/SPORTBIZLATAM.jpg\",\"contentUrl\":\"http:\/\/www.padreydecano.com\/cms\/wp-content\/uploads\/2016\/07\/SPORTBIZLATAM.jpg\"},{\"@type\":\"BreadcrumbList\",\"@id\":\"https:\/\/www.padreydecano.com\/cms\/noticias\/penarol-presente-en-el-sportbizlatam\/#breadcrumb\",\"itemListElement\":[{\"@type\":\"ListItem\",\"position\":1,\"name\":\"Portada\",\"item\":\"https:\/\/www.padreydecano.com\/cms\/\"},{\"@type\":\"ListItem\",\"position\":2,\"name\":\"Pe\u00f1arol presente en el #SportBizLatam\"}]},{\"@type\":\"WebSite\",\"@id\":\"https:\/\/www.padreydecano.com\/cms\/#website\",\"url\":\"https:\/\/www.padreydecano.com\/cms\/\",\"name\":\"Padre y Decano - El Sitio del Pueblo\",\"description\":\"Club Atl\u00e9tico Pe\u00f1arol\",\"publisher\":{\"@id\":\"https:\/\/www.padreydecano.com\/cms\/#organization\"},\"potentialAction\":[{\"@type\":\"SearchAction\",\"target\":{\"@type\":\"EntryPoint\",\"urlTemplate\":\"https:\/\/www.padreydecano.com\/cms\/?s={search_term_string}\"},\"query-input\":\"required name=search_term_string\"}],\"inLanguage\":\"es\"},{\"@type\":\"Organization\",\"@id\":\"https:\/\/www.padreydecano.com\/cms\/#organization\",\"name\":\"Padre y Decano\",\"url\":\"https:\/\/www.padreydecano.com\/cms\/\",\"logo\":{\"@type\":\"ImageObject\",\"inLanguage\":\"es\",\"@id\":\"https:\/\/www.padreydecano.com\/cms\/#\/schema\/logo\/image\/\",\"url\":\"https:\/\/www.padreydecano.com\/cms\/wp-content\/uploads\/2022\/01\/avatar-square.png\",\"contentUrl\":\"https:\/\/www.padreydecano.com\/cms\/wp-content\/uploads\/2022\/01\/avatar-square.png\",\"width\":1500,\"height\":1500,\"caption\":\"Padre y Decano\"},\"image\":{\"@id\":\"https:\/\/www.padreydecano.com\/cms\/#\/schema\/logo\/image\/\"}},{\"@type\":\"Person\",\"@id\":\"https:\/\/www.padreydecano.com\/cms\/#\/schema\/person\/d93e9e537230ae052c194251d9a1def2\",\"name\":\"Moderador\",\"image\":{\"@type\":\"ImageObject\",\"inLanguage\":\"es\",\"@id\":\"https:\/\/www.padreydecano.com\/cms\/#\/schema\/person\/image\/\",\"url\":\"https:\/\/secure.gravatar.com\/avatar\/2587727bf8a53bd3da4ec49f01bea66e?s=96&d=https%3A%2F%2Fpadreydecano.com%2Fcms%2Fwp-content%2Fthemes%2Fpyd-theme%2Fimg%2Fdefault-avatar.png&r=g\",\"contentUrl\":\"https:\/\/secure.gravatar.com\/avatar\/2587727bf8a53bd3da4ec49f01bea66e?s=96&d=https%3A%2F%2Fpadreydecano.com%2Fcms%2Fwp-content%2Fthemes%2Fpyd-theme%2Fimg%2Fdefault-avatar.png&r=g\",\"caption\":\"Moderador\"}}]}<\/script>\n<!-- \/ Yoast SEO plugin. -->","yoast_head_json":{"title":"Pe\u00f1arol presente en el #SportBizLatam - Padre y Decano - El Sitio del Pueblo","robots":{"index":"index","follow":"follow","max-snippet":"max-snippet:-1","max-image-preview":"max-image-preview:large","max-video-preview":"max-video-preview:-1"},"canonical":"https:\/\/www.padreydecano.com\/cms\/noticias\/penarol-presente-en-el-sportbizlatam\/","og_locale":"es_ES","og_type":"article","og_title":"Pe\u00f1arol presente en el #SportBizLatam - Padre y Decano - El Sitio del Pueblo","og_description":"Desde el viernes 8 de julio y hasta el domingo 10 inclusive, se desarrollar\u00e1 la 3ra edici\u00f3n de la Expo F\u00fatbol en el LATU. La misma contar\u00e1 con la presencia del stand del 50 veces campe\u00f3n uruguayo, as\u00ed como tambi\u00e9n de otros clubes menores: tal es el caso de Plaza Colonia, Wanderers y Nacional. Adem\u00e1s, [&hellip;]","og_url":"https:\/\/www.padreydecano.com\/cms\/noticias\/penarol-presente-en-el-sportbizlatam\/","og_site_name":"Padre y Decano - El Sitio del Pueblo","article_published_time":"2016-07-07T01:12:24+00:00","article_modified_time":"2016-07-10T19:06:55+00:00","og_image":[{"url":"http:\/\/www.padreydecano.com\/cms\/wp-content\/uploads\/2016\/07\/SPORTBIZLATAM.jpg"}],"author":"Moderador","twitter_card":"summary_large_image","twitter_misc":{"Escrito por":"Moderador","Tiempo de lectura":"1 minuto"},"schema":{"@context":"https:\/\/schema.org","@graph":[{"@type":"Article","@id":"https:\/\/www.padreydecano.com\/cms\/noticias\/penarol-presente-en-el-sportbizlatam\/#article","isPartOf":{"@id":"https:\/\/www.padreydecano.com\/cms\/noticias\/penarol-presente-en-el-sportbizlatam\/"},"author":{"name":"Moderador","@id":"https:\/\/www.padreydecano.com\/cms\/#\/schema\/person\/d93e9e537230ae052c194251d9a1def2"},"headline":"Pe\u00f1arol presente en el #SportBizLatam","datePublished":"2016-07-07T01:12:24+00:00","dateModified":"2016-07-10T19:06:55+00:00","mainEntityOfPage":{"@id":"https:\/\/www.padreydecano.com\/cms\/noticias\/penarol-presente-en-el-sportbizlatam\/"},"wordCount":208,"commentCount":4,"publisher":{"@id":"https:\/\/www.padreydecano.com\/cms\/#organization"},"image":{"@id":"https:\/\/www.padreydecano.com\/cms\/noticias\/penarol-presente-en-el-sportbizlatam\/#primaryimage"},"thumbnailUrl":"http:\/\/www.padreydecano.com\/cms\/wp-content\/uploads\/2016\/07\/SPORTBIZLATAM.jpg","keywords":["Institucionales"],"articleSection":["Noticias"],"inLanguage":"es","potentialAction":[{"@type":"CommentAction","name":"Comment","target":["https:\/\/www.padreydecano.com\/cms\/noticias\/penarol-presente-en-el-sportbizlatam\/#respond"]}]},{"@type":"WebPage","@id":"https:\/\/www.padreydecano.com\/cms\/noticias\/penarol-presente-en-el-sportbizlatam\/","url":"https:\/\/www.padreydecano.com\/cms\/noticias\/penarol-presente-en-el-sportbizlatam\/","name":"Pe\u00f1arol presente en el #SportBizLatam - Padre y Decano - El Sitio del Pueblo","isPartOf":{"@id":"https:\/\/www.padreydecano.com\/cms\/#website"},"primaryImageOfPage":{"@id":"https:\/\/www.padreydecano.com\/cms\/noticias\/penarol-presente-en-el-sportbizlatam\/#primaryimage"},"image":{"@id":"https:\/\/www.padreydecano.com\/cms\/noticias\/penarol-presente-en-el-sportbizlatam\/#primaryimage"},"thumbnailUrl":"http:\/\/www.padreydecano.com\/cms\/wp-content\/uploads\/2016\/07\/SPORTBIZLATAM.jpg","datePublished":"2016-07-07T01:12:24+00:00","dateModified":"2016-07-10T19:06:55+00:00","breadcrumb":{"@id":"https:\/\/www.padreydecano.com\/cms\/noticias\/penarol-presente-en-el-sportbizlatam\/#breadcrumb"},"inLanguage":"es","potentialAction":[{"@type":"ReadAction","target":["https:\/\/www.padreydecano.com\/cms\/noticias\/penarol-presente-en-el-sportbizlatam\/"]}]},{"@type":"ImageObject","inLanguage":"es","@id":"https:\/\/www.padreydecano.com\/cms\/noticias\/penarol-presente-en-el-sportbizlatam\/#primaryimage","url":"http:\/\/www.padreydecano.com\/cms\/wp-content\/uploads\/2016\/07\/SPORTBIZLATAM.jpg","contentUrl":"http:\/\/www.padreydecano.com\/cms\/wp-content\/uploads\/2016\/07\/SPORTBIZLATAM.jpg"},{"@type":"BreadcrumbList","@id":"https:\/\/www.padreydecano.com\/cms\/noticias\/penarol-presente-en-el-sportbizlatam\/#breadcrumb","itemListElement":[{"@type":"ListItem","position":1,"name":"Portada","item":"https:\/\/www.padreydecano.com\/cms\/"},{"@type":"ListItem","position":2,"name":"Pe\u00f1arol presente en el #SportBizLatam"}]},{"@type":"WebSite","@id":"https:\/\/www.padreydecano.com\/cms\/#website","url":"https:\/\/www.padreydecano.com\/cms\/","name":"Padre y Decano - El Sitio del Pueblo","description":"Club Atl\u00e9tico Pe\u00f1arol","publisher":{"@id":"https:\/\/www.padreydecano.com\/cms\/#organization"},"potentialAction":[{"@type":"SearchAction","target":{"@type":"EntryPoint","urlTemplate":"https:\/\/www.padreydecano.com\/cms\/?s={search_term_string}"},"query-input":"required name=search_term_string"}],"inLanguage":"es"},{"@type":"Organization","@id":"https:\/\/www.padreydecano.com\/cms\/#organization","name":"Padre y Decano","url":"https:\/\/www.padreydecano.com\/cms\/","logo":{"@type":"ImageObject","inLanguage":"es","@id":"https:\/\/www.padreydecano.com\/cms\/#\/schema\/logo\/image\/","url":"https:\/\/www.padreydecano.com\/cms\/wp-content\/uploads\/2022\/01\/avatar-square.png","contentUrl":"https:\/\/www.padreydecano.com\/cms\/wp-content\/uploads\/2022\/01\/avatar-square.png","width":1500,"height":1500,"caption":"Padre y Decano"},"image":{"@id":"https:\/\/www.padreydecano.com\/cms\/#\/schema\/logo\/image\/"}},{"@type":"Person","@id":"https:\/\/www.padreydecano.com\/cms\/#\/schema\/person\/d93e9e537230ae052c194251d9a1def2","name":"Moderador","image":{"@type":"ImageObject","inLanguage":"es","@id":"https:\/\/www.padreydecano.com\/cms\/#\/schema\/person\/image\/","url":"https:\/\/secure.gravatar.com\/avatar\/2587727bf8a53bd3da4ec49f01bea66e?s=96&d=https%3A%2F%2Fpadreydecano.com%2Fcms%2Fwp-content%2Fthemes%2Fpyd-theme%2Fimg%2Fdefault-avatar.png&r=g","contentUrl":"https:\/\/secure.gravatar.com\/avatar\/2587727bf8a53bd3da4ec49f01bea66e?s=96&d=https%3A%2F%2Fpadreydecano.com%2Fcms%2Fwp-content%2Fthemes%2Fpyd-theme%2Fimg%2Fdefault-avatar.png&r=g","caption":"Moderador"}}]}},"_links":{"self":[{"href":"https:\/\/www.padreydecano.com\/cms\/wp-json\/wp\/v2\/posts\/59474"}],"collection":[{"href":"https:\/\/www.padreydecano.com\/cms\/wp-json\/wp\/v2\/posts"}],"about":[{"href":"https:\/\/www.padreydecano.com\/cms\/wp-json\/wp\/v2\/types\/post"}],"author":[{"embeddable":true,"href":"https:\/\/www.padreydecano.com\/cms\/wp-json\/wp\/v2\/users\/13"}],"replies":[{"embeddable":true,"href":"https:\/\/www.padreydecano.com\/cms\/wp-json\/wp\/v2\/comments?post=59474"}],"version-history":[{"count":0,"href":"https:\/\/www.padreydecano.com\/cms\/wp-json\/wp\/v2\/posts\/59474\/revisions"}],"wp:attachment":[{"href":"https:\/\/www.padreydecano.com\/cms\/wp-json\/wp\/v2\/media?parent=59474"}],"wp:term":[{"taxonomy":"category","embeddable":true,"href":"https:\/\/www.padreydecano.com\/cms\/wp-json\/wp\/v2\/categories?post=59474"},{"taxonomy":"post_tag","embeddable":true,"href":"https:\/\/www.padreydecano.com\/cms\/wp-json\/wp\/v2\/tags?post=59474"}],"curies":[{"name":"wp","href":"https:\/\/api.w.org\/{rel}","templated":true}]}}