{"id":59445,"date":"2016-07-01T12:49:38","date_gmt":"2016-07-01T15:49:38","guid":{"rendered":"http:\/\/www.padreydecano.com\/cms\/?p=59445"},"modified":"2016-07-01T12:49:38","modified_gmt":"2016-07-01T15:49:38","slug":"angel-rodriguez-soy-un-jugador-muy-aguerrido","status":"publish","type":"post","link":"https:\/\/www.padreydecano.com\/cms\/entrevistas\/angel-rodriguez-soy-un-jugador-muy-aguerrido\/","title":{"rendered":"\u00c1ngel Rodr\u00edguez: \u00abSoy un jugador muy aguerrido\u00bb"},"content":{"rendered":"<p><a href=\"https:\/\/www.padreydecano.com\/cms\/wp-content\/uploads\/2016\/07\/angel-rodriguez-presentacion.jpg\" rel=\"shadowbox[sbpost-59445];player=img;\"><img loading=\"lazy\" decoding=\"async\" class=\"aligncenter size-large wp-image-59446\" src=\"https:\/\/www.padreydecano.com\/cms\/wp-content\/uploads\/2016\/07\/angel-rodriguez-presentacion-1024x683.jpg\" alt=\"angel-rodriguez-presentacion\" width=\"620\" height=\"414\" srcset=\"https:\/\/www.padreydecano.com\/cms\/wp-content\/uploads\/2016\/07\/angel-rodriguez-presentacion-1024x683.jpg 1024w, https:\/\/www.padreydecano.com\/cms\/wp-content\/uploads\/2016\/07\/angel-rodriguez-presentacion-300x200.jpg 300w, https:\/\/www.padreydecano.com\/cms\/wp-content\/uploads\/2016\/07\/angel-rodriguez-presentacion-768x512.jpg 768w, https:\/\/www.padreydecano.com\/cms\/wp-content\/uploads\/2016\/07\/angel-rodriguez-presentacion.jpg 1213w\" sizes=\"(max-width: 620px) 100vw, 620px\" \/><\/a><\/p>\n<p style=\"text-align: justify;\"><strong>\u00c1ngel Rodr\u00edguez fue presentado esta ma\u00f1ana en Los Aromos como nuevo jugador de Pe\u00f1arol. El volante procedente de River Plate demostr\u00f3 una felicidad inmensa al colocarse por primera vez la camiseta.<\/strong> \u00abEstoy muy contento por esta oportunidad, y muy agradecido por poder vestir estos colores que ya desde ni\u00f1o uno so\u00f1aba. Esperemos hacer lo mejor que se pueda\u00bb.<\/p>\n<p style=\"text-align: justify;\"><span style=\"color: #ffcc02;\"><strong>Sensaciones:<\/strong><\/span> \u00abLos primeros d\u00edas de entrenamiento fueron espectaculares, los compa\u00f1eros me recibieron de la mejor manera, me sent\u00ed muy c\u00f3modo. Con la firma ya en un papel, da una tranquilidad que suma mucho en lo personal\u00bb.<\/p>\n<p style=\"text-align: justify;\"><span style=\"color: #ffcc02;\"><strong>Ofertas del exterior y decisi\u00f3n de Pe\u00f1arol:<\/strong><\/span> \u00abEso ya queda atr\u00e1s, la decisi\u00f3n que est\u00e1 muy bien tomada, ya lo dije, es un sue\u00f1o desde chiquito estar en el equipo que uno admiraba y anhelaba jugar. Contento y espero que ya pr\u00f3ximamente pueda vestir estos colores en la cancha\u00bb.<\/p>\n<p style=\"text-align: justify;\"><span style=\"color: #ffcc02;\"><strong>Jugadores:<\/strong> <\/span>\u00abTengo relaci\u00f3n desde alg\u00fan tiempo atr\u00e1s con Maxi Olivera, ahora en este tiempo &#8211; que hace poco acaba de firmar- tambi\u00e9n con Guzm\u00e1n, bueno tambi\u00e9n con Maxi Rodr\u00edguez. Unos cuantos que ya ten\u00eda un vinculo desde antes, pero me llevo muy bien con todos, los conoc\u00eda del \u00e1mbito del f\u00fatbol de jugar en contra, eso suma, y excelente grupo y excelentes compa\u00f1eros. El recibimiento fue muy bueno y estoy contento por eso tambi\u00e9n\u00bb.<\/p>\n<p style=\"text-align: justify;\"><span style=\"color: #ffcc02;\"><strong>River Plate:<\/strong><\/span> \u00abMe ha servido de vidriera, y como aprendizaje tambi\u00e9n, muy agradecido al club por eso\u00bb.<\/p>\n<p style=\"text-align: justify;\"><span style=\"color: #ffcc02;\"><strong>Elogios de Juan Ram\u00f3n Carrasco:<\/strong><\/span> \u00abCreo que no es una presi\u00f3n, lo tomo como un halago m\u00e1s que nada, lo he dicho en muchas ocasiones, esto hace sentir que uno hace las cosas bien, que las sigue haciendo bien. Y en este caso, Juan, que es muy especial en el f\u00fatbol, es bueno que deposite esa confianza en uno, que sepa que va a seguir progresando es realmente importante. Ahora espero hacerlo aun mejor para dar el resultado que este club con la historia que tiene se merece\u00bb.<\/p>\n<p style=\"text-align: justify;\"><span style=\"color: #ffcc02;\"><strong>Caracter\u00edsticas:<\/strong><\/span> \u00abSoy un jugador muy aguerrido, un jugador muy pensativo tambi\u00e9n dentro de la cancha y creo que me baso en eso. Un jugador que se brinda al m\u00e1ximo en todo aspecto en la cancha y por ah\u00ed va todo el sentimiento y lo futbol\u00edstico que va a ver el hincha de Pe\u00f1arol\u00bb.<\/p>\n<p style=\"text-align: justify;\"><span style=\"color: #ffcc02;\"><strong>Fama de la hermana:<\/strong> <\/span>\u00abEso es independiente, a m\u00ed que me digan que soy hermano de D\u00e9borah no me cambia en nada, orgulloso, y si pasa al rev\u00e9s ella va a sentir lo mismo, somos una familia y estamos contentos por los logros de cada uno. El orgullo es de ambos, y esperemos seguir consiguiendo m\u00e1s objetivos que eso es lo primordial\u00bb.<\/p>\n<p style=\"text-align: justify;\"><span style=\"color: #ffcc02;\"><strong>Jugar un cl\u00e1sico:<\/strong><\/span> \u00abNo me lo imagin\u00e9, me doy una cierta idea pero creo que ac\u00e1, el se\u00f1or, (en referencia a Fernando Morena) sabe de eso y lo voy a vivir en su momento, cuando as\u00ed pase, voy a sentir qu\u00e9 significa eso\u00bb.<\/p>\n","protected":false},"excerpt":{"rendered":"<p>\u00c1ngel Rodr\u00edguez fue presentado esta ma\u00f1ana en Los Aromos como nuevo jugador de Pe\u00f1arol. El volante procedente de River Plate demostr\u00f3 una felicidad inmensa al colocarse por primera vez la camiseta. \u00abEstoy muy contento por esta oportunidad, y muy agradecido por poder vestir estos colores que ya desde ni\u00f1o uno so\u00f1aba. Esperemos hacer lo mejor [&hellip;]<\/p>\n","protected":false},"author":13,"featured_media":0,"comment_status":"open","ping_status":"closed","sticky":false,"template":"","format":"standard","meta":{"footnotes":""},"categories":[30],"tags":[26],"yoast_head":"<!-- This site is optimized with the Yoast SEO plugin v23.2 - https:\/\/yoast.com\/wordpress\/plugins\/seo\/ -->\n<title>\u00c1ngel Rodr\u00edguez: &quot;Soy un jugador muy aguerrido&quot; - Padre y Decano - El Sitio del Pueblo<\/title>\n<meta name=\"robots\" content=\"index, follow, max-snippet:-1, max-image-preview:large, max-video-preview:-1\" \/>\n<link rel=\"canonical\" href=\"https:\/\/www.padreydecano.com\/cms\/entrevistas\/angel-rodriguez-soy-un-jugador-muy-aguerrido\/\" \/>\n<meta property=\"og:locale\" content=\"es_ES\" \/>\n<meta property=\"og:type\" content=\"article\" \/>\n<meta property=\"og:title\" content=\"\u00c1ngel Rodr\u00edguez: &quot;Soy un jugador muy aguerrido&quot; - Padre y Decano - El Sitio del Pueblo\" \/>\n<meta property=\"og:description\" content=\"\u00c1ngel Rodr\u00edguez fue presentado esta ma\u00f1ana en Los Aromos como nuevo jugador de Pe\u00f1arol. El volante procedente de River Plate demostr\u00f3 una felicidad inmensa al colocarse por primera vez la camiseta. \u00abEstoy muy contento por esta oportunidad, y muy agradecido por poder vestir estos colores que ya desde ni\u00f1o uno so\u00f1aba. Esperemos hacer lo mejor [&hellip;]\" \/>\n<meta property=\"og:url\" content=\"https:\/\/www.padreydecano.com\/cms\/entrevistas\/angel-rodriguez-soy-un-jugador-muy-aguerrido\/\" \/>\n<meta property=\"og:site_name\" content=\"Padre y Decano - El Sitio del Pueblo\" \/>\n<meta property=\"article:published_time\" content=\"2016-07-01T15:49:38+00:00\" \/>\n<meta property=\"og:image\" content=\"http:\/\/www.padreydecano.com\/cms\/wp-content\/uploads\/2016\/07\/angel-rodriguez-presentacion-1024x683.jpg\" \/>\n<meta name=\"author\" content=\"Moderador\" \/>\n<meta name=\"twitter:card\" content=\"summary_large_image\" \/>\n<meta name=\"twitter:label1\" content=\"Escrito por\" \/>\n\t<meta name=\"twitter:data1\" content=\"Moderador\" \/>\n\t<meta name=\"twitter:label2\" content=\"Tiempo de lectura\" \/>\n\t<meta name=\"twitter:data2\" content=\"3 minutos\" \/>\n<script type=\"application\/ld+json\" class=\"yoast-schema-graph\">{\"@context\":\"https:\/\/schema.org\",\"@graph\":[{\"@type\":\"Article\",\"@id\":\"https:\/\/www.padreydecano.com\/cms\/entrevistas\/angel-rodriguez-soy-un-jugador-muy-aguerrido\/#article\",\"isPartOf\":{\"@id\":\"https:\/\/www.padreydecano.com\/cms\/entrevistas\/angel-rodriguez-soy-un-jugador-muy-aguerrido\/\"},\"author\":{\"name\":\"Moderador\",\"@id\":\"https:\/\/www.padreydecano.com\/cms\/#\/schema\/person\/d93e9e537230ae052c194251d9a1def2\"},\"headline\":\"\u00c1ngel Rodr\u00edguez: \u00abSoy un jugador muy aguerrido\u00bb\",\"datePublished\":\"2016-07-01T15:49:38+00:00\",\"dateModified\":\"2016-07-01T15:49:38+00:00\",\"mainEntityOfPage\":{\"@id\":\"https:\/\/www.padreydecano.com\/cms\/entrevistas\/angel-rodriguez-soy-un-jugador-muy-aguerrido\/\"},\"wordCount\":529,\"commentCount\":34,\"publisher\":{\"@id\":\"https:\/\/www.padreydecano.com\/cms\/#organization\"},\"image\":{\"@id\":\"https:\/\/www.padreydecano.com\/cms\/entrevistas\/angel-rodriguez-soy-un-jugador-muy-aguerrido\/#primaryimage\"},\"thumbnailUrl\":\"http:\/\/www.padreydecano.com\/cms\/wp-content\/uploads\/2016\/07\/angel-rodriguez-presentacion-1024x683.jpg\",\"keywords\":[\"Mercado de pases\"],\"articleSection\":[\"Entrevistas\"],\"inLanguage\":\"es\",\"potentialAction\":[{\"@type\":\"CommentAction\",\"name\":\"Comment\",\"target\":[\"https:\/\/www.padreydecano.com\/cms\/entrevistas\/angel-rodriguez-soy-un-jugador-muy-aguerrido\/#respond\"]}]},{\"@type\":\"WebPage\",\"@id\":\"https:\/\/www.padreydecano.com\/cms\/entrevistas\/angel-rodriguez-soy-un-jugador-muy-aguerrido\/\",\"url\":\"https:\/\/www.padreydecano.com\/cms\/entrevistas\/angel-rodriguez-soy-un-jugador-muy-aguerrido\/\",\"name\":\"\u00c1ngel Rodr\u00edguez: \\\"Soy un jugador muy aguerrido\\\" - Padre y Decano - El Sitio del Pueblo\",\"isPartOf\":{\"@id\":\"https:\/\/www.padreydecano.com\/cms\/#website\"},\"primaryImageOfPage\":{\"@id\":\"https:\/\/www.padreydecano.com\/cms\/entrevistas\/angel-rodriguez-soy-un-jugador-muy-aguerrido\/#primaryimage\"},\"image\":{\"@id\":\"https:\/\/www.padreydecano.com\/cms\/entrevistas\/angel-rodriguez-soy-un-jugador-muy-aguerrido\/#primaryimage\"},\"thumbnailUrl\":\"http:\/\/www.padreydecano.com\/cms\/wp-content\/uploads\/2016\/07\/angel-rodriguez-presentacion-1024x683.jpg\",\"datePublished\":\"2016-07-01T15:49:38+00:00\",\"dateModified\":\"2016-07-01T15:49:38+00:00\",\"breadcrumb\":{\"@id\":\"https:\/\/www.padreydecano.com\/cms\/entrevistas\/angel-rodriguez-soy-un-jugador-muy-aguerrido\/#breadcrumb\"},\"inLanguage\":\"es\",\"potentialAction\":[{\"@type\":\"ReadAction\",\"target\":[\"https:\/\/www.padreydecano.com\/cms\/entrevistas\/angel-rodriguez-soy-un-jugador-muy-aguerrido\/\"]}]},{\"@type\":\"ImageObject\",\"inLanguage\":\"es\",\"@id\":\"https:\/\/www.padreydecano.com\/cms\/entrevistas\/angel-rodriguez-soy-un-jugador-muy-aguerrido\/#primaryimage\",\"url\":\"http:\/\/www.padreydecano.com\/cms\/wp-content\/uploads\/2016\/07\/angel-rodriguez-presentacion-1024x683.jpg\",\"contentUrl\":\"http:\/\/www.padreydecano.com\/cms\/wp-content\/uploads\/2016\/07\/angel-rodriguez-presentacion-1024x683.jpg\"},{\"@type\":\"BreadcrumbList\",\"@id\":\"https:\/\/www.padreydecano.com\/cms\/entrevistas\/angel-rodriguez-soy-un-jugador-muy-aguerrido\/#breadcrumb\",\"itemListElement\":[{\"@type\":\"ListItem\",\"position\":1,\"name\":\"Portada\",\"item\":\"https:\/\/www.padreydecano.com\/cms\/\"},{\"@type\":\"ListItem\",\"position\":2,\"name\":\"\u00c1ngel Rodr\u00edguez: \u00abSoy un jugador muy aguerrido\u00bb\"}]},{\"@type\":\"WebSite\",\"@id\":\"https:\/\/www.padreydecano.com\/cms\/#website\",\"url\":\"https:\/\/www.padreydecano.com\/cms\/\",\"name\":\"Padre y Decano - El Sitio del Pueblo\",\"description\":\"Club Atl\u00e9tico Pe\u00f1arol\",\"publisher\":{\"@id\":\"https:\/\/www.padreydecano.com\/cms\/#organization\"},\"potentialAction\":[{\"@type\":\"SearchAction\",\"target\":{\"@type\":\"EntryPoint\",\"urlTemplate\":\"https:\/\/www.padreydecano.com\/cms\/?s={search_term_string}\"},\"query-input\":\"required name=search_term_string\"}],\"inLanguage\":\"es\"},{\"@type\":\"Organization\",\"@id\":\"https:\/\/www.padreydecano.com\/cms\/#organization\",\"name\":\"Padre y Decano\",\"url\":\"https:\/\/www.padreydecano.com\/cms\/\",\"logo\":{\"@type\":\"ImageObject\",\"inLanguage\":\"es\",\"@id\":\"https:\/\/www.padreydecano.com\/cms\/#\/schema\/logo\/image\/\",\"url\":\"https:\/\/www.padreydecano.com\/cms\/wp-content\/uploads\/2022\/01\/avatar-square.png\",\"contentUrl\":\"https:\/\/www.padreydecano.com\/cms\/wp-content\/uploads\/2022\/01\/avatar-square.png\",\"width\":1500,\"height\":1500,\"caption\":\"Padre y Decano\"},\"image\":{\"@id\":\"https:\/\/www.padreydecano.com\/cms\/#\/schema\/logo\/image\/\"}},{\"@type\":\"Person\",\"@id\":\"https:\/\/www.padreydecano.com\/cms\/#\/schema\/person\/d93e9e537230ae052c194251d9a1def2\",\"name\":\"Moderador\",\"image\":{\"@type\":\"ImageObject\",\"inLanguage\":\"es\",\"@id\":\"https:\/\/www.padreydecano.com\/cms\/#\/schema\/person\/image\/\",\"url\":\"https:\/\/secure.gravatar.com\/avatar\/2587727bf8a53bd3da4ec49f01bea66e?s=96&d=https%3A%2F%2Fpadreydecano.com%2Fcms%2Fwp-content%2Fthemes%2Fpyd-theme%2Fimg%2Fdefault-avatar.png&r=g\",\"contentUrl\":\"https:\/\/secure.gravatar.com\/avatar\/2587727bf8a53bd3da4ec49f01bea66e?s=96&d=https%3A%2F%2Fpadreydecano.com%2Fcms%2Fwp-content%2Fthemes%2Fpyd-theme%2Fimg%2Fdefault-avatar.png&r=g\",\"caption\":\"Moderador\"}}]}<\/script>\n<!-- \/ Yoast SEO plugin. -->","yoast_head_json":{"title":"\u00c1ngel Rodr\u00edguez: \"Soy un jugador muy aguerrido\" - Padre y Decano - El Sitio del Pueblo","robots":{"index":"index","follow":"follow","max-snippet":"max-snippet:-1","max-image-preview":"max-image-preview:large","max-video-preview":"max-video-preview:-1"},"canonical":"https:\/\/www.padreydecano.com\/cms\/entrevistas\/angel-rodriguez-soy-un-jugador-muy-aguerrido\/","og_locale":"es_ES","og_type":"article","og_title":"\u00c1ngel Rodr\u00edguez: \"Soy un jugador muy aguerrido\" - Padre y Decano - El Sitio del Pueblo","og_description":"\u00c1ngel Rodr\u00edguez fue presentado esta ma\u00f1ana en Los Aromos como nuevo jugador de Pe\u00f1arol. El volante procedente de River Plate demostr\u00f3 una felicidad inmensa al colocarse por primera vez la camiseta. \u00abEstoy muy contento por esta oportunidad, y muy agradecido por poder vestir estos colores que ya desde ni\u00f1o uno so\u00f1aba. Esperemos hacer lo mejor [&hellip;]","og_url":"https:\/\/www.padreydecano.com\/cms\/entrevistas\/angel-rodriguez-soy-un-jugador-muy-aguerrido\/","og_site_name":"Padre y Decano - El Sitio del Pueblo","article_published_time":"2016-07-01T15:49:38+00:00","og_image":[{"url":"http:\/\/www.padreydecano.com\/cms\/wp-content\/uploads\/2016\/07\/angel-rodriguez-presentacion-1024x683.jpg"}],"author":"Moderador","twitter_card":"summary_large_image","twitter_misc":{"Escrito por":"Moderador","Tiempo de lectura":"3 minutos"},"schema":{"@context":"https:\/\/schema.org","@graph":[{"@type":"Article","@id":"https:\/\/www.padreydecano.com\/cms\/entrevistas\/angel-rodriguez-soy-un-jugador-muy-aguerrido\/#article","isPartOf":{"@id":"https:\/\/www.padreydecano.com\/cms\/entrevistas\/angel-rodriguez-soy-un-jugador-muy-aguerrido\/"},"author":{"name":"Moderador","@id":"https:\/\/www.padreydecano.com\/cms\/#\/schema\/person\/d93e9e537230ae052c194251d9a1def2"},"headline":"\u00c1ngel Rodr\u00edguez: \u00abSoy un jugador muy aguerrido\u00bb","datePublished":"2016-07-01T15:49:38+00:00","dateModified":"2016-07-01T15:49:38+00:00","mainEntityOfPage":{"@id":"https:\/\/www.padreydecano.com\/cms\/entrevistas\/angel-rodriguez-soy-un-jugador-muy-aguerrido\/"},"wordCount":529,"commentCount":34,"publisher":{"@id":"https:\/\/www.padreydecano.com\/cms\/#organization"},"image":{"@id":"https:\/\/www.padreydecano.com\/cms\/entrevistas\/angel-rodriguez-soy-un-jugador-muy-aguerrido\/#primaryimage"},"thumbnailUrl":"http:\/\/www.padreydecano.com\/cms\/wp-content\/uploads\/2016\/07\/angel-rodriguez-presentacion-1024x683.jpg","keywords":["Mercado de pases"],"articleSection":["Entrevistas"],"inLanguage":"es","potentialAction":[{"@type":"CommentAction","name":"Comment","target":["https:\/\/www.padreydecano.com\/cms\/entrevistas\/angel-rodriguez-soy-un-jugador-muy-aguerrido\/#respond"]}]},{"@type":"WebPage","@id":"https:\/\/www.padreydecano.com\/cms\/entrevistas\/angel-rodriguez-soy-un-jugador-muy-aguerrido\/","url":"https:\/\/www.padreydecano.com\/cms\/entrevistas\/angel-rodriguez-soy-un-jugador-muy-aguerrido\/","name":"\u00c1ngel Rodr\u00edguez: \"Soy un jugador muy aguerrido\" - Padre y Decano - El Sitio del Pueblo","isPartOf":{"@id":"https:\/\/www.padreydecano.com\/cms\/#website"},"primaryImageOfPage":{"@id":"https:\/\/www.padreydecano.com\/cms\/entrevistas\/angel-rodriguez-soy-un-jugador-muy-aguerrido\/#primaryimage"},"image":{"@id":"https:\/\/www.padreydecano.com\/cms\/entrevistas\/angel-rodriguez-soy-un-jugador-muy-aguerrido\/#primaryimage"},"thumbnailUrl":"http:\/\/www.padreydecano.com\/cms\/wp-content\/uploads\/2016\/07\/angel-rodriguez-presentacion-1024x683.jpg","datePublished":"2016-07-01T15:49:38+00:00","dateModified":"2016-07-01T15:49:38+00:00","breadcrumb":{"@id":"https:\/\/www.padreydecano.com\/cms\/entrevistas\/angel-rodriguez-soy-un-jugador-muy-aguerrido\/#breadcrumb"},"inLanguage":"es","potentialAction":[{"@type":"ReadAction","target":["https:\/\/www.padreydecano.com\/cms\/entrevistas\/angel-rodriguez-soy-un-jugador-muy-aguerrido\/"]}]},{"@type":"ImageObject","inLanguage":"es","@id":"https:\/\/www.padreydecano.com\/cms\/entrevistas\/angel-rodriguez-soy-un-jugador-muy-aguerrido\/#primaryimage","url":"http:\/\/www.padreydecano.com\/cms\/wp-content\/uploads\/2016\/07\/angel-rodriguez-presentacion-1024x683.jpg","contentUrl":"http:\/\/www.padreydecano.com\/cms\/wp-content\/uploads\/2016\/07\/angel-rodriguez-presentacion-1024x683.jpg"},{"@type":"BreadcrumbList","@id":"https:\/\/www.padreydecano.com\/cms\/entrevistas\/angel-rodriguez-soy-un-jugador-muy-aguerrido\/#breadcrumb","itemListElement":[{"@type":"ListItem","position":1,"name":"Portada","item":"https:\/\/www.padreydecano.com\/cms\/"},{"@type":"ListItem","position":2,"name":"\u00c1ngel Rodr\u00edguez: \u00abSoy un jugador muy aguerrido\u00bb"}]},{"@type":"WebSite","@id":"https:\/\/www.padreydecano.com\/cms\/#website","url":"https:\/\/www.padreydecano.com\/cms\/","name":"Padre y Decano - El Sitio del Pueblo","description":"Club Atl\u00e9tico Pe\u00f1arol","publisher":{"@id":"https:\/\/www.padreydecano.com\/cms\/#organization"},"potentialAction":[{"@type":"SearchAction","target":{"@type":"EntryPoint","urlTemplate":"https:\/\/www.padreydecano.com\/cms\/?s={search_term_string}"},"query-input":"required name=search_term_string"}],"inLanguage":"es"},{"@type":"Organization","@id":"https:\/\/www.padreydecano.com\/cms\/#organization","name":"Padre y Decano","url":"https:\/\/www.padreydecano.com\/cms\/","logo":{"@type":"ImageObject","inLanguage":"es","@id":"https:\/\/www.padreydecano.com\/cms\/#\/schema\/logo\/image\/","url":"https:\/\/www.padreydecano.com\/cms\/wp-content\/uploads\/2022\/01\/avatar-square.png","contentUrl":"https:\/\/www.padreydecano.com\/cms\/wp-content\/uploads\/2022\/01\/avatar-square.png","width":1500,"height":1500,"caption":"Padre y Decano"},"image":{"@id":"https:\/\/www.padreydecano.com\/cms\/#\/schema\/logo\/image\/"}},{"@type":"Person","@id":"https:\/\/www.padreydecano.com\/cms\/#\/schema\/person\/d93e9e537230ae052c194251d9a1def2","name":"Moderador","image":{"@type":"ImageObject","inLanguage":"es","@id":"https:\/\/www.padreydecano.com\/cms\/#\/schema\/person\/image\/","url":"https:\/\/secure.gravatar.com\/avatar\/2587727bf8a53bd3da4ec49f01bea66e?s=96&d=https%3A%2F%2Fpadreydecano.com%2Fcms%2Fwp-content%2Fthemes%2Fpyd-theme%2Fimg%2Fdefault-avatar.png&r=g","contentUrl":"https:\/\/secure.gravatar.com\/avatar\/2587727bf8a53bd3da4ec49f01bea66e?s=96&d=https%3A%2F%2Fpadreydecano.com%2Fcms%2Fwp-content%2Fthemes%2Fpyd-theme%2Fimg%2Fdefault-avatar.png&r=g","caption":"Moderador"}}]}},"_links":{"self":[{"href":"https:\/\/www.padreydecano.com\/cms\/wp-json\/wp\/v2\/posts\/59445"}],"collection":[{"href":"https:\/\/www.padreydecano.com\/cms\/wp-json\/wp\/v2\/posts"}],"about":[{"href":"https:\/\/www.padreydecano.com\/cms\/wp-json\/wp\/v2\/types\/post"}],"author":[{"embeddable":true,"href":"https:\/\/www.padreydecano.com\/cms\/wp-json\/wp\/v2\/users\/13"}],"replies":[{"embeddable":true,"href":"https:\/\/www.padreydecano.com\/cms\/wp-json\/wp\/v2\/comments?post=59445"}],"version-history":[{"count":0,"href":"https:\/\/www.padreydecano.com\/cms\/wp-json\/wp\/v2\/posts\/59445\/revisions"}],"wp:attachment":[{"href":"https:\/\/www.padreydecano.com\/cms\/wp-json\/wp\/v2\/media?parent=59445"}],"wp:term":[{"taxonomy":"category","embeddable":true,"href":"https:\/\/www.padreydecano.com\/cms\/wp-json\/wp\/v2\/categories?post=59445"},{"taxonomy":"post_tag","embeddable":true,"href":"https:\/\/www.padreydecano.com\/cms\/wp-json\/wp\/v2\/tags?post=59445"}],"curies":[{"name":"wp","href":"https:\/\/api.w.org\/{rel}","templated":true}]}}