{"id":59165,"date":"2021-11-14T00:00:53","date_gmt":"2021-11-14T03:00:53","guid":{"rendered":"http:\/\/www.padreydecano.com\/cms\/?p=59165"},"modified":"2022-02-01T17:44:16","modified_gmt":"2022-02-01T20:44:16","slug":"los-titulos-de-1924-y-1926","status":"publish","type":"post","link":"https:\/\/www.padreydecano.com\/cms\/columnas\/los-titulos-de-1924-y-1926\/","title":{"rendered":"Los t\u00edtulos de 1924 y 1926"},"content":{"rendered":"<p style=\"text-align: justify;\"><img loading=\"lazy\" decoding=\"async\" class=\"size-full wp-image-74758 aligncenter\" src=\"https:\/\/www.padreydecano.com\/cms\/wp-content\/uploads\/2016\/06\/52.png\" alt=\"\" width=\"669\" height=\"233\" srcset=\"https:\/\/www.padreydecano.com\/cms\/wp-content\/uploads\/2016\/06\/52.png 669w, https:\/\/www.padreydecano.com\/cms\/wp-content\/uploads\/2016\/06\/52-600x209.png 600w\" sizes=\"(max-width: 669px) 100vw, 669px\" \/><\/p>\n<p style=\"text-align: justify;\"><strong>El Club Atl\u00e9tico Pe\u00f1arol es el m\u00e1ximo ganador de ligas locales en Uruguay. Esa distinci\u00f3n se la dan los 52 Campeonatos Uruguayos\u00a0 conquistados, desde el primero obtenido en 1900.<\/strong><\/p>\n<p style=\"text-align: justify;\"><span style=\"color: #ffcc00;\"><strong>Estos t\u00edtulos fueron logrados en:<\/strong><\/span><br \/>\n<a href=\"http:\/\/historia.padreydecano.com\/campanas-historicas\/la-campana-de-1900.html\">1900<\/a> \u2013 1901 \u2013 <a href=\"http:\/\/historia.padreydecano.com\/campanas-historicas\/la-campana-de-1905.html\">1905<\/a> \u2013 1907 \u2013 1911 &#8211; 1918 \u2013 1921 \u2013 1924 (FUF) &#8211; 1926 (CP) &#8211; 1928 \u2013 1929\u00a0\u2013\u00a0<a href=\"http:\/\/historia.padreydecano.com\/campanas-historicas\/la-campana-de-1932.html\">1932<\/a> \u2013 1935 \u2013 1936 \u2013 1937 \u2013 1938 \u2013 1944 \u2013 1945 \u2013 <a href=\"http:\/\/historia.padreydecano.com\/campanas-historicas\/la-campana-de-1949.html\">1949<\/a> \u2013 <a href=\"http:\/\/historia.padreydecano.com\/campanas-historicas\/la-campana-de-1951.html\">1951<\/a> \u2013 1953 \u2013 1954 \u2013 <a href=\"http:\/\/historia.padreydecano.com\/campanas-historicas\/el-primer-quinquenio-de-oro.html\">1958<\/a>\u2013 <a href=\"http:\/\/historia.padreydecano.com\/campanas-historicas\/el-primer-quinquenio-de-oro.html\">1959<\/a> \u2013 <a href=\"http:\/\/historia.padreydecano.com\/campanas-historicas\/el-primer-quinquenio-de-oro.html\">1960<\/a> \u2013 <a href=\"http:\/\/historia.padreydecano.com\/campanas-historicas\/el-primer-quinquenio-de-oro.html\">1961<\/a> \u2013 <a href=\"http:\/\/historia.padreydecano.com\/campanas-historicas\/el-primer-quinquenio-de-oro.html\">1962<\/a> \u2013 1964 \u2013 1965 \u2013 1967 \u2013 1968 \u2013 1973 \u2013 1974 \u2013 1975 \u2013 1978 \u2013 1979 \u2013 1981 \u2013 1982 \u2013 1985 \u2013 1986 \u2013 <a href=\"http:\/\/historia.padreydecano.com\/campanas-historicas\/el-segundo-quinquenio-de-oro.html\">1993<\/a> \u2013 <a href=\"http:\/\/historia.padreydecano.com\/campanas-historicas\/el-segundo-quinquenio-de-oro.html\">1994<\/a> \u2013 <a href=\"http:\/\/historia.padreydecano.com\/campanas-historicas\/el-segundo-quinquenio-de-oro.html\">1995<\/a> \u2013 <a href=\"http:\/\/historia.padreydecano.com\/campanas-historicas\/el-segundo-quinquenio-de-oro.html\">1996<\/a> \u2013 <a href=\"http:\/\/historia.padreydecano.com\/campanas-historicas\/el-segundo-quinquenio-de-oro.html\">1997<\/a> \u2013 <a href=\"http:\/\/historia.padreydecano.com\/campanas-historicas\/la-campana-de-1999.html\">1999<\/a>\u2013 2003 \u2013 2009\/10 &#8211; 2012\/13 &#8211; 2015\/16 &#8211; 2017 &#8211; 2018 .<\/p>\n<p style=\"text-align: justify;\"><strong>Los 2\u00a0que ser\u00e1n desarrollados en esta nota<\/strong>, son los t\u00edtulos logrados en 1924 en la Federaci\u00f3n Uruguaya de Football (FUF) y en 1926 en el Consejo Provisorio.<\/p>\n<p style=\"text-align: justify;\">Para entender el significado de esas dos instituciones, hay que ir\u00a0un poco hacia\u00a0atr\u00e1s, hasta el a\u00f1o 1922 y situarnos en el comienzo de lo que se llam\u00f3<strong> \u00bbel cisma del f\u00fatbol uruguayo\u00bb. Para no repetir, el lector puede leer<a href=\"https:\/\/www.padreydecano.com\/cms\/noticias\/el-cisma-del-futbol-uruguayo\/\"> el art\u00edculo donde el tema ya fue desarrollado y explicado en Padre y Decano.<\/a><\/strong><\/p>\n<p style=\"text-align: justify;\"><span style=\"color: #ffcc00;\"><strong>Campeonato Uruguayo 1924<\/strong><\/span><\/p>\n<p style=\"text-align: justify;\">La Federaci\u00f3n Uruguaya de Football ha sido desprestigiada de manera incorrecta por el tradicional rival, trat\u00e1ndola de liga barrial, que no era oficial y que no es v\u00e1lida en el conteo de t\u00edtulos. Vamos a enumerar los motivos por los cuales estos conceptos son err\u00f3neos:<\/p>\n<p style=\"text-align: justify;\"><span style=\"color: #ffcc00;\"><strong>1-<\/strong> <\/span>El <strong><a href=\"https:\/\/www.padreydecano.com\/cms\/el-laudo-serrato\/\">Laudo Serrato<\/a><\/strong> habla de \u00abfusi\u00f3n integral\u00bb, de la creaci\u00f3n de \u00abuna nueva instituci\u00f3n\u00bb y de los conceptos de \u00abecuanimidad e imparcialidad\u00bb. Con \u00e9sto deber\u00eda alcanzar para validar los triunfos logrados en la FUF, pero vamos a utilizar los siguientes puntos para reivindicar a la vieja instituci\u00f3n.<\/p>\n<p><img loading=\"lazy\" decoding=\"async\" class=\"aligncenter size-full wp-image-72341\" src=\"https:\/\/www.padreydecano.com\/cms\/wp-content\/uploads\/2019\/11\/serrato.png\" alt=\"\" width=\"793\" height=\"612\" srcset=\"https:\/\/www.padreydecano.com\/cms\/wp-content\/uploads\/2019\/11\/serrato.png 793w, https:\/\/www.padreydecano.com\/cms\/wp-content\/uploads\/2019\/11\/serrato-600x463.png 600w, https:\/\/www.padreydecano.com\/cms\/wp-content\/uploads\/2019\/11\/serrato-768x593.png 768w\" sizes=\"(max-width: 793px) 100vw, 793px\" \/><\/p>\n<p style=\"text-align: justify;\"><span style=\"color: #ffcc00;\"><strong>2-<\/strong><\/span> Wanderers disput\u00f3 ambos campeonatos. El de la AUF como Montevideo Wanderers, y el de la FUF como Atl\u00e9tico Wanderers. Muchas veces se menciona equivocadamente que el segundo era un equipo secundario. En el Campeonato de 1926, Wandererers -ya reunificado- present\u00f3 los siguientes jugadores de a\u00f1os anteriores: De Agustini (AUF),\u00a0Capuccini, Florio, Frioni, Conti, Borjas, Figueroa y Casanello (FUF). En 1931, el Bohemio lograr\u00eda su cuarto y \u00faltimo titulo de liga, tambi\u00e9n con mayor\u00eda de jugadores de la vieja FUF.<\/p>\n<p><img loading=\"lazy\" decoding=\"async\" class=\"aligncenter size-full wp-image-74787\" src=\"https:\/\/www.padreydecano.com\/cms\/wp-content\/uploads\/2016\/06\/IMG_20201111_145837.jpg\" alt=\"\" width=\"480\" height=\"290\" \/><\/p>\n<p style=\"text-align: justify;\"><span style=\"color: #ffcc00;\"><strong>3-<\/strong><\/span> El propio Nacional estuvo a punto de competir tambi\u00e9n en la FUF, luego de que los socios propusieran en asamblea la formaci\u00f3n del Club Atl\u00e9tico Nacional. En votaci\u00f3n re\u00f1ida, no se aprob\u00f3.<\/p>\n<p style=\"text-align: justify;\"><span style=\"color: #ffcc00;\"><strong>4-<\/strong><\/span> Parciales tricolores suelen desprestigiar a algunos equipos de la FUF llam\u00e1ndolos \u00abclubes sat\u00e9lite\u00bb aurinegros. Uno de ellos, Pe\u00f1arol del Plata, empat\u00f3 0 a 0 frente al Decano, cinco fechas antes de que finalice el campeonato de 1923. Por escasos puntos, el torneo lo terminar\u00eda ganando Atl\u00e9tico Wanderers. Nacional, incluso, para 1924 incorporar\u00eda a Arturo Suffioti, de Pe\u00f1arol del Plata, que luego de la gira de 1925, pasar\u00eda a integrar las filas de Pe\u00f1arol. Menos de 20 a\u00f1os antes, los tricolores hab\u00edan presentado dos equipos en el campeonato de 1906, donde Nacional B le entregaba los puntos a Nacional A y compet\u00eda contra los dem\u00e1s. Otra que club sat\u00e9lite. El detalle de color es que Nacional B finaliz\u00f3 \u00faltimo.<\/p>\n<p><img loading=\"lazy\" decoding=\"async\" class=\"aligncenter size-full wp-image-74788\" src=\"https:\/\/www.padreydecano.com\/cms\/wp-content\/uploads\/2016\/06\/IMG_20201111_151126.jpg\" alt=\"\" width=\"1024\" height=\"512\" srcset=\"https:\/\/www.padreydecano.com\/cms\/wp-content\/uploads\/2016\/06\/IMG_20201111_151126.jpg 1024w, https:\/\/www.padreydecano.com\/cms\/wp-content\/uploads\/2016\/06\/IMG_20201111_151126-600x300.jpg 600w, https:\/\/www.padreydecano.com\/cms\/wp-content\/uploads\/2016\/06\/IMG_20201111_151126-768x384.jpg 768w\" sizes=\"(max-width: 1024px) 100vw, 1024px\" \/><\/p>\n<p style=\"text-align: justify;\"><span style=\"color: #ffcc00;\"><strong>5-<\/strong><\/span> En la famosa gira de 1925, Nacional llev\u00f3 14 jugadores que al comienzo del cisma no pertenec\u00edan a su plantel, de los cuales solo 3 disputaron partidos oficiales previos en los tricolores. De los restantes 11, 6\u00a0 proven\u00edan directamente de equipos de la FUF (Ren\u00e9 Borjas, Norberto Cassanello, H\u00e9ctor Castro, Diego Carreras,\u00a0 Roberto Fiorentino, H\u00e9ctor Zubizarreta), y otros 3 hab\u00edan tenido un paso previo (\u00c1ngel Barlocco, Jos\u00e9 Leandro Andrade, Arturo Suffiotti). Dicho viaje se realiz\u00f3 porque tanto la AUF como Nacional ten\u00edan problemas econ\u00f3micos, ya que el campeonato sin Pe\u00f1arol no rend\u00eda.<\/p>\n<p style=\"text-align: justify;\"><span style=\"color: #ffcc00;\"><strong>6-<\/strong><\/span> Nacional, en las \u00faltimas fechas del campeonato de 1924, empat\u00f3 con F\u00e9nix 3 a 3, quien present\u00f3 en sus filas a Juan Peregrino Anselmo, del Lito federacionista. No solo eso, convirti\u00f3 los 3 goles. Los tricolores reclamaron y ganaron los puntos.\u00a0 Si fuera una competencia no oficial o poco importante, no tendr\u00eda sentido la sanci\u00f3n. Adem\u00e1s habr\u00eda que preguntarse, \u00bfc\u00f3mo un ignoto jugador de una liga barrial era la figura en un conjunto de la brillante Asociaci\u00f3n, y lograba convertirle en tres ocasiones al invencible Nacional?<\/p>\n<p><img loading=\"lazy\" decoding=\"async\" class=\"aligncenter size-full wp-image-74789\" src=\"https:\/\/www.padreydecano.com\/cms\/wp-content\/uploads\/2016\/06\/IMG-20201111-WA0065.jpg\" alt=\"\" width=\"720\" height=\"449\" srcset=\"https:\/\/www.padreydecano.com\/cms\/wp-content\/uploads\/2016\/06\/IMG-20201111-WA0065.jpg 720w, https:\/\/www.padreydecano.com\/cms\/wp-content\/uploads\/2016\/06\/IMG-20201111-WA0065-600x374.jpg 600w\" sizes=\"(max-width: 720px) 100vw, 720px\" \/><\/p>\n<p style=\"text-align: justify;\"><span style=\"color: #ffcc00;\"><strong>7-<\/strong>\u00a0<\/span>En 1924, se enfrentaron Atl\u00e9tico Wanderers (campe\u00f3n de la Federaci\u00f3n Uruguaya de Football) y San Lorenzo de Almagro (campe\u00f3n de la Asociaci\u00f3n Amateurs de Football), por la Copa R\u00edo de La Plata. El triunfo fue de los argentinos, y pas\u00f3 a engrosar el palmar\u00e9s de t\u00edtulos rioplatenses, que tanto le gusta ostentar a los tricolores. El mismo es considerado a la par de la Copa Aldao, que se disputaba por aquellos a\u00f1os.<\/p>\n<p><img loading=\"lazy\" decoding=\"async\" class=\"aligncenter size-full wp-image-74786\" src=\"https:\/\/www.padreydecano.com\/cms\/wp-content\/uploads\/2016\/06\/IMG_20201111_145657.jpg\" alt=\"\" width=\"463\" height=\"218\" \/><\/p>\n<p style=\"text-align: justify;\"><span style=\"color: #ffcc00;\"><strong>8-<\/strong><\/span> La Copa Am\u00e9rica de 1927, el primero posterior a la reunificaci\u00f3n con la presencia de todos los equipos (en 1926, Pe\u00f1arol no cedi\u00f3 a sus jugadores, por coletazos de la \u00e9poca cisma). De los 17 del plantel, 10 hab\u00edan jugado en la FUF unos a\u00f1os antes.\u00a0<strong>AUF (7):\u00a0<\/strong>Jos\u00e9 Leandro Andrade,\u00a0Adhemar Canavessi,\u00a0Ram\u00f3n Bucetta,\u00a0Andr\u00e9s Mazali,\u00a0H\u00e9ctor Pedro Scarone,\u00a0Pedro Petrone,\u00a0Jos\u00e9 Vanzzino.\u00a0<strong>FUF (10):<\/strong> Juan Peregrino Anselmo, Juan Pedro Arrem\u00f3n,\u00a0Venancio Bartib\u00e1s,\u00a0Miguel Capuccini,\u00a0\u00a0H\u00e9ctor Castro,\u00a0Santiago Celsi,\u00a0\u00a0Lorenzo Fern\u00e1ndez,\u00a0\u00a0Roberto Figueroa,\u00a0\u00a0Antonio Sacco,\u00a0Domingo Tejera.<\/p>\n<p><img loading=\"lazy\" decoding=\"async\" class=\"aligncenter size-full wp-image-74791\" src=\"https:\/\/www.padreydecano.com\/cms\/wp-content\/uploads\/2016\/06\/1927_per_.jpg\" alt=\"\" width=\"612\" height=\"430\" srcset=\"https:\/\/www.padreydecano.com\/cms\/wp-content\/uploads\/2016\/06\/1927_per_.jpg 612w, https:\/\/www.padreydecano.com\/cms\/wp-content\/uploads\/2016\/06\/1927_per_-600x422.jpg 600w\" sizes=\"(max-width: 612px) 100vw, 612px\" \/><\/p>\n<p style=\"text-align: justify;\"><span style=\"color: #ffcc00;\"><strong>9-<\/strong><\/span> En 1927, en el primer Campeonato Uruguayo con las dos entidades mezcladas completamente (la serie A de 1926 se disput\u00f3 con los equipos de la vieja AUF de 1922), eran 9 de la FUF, 9 de la AUF, Wanderers y Lito (que participaron en ambos). Esa paridad se mantuvo con el correr de los a\u00f1os, hasta el inicio del profesionalismo inclusive. En 1932 hab\u00eda 4 equipos de FUF, 4 de AUF, Wanderers y River Plate (fusi\u00f3n de Capurro de AUF, y Olimpia de FUF).<\/p>\n<p style=\"text-align: justify;\"><span style=\"color: #ffcc00;\"><strong>10-<\/strong><\/span> Adem\u00e1s de la paridad en la cantidad de equipos, se puede notar un detalle en el \u00e9xito de los mismos. En 1927, de los primeros 8 de la tabla, 5 eran de la FUF, 2 de la AUF y Wanderers, que sus m\u00e1ximos exponentes eran de Atl\u00e9tico Wanderers.<\/p>\n<p style=\"text-align: justify;\"><span style=\"color: #ffcc00;\"><strong>11-<\/strong><\/span> La lista de campeones post reunificaci\u00f3n:<\/p>\n<ul style=\"text-align: justify;\">\n<li>1926: Pe\u00f1arol (FUF)<\/li>\n<li>1927: Rampla (AUF)<\/li>\n<li>1928: Pe\u00f1arol (FUF)<\/li>\n<li>1929: Pe\u00f1arol (FUF)<\/li>\n<li>1931: Wanderers, con amplia mayor\u00eda de Atl\u00e9tico Wanderers (FUF)<\/li>\n<li>1932: Pe\u00f1arol (FUF)<\/li>\n<\/ul>\n<p><img loading=\"lazy\" decoding=\"async\" class=\"aligncenter size-full wp-image-74792\" src=\"https:\/\/www.padreydecano.com\/cms\/wp-content\/uploads\/2016\/06\/IMG_20201111_153135.jpg\" alt=\"\" width=\"785\" height=\"489\" srcset=\"https:\/\/www.padreydecano.com\/cms\/wp-content\/uploads\/2016\/06\/IMG_20201111_153135.jpg 785w, https:\/\/www.padreydecano.com\/cms\/wp-content\/uploads\/2016\/06\/IMG_20201111_153135-600x374.jpg 600w, https:\/\/www.padreydecano.com\/cms\/wp-content\/uploads\/2016\/06\/IMG_20201111_153135-768x478.jpg 768w\" sizes=\"(max-width: 785px) 100vw, 785px\" \/><\/p>\n<p style=\"text-align: justify;\">Reci\u00e9n en 1933 aparece el \u00abinvencible Nacional\u00bb de la d\u00e9cada del 20 (solo fue campe\u00f3n mientras no estuvo Pe\u00f1arol en la AUF).<\/p>\n<p style=\"text-align: justify;\"><span style=\"color: #ffcc00;\"><strong>12-<\/strong> <\/span>Los equipos que se mantienen vigentes hasta nuestros d\u00edas, y jugaron en Primera de esas entidades y han jugado en Primera en alguna ocasi\u00f3n post 1927. Se puede observar una gran paridad.<\/p>\n<p style=\"text-align: justify;\"><strong>AUF:<\/strong> Nacional, Rampla, F\u00e9nix, Liverpool, Racing, Bella Vista, Progreso.<\/p>\n<p style=\"text-align: justify;\"><strong>FUF:<\/strong> Pe\u00f1arol, Central, Defensor, Cerro, IASA, Miramar, Misiones (se fusionaron muchos a\u00f1os despu\u00e9s), Col\u00f3n.<\/p>\n<p style=\"text-align: justify;\">Wanderers tuvo su m\u00e1ximo exponente en la FUF. River Plate surge de la fusi\u00f3n de Olimpia y Capurro, uno de FUF y uno de AUF.<\/p>\n<p style=\"text-align: justify;\"><span style=\"color: #ffcc00;\"><strong>13-<\/strong><\/span> Jugadores importantes que participaron en la FUF (una lista muy preliminar, que toma en cuenta solo jugadores de Pe\u00f1arol y Wanderers):<\/p>\n<ul style=\"text-align: justify;\">\n<li><strong>Juan Legnazzi:<\/strong> Campe\u00f3n de Am\u00e9rica con Uruguay 1920. Due\u00f1o del r\u00e9cord m\u00e1ximo de imbatibilidad del f\u00fatbol uruguayo, por arriba de Mazurkiewicz.<\/li>\n<li><strong>Jos\u00e9 Benincasa:<\/strong> 40 partidos en la selecci\u00f3n desde 1910 a 1921. Campe\u00f3n de Am\u00e9rica 1917.<\/li>\n<li><strong>Alfredo Granja:<\/strong> Jug\u00f3 en la selecci\u00f3n desde 1913 a 1916.<\/li>\n<li><strong>Pascual Ruotta:<\/strong> Campe\u00f3n de Am\u00e9rica 1920. En 1927 juega la Copa Newton vs Argentina.<\/li>\n<li><strong>Gilde\u00f3n \u2018Tatita\u2019 Silva:<\/strong> Jug\u00f3 la Copa Am\u00e9rica 1929 en la selecci\u00f3n.<\/li>\n<li><strong>Antonio Aguerre:<\/strong> Jug\u00f3 la Copa Am\u00e9rica 1922 en la selecci\u00f3n.<\/li>\n<li><strong>Pablo Terevinto:<\/strong>\u00a0Uno de los m\u00e1ximos goleadores hist\u00f3ricos del Campeonato Uruguayo.<\/li>\n<li><strong>Antonio Sacco:<\/strong> Jug\u00f3 la Copa Am\u00e9rica 1927 en la selecci\u00f3n.<\/li>\n<li><strong>Juan Pedro Arrem\u00f3n:<\/strong> Campe\u00f3n ol\u00edmpico con Uruguay en Amsterdam 1928. Jug\u00f3 las Copas Am\u00e9rica 1927 y 1929 en la selecci\u00f3n.<\/li>\n<li><strong>Ladislao Perez:<\/strong> Campe\u00f3n Copa Am\u00e9rica 1923.<\/li>\n<li><strong>Jos\u00e9 Piendibene:<\/strong> Sobran las palabras.<\/li>\n<li><strong>Antonio Campolo:<\/strong> Campe\u00f3n ol\u00edmpico con Uruguay en Amsterdam 1928. Campeon Copa America 1920. Disput\u00f3 tambi\u00e9n las ediciones de 1921 y 1929.<\/li>\n<li><strong>Miguel Capuccini:<\/strong> Golero titular de la Copa America 1927. Integrante del plantel campe\u00f3n del mundo 1930.<\/li>\n<li><strong>Domingo Tejera:<\/strong> Campe\u00f3n ol\u00edmpico 1928. Campe\u00f3n del mundo 1930. Campe\u00f3n de Am\u00e9rica 1920-1926.<\/li>\n<li><strong>Lorenzo Fern\u00e1ndez:<\/strong> Campe\u00f3n ol\u00edmpico 1928. Campe\u00f3n del Mundo 1930. Campe\u00f3n de Am\u00e9rica 1926-1935.<\/li>\n<li><strong>Emilio Sozzo:<\/strong> Disput\u00f3 un amistoso frente a Argentina en 1922 con la selecci\u00f3n.<\/li>\n<li><strong>Ren\u00e9 Borjas:<\/strong> Campe\u00f3n ol\u00edmpico 1928. Campe\u00f3n de Am\u00e9rica 1926.<\/li>\n<li><strong>Roberto Figueroa:<\/strong> Campe\u00f3n ol\u00edmpico 1928. Jug\u00f3 la Copa Am\u00e9rica 1927 en la selecci\u00f3n. En 1924 pas\u00f3 a Nacional, gan\u00f3 el campeonato AUF y volvi\u00f3 a Atl\u00e9tico Wanderers en 1925.<\/li>\n<li><strong>Norberto Casanello:<\/strong> Jug\u00f3 las Copas Am\u00e9rica 1921 y 1922 con la selecci\u00f3n.<\/li>\n<li><strong>Nicol\u00e1s Conti:<\/strong> Integr\u00f3 el plantel campe\u00f3n de Am\u00e9rica de 1926.<\/li>\n<\/ul>\n<p style=\"text-align: justify;\"><span style=\"color: #ffcc00;\"><strong>14-<\/strong><\/span>\u00a0La Memoria y Balance de Pe\u00f1arol en 1925, menciona claramente que el club se consagr\u00f3 campe\u00f3n de 1924.<\/p>\n<p style=\"text-align: justify;\"><img loading=\"lazy\" decoding=\"async\" class=\"aligncenter size-full wp-image-74769\" src=\"https:\/\/www.padreydecano.com\/cms\/wp-content\/uploads\/2016\/06\/8-Memoria-y-Balance-1925-Pe\u00f1arol-Pags-14-y-15.jpg\" alt=\"\" width=\"960\" height=\"623\" srcset=\"https:\/\/www.padreydecano.com\/cms\/wp-content\/uploads\/2016\/06\/8-Memoria-y-Balance-1925-Pe\u00f1arol-Pags-14-y-15.jpg 960w, https:\/\/www.padreydecano.com\/cms\/wp-content\/uploads\/2016\/06\/8-Memoria-y-Balance-1925-Pe\u00f1arol-Pags-14-y-15-600x389.jpg 600w, https:\/\/www.padreydecano.com\/cms\/wp-content\/uploads\/2016\/06\/8-Memoria-y-Balance-1925-Pe\u00f1arol-Pags-14-y-15-768x498.jpg 768w\" sizes=\"(max-width: 960px) 100vw, 960px\" \/><\/p>\n<p style=\"text-align: justify;\"><span style=\"color: #ffcc00;\"><strong>15-\u00a0<\/strong><\/span>A nivel dirigencial, el presidente del Consejo Provisorio fue H\u00e9ctor Rivadavia G\u00f3mez, hist\u00f3rico dirigente del f\u00fatbol uruguayo, primer presidente e impulsor de CONMEBOL y directivo de Atl\u00e9tico Wanderers, de la FUF. Incluso el Campeonato de 1926 llevar\u00eda su nombre. El primer presidente de la nueva Asociaci\u00f3n, fue Ra\u00fal Jude, en el per\u00edodo 1927 &#8211; 1931. De la FUF, por supuesto.<\/p>\n<p><img loading=\"lazy\" decoding=\"async\" class=\"aligncenter size-full wp-image-74790\" src=\"https:\/\/www.padreydecano.com\/cms\/wp-content\/uploads\/2016\/06\/unnamed-1.jpg\" alt=\"\" width=\"512\" height=\"317\" \/><\/p>\n<p style=\"text-align: justify;\"><span style=\"color: #ffcc00;\"><strong>16-<\/strong><\/span>\u00a0En la web de FIFA en su versi\u00f3n en ingl\u00e9s, figuran los historiales de partidos entre selecciones. En el apartado de Uruguay vs Argentina, aparecen los encuentros disputados entre la Federaci\u00f3n Uruguaya de Football y la Asociaci\u00f3n Amateurs de Football.<\/p>\n<p style=\"text-align: justify;\"><img loading=\"lazy\" decoding=\"async\" class=\"aligncenter size-full wp-image-74777\" src=\"https:\/\/www.padreydecano.com\/cms\/wp-content\/uploads\/2016\/06\/fifa4.png\" alt=\"\" width=\"1066\" height=\"1409\" srcset=\"https:\/\/www.padreydecano.com\/cms\/wp-content\/uploads\/2016\/06\/fifa4.png 1066w, https:\/\/www.padreydecano.com\/cms\/wp-content\/uploads\/2016\/06\/fifa4-454x600.png 454w, https:\/\/www.padreydecano.com\/cms\/wp-content\/uploads\/2016\/06\/fifa4-768x1015.png 768w, https:\/\/www.padreydecano.com\/cms\/wp-content\/uploads\/2016\/06\/fifa4-775x1024.png 775w\" sizes=\"(max-width: 1066px) 100vw, 1066px\" \/><\/p>\n<p style=\"text-align: justify;\"><span style=\"color: #ffcc00;\"><strong>Los encuentros son los siguientes:<\/strong><\/span><\/p>\n<ul style=\"text-align: justify;\">\n<li><strong>08\/12\/1923<\/strong><\/li>\n<\/ul>\n<p style=\"text-align: justify;\"><img loading=\"lazy\" decoding=\"async\" class=\"aligncenter size-full wp-image-74778\" src=\"https:\/\/www.padreydecano.com\/cms\/wp-content\/uploads\/2016\/06\/5-Memoria-y-Balance-1923-sobre-la-Copa-MRREE-jugada-el-8-12-1923.jpg\" alt=\"\" width=\"463\" height=\"389\" \/><\/p>\n<ul style=\"text-align: justify;\">\n<li><strong>10\/08\/1924<\/strong><\/li>\n<\/ul>\n<p style=\"text-align: justify;\"><img loading=\"lazy\" decoding=\"async\" class=\"aligncenter size-full wp-image-74782\" src=\"https:\/\/www.padreydecano.com\/cms\/wp-content\/uploads\/2016\/06\/2-Copa-MRREE-de-Argentina.-10-8-1924-team-uruguayo.jpg\" alt=\"\" width=\"628\" height=\"448\" srcset=\"https:\/\/www.padreydecano.com\/cms\/wp-content\/uploads\/2016\/06\/2-Copa-MRREE-de-Argentina.-10-8-1924-team-uruguayo.jpg 628w, https:\/\/www.padreydecano.com\/cms\/wp-content\/uploads\/2016\/06\/2-Copa-MRREE-de-Argentina.-10-8-1924-team-uruguayo-600x428.jpg 600w\" sizes=\"(max-width: 628px) 100vw, 628px\" \/><\/p>\n<ul style=\"text-align: justify;\">\n<li><strong>31\/08\/1924<\/strong><\/li>\n<\/ul>\n<p style=\"text-align: justify;\"><img loading=\"lazy\" decoding=\"async\" class=\"aligncenter size-full wp-image-74780\" src=\"https:\/\/www.padreydecano.com\/cms\/wp-content\/uploads\/2016\/06\/3-Memoria-y-Balance-Argentina-1924-Copas-MRREE-Uru-y-Arg-y-Copa-Confraternidad-1.jpg\" alt=\"\" width=\"500\" height=\"462\" \/><\/p>\n<ul style=\"text-align: justify;\">\n<li><strong>16\/11\/1924<\/strong><\/li>\n<\/ul>\n<p style=\"text-align: justify;\"><img loading=\"lazy\" decoding=\"async\" class=\"aligncenter size-full wp-image-74779\" src=\"https:\/\/www.padreydecano.com\/cms\/wp-content\/uploads\/2016\/06\/3-Memoria-y-Balance-Argentina-1924-Copas-MRREE-Uru-y-Arg-y-Copa-Confraternidad-2.jpg\" alt=\"\" width=\"471\" height=\"408\" \/><\/p>\n<ul style=\"text-align: justify;\">\n<li><strong>01\/05\/1925, err\u00f3neamente publicado el 05\/01\/1925.<\/strong><\/li>\n<\/ul>\n<p style=\"text-align: justify;\"><img loading=\"lazy\" decoding=\"async\" class=\"aligncenter size-full wp-image-74781\" src=\"https:\/\/www.padreydecano.com\/cms\/wp-content\/uploads\/2016\/06\/9-Caras-y-Caretas-9-5-1925.jpg\" alt=\"\" width=\"733\" height=\"637\" srcset=\"https:\/\/www.padreydecano.com\/cms\/wp-content\/uploads\/2016\/06\/9-Caras-y-Caretas-9-5-1925.jpg 733w, https:\/\/www.padreydecano.com\/cms\/wp-content\/uploads\/2016\/06\/9-Caras-y-Caretas-9-5-1925-600x521.jpg 600w\" sizes=\"(max-width: 733px) 100vw, 733px\" \/><\/p>\n<p style=\"text-align: justify;\"><span style=\"color: #ffcc00;\"><strong>17-<\/strong><\/span>\u00a0 Wanderers, quien fue campe\u00f3n de la Federaci\u00f3n en 1923, cuenta en su palmar\u00e9s oficial el mencionado t\u00edtulo, como debe ser.<\/p>\n<p style=\"text-align: justify;\"><img loading=\"lazy\" decoding=\"async\" class=\"aligncenter size-full wp-image-74770\" src=\"https:\/\/www.padreydecano.com\/cms\/wp-content\/uploads\/2016\/06\/wanderers1923.png\" alt=\"\" width=\"1060\" height=\"1168\" srcset=\"https:\/\/www.padreydecano.com\/cms\/wp-content\/uploads\/2016\/06\/wanderers1923.png 1060w, https:\/\/www.padreydecano.com\/cms\/wp-content\/uploads\/2016\/06\/wanderers1923-545x600.png 545w, https:\/\/www.padreydecano.com\/cms\/wp-content\/uploads\/2016\/06\/wanderers1923-768x846.png 768w, https:\/\/www.padreydecano.com\/cms\/wp-content\/uploads\/2016\/06\/wanderers1923-929x1024.png 929w\" sizes=\"(max-width: 1060px) 100vw, 1060px\" \/><\/p>\n<p style=\"text-align: justify;\"><span style=\"color: #ffcc00;\"><strong>18-<\/strong><\/span>\u00a0En 1925, el Consejo Nacional de Administraci\u00f3n public\u00f3 un libro por el Centenario de Uruguay. El mismo estaba integrado, entre otros, por Atilio Narancio, fundador e hist\u00f3rico dirigente tricolor. En la secci\u00f3n dedicada al deporte, y m\u00e1s precisamente al football, se le dedica un p\u00e1rrafo a la FUF, que deja clara su importancia: <strong><em>\u00abLa que hasta hace poco fue la Federaci\u00f3n Uruguaya de Football, compart\u00eda en forma destacada, no cabe duda, con la Asociaci\u00f3n, la direcci\u00f3n del popular deporte en nuestra Capital, y hay que convenir en que constituy\u00f3 una entidad verdaderamente prestigiosa y respetable, lo mismo considerada bajo su aspecto deportivo que bajo su moral\u00bb.<\/em><\/strong><\/p>\n<p style=\"text-align: justify;\"><span style=\"color: #ffcc00;\"><strong>19- <\/strong><\/span>Otro argumento que se utiliza para intentar desprestigiar a la FUF, es la supuesta desprolijidad de su organizaci\u00f3n. Como ejemplo, se utiliza que un partido se suspendi\u00f3 por falta de pelotas. Como podemos ver en este recorte de la revista \u00abEl Ring\u00bb de 1927, tambi\u00e9n suced\u00eda en la AUF con el f\u00fatbol reunificado.<\/p>\n<p style=\"text-align: justify;\"><img loading=\"lazy\" decoding=\"async\" class=\"aligncenter size-full wp-image-74783\" src=\"https:\/\/www.padreydecano.com\/cms\/wp-content\/uploads\/2016\/06\/WhatsApp-Image-2020-05-11-at-1.39.04-AM.jpeg\" alt=\"\" width=\"715\" height=\"456\" srcset=\"https:\/\/www.padreydecano.com\/cms\/wp-content\/uploads\/2016\/06\/WhatsApp-Image-2020-05-11-at-1.39.04-AM.jpeg 715w, https:\/\/www.padreydecano.com\/cms\/wp-content\/uploads\/2016\/06\/WhatsApp-Image-2020-05-11-at-1.39.04-AM-600x383.jpeg 600w\" sizes=\"(max-width: 715px) 100vw, 715px\" \/><\/p>\n<p style=\"text-align: justify;\">Si revis\u00e1ramos semana a semana el f\u00fatbol de aquella \u00e9poca, seguramente nos encontrar\u00edamos con miles de situaciones de este estilo. Otro argumento sin sentido por parte de los tricolores.<\/p>\n<p style=\"text-align: justify;\"><span style=\"color: #ffcc00;\"><strong>20-<\/strong><\/span>\u00a0El clima de divisi\u00f3n <strong><a href=\"https:\/\/www.padreydecano.com\/cms\/noticias\/el-cisma-regional\/\">era moneda corriente en la regi\u00f3n e incluso en el mundo.<\/a><\/strong> En los dem\u00e1s pa\u00edses en que el tema tuvo un giro similar (creaci\u00f3n de una liga nueva y posterior reunificaci\u00f3n), los titulos de ambas instituciones son v\u00e1lidos.<\/p>\n<p><img loading=\"lazy\" decoding=\"async\" class=\"aligncenter size-full wp-image-74755\" src=\"https:\/\/www.padreydecano.com\/cms\/wp-content\/uploads\/2020\/11\/cisma-arg.png\" alt=\"\" width=\"583\" height=\"472\" \/><\/p>\n<p style=\"text-align: justify;\"><span style=\"color: #ffcc00;\"><strong>21-<\/strong> <\/span>El argumento m\u00e1s utilizado por Nacional, es la condici\u00f3n de afiliada a la FIFA, de la Asociaci\u00f3n Uruguaya de Football. Tomar dicha membres\u00eda como una se\u00f1al de mayor poder\u00edo futbol\u00edstico o como una afirmaci\u00f3n de que la AUF era la liga \u00aboficial\u00bb, es err\u00f3neo.<\/p>\n<p style=\"text-align: justify;\">De hecho, al momento del cisma, Uruguay no ten\u00eda representaci\u00f3n en el m\u00e1ximo organismo internacional. El argumento se cae por su propio peso: \u00bfTodo lo acontecido previo a la afiliaci\u00f3n en 1923 no es oficial?<\/p>\n<p style=\"text-align: justify;\">Fue debido a esa divisi\u00f3n que la AUF movi\u00f3 los hilos para la inscripci\u00f3n, a sabiendas de que algunos de los puntos solicitados imped\u00edan que la FUF presentara su propia afiliaci\u00f3n.<\/p>\n<p style=\"text-align: justify;\">En mayo de 1923, era imposible que la Federaci\u00f3n, con 6 meses de existencia, presentara la historia de la instituci\u00f3n y los resultados de los \u00faltimos campeonatos. Y al quedar afiliada la AUF, esto exclu\u00eda de la misma a la FUF, porque solo se admit\u00eda una por pa\u00eds.<\/p>\n<p><img loading=\"lazy\" decoding=\"async\" class=\"aligncenter size-full wp-image-74800\" src=\"https:\/\/www.padreydecano.com\/cms\/wp-content\/uploads\/2020\/11\/IMG-20201112-WA0019.jpg\" alt=\"\" width=\"720\" height=\"825\" srcset=\"https:\/\/www.padreydecano.com\/cms\/wp-content\/uploads\/2020\/11\/IMG-20201112-WA0019.jpg 720w, https:\/\/www.padreydecano.com\/cms\/wp-content\/uploads\/2020\/11\/IMG-20201112-WA0019-524x600.jpg 524w\" sizes=\"(max-width: 720px) 100vw, 720px\" \/><\/p>\n<p style=\"text-align: justify;\">Como podr\u00e1n leer en la nota referida a los cismas en otros pa\u00edses, las ligas disidentes de Argentina, Italia y Chile no estaban afiliadas a la FIFA, y su poder\u00edo futbol\u00edstico era superior a las que s\u00ed lo estaban.<\/p>\n<p style=\"text-align: justify;\">Lo importante eran las afinidades pol\u00edticas, y por supuesto, estar alineado a las altas esferas.<\/p>\n<p style=\"text-align: justify;\">La vieja AUF, en tan solo tres a\u00f1os de camino independiente, hizo bajar a la Asociaci\u00f3n Chilena de la FIFA, amenaz\u00f3 a la Asociaci\u00f3n Argentina de Football con lo mismo, retrasando la reunificaci\u00f3n del f\u00fatbol de la vecina orilla, y cumpli\u00f3 con el papel de lacayo en los Congresos, tal como lo indica la prensa internacional de la \u00e9poca.<\/p>\n<p><img loading=\"lazy\" decoding=\"async\" class=\"aligncenter size-full wp-image-74801\" src=\"https:\/\/www.padreydecano.com\/cms\/wp-content\/uploads\/2020\/11\/IMG-20201112-WA0020.jpg\" alt=\"\" width=\"635\" height=\"315\" srcset=\"https:\/\/www.padreydecano.com\/cms\/wp-content\/uploads\/2020\/11\/IMG-20201112-WA0020.jpg 635w, https:\/\/www.padreydecano.com\/cms\/wp-content\/uploads\/2020\/11\/IMG-20201112-WA0020-600x298.jpg 600w\" sizes=\"(max-width: 635px) 100vw, 635px\" \/><\/p>\n<p style=\"text-align: justify;\">Se entiende por qu\u00e9 se mantuvo la afiliaci\u00f3n sin chistar, luego de leer situaciones como las descriptas en el siguiente art\u00edculo.<\/p>\n<p><img loading=\"lazy\" decoding=\"async\" class=\"aligncenter size-full wp-image-74802\" src=\"https:\/\/www.padreydecano.com\/cms\/wp-content\/uploads\/2020\/11\/IMG-20201112-WA0022.jpg\" alt=\"\" width=\"598\" height=\"926\" srcset=\"https:\/\/www.padreydecano.com\/cms\/wp-content\/uploads\/2020\/11\/IMG-20201112-WA0022.jpg 598w, https:\/\/www.padreydecano.com\/cms\/wp-content\/uploads\/2020\/11\/IMG-20201112-WA0022-387x600.jpg 387w\" sizes=\"(max-width: 598px) 100vw, 598px\" \/><\/p>\n<p style=\"text-align: justify;\">Un modus operandi que, los dirigentes del tradicional rival -que en su mayor\u00eda controlaban la vieja AUF durante el cisma-, han mantenido y defendido de manera orgullosa a lo largo del tiempo.<\/p>\n<p style=\"text-align: justify;\"><span style=\"color: #ffcc00;\"><strong>22-<\/strong><\/span>\u00a0\u00abNo puede haber m\u00e1s campeones que campeonatos\u00bb, suele escucharse en relaci\u00f3n al n\u00famero que figura en la Copa Uruguaya, referente a las veces que se puso en disputa. Sin embargo, se afirma que Uruguay fue 4 veces campe\u00f3n del Mundo, cuando la suma de los Mundiales no cierra. Por el mismo camino, tampoco se entiende el argumento de la Copa Uruguaya en Propiedad obtenida por Pe\u00f1arol en 1936 (por haber logrado los titulos de 1928, 1929, 1932, 1935 y 1936). Brasil obtuvo en propiedad la Copa del Mundo en 1970, por haberla ganado 3 veces. Uruguay ya era tricampe\u00f3n en 1930 y no obtuvo tal distinci\u00f3n. Una dualidad de criterios escandalosa. Pas\u00f3 tambi\u00e9n en la Copa Am\u00e9rica. Uruguay sali\u00f3 campe\u00f3n sudamericano en 1959 y el trofeo no estuvo en juego. Es simple: aunque el trofeo sea distinto, el galard\u00f3n es el mismo. Uruguay es 4 veces campe\u00f3n del mundo, y Pe\u00f1arol es 52 veces campe\u00f3n uruguayo.<\/p>\n<p style=\"text-align: justify;\"><strong><span style=\"color: #ffcc00;\">Campeonato Uruguayo 1926<\/span><\/strong><\/p>\n<p style=\"text-align: justify;\">En los diarios de la \u00e9poca se deja constancia del t\u00edtulo logrado por el Decano y de la importancia del mismo. La Raz\u00f3n, en su edici\u00f3n del 21 de diciembre de 1926, public\u00f3 un extenso art\u00edculo felicitando al nuevo campe\u00f3n del f\u00fatbol uruguayo:<\/p>\n<p style=\"text-align: justify;\"><a href=\"https:\/\/www.padreydecano.com\/cms\/wp-content\/uploads\/2016\/06\/WhatsApp-Image-20160608-2-e1465437626219.jpg\" rel=\"shadowbox[sbpost-59165];player=img;\"><img loading=\"lazy\" decoding=\"async\" class=\"aligncenter size-full wp-image-59180\" src=\"https:\/\/www.padreydecano.com\/cms\/wp-content\/uploads\/2016\/06\/WhatsApp-Image-20160608-2-e1465437626219.jpg\" alt=\"WhatsApp-Image-20160608 (2)\" width=\"600\" height=\"400\" \/><\/a><\/p>\n<blockquote>\n<p style=\"text-align: justify;\"><span style=\"color: #ffcc00;\"><strong>Pe\u00f1arol nuevamente laureado<\/strong><\/span><\/p>\n<p style=\"text-align: justify;\"><strong>El Campeonato Especial de Primera Divisi\u00f3n de la Serie A ha quedado virtualmente terminado y el t\u00edtulo m\u00e1ximo le ha correspondido a la gloriosa entidad de las once estrellas, que agrega as\u00ed un laurel m\u00e1s a su magnifica corona de campe\u00f3n.<\/strong><\/p>\n<p style=\"text-align: justify;\">Es indudable que por la campa\u00f1a que ha realizado Pe\u00f1arol, su t\u00edtulo puede ostentarlo con marcado orgullo, ya que ha sido el conjunto que ha repetido con mayor regularidad sus performances, todas ellas cimentadas en la base de una acci\u00f3n encomiable, y donde la t\u00e9cnica jugo un rol importante, demostrando ser en los campos de juego, el conjunto de mayor capacidad. &#8211; Y si el factor t\u00e9cnico ha sido de importancia capital para la obtenci\u00f3n de los \u00e9xitos que le permitiera llegar al final del torneo ocupando el puesto de honor, no debe olvidarse que el factor moral fue el complemento de esa actuaci\u00f3n, complemento que en muchas oportunidades era de car\u00e1cter decisivo.<\/p>\n<p style=\"text-align: justify;\">Es doble pues, el triunfo de Pe\u00f1arol. Ha triunfado como el eleven m\u00e1s capacitado, y ha triunfado, tambi\u00e9n, como la entidad de mayor moral. Y ello es por dem\u00e1s significativo, precisamente en los momentos actuales, donde por la falta misma de la acci\u00f3n moralizadora, hemos visto incidencias desagradables.<\/p>\n<p style=\"text-align: justify;\">La campa\u00f1a de Pe\u00f1arol, en el torneo actual, es todo un r\u00e9cord. Ha podido finiquitar las actividades, permaneciendo invicto, circunstancia esta que habla muy mucho en favor de la bondad de su conjunto. Solo cinco empates sufri\u00f3 en el transcurso del Campeonato, y habiendo sido vencida su ciudadela \u00fanicamente en cinco oportunidades. De este detalle, podr\u00eda surgir la hip\u00f3tesis de que ha contado con una defensa excelente y, por consecuencia, superior al ataque. Sin embargo, no es as\u00ed. Si bien es cierto que sus lineas defensivas son insuperables, no es menos cierto que el ataque ha sido formidable, constituyendo el mejor de los que existen actualmente. Y no se podr\u00eda olvidar, que no hay mejor defensa que un buen ataque.<\/p>\n<p style=\"text-align: justify;\">En esta hora de regocijo para los aurinegros, no resultar\u00eda grato establecer cuales han sido sus figuras m\u00e1s destacadas. Y \u00a0no lo ser\u00eda, precisamente, porque tenemos la convicci\u00f3n de que todos, a la medida de sus fuerzas, han contribuido en los \u00e9xitos del <strong>glorioso club decano.<\/strong><\/p>\n<p style=\"text-align: justify;\">Cabe si expresar, que Pe\u00f1arol puede estar orgulloso de contar en sus filas con defensores tan entusiastas y de condiciones tan destacadas, como puede sentirse orgulloso, tambi\u00e9n, de que existan en su comando personas que hayan logrado colocarlo en situaci\u00f3n que permita establecer que<strong> es la primera entidad del pa\u00eds, por su potencialidad, por su moral y por sus prestigios.<\/strong><\/p>\n<p style=\"text-align: justify;\">No podemos terminar estas l\u00edneas, sin dejar de destacar la actuaci\u00f3n que le cupo a esa inmensa falange de admiradores que, consecuentemente siguiera siempre con su voz alentadora en todo momento, a esos once bravos defensores de la casaquilla aurinegra. Son estos, tambi\u00e9n, h\u00e9roes que en este instante debemos de confundirlos solidariamente con todos aquellos que sentimos la \u00edntima y profunda satisfacci\u00f3n de poder decir: HURRA A LOS CAMPEONES!!!<\/p>\n<\/blockquote>\n<p style=\"text-align: justify;\"><a href=\"https:\/\/www.padreydecano.com\/cms\/wp-content\/uploads\/2016\/06\/WhatsApp-Image-20160608-3-e1465438656474.jpg\" rel=\"shadowbox[sbpost-59165];player=img;\"><img loading=\"lazy\" decoding=\"async\" class=\"aligncenter size-full wp-image-59183\" src=\"https:\/\/www.padreydecano.com\/cms\/wp-content\/uploads\/2016\/06\/WhatsApp-Image-20160608-3-e1465438656474.jpg\" alt=\"WhatsApp-Image-20160608 (3)\" width=\"600\" height=\"400\" \/><\/a><\/p>\n<p style=\"text-align: justify;\">En el mismo diario, en su edici\u00f3n del 31 de diciembre de 1926, se publicaron las <strong><em>\u00bbfelicitaciones recibidas por Pe\u00f1arol, con motivo de la conquista del Campeonato Uruguayo\u00bb.\u00a0<\/em><\/strong><\/p>\n<p style=\"text-align: justify;\"><a href=\"https:\/\/www.padreydecano.com\/cms\/wp-content\/uploads\/2016\/06\/WhatsApp-Image-20160608-1.jpg\" rel=\"shadowbox[sbpost-59165];player=img;\"><img loading=\"lazy\" decoding=\"async\" class=\"alignleft size-medium wp-image-59182\" src=\"https:\/\/www.padreydecano.com\/cms\/wp-content\/uploads\/2016\/06\/WhatsApp-Image-20160608-1-156x300.jpg\" alt=\"WhatsApp-Image-20160608\" width=\"156\" height=\"300\" srcset=\"https:\/\/www.padreydecano.com\/cms\/wp-content\/uploads\/2016\/06\/WhatsApp-Image-20160608-1-156x300.jpg 156w, https:\/\/www.padreydecano.com\/cms\/wp-content\/uploads\/2016\/06\/WhatsApp-Image-20160608-1.jpg 506w\" sizes=\"(max-width: 156px) 100vw, 156px\" \/><\/a>Y varias de ellas mencionan el t\u00edtulo de Campe\u00f3n Uruguayo de 1926, no dejando lugar a dudas de que as\u00ed era considerado en aquella \u00e9poca. El 13 de febrero de 1927 se realiz\u00f3 a un homenaje a los jugadores, <em>&#8216;<strong>&#8216;brillantes campeones de la temporada de 1926. La demostraci\u00f3n congreg\u00f3 varios cientos de aficionados y se sal\u00f3 una franca camarader\u00eda que ha de propiciar, sin duda, futuras jornadas victoriosas\u00bb,\u00a0<\/strong><\/em>tal como se detalla en el diario El Pa\u00eds.<\/p>\n<p style=\"text-align: justify;\">El diario La Raz\u00f3n tambi\u00e9n se hizo eco del mencionado homenaje, se\u00f1alando que el por entonces presidente de Pe\u00f1arol, Julio Mar\u00eda Sosa, marc\u00f3 <strong><em>\u00bbla importancia de la conquista del campeonato uruguayo, porque ello demuestra que si Pe\u00f1arol, guiado por su obra moralizadora abandon\u00f3 las filas de la vieja Asociaci\u00f3n siendo campe\u00f3n, volvi\u00f3 a competir con la mayor\u00eda de los adversarios de ayer, en un nuevo instituto, y consagrase de acuerdo con sus antecedentes, nuevamente campe\u00f3n, lo que demuestra que es el club campe\u00f3n de los campeones\u00bb<\/em>.<\/strong><\/p>\n<p><img loading=\"lazy\" decoding=\"async\" class=\"aligncenter size-full wp-image-74759\" src=\"https:\/\/www.padreydecano.com\/cms\/wp-content\/uploads\/2016\/06\/WhatsApp-Image-2020-05-20-at-1.03.05-PM.jpeg\" alt=\"\" width=\"571\" height=\"506\" \/><\/p>\n<p style=\"text-align: justify;\">En 1927, la prensa escrita no dejar\u00eda ninguna duda. Pe\u00f1arol era el vigente campe\u00f3n uruguayo (Serie A) y Bella Vista el Campe\u00f3n del Torneo de Selecci\u00f3n (Serie B), tal como se observa en estos recortes de la revista deportiva Olympia. La diferencia era que en la Serie A se jugaba por el t\u00edtulo de liga, y en la Serie B se jugaba por pertenecer a Primera o formar parte de la vieja Intermedia (actual Segunda Divisi\u00f3n Profesional).<\/p>\n<p><img loading=\"lazy\" decoding=\"async\" class=\"aligncenter size-full wp-image-74760\" src=\"https:\/\/www.padreydecano.com\/cms\/wp-content\/uploads\/2016\/06\/WhatsApp-Image-2020-05-20-at-1.03.05-PM-1.jpeg\" alt=\"\" width=\"290\" height=\"273\" \/><\/p>\n<p style=\"text-align: justify;\">Ese mismo a\u00f1o, Pe\u00f1arol realizar\u00eda una gira por el Viejo Continente. En cada pa\u00eds visitado, el Decano fue presentado como el campe\u00f3n uruguayo, adem\u00e1s de pa\u00edses cercanos que tambi\u00e9n se hicieron eco de la noticia.<\/p>\n<p style=\"text-align: justify;\"><span style=\"color: #ffcc00;\"><strong>Alemania:<\/strong><\/span><\/p>\n<p style=\"text-align: justify;\"><img loading=\"lazy\" decoding=\"async\" class=\"aligncenter size-full wp-image-74768\" src=\"https:\/\/www.padreydecano.com\/cms\/wp-content\/uploads\/2016\/06\/AZ-am-Abend-Allgemeine-Zeitung-Munich-19.04.1927.jpg\" alt=\"\" width=\"549\" height=\"407\" \/><\/p>\n<p style=\"text-align: justify;\"><span style=\"color: #ffcc00;\"><strong>Austria:<\/strong><\/span><\/p>\n<p style=\"text-align: justify;\"><img loading=\"lazy\" decoding=\"async\" class=\"aligncenter size-full wp-image-74761\" src=\"https:\/\/www.padreydecano.com\/cms\/wp-content\/uploads\/2016\/06\/Sport-Tagblatt-Viena-4-5-1927.jpg\" alt=\"\" width=\"362\" height=\"384\" \/><\/p>\n<p style=\"text-align: justify;\"><span style=\"color: #ffcc00;\"><strong>Brasil:<\/strong><\/span><\/p>\n<p style=\"text-align: justify;\"><img loading=\"lazy\" decoding=\"async\" class=\"aligncenter size-full wp-image-74763\" src=\"https:\/\/www.padreydecano.com\/cms\/wp-content\/uploads\/2016\/06\/O-Imparcial-Brasil-20-2-1927.jpg\" alt=\"\" width=\"225\" height=\"153\" \/><\/p>\n<p style=\"text-align: justify;\"><span style=\"color: #ffcc00;\"><strong>Checoslovaquia:<\/strong><\/span><\/p>\n<p style=\"text-align: justify;\"><img loading=\"lazy\" decoding=\"async\" class=\"aligncenter size-full wp-image-74767\" src=\"https:\/\/www.padreydecano.com\/cms\/wp-content\/uploads\/2016\/06\/Lidov\u00e9-Noviny-Checoslovaquia-7-5-1927.jpg\" alt=\"\" width=\"592\" height=\"468\" \/><\/p>\n<p style=\"text-align: justify;\"><span style=\"color: #ffcc00;\"><strong>Espa\u00f1a:<\/strong><\/span><\/p>\n<p style=\"text-align: justify;\"><img loading=\"lazy\" decoding=\"async\" class=\"aligncenter size-full wp-image-74764\" src=\"https:\/\/www.padreydecano.com\/cms\/wp-content\/uploads\/2016\/06\/El-Siglo-Futuro-Espa\u00f1a-13-6-1927-2.png\" alt=\"\" width=\"480\" height=\"854\" srcset=\"https:\/\/www.padreydecano.com\/cms\/wp-content\/uploads\/2016\/06\/El-Siglo-Futuro-Espa\u00f1a-13-6-1927-2.png 480w, https:\/\/www.padreydecano.com\/cms\/wp-content\/uploads\/2016\/06\/El-Siglo-Futuro-Espa\u00f1a-13-6-1927-2-337x600.png 337w\" sizes=\"(max-width: 480px) 100vw, 480px\" \/><\/p>\n<p style=\"text-align: justify;\"><span style=\"color: #ffcc00;\"><strong>Francia:<\/strong><\/span><\/p>\n<p style=\"text-align: justify;\"><img loading=\"lazy\" decoding=\"async\" class=\"aligncenter size-full wp-image-74766\" src=\"https:\/\/www.padreydecano.com\/cms\/wp-content\/uploads\/2016\/06\/Le-Populaire-Francia-30-5-1927.jpg\" alt=\"\" width=\"1629\" height=\"1076\" srcset=\"https:\/\/www.padreydecano.com\/cms\/wp-content\/uploads\/2016\/06\/Le-Populaire-Francia-30-5-1927.jpg 1629w, https:\/\/www.padreydecano.com\/cms\/wp-content\/uploads\/2016\/06\/Le-Populaire-Francia-30-5-1927-600x396.jpg 600w, https:\/\/www.padreydecano.com\/cms\/wp-content\/uploads\/2016\/06\/Le-Populaire-Francia-30-5-1927-768x507.jpg 768w, https:\/\/www.padreydecano.com\/cms\/wp-content\/uploads\/2016\/06\/Le-Populaire-Francia-30-5-1927-1024x676.jpg 1024w\" sizes=\"(max-width: 1629px) 100vw, 1629px\" \/><\/p>\n<p style=\"text-align: justify;\"><span style=\"color: #ffcc00;\"><strong>Italia:<\/strong><\/span><\/p>\n<p style=\"text-align: justify;\"><img loading=\"lazy\" decoding=\"async\" class=\"aligncenter size-full wp-image-74765\" src=\"https:\/\/www.padreydecano.com\/cms\/wp-content\/uploads\/2016\/06\/La-Stampa-Italia-19-4-1927.jpg\" alt=\"\" width=\"325\" height=\"342\" \/><\/p>\n<p style=\"text-align: justify;\"><span style=\"color: #ffcc00;\"><strong>Suiza:<\/strong><\/span><\/p>\n<p style=\"text-align: justify;\"><img loading=\"lazy\" decoding=\"async\" class=\"aligncenter size-full wp-image-74762\" src=\"https:\/\/www.padreydecano.com\/cms\/wp-content\/uploads\/2016\/06\/Neue-Z\u00fcrcher-Nachrichten-Suiza-13-April-1927.jpg\" alt=\"\" width=\"576\" height=\"149\" \/><\/p>\n<p style=\"text-align: justify;\"><span style=\"color: #ffcc00;\"><strong>Historiales de campeonatos locales<\/strong><\/span><\/p>\n<p style=\"text-align: justify;\">A lo largo del tiempo, se han publicado varios historiales de campeonatos locales neutrales, y muchos de ellos como publicaciones oficiales.<\/p>\n<ul style=\"text-align: justify;\">\n<li><strong>Carta de Celestino Mibelli, Gerente de la AUF (1938)<\/strong><\/li>\n<\/ul>\n<p style=\"text-align: justify;\"><img loading=\"lazy\" decoding=\"async\" class=\"aligncenter size-full wp-image-74771\" src=\"https:\/\/www.padreydecano.com\/cms\/wp-content\/uploads\/2016\/06\/DxAlrM9WsAASsGj.jpeg\" alt=\"\" width=\"497\" height=\"665\" srcset=\"https:\/\/www.padreydecano.com\/cms\/wp-content\/uploads\/2016\/06\/DxAlrM9WsAASsGj.jpeg 497w, https:\/\/www.padreydecano.com\/cms\/wp-content\/uploads\/2016\/06\/DxAlrM9WsAASsGj-448x600.jpeg 448w\" sizes=\"(max-width: 497px) 100vw, 497px\" \/><\/p>\n<ul style=\"text-align: justify;\">\n<li><strong>Revista \u00abLos Deportes\u00bb (1966)<\/strong><\/li>\n<\/ul>\n<p style=\"text-align: justify;\"><img loading=\"lazy\" decoding=\"async\" class=\"aligncenter size-full wp-image-74775\" src=\"https:\/\/www.padreydecano.com\/cms\/wp-content\/uploads\/2016\/06\/2-Palmares-La-Revista-de-los-Deportes-75-Aniversario-CAP..jpg\" alt=\"\" width=\"669\" height=\"1383\" srcset=\"https:\/\/www.padreydecano.com\/cms\/wp-content\/uploads\/2016\/06\/2-Palmares-La-Revista-de-los-Deportes-75-Aniversario-CAP..jpg 669w, https:\/\/www.padreydecano.com\/cms\/wp-content\/uploads\/2016\/06\/2-Palmares-La-Revista-de-los-Deportes-75-Aniversario-CAP.-290x600.jpg 290w, https:\/\/www.padreydecano.com\/cms\/wp-content\/uploads\/2016\/06\/2-Palmares-La-Revista-de-los-Deportes-75-Aniversario-CAP.-495x1024.jpg 495w\" sizes=\"(max-width: 669px) 100vw, 669px\" \/><\/p>\n<ul style=\"text-align: justify;\">\n<li><strong>Colecci\u00f3n \u00ab100 a\u00f1os de F\u00fatbol\u00bb (1970)<\/strong><\/li>\n<\/ul>\n<p style=\"text-align: justify;\"><img loading=\"lazy\" decoding=\"async\" class=\"aligncenter size-full wp-image-74774\" src=\"https:\/\/www.padreydecano.com\/cms\/wp-content\/uploads\/2016\/06\/6-Palmares-100-a\u00f1os-de-futbol.-Cortinas-1970.jpg\" alt=\"\" width=\"900\" height=\"1600\" srcset=\"https:\/\/www.padreydecano.com\/cms\/wp-content\/uploads\/2016\/06\/6-Palmares-100-a\u00f1os-de-futbol.-Cortinas-1970.jpg 900w, https:\/\/www.padreydecano.com\/cms\/wp-content\/uploads\/2016\/06\/6-Palmares-100-a\u00f1os-de-futbol.-Cortinas-1970-338x600.jpg 338w, https:\/\/www.padreydecano.com\/cms\/wp-content\/uploads\/2016\/06\/6-Palmares-100-a\u00f1os-de-futbol.-Cortinas-1970-768x1365.jpg 768w, https:\/\/www.padreydecano.com\/cms\/wp-content\/uploads\/2016\/06\/6-Palmares-100-a\u00f1os-de-futbol.-Cortinas-1970-576x1024.jpg 576w\" sizes=\"(max-width: 900px) 100vw, 900px\" \/><\/p>\n<ul style=\"text-align: justify;\">\n<li><strong>Anuario del f\u00fatbol uruguayo, avalado por la AUF (1997)<\/strong><\/li>\n<\/ul>\n<p style=\"text-align: justify;\"><img loading=\"lazy\" decoding=\"async\" class=\"aligncenter size-full wp-image-74773\" src=\"https:\/\/www.padreydecano.com\/cms\/wp-content\/uploads\/2016\/06\/9-Anuario-AUF-1997-2.jpeg\" alt=\"\" width=\"1600\" height=\"900\" srcset=\"https:\/\/www.padreydecano.com\/cms\/wp-content\/uploads\/2016\/06\/9-Anuario-AUF-1997-2.jpeg 1600w, https:\/\/www.padreydecano.com\/cms\/wp-content\/uploads\/2016\/06\/9-Anuario-AUF-1997-2-600x338.jpeg 600w, https:\/\/www.padreydecano.com\/cms\/wp-content\/uploads\/2016\/06\/9-Anuario-AUF-1997-2-768x432.jpeg 768w, https:\/\/www.padreydecano.com\/cms\/wp-content\/uploads\/2016\/06\/9-Anuario-AUF-1997-2-1024x576.jpeg 1024w\" sizes=\"(max-width: 1600px) 100vw, 1600px\" \/><\/p>\n<ul style=\"text-align: justify;\">\n<li><strong>Libro \u00abUn Siglo de Cl\u00e1sicos\u00bb (2000)<\/strong><\/li>\n<\/ul>\n<p style=\"text-align: justify;\"><img loading=\"lazy\" decoding=\"async\" class=\"aligncenter size-full wp-image-74776\" src=\"https:\/\/www.padreydecano.com\/cms\/wp-content\/uploads\/2016\/06\/3-Palmares-Un-Siglo-de-Clasicos.jpg\" alt=\"\" width=\"900\" height=\"1506\" srcset=\"https:\/\/www.padreydecano.com\/cms\/wp-content\/uploads\/2016\/06\/3-Palmares-Un-Siglo-de-Clasicos.jpg 900w, https:\/\/www.padreydecano.com\/cms\/wp-content\/uploads\/2016\/06\/3-Palmares-Un-Siglo-de-Clasicos-359x600.jpg 359w, https:\/\/www.padreydecano.com\/cms\/wp-content\/uploads\/2016\/06\/3-Palmares-Un-Siglo-de-Clasicos-768x1285.jpg 768w, https:\/\/www.padreydecano.com\/cms\/wp-content\/uploads\/2016\/06\/3-Palmares-Un-Siglo-de-Clasicos-612x1024.jpg 612w\" sizes=\"(max-width: 900px) 100vw, 900px\" \/><\/p>\n<ul style=\"text-align: justify;\">\n<li><strong>Web de la Asociaci\u00f3n Uruguaya de F\u00fatbol (2013)<\/strong><\/li>\n<\/ul>\n<p style=\"text-align: justify;\"><img loading=\"lazy\" decoding=\"async\" class=\"aligncenter size-full wp-image-74772\" src=\"https:\/\/www.padreydecano.com\/cms\/wp-content\/uploads\/2016\/06\/48campeonatos.jpg\" alt=\"\" width=\"666\" height=\"657\" srcset=\"https:\/\/www.padreydecano.com\/cms\/wp-content\/uploads\/2016\/06\/48campeonatos.jpg 666w, https:\/\/www.padreydecano.com\/cms\/wp-content\/uploads\/2016\/06\/48campeonatos-600x592.jpg 600w, https:\/\/www.padreydecano.com\/cms\/wp-content\/uploads\/2016\/06\/48campeonatos-36x36.jpg 36w\" sizes=\"(max-width: 666px) 100vw, 666px\" \/><\/p>\n<p style=\"text-align: justify;\"><strong>El hincha de Pe\u00f1arol puede decir, sin ning\u00fan tipo de dudas, que forma parte del club m\u00e1s laureado, <a href=\"https:\/\/www.padreydecano.com\/cms\/noticias\/penarol-el-dueno-del-amor-popular\/\">popular,<\/a> <a href=\"https:\/\/www.padreydecano.com\/cms\/noticias\/penarol-decano-tambien-en-lo-juridico\/\">antiguo<\/a> y <a href=\"https:\/\/www.padreydecano.com\/cms\/editoriales\/el-padre-y-decano-del-futbol-uruguayo\/\">ganador cl\u00e1sico<\/a> del pa\u00eds.<\/strong><\/p>\n<p style=\"text-align: justify;\"><div class=\"user-wrapper\"><a class=\"userlink\" href=\"https:\/\/twitter.com\/brunocurcc\" target=\"_blank\"><figure><img decoding=\"async\" src=\"http:\/\/www.padreydecano.com\/cms\/wp-users-files\/postfirmas\/brunocurcc.jpg\" \/><\/figure><p class=\"user\"><strong>Bruno Mazza<\/strong><br \/>@brunocurcc<\/p><\/a><\/div><\/p>\n<p style=\"text-align: justify;\"><div class=\"user-wrapper\"><a class=\"userlink\" href=\"https:\/\/twitter.com\/PenarolPapa\" target=\"_blank\"><figure><img decoding=\"async\" src=\"http:\/\/www.padreydecano.com\/cms\/wp-users-files\/postfirmas\/penarolpapa.jpg\" \/><\/figure><p class=\"user\"><strong>Fernando Gonz\u00e1lez<\/strong><br \/>@PenarolPapa<\/p><\/a><\/div><\/p>\n","protected":false},"excerpt":{"rendered":"<p>El Club Atl\u00e9tico Pe\u00f1arol es el m\u00e1ximo ganador de ligas locales en Uruguay. Esa distinci\u00f3n se la dan los 52 Campeonatos Uruguayos\u00a0 conquistados, desde el primero obtenido en 1900. Estos t\u00edtulos fueron logrados en: 1900 \u2013 1901 \u2013 1905 \u2013 1907 \u2013 1911 &#8211; 1918 \u2013 1921 \u2013 1924 (FUF) &#8211; 1926 (CP) &#8211; 1928 [&hellip;]<\/p>\n","protected":false},"author":3,"featured_media":74758,"comment_status":"open","ping_status":"closed","sticky":false,"template":"","format":"standard","meta":{"footnotes":""},"categories":[28],"tags":[],"yoast_head":"<!-- This site is optimized with the Yoast SEO plugin v23.2 - https:\/\/yoast.com\/wordpress\/plugins\/seo\/ -->\n<title>Los t\u00edtulos de 1924 y 1926 - Padre y Decano - El Sitio del Pueblo<\/title>\n<meta name=\"robots\" content=\"index, follow, max-snippet:-1, max-image-preview:large, max-video-preview:-1\" \/>\n<link rel=\"canonical\" href=\"https:\/\/www.padreydecano.com\/cms\/columnas\/los-titulos-de-1924-y-1926\/\" \/>\n<meta property=\"og:locale\" content=\"es_ES\" \/>\n<meta property=\"og:type\" content=\"article\" \/>\n<meta property=\"og:title\" content=\"Los t\u00edtulos de 1924 y 1926 - Padre y Decano - El Sitio del Pueblo\" \/>\n<meta property=\"og:description\" content=\"El Club Atl\u00e9tico Pe\u00f1arol es el m\u00e1ximo ganador de ligas locales en Uruguay. Esa distinci\u00f3n se la dan los 52 Campeonatos Uruguayos\u00a0 conquistados, desde el primero obtenido en 1900. Estos t\u00edtulos fueron logrados en: 1900 \u2013 1901 \u2013 1905 \u2013 1907 \u2013 1911 &#8211; 1918 \u2013 1921 \u2013 1924 (FUF) &#8211; 1926 (CP) &#8211; 1928 [&hellip;]\" \/>\n<meta property=\"og:url\" content=\"https:\/\/www.padreydecano.com\/cms\/columnas\/los-titulos-de-1924-y-1926\/\" \/>\n<meta property=\"og:site_name\" content=\"Padre y Decano - El Sitio del Pueblo\" \/>\n<meta property=\"article:published_time\" content=\"2021-11-14T03:00:53+00:00\" \/>\n<meta property=\"article:modified_time\" content=\"2022-02-01T20:44:16+00:00\" \/>\n<meta property=\"og:image\" content=\"https:\/\/www.padreydecano.com\/cms\/wp-content\/uploads\/2016\/06\/52.png\" \/>\n\t<meta property=\"og:image:width\" content=\"669\" \/>\n\t<meta property=\"og:image:height\" content=\"233\" \/>\n\t<meta property=\"og:image:type\" content=\"image\/png\" \/>\n<meta name=\"author\" content=\"1891\" \/>\n<meta name=\"twitter:card\" content=\"summary_large_image\" \/>\n<meta name=\"twitter:label1\" content=\"Escrito por\" \/>\n\t<meta name=\"twitter:data1\" content=\"1891\" \/>\n\t<meta name=\"twitter:label2\" content=\"Tiempo de lectura\" \/>\n\t<meta name=\"twitter:data2\" content=\"17 minutos\" \/>\n<script type=\"application\/ld+json\" class=\"yoast-schema-graph\">{\"@context\":\"https:\/\/schema.org\",\"@graph\":[{\"@type\":\"Article\",\"@id\":\"https:\/\/www.padreydecano.com\/cms\/columnas\/los-titulos-de-1924-y-1926\/#article\",\"isPartOf\":{\"@id\":\"https:\/\/www.padreydecano.com\/cms\/columnas\/los-titulos-de-1924-y-1926\/\"},\"author\":{\"name\":\"1891\",\"@id\":\"https:\/\/www.padreydecano.com\/cms\/#\/schema\/person\/5607c72c38a1537a151b24d1e67535e0\"},\"headline\":\"Los t\u00edtulos de 1924 y 1926\",\"datePublished\":\"2021-11-14T03:00:53+00:00\",\"dateModified\":\"2022-02-01T20:44:16+00:00\",\"mainEntityOfPage\":{\"@id\":\"https:\/\/www.padreydecano.com\/cms\/columnas\/los-titulos-de-1924-y-1926\/\"},\"wordCount\":3396,\"commentCount\":67,\"publisher\":{\"@id\":\"https:\/\/www.padreydecano.com\/cms\/#organization\"},\"image\":{\"@id\":\"https:\/\/www.padreydecano.com\/cms\/columnas\/los-titulos-de-1924-y-1926\/#primaryimage\"},\"thumbnailUrl\":\"https:\/\/www.padreydecano.com\/cms\/wp-content\/uploads\/2016\/06\/52.png\",\"articleSection\":[\"Columnas\"],\"inLanguage\":\"es\",\"potentialAction\":[{\"@type\":\"CommentAction\",\"name\":\"Comment\",\"target\":[\"https:\/\/www.padreydecano.com\/cms\/columnas\/los-titulos-de-1924-y-1926\/#respond\"]}]},{\"@type\":\"WebPage\",\"@id\":\"https:\/\/www.padreydecano.com\/cms\/columnas\/los-titulos-de-1924-y-1926\/\",\"url\":\"https:\/\/www.padreydecano.com\/cms\/columnas\/los-titulos-de-1924-y-1926\/\",\"name\":\"Los t\u00edtulos de 1924 y 1926 - Padre y Decano - El Sitio del Pueblo\",\"isPartOf\":{\"@id\":\"https:\/\/www.padreydecano.com\/cms\/#website\"},\"primaryImageOfPage\":{\"@id\":\"https:\/\/www.padreydecano.com\/cms\/columnas\/los-titulos-de-1924-y-1926\/#primaryimage\"},\"image\":{\"@id\":\"https:\/\/www.padreydecano.com\/cms\/columnas\/los-titulos-de-1924-y-1926\/#primaryimage\"},\"thumbnailUrl\":\"https:\/\/www.padreydecano.com\/cms\/wp-content\/uploads\/2016\/06\/52.png\",\"datePublished\":\"2021-11-14T03:00:53+00:00\",\"dateModified\":\"2022-02-01T20:44:16+00:00\",\"breadcrumb\":{\"@id\":\"https:\/\/www.padreydecano.com\/cms\/columnas\/los-titulos-de-1924-y-1926\/#breadcrumb\"},\"inLanguage\":\"es\",\"potentialAction\":[{\"@type\":\"ReadAction\",\"target\":[\"https:\/\/www.padreydecano.com\/cms\/columnas\/los-titulos-de-1924-y-1926\/\"]}]},{\"@type\":\"ImageObject\",\"inLanguage\":\"es\",\"@id\":\"https:\/\/www.padreydecano.com\/cms\/columnas\/los-titulos-de-1924-y-1926\/#primaryimage\",\"url\":\"https:\/\/www.padreydecano.com\/cms\/wp-content\/uploads\/2016\/06\/52.png\",\"contentUrl\":\"https:\/\/www.padreydecano.com\/cms\/wp-content\/uploads\/2016\/06\/52.png\",\"width\":669,\"height\":233},{\"@type\":\"BreadcrumbList\",\"@id\":\"https:\/\/www.padreydecano.com\/cms\/columnas\/los-titulos-de-1924-y-1926\/#breadcrumb\",\"itemListElement\":[{\"@type\":\"ListItem\",\"position\":1,\"name\":\"Portada\",\"item\":\"https:\/\/www.padreydecano.com\/cms\/\"},{\"@type\":\"ListItem\",\"position\":2,\"name\":\"Los t\u00edtulos de 1924 y 1926\"}]},{\"@type\":\"WebSite\",\"@id\":\"https:\/\/www.padreydecano.com\/cms\/#website\",\"url\":\"https:\/\/www.padreydecano.com\/cms\/\",\"name\":\"Padre y Decano - El Sitio del Pueblo\",\"description\":\"Club Atl\u00e9tico Pe\u00f1arol\",\"publisher\":{\"@id\":\"https:\/\/www.padreydecano.com\/cms\/#organization\"},\"potentialAction\":[{\"@type\":\"SearchAction\",\"target\":{\"@type\":\"EntryPoint\",\"urlTemplate\":\"https:\/\/www.padreydecano.com\/cms\/?s={search_term_string}\"},\"query-input\":\"required name=search_term_string\"}],\"inLanguage\":\"es\"},{\"@type\":\"Organization\",\"@id\":\"https:\/\/www.padreydecano.com\/cms\/#organization\",\"name\":\"Padre y Decano\",\"url\":\"https:\/\/www.padreydecano.com\/cms\/\",\"logo\":{\"@type\":\"ImageObject\",\"inLanguage\":\"es\",\"@id\":\"https:\/\/www.padreydecano.com\/cms\/#\/schema\/logo\/image\/\",\"url\":\"https:\/\/www.padreydecano.com\/cms\/wp-content\/uploads\/2022\/01\/avatar-square.png\",\"contentUrl\":\"https:\/\/www.padreydecano.com\/cms\/wp-content\/uploads\/2022\/01\/avatar-square.png\",\"width\":1500,\"height\":1500,\"caption\":\"Padre y Decano\"},\"image\":{\"@id\":\"https:\/\/www.padreydecano.com\/cms\/#\/schema\/logo\/image\/\"}},{\"@type\":\"Person\",\"@id\":\"https:\/\/www.padreydecano.com\/cms\/#\/schema\/person\/5607c72c38a1537a151b24d1e67535e0\",\"name\":\"1891\",\"image\":{\"@type\":\"ImageObject\",\"inLanguage\":\"es\",\"@id\":\"https:\/\/www.padreydecano.com\/cms\/#\/schema\/person\/image\/\",\"url\":\"https:\/\/secure.gravatar.com\/avatar\/29d4d1b0d523a21898e8cf9585d259d3?s=96&d=https%3A%2F%2Fpadreydecano.com%2Fcms%2Fwp-content%2Fthemes%2Fpyd-theme%2Fimg%2Fdefault-avatar.png&r=g\",\"contentUrl\":\"https:\/\/secure.gravatar.com\/avatar\/29d4d1b0d523a21898e8cf9585d259d3?s=96&d=https%3A%2F%2Fpadreydecano.com%2Fcms%2Fwp-content%2Fthemes%2Fpyd-theme%2Fimg%2Fdefault-avatar.png&r=g\",\"caption\":\"1891\"}}]}<\/script>\n<!-- \/ Yoast SEO plugin. -->","yoast_head_json":{"title":"Los t\u00edtulos de 1924 y 1926 - Padre y Decano - El Sitio del Pueblo","robots":{"index":"index","follow":"follow","max-snippet":"max-snippet:-1","max-image-preview":"max-image-preview:large","max-video-preview":"max-video-preview:-1"},"canonical":"https:\/\/www.padreydecano.com\/cms\/columnas\/los-titulos-de-1924-y-1926\/","og_locale":"es_ES","og_type":"article","og_title":"Los t\u00edtulos de 1924 y 1926 - Padre y Decano - El Sitio del Pueblo","og_description":"El Club Atl\u00e9tico Pe\u00f1arol es el m\u00e1ximo ganador de ligas locales en Uruguay. Esa distinci\u00f3n se la dan los 52 Campeonatos Uruguayos\u00a0 conquistados, desde el primero obtenido en 1900. Estos t\u00edtulos fueron logrados en: 1900 \u2013 1901 \u2013 1905 \u2013 1907 \u2013 1911 &#8211; 1918 \u2013 1921 \u2013 1924 (FUF) &#8211; 1926 (CP) &#8211; 1928 [&hellip;]","og_url":"https:\/\/www.padreydecano.com\/cms\/columnas\/los-titulos-de-1924-y-1926\/","og_site_name":"Padre y Decano - El Sitio del Pueblo","article_published_time":"2021-11-14T03:00:53+00:00","article_modified_time":"2022-02-01T20:44:16+00:00","og_image":[{"width":669,"height":233,"url":"https:\/\/www.padreydecano.com\/cms\/wp-content\/uploads\/2016\/06\/52.png","type":"image\/png"}],"author":"1891","twitter_card":"summary_large_image","twitter_misc":{"Escrito por":"1891","Tiempo de lectura":"17 minutos"},"schema":{"@context":"https:\/\/schema.org","@graph":[{"@type":"Article","@id":"https:\/\/www.padreydecano.com\/cms\/columnas\/los-titulos-de-1924-y-1926\/#article","isPartOf":{"@id":"https:\/\/www.padreydecano.com\/cms\/columnas\/los-titulos-de-1924-y-1926\/"},"author":{"name":"1891","@id":"https:\/\/www.padreydecano.com\/cms\/#\/schema\/person\/5607c72c38a1537a151b24d1e67535e0"},"headline":"Los t\u00edtulos de 1924 y 1926","datePublished":"2021-11-14T03:00:53+00:00","dateModified":"2022-02-01T20:44:16+00:00","mainEntityOfPage":{"@id":"https:\/\/www.padreydecano.com\/cms\/columnas\/los-titulos-de-1924-y-1926\/"},"wordCount":3396,"commentCount":67,"publisher":{"@id":"https:\/\/www.padreydecano.com\/cms\/#organization"},"image":{"@id":"https:\/\/www.padreydecano.com\/cms\/columnas\/los-titulos-de-1924-y-1926\/#primaryimage"},"thumbnailUrl":"https:\/\/www.padreydecano.com\/cms\/wp-content\/uploads\/2016\/06\/52.png","articleSection":["Columnas"],"inLanguage":"es","potentialAction":[{"@type":"CommentAction","name":"Comment","target":["https:\/\/www.padreydecano.com\/cms\/columnas\/los-titulos-de-1924-y-1926\/#respond"]}]},{"@type":"WebPage","@id":"https:\/\/www.padreydecano.com\/cms\/columnas\/los-titulos-de-1924-y-1926\/","url":"https:\/\/www.padreydecano.com\/cms\/columnas\/los-titulos-de-1924-y-1926\/","name":"Los t\u00edtulos de 1924 y 1926 - Padre y Decano - El Sitio del Pueblo","isPartOf":{"@id":"https:\/\/www.padreydecano.com\/cms\/#website"},"primaryImageOfPage":{"@id":"https:\/\/www.padreydecano.com\/cms\/columnas\/los-titulos-de-1924-y-1926\/#primaryimage"},"image":{"@id":"https:\/\/www.padreydecano.com\/cms\/columnas\/los-titulos-de-1924-y-1926\/#primaryimage"},"thumbnailUrl":"https:\/\/www.padreydecano.com\/cms\/wp-content\/uploads\/2016\/06\/52.png","datePublished":"2021-11-14T03:00:53+00:00","dateModified":"2022-02-01T20:44:16+00:00","breadcrumb":{"@id":"https:\/\/www.padreydecano.com\/cms\/columnas\/los-titulos-de-1924-y-1926\/#breadcrumb"},"inLanguage":"es","potentialAction":[{"@type":"ReadAction","target":["https:\/\/www.padreydecano.com\/cms\/columnas\/los-titulos-de-1924-y-1926\/"]}]},{"@type":"ImageObject","inLanguage":"es","@id":"https:\/\/www.padreydecano.com\/cms\/columnas\/los-titulos-de-1924-y-1926\/#primaryimage","url":"https:\/\/www.padreydecano.com\/cms\/wp-content\/uploads\/2016\/06\/52.png","contentUrl":"https:\/\/www.padreydecano.com\/cms\/wp-content\/uploads\/2016\/06\/52.png","width":669,"height":233},{"@type":"BreadcrumbList","@id":"https:\/\/www.padreydecano.com\/cms\/columnas\/los-titulos-de-1924-y-1926\/#breadcrumb","itemListElement":[{"@type":"ListItem","position":1,"name":"Portada","item":"https:\/\/www.padreydecano.com\/cms\/"},{"@type":"ListItem","position":2,"name":"Los t\u00edtulos de 1924 y 1926"}]},{"@type":"WebSite","@id":"https:\/\/www.padreydecano.com\/cms\/#website","url":"https:\/\/www.padreydecano.com\/cms\/","name":"Padre y Decano - El Sitio del Pueblo","description":"Club Atl\u00e9tico Pe\u00f1arol","publisher":{"@id":"https:\/\/www.padreydecano.com\/cms\/#organization"},"potentialAction":[{"@type":"SearchAction","target":{"@type":"EntryPoint","urlTemplate":"https:\/\/www.padreydecano.com\/cms\/?s={search_term_string}"},"query-input":"required name=search_term_string"}],"inLanguage":"es"},{"@type":"Organization","@id":"https:\/\/www.padreydecano.com\/cms\/#organization","name":"Padre y Decano","url":"https:\/\/www.padreydecano.com\/cms\/","logo":{"@type":"ImageObject","inLanguage":"es","@id":"https:\/\/www.padreydecano.com\/cms\/#\/schema\/logo\/image\/","url":"https:\/\/www.padreydecano.com\/cms\/wp-content\/uploads\/2022\/01\/avatar-square.png","contentUrl":"https:\/\/www.padreydecano.com\/cms\/wp-content\/uploads\/2022\/01\/avatar-square.png","width":1500,"height":1500,"caption":"Padre y Decano"},"image":{"@id":"https:\/\/www.padreydecano.com\/cms\/#\/schema\/logo\/image\/"}},{"@type":"Person","@id":"https:\/\/www.padreydecano.com\/cms\/#\/schema\/person\/5607c72c38a1537a151b24d1e67535e0","name":"1891","image":{"@type":"ImageObject","inLanguage":"es","@id":"https:\/\/www.padreydecano.com\/cms\/#\/schema\/person\/image\/","url":"https:\/\/secure.gravatar.com\/avatar\/29d4d1b0d523a21898e8cf9585d259d3?s=96&d=https%3A%2F%2Fpadreydecano.com%2Fcms%2Fwp-content%2Fthemes%2Fpyd-theme%2Fimg%2Fdefault-avatar.png&r=g","contentUrl":"https:\/\/secure.gravatar.com\/avatar\/29d4d1b0d523a21898e8cf9585d259d3?s=96&d=https%3A%2F%2Fpadreydecano.com%2Fcms%2Fwp-content%2Fthemes%2Fpyd-theme%2Fimg%2Fdefault-avatar.png&r=g","caption":"1891"}}]}},"_links":{"self":[{"href":"https:\/\/www.padreydecano.com\/cms\/wp-json\/wp\/v2\/posts\/59165"}],"collection":[{"href":"https:\/\/www.padreydecano.com\/cms\/wp-json\/wp\/v2\/posts"}],"about":[{"href":"https:\/\/www.padreydecano.com\/cms\/wp-json\/wp\/v2\/types\/post"}],"author":[{"embeddable":true,"href":"https:\/\/www.padreydecano.com\/cms\/wp-json\/wp\/v2\/users\/3"}],"replies":[{"embeddable":true,"href":"https:\/\/www.padreydecano.com\/cms\/wp-json\/wp\/v2\/comments?post=59165"}],"version-history":[{"count":0,"href":"https:\/\/www.padreydecano.com\/cms\/wp-json\/wp\/v2\/posts\/59165\/revisions"}],"wp:featuredmedia":[{"embeddable":true,"href":"https:\/\/www.padreydecano.com\/cms\/wp-json\/wp\/v2\/media\/74758"}],"wp:attachment":[{"href":"https:\/\/www.padreydecano.com\/cms\/wp-json\/wp\/v2\/media?parent=59165"}],"wp:term":[{"taxonomy":"category","embeddable":true,"href":"https:\/\/www.padreydecano.com\/cms\/wp-json\/wp\/v2\/categories?post=59165"},{"taxonomy":"post_tag","embeddable":true,"href":"https:\/\/www.padreydecano.com\/cms\/wp-json\/wp\/v2\/tags?post=59165"}],"curies":[{"name":"wp","href":"https:\/\/api.w.org\/{rel}","templated":true}]}}