{"id":57910,"date":"2016-03-23T12:55:24","date_gmt":"2016-03-23T15:55:24","guid":{"rendered":"http:\/\/www.padreydecano.com\/cms\/?p=57910"},"modified":"2016-03-24T15:22:41","modified_gmt":"2016-03-24T18:22:41","slug":"rincones-y-detalles-del-estadio-campeon-del-siglo","status":"publish","type":"post","link":"https:\/\/www.padreydecano.com\/cms\/noticias\/rincones-y-detalles-del-estadio-campeon-del-siglo\/","title":{"rendered":"Rincones y detalles del Estadio Campe\u00f3n del Siglo"},"content":{"rendered":"<p style=\"text-align: justify;\">A solo 4 d\u00edas de la inauguraci\u00f3n del Estadio Campe\u00f3n del Siglo, te mostramos m\u00e1s detalles de la obra m\u00e1s importante en la historia del club.<\/p>\n<p><a href=\"https:\/\/www.padreydecano.com\/cms\/wp-content\/uploads\/2016\/03\/locomotora-entrada.jpg\" rel=\"shadowbox[sbpost-57910];player=img;\"><img loading=\"lazy\" decoding=\"async\" class=\"aligncenter wp-image-57911\" src=\"https:\/\/www.padreydecano.com\/cms\/wp-content\/uploads\/2016\/03\/locomotora-entrada.jpg\" alt=\"locomotora-entrada\" width=\"620\" height=\"465\" srcset=\"https:\/\/www.padreydecano.com\/cms\/wp-content\/uploads\/2016\/03\/locomotora-entrada.jpg 800w, https:\/\/www.padreydecano.com\/cms\/wp-content\/uploads\/2016\/03\/locomotora-entrada-300x225.jpg 300w, https:\/\/www.padreydecano.com\/cms\/wp-content\/uploads\/2016\/03\/locomotora-entrada-768x576.jpg 768w\" sizes=\"(max-width: 620px) 100vw, 620px\" \/><\/a><\/p>\n<p style=\"text-align: justify;\">La locomotora est\u00e1 ubicada en el ingreso al edificio de palcos de la tribuna Frank Henderson. El s\u00edmbolo que acompa\u00f1a a Pe\u00f1arol desde los or\u00edgenes y para siempre.<\/p>\n<p><a href=\"https:\/\/www.padreydecano.com\/cms\/wp-content\/uploads\/2016\/03\/plantas-entrada.jpg\" rel=\"shadowbox[sbpost-57910];player=img;\"><img loading=\"lazy\" decoding=\"async\" class=\"aligncenter wp-image-57912\" src=\"https:\/\/www.padreydecano.com\/cms\/wp-content\/uploads\/2016\/03\/plantas-entrada.jpg\" alt=\"plantas-entrada\" width=\"620\" height=\"407\" srcset=\"https:\/\/www.padreydecano.com\/cms\/wp-content\/uploads\/2016\/03\/plantas-entrada.jpg 800w, https:\/\/www.padreydecano.com\/cms\/wp-content\/uploads\/2016\/03\/plantas-entrada-300x197.jpg 300w, https:\/\/www.padreydecano.com\/cms\/wp-content\/uploads\/2016\/03\/plantas-entrada-768x504.jpg 768w\" sizes=\"(max-width: 620px) 100vw, 620px\" \/><\/a><\/p>\n<p style=\"text-align: justify;\">El ingreso al edificio de palcos de la tribuna Frank Henderson tambi\u00e9n tendr\u00e1 plantas decorativas.<\/p>\n<p><a href=\"https:\/\/www.padreydecano.com\/cms\/wp-content\/uploads\/2016\/03\/pintura-estacionamiento.jpg\" rel=\"shadowbox[sbpost-57910];player=img;\"><img loading=\"lazy\" decoding=\"async\" class=\"aligncenter wp-image-57913\" src=\"https:\/\/www.padreydecano.com\/cms\/wp-content\/uploads\/2016\/03\/pintura-estacionamiento.jpg\" alt=\"pintura-estacionamiento\" width=\"620\" height=\"465\" srcset=\"https:\/\/www.padreydecano.com\/cms\/wp-content\/uploads\/2016\/03\/pintura-estacionamiento.jpg 960w, https:\/\/www.padreydecano.com\/cms\/wp-content\/uploads\/2016\/03\/pintura-estacionamiento-300x225.jpg 300w, https:\/\/www.padreydecano.com\/cms\/wp-content\/uploads\/2016\/03\/pintura-estacionamiento-768x576.jpg 768w\" sizes=\"(max-width: 620px) 100vw, 620px\" \/><\/a><\/p>\n<p style=\"text-align: justify;\">Se pintaron los espacios para diferenciar los veh\u00edculos en el estacionamiento.<\/p>\n<p style=\"text-align: justify;\"><a href=\"https:\/\/www.padreydecano.com\/cms\/wp-content\/uploads\/2016\/03\/IMG_9488-2.jpg\" rel=\"shadowbox[sbpost-57910];player=img;\"><img loading=\"lazy\" decoding=\"async\" class=\"aligncenter wp-image-57931\" src=\"https:\/\/www.padreydecano.com\/cms\/wp-content\/uploads\/2016\/03\/IMG_9488-2.jpg\" alt=\"IMG_9488 (2)\" width=\"620\" height=\"413\" srcset=\"https:\/\/www.padreydecano.com\/cms\/wp-content\/uploads\/2016\/03\/IMG_9488-2.jpg 900w, https:\/\/www.padreydecano.com\/cms\/wp-content\/uploads\/2016\/03\/IMG_9488-2-300x200.jpg 300w, https:\/\/www.padreydecano.com\/cms\/wp-content\/uploads\/2016\/03\/IMG_9488-2-768x512.jpg 768w\" sizes=\"(max-width: 620px) 100vw, 620px\" \/><\/a><\/p>\n<p>Finalmente la publicidad del refresco ser\u00e1 pintada en negro y blanco. Los colores son m\u00e1s acordes a la armon\u00eda del Estadio Campe\u00f3n del Siglo.<\/p>\n<p style=\"text-align: justify;\"><a href=\"https:\/\/www.padreydecano.com\/cms\/wp-content\/uploads\/2016\/03\/IMG_9496-2.jpg\" rel=\"shadowbox[sbpost-57910];player=img;\"><img loading=\"lazy\" decoding=\"async\" class=\"aligncenter wp-image-57928\" src=\"https:\/\/www.padreydecano.com\/cms\/wp-content\/uploads\/2016\/03\/IMG_9496-2.jpg\" alt=\"IMG_9496 (2)\" width=\"620\" height=\"413\" srcset=\"https:\/\/www.padreydecano.com\/cms\/wp-content\/uploads\/2016\/03\/IMG_9496-2.jpg 900w, https:\/\/www.padreydecano.com\/cms\/wp-content\/uploads\/2016\/03\/IMG_9496-2-300x200.jpg 300w, https:\/\/www.padreydecano.com\/cms\/wp-content\/uploads\/2016\/03\/IMG_9496-2-768x512.jpg 768w\" sizes=\"(max-width: 620px) 100vw, 620px\" \/><\/a><\/p>\n<p>Las butacas en la Tribuna Frank Henderson ya fueron personalizadas, diferenciando sector, fila y asiento.<\/p>\n<p style=\"text-align: justify;\"><a href=\"https:\/\/www.padreydecano.com\/cms\/wp-content\/uploads\/2016\/03\/CeRAVWcXEAAFo4s.jpg\" rel=\"shadowbox[sbpost-57910];player=img;\"><img loading=\"lazy\" decoding=\"async\" class=\"aligncenter size-full wp-image-57935\" src=\"https:\/\/www.padreydecano.com\/cms\/wp-content\/uploads\/2016\/03\/CeRAVWcXEAAFo4s.jpg\" alt=\"CeRAVWcXEAAFo4s\" width=\"600\" height=\"400\" srcset=\"https:\/\/www.padreydecano.com\/cms\/wp-content\/uploads\/2016\/03\/CeRAVWcXEAAFo4s.jpg 600w, https:\/\/www.padreydecano.com\/cms\/wp-content\/uploads\/2016\/03\/CeRAVWcXEAAFo4s-300x200.jpg 300w\" sizes=\"(max-width: 600px) 100vw, 600px\" \/><\/a><\/p>\n<p style=\"text-align: justify;\">Los vestuarios ya est\u00e1n prontos para ser estrenados.<\/p>\n<p style=\"text-align: justify;\"><a href=\"https:\/\/www.padreydecano.com\/cms\/wp-content\/uploads\/2016\/03\/CeQ2wmyWEAIbHs0.jpg\" rel=\"shadowbox[sbpost-57910];player=img;\"><img loading=\"lazy\" decoding=\"async\" class=\"aligncenter size-full wp-image-57936\" src=\"https:\/\/www.padreydecano.com\/cms\/wp-content\/uploads\/2016\/03\/CeQ2wmyWEAIbHs0.jpg\" alt=\"CeQ2wmyWEAIbHs0\" width=\"600\" height=\"450\" srcset=\"https:\/\/www.padreydecano.com\/cms\/wp-content\/uploads\/2016\/03\/CeQ2wmyWEAIbHs0.jpg 600w, https:\/\/www.padreydecano.com\/cms\/wp-content\/uploads\/2016\/03\/CeQ2wmyWEAIbHs0-300x225.jpg 300w\" sizes=\"(max-width: 600px) 100vw, 600px\" \/><\/a><\/p>\n<p style=\"text-align: justify;\">La sala de prensa se est\u00e1 poniendo a punto. Ser\u00e1 de primer nivel.<\/p>\n<p><a href=\"https:\/\/www.padreydecano.com\/cms\/wp-content\/uploads\/2016\/03\/placa-logo-estadio.jpg\" rel=\"shadowbox[sbpost-57910];player=img;\"><img loading=\"lazy\" decoding=\"async\" class=\"aligncenter wp-image-57916\" src=\"https:\/\/www.padreydecano.com\/cms\/wp-content\/uploads\/2016\/03\/placa-logo-estadio.jpg\" alt=\"placa-logo-estadio\" width=\"621\" height=\"414\" srcset=\"https:\/\/www.padreydecano.com\/cms\/wp-content\/uploads\/2016\/03\/placa-logo-estadio.jpg 900w, https:\/\/www.padreydecano.com\/cms\/wp-content\/uploads\/2016\/03\/placa-logo-estadio-300x200.jpg 300w, https:\/\/www.padreydecano.com\/cms\/wp-content\/uploads\/2016\/03\/placa-logo-estadio-768x512.jpg 768w\" sizes=\"(max-width: 621px) 100vw, 621px\" \/><\/a><\/p>\n<p style=\"text-align: justify;\">En el edificio de palcos se coloc\u00f3 una placa con el logo del Estadio Campe\u00f3n del Siglo.<\/p>\n<p><a href=\"https:\/\/www.padreydecano.com\/cms\/wp-content\/uploads\/2016\/03\/fotos-historicas-edificio-principal-Copy.jpg\" rel=\"shadowbox[sbpost-57910];player=img;\"><img loading=\"lazy\" decoding=\"async\" class=\"aligncenter wp-image-57917\" src=\"https:\/\/www.padreydecano.com\/cms\/wp-content\/uploads\/2016\/03\/fotos-historicas-edificio-principal-Copy.jpg\" alt=\"fotos-historicas-edificio-principal (Copy)\" width=\"620\" height=\"413\" srcset=\"https:\/\/www.padreydecano.com\/cms\/wp-content\/uploads\/2016\/03\/fotos-historicas-edificio-principal-Copy.jpg 800w, https:\/\/www.padreydecano.com\/cms\/wp-content\/uploads\/2016\/03\/fotos-historicas-edificio-principal-Copy-300x200.jpg 300w, https:\/\/www.padreydecano.com\/cms\/wp-content\/uploads\/2016\/03\/fotos-historicas-edificio-principal-Copy-768x512.jpg 768w\" sizes=\"(max-width: 620px) 100vw, 620px\" \/><\/a><\/p>\n<p style=\"text-align: justify;\">Los pasillos del edificio central del Estadio Campe\u00f3n del Siglo estar\u00e1n repletos de im\u00e1genes de las gestas m\u00e1s grandiosas en la historia del Club Atl\u00e9tico Pe\u00f1arol.<\/p>\n<p><a href=\"https:\/\/www.padreydecano.com\/cms\/wp-content\/uploads\/2016\/03\/fotos-historicas-edificio-principal-2-Copy.jpg\" rel=\"shadowbox[sbpost-57910];player=img;\"><img loading=\"lazy\" decoding=\"async\" class=\"aligncenter wp-image-57918\" src=\"https:\/\/www.padreydecano.com\/cms\/wp-content\/uploads\/2016\/03\/fotos-historicas-edificio-principal-2-Copy.jpg\" alt=\"fotos-historicas-edificio-principal-2 (Copy)\" width=\"620\" height=\"413\" srcset=\"https:\/\/www.padreydecano.com\/cms\/wp-content\/uploads\/2016\/03\/fotos-historicas-edificio-principal-2-Copy.jpg 800w, https:\/\/www.padreydecano.com\/cms\/wp-content\/uploads\/2016\/03\/fotos-historicas-edificio-principal-2-Copy-300x200.jpg 300w, https:\/\/www.padreydecano.com\/cms\/wp-content\/uploads\/2016\/03\/fotos-historicas-edificio-principal-2-Copy-768x512.jpg 768w\" sizes=\"(max-width: 620px) 100vw, 620px\" \/><\/a><\/p>\n<p style=\"text-align: justify;\">El Campe\u00f3n del Siglo y su bautismo: No pod\u00eda faltar el momento en que recibimos la premiaci\u00f3n como el Mejor Club del Siglo XX de Am\u00e9rica del Sur.<\/p>\n<p style=\"text-align: justify;\"><a href=\"https:\/\/www.padreydecano.com\/cms\/wp-content\/uploads\/2016\/03\/IMG_9599-2.jpg\" rel=\"shadowbox[sbpost-57910];player=img;\"><img loading=\"lazy\" decoding=\"async\" class=\"aligncenter wp-image-57932\" src=\"https:\/\/www.padreydecano.com\/cms\/wp-content\/uploads\/2016\/03\/IMG_9599-2.jpg\" alt=\"IMG_9599 (2)\" width=\"620\" height=\"413\" srcset=\"https:\/\/www.padreydecano.com\/cms\/wp-content\/uploads\/2016\/03\/IMG_9599-2.jpg 900w, https:\/\/www.padreydecano.com\/cms\/wp-content\/uploads\/2016\/03\/IMG_9599-2-300x200.jpg 300w, https:\/\/www.padreydecano.com\/cms\/wp-content\/uploads\/2016\/03\/IMG_9599-2-768x512.jpg 768w\" sizes=\"(max-width: 620px) 100vw, 620px\" \/><\/a><\/p>\n<p>El t\u00fanel estar\u00e1 rodeado de mucha gloria. Las copas y trofeos acompa\u00f1ar\u00e1n a los jugadores hacia el campo de juego.<\/p>\n<p><a href=\"https:\/\/www.padreydecano.com\/cms\/wp-content\/uploads\/2016\/03\/IMG_9526-2.jpg\" rel=\"shadowbox[sbpost-57910];player=img;\"><img loading=\"lazy\" decoding=\"async\" class=\"aligncenter wp-image-57930\" src=\"https:\/\/www.padreydecano.com\/cms\/wp-content\/uploads\/2016\/03\/IMG_9526-2.jpg\" alt=\"IMG_9526 (2)\" width=\"620\" height=\"413\" srcset=\"https:\/\/www.padreydecano.com\/cms\/wp-content\/uploads\/2016\/03\/IMG_9526-2.jpg 900w, https:\/\/www.padreydecano.com\/cms\/wp-content\/uploads\/2016\/03\/IMG_9526-2-300x200.jpg 300w, https:\/\/www.padreydecano.com\/cms\/wp-content\/uploads\/2016\/03\/IMG_9526-2-768x512.jpg 768w\" sizes=\"(max-width: 620px) 100vw, 620px\" \/><\/a><\/p>\n<p style=\"text-align: justify;\">En la parte superior del t\u00fanel se incrust\u00f3 el nombre del estadio, del club y el logo identificatorio del mejor escenario deportivo del pa\u00eds.<\/p>\n<p><a href=\"https:\/\/www.padreydecano.com\/cms\/wp-content\/uploads\/2016\/03\/prueba-tablero-forlan.jpg\" rel=\"shadowbox[sbpost-57910];player=img;\"><img loading=\"lazy\" decoding=\"async\" class=\"aligncenter wp-image-57921\" src=\"https:\/\/www.padreydecano.com\/cms\/wp-content\/uploads\/2016\/03\/prueba-tablero-forlan.jpg\" alt=\"prueba-tablero-forlan\" width=\"620\" height=\"413\" srcset=\"https:\/\/www.padreydecano.com\/cms\/wp-content\/uploads\/2016\/03\/prueba-tablero-forlan.jpg 900w, https:\/\/www.padreydecano.com\/cms\/wp-content\/uploads\/2016\/03\/prueba-tablero-forlan-300x200.jpg 300w, https:\/\/www.padreydecano.com\/cms\/wp-content\/uploads\/2016\/03\/prueba-tablero-forlan-768x512.jpg 768w\" sizes=\"(max-width: 620px) 100vw, 620px\" \/><\/a><\/p>\n<p style=\"text-align: justify;\">El tablero electr\u00f3nico de la Tribuna Washington Cataldi hace sus \u00faltimas pruebas. Mientras tanto, se est\u00e1n numerando las gradas.<\/p>\n<p style=\"text-align: justify;\"><a href=\"https:\/\/www.padreydecano.com\/cms\/wp-content\/uploads\/2016\/03\/IMG_9613-2.jpg\" rel=\"shadowbox[sbpost-57910];player=img;\"><img loading=\"lazy\" decoding=\"async\" class=\"aligncenter wp-image-57933\" src=\"https:\/\/www.padreydecano.com\/cms\/wp-content\/uploads\/2016\/03\/IMG_9613-2.jpg\" alt=\"IMG_9613 (2)\" width=\"620\" height=\"413\" srcset=\"https:\/\/www.padreydecano.com\/cms\/wp-content\/uploads\/2016\/03\/IMG_9613-2.jpg 900w, https:\/\/www.padreydecano.com\/cms\/wp-content\/uploads\/2016\/03\/IMG_9613-2-300x200.jpg 300w, https:\/\/www.padreydecano.com\/cms\/wp-content\/uploads\/2016\/03\/IMG_9613-2-768x512.jpg 768w\" sizes=\"(max-width: 620px) 100vw, 620px\" \/><\/a><\/p>\n<p style=\"text-align: justify;\">Los palquistas ya van amoblando sus palcos. Una joyita.<\/p>\n<p style=\"text-align: justify;\"><a href=\"https:\/\/www.padreydecano.com\/cms\/wp-content\/uploads\/2016\/03\/IMG_9507-2.jpg\" rel=\"shadowbox[sbpost-57910];player=img;\"><img loading=\"lazy\" decoding=\"async\" class=\"aligncenter wp-image-57934\" src=\"https:\/\/www.padreydecano.com\/cms\/wp-content\/uploads\/2016\/03\/IMG_9507-2.jpg\" alt=\"IMG_9507 (2)\" width=\"620\" height=\"413\" srcset=\"https:\/\/www.padreydecano.com\/cms\/wp-content\/uploads\/2016\/03\/IMG_9507-2.jpg 900w, https:\/\/www.padreydecano.com\/cms\/wp-content\/uploads\/2016\/03\/IMG_9507-2-300x200.jpg 300w, https:\/\/www.padreydecano.com\/cms\/wp-content\/uploads\/2016\/03\/IMG_9507-2-768x512.jpg 768w\" sizes=\"(max-width: 620px) 100vw, 620px\" \/><\/a><\/p>\n<p style=\"text-align: justify;\">Ellos y ellas.<\/p>\n\n\t\t<style type=\"text\/css\">\n\t\t\t#gallery-1 {\n\t\t\t\tmargin: auto;\n\t\t\t}\n\t\t\t#gallery-1 .gallery-item {\n\t\t\t\tfloat: left;\n\t\t\t\tmargin-top: 10px;\n\t\t\t\ttext-align: center;\n\t\t\t\twidth: 33%;\n\t\t\t}\n\t\t\t#gallery-1 img {\n\t\t\t\tborder: 2px solid #cfcfcf;\n\t\t\t}\n\t\t\t#gallery-1 .gallery-caption {\n\t\t\t\tmargin-left: 0;\n\t\t\t}\n\t\t\t\/* see gallery_shortcode() in wp-includes\/media.php *\/\n\t\t<\/style>\n\t\t<div id='gallery-1' class='gallery galleryid-57910 gallery-columns-3 gallery-size-thumbnail'><dl class='gallery-item'>\n\t\t\t<dt class='gallery-icon portrait'>\n\t\t\t\t<a href='https:\/\/www.padreydecano.com\/cms\/wp-content\/uploads\/2016\/03\/dise\u00f1o-vestuario.jpg' rel='shadowbox[sbalbum-57910];player=img;'><img loading=\"lazy\" decoding=\"async\" width=\"150\" height=\"150\" src=\"https:\/\/www.padreydecano.com\/cms\/wp-content\/uploads\/2016\/03\/dise\u00f1o-vestuario-150x150.jpg\" class=\"attachment-thumbnail size-thumbnail\" alt=\"\" srcset=\"https:\/\/www.padreydecano.com\/cms\/wp-content\/uploads\/2016\/03\/dise\u00f1o-vestuario-150x150.jpg 150w, https:\/\/www.padreydecano.com\/cms\/wp-content\/uploads\/2016\/03\/dise\u00f1o-vestuario-36x36.jpg 36w\" sizes=\"(max-width: 150px) 100vw, 150px\" \/><\/a>\n\t\t\t<\/dt><\/dl><dl class='gallery-item'>\n\t\t\t<dt class='gallery-icon portrait'>\n\t\t\t\t<a href='https:\/\/www.padreydecano.com\/cms\/wp-content\/uploads\/2016\/03\/vestuario.jpg' rel='shadowbox[sbalbum-57910];player=img;'><img loading=\"lazy\" decoding=\"async\" width=\"150\" height=\"150\" src=\"https:\/\/www.padreydecano.com\/cms\/wp-content\/uploads\/2016\/03\/vestuario-150x150.jpg\" class=\"attachment-thumbnail size-thumbnail\" alt=\"\" srcset=\"https:\/\/www.padreydecano.com\/cms\/wp-content\/uploads\/2016\/03\/vestuario-150x150.jpg 150w, https:\/\/www.padreydecano.com\/cms\/wp-content\/uploads\/2016\/03\/vestuario-36x36.jpg 36w\" sizes=\"(max-width: 150px) 100vw, 150px\" \/><\/a>\n\t\t\t<\/dt><\/dl><dl class='gallery-item'>\n\t\t\t<dt class='gallery-icon portrait'>\n\t\t\t\t<a href='https:\/\/www.padreydecano.com\/cms\/wp-content\/uploads\/2016\/03\/dise\u00f1o-vestuario-2.jpg' rel='shadowbox[sbalbum-57910];player=img;'><img loading=\"lazy\" decoding=\"async\" width=\"150\" height=\"150\" src=\"https:\/\/www.padreydecano.com\/cms\/wp-content\/uploads\/2016\/03\/dise\u00f1o-vestuario-2-150x150.jpg\" class=\"attachment-thumbnail size-thumbnail\" alt=\"\" srcset=\"https:\/\/www.padreydecano.com\/cms\/wp-content\/uploads\/2016\/03\/dise\u00f1o-vestuario-2-150x150.jpg 150w, https:\/\/www.padreydecano.com\/cms\/wp-content\/uploads\/2016\/03\/dise\u00f1o-vestuario-2-36x36.jpg 36w\" sizes=\"(max-width: 150px) 100vw, 150px\" \/><\/a>\n\t\t\t<\/dt><\/dl><br style=\"clear: both\" \/>\n\t\t<\/div>\n\n<p style=\"text-align: justify;\">Los vestuarios ya est\u00e1n prontos para los jugadores. Compartimos el antes y el despu\u00e9s.<\/p>\n","protected":false},"excerpt":{"rendered":"<p>A solo 4 d\u00edas de la inauguraci\u00f3n del Estadio Campe\u00f3n del Siglo, te mostramos m\u00e1s detalles de la obra m\u00e1s importante en la historia del club. La locomotora est\u00e1 ubicada en el ingreso al edificio de palcos de la tribuna Frank Henderson. El s\u00edmbolo que acompa\u00f1a a Pe\u00f1arol desde los or\u00edgenes y para siempre. El [&hellip;]<\/p>\n","protected":false},"author":13,"featured_media":57916,"comment_status":"open","ping_status":"closed","sticky":false,"template":"","format":"standard","meta":{"footnotes":""},"categories":[1],"tags":[115],"yoast_head":"<!-- This site is optimized with the Yoast SEO plugin v23.2 - https:\/\/yoast.com\/wordpress\/plugins\/seo\/ -->\n<title>Rincones y detalles del Estadio Campe\u00f3n del Siglo - Padre y Decano - El Sitio del Pueblo<\/title>\n<meta name=\"robots\" content=\"index, follow, max-snippet:-1, max-image-preview:large, max-video-preview:-1\" \/>\n<link rel=\"canonical\" href=\"https:\/\/www.padreydecano.com\/cms\/noticias\/rincones-y-detalles-del-estadio-campeon-del-siglo\/\" \/>\n<meta property=\"og:locale\" content=\"es_ES\" \/>\n<meta property=\"og:type\" content=\"article\" \/>\n<meta property=\"og:title\" content=\"Rincones y detalles del Estadio Campe\u00f3n del Siglo - Padre y Decano - El Sitio del Pueblo\" \/>\n<meta property=\"og:description\" content=\"A solo 4 d\u00edas de la inauguraci\u00f3n del Estadio Campe\u00f3n del Siglo, te mostramos m\u00e1s detalles de la obra m\u00e1s importante en la historia del club. La locomotora est\u00e1 ubicada en el ingreso al edificio de palcos de la tribuna Frank Henderson. El s\u00edmbolo que acompa\u00f1a a Pe\u00f1arol desde los or\u00edgenes y para siempre. El [&hellip;]\" \/>\n<meta property=\"og:url\" content=\"https:\/\/www.padreydecano.com\/cms\/noticias\/rincones-y-detalles-del-estadio-campeon-del-siglo\/\" \/>\n<meta property=\"og:site_name\" content=\"Padre y Decano - El Sitio del Pueblo\" \/>\n<meta property=\"article:published_time\" content=\"2016-03-23T15:55:24+00:00\" \/>\n<meta property=\"article:modified_time\" content=\"2016-03-24T18:22:41+00:00\" \/>\n<meta property=\"og:image\" content=\"https:\/\/www.padreydecano.com\/cms\/wp-content\/uploads\/2016\/03\/placa-logo-estadio.jpg\" \/>\n\t<meta property=\"og:image:width\" content=\"900\" \/>\n\t<meta property=\"og:image:height\" content=\"600\" \/>\n\t<meta property=\"og:image:type\" content=\"image\/jpeg\" \/>\n<meta name=\"author\" content=\"Moderador\" \/>\n<meta name=\"twitter:card\" content=\"summary_large_image\" \/>\n<meta name=\"twitter:label1\" content=\"Escrito por\" \/>\n\t<meta name=\"twitter:data1\" content=\"Moderador\" \/>\n\t<meta name=\"twitter:label2\" content=\"Tiempo de lectura\" \/>\n\t<meta name=\"twitter:data2\" content=\"2 minutos\" \/>\n<script type=\"application\/ld+json\" class=\"yoast-schema-graph\">{\"@context\":\"https:\/\/schema.org\",\"@graph\":[{\"@type\":\"Article\",\"@id\":\"https:\/\/www.padreydecano.com\/cms\/noticias\/rincones-y-detalles-del-estadio-campeon-del-siglo\/#article\",\"isPartOf\":{\"@id\":\"https:\/\/www.padreydecano.com\/cms\/noticias\/rincones-y-detalles-del-estadio-campeon-del-siglo\/\"},\"author\":{\"name\":\"Moderador\",\"@id\":\"https:\/\/www.padreydecano.com\/cms\/#\/schema\/person\/d93e9e537230ae052c194251d9a1def2\"},\"headline\":\"Rincones y detalles del Estadio Campe\u00f3n del Siglo\",\"datePublished\":\"2016-03-23T15:55:24+00:00\",\"dateModified\":\"2016-03-24T18:22:41+00:00\",\"mainEntityOfPage\":{\"@id\":\"https:\/\/www.padreydecano.com\/cms\/noticias\/rincones-y-detalles-del-estadio-campeon-del-siglo\/\"},\"wordCount\":345,\"commentCount\":137,\"publisher\":{\"@id\":\"https:\/\/www.padreydecano.com\/cms\/#organization\"},\"image\":{\"@id\":\"https:\/\/www.padreydecano.com\/cms\/noticias\/rincones-y-detalles-del-estadio-campeon-del-siglo\/#primaryimage\"},\"thumbnailUrl\":\"https:\/\/www.padreydecano.com\/cms\/wp-content\/uploads\/2016\/03\/placa-logo-estadio.jpg\",\"keywords\":[\"Estadio\"],\"articleSection\":[\"Noticias\"],\"inLanguage\":\"es\",\"potentialAction\":[{\"@type\":\"CommentAction\",\"name\":\"Comment\",\"target\":[\"https:\/\/www.padreydecano.com\/cms\/noticias\/rincones-y-detalles-del-estadio-campeon-del-siglo\/#respond\"]}]},{\"@type\":\"WebPage\",\"@id\":\"https:\/\/www.padreydecano.com\/cms\/noticias\/rincones-y-detalles-del-estadio-campeon-del-siglo\/\",\"url\":\"https:\/\/www.padreydecano.com\/cms\/noticias\/rincones-y-detalles-del-estadio-campeon-del-siglo\/\",\"name\":\"Rincones y detalles del Estadio Campe\u00f3n del Siglo - Padre y Decano - El Sitio del Pueblo\",\"isPartOf\":{\"@id\":\"https:\/\/www.padreydecano.com\/cms\/#website\"},\"primaryImageOfPage\":{\"@id\":\"https:\/\/www.padreydecano.com\/cms\/noticias\/rincones-y-detalles-del-estadio-campeon-del-siglo\/#primaryimage\"},\"image\":{\"@id\":\"https:\/\/www.padreydecano.com\/cms\/noticias\/rincones-y-detalles-del-estadio-campeon-del-siglo\/#primaryimage\"},\"thumbnailUrl\":\"https:\/\/www.padreydecano.com\/cms\/wp-content\/uploads\/2016\/03\/placa-logo-estadio.jpg\",\"datePublished\":\"2016-03-23T15:55:24+00:00\",\"dateModified\":\"2016-03-24T18:22:41+00:00\",\"breadcrumb\":{\"@id\":\"https:\/\/www.padreydecano.com\/cms\/noticias\/rincones-y-detalles-del-estadio-campeon-del-siglo\/#breadcrumb\"},\"inLanguage\":\"es\",\"potentialAction\":[{\"@type\":\"ReadAction\",\"target\":[\"https:\/\/www.padreydecano.com\/cms\/noticias\/rincones-y-detalles-del-estadio-campeon-del-siglo\/\"]}]},{\"@type\":\"ImageObject\",\"inLanguage\":\"es\",\"@id\":\"https:\/\/www.padreydecano.com\/cms\/noticias\/rincones-y-detalles-del-estadio-campeon-del-siglo\/#primaryimage\",\"url\":\"https:\/\/www.padreydecano.com\/cms\/wp-content\/uploads\/2016\/03\/placa-logo-estadio.jpg\",\"contentUrl\":\"https:\/\/www.padreydecano.com\/cms\/wp-content\/uploads\/2016\/03\/placa-logo-estadio.jpg\",\"width\":900,\"height\":600},{\"@type\":\"BreadcrumbList\",\"@id\":\"https:\/\/www.padreydecano.com\/cms\/noticias\/rincones-y-detalles-del-estadio-campeon-del-siglo\/#breadcrumb\",\"itemListElement\":[{\"@type\":\"ListItem\",\"position\":1,\"name\":\"Portada\",\"item\":\"https:\/\/www.padreydecano.com\/cms\/\"},{\"@type\":\"ListItem\",\"position\":2,\"name\":\"Rincones y detalles del Estadio Campe\u00f3n del Siglo\"}]},{\"@type\":\"WebSite\",\"@id\":\"https:\/\/www.padreydecano.com\/cms\/#website\",\"url\":\"https:\/\/www.padreydecano.com\/cms\/\",\"name\":\"Padre y Decano - El Sitio del Pueblo\",\"description\":\"Club Atl\u00e9tico Pe\u00f1arol\",\"publisher\":{\"@id\":\"https:\/\/www.padreydecano.com\/cms\/#organization\"},\"potentialAction\":[{\"@type\":\"SearchAction\",\"target\":{\"@type\":\"EntryPoint\",\"urlTemplate\":\"https:\/\/www.padreydecano.com\/cms\/?s={search_term_string}\"},\"query-input\":\"required name=search_term_string\"}],\"inLanguage\":\"es\"},{\"@type\":\"Organization\",\"@id\":\"https:\/\/www.padreydecano.com\/cms\/#organization\",\"name\":\"Padre y Decano\",\"url\":\"https:\/\/www.padreydecano.com\/cms\/\",\"logo\":{\"@type\":\"ImageObject\",\"inLanguage\":\"es\",\"@id\":\"https:\/\/www.padreydecano.com\/cms\/#\/schema\/logo\/image\/\",\"url\":\"https:\/\/www.padreydecano.com\/cms\/wp-content\/uploads\/2022\/01\/avatar-square.png\",\"contentUrl\":\"https:\/\/www.padreydecano.com\/cms\/wp-content\/uploads\/2022\/01\/avatar-square.png\",\"width\":1500,\"height\":1500,\"caption\":\"Padre y Decano\"},\"image\":{\"@id\":\"https:\/\/www.padreydecano.com\/cms\/#\/schema\/logo\/image\/\"}},{\"@type\":\"Person\",\"@id\":\"https:\/\/www.padreydecano.com\/cms\/#\/schema\/person\/d93e9e537230ae052c194251d9a1def2\",\"name\":\"Moderador\",\"image\":{\"@type\":\"ImageObject\",\"inLanguage\":\"es\",\"@id\":\"https:\/\/www.padreydecano.com\/cms\/#\/schema\/person\/image\/\",\"url\":\"https:\/\/secure.gravatar.com\/avatar\/2587727bf8a53bd3da4ec49f01bea66e?s=96&d=https%3A%2F%2Fpadreydecano.com%2Fcms%2Fwp-content%2Fthemes%2Fpyd-theme%2Fimg%2Fdefault-avatar.png&r=g\",\"contentUrl\":\"https:\/\/secure.gravatar.com\/avatar\/2587727bf8a53bd3da4ec49f01bea66e?s=96&d=https%3A%2F%2Fpadreydecano.com%2Fcms%2Fwp-content%2Fthemes%2Fpyd-theme%2Fimg%2Fdefault-avatar.png&r=g\",\"caption\":\"Moderador\"}}]}<\/script>\n<!-- \/ Yoast SEO plugin. -->","yoast_head_json":{"title":"Rincones y detalles del Estadio Campe\u00f3n del Siglo - Padre y Decano - El Sitio del Pueblo","robots":{"index":"index","follow":"follow","max-snippet":"max-snippet:-1","max-image-preview":"max-image-preview:large","max-video-preview":"max-video-preview:-1"},"canonical":"https:\/\/www.padreydecano.com\/cms\/noticias\/rincones-y-detalles-del-estadio-campeon-del-siglo\/","og_locale":"es_ES","og_type":"article","og_title":"Rincones y detalles del Estadio Campe\u00f3n del Siglo - Padre y Decano - El Sitio del Pueblo","og_description":"A solo 4 d\u00edas de la inauguraci\u00f3n del Estadio Campe\u00f3n del Siglo, te mostramos m\u00e1s detalles de la obra m\u00e1s importante en la historia del club. La locomotora est\u00e1 ubicada en el ingreso al edificio de palcos de la tribuna Frank Henderson. El s\u00edmbolo que acompa\u00f1a a Pe\u00f1arol desde los or\u00edgenes y para siempre. El [&hellip;]","og_url":"https:\/\/www.padreydecano.com\/cms\/noticias\/rincones-y-detalles-del-estadio-campeon-del-siglo\/","og_site_name":"Padre y Decano - El Sitio del Pueblo","article_published_time":"2016-03-23T15:55:24+00:00","article_modified_time":"2016-03-24T18:22:41+00:00","og_image":[{"width":900,"height":600,"url":"https:\/\/www.padreydecano.com\/cms\/wp-content\/uploads\/2016\/03\/placa-logo-estadio.jpg","type":"image\/jpeg"}],"author":"Moderador","twitter_card":"summary_large_image","twitter_misc":{"Escrito por":"Moderador","Tiempo de lectura":"2 minutos"},"schema":{"@context":"https:\/\/schema.org","@graph":[{"@type":"Article","@id":"https:\/\/www.padreydecano.com\/cms\/noticias\/rincones-y-detalles-del-estadio-campeon-del-siglo\/#article","isPartOf":{"@id":"https:\/\/www.padreydecano.com\/cms\/noticias\/rincones-y-detalles-del-estadio-campeon-del-siglo\/"},"author":{"name":"Moderador","@id":"https:\/\/www.padreydecano.com\/cms\/#\/schema\/person\/d93e9e537230ae052c194251d9a1def2"},"headline":"Rincones y detalles del Estadio Campe\u00f3n del Siglo","datePublished":"2016-03-23T15:55:24+00:00","dateModified":"2016-03-24T18:22:41+00:00","mainEntityOfPage":{"@id":"https:\/\/www.padreydecano.com\/cms\/noticias\/rincones-y-detalles-del-estadio-campeon-del-siglo\/"},"wordCount":345,"commentCount":137,"publisher":{"@id":"https:\/\/www.padreydecano.com\/cms\/#organization"},"image":{"@id":"https:\/\/www.padreydecano.com\/cms\/noticias\/rincones-y-detalles-del-estadio-campeon-del-siglo\/#primaryimage"},"thumbnailUrl":"https:\/\/www.padreydecano.com\/cms\/wp-content\/uploads\/2016\/03\/placa-logo-estadio.jpg","keywords":["Estadio"],"articleSection":["Noticias"],"inLanguage":"es","potentialAction":[{"@type":"CommentAction","name":"Comment","target":["https:\/\/www.padreydecano.com\/cms\/noticias\/rincones-y-detalles-del-estadio-campeon-del-siglo\/#respond"]}]},{"@type":"WebPage","@id":"https:\/\/www.padreydecano.com\/cms\/noticias\/rincones-y-detalles-del-estadio-campeon-del-siglo\/","url":"https:\/\/www.padreydecano.com\/cms\/noticias\/rincones-y-detalles-del-estadio-campeon-del-siglo\/","name":"Rincones y detalles del Estadio Campe\u00f3n del Siglo - Padre y Decano - El Sitio del Pueblo","isPartOf":{"@id":"https:\/\/www.padreydecano.com\/cms\/#website"},"primaryImageOfPage":{"@id":"https:\/\/www.padreydecano.com\/cms\/noticias\/rincones-y-detalles-del-estadio-campeon-del-siglo\/#primaryimage"},"image":{"@id":"https:\/\/www.padreydecano.com\/cms\/noticias\/rincones-y-detalles-del-estadio-campeon-del-siglo\/#primaryimage"},"thumbnailUrl":"https:\/\/www.padreydecano.com\/cms\/wp-content\/uploads\/2016\/03\/placa-logo-estadio.jpg","datePublished":"2016-03-23T15:55:24+00:00","dateModified":"2016-03-24T18:22:41+00:00","breadcrumb":{"@id":"https:\/\/www.padreydecano.com\/cms\/noticias\/rincones-y-detalles-del-estadio-campeon-del-siglo\/#breadcrumb"},"inLanguage":"es","potentialAction":[{"@type":"ReadAction","target":["https:\/\/www.padreydecano.com\/cms\/noticias\/rincones-y-detalles-del-estadio-campeon-del-siglo\/"]}]},{"@type":"ImageObject","inLanguage":"es","@id":"https:\/\/www.padreydecano.com\/cms\/noticias\/rincones-y-detalles-del-estadio-campeon-del-siglo\/#primaryimage","url":"https:\/\/www.padreydecano.com\/cms\/wp-content\/uploads\/2016\/03\/placa-logo-estadio.jpg","contentUrl":"https:\/\/www.padreydecano.com\/cms\/wp-content\/uploads\/2016\/03\/placa-logo-estadio.jpg","width":900,"height":600},{"@type":"BreadcrumbList","@id":"https:\/\/www.padreydecano.com\/cms\/noticias\/rincones-y-detalles-del-estadio-campeon-del-siglo\/#breadcrumb","itemListElement":[{"@type":"ListItem","position":1,"name":"Portada","item":"https:\/\/www.padreydecano.com\/cms\/"},{"@type":"ListItem","position":2,"name":"Rincones y detalles del Estadio Campe\u00f3n del Siglo"}]},{"@type":"WebSite","@id":"https:\/\/www.padreydecano.com\/cms\/#website","url":"https:\/\/www.padreydecano.com\/cms\/","name":"Padre y Decano - El Sitio del Pueblo","description":"Club Atl\u00e9tico Pe\u00f1arol","publisher":{"@id":"https:\/\/www.padreydecano.com\/cms\/#organization"},"potentialAction":[{"@type":"SearchAction","target":{"@type":"EntryPoint","urlTemplate":"https:\/\/www.padreydecano.com\/cms\/?s={search_term_string}"},"query-input":"required name=search_term_string"}],"inLanguage":"es"},{"@type":"Organization","@id":"https:\/\/www.padreydecano.com\/cms\/#organization","name":"Padre y Decano","url":"https:\/\/www.padreydecano.com\/cms\/","logo":{"@type":"ImageObject","inLanguage":"es","@id":"https:\/\/www.padreydecano.com\/cms\/#\/schema\/logo\/image\/","url":"https:\/\/www.padreydecano.com\/cms\/wp-content\/uploads\/2022\/01\/avatar-square.png","contentUrl":"https:\/\/www.padreydecano.com\/cms\/wp-content\/uploads\/2022\/01\/avatar-square.png","width":1500,"height":1500,"caption":"Padre y Decano"},"image":{"@id":"https:\/\/www.padreydecano.com\/cms\/#\/schema\/logo\/image\/"}},{"@type":"Person","@id":"https:\/\/www.padreydecano.com\/cms\/#\/schema\/person\/d93e9e537230ae052c194251d9a1def2","name":"Moderador","image":{"@type":"ImageObject","inLanguage":"es","@id":"https:\/\/www.padreydecano.com\/cms\/#\/schema\/person\/image\/","url":"https:\/\/secure.gravatar.com\/avatar\/2587727bf8a53bd3da4ec49f01bea66e?s=96&d=https%3A%2F%2Fpadreydecano.com%2Fcms%2Fwp-content%2Fthemes%2Fpyd-theme%2Fimg%2Fdefault-avatar.png&r=g","contentUrl":"https:\/\/secure.gravatar.com\/avatar\/2587727bf8a53bd3da4ec49f01bea66e?s=96&d=https%3A%2F%2Fpadreydecano.com%2Fcms%2Fwp-content%2Fthemes%2Fpyd-theme%2Fimg%2Fdefault-avatar.png&r=g","caption":"Moderador"}}]}},"_links":{"self":[{"href":"https:\/\/www.padreydecano.com\/cms\/wp-json\/wp\/v2\/posts\/57910"}],"collection":[{"href":"https:\/\/www.padreydecano.com\/cms\/wp-json\/wp\/v2\/posts"}],"about":[{"href":"https:\/\/www.padreydecano.com\/cms\/wp-json\/wp\/v2\/types\/post"}],"author":[{"embeddable":true,"href":"https:\/\/www.padreydecano.com\/cms\/wp-json\/wp\/v2\/users\/13"}],"replies":[{"embeddable":true,"href":"https:\/\/www.padreydecano.com\/cms\/wp-json\/wp\/v2\/comments?post=57910"}],"version-history":[{"count":0,"href":"https:\/\/www.padreydecano.com\/cms\/wp-json\/wp\/v2\/posts\/57910\/revisions"}],"wp:featuredmedia":[{"embeddable":true,"href":"https:\/\/www.padreydecano.com\/cms\/wp-json\/wp\/v2\/media\/57916"}],"wp:attachment":[{"href":"https:\/\/www.padreydecano.com\/cms\/wp-json\/wp\/v2\/media?parent=57910"}],"wp:term":[{"taxonomy":"category","embeddable":true,"href":"https:\/\/www.padreydecano.com\/cms\/wp-json\/wp\/v2\/categories?post=57910"},{"taxonomy":"post_tag","embeddable":true,"href":"https:\/\/www.padreydecano.com\/cms\/wp-json\/wp\/v2\/tags?post=57910"}],"curies":[{"name":"wp","href":"https:\/\/api.w.org\/{rel}","templated":true}]}}