{"id":57420,"date":"2016-03-03T17:44:42","date_gmt":"2016-03-03T20:44:42","guid":{"rendered":"http:\/\/www.padreydecano.com\/cms\/?p=57420"},"modified":"2016-03-03T17:57:19","modified_gmt":"2016-03-03T20:57:19","slug":"primer-ganador-de-la-promo-el-elegido-del-siglo","status":"publish","type":"post","link":"https:\/\/www.padreydecano.com\/cms\/noticias\/primer-ganador-de-la-promo-el-elegido-del-siglo\/","title":{"rendered":"Primer ganador de la Promo \u00abEl Elegido del Siglo\u00bb"},"content":{"rendered":"<p style=\"text-align: justify;\"><a href=\"https:\/\/www.padreydecano.com\/cms\/wp-content\/uploads\/2016\/03\/penarol-ganador-01-1.jpg\" rel=\"shadowbox[sbpost-57420];player=img;\"><img loading=\"lazy\" decoding=\"async\" class=\"wp-image-57421 alignright\" src=\"https:\/\/www.padreydecano.com\/cms\/wp-content\/uploads\/2016\/03\/penarol-ganador-01-1.jpg\" alt=\"penarol - ganador - 01 (1)\" width=\"284\" height=\"319\" srcset=\"https:\/\/www.padreydecano.com\/cms\/wp-content\/uploads\/2016\/03\/penarol-ganador-01-1.jpg 480w, https:\/\/www.padreydecano.com\/cms\/wp-content\/uploads\/2016\/03\/penarol-ganador-01-1-267x300.jpg 267w\" sizes=\"(max-width: 284px) 100vw, 284px\" \/><\/a><\/p>\n<p style=\"text-align: justify;\">Ya conocemos al primer ganador de la promo \u201cEl elegido del Siglo\u201d.<\/p>\n<p style=\"text-align: justify;\"><strong>Mart\u00edn\u00a0Diez ha ganado la camiseta oficial Puma del Club Atl\u00e9tico Pe\u00f1arol, bandera original de Pe\u00f1arol, pelota oficial de Pe\u00f1arol y adem\u00e1s el kit \u00abvuelta a clases\u00bb,<\/strong> que incluye una mochila Eurocase lisa, una cartuchera cilindrica, una cuadernola Papiros 70 hojas, un cuaderno Papiros 96 hojas, una libreta Papiros, una carpeta Papiros con dise\u00f1o de Pe\u00f1arol y un set en blister.<\/p>\n<p style=\"text-align: justify;\"><a href=\"https:\/\/www.padreydecano.com\/cms\/wp-content\/uploads\/2016\/03\/kit-clases.jpg\" rel=\"shadowbox[sbpost-57420];player=img;\"><img loading=\"lazy\" decoding=\"async\" class=\"aligncenter wp-image-57423\" src=\"https:\/\/www.padreydecano.com\/cms\/wp-content\/uploads\/2016\/03\/kit-clases.jpg\" alt=\"kit-clases\" width=\"500\" height=\"503\" srcset=\"https:\/\/www.padreydecano.com\/cms\/wp-content\/uploads\/2016\/03\/kit-clases.jpg 504w, https:\/\/www.padreydecano.com\/cms\/wp-content\/uploads\/2016\/03\/kit-clases-150x150.jpg 150w, https:\/\/www.padreydecano.com\/cms\/wp-content\/uploads\/2016\/03\/kit-clases-298x300.jpg 298w, https:\/\/www.padreydecano.com\/cms\/wp-content\/uploads\/2016\/03\/kit-clases-36x36.jpg 36w\" sizes=\"(max-width: 500px) 100vw, 500px\" \/><\/a><\/p>\n<p style=\"text-align: justify;\">El ganador retirar\u00e1 el premio el s\u00e1bado en el Campus de Maldonado.<\/p>\n<p style=\"text-align: justify;\">Todos los participantes, incluso los ganadores semanales, est\u00e1n en carrera por el premio final para ser el Elegido del Siglo.\u00a0No dejes pasar la oportunidad, y si ya ten\u00e9s tu lugar en la Fiesta del Siglo, compart\u00ed tu foto en <a href=\"http:\/\/elelegidodelsiglo.com\/\">elelegidodelsiglo.com<\/a>, donde tambi\u00e9n encontrar\u00e1s todas las bases del sorteo.<\/p>\n<p style=\"text-align: justify;\">El pr\u00f3ximo sorteo ser\u00e1 el jueves 10 de marzo. En esa ocasi\u00f3n, el premio\u00a0ser\u00e1, <strong>adem\u00e1s de la\u00a0la camiseta oficial Puma del Club Atl\u00e9tico Pe\u00f1arol, bandera original de Pe\u00f1arol y la pelota oficial de Pe\u00f1arol, el kit Turismo<\/strong> que incluye un heladera de 22lts, dos vasos bajos de vidrio (8cm) con el escudo de Pe\u00f1arol, dos vasos altos de vidrio (14 cm), dos\u00a0 copas cerveceras y una\u00a0hielera.<\/p>\n<p style=\"text-align: justify;\"><a href=\"https:\/\/www.padreydecano.com\/cms\/wp-content\/uploads\/2016\/03\/kit-turismo.jpg\" rel=\"shadowbox[sbpost-57420];player=img;\"><img loading=\"lazy\" decoding=\"async\" class=\"aligncenter wp-image-57422\" src=\"https:\/\/www.padreydecano.com\/cms\/wp-content\/uploads\/2016\/03\/kit-turismo.jpg\" alt=\"kit-turismo\" width=\"500\" height=\"328\" srcset=\"https:\/\/www.padreydecano.com\/cms\/wp-content\/uploads\/2016\/03\/kit-turismo.jpg 767w, https:\/\/www.padreydecano.com\/cms\/wp-content\/uploads\/2016\/03\/kit-turismo-300x197.jpg 300w\" sizes=\"(max-width: 500px) 100vw, 500px\" \/><\/a><\/p>\n","protected":false},"excerpt":{"rendered":"<p>Ya conocemos al primer ganador de la promo \u201cEl elegido del Siglo\u201d. Mart\u00edn\u00a0Diez ha ganado la camiseta oficial Puma del Club Atl\u00e9tico Pe\u00f1arol, bandera original de Pe\u00f1arol, pelota oficial de Pe\u00f1arol y adem\u00e1s el kit \u00abvuelta a clases\u00bb, que incluye una mochila Eurocase lisa, una cartuchera cilindrica, una cuadernola Papiros 70 hojas, un cuaderno Papiros [&hellip;]<\/p>\n","protected":false},"author":13,"featured_media":57421,"comment_status":"open","ping_status":"closed","sticky":false,"template":"","format":"standard","meta":{"footnotes":""},"categories":[1],"tags":[99],"yoast_head":"<!-- This site is optimized with the Yoast SEO plugin v23.2 - https:\/\/yoast.com\/wordpress\/plugins\/seo\/ -->\n<title>Primer ganador de la Promo &quot;El Elegido del Siglo&quot; - Padre y Decano - El Sitio del Pueblo<\/title>\n<meta name=\"robots\" content=\"index, follow, max-snippet:-1, max-image-preview:large, max-video-preview:-1\" \/>\n<link rel=\"canonical\" href=\"https:\/\/www.padreydecano.com\/cms\/noticias\/primer-ganador-de-la-promo-el-elegido-del-siglo\/\" \/>\n<meta property=\"og:locale\" content=\"es_ES\" \/>\n<meta property=\"og:type\" content=\"article\" \/>\n<meta property=\"og:title\" content=\"Primer ganador de la Promo &quot;El Elegido del Siglo&quot; - Padre y Decano - El Sitio del Pueblo\" \/>\n<meta property=\"og:description\" content=\"Ya conocemos al primer ganador de la promo \u201cEl elegido del Siglo\u201d. Mart\u00edn\u00a0Diez ha ganado la camiseta oficial Puma del Club Atl\u00e9tico Pe\u00f1arol, bandera original de Pe\u00f1arol, pelota oficial de Pe\u00f1arol y adem\u00e1s el kit \u00abvuelta a clases\u00bb, que incluye una mochila Eurocase lisa, una cartuchera cilindrica, una cuadernola Papiros 70 hojas, un cuaderno Papiros [&hellip;]\" \/>\n<meta property=\"og:url\" content=\"https:\/\/www.padreydecano.com\/cms\/noticias\/primer-ganador-de-la-promo-el-elegido-del-siglo\/\" \/>\n<meta property=\"og:site_name\" content=\"Padre y Decano - El Sitio del Pueblo\" \/>\n<meta property=\"article:published_time\" content=\"2016-03-03T20:44:42+00:00\" \/>\n<meta property=\"article:modified_time\" content=\"2016-03-03T20:57:19+00:00\" \/>\n<meta property=\"og:image\" content=\"https:\/\/www.padreydecano.com\/cms\/wp-content\/uploads\/2016\/03\/penarol-ganador-01-1.jpg\" \/>\n\t<meta property=\"og:image:width\" content=\"480\" \/>\n\t<meta property=\"og:image:height\" content=\"540\" \/>\n\t<meta property=\"og:image:type\" content=\"image\/jpeg\" \/>\n<meta name=\"author\" content=\"Moderador\" \/>\n<meta name=\"twitter:card\" content=\"summary_large_image\" \/>\n<meta name=\"twitter:label1\" content=\"Escrito por\" \/>\n\t<meta name=\"twitter:data1\" content=\"Moderador\" \/>\n\t<meta name=\"twitter:label2\" content=\"Tiempo de lectura\" \/>\n\t<meta name=\"twitter:data2\" content=\"1 minuto\" \/>\n<script type=\"application\/ld+json\" class=\"yoast-schema-graph\">{\"@context\":\"https:\/\/schema.org\",\"@graph\":[{\"@type\":\"Article\",\"@id\":\"https:\/\/www.padreydecano.com\/cms\/noticias\/primer-ganador-de-la-promo-el-elegido-del-siglo\/#article\",\"isPartOf\":{\"@id\":\"https:\/\/www.padreydecano.com\/cms\/noticias\/primer-ganador-de-la-promo-el-elegido-del-siglo\/\"},\"author\":{\"name\":\"Moderador\",\"@id\":\"https:\/\/www.padreydecano.com\/cms\/#\/schema\/person\/d93e9e537230ae052c194251d9a1def2\"},\"headline\":\"Primer ganador de la Promo \u00abEl Elegido del Siglo\u00bb\",\"datePublished\":\"2016-03-03T20:44:42+00:00\",\"dateModified\":\"2016-03-03T20:57:19+00:00\",\"mainEntityOfPage\":{\"@id\":\"https:\/\/www.padreydecano.com\/cms\/noticias\/primer-ganador-de-la-promo-el-elegido-del-siglo\/\"},\"wordCount\":230,\"commentCount\":9,\"publisher\":{\"@id\":\"https:\/\/www.padreydecano.com\/cms\/#organization\"},\"image\":{\"@id\":\"https:\/\/www.padreydecano.com\/cms\/noticias\/primer-ganador-de-la-promo-el-elegido-del-siglo\/#primaryimage\"},\"thumbnailUrl\":\"https:\/\/www.padreydecano.com\/cms\/wp-content\/uploads\/2016\/03\/penarol-ganador-01-1.jpg\",\"keywords\":[\"Sorteos\"],\"articleSection\":[\"Noticias\"],\"inLanguage\":\"es\",\"potentialAction\":[{\"@type\":\"CommentAction\",\"name\":\"Comment\",\"target\":[\"https:\/\/www.padreydecano.com\/cms\/noticias\/primer-ganador-de-la-promo-el-elegido-del-siglo\/#respond\"]}]},{\"@type\":\"WebPage\",\"@id\":\"https:\/\/www.padreydecano.com\/cms\/noticias\/primer-ganador-de-la-promo-el-elegido-del-siglo\/\",\"url\":\"https:\/\/www.padreydecano.com\/cms\/noticias\/primer-ganador-de-la-promo-el-elegido-del-siglo\/\",\"name\":\"Primer ganador de la Promo \\\"El Elegido del Siglo\\\" - Padre y Decano - El Sitio del Pueblo\",\"isPartOf\":{\"@id\":\"https:\/\/www.padreydecano.com\/cms\/#website\"},\"primaryImageOfPage\":{\"@id\":\"https:\/\/www.padreydecano.com\/cms\/noticias\/primer-ganador-de-la-promo-el-elegido-del-siglo\/#primaryimage\"},\"image\":{\"@id\":\"https:\/\/www.padreydecano.com\/cms\/noticias\/primer-ganador-de-la-promo-el-elegido-del-siglo\/#primaryimage\"},\"thumbnailUrl\":\"https:\/\/www.padreydecano.com\/cms\/wp-content\/uploads\/2016\/03\/penarol-ganador-01-1.jpg\",\"datePublished\":\"2016-03-03T20:44:42+00:00\",\"dateModified\":\"2016-03-03T20:57:19+00:00\",\"breadcrumb\":{\"@id\":\"https:\/\/www.padreydecano.com\/cms\/noticias\/primer-ganador-de-la-promo-el-elegido-del-siglo\/#breadcrumb\"},\"inLanguage\":\"es\",\"potentialAction\":[{\"@type\":\"ReadAction\",\"target\":[\"https:\/\/www.padreydecano.com\/cms\/noticias\/primer-ganador-de-la-promo-el-elegido-del-siglo\/\"]}]},{\"@type\":\"ImageObject\",\"inLanguage\":\"es\",\"@id\":\"https:\/\/www.padreydecano.com\/cms\/noticias\/primer-ganador-de-la-promo-el-elegido-del-siglo\/#primaryimage\",\"url\":\"https:\/\/www.padreydecano.com\/cms\/wp-content\/uploads\/2016\/03\/penarol-ganador-01-1.jpg\",\"contentUrl\":\"https:\/\/www.padreydecano.com\/cms\/wp-content\/uploads\/2016\/03\/penarol-ganador-01-1.jpg\",\"width\":480,\"height\":540},{\"@type\":\"BreadcrumbList\",\"@id\":\"https:\/\/www.padreydecano.com\/cms\/noticias\/primer-ganador-de-la-promo-el-elegido-del-siglo\/#breadcrumb\",\"itemListElement\":[{\"@type\":\"ListItem\",\"position\":1,\"name\":\"Portada\",\"item\":\"https:\/\/www.padreydecano.com\/cms\/\"},{\"@type\":\"ListItem\",\"position\":2,\"name\":\"Primer ganador de la Promo \u00abEl Elegido del Siglo\u00bb\"}]},{\"@type\":\"WebSite\",\"@id\":\"https:\/\/www.padreydecano.com\/cms\/#website\",\"url\":\"https:\/\/www.padreydecano.com\/cms\/\",\"name\":\"Padre y Decano - El Sitio del Pueblo\",\"description\":\"Club Atl\u00e9tico Pe\u00f1arol\",\"publisher\":{\"@id\":\"https:\/\/www.padreydecano.com\/cms\/#organization\"},\"potentialAction\":[{\"@type\":\"SearchAction\",\"target\":{\"@type\":\"EntryPoint\",\"urlTemplate\":\"https:\/\/www.padreydecano.com\/cms\/?s={search_term_string}\"},\"query-input\":\"required name=search_term_string\"}],\"inLanguage\":\"es\"},{\"@type\":\"Organization\",\"@id\":\"https:\/\/www.padreydecano.com\/cms\/#organization\",\"name\":\"Padre y Decano\",\"url\":\"https:\/\/www.padreydecano.com\/cms\/\",\"logo\":{\"@type\":\"ImageObject\",\"inLanguage\":\"es\",\"@id\":\"https:\/\/www.padreydecano.com\/cms\/#\/schema\/logo\/image\/\",\"url\":\"https:\/\/www.padreydecano.com\/cms\/wp-content\/uploads\/2022\/01\/avatar-square.png\",\"contentUrl\":\"https:\/\/www.padreydecano.com\/cms\/wp-content\/uploads\/2022\/01\/avatar-square.png\",\"width\":1500,\"height\":1500,\"caption\":\"Padre y Decano\"},\"image\":{\"@id\":\"https:\/\/www.padreydecano.com\/cms\/#\/schema\/logo\/image\/\"}},{\"@type\":\"Person\",\"@id\":\"https:\/\/www.padreydecano.com\/cms\/#\/schema\/person\/d93e9e537230ae052c194251d9a1def2\",\"name\":\"Moderador\",\"image\":{\"@type\":\"ImageObject\",\"inLanguage\":\"es\",\"@id\":\"https:\/\/www.padreydecano.com\/cms\/#\/schema\/person\/image\/\",\"url\":\"https:\/\/secure.gravatar.com\/avatar\/2587727bf8a53bd3da4ec49f01bea66e?s=96&d=https%3A%2F%2Fpadreydecano.com%2Fcms%2Fwp-content%2Fthemes%2Fpyd-theme%2Fimg%2Fdefault-avatar.png&r=g\",\"contentUrl\":\"https:\/\/secure.gravatar.com\/avatar\/2587727bf8a53bd3da4ec49f01bea66e?s=96&d=https%3A%2F%2Fpadreydecano.com%2Fcms%2Fwp-content%2Fthemes%2Fpyd-theme%2Fimg%2Fdefault-avatar.png&r=g\",\"caption\":\"Moderador\"}}]}<\/script>\n<!-- \/ Yoast SEO plugin. -->","yoast_head_json":{"title":"Primer ganador de la Promo \"El Elegido del Siglo\" - Padre y Decano - El Sitio del Pueblo","robots":{"index":"index","follow":"follow","max-snippet":"max-snippet:-1","max-image-preview":"max-image-preview:large","max-video-preview":"max-video-preview:-1"},"canonical":"https:\/\/www.padreydecano.com\/cms\/noticias\/primer-ganador-de-la-promo-el-elegido-del-siglo\/","og_locale":"es_ES","og_type":"article","og_title":"Primer ganador de la Promo \"El Elegido del Siglo\" - Padre y Decano - El Sitio del Pueblo","og_description":"Ya conocemos al primer ganador de la promo \u201cEl elegido del Siglo\u201d. Mart\u00edn\u00a0Diez ha ganado la camiseta oficial Puma del Club Atl\u00e9tico Pe\u00f1arol, bandera original de Pe\u00f1arol, pelota oficial de Pe\u00f1arol y adem\u00e1s el kit \u00abvuelta a clases\u00bb, que incluye una mochila Eurocase lisa, una cartuchera cilindrica, una cuadernola Papiros 70 hojas, un cuaderno Papiros [&hellip;]","og_url":"https:\/\/www.padreydecano.com\/cms\/noticias\/primer-ganador-de-la-promo-el-elegido-del-siglo\/","og_site_name":"Padre y Decano - El Sitio del Pueblo","article_published_time":"2016-03-03T20:44:42+00:00","article_modified_time":"2016-03-03T20:57:19+00:00","og_image":[{"width":480,"height":540,"url":"https:\/\/www.padreydecano.com\/cms\/wp-content\/uploads\/2016\/03\/penarol-ganador-01-1.jpg","type":"image\/jpeg"}],"author":"Moderador","twitter_card":"summary_large_image","twitter_misc":{"Escrito por":"Moderador","Tiempo de lectura":"1 minuto"},"schema":{"@context":"https:\/\/schema.org","@graph":[{"@type":"Article","@id":"https:\/\/www.padreydecano.com\/cms\/noticias\/primer-ganador-de-la-promo-el-elegido-del-siglo\/#article","isPartOf":{"@id":"https:\/\/www.padreydecano.com\/cms\/noticias\/primer-ganador-de-la-promo-el-elegido-del-siglo\/"},"author":{"name":"Moderador","@id":"https:\/\/www.padreydecano.com\/cms\/#\/schema\/person\/d93e9e537230ae052c194251d9a1def2"},"headline":"Primer ganador de la Promo \u00abEl Elegido del Siglo\u00bb","datePublished":"2016-03-03T20:44:42+00:00","dateModified":"2016-03-03T20:57:19+00:00","mainEntityOfPage":{"@id":"https:\/\/www.padreydecano.com\/cms\/noticias\/primer-ganador-de-la-promo-el-elegido-del-siglo\/"},"wordCount":230,"commentCount":9,"publisher":{"@id":"https:\/\/www.padreydecano.com\/cms\/#organization"},"image":{"@id":"https:\/\/www.padreydecano.com\/cms\/noticias\/primer-ganador-de-la-promo-el-elegido-del-siglo\/#primaryimage"},"thumbnailUrl":"https:\/\/www.padreydecano.com\/cms\/wp-content\/uploads\/2016\/03\/penarol-ganador-01-1.jpg","keywords":["Sorteos"],"articleSection":["Noticias"],"inLanguage":"es","potentialAction":[{"@type":"CommentAction","name":"Comment","target":["https:\/\/www.padreydecano.com\/cms\/noticias\/primer-ganador-de-la-promo-el-elegido-del-siglo\/#respond"]}]},{"@type":"WebPage","@id":"https:\/\/www.padreydecano.com\/cms\/noticias\/primer-ganador-de-la-promo-el-elegido-del-siglo\/","url":"https:\/\/www.padreydecano.com\/cms\/noticias\/primer-ganador-de-la-promo-el-elegido-del-siglo\/","name":"Primer ganador de la Promo \"El Elegido del Siglo\" - Padre y Decano - El Sitio del Pueblo","isPartOf":{"@id":"https:\/\/www.padreydecano.com\/cms\/#website"},"primaryImageOfPage":{"@id":"https:\/\/www.padreydecano.com\/cms\/noticias\/primer-ganador-de-la-promo-el-elegido-del-siglo\/#primaryimage"},"image":{"@id":"https:\/\/www.padreydecano.com\/cms\/noticias\/primer-ganador-de-la-promo-el-elegido-del-siglo\/#primaryimage"},"thumbnailUrl":"https:\/\/www.padreydecano.com\/cms\/wp-content\/uploads\/2016\/03\/penarol-ganador-01-1.jpg","datePublished":"2016-03-03T20:44:42+00:00","dateModified":"2016-03-03T20:57:19+00:00","breadcrumb":{"@id":"https:\/\/www.padreydecano.com\/cms\/noticias\/primer-ganador-de-la-promo-el-elegido-del-siglo\/#breadcrumb"},"inLanguage":"es","potentialAction":[{"@type":"ReadAction","target":["https:\/\/www.padreydecano.com\/cms\/noticias\/primer-ganador-de-la-promo-el-elegido-del-siglo\/"]}]},{"@type":"ImageObject","inLanguage":"es","@id":"https:\/\/www.padreydecano.com\/cms\/noticias\/primer-ganador-de-la-promo-el-elegido-del-siglo\/#primaryimage","url":"https:\/\/www.padreydecano.com\/cms\/wp-content\/uploads\/2016\/03\/penarol-ganador-01-1.jpg","contentUrl":"https:\/\/www.padreydecano.com\/cms\/wp-content\/uploads\/2016\/03\/penarol-ganador-01-1.jpg","width":480,"height":540},{"@type":"BreadcrumbList","@id":"https:\/\/www.padreydecano.com\/cms\/noticias\/primer-ganador-de-la-promo-el-elegido-del-siglo\/#breadcrumb","itemListElement":[{"@type":"ListItem","position":1,"name":"Portada","item":"https:\/\/www.padreydecano.com\/cms\/"},{"@type":"ListItem","position":2,"name":"Primer ganador de la Promo \u00abEl Elegido del Siglo\u00bb"}]},{"@type":"WebSite","@id":"https:\/\/www.padreydecano.com\/cms\/#website","url":"https:\/\/www.padreydecano.com\/cms\/","name":"Padre y Decano - El Sitio del Pueblo","description":"Club Atl\u00e9tico Pe\u00f1arol","publisher":{"@id":"https:\/\/www.padreydecano.com\/cms\/#organization"},"potentialAction":[{"@type":"SearchAction","target":{"@type":"EntryPoint","urlTemplate":"https:\/\/www.padreydecano.com\/cms\/?s={search_term_string}"},"query-input":"required name=search_term_string"}],"inLanguage":"es"},{"@type":"Organization","@id":"https:\/\/www.padreydecano.com\/cms\/#organization","name":"Padre y Decano","url":"https:\/\/www.padreydecano.com\/cms\/","logo":{"@type":"ImageObject","inLanguage":"es","@id":"https:\/\/www.padreydecano.com\/cms\/#\/schema\/logo\/image\/","url":"https:\/\/www.padreydecano.com\/cms\/wp-content\/uploads\/2022\/01\/avatar-square.png","contentUrl":"https:\/\/www.padreydecano.com\/cms\/wp-content\/uploads\/2022\/01\/avatar-square.png","width":1500,"height":1500,"caption":"Padre y Decano"},"image":{"@id":"https:\/\/www.padreydecano.com\/cms\/#\/schema\/logo\/image\/"}},{"@type":"Person","@id":"https:\/\/www.padreydecano.com\/cms\/#\/schema\/person\/d93e9e537230ae052c194251d9a1def2","name":"Moderador","image":{"@type":"ImageObject","inLanguage":"es","@id":"https:\/\/www.padreydecano.com\/cms\/#\/schema\/person\/image\/","url":"https:\/\/secure.gravatar.com\/avatar\/2587727bf8a53bd3da4ec49f01bea66e?s=96&d=https%3A%2F%2Fpadreydecano.com%2Fcms%2Fwp-content%2Fthemes%2Fpyd-theme%2Fimg%2Fdefault-avatar.png&r=g","contentUrl":"https:\/\/secure.gravatar.com\/avatar\/2587727bf8a53bd3da4ec49f01bea66e?s=96&d=https%3A%2F%2Fpadreydecano.com%2Fcms%2Fwp-content%2Fthemes%2Fpyd-theme%2Fimg%2Fdefault-avatar.png&r=g","caption":"Moderador"}}]}},"_links":{"self":[{"href":"https:\/\/www.padreydecano.com\/cms\/wp-json\/wp\/v2\/posts\/57420"}],"collection":[{"href":"https:\/\/www.padreydecano.com\/cms\/wp-json\/wp\/v2\/posts"}],"about":[{"href":"https:\/\/www.padreydecano.com\/cms\/wp-json\/wp\/v2\/types\/post"}],"author":[{"embeddable":true,"href":"https:\/\/www.padreydecano.com\/cms\/wp-json\/wp\/v2\/users\/13"}],"replies":[{"embeddable":true,"href":"https:\/\/www.padreydecano.com\/cms\/wp-json\/wp\/v2\/comments?post=57420"}],"version-history":[{"count":0,"href":"https:\/\/www.padreydecano.com\/cms\/wp-json\/wp\/v2\/posts\/57420\/revisions"}],"wp:featuredmedia":[{"embeddable":true,"href":"https:\/\/www.padreydecano.com\/cms\/wp-json\/wp\/v2\/media\/57421"}],"wp:attachment":[{"href":"https:\/\/www.padreydecano.com\/cms\/wp-json\/wp\/v2\/media?parent=57420"}],"wp:term":[{"taxonomy":"category","embeddable":true,"href":"https:\/\/www.padreydecano.com\/cms\/wp-json\/wp\/v2\/categories?post=57420"},{"taxonomy":"post_tag","embeddable":true,"href":"https:\/\/www.padreydecano.com\/cms\/wp-json\/wp\/v2\/tags?post=57420"}],"curies":[{"name":"wp","href":"https:\/\/api.w.org\/{rel}","templated":true}]}}