{"id":56958,"date":"2016-02-17T23:28:03","date_gmt":"2016-02-18T02:28:03","guid":{"rendered":"http:\/\/www.padreydecano.com\/cms\/?p=56958"},"modified":"2016-02-18T14:45:23","modified_gmt":"2016-02-18T17:45:23","slug":"penarol-reconocio-el-estadio-nacional-de-lima","status":"publish","type":"post","link":"https:\/\/www.padreydecano.com\/cms\/noticias\/penarol-reconocio-el-estadio-nacional-de-lima\/","title":{"rendered":"Pe\u00f1arol reconoci\u00f3 el Estadio Nacional de Lima"},"content":{"rendered":"<p><img loading=\"lazy\" decoding=\"async\" class=\"aligncenter wp-image-56996\" src=\"https:\/\/www.padreydecano.com\/cms\/wp-content\/uploads\/2016\/02\/Reconocimiento-Per\u00fa-1.jpg\" alt=\"\" width=\"610\" height=\"407\" srcset=\"https:\/\/www.padreydecano.com\/cms\/wp-content\/uploads\/2016\/02\/Reconocimiento-Per\u00fa-1.jpg 900w, https:\/\/www.padreydecano.com\/cms\/wp-content\/uploads\/2016\/02\/Reconocimiento-Per\u00fa-1-300x200.jpg 300w, https:\/\/www.padreydecano.com\/cms\/wp-content\/uploads\/2016\/02\/Reconocimiento-Per\u00fa-1-768x512.jpg 768w\" sizes=\"(max-width: 610px) 100vw, 610px\" \/><\/p>\n<p style=\"text-align: justify;\">La delegaci\u00f3n reconoci\u00f3 el Estadio Nacional de Lima, lugar donde ma\u00f1ana enfrentaremos a Sporting Cristal por la fase de grupos de la Copa Libertadores 2016. Comenzaron el reconocimiento a las 19:30 de Per\u00fa, y\u00a0dur\u00f3 aproximadamente una hora y media.<\/p>\n<p style=\"text-align: justify;\">Jorge \u00abPolilla\u00bb Da Silva y Diego Forl\u00e1n ingresaron unos minutos m\u00e1s tarde, ya que previamente atendieron a la prensa.<\/p>\n<p style=\"text-align: justify;\">Los goleros Gast\u00f3n Guruceaga, Dami\u00e1n Frascarelli y Thiago Cardozo entrenaron bajo las \u00f3rdenes de \u00d3scar Ferro, mientras Fernando Morena caminaba observ\u00e1ndolos.<\/p>\n<p style=\"text-align: justify;\">El resto de los jugadores jugaron con la pelota, siendo \u00abel monito\u00bb en equipos el ejercicio m\u00e1s com\u00fan, mientras el profesor Placeres\u00a0y el Polilla los corrigen y motivan.<\/p>\n<p style=\"text-align: justify;\">En todo momento se not\u00f3 un muy buen clima entre el plantel, muchas risas y chistes. Como siempre, esta actividad es para familiarizarse con la cancha y las luces y se destaca por su informalidad. Da Silva, Dar\u00edo y Morena participaron del picado, mientras que Nahitan N\u00e1ndez y Gianni Rodr\u00edguez fueron los arqueros.\u00a0No se par\u00f3 una oncena en la cancha.<\/p>\n\n\t\t<style type=\"text\/css\">\n\t\t\t#gallery-1 {\n\t\t\t\tmargin: auto;\n\t\t\t}\n\t\t\t#gallery-1 .gallery-item {\n\t\t\t\tfloat: left;\n\t\t\t\tmargin-top: 10px;\n\t\t\t\ttext-align: center;\n\t\t\t\twidth: 33%;\n\t\t\t}\n\t\t\t#gallery-1 img {\n\t\t\t\tborder: 2px solid #cfcfcf;\n\t\t\t}\n\t\t\t#gallery-1 .gallery-caption {\n\t\t\t\tmargin-left: 0;\n\t\t\t}\n\t\t\t\/* see gallery_shortcode() in wp-includes\/media.php *\/\n\t\t<\/style>\n\t\t<div id='gallery-1' class='gallery galleryid-56958 gallery-columns-3 gallery-size-thumbnail'><dl class='gallery-item'>\n\t\t\t<dt class='gallery-icon landscape'>\n\t\t\t\t<a href='https:\/\/www.padreydecano.com\/cms\/wp-content\/uploads\/2016\/02\/Reconocimiento-Per\u00fa-2.jpg' rel='shadowbox[sbalbum-56958];player=img;'><img loading=\"lazy\" decoding=\"async\" width=\"150\" height=\"150\" src=\"https:\/\/www.padreydecano.com\/cms\/wp-content\/uploads\/2016\/02\/Reconocimiento-Per\u00fa-2-150x150.jpg\" class=\"attachment-thumbnail size-thumbnail\" alt=\"\" srcset=\"https:\/\/www.padreydecano.com\/cms\/wp-content\/uploads\/2016\/02\/Reconocimiento-Per\u00fa-2-150x150.jpg 150w, https:\/\/www.padreydecano.com\/cms\/wp-content\/uploads\/2016\/02\/Reconocimiento-Per\u00fa-2-36x36.jpg 36w, https:\/\/www.padreydecano.com\/cms\/wp-content\/uploads\/2016\/02\/Reconocimiento-Per\u00fa-2-115x115.jpg 115w\" sizes=\"(max-width: 150px) 100vw, 150px\" \/><\/a>\n\t\t\t<\/dt><\/dl><dl class='gallery-item'>\n\t\t\t<dt class='gallery-icon landscape'>\n\t\t\t\t<a href='https:\/\/www.padreydecano.com\/cms\/wp-content\/uploads\/2016\/02\/Reconocimiento-Per\u00fa-3.jpg' rel='shadowbox[sbalbum-56958];player=img;'><img loading=\"lazy\" decoding=\"async\" width=\"150\" height=\"150\" src=\"https:\/\/www.padreydecano.com\/cms\/wp-content\/uploads\/2016\/02\/Reconocimiento-Per\u00fa-3-150x150.jpg\" class=\"attachment-thumbnail size-thumbnail\" alt=\"\" srcset=\"https:\/\/www.padreydecano.com\/cms\/wp-content\/uploads\/2016\/02\/Reconocimiento-Per\u00fa-3-150x150.jpg 150w, https:\/\/www.padreydecano.com\/cms\/wp-content\/uploads\/2016\/02\/Reconocimiento-Per\u00fa-3-36x36.jpg 36w, https:\/\/www.padreydecano.com\/cms\/wp-content\/uploads\/2016\/02\/Reconocimiento-Per\u00fa-3-115x115.jpg 115w\" sizes=\"(max-width: 150px) 100vw, 150px\" \/><\/a>\n\t\t\t<\/dt><\/dl><dl class='gallery-item'>\n\t\t\t<dt class='gallery-icon landscape'>\n\t\t\t\t<a href='https:\/\/www.padreydecano.com\/cms\/wp-content\/uploads\/2016\/02\/Reconocimiento-Per\u00fa-4.jpg' rel='shadowbox[sbalbum-56958];player=img;'><img loading=\"lazy\" decoding=\"async\" width=\"150\" height=\"150\" src=\"https:\/\/www.padreydecano.com\/cms\/wp-content\/uploads\/2016\/02\/Reconocimiento-Per\u00fa-4-150x150.jpg\" class=\"attachment-thumbnail size-thumbnail\" alt=\"\" srcset=\"https:\/\/www.padreydecano.com\/cms\/wp-content\/uploads\/2016\/02\/Reconocimiento-Per\u00fa-4-150x150.jpg 150w, https:\/\/www.padreydecano.com\/cms\/wp-content\/uploads\/2016\/02\/Reconocimiento-Per\u00fa-4-36x36.jpg 36w, https:\/\/www.padreydecano.com\/cms\/wp-content\/uploads\/2016\/02\/Reconocimiento-Per\u00fa-4-115x115.jpg 115w\" sizes=\"(max-width: 150px) 100vw, 150px\" \/><\/a>\n\t\t\t<\/dt><\/dl><br style=\"clear: both\" \/><dl class='gallery-item'>\n\t\t\t<dt class='gallery-icon landscape'>\n\t\t\t\t<a href='https:\/\/www.padreydecano.com\/cms\/wp-content\/uploads\/2016\/02\/Reconocimiento-Per\u00fa-5.jpg' rel='shadowbox[sbalbum-56958];player=img;'><img loading=\"lazy\" decoding=\"async\" width=\"150\" height=\"150\" src=\"https:\/\/www.padreydecano.com\/cms\/wp-content\/uploads\/2016\/02\/Reconocimiento-Per\u00fa-5-150x150.jpg\" class=\"attachment-thumbnail size-thumbnail\" alt=\"\" srcset=\"https:\/\/www.padreydecano.com\/cms\/wp-content\/uploads\/2016\/02\/Reconocimiento-Per\u00fa-5-150x150.jpg 150w, https:\/\/www.padreydecano.com\/cms\/wp-content\/uploads\/2016\/02\/Reconocimiento-Per\u00fa-5-36x36.jpg 36w, https:\/\/www.padreydecano.com\/cms\/wp-content\/uploads\/2016\/02\/Reconocimiento-Per\u00fa-5-115x115.jpg 115w\" sizes=\"(max-width: 150px) 100vw, 150px\" \/><\/a>\n\t\t\t<\/dt><\/dl><dl class='gallery-item'>\n\t\t\t<dt class='gallery-icon landscape'>\n\t\t\t\t<a href='https:\/\/www.padreydecano.com\/cms\/wp-content\/uploads\/2016\/02\/Reconocimiento-Per\u00fa-7.jpg' rel='shadowbox[sbalbum-56958];player=img;'><img loading=\"lazy\" decoding=\"async\" width=\"150\" height=\"150\" src=\"https:\/\/www.padreydecano.com\/cms\/wp-content\/uploads\/2016\/02\/Reconocimiento-Per\u00fa-7-150x150.jpg\" class=\"attachment-thumbnail size-thumbnail\" alt=\"\" srcset=\"https:\/\/www.padreydecano.com\/cms\/wp-content\/uploads\/2016\/02\/Reconocimiento-Per\u00fa-7-150x150.jpg 150w, https:\/\/www.padreydecano.com\/cms\/wp-content\/uploads\/2016\/02\/Reconocimiento-Per\u00fa-7-36x36.jpg 36w, https:\/\/www.padreydecano.com\/cms\/wp-content\/uploads\/2016\/02\/Reconocimiento-Per\u00fa-7-115x115.jpg 115w\" sizes=\"(max-width: 150px) 100vw, 150px\" \/><\/a>\n\t\t\t<\/dt><\/dl><dl class='gallery-item'>\n\t\t\t<dt class='gallery-icon landscape'>\n\t\t\t\t<a href='https:\/\/www.padreydecano.com\/cms\/wp-content\/uploads\/2016\/02\/Reconocimiento-Per\u00fa-6.jpg' rel='shadowbox[sbalbum-56958];player=img;'><img loading=\"lazy\" decoding=\"async\" width=\"150\" height=\"150\" src=\"https:\/\/www.padreydecano.com\/cms\/wp-content\/uploads\/2016\/02\/Reconocimiento-Per\u00fa-6-150x150.jpg\" class=\"attachment-thumbnail size-thumbnail\" alt=\"\" srcset=\"https:\/\/www.padreydecano.com\/cms\/wp-content\/uploads\/2016\/02\/Reconocimiento-Per\u00fa-6-150x150.jpg 150w, https:\/\/www.padreydecano.com\/cms\/wp-content\/uploads\/2016\/02\/Reconocimiento-Per\u00fa-6-36x36.jpg 36w, https:\/\/www.padreydecano.com\/cms\/wp-content\/uploads\/2016\/02\/Reconocimiento-Per\u00fa-6-115x115.jpg 115w\" sizes=\"(max-width: 150px) 100vw, 150px\" \/><\/a>\n\t\t\t<\/dt><\/dl><br style=\"clear: both\" \/>\n\t\t<\/div>\n\n","protected":false},"excerpt":{"rendered":"<p>La delegaci\u00f3n reconoci\u00f3 el Estadio Nacional de Lima, lugar donde ma\u00f1ana enfrentaremos a Sporting Cristal por la fase de grupos de la Copa Libertadores 2016. Comenzaron el reconocimiento a las 19:30 de Per\u00fa, y\u00a0dur\u00f3 aproximadamente una hora y media. Jorge \u00abPolilla\u00bb Da Silva y Diego Forl\u00e1n ingresaron unos minutos m\u00e1s tarde, ya que previamente atendieron [&hellip;]<\/p>\n","protected":false},"author":5,"featured_media":56972,"comment_status":"open","ping_status":"closed","sticky":false,"template":"","format":"standard","meta":{"footnotes":""},"categories":[1],"tags":[256],"yoast_head":"<!-- This site is optimized with the Yoast SEO plugin v23.2 - https:\/\/yoast.com\/wordpress\/plugins\/seo\/ -->\n<title>Pe\u00f1arol reconoci\u00f3 el Estadio Nacional de Lima - Padre y Decano - El Sitio del Pueblo<\/title>\n<meta name=\"robots\" content=\"index, follow, max-snippet:-1, max-image-preview:large, max-video-preview:-1\" \/>\n<link rel=\"canonical\" href=\"https:\/\/www.padreydecano.com\/cms\/noticias\/penarol-reconocio-el-estadio-nacional-de-lima\/\" \/>\n<meta property=\"og:locale\" content=\"es_ES\" \/>\n<meta property=\"og:type\" content=\"article\" \/>\n<meta property=\"og:title\" content=\"Pe\u00f1arol reconoci\u00f3 el Estadio Nacional de Lima - Padre y Decano - El Sitio del Pueblo\" \/>\n<meta property=\"og:description\" content=\"La delegaci\u00f3n reconoci\u00f3 el Estadio Nacional de Lima, lugar donde ma\u00f1ana enfrentaremos a Sporting Cristal por la fase de grupos de la Copa Libertadores 2016. Comenzaron el reconocimiento a las 19:30 de Per\u00fa, y\u00a0dur\u00f3 aproximadamente una hora y media. Jorge \u00abPolilla\u00bb Da Silva y Diego Forl\u00e1n ingresaron unos minutos m\u00e1s tarde, ya que previamente atendieron [&hellip;]\" \/>\n<meta property=\"og:url\" content=\"https:\/\/www.padreydecano.com\/cms\/noticias\/penarol-reconocio-el-estadio-nacional-de-lima\/\" \/>\n<meta property=\"og:site_name\" content=\"Padre y Decano - El Sitio del Pueblo\" \/>\n<meta property=\"article:published_time\" content=\"2016-02-18T02:28:03+00:00\" \/>\n<meta property=\"article:modified_time\" content=\"2016-02-18T17:45:23+00:00\" \/>\n<meta property=\"og:image\" content=\"https:\/\/www.padreydecano.com\/cms\/wp-content\/uploads\/2016\/02\/slider-reconocimiento-lima.jpg\" \/>\n\t<meta property=\"og:image:width\" content=\"900\" \/>\n\t<meta property=\"og:image:height\" content=\"524\" \/>\n\t<meta property=\"og:image:type\" content=\"image\/jpeg\" \/>\n<meta name=\"author\" content=\"Emirona07\" \/>\n<meta name=\"twitter:card\" content=\"summary_large_image\" \/>\n<meta name=\"twitter:label1\" content=\"Escrito por\" \/>\n\t<meta name=\"twitter:data1\" content=\"Emirona07\" \/>\n\t<meta name=\"twitter:label2\" content=\"Tiempo de lectura\" \/>\n\t<meta name=\"twitter:data2\" content=\"1 minuto\" \/>\n<script type=\"application\/ld+json\" class=\"yoast-schema-graph\">{\"@context\":\"https:\/\/schema.org\",\"@graph\":[{\"@type\":\"Article\",\"@id\":\"https:\/\/www.padreydecano.com\/cms\/noticias\/penarol-reconocio-el-estadio-nacional-de-lima\/#article\",\"isPartOf\":{\"@id\":\"https:\/\/www.padreydecano.com\/cms\/noticias\/penarol-reconocio-el-estadio-nacional-de-lima\/\"},\"author\":{\"name\":\"Emirona07\",\"@id\":\"https:\/\/www.padreydecano.com\/cms\/#\/schema\/person\/51e0214db654d9624824b37c2838bb65\"},\"headline\":\"Pe\u00f1arol reconoci\u00f3 el Estadio Nacional de Lima\",\"datePublished\":\"2016-02-18T02:28:03+00:00\",\"dateModified\":\"2016-02-18T17:45:23+00:00\",\"mainEntityOfPage\":{\"@id\":\"https:\/\/www.padreydecano.com\/cms\/noticias\/penarol-reconocio-el-estadio-nacional-de-lima\/\"},\"wordCount\":190,\"commentCount\":9,\"publisher\":{\"@id\":\"https:\/\/www.padreydecano.com\/cms\/#organization\"},\"image\":{\"@id\":\"https:\/\/www.padreydecano.com\/cms\/noticias\/penarol-reconocio-el-estadio-nacional-de-lima\/#primaryimage\"},\"thumbnailUrl\":\"https:\/\/www.padreydecano.com\/cms\/wp-content\/uploads\/2016\/02\/slider-reconocimiento-lima.jpg\",\"keywords\":[\"Copa Libertadores 2016\"],\"articleSection\":[\"Noticias\"],\"inLanguage\":\"es\",\"potentialAction\":[{\"@type\":\"CommentAction\",\"name\":\"Comment\",\"target\":[\"https:\/\/www.padreydecano.com\/cms\/noticias\/penarol-reconocio-el-estadio-nacional-de-lima\/#respond\"]}]},{\"@type\":\"WebPage\",\"@id\":\"https:\/\/www.padreydecano.com\/cms\/noticias\/penarol-reconocio-el-estadio-nacional-de-lima\/\",\"url\":\"https:\/\/www.padreydecano.com\/cms\/noticias\/penarol-reconocio-el-estadio-nacional-de-lima\/\",\"name\":\"Pe\u00f1arol reconoci\u00f3 el Estadio Nacional de Lima - Padre y Decano - El Sitio del Pueblo\",\"isPartOf\":{\"@id\":\"https:\/\/www.padreydecano.com\/cms\/#website\"},\"primaryImageOfPage\":{\"@id\":\"https:\/\/www.padreydecano.com\/cms\/noticias\/penarol-reconocio-el-estadio-nacional-de-lima\/#primaryimage\"},\"image\":{\"@id\":\"https:\/\/www.padreydecano.com\/cms\/noticias\/penarol-reconocio-el-estadio-nacional-de-lima\/#primaryimage\"},\"thumbnailUrl\":\"https:\/\/www.padreydecano.com\/cms\/wp-content\/uploads\/2016\/02\/slider-reconocimiento-lima.jpg\",\"datePublished\":\"2016-02-18T02:28:03+00:00\",\"dateModified\":\"2016-02-18T17:45:23+00:00\",\"breadcrumb\":{\"@id\":\"https:\/\/www.padreydecano.com\/cms\/noticias\/penarol-reconocio-el-estadio-nacional-de-lima\/#breadcrumb\"},\"inLanguage\":\"es\",\"potentialAction\":[{\"@type\":\"ReadAction\",\"target\":[\"https:\/\/www.padreydecano.com\/cms\/noticias\/penarol-reconocio-el-estadio-nacional-de-lima\/\"]}]},{\"@type\":\"ImageObject\",\"inLanguage\":\"es\",\"@id\":\"https:\/\/www.padreydecano.com\/cms\/noticias\/penarol-reconocio-el-estadio-nacional-de-lima\/#primaryimage\",\"url\":\"https:\/\/www.padreydecano.com\/cms\/wp-content\/uploads\/2016\/02\/slider-reconocimiento-lima.jpg\",\"contentUrl\":\"https:\/\/www.padreydecano.com\/cms\/wp-content\/uploads\/2016\/02\/slider-reconocimiento-lima.jpg\",\"width\":900,\"height\":524},{\"@type\":\"BreadcrumbList\",\"@id\":\"https:\/\/www.padreydecano.com\/cms\/noticias\/penarol-reconocio-el-estadio-nacional-de-lima\/#breadcrumb\",\"itemListElement\":[{\"@type\":\"ListItem\",\"position\":1,\"name\":\"Portada\",\"item\":\"https:\/\/www.padreydecano.com\/cms\/\"},{\"@type\":\"ListItem\",\"position\":2,\"name\":\"Pe\u00f1arol reconoci\u00f3 el Estadio Nacional de Lima\"}]},{\"@type\":\"WebSite\",\"@id\":\"https:\/\/www.padreydecano.com\/cms\/#website\",\"url\":\"https:\/\/www.padreydecano.com\/cms\/\",\"name\":\"Padre y Decano - El Sitio del Pueblo\",\"description\":\"Club Atl\u00e9tico Pe\u00f1arol\",\"publisher\":{\"@id\":\"https:\/\/www.padreydecano.com\/cms\/#organization\"},\"potentialAction\":[{\"@type\":\"SearchAction\",\"target\":{\"@type\":\"EntryPoint\",\"urlTemplate\":\"https:\/\/www.padreydecano.com\/cms\/?s={search_term_string}\"},\"query-input\":\"required name=search_term_string\"}],\"inLanguage\":\"es\"},{\"@type\":\"Organization\",\"@id\":\"https:\/\/www.padreydecano.com\/cms\/#organization\",\"name\":\"Padre y Decano\",\"url\":\"https:\/\/www.padreydecano.com\/cms\/\",\"logo\":{\"@type\":\"ImageObject\",\"inLanguage\":\"es\",\"@id\":\"https:\/\/www.padreydecano.com\/cms\/#\/schema\/logo\/image\/\",\"url\":\"https:\/\/www.padreydecano.com\/cms\/wp-content\/uploads\/2022\/01\/avatar-square.png\",\"contentUrl\":\"https:\/\/www.padreydecano.com\/cms\/wp-content\/uploads\/2022\/01\/avatar-square.png\",\"width\":1500,\"height\":1500,\"caption\":\"Padre y Decano\"},\"image\":{\"@id\":\"https:\/\/www.padreydecano.com\/cms\/#\/schema\/logo\/image\/\"}},{\"@type\":\"Person\",\"@id\":\"https:\/\/www.padreydecano.com\/cms\/#\/schema\/person\/51e0214db654d9624824b37c2838bb65\",\"name\":\"Emirona07\",\"image\":{\"@type\":\"ImageObject\",\"inLanguage\":\"es\",\"@id\":\"https:\/\/www.padreydecano.com\/cms\/#\/schema\/person\/image\/\",\"url\":\"https:\/\/secure.gravatar.com\/avatar\/93c9118dbd5373a8a065bb5cdddde6bf?s=96&d=https%3A%2F%2Fpadreydecano.com%2Fcms%2Fwp-content%2Fthemes%2Fpyd-theme%2Fimg%2Fdefault-avatar.png&r=g\",\"contentUrl\":\"https:\/\/secure.gravatar.com\/avatar\/93c9118dbd5373a8a065bb5cdddde6bf?s=96&d=https%3A%2F%2Fpadreydecano.com%2Fcms%2Fwp-content%2Fthemes%2Fpyd-theme%2Fimg%2Fdefault-avatar.png&r=g\",\"caption\":\"Emirona07\"}}]}<\/script>\n<!-- \/ Yoast SEO plugin. -->","yoast_head_json":{"title":"Pe\u00f1arol reconoci\u00f3 el Estadio Nacional de Lima - Padre y Decano - El Sitio del Pueblo","robots":{"index":"index","follow":"follow","max-snippet":"max-snippet:-1","max-image-preview":"max-image-preview:large","max-video-preview":"max-video-preview:-1"},"canonical":"https:\/\/www.padreydecano.com\/cms\/noticias\/penarol-reconocio-el-estadio-nacional-de-lima\/","og_locale":"es_ES","og_type":"article","og_title":"Pe\u00f1arol reconoci\u00f3 el Estadio Nacional de Lima - Padre y Decano - El Sitio del Pueblo","og_description":"La delegaci\u00f3n reconoci\u00f3 el Estadio Nacional de Lima, lugar donde ma\u00f1ana enfrentaremos a Sporting Cristal por la fase de grupos de la Copa Libertadores 2016. Comenzaron el reconocimiento a las 19:30 de Per\u00fa, y\u00a0dur\u00f3 aproximadamente una hora y media. Jorge \u00abPolilla\u00bb Da Silva y Diego Forl\u00e1n ingresaron unos minutos m\u00e1s tarde, ya que previamente atendieron [&hellip;]","og_url":"https:\/\/www.padreydecano.com\/cms\/noticias\/penarol-reconocio-el-estadio-nacional-de-lima\/","og_site_name":"Padre y Decano - El Sitio del Pueblo","article_published_time":"2016-02-18T02:28:03+00:00","article_modified_time":"2016-02-18T17:45:23+00:00","og_image":[{"width":900,"height":524,"url":"https:\/\/www.padreydecano.com\/cms\/wp-content\/uploads\/2016\/02\/slider-reconocimiento-lima.jpg","type":"image\/jpeg"}],"author":"Emirona07","twitter_card":"summary_large_image","twitter_misc":{"Escrito por":"Emirona07","Tiempo de lectura":"1 minuto"},"schema":{"@context":"https:\/\/schema.org","@graph":[{"@type":"Article","@id":"https:\/\/www.padreydecano.com\/cms\/noticias\/penarol-reconocio-el-estadio-nacional-de-lima\/#article","isPartOf":{"@id":"https:\/\/www.padreydecano.com\/cms\/noticias\/penarol-reconocio-el-estadio-nacional-de-lima\/"},"author":{"name":"Emirona07","@id":"https:\/\/www.padreydecano.com\/cms\/#\/schema\/person\/51e0214db654d9624824b37c2838bb65"},"headline":"Pe\u00f1arol reconoci\u00f3 el Estadio Nacional de Lima","datePublished":"2016-02-18T02:28:03+00:00","dateModified":"2016-02-18T17:45:23+00:00","mainEntityOfPage":{"@id":"https:\/\/www.padreydecano.com\/cms\/noticias\/penarol-reconocio-el-estadio-nacional-de-lima\/"},"wordCount":190,"commentCount":9,"publisher":{"@id":"https:\/\/www.padreydecano.com\/cms\/#organization"},"image":{"@id":"https:\/\/www.padreydecano.com\/cms\/noticias\/penarol-reconocio-el-estadio-nacional-de-lima\/#primaryimage"},"thumbnailUrl":"https:\/\/www.padreydecano.com\/cms\/wp-content\/uploads\/2016\/02\/slider-reconocimiento-lima.jpg","keywords":["Copa Libertadores 2016"],"articleSection":["Noticias"],"inLanguage":"es","potentialAction":[{"@type":"CommentAction","name":"Comment","target":["https:\/\/www.padreydecano.com\/cms\/noticias\/penarol-reconocio-el-estadio-nacional-de-lima\/#respond"]}]},{"@type":"WebPage","@id":"https:\/\/www.padreydecano.com\/cms\/noticias\/penarol-reconocio-el-estadio-nacional-de-lima\/","url":"https:\/\/www.padreydecano.com\/cms\/noticias\/penarol-reconocio-el-estadio-nacional-de-lima\/","name":"Pe\u00f1arol reconoci\u00f3 el Estadio Nacional de Lima - Padre y Decano - El Sitio del Pueblo","isPartOf":{"@id":"https:\/\/www.padreydecano.com\/cms\/#website"},"primaryImageOfPage":{"@id":"https:\/\/www.padreydecano.com\/cms\/noticias\/penarol-reconocio-el-estadio-nacional-de-lima\/#primaryimage"},"image":{"@id":"https:\/\/www.padreydecano.com\/cms\/noticias\/penarol-reconocio-el-estadio-nacional-de-lima\/#primaryimage"},"thumbnailUrl":"https:\/\/www.padreydecano.com\/cms\/wp-content\/uploads\/2016\/02\/slider-reconocimiento-lima.jpg","datePublished":"2016-02-18T02:28:03+00:00","dateModified":"2016-02-18T17:45:23+00:00","breadcrumb":{"@id":"https:\/\/www.padreydecano.com\/cms\/noticias\/penarol-reconocio-el-estadio-nacional-de-lima\/#breadcrumb"},"inLanguage":"es","potentialAction":[{"@type":"ReadAction","target":["https:\/\/www.padreydecano.com\/cms\/noticias\/penarol-reconocio-el-estadio-nacional-de-lima\/"]}]},{"@type":"ImageObject","inLanguage":"es","@id":"https:\/\/www.padreydecano.com\/cms\/noticias\/penarol-reconocio-el-estadio-nacional-de-lima\/#primaryimage","url":"https:\/\/www.padreydecano.com\/cms\/wp-content\/uploads\/2016\/02\/slider-reconocimiento-lima.jpg","contentUrl":"https:\/\/www.padreydecano.com\/cms\/wp-content\/uploads\/2016\/02\/slider-reconocimiento-lima.jpg","width":900,"height":524},{"@type":"BreadcrumbList","@id":"https:\/\/www.padreydecano.com\/cms\/noticias\/penarol-reconocio-el-estadio-nacional-de-lima\/#breadcrumb","itemListElement":[{"@type":"ListItem","position":1,"name":"Portada","item":"https:\/\/www.padreydecano.com\/cms\/"},{"@type":"ListItem","position":2,"name":"Pe\u00f1arol reconoci\u00f3 el Estadio Nacional de Lima"}]},{"@type":"WebSite","@id":"https:\/\/www.padreydecano.com\/cms\/#website","url":"https:\/\/www.padreydecano.com\/cms\/","name":"Padre y Decano - El Sitio del Pueblo","description":"Club Atl\u00e9tico Pe\u00f1arol","publisher":{"@id":"https:\/\/www.padreydecano.com\/cms\/#organization"},"potentialAction":[{"@type":"SearchAction","target":{"@type":"EntryPoint","urlTemplate":"https:\/\/www.padreydecano.com\/cms\/?s={search_term_string}"},"query-input":"required name=search_term_string"}],"inLanguage":"es"},{"@type":"Organization","@id":"https:\/\/www.padreydecano.com\/cms\/#organization","name":"Padre y Decano","url":"https:\/\/www.padreydecano.com\/cms\/","logo":{"@type":"ImageObject","inLanguage":"es","@id":"https:\/\/www.padreydecano.com\/cms\/#\/schema\/logo\/image\/","url":"https:\/\/www.padreydecano.com\/cms\/wp-content\/uploads\/2022\/01\/avatar-square.png","contentUrl":"https:\/\/www.padreydecano.com\/cms\/wp-content\/uploads\/2022\/01\/avatar-square.png","width":1500,"height":1500,"caption":"Padre y Decano"},"image":{"@id":"https:\/\/www.padreydecano.com\/cms\/#\/schema\/logo\/image\/"}},{"@type":"Person","@id":"https:\/\/www.padreydecano.com\/cms\/#\/schema\/person\/51e0214db654d9624824b37c2838bb65","name":"Emirona07","image":{"@type":"ImageObject","inLanguage":"es","@id":"https:\/\/www.padreydecano.com\/cms\/#\/schema\/person\/image\/","url":"https:\/\/secure.gravatar.com\/avatar\/93c9118dbd5373a8a065bb5cdddde6bf?s=96&d=https%3A%2F%2Fpadreydecano.com%2Fcms%2Fwp-content%2Fthemes%2Fpyd-theme%2Fimg%2Fdefault-avatar.png&r=g","contentUrl":"https:\/\/secure.gravatar.com\/avatar\/93c9118dbd5373a8a065bb5cdddde6bf?s=96&d=https%3A%2F%2Fpadreydecano.com%2Fcms%2Fwp-content%2Fthemes%2Fpyd-theme%2Fimg%2Fdefault-avatar.png&r=g","caption":"Emirona07"}}]}},"_links":{"self":[{"href":"https:\/\/www.padreydecano.com\/cms\/wp-json\/wp\/v2\/posts\/56958"}],"collection":[{"href":"https:\/\/www.padreydecano.com\/cms\/wp-json\/wp\/v2\/posts"}],"about":[{"href":"https:\/\/www.padreydecano.com\/cms\/wp-json\/wp\/v2\/types\/post"}],"author":[{"embeddable":true,"href":"https:\/\/www.padreydecano.com\/cms\/wp-json\/wp\/v2\/users\/5"}],"replies":[{"embeddable":true,"href":"https:\/\/www.padreydecano.com\/cms\/wp-json\/wp\/v2\/comments?post=56958"}],"version-history":[{"count":0,"href":"https:\/\/www.padreydecano.com\/cms\/wp-json\/wp\/v2\/posts\/56958\/revisions"}],"wp:featuredmedia":[{"embeddable":true,"href":"https:\/\/www.padreydecano.com\/cms\/wp-json\/wp\/v2\/media\/56972"}],"wp:attachment":[{"href":"https:\/\/www.padreydecano.com\/cms\/wp-json\/wp\/v2\/media?parent=56958"}],"wp:term":[{"taxonomy":"category","embeddable":true,"href":"https:\/\/www.padreydecano.com\/cms\/wp-json\/wp\/v2\/categories?post=56958"},{"taxonomy":"post_tag","embeddable":true,"href":"https:\/\/www.padreydecano.com\/cms\/wp-json\/wp\/v2\/tags?post=56958"}],"curies":[{"name":"wp","href":"https:\/\/api.w.org\/{rel}","templated":true}]}}