{"id":5688,"date":"2011-10-14T14:17:53","date_gmt":"2011-10-14T16:17:53","guid":{"rendered":"http:\/\/www.padreydecano.com\/cms\/?p=5688"},"modified":"2011-10-14T14:25:37","modified_gmt":"2011-10-14T16:25:37","slug":"el-exito-de-manyas-obliga-a-hacer-mas-funciones","status":"publish","type":"post","link":"https:\/\/www.padreydecano.com\/cms\/noticias\/el-exito-de-manyas-obliga-a-hacer-mas-funciones\/","title":{"rendered":"El \u00e9xito de \u00abManyas\u00bb obliga a hacer m\u00e1s funciones"},"content":{"rendered":"<p style=\"text-align: justify;\"><img loading=\"lazy\" decoding=\"async\" class=\"alignright size-medium wp-image-4510\" src=\"https:\/\/www.padreydecano.com\/cms\/wp-content\/uploads\/2011\/10\/Manyas2-300x225.jpg\" alt=\"\" width=\"210\" height=\"158\" srcset=\"https:\/\/www.padreydecano.com\/cms\/wp-content\/uploads\/2011\/10\/Manyas2-300x225.jpg 300w, https:\/\/www.padreydecano.com\/cms\/wp-content\/uploads\/2011\/10\/Manyas2.jpg 800w\" sizes=\"(max-width: 210px) 100vw, 210px\" \/>No es novedad que \u00abManyas: La Pel\u00edcula\u00bb sea record de taquilla. La hinchada m\u00e1s grande arras\u00f3 los cines en la primera semana de la pel\u00edcula en cartel, y el productor de la pel\u00edcula le hizo llegar a <strong><span style=\"color: #ffcc02;\">Padre y Decano<\/span><\/strong> los horarios del fin de semana con importantes novedades: <em>\u00abDebido al \u00e9xito de p\u00fablico, Portones Shopping se suma a la exhibici\u00f3n de \u00abManyas: La Pel\u00edcula\u00bb.<\/em><\/p>\n<div><span style=\"color: #ffcc02;\"><strong>Montevideo<\/strong><\/span><\/div>\n<ul>\n<li><strong>Cines Hoyts Pta. Carretas:<\/strong> (Sab y Dom 15.10), 17.00, 18.50, 20.40, 22.30 y (Vie y Sab 24.00)<\/li>\n<li><strong>Grupocine Arocena:<\/strong> 19.00, 20.50, 22.40<\/li>\n<li><strong>Grupocine Ejido<\/strong>: 16.50, 18.40, 20.30, 22.20 y 00.10<\/li>\n<li><strong>Moviecenter Montevideo<\/strong>: 16.00, 18.00, 20.10, 22.05 y (Vie y Sab 24.00 )<\/li>\n<li><strong>Moviecenter Portones:<\/strong> 22.00<\/li>\n<\/ul>\n<div><span style=\"color: #ffcc02;\"><strong>Interior<\/strong><\/span><\/div>\n<div>\n<ul>\n<li><strong>Cines Hoyts Pta del Este:<\/strong> 18.40, \u00a020.35, \u00a022.30<\/li>\n<\/ul>\n<\/div>\n<div><strong>14-Oct<\/strong><\/div>\n<ul>\n<li><strong>Mercedes<\/strong> &#8211; \u00a0 20:00, 22:00<\/li>\n<li><strong>Carmelo<\/strong> &#8211; 18:00, 20:00<\/li>\n<li><strong>Florida<\/strong> &#8211; 20:00, 22:00<\/li>\n<li><strong>Bella Uni\u00f3n<\/strong> &#8211; 20:00, 22:00<\/li>\n<li><strong>Salto<\/strong> 21.15<\/li>\n<li><strong>Paysand\u00fa<\/strong> 21.15<\/li>\n<\/ul>\n<div><strong>15-Oct<\/strong><\/div>\n<ul>\n<li><strong>Mercedes<\/strong> &#8211; \u00a018:00, 20:00, 22:00<\/li>\n<li><strong>Carmelo<\/strong> &#8211; 18:00, 20:00<\/li>\n<li><strong>Sta Luc\u00eda<\/strong> &#8211; 19:30, 21:30<\/li>\n<li><strong>Bella Uni\u00f3n<\/strong> &#8211; 20:00, 22:00<\/li>\n<li><strong>Salto<\/strong>\u00a0&#8211; 21.15<\/li>\n<li><strong>Paysand\u00fa<\/strong>\u00a0&#8211; 21.15<\/li>\n<\/ul>\n<div><strong>16-Oct<\/strong><\/div>\n<ul>\n<li><strong>Mercedes<\/strong> &#8211; \u00a018:00, 20:00, 22:00<\/li>\n<li><strong>Sta Luc\u00eda<\/strong> &#8211; 19:30, 21:30<\/li>\n<li><strong>Salto &#8211;\u00a0<\/strong>21.15<\/li>\n<li><strong>Paysand\u00fa<\/strong>\u00a0&#8211; 21.15<\/li>\n<\/ul>\n","protected":false},"excerpt":{"rendered":"<p>No es novedad que \u00abManyas: La Pel\u00edcula\u00bb sea record de taquilla. La hinchada m\u00e1s grande arras\u00f3 los cines en la primera semana de la pel\u00edcula en cartel, y el productor de la pel\u00edcula le hizo llegar a Padre y Decano los horarios del fin de semana con importantes novedades: \u00abDebido al \u00e9xito de p\u00fablico, Portones [&hellip;]<\/p>\n","protected":false},"author":13,"featured_media":4510,"comment_status":"open","ping_status":"closed","sticky":false,"template":"","format":"standard","meta":{"footnotes":""},"categories":[1],"tags":[54],"yoast_head":"<!-- This site is optimized with the Yoast SEO plugin v23.2 - https:\/\/yoast.com\/wordpress\/plugins\/seo\/ -->\n<title>El \u00e9xito de &quot;Manyas&quot; obliga a hacer m\u00e1s funciones - Padre y Decano - El Sitio del Pueblo<\/title>\n<meta name=\"robots\" content=\"index, follow, max-snippet:-1, max-image-preview:large, max-video-preview:-1\" \/>\n<link rel=\"canonical\" href=\"https:\/\/www.padreydecano.com\/cms\/noticias\/el-exito-de-manyas-obliga-a-hacer-mas-funciones\/\" \/>\n<meta property=\"og:locale\" content=\"es_ES\" \/>\n<meta property=\"og:type\" content=\"article\" \/>\n<meta property=\"og:title\" content=\"El \u00e9xito de &quot;Manyas&quot; obliga a hacer m\u00e1s funciones - Padre y Decano - El Sitio del Pueblo\" \/>\n<meta property=\"og:description\" content=\"No es novedad que \u00abManyas: La Pel\u00edcula\u00bb sea record de taquilla. La hinchada m\u00e1s grande arras\u00f3 los cines en la primera semana de la pel\u00edcula en cartel, y el productor de la pel\u00edcula le hizo llegar a Padre y Decano los horarios del fin de semana con importantes novedades: \u00abDebido al \u00e9xito de p\u00fablico, Portones [&hellip;]\" \/>\n<meta property=\"og:url\" content=\"https:\/\/www.padreydecano.com\/cms\/noticias\/el-exito-de-manyas-obliga-a-hacer-mas-funciones\/\" \/>\n<meta property=\"og:site_name\" content=\"Padre y Decano - El Sitio del Pueblo\" \/>\n<meta property=\"article:published_time\" content=\"2011-10-14T16:17:53+00:00\" \/>\n<meta property=\"article:modified_time\" content=\"2011-10-14T16:25:37+00:00\" \/>\n<meta property=\"og:image\" content=\"https:\/\/www.padreydecano.com\/cms\/wp-content\/uploads\/2011\/10\/Manyas2.jpg\" \/>\n\t<meta property=\"og:image:width\" content=\"800\" \/>\n\t<meta property=\"og:image:height\" content=\"600\" \/>\n\t<meta property=\"og:image:type\" content=\"image\/jpeg\" \/>\n<meta name=\"author\" content=\"Moderador\" \/>\n<meta name=\"twitter:card\" content=\"summary_large_image\" \/>\n<meta name=\"twitter:label1\" content=\"Escrito por\" \/>\n\t<meta name=\"twitter:data1\" content=\"Moderador\" \/>\n\t<meta name=\"twitter:label2\" content=\"Tiempo de lectura\" \/>\n\t<meta name=\"twitter:data2\" content=\"1 minuto\" \/>\n<script type=\"application\/ld+json\" class=\"yoast-schema-graph\">{\"@context\":\"https:\/\/schema.org\",\"@graph\":[{\"@type\":\"Article\",\"@id\":\"https:\/\/www.padreydecano.com\/cms\/noticias\/el-exito-de-manyas-obliga-a-hacer-mas-funciones\/#article\",\"isPartOf\":{\"@id\":\"https:\/\/www.padreydecano.com\/cms\/noticias\/el-exito-de-manyas-obliga-a-hacer-mas-funciones\/\"},\"author\":{\"name\":\"Moderador\",\"@id\":\"https:\/\/www.padreydecano.com\/cms\/#\/schema\/person\/d93e9e537230ae052c194251d9a1def2\"},\"headline\":\"El \u00e9xito de \u00abManyas\u00bb obliga a hacer m\u00e1s funciones\",\"datePublished\":\"2011-10-14T16:17:53+00:00\",\"dateModified\":\"2011-10-14T16:25:37+00:00\",\"mainEntityOfPage\":{\"@id\":\"https:\/\/www.padreydecano.com\/cms\/noticias\/el-exito-de-manyas-obliga-a-hacer-mas-funciones\/\"},\"wordCount\":154,\"commentCount\":13,\"publisher\":{\"@id\":\"https:\/\/www.padreydecano.com\/cms\/#organization\"},\"image\":{\"@id\":\"https:\/\/www.padreydecano.com\/cms\/noticias\/el-exito-de-manyas-obliga-a-hacer-mas-funciones\/#primaryimage\"},\"thumbnailUrl\":\"https:\/\/www.padreydecano.com\/cms\/wp-content\/uploads\/2011\/10\/Manyas2.jpg\",\"keywords\":[\"Manyas: La pel\u00edcula\"],\"articleSection\":[\"Noticias\"],\"inLanguage\":\"es\",\"potentialAction\":[{\"@type\":\"CommentAction\",\"name\":\"Comment\",\"target\":[\"https:\/\/www.padreydecano.com\/cms\/noticias\/el-exito-de-manyas-obliga-a-hacer-mas-funciones\/#respond\"]}]},{\"@type\":\"WebPage\",\"@id\":\"https:\/\/www.padreydecano.com\/cms\/noticias\/el-exito-de-manyas-obliga-a-hacer-mas-funciones\/\",\"url\":\"https:\/\/www.padreydecano.com\/cms\/noticias\/el-exito-de-manyas-obliga-a-hacer-mas-funciones\/\",\"name\":\"El \u00e9xito de \\\"Manyas\\\" obliga a hacer m\u00e1s funciones - Padre y Decano - El Sitio del Pueblo\",\"isPartOf\":{\"@id\":\"https:\/\/www.padreydecano.com\/cms\/#website\"},\"primaryImageOfPage\":{\"@id\":\"https:\/\/www.padreydecano.com\/cms\/noticias\/el-exito-de-manyas-obliga-a-hacer-mas-funciones\/#primaryimage\"},\"image\":{\"@id\":\"https:\/\/www.padreydecano.com\/cms\/noticias\/el-exito-de-manyas-obliga-a-hacer-mas-funciones\/#primaryimage\"},\"thumbnailUrl\":\"https:\/\/www.padreydecano.com\/cms\/wp-content\/uploads\/2011\/10\/Manyas2.jpg\",\"datePublished\":\"2011-10-14T16:17:53+00:00\",\"dateModified\":\"2011-10-14T16:25:37+00:00\",\"breadcrumb\":{\"@id\":\"https:\/\/www.padreydecano.com\/cms\/noticias\/el-exito-de-manyas-obliga-a-hacer-mas-funciones\/#breadcrumb\"},\"inLanguage\":\"es\",\"potentialAction\":[{\"@type\":\"ReadAction\",\"target\":[\"https:\/\/www.padreydecano.com\/cms\/noticias\/el-exito-de-manyas-obliga-a-hacer-mas-funciones\/\"]}]},{\"@type\":\"ImageObject\",\"inLanguage\":\"es\",\"@id\":\"https:\/\/www.padreydecano.com\/cms\/noticias\/el-exito-de-manyas-obliga-a-hacer-mas-funciones\/#primaryimage\",\"url\":\"https:\/\/www.padreydecano.com\/cms\/wp-content\/uploads\/2011\/10\/Manyas2.jpg\",\"contentUrl\":\"https:\/\/www.padreydecano.com\/cms\/wp-content\/uploads\/2011\/10\/Manyas2.jpg\",\"width\":\"800\",\"height\":\"600\"},{\"@type\":\"BreadcrumbList\",\"@id\":\"https:\/\/www.padreydecano.com\/cms\/noticias\/el-exito-de-manyas-obliga-a-hacer-mas-funciones\/#breadcrumb\",\"itemListElement\":[{\"@type\":\"ListItem\",\"position\":1,\"name\":\"Portada\",\"item\":\"https:\/\/www.padreydecano.com\/cms\/\"},{\"@type\":\"ListItem\",\"position\":2,\"name\":\"El \u00e9xito de \u00abManyas\u00bb obliga a hacer m\u00e1s funciones\"}]},{\"@type\":\"WebSite\",\"@id\":\"https:\/\/www.padreydecano.com\/cms\/#website\",\"url\":\"https:\/\/www.padreydecano.com\/cms\/\",\"name\":\"Padre y Decano - El Sitio del Pueblo\",\"description\":\"Club Atl\u00e9tico Pe\u00f1arol\",\"publisher\":{\"@id\":\"https:\/\/www.padreydecano.com\/cms\/#organization\"},\"potentialAction\":[{\"@type\":\"SearchAction\",\"target\":{\"@type\":\"EntryPoint\",\"urlTemplate\":\"https:\/\/www.padreydecano.com\/cms\/?s={search_term_string}\"},\"query-input\":\"required name=search_term_string\"}],\"inLanguage\":\"es\"},{\"@type\":\"Organization\",\"@id\":\"https:\/\/www.padreydecano.com\/cms\/#organization\",\"name\":\"Padre y Decano\",\"url\":\"https:\/\/www.padreydecano.com\/cms\/\",\"logo\":{\"@type\":\"ImageObject\",\"inLanguage\":\"es\",\"@id\":\"https:\/\/www.padreydecano.com\/cms\/#\/schema\/logo\/image\/\",\"url\":\"https:\/\/www.padreydecano.com\/cms\/wp-content\/uploads\/2022\/01\/avatar-square.png\",\"contentUrl\":\"https:\/\/www.padreydecano.com\/cms\/wp-content\/uploads\/2022\/01\/avatar-square.png\",\"width\":1500,\"height\":1500,\"caption\":\"Padre y Decano\"},\"image\":{\"@id\":\"https:\/\/www.padreydecano.com\/cms\/#\/schema\/logo\/image\/\"}},{\"@type\":\"Person\",\"@id\":\"https:\/\/www.padreydecano.com\/cms\/#\/schema\/person\/d93e9e537230ae052c194251d9a1def2\",\"name\":\"Moderador\",\"image\":{\"@type\":\"ImageObject\",\"inLanguage\":\"es\",\"@id\":\"https:\/\/www.padreydecano.com\/cms\/#\/schema\/person\/image\/\",\"url\":\"https:\/\/secure.gravatar.com\/avatar\/2587727bf8a53bd3da4ec49f01bea66e?s=96&d=https%3A%2F%2Fpadreydecano.com%2Fcms%2Fwp-content%2Fthemes%2Fpyd-theme%2Fimg%2Fdefault-avatar.png&r=g\",\"contentUrl\":\"https:\/\/secure.gravatar.com\/avatar\/2587727bf8a53bd3da4ec49f01bea66e?s=96&d=https%3A%2F%2Fpadreydecano.com%2Fcms%2Fwp-content%2Fthemes%2Fpyd-theme%2Fimg%2Fdefault-avatar.png&r=g\",\"caption\":\"Moderador\"}}]}<\/script>\n<!-- \/ Yoast SEO plugin. -->","yoast_head_json":{"title":"El \u00e9xito de \"Manyas\" obliga a hacer m\u00e1s funciones - Padre y Decano - El Sitio del Pueblo","robots":{"index":"index","follow":"follow","max-snippet":"max-snippet:-1","max-image-preview":"max-image-preview:large","max-video-preview":"max-video-preview:-1"},"canonical":"https:\/\/www.padreydecano.com\/cms\/noticias\/el-exito-de-manyas-obliga-a-hacer-mas-funciones\/","og_locale":"es_ES","og_type":"article","og_title":"El \u00e9xito de \"Manyas\" obliga a hacer m\u00e1s funciones - Padre y Decano - El Sitio del Pueblo","og_description":"No es novedad que \u00abManyas: La Pel\u00edcula\u00bb sea record de taquilla. La hinchada m\u00e1s grande arras\u00f3 los cines en la primera semana de la pel\u00edcula en cartel, y el productor de la pel\u00edcula le hizo llegar a Padre y Decano los horarios del fin de semana con importantes novedades: \u00abDebido al \u00e9xito de p\u00fablico, Portones [&hellip;]","og_url":"https:\/\/www.padreydecano.com\/cms\/noticias\/el-exito-de-manyas-obliga-a-hacer-mas-funciones\/","og_site_name":"Padre y Decano - El Sitio del Pueblo","article_published_time":"2011-10-14T16:17:53+00:00","article_modified_time":"2011-10-14T16:25:37+00:00","og_image":[{"width":800,"height":600,"url":"https:\/\/www.padreydecano.com\/cms\/wp-content\/uploads\/2011\/10\/Manyas2.jpg","type":"image\/jpeg"}],"author":"Moderador","twitter_card":"summary_large_image","twitter_misc":{"Escrito por":"Moderador","Tiempo de lectura":"1 minuto"},"schema":{"@context":"https:\/\/schema.org","@graph":[{"@type":"Article","@id":"https:\/\/www.padreydecano.com\/cms\/noticias\/el-exito-de-manyas-obliga-a-hacer-mas-funciones\/#article","isPartOf":{"@id":"https:\/\/www.padreydecano.com\/cms\/noticias\/el-exito-de-manyas-obliga-a-hacer-mas-funciones\/"},"author":{"name":"Moderador","@id":"https:\/\/www.padreydecano.com\/cms\/#\/schema\/person\/d93e9e537230ae052c194251d9a1def2"},"headline":"El \u00e9xito de \u00abManyas\u00bb obliga a hacer m\u00e1s funciones","datePublished":"2011-10-14T16:17:53+00:00","dateModified":"2011-10-14T16:25:37+00:00","mainEntityOfPage":{"@id":"https:\/\/www.padreydecano.com\/cms\/noticias\/el-exito-de-manyas-obliga-a-hacer-mas-funciones\/"},"wordCount":154,"commentCount":13,"publisher":{"@id":"https:\/\/www.padreydecano.com\/cms\/#organization"},"image":{"@id":"https:\/\/www.padreydecano.com\/cms\/noticias\/el-exito-de-manyas-obliga-a-hacer-mas-funciones\/#primaryimage"},"thumbnailUrl":"https:\/\/www.padreydecano.com\/cms\/wp-content\/uploads\/2011\/10\/Manyas2.jpg","keywords":["Manyas: La pel\u00edcula"],"articleSection":["Noticias"],"inLanguage":"es","potentialAction":[{"@type":"CommentAction","name":"Comment","target":["https:\/\/www.padreydecano.com\/cms\/noticias\/el-exito-de-manyas-obliga-a-hacer-mas-funciones\/#respond"]}]},{"@type":"WebPage","@id":"https:\/\/www.padreydecano.com\/cms\/noticias\/el-exito-de-manyas-obliga-a-hacer-mas-funciones\/","url":"https:\/\/www.padreydecano.com\/cms\/noticias\/el-exito-de-manyas-obliga-a-hacer-mas-funciones\/","name":"El \u00e9xito de \"Manyas\" obliga a hacer m\u00e1s funciones - Padre y Decano - El Sitio del Pueblo","isPartOf":{"@id":"https:\/\/www.padreydecano.com\/cms\/#website"},"primaryImageOfPage":{"@id":"https:\/\/www.padreydecano.com\/cms\/noticias\/el-exito-de-manyas-obliga-a-hacer-mas-funciones\/#primaryimage"},"image":{"@id":"https:\/\/www.padreydecano.com\/cms\/noticias\/el-exito-de-manyas-obliga-a-hacer-mas-funciones\/#primaryimage"},"thumbnailUrl":"https:\/\/www.padreydecano.com\/cms\/wp-content\/uploads\/2011\/10\/Manyas2.jpg","datePublished":"2011-10-14T16:17:53+00:00","dateModified":"2011-10-14T16:25:37+00:00","breadcrumb":{"@id":"https:\/\/www.padreydecano.com\/cms\/noticias\/el-exito-de-manyas-obliga-a-hacer-mas-funciones\/#breadcrumb"},"inLanguage":"es","potentialAction":[{"@type":"ReadAction","target":["https:\/\/www.padreydecano.com\/cms\/noticias\/el-exito-de-manyas-obliga-a-hacer-mas-funciones\/"]}]},{"@type":"ImageObject","inLanguage":"es","@id":"https:\/\/www.padreydecano.com\/cms\/noticias\/el-exito-de-manyas-obliga-a-hacer-mas-funciones\/#primaryimage","url":"https:\/\/www.padreydecano.com\/cms\/wp-content\/uploads\/2011\/10\/Manyas2.jpg","contentUrl":"https:\/\/www.padreydecano.com\/cms\/wp-content\/uploads\/2011\/10\/Manyas2.jpg","width":"800","height":"600"},{"@type":"BreadcrumbList","@id":"https:\/\/www.padreydecano.com\/cms\/noticias\/el-exito-de-manyas-obliga-a-hacer-mas-funciones\/#breadcrumb","itemListElement":[{"@type":"ListItem","position":1,"name":"Portada","item":"https:\/\/www.padreydecano.com\/cms\/"},{"@type":"ListItem","position":2,"name":"El \u00e9xito de \u00abManyas\u00bb obliga a hacer m\u00e1s funciones"}]},{"@type":"WebSite","@id":"https:\/\/www.padreydecano.com\/cms\/#website","url":"https:\/\/www.padreydecano.com\/cms\/","name":"Padre y Decano - El Sitio del Pueblo","description":"Club Atl\u00e9tico Pe\u00f1arol","publisher":{"@id":"https:\/\/www.padreydecano.com\/cms\/#organization"},"potentialAction":[{"@type":"SearchAction","target":{"@type":"EntryPoint","urlTemplate":"https:\/\/www.padreydecano.com\/cms\/?s={search_term_string}"},"query-input":"required name=search_term_string"}],"inLanguage":"es"},{"@type":"Organization","@id":"https:\/\/www.padreydecano.com\/cms\/#organization","name":"Padre y Decano","url":"https:\/\/www.padreydecano.com\/cms\/","logo":{"@type":"ImageObject","inLanguage":"es","@id":"https:\/\/www.padreydecano.com\/cms\/#\/schema\/logo\/image\/","url":"https:\/\/www.padreydecano.com\/cms\/wp-content\/uploads\/2022\/01\/avatar-square.png","contentUrl":"https:\/\/www.padreydecano.com\/cms\/wp-content\/uploads\/2022\/01\/avatar-square.png","width":1500,"height":1500,"caption":"Padre y Decano"},"image":{"@id":"https:\/\/www.padreydecano.com\/cms\/#\/schema\/logo\/image\/"}},{"@type":"Person","@id":"https:\/\/www.padreydecano.com\/cms\/#\/schema\/person\/d93e9e537230ae052c194251d9a1def2","name":"Moderador","image":{"@type":"ImageObject","inLanguage":"es","@id":"https:\/\/www.padreydecano.com\/cms\/#\/schema\/person\/image\/","url":"https:\/\/secure.gravatar.com\/avatar\/2587727bf8a53bd3da4ec49f01bea66e?s=96&d=https%3A%2F%2Fpadreydecano.com%2Fcms%2Fwp-content%2Fthemes%2Fpyd-theme%2Fimg%2Fdefault-avatar.png&r=g","contentUrl":"https:\/\/secure.gravatar.com\/avatar\/2587727bf8a53bd3da4ec49f01bea66e?s=96&d=https%3A%2F%2Fpadreydecano.com%2Fcms%2Fwp-content%2Fthemes%2Fpyd-theme%2Fimg%2Fdefault-avatar.png&r=g","caption":"Moderador"}}]}},"_links":{"self":[{"href":"https:\/\/www.padreydecano.com\/cms\/wp-json\/wp\/v2\/posts\/5688"}],"collection":[{"href":"https:\/\/www.padreydecano.com\/cms\/wp-json\/wp\/v2\/posts"}],"about":[{"href":"https:\/\/www.padreydecano.com\/cms\/wp-json\/wp\/v2\/types\/post"}],"author":[{"embeddable":true,"href":"https:\/\/www.padreydecano.com\/cms\/wp-json\/wp\/v2\/users\/13"}],"replies":[{"embeddable":true,"href":"https:\/\/www.padreydecano.com\/cms\/wp-json\/wp\/v2\/comments?post=5688"}],"version-history":[{"count":0,"href":"https:\/\/www.padreydecano.com\/cms\/wp-json\/wp\/v2\/posts\/5688\/revisions"}],"wp:featuredmedia":[{"embeddable":true,"href":"https:\/\/www.padreydecano.com\/cms\/wp-json\/wp\/v2\/media\/4510"}],"wp:attachment":[{"href":"https:\/\/www.padreydecano.com\/cms\/wp-json\/wp\/v2\/media?parent=5688"}],"wp:term":[{"taxonomy":"category","embeddable":true,"href":"https:\/\/www.padreydecano.com\/cms\/wp-json\/wp\/v2\/categories?post=5688"},{"taxonomy":"post_tag","embeddable":true,"href":"https:\/\/www.padreydecano.com\/cms\/wp-json\/wp\/v2\/tags?post=5688"}],"curies":[{"name":"wp","href":"https:\/\/api.w.org\/{rel}","templated":true}]}}