{"id":56131,"date":"2016-01-11T11:00:59","date_gmt":"2016-01-11T14:00:59","guid":{"rendered":"http:\/\/www.padreydecano.com\/cms\/?p=56131"},"modified":"2016-01-11T11:12:25","modified_gmt":"2016-01-11T14:12:25","slug":"aufi-llamado-a-aspirantes-2016","status":"publish","type":"post","link":"https:\/\/www.padreydecano.com\/cms\/formativas\/aufi-llamado-a-aspirantes-2016\/","title":{"rendered":"AUFI: Llamado a aspirantes (2016)"},"content":{"rendered":"<p style=\"text-align: justify;\"><strong><a href=\"https:\/\/www.padreydecano.com\/cms\/wp-content\/uploads\/2015\/12\/12063539_10207667798191159_4262225026301670448_n.jpg\" rel=\"shadowbox[sbpost-56131];player=img;\"><img loading=\"lazy\" decoding=\"async\" class=\"aligncenter wp-image-56132 size-full\" src=\"https:\/\/www.padreydecano.com\/cms\/wp-content\/uploads\/2015\/12\/12063539_10207667798191159_4262225026301670448_n-e1451101233707.jpg\" alt=\"Aspirantes AUFI\" width=\"605\" height=\"403\" \/><\/a><br \/>\nComienzan los llamados a aspirantes para jugar en Pe\u00f1arol (AUFI).<\/strong> El llamado es para ni\u00f1os categor\u00eda 2010, 2009, 2008, 2007, 2006, 2005, 2004 y 2003 que quieran jugar en Pe\u00f1arol.<\/p>\n<p style=\"text-align: justify;\">Todos los interesados en jugar en el <a title=\"Decanato\" href=\"https:\/\/www.padreydecano.com\/cms\/penarol-decano-futbol-uruguayo\/\" target=\"_blank\">Decano del F\u00fatbol Uruguayo<\/a> tienen su oportunidad de probarse y\u00a0ser parte del plantel de AUFI.<\/p>\n<p style=\"text-align: justify;\"><strong>La captaci\u00f3n se realizar\u00e1 los siguientes d\u00edas y horarios seg\u00fan la categor\u00eda, en Las Acacias (Possolo 4097):<\/strong><\/p>\n<ul style=\"text-align: justify;\">\n<li><strong>Categor\u00eda 2006, 2007, 2008, 2009 y 2010:<\/strong>\u00a0lunes, mi\u00e9rcoles y viernes a las 18:30 hs comenzando el lunes 11 de enero.<\/li>\n<li><strong>Categor\u00eda 2003, 2004 y 2005:<\/strong>\u00a0lunes, mi\u00e9rcoles y viernes a las 20:00 hs comenzando el lunes 11 de enero.<\/li>\n<\/ul>\n<p style=\"text-align: justify;\">Es importante que los ni\u00f1os est\u00e9n prontos para entrenar en hora y con la vestimenta adecuada.\u00a0Por cualquier otra consulta comunicarse v\u00eda mail a <strong>rolaro@adinet.com.uy<\/strong><\/p>\n","protected":false},"excerpt":{"rendered":"<p>Comienzan los llamados a aspirantes para jugar en Pe\u00f1arol (AUFI). El llamado es para ni\u00f1os categor\u00eda 2010, 2009, 2008, 2007, 2006, 2005, 2004 y 2003 que quieran jugar en Pe\u00f1arol. Todos los interesados en jugar en el Decano del F\u00fatbol Uruguayo tienen su oportunidad de probarse y\u00a0ser parte del plantel de AUFI. La captaci\u00f3n se [&hellip;]<\/p>\n","protected":false},"author":2,"featured_media":0,"comment_status":"open","ping_status":"closed","sticky":false,"template":"","format":"standard","meta":{"footnotes":""},"categories":[40],"tags":[128],"yoast_head":"<!-- This site is optimized with the Yoast SEO plugin v23.2 - https:\/\/yoast.com\/wordpress\/plugins\/seo\/ -->\n<title>AUFI: Llamado a aspirantes (2016) - Padre y Decano - El Sitio del Pueblo<\/title>\n<meta name=\"robots\" content=\"index, follow, max-snippet:-1, max-image-preview:large, max-video-preview:-1\" \/>\n<link rel=\"canonical\" href=\"https:\/\/www.padreydecano.com\/cms\/formativas\/aufi-llamado-a-aspirantes-2016\/\" \/>\n<meta property=\"og:locale\" content=\"es_ES\" \/>\n<meta property=\"og:type\" content=\"article\" \/>\n<meta property=\"og:title\" content=\"AUFI: Llamado a aspirantes (2016) - Padre y Decano - El Sitio del Pueblo\" \/>\n<meta property=\"og:description\" content=\"Comienzan los llamados a aspirantes para jugar en Pe\u00f1arol (AUFI). El llamado es para ni\u00f1os categor\u00eda 2010, 2009, 2008, 2007, 2006, 2005, 2004 y 2003 que quieran jugar en Pe\u00f1arol. Todos los interesados en jugar en el Decano del F\u00fatbol Uruguayo tienen su oportunidad de probarse y\u00a0ser parte del plantel de AUFI. La captaci\u00f3n se [&hellip;]\" \/>\n<meta property=\"og:url\" content=\"https:\/\/www.padreydecano.com\/cms\/formativas\/aufi-llamado-a-aspirantes-2016\/\" \/>\n<meta property=\"og:site_name\" content=\"Padre y Decano - El Sitio del Pueblo\" \/>\n<meta property=\"article:published_time\" content=\"2016-01-11T14:00:59+00:00\" \/>\n<meta property=\"article:modified_time\" content=\"2016-01-11T14:12:25+00:00\" \/>\n<meta property=\"og:image\" content=\"http:\/\/www.padreydecano.com\/cms\/wp-content\/uploads\/2015\/12\/12063539_10207667798191159_4262225026301670448_n-e1451101233707.jpg\" \/>\n<meta name=\"author\" content=\"Gonzalo16\" \/>\n<meta name=\"twitter:card\" content=\"summary_large_image\" \/>\n<meta name=\"twitter:label1\" content=\"Escrito por\" \/>\n\t<meta name=\"twitter:data1\" content=\"Gonzalo16\" \/>\n\t<meta name=\"twitter:label2\" content=\"Tiempo de lectura\" \/>\n\t<meta name=\"twitter:data2\" content=\"1 minuto\" \/>\n<script type=\"application\/ld+json\" class=\"yoast-schema-graph\">{\"@context\":\"https:\/\/schema.org\",\"@graph\":[{\"@type\":\"Article\",\"@id\":\"https:\/\/www.padreydecano.com\/cms\/formativas\/aufi-llamado-a-aspirantes-2016\/#article\",\"isPartOf\":{\"@id\":\"https:\/\/www.padreydecano.com\/cms\/formativas\/aufi-llamado-a-aspirantes-2016\/\"},\"author\":{\"name\":\"Gonzalo16\",\"@id\":\"https:\/\/www.padreydecano.com\/cms\/#\/schema\/person\/7fe41e3e335700ebd387196df2f9a8d4\"},\"headline\":\"AUFI: Llamado a aspirantes (2016)\",\"datePublished\":\"2016-01-11T14:00:59+00:00\",\"dateModified\":\"2016-01-11T14:12:25+00:00\",\"mainEntityOfPage\":{\"@id\":\"https:\/\/www.padreydecano.com\/cms\/formativas\/aufi-llamado-a-aspirantes-2016\/\"},\"wordCount\":137,\"commentCount\":90,\"publisher\":{\"@id\":\"https:\/\/www.padreydecano.com\/cms\/#organization\"},\"image\":{\"@id\":\"https:\/\/www.padreydecano.com\/cms\/formativas\/aufi-llamado-a-aspirantes-2016\/#primaryimage\"},\"thumbnailUrl\":\"http:\/\/www.padreydecano.com\/cms\/wp-content\/uploads\/2015\/12\/12063539_10207667798191159_4262225026301670448_n-e1451101233707.jpg\",\"keywords\":[\"AUFI\"],\"articleSection\":[\"Formativas\"],\"inLanguage\":\"es\",\"potentialAction\":[{\"@type\":\"CommentAction\",\"name\":\"Comment\",\"target\":[\"https:\/\/www.padreydecano.com\/cms\/formativas\/aufi-llamado-a-aspirantes-2016\/#respond\"]}]},{\"@type\":\"WebPage\",\"@id\":\"https:\/\/www.padreydecano.com\/cms\/formativas\/aufi-llamado-a-aspirantes-2016\/\",\"url\":\"https:\/\/www.padreydecano.com\/cms\/formativas\/aufi-llamado-a-aspirantes-2016\/\",\"name\":\"AUFI: Llamado a aspirantes (2016) - Padre y Decano - El Sitio del Pueblo\",\"isPartOf\":{\"@id\":\"https:\/\/www.padreydecano.com\/cms\/#website\"},\"primaryImageOfPage\":{\"@id\":\"https:\/\/www.padreydecano.com\/cms\/formativas\/aufi-llamado-a-aspirantes-2016\/#primaryimage\"},\"image\":{\"@id\":\"https:\/\/www.padreydecano.com\/cms\/formativas\/aufi-llamado-a-aspirantes-2016\/#primaryimage\"},\"thumbnailUrl\":\"http:\/\/www.padreydecano.com\/cms\/wp-content\/uploads\/2015\/12\/12063539_10207667798191159_4262225026301670448_n-e1451101233707.jpg\",\"datePublished\":\"2016-01-11T14:00:59+00:00\",\"dateModified\":\"2016-01-11T14:12:25+00:00\",\"breadcrumb\":{\"@id\":\"https:\/\/www.padreydecano.com\/cms\/formativas\/aufi-llamado-a-aspirantes-2016\/#breadcrumb\"},\"inLanguage\":\"es\",\"potentialAction\":[{\"@type\":\"ReadAction\",\"target\":[\"https:\/\/www.padreydecano.com\/cms\/formativas\/aufi-llamado-a-aspirantes-2016\/\"]}]},{\"@type\":\"ImageObject\",\"inLanguage\":\"es\",\"@id\":\"https:\/\/www.padreydecano.com\/cms\/formativas\/aufi-llamado-a-aspirantes-2016\/#primaryimage\",\"url\":\"http:\/\/www.padreydecano.com\/cms\/wp-content\/uploads\/2015\/12\/12063539_10207667798191159_4262225026301670448_n-e1451101233707.jpg\",\"contentUrl\":\"http:\/\/www.padreydecano.com\/cms\/wp-content\/uploads\/2015\/12\/12063539_10207667798191159_4262225026301670448_n-e1451101233707.jpg\"},{\"@type\":\"BreadcrumbList\",\"@id\":\"https:\/\/www.padreydecano.com\/cms\/formativas\/aufi-llamado-a-aspirantes-2016\/#breadcrumb\",\"itemListElement\":[{\"@type\":\"ListItem\",\"position\":1,\"name\":\"Portada\",\"item\":\"https:\/\/www.padreydecano.com\/cms\/\"},{\"@type\":\"ListItem\",\"position\":2,\"name\":\"AUFI: Llamado a aspirantes (2016)\"}]},{\"@type\":\"WebSite\",\"@id\":\"https:\/\/www.padreydecano.com\/cms\/#website\",\"url\":\"https:\/\/www.padreydecano.com\/cms\/\",\"name\":\"Padre y Decano - El Sitio del Pueblo\",\"description\":\"Club Atl\u00e9tico Pe\u00f1arol\",\"publisher\":{\"@id\":\"https:\/\/www.padreydecano.com\/cms\/#organization\"},\"potentialAction\":[{\"@type\":\"SearchAction\",\"target\":{\"@type\":\"EntryPoint\",\"urlTemplate\":\"https:\/\/www.padreydecano.com\/cms\/?s={search_term_string}\"},\"query-input\":\"required name=search_term_string\"}],\"inLanguage\":\"es\"},{\"@type\":\"Organization\",\"@id\":\"https:\/\/www.padreydecano.com\/cms\/#organization\",\"name\":\"Padre y Decano\",\"url\":\"https:\/\/www.padreydecano.com\/cms\/\",\"logo\":{\"@type\":\"ImageObject\",\"inLanguage\":\"es\",\"@id\":\"https:\/\/www.padreydecano.com\/cms\/#\/schema\/logo\/image\/\",\"url\":\"https:\/\/www.padreydecano.com\/cms\/wp-content\/uploads\/2022\/01\/avatar-square.png\",\"contentUrl\":\"https:\/\/www.padreydecano.com\/cms\/wp-content\/uploads\/2022\/01\/avatar-square.png\",\"width\":1500,\"height\":1500,\"caption\":\"Padre y Decano\"},\"image\":{\"@id\":\"https:\/\/www.padreydecano.com\/cms\/#\/schema\/logo\/image\/\"}},{\"@type\":\"Person\",\"@id\":\"https:\/\/www.padreydecano.com\/cms\/#\/schema\/person\/7fe41e3e335700ebd387196df2f9a8d4\",\"name\":\"Gonzalo16\",\"image\":{\"@type\":\"ImageObject\",\"inLanguage\":\"es\",\"@id\":\"https:\/\/www.padreydecano.com\/cms\/#\/schema\/person\/image\/\",\"url\":\"https:\/\/secure.gravatar.com\/avatar\/4d5cdd49803a2313c01f77e3dfc05d81?s=96&d=https%3A%2F%2Fpadreydecano.com%2Fcms%2Fwp-content%2Fthemes%2Fpyd-theme%2Fimg%2Fdefault-avatar.png&r=g\",\"contentUrl\":\"https:\/\/secure.gravatar.com\/avatar\/4d5cdd49803a2313c01f77e3dfc05d81?s=96&d=https%3A%2F%2Fpadreydecano.com%2Fcms%2Fwp-content%2Fthemes%2Fpyd-theme%2Fimg%2Fdefault-avatar.png&r=g\",\"caption\":\"Gonzalo16\"}}]}<\/script>\n<!-- \/ Yoast SEO plugin. -->","yoast_head_json":{"title":"AUFI: Llamado a aspirantes (2016) - Padre y Decano - El Sitio del Pueblo","robots":{"index":"index","follow":"follow","max-snippet":"max-snippet:-1","max-image-preview":"max-image-preview:large","max-video-preview":"max-video-preview:-1"},"canonical":"https:\/\/www.padreydecano.com\/cms\/formativas\/aufi-llamado-a-aspirantes-2016\/","og_locale":"es_ES","og_type":"article","og_title":"AUFI: Llamado a aspirantes (2016) - Padre y Decano - El Sitio del Pueblo","og_description":"Comienzan los llamados a aspirantes para jugar en Pe\u00f1arol (AUFI). El llamado es para ni\u00f1os categor\u00eda 2010, 2009, 2008, 2007, 2006, 2005, 2004 y 2003 que quieran jugar en Pe\u00f1arol. Todos los interesados en jugar en el Decano del F\u00fatbol Uruguayo tienen su oportunidad de probarse y\u00a0ser parte del plantel de AUFI. La captaci\u00f3n se [&hellip;]","og_url":"https:\/\/www.padreydecano.com\/cms\/formativas\/aufi-llamado-a-aspirantes-2016\/","og_site_name":"Padre y Decano - El Sitio del Pueblo","article_published_time":"2016-01-11T14:00:59+00:00","article_modified_time":"2016-01-11T14:12:25+00:00","og_image":[{"url":"http:\/\/www.padreydecano.com\/cms\/wp-content\/uploads\/2015\/12\/12063539_10207667798191159_4262225026301670448_n-e1451101233707.jpg"}],"author":"Gonzalo16","twitter_card":"summary_large_image","twitter_misc":{"Escrito por":"Gonzalo16","Tiempo de lectura":"1 minuto"},"schema":{"@context":"https:\/\/schema.org","@graph":[{"@type":"Article","@id":"https:\/\/www.padreydecano.com\/cms\/formativas\/aufi-llamado-a-aspirantes-2016\/#article","isPartOf":{"@id":"https:\/\/www.padreydecano.com\/cms\/formativas\/aufi-llamado-a-aspirantes-2016\/"},"author":{"name":"Gonzalo16","@id":"https:\/\/www.padreydecano.com\/cms\/#\/schema\/person\/7fe41e3e335700ebd387196df2f9a8d4"},"headline":"AUFI: Llamado a aspirantes (2016)","datePublished":"2016-01-11T14:00:59+00:00","dateModified":"2016-01-11T14:12:25+00:00","mainEntityOfPage":{"@id":"https:\/\/www.padreydecano.com\/cms\/formativas\/aufi-llamado-a-aspirantes-2016\/"},"wordCount":137,"commentCount":90,"publisher":{"@id":"https:\/\/www.padreydecano.com\/cms\/#organization"},"image":{"@id":"https:\/\/www.padreydecano.com\/cms\/formativas\/aufi-llamado-a-aspirantes-2016\/#primaryimage"},"thumbnailUrl":"http:\/\/www.padreydecano.com\/cms\/wp-content\/uploads\/2015\/12\/12063539_10207667798191159_4262225026301670448_n-e1451101233707.jpg","keywords":["AUFI"],"articleSection":["Formativas"],"inLanguage":"es","potentialAction":[{"@type":"CommentAction","name":"Comment","target":["https:\/\/www.padreydecano.com\/cms\/formativas\/aufi-llamado-a-aspirantes-2016\/#respond"]}]},{"@type":"WebPage","@id":"https:\/\/www.padreydecano.com\/cms\/formativas\/aufi-llamado-a-aspirantes-2016\/","url":"https:\/\/www.padreydecano.com\/cms\/formativas\/aufi-llamado-a-aspirantes-2016\/","name":"AUFI: Llamado a aspirantes (2016) - Padre y Decano - El Sitio del Pueblo","isPartOf":{"@id":"https:\/\/www.padreydecano.com\/cms\/#website"},"primaryImageOfPage":{"@id":"https:\/\/www.padreydecano.com\/cms\/formativas\/aufi-llamado-a-aspirantes-2016\/#primaryimage"},"image":{"@id":"https:\/\/www.padreydecano.com\/cms\/formativas\/aufi-llamado-a-aspirantes-2016\/#primaryimage"},"thumbnailUrl":"http:\/\/www.padreydecano.com\/cms\/wp-content\/uploads\/2015\/12\/12063539_10207667798191159_4262225026301670448_n-e1451101233707.jpg","datePublished":"2016-01-11T14:00:59+00:00","dateModified":"2016-01-11T14:12:25+00:00","breadcrumb":{"@id":"https:\/\/www.padreydecano.com\/cms\/formativas\/aufi-llamado-a-aspirantes-2016\/#breadcrumb"},"inLanguage":"es","potentialAction":[{"@type":"ReadAction","target":["https:\/\/www.padreydecano.com\/cms\/formativas\/aufi-llamado-a-aspirantes-2016\/"]}]},{"@type":"ImageObject","inLanguage":"es","@id":"https:\/\/www.padreydecano.com\/cms\/formativas\/aufi-llamado-a-aspirantes-2016\/#primaryimage","url":"http:\/\/www.padreydecano.com\/cms\/wp-content\/uploads\/2015\/12\/12063539_10207667798191159_4262225026301670448_n-e1451101233707.jpg","contentUrl":"http:\/\/www.padreydecano.com\/cms\/wp-content\/uploads\/2015\/12\/12063539_10207667798191159_4262225026301670448_n-e1451101233707.jpg"},{"@type":"BreadcrumbList","@id":"https:\/\/www.padreydecano.com\/cms\/formativas\/aufi-llamado-a-aspirantes-2016\/#breadcrumb","itemListElement":[{"@type":"ListItem","position":1,"name":"Portada","item":"https:\/\/www.padreydecano.com\/cms\/"},{"@type":"ListItem","position":2,"name":"AUFI: Llamado a aspirantes (2016)"}]},{"@type":"WebSite","@id":"https:\/\/www.padreydecano.com\/cms\/#website","url":"https:\/\/www.padreydecano.com\/cms\/","name":"Padre y Decano - El Sitio del Pueblo","description":"Club Atl\u00e9tico Pe\u00f1arol","publisher":{"@id":"https:\/\/www.padreydecano.com\/cms\/#organization"},"potentialAction":[{"@type":"SearchAction","target":{"@type":"EntryPoint","urlTemplate":"https:\/\/www.padreydecano.com\/cms\/?s={search_term_string}"},"query-input":"required name=search_term_string"}],"inLanguage":"es"},{"@type":"Organization","@id":"https:\/\/www.padreydecano.com\/cms\/#organization","name":"Padre y Decano","url":"https:\/\/www.padreydecano.com\/cms\/","logo":{"@type":"ImageObject","inLanguage":"es","@id":"https:\/\/www.padreydecano.com\/cms\/#\/schema\/logo\/image\/","url":"https:\/\/www.padreydecano.com\/cms\/wp-content\/uploads\/2022\/01\/avatar-square.png","contentUrl":"https:\/\/www.padreydecano.com\/cms\/wp-content\/uploads\/2022\/01\/avatar-square.png","width":1500,"height":1500,"caption":"Padre y Decano"},"image":{"@id":"https:\/\/www.padreydecano.com\/cms\/#\/schema\/logo\/image\/"}},{"@type":"Person","@id":"https:\/\/www.padreydecano.com\/cms\/#\/schema\/person\/7fe41e3e335700ebd387196df2f9a8d4","name":"Gonzalo16","image":{"@type":"ImageObject","inLanguage":"es","@id":"https:\/\/www.padreydecano.com\/cms\/#\/schema\/person\/image\/","url":"https:\/\/secure.gravatar.com\/avatar\/4d5cdd49803a2313c01f77e3dfc05d81?s=96&d=https%3A%2F%2Fpadreydecano.com%2Fcms%2Fwp-content%2Fthemes%2Fpyd-theme%2Fimg%2Fdefault-avatar.png&r=g","contentUrl":"https:\/\/secure.gravatar.com\/avatar\/4d5cdd49803a2313c01f77e3dfc05d81?s=96&d=https%3A%2F%2Fpadreydecano.com%2Fcms%2Fwp-content%2Fthemes%2Fpyd-theme%2Fimg%2Fdefault-avatar.png&r=g","caption":"Gonzalo16"}}]}},"_links":{"self":[{"href":"https:\/\/www.padreydecano.com\/cms\/wp-json\/wp\/v2\/posts\/56131"}],"collection":[{"href":"https:\/\/www.padreydecano.com\/cms\/wp-json\/wp\/v2\/posts"}],"about":[{"href":"https:\/\/www.padreydecano.com\/cms\/wp-json\/wp\/v2\/types\/post"}],"author":[{"embeddable":true,"href":"https:\/\/www.padreydecano.com\/cms\/wp-json\/wp\/v2\/users\/2"}],"replies":[{"embeddable":true,"href":"https:\/\/www.padreydecano.com\/cms\/wp-json\/wp\/v2\/comments?post=56131"}],"version-history":[{"count":0,"href":"https:\/\/www.padreydecano.com\/cms\/wp-json\/wp\/v2\/posts\/56131\/revisions"}],"wp:attachment":[{"href":"https:\/\/www.padreydecano.com\/cms\/wp-json\/wp\/v2\/media?parent=56131"}],"wp:term":[{"taxonomy":"category","embeddable":true,"href":"https:\/\/www.padreydecano.com\/cms\/wp-json\/wp\/v2\/categories?post=56131"},{"taxonomy":"post_tag","embeddable":true,"href":"https:\/\/www.padreydecano.com\/cms\/wp-json\/wp\/v2\/tags?post=56131"}],"curies":[{"name":"wp","href":"https:\/\/api.w.org\/{rel}","templated":true}]}}